{"id":5976,"date":"2019-11-04T20:03:12","date_gmt":"2019-11-04T20:03:12","guid":{"rendered":"https:\/\/jornaldasoficinas.com\/pt\/?p=5976"},"modified":"2023-07-19T15:58:20","modified_gmt":"2023-07-19T14:58:20","slug":"o-uniraid-esta-ai-e-a-mpg-team-prepara-se-para-o-enfrentar","status":"publish","type":"post","link":"https:\/\/jornaldasoficinas.com\/pt\/o-uniraid-esta-ai-e-a-mpg-team-prepara-se-para-o-enfrentar\/","title":{"rendered":"UNIRAID est\u00e1 a\u00ed e MPG Team prepara-se para o desafio"},"content":{"rendered":"<p><img loading=\"lazy\" decoding=\"async\" class=\"alignnone size-full wp-image-5971\" src=\"https:\/\/jornaldasoficinas.com\/pt\/wp-content\/uploads\/2019\/11\/uniraid.jpg\" alt=\"11 - uniraid\" width=\"1024\" height=\"581\" srcset=\"https:\/\/jornaldasoficinas.com\/pt\/wp-content\/uploads\/2019\/11\/uniraid.jpg 1024w, https:\/\/jornaldasoficinas.com\/pt\/wp-content\/uploads\/2019\/11\/uniraid-150x85.jpg 150w, https:\/\/jornaldasoficinas.com\/pt\/wp-content\/uploads\/2019\/11\/uniraid-300x170.jpg 300w, https:\/\/jornaldasoficinas.com\/pt\/wp-content\/uploads\/2019\/11\/uniraid-768x436.jpg 768w\" sizes=\"auto, (max-width: 1024px) 100vw, 1024px\" \/><\/p>\n<p><strong>Seis amigos, estudantes universit\u00e1rios, tr\u00eas carros com mais de 20 anos e o deserto pela frente. A MPG Team vai partir rumo ao UNIRAID e o objetivo n\u00e3o podia ser mais nobre.<\/strong><\/p>\n<p>O UNIRAID trata-se de um rali que junta 300 estudantes universit\u00e1rios, portugueses e espanh\u00f3is, em 150 carros com mais de 20 anos.<\/p>\n<p>O objetivo n\u00e3o \u00e9 chegar primeiro, mas que cada carro entregue, no m\u00ednimo, 40 kg de bens, como roupa e material escolar, entre outras coisas, que ser\u00e3o distribu\u00eddos pelas crian\u00e7as africanas das aldeias e escolas por onde a &#8220;caravana&#8221; passar.<\/p>\n<p>A <a href=\"https:\/\/www.facebook.com\/mpgteam.uniraid\/\" target=\"_blank\" rel=\"noopener noreferrer\">MPG Team<\/a> vai levar at\u00e9 \u00c1frica um Nissan Micra (Henrique Amaral e Ricardo Ara\u00fajo), um Fiat Panda (Guilherme Gil e Guilherme Lemos) e um Volkswagen Golf Mk II (Gon\u00e7alo Mestre e Nuno Muchaxo). A prova realizar-se-\u00e1 em fevereiro de 2020.<\/p>\n<p>Desta equipa, fazem parte cinco estudantes de Engenharia Eletrot\u00e9cnica e de Computadores na Faculdade de Ci\u00eancias e Tecnologia da Universidade Nova de Lisboa, que conta com bastante representatividade neste projeto de voluntariado internacional, bem como um estudante de Engenharia Autom\u00f3vel do Instituto Polit\u00e9cnico de Leiria.<\/p>\n<p>O objetivo tem tanto de nobre quanto de dispendioso. Por isso, a equipa procura parceiros para a auxiliar nesta jornada, \u00e0 qual j\u00e1 se juntam nomes como <a href=\"https:\/\/alecarpecas.pt\/pt\/home\" target=\"_blank\" rel=\"noopener noreferrer\">AleCarPe\u00e7as<\/a>, <a href=\"https:\/\/www.polibaterias.com\/\" target=\"_blank\" rel=\"noopener noreferrer\">Polibaterias<\/a>, F. Gil Autom\u00f3veis, Imporvolks, <a href=\"https:\/\/www.alvesbandeira.pt\/\" target=\"_blank\" rel=\"noopener noreferrer\">Alves Bandeira<\/a>, Auto Garagem Arganilense, Funda\u00e7\u00e3o Benfica, Funda\u00e7\u00e3o do Futebol &#8211; Liga Portugal, HP Drones, Mec\u00e2nico do Bairro, Rabiscos com Estilo, Auto Pe\u00e7as Maria Pia, Leroy Merlin de Almada, Associa\u00e7\u00e3o de Estudantes da FCT, C\u00e2mara Municipal de Almada, A Construtora de Radiadores, Auto Escape do Areeiro, e Carreto&#8217;s.<\/p>\n<p>O Jornal das Oficinas une-se, tamb\u00e9m, a esta iniciativa como <em>media partner<\/em> da MPG Team.<\/p>\n<div class=\"wonderplugingallery-container\" id=\"wonderplugingallery-container-11\" style=\"max-width:960px;margin:0 auto;\"><div class=\"wonderplugingallery\" id=\"wonderplugingallery-11\" data-galleryid=\"11\" data-width=\"960\" data-height=\"540\" data-skin=\"gallery\" data-playsinline=\"false\" data-mutevideo=\"false\" data-random=\"false\" data-autoslide=\"false\" data-autoplayvideo=\"false\" data-schemamarkup=\"false\" data-stopallplaying=\"false\" data-reloadonvideoend=\"false\" data-donotuseposter=\"false\" data-enabletabindex=\"false\" data-loadnextonvideoend=\"false\" data-hidetitlewhenvideoisplaying=\"false\" data-disablehovereventontouch=\"false\" data-autoslideandplayafterfirstplayed=\"false\" data-html5player=\"true\" data-responsive=\"true\" data-fullwidth=\"false\" data-showtitle=\"false\" data-showdescription=\"false\" data-showplaybutton=\"true\" data-showfullscreenbutton=\"true\" data-showtimer=\"true\" data-showcarousel=\"true\" data-galleryshadow=\"false\" data-slideshadow=\"true\" data-thumbshowtitle=\"true\" data-thumbshadow=\"true\" data-lightboxshowtitle=\"false\" data-lightboxshowdescription=\"false\" data-specifyid=\"true\" data-donotinit=\"false\" data-addinitscript=\"false\" data-triggerresize=\"false\" data-thumbcolumnsresponsive=\"false\" data-showimgtitle=\"false\" data-titlesmallscreen=\"false\" data-initsocial=\"true\" data-showsocial=\"false\" data-showemail=\"false\" data-showfacebook=\"true\" data-showtwitter=\"true\" data-showpinterest=\"true\" data-socialrotateeffect=\"true\" data-doshortcodeontext=\"false\" data-loop=\"0\" data-duration=\"1500\" data-slideduration=\"1000\" data-slideshowinterval=\"6000\" data-googleanalyticsaccount=\"\" data-resizemode=\"fill\" data-imagetoolboxmode=\"mouseover\" data-effect=\"fade\" data-padding=\"12\" data-bgcolor=\"\" data-bgimage=\"\" data-thumbwidth=\"120\" data-thumbheight=\"60\" data-thumbgap=\"8\" data-thumbrowgap=\"16\" data-lightboxtextheight=\"72\" data-lightboxtitlecss=\"{color:#333333; font:bold 12px Arial,Helvetica,sans-serif; overflow:hidden; white-space:normal; line-height:18px;}\" data-lightboxdescriptioncss=\"{color:#333333; font:normal 12px Arial,Helvetica,sans-serif; overflow:hidden; white-space:normal; line-height:14px;}\" data-titlecss=\"{color:#ffffff; font-size:14px; font-family:Armata, sans-serif, Arial; overflow:hidden; white-space:normal; text-align:left; padding:10px 0px 10px 10px;  background:rgb(102, 102, 102) transparent; background:rgba(102, 102, 102, 0.6);}\" data-descriptioncss=\"{color:#ffffff; font-size:12px; font-family:Armata, sans-serif, Arial; overflow:hidden; white-space:normal; text-align:left; padding:0px 0px 10px 10px;  background:rgb(102, 102, 102) transparent; background:rgba(102, 102, 102, 0.6);}\" data-titleheight=\"72\" data-titlesmallscreenwidth=\"640\" data-titleheightsmallscreen=\"148\" data-socialmode=\"mouseover\" data-socialposition=\"position:absolute;top:8px;right:8px;\" data-socialpositionlightbox=\"position:absolute;top:8px;right:8px;\" data-socialdirection=\"horizontal\" data-socialbuttonsize=\"32\" data-socialbuttonfontsize=\"18\" data-defaultvideovolume=\"1\" data-thumbtitleheight=\"24\" data-thumbmediumtitleheight=\"48\" data-thumbsmalltitleheight=\"72\" data-triggerresizedelay=\"100\" data-thumbmediumsize=\"800\" data-thumbsmallsize=\"480\" data-thumbmediumwidth=\"64\" data-thumbmediumheight=\"64\" data-thumbsmallwidth=\"48\" data-thumbsmallheight=\"48\" data-imgtitle=\"title\" data-jsfolder=\"https:\/\/jornaldasoficinas.com\/pt\/wp-content\/plugins\/wonderplugin-gallery\/engine\/\" style=\"display:none;\" ><a class=\"html5galleryimglink\" href=\"https:\/\/jornaldasoficinas.com\/pt\/wp-content\/uploads\/2019\/11\/Jornal_das_Oficinas_HenriqueAmaral_RicardoAraujo.jpg\" data-mediatype=1><img decoding=\"async\" class=\"html5galleryimg html5gallery-tn-image\" src=\"https:\/\/jornaldasoficinas.com\/pt\/wp-content\/uploads\/2019\/11\/Jornal_das_Oficinas_HenriqueAmaral_RicardoAraujo-150x85.jpg\" alt=\"11 - Jornal_das_Oficinas_HenriqueAmaral_RicardoAraujo\" data-title=\"11 photo\"><\/a><div class=\"html5gallery-info\"><div class=\"html5gallery-alt\">11 - Jornal_das_Oficinas_HenriqueAmaral_RicardoAraujo<\/div><div class=\"html5gallery-title\">11 photo<\/div><\/div><a class=\"html5galleryimglink\" href=\"https:\/\/jornaldasoficinas.com\/pt\/wp-content\/uploads\/2019\/11\/Jornal_das_Oficinas_Panda_GuilhermeGil_GuilhermeLemos.jpg\" data-mediatype=1><img decoding=\"async\" class=\"html5galleryimg html5gallery-tn-image\" src=\"https:\/\/jornaldasoficinas.com\/pt\/wp-content\/uploads\/2019\/11\/Jornal_das_Oficinas_Panda_GuilhermeGil_GuilhermeLemos-150x85.jpg\" alt=\"11 - Jornal_das_Oficinas_Panda_GuilhermeGil_GuilhermeLemos\" data-title=\"11 photo\"><\/a><div class=\"html5gallery-info\"><div class=\"html5gallery-alt\">11 - Jornal_das_Oficinas_Panda_GuilhermeGil_GuilhermeLemos<\/div><div class=\"html5gallery-title\">11 photo<\/div><\/div><a class=\"html5galleryimglink\" href=\"https:\/\/jornaldasoficinas.com\/pt\/wp-content\/uploads\/2019\/11\/Jornal_das_Oficinas_VWGolf_NunoMuchaxo_GoncaloMestre.jpg\" data-mediatype=1><img decoding=\"async\" class=\"html5galleryimg html5gallery-tn-image\" src=\"https:\/\/jornaldasoficinas.com\/pt\/wp-content\/uploads\/2019\/11\/Jornal_das_Oficinas_VWGolf_NunoMuchaxo_GoncaloMestre-150x85.jpg\" alt=\"11 - Jornal_das_Oficinas_VWGolf_NunoMuchaxo_GoncaloMestre\" data-title=\"11 photo\"><\/a><div class=\"html5gallery-info\"><div class=\"html5gallery-alt\">11 - Jornal_das_Oficinas_VWGolf_NunoMuchaxo_GoncaloMestre<\/div><div class=\"html5gallery-title\">11 photo<\/div><\/div><\/div><\/div>\n","protected":false},"excerpt":{"rendered":"<p>Seis amigos, estudantes universit\u00e1rios, tr\u00eas carros&#8230;<\/p>\n","protected":false},"author":15,"featured_media":5971,"comment_status":"closed","ping_status":"closed","sticky":false,"template":"","format":"standard","meta":{"footnotes":""},"categories":[29],"tags":[650,582,179,648,651,640,646,649,597,662,641,642,643,663,647,644,652,394,645,653],"class_list":["post-5976","post","type-post","status-publish","format-standard","has-post-thumbnail","hentry","category-empresas","tag-a-construtora-de-radiadores","tag-alecarpecas","tag-alves-bandeira","tag-associacao-de-estudantes-da-fct","tag-auto-escape-do-areeiro","tag-auto-garagem-arganilense","tag-auto-pecas-maria-pia","tag-camara-municipal-de-almada","tag-carretos","tag-f-gil-automoveis","tag-fundacao-benfica","tag-fundacao-do-futebol","tag-hp-drones","tag-imporvolks","tag-leroy-merlin-de-almada","tag-mecanico-do-bairro","tag-mpg-team","tag-polibaterias","tag-rabiscos-com-estilo","tag-uniraid"],"yoast_head":"<!-- This site is optimized with the Yoast SEO plugin v27.4 - https:\/\/yoast.com\/product\/yoast-seo-wordpress\/ -->\n<title>UNIRAID est\u00e1 a\u00ed e MPG Team prepara-se para o desafio - Jornal das Oficinas<\/title>\n<meta name=\"robots\" content=\"index, follow, max-snippet:-1, max-image-preview:large, max-video-preview:-1\" \/>\n<link rel=\"canonical\" href=\"https:\/\/jornaldasoficinas.com\/pt\/o-uniraid-esta-ai-e-a-mpg-team-prepara-se-para-o-enfrentar\/\" \/>\n<meta property=\"og:locale\" content=\"pt_PT\" \/>\n<meta property=\"og:type\" content=\"article\" \/>\n<meta property=\"og:title\" content=\"UNIRAID est\u00e1 a\u00ed e MPG Team prepara-se para o desafio - Jornal das Oficinas\" \/>\n<meta property=\"og:description\" content=\"Seis amigos, estudantes universit\u00e1rios, tr\u00eas carros...\" \/>\n<meta property=\"og:url\" content=\"https:\/\/jornaldasoficinas.com\/pt\/o-uniraid-esta-ai-e-a-mpg-team-prepara-se-para-o-enfrentar\/\" \/>\n<meta property=\"og:site_name\" content=\"Jornal das Oficinas\" \/>\n<meta property=\"article:publisher\" content=\"https:\/\/www.facebook.com\/jornaloficinas\" \/>\n<meta property=\"article:published_time\" content=\"2019-11-04T20:03:12+00:00\" \/>\n<meta property=\"article:modified_time\" content=\"2023-07-19T14:58:20+00:00\" \/>\n<meta property=\"og:image\" content=\"https:\/\/jornaldasoficinas.com\/pt\/wp-content\/uploads\/2019\/11\/uniraid.jpg\" \/>\n\t<meta property=\"og:image:width\" content=\"1024\" \/>\n\t<meta property=\"og:image:height\" content=\"581\" \/>\n\t<meta property=\"og:image:type\" content=\"image\/jpeg\" \/>\n<meta name=\"author\" content=\"Reda\u00e7\u00e3o JO\" \/>\n<meta name=\"twitter:card\" content=\"summary_large_image\" \/>\n<meta name=\"twitter:creator\" content=\"@jornaloficinas\" \/>\n<meta name=\"twitter:site\" content=\"@jornaloficinas\" \/>\n<meta name=\"twitter:label1\" content=\"Escrito por\" \/>\n\t<meta name=\"twitter:data1\" content=\"Reda\u00e7\u00e3o JO\" \/>\n\t<meta name=\"twitter:label2\" content=\"Tempo estimado de leitura\" \/>\n\t<meta name=\"twitter:data2\" content=\"1 minuto\" \/>\n<script type=\"application\/ld+json\" class=\"yoast-schema-graph\">{\"@context\":\"https:\\\/\\\/schema.org\",\"@graph\":[{\"@type\":\"Article\",\"@id\":\"https:\\\/\\\/jornaldasoficinas.com\\\/pt\\\/o-uniraid-esta-ai-e-a-mpg-team-prepara-se-para-o-enfrentar\\\/#article\",\"isPartOf\":{\"@id\":\"https:\\\/\\\/jornaldasoficinas.com\\\/pt\\\/o-uniraid-esta-ai-e-a-mpg-team-prepara-se-para-o-enfrentar\\\/\"},\"author\":{\"name\":\"Reda\u00e7\u00e3o JO\",\"@id\":\"https:\\\/\\\/jornaldasoficinas.com\\\/pt\\\/#\\\/schema\\\/person\\\/a38eef5de2c41d9e7c9ac10141afddf3\"},\"headline\":\"UNIRAID est\u00e1 a\u00ed e MPG Team prepara-se para o desafio\",\"datePublished\":\"2019-11-04T20:03:12+00:00\",\"dateModified\":\"2023-07-19T14:58:20+00:00\",\"mainEntityOfPage\":{\"@id\":\"https:\\\/\\\/jornaldasoficinas.com\\\/pt\\\/o-uniraid-esta-ai-e-a-mpg-team-prepara-se-para-o-enfrentar\\\/\"},\"wordCount\":307,\"publisher\":{\"@id\":\"https:\\\/\\\/jornaldasoficinas.com\\\/pt\\\/#organization\"},\"image\":{\"@id\":\"https:\\\/\\\/jornaldasoficinas.com\\\/pt\\\/o-uniraid-esta-ai-e-a-mpg-team-prepara-se-para-o-enfrentar\\\/#primaryimage\"},\"thumbnailUrl\":\"https:\\\/\\\/jornaldasoficinas.com\\\/pt\\\/wp-content\\\/uploads\\\/2019\\\/11\\\/uniraid.jpg\",\"keywords\":[\"A Construtora de Radiadores\",\"AleCarPe\u00e7as\",\"Alves Bandeira\",\"Associa\u00e7\u00e3o de Estudantes da FCT\",\"Auto Escape do Areeiro\",\"Auto Garagem Arganilense\",\"Auto Pe\u00e7as Maria Pia\",\"C\u00e2mara Municipal de Almada\",\"carretos\",\"F. Gil Autom\u00f3veis\",\"Funda\u00e7\u00e3o Benfica\",\"Funda\u00e7\u00e3o do Futebol\",\"HP Drones\",\"Imporvolks\",\"Leroy Merlin de Almada\",\"Mec\u00e2nico do Bairro\",\"MPG Team\",\"Polibaterias\",\"Rabiscos com Estilo\",\"UNIRAID\"],\"articleSection\":[\"Empresas\"],\"inLanguage\":\"pt-PT\"},{\"@type\":\"WebPage\",\"@id\":\"https:\\\/\\\/jornaldasoficinas.com\\\/pt\\\/o-uniraid-esta-ai-e-a-mpg-team-prepara-se-para-o-enfrentar\\\/\",\"url\":\"https:\\\/\\\/jornaldasoficinas.com\\\/pt\\\/o-uniraid-esta-ai-e-a-mpg-team-prepara-se-para-o-enfrentar\\\/\",\"name\":\"UNIRAID est\u00e1 a\u00ed e MPG Team prepara-se para o desafio - Jornal das Oficinas\",\"isPartOf\":{\"@id\":\"https:\\\/\\\/jornaldasoficinas.com\\\/pt\\\/#website\"},\"primaryImageOfPage\":{\"@id\":\"https:\\\/\\\/jornaldasoficinas.com\\\/pt\\\/o-uniraid-esta-ai-e-a-mpg-team-prepara-se-para-o-enfrentar\\\/#primaryimage\"},\"image\":{\"@id\":\"https:\\\/\\\/jornaldasoficinas.com\\\/pt\\\/o-uniraid-esta-ai-e-a-mpg-team-prepara-se-para-o-enfrentar\\\/#primaryimage\"},\"thumbnailUrl\":\"https:\\\/\\\/jornaldasoficinas.com\\\/pt\\\/wp-content\\\/uploads\\\/2019\\\/11\\\/uniraid.jpg\",\"datePublished\":\"2019-11-04T20:03:12+00:00\",\"dateModified\":\"2023-07-19T14:58:20+00:00\",\"breadcrumb\":{\"@id\":\"https:\\\/\\\/jornaldasoficinas.com\\\/pt\\\/o-uniraid-esta-ai-e-a-mpg-team-prepara-se-para-o-enfrentar\\\/#breadcrumb\"},\"inLanguage\":\"pt-PT\",\"potentialAction\":[{\"@type\":\"ReadAction\",\"target\":[\"https:\\\/\\\/jornaldasoficinas.com\\\/pt\\\/o-uniraid-esta-ai-e-a-mpg-team-prepara-se-para-o-enfrentar\\\/\"]}]},{\"@type\":\"ImageObject\",\"inLanguage\":\"pt-PT\",\"@id\":\"https:\\\/\\\/jornaldasoficinas.com\\\/pt\\\/o-uniraid-esta-ai-e-a-mpg-team-prepara-se-para-o-enfrentar\\\/#primaryimage\",\"url\":\"https:\\\/\\\/jornaldasoficinas.com\\\/pt\\\/wp-content\\\/uploads\\\/2019\\\/11\\\/uniraid.jpg\",\"contentUrl\":\"https:\\\/\\\/jornaldasoficinas.com\\\/pt\\\/wp-content\\\/uploads\\\/2019\\\/11\\\/uniraid.jpg\",\"width\":1024,\"height\":581,\"caption\":\"11 - uniraid\"},{\"@type\":\"BreadcrumbList\",\"@id\":\"https:\\\/\\\/jornaldasoficinas.com\\\/pt\\\/o-uniraid-esta-ai-e-a-mpg-team-prepara-se-para-o-enfrentar\\\/#breadcrumb\",\"itemListElement\":[{\"@type\":\"ListItem\",\"position\":1,\"name\":\"In\u00edcio\",\"item\":\"https:\\\/\\\/jornaldasoficinas.com\\\/pt\\\/\"},{\"@type\":\"ListItem\",\"position\":2,\"name\":\"UNIRAID est\u00e1 a\u00ed e MPG Team prepara-se para o desafio\"}]},{\"@type\":\"WebSite\",\"@id\":\"https:\\\/\\\/jornaldasoficinas.com\\\/pt\\\/#website\",\"url\":\"https:\\\/\\\/jornaldasoficinas.com\\\/pt\\\/\",\"name\":\"Jornal das Oficinas\",\"description\":\"Jornal independente do Aftermarket Autom\u00f3vel em Portugal\",\"publisher\":{\"@id\":\"https:\\\/\\\/jornaldasoficinas.com\\\/pt\\\/#organization\"},\"potentialAction\":[{\"@type\":\"SearchAction\",\"target\":{\"@type\":\"EntryPoint\",\"urlTemplate\":\"https:\\\/\\\/jornaldasoficinas.com\\\/pt\\\/?s={search_term_string}\"},\"query-input\":{\"@type\":\"PropertyValueSpecification\",\"valueRequired\":true,\"valueName\":\"search_term_string\"}}],\"inLanguage\":\"pt-PT\"},{\"@type\":\"Organization\",\"@id\":\"https:\\\/\\\/jornaldasoficinas.com\\\/pt\\\/#organization\",\"name\":\"Jornal das Oficinas\",\"url\":\"https:\\\/\\\/jornaldasoficinas.com\\\/pt\\\/\",\"logo\":{\"@type\":\"ImageObject\",\"inLanguage\":\"pt-PT\",\"@id\":\"https:\\\/\\\/jornaldasoficinas.com\\\/pt\\\/#\\\/schema\\\/logo\\\/image\\\/\",\"url\":\"https:\\\/\\\/jornaldasoficinas.com\\\/pt\\\/wp-content\\\/uploads\\\/logoJO-SEO.png\",\"contentUrl\":\"https:\\\/\\\/jornaldasoficinas.com\\\/pt\\\/wp-content\\\/uploads\\\/logoJO-SEO.png\",\"width\":285,\"height\":450,\"caption\":\"Jornal das Oficinas\"},\"image\":{\"@id\":\"https:\\\/\\\/jornaldasoficinas.com\\\/pt\\\/#\\\/schema\\\/logo\\\/image\\\/\"},\"sameAs\":[\"https:\\\/\\\/www.facebook.com\\\/jornaloficinas\",\"https:\\\/\\\/x.com\\\/jornaloficinas\",\"https:\\\/\\\/www.instagram.com\\\/jornal_oficinas\\\/\",\"https:\\\/\\\/www.linkedin.com\\\/company\\\/jornal-das-oficinas\\\/\",\"https:\\\/\\\/www.youtube.com\\\/channel\\\/UCbQZBqtcvV-oSQrr7RzINGg\"]},{\"@type\":\"Person\",\"@id\":\"https:\\\/\\\/jornaldasoficinas.com\\\/pt\\\/#\\\/schema\\\/person\\\/a38eef5de2c41d9e7c9ac10141afddf3\",\"name\":\"Reda\u00e7\u00e3o JO\",\"image\":{\"@type\":\"ImageObject\",\"inLanguage\":\"pt-PT\",\"@id\":\"https:\\\/\\\/secure.gravatar.com\\\/avatar\\\/71f2fa71737ad68a84fea94bc708ddac8ea5b0c4788dc2ad202f3ccb2887742f?s=96&d=wp_user_avatar&r=g\",\"url\":\"https:\\\/\\\/secure.gravatar.com\\\/avatar\\\/71f2fa71737ad68a84fea94bc708ddac8ea5b0c4788dc2ad202f3ccb2887742f?s=96&d=wp_user_avatar&r=g\",\"contentUrl\":\"https:\\\/\\\/secure.gravatar.com\\\/avatar\\\/71f2fa71737ad68a84fea94bc708ddac8ea5b0c4788dc2ad202f3ccb2887742f?s=96&d=wp_user_avatar&r=g\",\"caption\":\"Reda\u00e7\u00e3o JO\"},\"url\":\"https:\\\/\\\/jornaldasoficinas.com\\\/pt\\\/author\\\/joredacao\\\/\"}]}<\/script>\n<!-- \/ Yoast SEO plugin. -->","yoast_head_json":{"title":"UNIRAID est\u00e1 a\u00ed e MPG Team prepara-se para o desafio - Jornal das Oficinas","robots":{"index":"index","follow":"follow","max-snippet":"max-snippet:-1","max-image-preview":"max-image-preview:large","max-video-preview":"max-video-preview:-1"},"canonical":"https:\/\/jornaldasoficinas.com\/pt\/o-uniraid-esta-ai-e-a-mpg-team-prepara-se-para-o-enfrentar\/","og_locale":"pt_PT","og_type":"article","og_title":"UNIRAID est\u00e1 a\u00ed e MPG Team prepara-se para o desafio - Jornal das Oficinas","og_description":"Seis amigos, estudantes universit\u00e1rios, tr\u00eas carros...","og_url":"https:\/\/jornaldasoficinas.com\/pt\/o-uniraid-esta-ai-e-a-mpg-team-prepara-se-para-o-enfrentar\/","og_site_name":"Jornal das Oficinas","article_publisher":"https:\/\/www.facebook.com\/jornaloficinas","article_published_time":"2019-11-04T20:03:12+00:00","article_modified_time":"2023-07-19T14:58:20+00:00","og_image":[{"width":1024,"height":581,"url":"https:\/\/jornaldasoficinas.com\/pt\/wp-content\/uploads\/2019\/11\/uniraid.jpg","type":"image\/jpeg"}],"author":"Reda\u00e7\u00e3o JO","twitter_card":"summary_large_image","twitter_creator":"@jornaloficinas","twitter_site":"@jornaloficinas","twitter_misc":{"Escrito por":"Reda\u00e7\u00e3o JO","Tempo estimado de leitura":"1 minuto"},"schema":{"@context":"https:\/\/schema.org","@graph":[{"@type":"Article","@id":"https:\/\/jornaldasoficinas.com\/pt\/o-uniraid-esta-ai-e-a-mpg-team-prepara-se-para-o-enfrentar\/#article","isPartOf":{"@id":"https:\/\/jornaldasoficinas.com\/pt\/o-uniraid-esta-ai-e-a-mpg-team-prepara-se-para-o-enfrentar\/"},"author":{"name":"Reda\u00e7\u00e3o JO","@id":"https:\/\/jornaldasoficinas.com\/pt\/#\/schema\/person\/a38eef5de2c41d9e7c9ac10141afddf3"},"headline":"UNIRAID est\u00e1 a\u00ed e MPG Team prepara-se para o desafio","datePublished":"2019-11-04T20:03:12+00:00","dateModified":"2023-07-19T14:58:20+00:00","mainEntityOfPage":{"@id":"https:\/\/jornaldasoficinas.com\/pt\/o-uniraid-esta-ai-e-a-mpg-team-prepara-se-para-o-enfrentar\/"},"wordCount":307,"publisher":{"@id":"https:\/\/jornaldasoficinas.com\/pt\/#organization"},"image":{"@id":"https:\/\/jornaldasoficinas.com\/pt\/o-uniraid-esta-ai-e-a-mpg-team-prepara-se-para-o-enfrentar\/#primaryimage"},"thumbnailUrl":"https:\/\/jornaldasoficinas.com\/pt\/wp-content\/uploads\/2019\/11\/uniraid.jpg","keywords":["A Construtora de Radiadores","AleCarPe\u00e7as","Alves Bandeira","Associa\u00e7\u00e3o de Estudantes da FCT","Auto Escape do Areeiro","Auto Garagem Arganilense","Auto Pe\u00e7as Maria Pia","C\u00e2mara Municipal de Almada","carretos","F. Gil Autom\u00f3veis","Funda\u00e7\u00e3o Benfica","Funda\u00e7\u00e3o do Futebol","HP Drones","Imporvolks","Leroy Merlin de Almada","Mec\u00e2nico do Bairro","MPG Team","Polibaterias","Rabiscos com Estilo","UNIRAID"],"articleSection":["Empresas"],"inLanguage":"pt-PT"},{"@type":"WebPage","@id":"https:\/\/jornaldasoficinas.com\/pt\/o-uniraid-esta-ai-e-a-mpg-team-prepara-se-para-o-enfrentar\/","url":"https:\/\/jornaldasoficinas.com\/pt\/o-uniraid-esta-ai-e-a-mpg-team-prepara-se-para-o-enfrentar\/","name":"UNIRAID est\u00e1 a\u00ed e MPG Team prepara-se para o desafio - Jornal das Oficinas","isPartOf":{"@id":"https:\/\/jornaldasoficinas.com\/pt\/#website"},"primaryImageOfPage":{"@id":"https:\/\/jornaldasoficinas.com\/pt\/o-uniraid-esta-ai-e-a-mpg-team-prepara-se-para-o-enfrentar\/#primaryimage"},"image":{"@id":"https:\/\/jornaldasoficinas.com\/pt\/o-uniraid-esta-ai-e-a-mpg-team-prepara-se-para-o-enfrentar\/#primaryimage"},"thumbnailUrl":"https:\/\/jornaldasoficinas.com\/pt\/wp-content\/uploads\/2019\/11\/uniraid.jpg","datePublished":"2019-11-04T20:03:12+00:00","dateModified":"2023-07-19T14:58:20+00:00","breadcrumb":{"@id":"https:\/\/jornaldasoficinas.com\/pt\/o-uniraid-esta-ai-e-a-mpg-team-prepara-se-para-o-enfrentar\/#breadcrumb"},"inLanguage":"pt-PT","potentialAction":[{"@type":"ReadAction","target":["https:\/\/jornaldasoficinas.com\/pt\/o-uniraid-esta-ai-e-a-mpg-team-prepara-se-para-o-enfrentar\/"]}]},{"@type":"ImageObject","inLanguage":"pt-PT","@id":"https:\/\/jornaldasoficinas.com\/pt\/o-uniraid-esta-ai-e-a-mpg-team-prepara-se-para-o-enfrentar\/#primaryimage","url":"https:\/\/jornaldasoficinas.com\/pt\/wp-content\/uploads\/2019\/11\/uniraid.jpg","contentUrl":"https:\/\/jornaldasoficinas.com\/pt\/wp-content\/uploads\/2019\/11\/uniraid.jpg","width":1024,"height":581,"caption":"11 - uniraid"},{"@type":"BreadcrumbList","@id":"https:\/\/jornaldasoficinas.com\/pt\/o-uniraid-esta-ai-e-a-mpg-team-prepara-se-para-o-enfrentar\/#breadcrumb","itemListElement":[{"@type":"ListItem","position":1,"name":"In\u00edcio","item":"https:\/\/jornaldasoficinas.com\/pt\/"},{"@type":"ListItem","position":2,"name":"UNIRAID est\u00e1 a\u00ed e MPG Team prepara-se para o desafio"}]},{"@type":"WebSite","@id":"https:\/\/jornaldasoficinas.com\/pt\/#website","url":"https:\/\/jornaldasoficinas.com\/pt\/","name":"Jornal das Oficinas","description":"Jornal independente do Aftermarket Autom\u00f3vel em Portugal","publisher":{"@id":"https:\/\/jornaldasoficinas.com\/pt\/#organization"},"potentialAction":[{"@type":"SearchAction","target":{"@type":"EntryPoint","urlTemplate":"https:\/\/jornaldasoficinas.com\/pt\/?s={search_term_string}"},"query-input":{"@type":"PropertyValueSpecification","valueRequired":true,"valueName":"search_term_string"}}],"inLanguage":"pt-PT"},{"@type":"Organization","@id":"https:\/\/jornaldasoficinas.com\/pt\/#organization","name":"Jornal das Oficinas","url":"https:\/\/jornaldasoficinas.com\/pt\/","logo":{"@type":"ImageObject","inLanguage":"pt-PT","@id":"https:\/\/jornaldasoficinas.com\/pt\/#\/schema\/logo\/image\/","url":"https:\/\/jornaldasoficinas.com\/pt\/wp-content\/uploads\/logoJO-SEO.png","contentUrl":"https:\/\/jornaldasoficinas.com\/pt\/wp-content\/uploads\/logoJO-SEO.png","width":285,"height":450,"caption":"Jornal das Oficinas"},"image":{"@id":"https:\/\/jornaldasoficinas.com\/pt\/#\/schema\/logo\/image\/"},"sameAs":["https:\/\/www.facebook.com\/jornaloficinas","https:\/\/x.com\/jornaloficinas","https:\/\/www.instagram.com\/jornal_oficinas\/","https:\/\/www.linkedin.com\/company\/jornal-das-oficinas\/","https:\/\/www.youtube.com\/channel\/UCbQZBqtcvV-oSQrr7RzINGg"]},{"@type":"Person","@id":"https:\/\/jornaldasoficinas.com\/pt\/#\/schema\/person\/a38eef5de2c41d9e7c9ac10141afddf3","name":"Reda\u00e7\u00e3o JO","image":{"@type":"ImageObject","inLanguage":"pt-PT","@id":"https:\/\/secure.gravatar.com\/avatar\/71f2fa71737ad68a84fea94bc708ddac8ea5b0c4788dc2ad202f3ccb2887742f?s=96&d=wp_user_avatar&r=g","url":"https:\/\/secure.gravatar.com\/avatar\/71f2fa71737ad68a84fea94bc708ddac8ea5b0c4788dc2ad202f3ccb2887742f?s=96&d=wp_user_avatar&r=g","contentUrl":"https:\/\/secure.gravatar.com\/avatar\/71f2fa71737ad68a84fea94bc708ddac8ea5b0c4788dc2ad202f3ccb2887742f?s=96&d=wp_user_avatar&r=g","caption":"Reda\u00e7\u00e3o JO"},"url":"https:\/\/jornaldasoficinas.com\/pt\/author\/joredacao\/"}]}},"_links":{"self":[{"href":"https:\/\/jornaldasoficinas.com\/pt\/wp-json\/wp\/v2\/posts\/5976","targetHints":{"allow":["GET"]}}],"collection":[{"href":"https:\/\/jornaldasoficinas.com\/pt\/wp-json\/wp\/v2\/posts"}],"about":[{"href":"https:\/\/jornaldasoficinas.com\/pt\/wp-json\/wp\/v2\/types\/post"}],"author":[{"embeddable":true,"href":"https:\/\/jornaldasoficinas.com\/pt\/wp-json\/wp\/v2\/users\/15"}],"replies":[{"embeddable":true,"href":"https:\/\/jornaldasoficinas.com\/pt\/wp-json\/wp\/v2\/comments?post=5976"}],"version-history":[{"count":0,"href":"https:\/\/jornaldasoficinas.com\/pt\/wp-json\/wp\/v2\/posts\/5976\/revisions"}],"wp:featuredmedia":[{"embeddable":true,"href":"https:\/\/jornaldasoficinas.com\/pt\/wp-json\/wp\/v2\/media\/5971"}],"wp:attachment":[{"href":"https:\/\/jornaldasoficinas.com\/pt\/wp-json\/wp\/v2\/media?parent=5976"}],"wp:term":[{"taxonomy":"category","embeddable":true,"href":"https:\/\/jornaldasoficinas.com\/pt\/wp-json\/wp\/v2\/categories?post=5976"},{"taxonomy":"post_tag","embeddable":true,"href":"https:\/\/jornaldasoficinas.com\/pt\/wp-json\/wp\/v2\/tags?post=5976"}],"curies":[{"name":"wp","href":"https:\/\/api.w.org\/{rel}","templated":true}]}}