{"id":5986,"date":"2019-11-05T08:37:45","date_gmt":"2019-11-05T08:37:45","guid":{"rendered":"https:\/\/jornaldasoficinas.com\/pt\/?p=5986"},"modified":"2019-11-05T09:29:36","modified_gmt":"2019-11-05T09:29:36","slug":"axalta-adquire-nova-fabrica-na-turquia-para-tintas-em-po","status":"publish","type":"post","link":"https:\/\/jornaldasoficinas.com\/pt\/axalta-adquire-nova-fabrica-na-turquia-para-tintas-em-po\/","title":{"rendered":"Axalta adquire nova f\u00e1brica na Turquia para tintas em p\u00f3"},"content":{"rendered":"<p><img loading=\"lazy\" decoding=\"async\" class=\"alignnone wp-image-5987 size-full\" src=\"https:\/\/jornaldasoficinas.com\/pt\/wp-content\/uploads\/2019\/11\/axaltaturkey.png\" alt=\"11 - axaltaturkey\" width=\"1024\" height=\"581\" srcset=\"https:\/\/jornaldasoficinas.com\/pt\/wp-content\/uploads\/2019\/11\/axaltaturkey.png 1024w, https:\/\/jornaldasoficinas.com\/pt\/wp-content\/uploads\/2019\/11\/axaltaturkey-150x85.png 150w, https:\/\/jornaldasoficinas.com\/pt\/wp-content\/uploads\/2019\/11\/axaltaturkey-300x170.png 300w, https:\/\/jornaldasoficinas.com\/pt\/wp-content\/uploads\/2019\/11\/axaltaturkey-768x436.png 768w\" sizes=\"auto, (max-width: 1024px) 100vw, 1024px\" \/><\/p>\n<p><strong>A Axalta adquiriu, recentemente, uma f\u00e1brica em \u00c7erkezk\u00f6y, na Turquia, que est\u00e1, atualmente, a ser modernizada e que apoiar\u00e1 o crescimento do neg\u00f3cio de tintas em p\u00f3 da empresa na regi\u00e3o.<\/strong><\/p>\n<p>Na nova f\u00e1brica, ser\u00e1 realizada a produ\u00e7\u00e3o de todas as gamas de tintas em p\u00f3 de qualidade superior da Axalta, incluindo as cole\u00e7\u00f5es Mate (AE30 e SD30), Fina Texturada (AE03 e SD03) e Semi Brilho (AE70 e SD70), concebidas, especificamente, para aplica\u00e7\u00f5es arquitet\u00f3nicas.<\/p>\n<p>Klaus Gast, <em>business director<\/em> do Neg\u00f3cio de Tintas em P\u00f3 da Axalta na Europa, M\u00e9dio Oriente e \u00c1frica (EMEA), afirmou que \u201cesta \u00e9 uma excelente oportunidade para o crescimento do neg\u00f3cio de tintas em p\u00f3 da Axalta na regi\u00e3o\u201d.<\/p>\n<p>\u201cAo comprar uma f\u00e1brica de tintas em p\u00f3 estabelecida\u201d, acrescentou o respons\u00e1vel, \u201cpoderemos servir muito rapidamente o mercado. Os nossos clientes na Turquia e nas regi\u00f5es circundantes ter\u00e3o respostas ainda mais r\u00e1pidas \u00e0 procura crescente de produtos de elevada qualidade\u201d.<\/p>\n<p>Todas as tintas em p\u00f3 de qualidade superior da Axalta produzidas na Turquia cumprir\u00e3o os requisitos da Qualicoat Classes I e II e n\u00e3o ter\u00e3o pigmenta\u00e7\u00e3o de metais pesados e TGIC (t<em>riglicidil-isocianurato<\/em>).<\/p>\n<p>Klaus Gast frisou que, \u201cpara demonstrar ainda mais o compromisso cont\u00ednuo da Axalta em responder \u00e0s necessidades crescentes dos clientes, tamb\u00e9m abriremos uma nova Sala de Experi\u00eancia de Cor em Istambul, no final de 2019, onde arquitetos e <em>designers<\/em> poder\u00e3o explorar a nossa extensa gama de tintas em p\u00f3 para substratos de metal\u201d.<\/p>\n<p>E conclui: \u201c\u00c9 fundamental reconhecer a import\u00e2ncia do mercado turco de tintas em p\u00f3, que \u00e9 um dos maiores na Europa e que continua a crescer\u201d.<\/p>\n<p>Para mais informa\u00e7\u00f5es sobre a Axalta e o seu neg\u00f3cio de tintas em p\u00f3, visitar <a href=\"http:\/\/www.axalta.com\" target=\"_blank\" rel=\"noopener noreferrer\">www.axalta.com<\/a>.<\/p>\n","protected":false},"excerpt":{"rendered":"<p>A Axalta adquiriu, recentemente, uma f\u00e1brica&#8230;<\/p>\n","protected":false},"author":15,"featured_media":5987,"comment_status":"closed","ping_status":"closed","sticky":false,"template":"","format":"standard","meta":{"footnotes":""},"categories":[2],"tags":[383,655],"class_list":["post-5986","post","type-post","status-publish","format-standard","has-post-thumbnail","hentry","category-repintura","tag-axalta-coating-systems","tag-tintas-em-po"],"yoast_head":"<!-- This site is optimized with the Yoast SEO plugin v27.4 - https:\/\/yoast.com\/product\/yoast-seo-wordpress\/ -->\n<title>Axalta adquire nova f\u00e1brica na Turquia para tintas em p\u00f3 - Jornal das Oficinas<\/title>\n<meta name=\"robots\" content=\"index, follow, max-snippet:-1, max-image-preview:large, max-video-preview:-1\" \/>\n<link rel=\"canonical\" href=\"https:\/\/jornaldasoficinas.com\/pt\/axalta-adquire-nova-fabrica-na-turquia-para-tintas-em-po\/\" \/>\n<meta property=\"og:locale\" content=\"pt_PT\" \/>\n<meta property=\"og:type\" content=\"article\" \/>\n<meta property=\"og:title\" content=\"Axalta adquire nova f\u00e1brica na Turquia para tintas em p\u00f3 - Jornal das Oficinas\" \/>\n<meta property=\"og:description\" content=\"A Axalta adquiriu, recentemente, uma f\u00e1brica...\" \/>\n<meta property=\"og:url\" content=\"https:\/\/jornaldasoficinas.com\/pt\/axalta-adquire-nova-fabrica-na-turquia-para-tintas-em-po\/\" \/>\n<meta property=\"og:site_name\" content=\"Jornal das Oficinas\" \/>\n<meta property=\"article:publisher\" content=\"https:\/\/www.facebook.com\/jornaloficinas\" \/>\n<meta property=\"article:published_time\" content=\"2019-11-05T08:37:45+00:00\" \/>\n<meta property=\"article:modified_time\" content=\"2019-11-05T09:29:36+00:00\" \/>\n<meta property=\"og:image\" content=\"https:\/\/jornaldasoficinas.com\/pt\/wp-content\/uploads\/2019\/11\/axaltaturkey.png\" \/>\n\t<meta property=\"og:image:width\" content=\"1024\" \/>\n\t<meta property=\"og:image:height\" content=\"581\" \/>\n\t<meta property=\"og:image:type\" content=\"image\/png\" \/>\n<meta name=\"author\" content=\"Reda\u00e7\u00e3o JO\" \/>\n<meta name=\"twitter:card\" content=\"summary_large_image\" \/>\n<meta name=\"twitter:creator\" content=\"@jornaloficinas\" \/>\n<meta name=\"twitter:site\" content=\"@jornaloficinas\" \/>\n<meta name=\"twitter:label1\" content=\"Escrito por\" \/>\n\t<meta name=\"twitter:data1\" content=\"Reda\u00e7\u00e3o JO\" \/>\n\t<meta name=\"twitter:label2\" content=\"Tempo estimado de leitura\" \/>\n\t<meta name=\"twitter:data2\" content=\"2 minutos\" \/>\n<script type=\"application\/ld+json\" class=\"yoast-schema-graph\">{\"@context\":\"https:\\\/\\\/schema.org\",\"@graph\":[{\"@type\":\"Article\",\"@id\":\"https:\\\/\\\/jornaldasoficinas.com\\\/pt\\\/axalta-adquire-nova-fabrica-na-turquia-para-tintas-em-po\\\/#article\",\"isPartOf\":{\"@id\":\"https:\\\/\\\/jornaldasoficinas.com\\\/pt\\\/axalta-adquire-nova-fabrica-na-turquia-para-tintas-em-po\\\/\"},\"author\":{\"name\":\"Reda\u00e7\u00e3o JO\",\"@id\":\"https:\\\/\\\/jornaldasoficinas.com\\\/pt\\\/#\\\/schema\\\/person\\\/a38eef5de2c41d9e7c9ac10141afddf3\"},\"headline\":\"Axalta adquire nova f\u00e1brica na Turquia para tintas em p\u00f3\",\"datePublished\":\"2019-11-05T08:37:45+00:00\",\"dateModified\":\"2019-11-05T09:29:36+00:00\",\"mainEntityOfPage\":{\"@id\":\"https:\\\/\\\/jornaldasoficinas.com\\\/pt\\\/axalta-adquire-nova-fabrica-na-turquia-para-tintas-em-po\\\/\"},\"wordCount\":317,\"publisher\":{\"@id\":\"https:\\\/\\\/jornaldasoficinas.com\\\/pt\\\/#organization\"},\"image\":{\"@id\":\"https:\\\/\\\/jornaldasoficinas.com\\\/pt\\\/axalta-adquire-nova-fabrica-na-turquia-para-tintas-em-po\\\/#primaryimage\"},\"thumbnailUrl\":\"https:\\\/\\\/jornaldasoficinas.com\\\/pt\\\/wp-content\\\/uploads\\\/2019\\\/11\\\/axaltaturkey.png\",\"keywords\":[\"Axalta Coating Systems\",\"tintas em p\u00f3\"],\"articleSection\":[\"Repintura\"],\"inLanguage\":\"pt-PT\"},{\"@type\":\"WebPage\",\"@id\":\"https:\\\/\\\/jornaldasoficinas.com\\\/pt\\\/axalta-adquire-nova-fabrica-na-turquia-para-tintas-em-po\\\/\",\"url\":\"https:\\\/\\\/jornaldasoficinas.com\\\/pt\\\/axalta-adquire-nova-fabrica-na-turquia-para-tintas-em-po\\\/\",\"name\":\"Axalta adquire nova f\u00e1brica na Turquia para tintas em p\u00f3 - Jornal das Oficinas\",\"isPartOf\":{\"@id\":\"https:\\\/\\\/jornaldasoficinas.com\\\/pt\\\/#website\"},\"primaryImageOfPage\":{\"@id\":\"https:\\\/\\\/jornaldasoficinas.com\\\/pt\\\/axalta-adquire-nova-fabrica-na-turquia-para-tintas-em-po\\\/#primaryimage\"},\"image\":{\"@id\":\"https:\\\/\\\/jornaldasoficinas.com\\\/pt\\\/axalta-adquire-nova-fabrica-na-turquia-para-tintas-em-po\\\/#primaryimage\"},\"thumbnailUrl\":\"https:\\\/\\\/jornaldasoficinas.com\\\/pt\\\/wp-content\\\/uploads\\\/2019\\\/11\\\/axaltaturkey.png\",\"datePublished\":\"2019-11-05T08:37:45+00:00\",\"dateModified\":\"2019-11-05T09:29:36+00:00\",\"breadcrumb\":{\"@id\":\"https:\\\/\\\/jornaldasoficinas.com\\\/pt\\\/axalta-adquire-nova-fabrica-na-turquia-para-tintas-em-po\\\/#breadcrumb\"},\"inLanguage\":\"pt-PT\",\"potentialAction\":[{\"@type\":\"ReadAction\",\"target\":[\"https:\\\/\\\/jornaldasoficinas.com\\\/pt\\\/axalta-adquire-nova-fabrica-na-turquia-para-tintas-em-po\\\/\"]}]},{\"@type\":\"ImageObject\",\"inLanguage\":\"pt-PT\",\"@id\":\"https:\\\/\\\/jornaldasoficinas.com\\\/pt\\\/axalta-adquire-nova-fabrica-na-turquia-para-tintas-em-po\\\/#primaryimage\",\"url\":\"https:\\\/\\\/jornaldasoficinas.com\\\/pt\\\/wp-content\\\/uploads\\\/2019\\\/11\\\/axaltaturkey.png\",\"contentUrl\":\"https:\\\/\\\/jornaldasoficinas.com\\\/pt\\\/wp-content\\\/uploads\\\/2019\\\/11\\\/axaltaturkey.png\",\"width\":1024,\"height\":581,\"caption\":\"11 - axaltaturkey\"},{\"@type\":\"BreadcrumbList\",\"@id\":\"https:\\\/\\\/jornaldasoficinas.com\\\/pt\\\/axalta-adquire-nova-fabrica-na-turquia-para-tintas-em-po\\\/#breadcrumb\",\"itemListElement\":[{\"@type\":\"ListItem\",\"position\":1,\"name\":\"In\u00edcio\",\"item\":\"https:\\\/\\\/jornaldasoficinas.com\\\/pt\\\/\"},{\"@type\":\"ListItem\",\"position\":2,\"name\":\"Axalta adquire nova f\u00e1brica na Turquia para tintas em p\u00f3\"}]},{\"@type\":\"WebSite\",\"@id\":\"https:\\\/\\\/jornaldasoficinas.com\\\/pt\\\/#website\",\"url\":\"https:\\\/\\\/jornaldasoficinas.com\\\/pt\\\/\",\"name\":\"Jornal das Oficinas\",\"description\":\"Jornal independente do Aftermarket Autom\u00f3vel em Portugal\",\"publisher\":{\"@id\":\"https:\\\/\\\/jornaldasoficinas.com\\\/pt\\\/#organization\"},\"potentialAction\":[{\"@type\":\"SearchAction\",\"target\":{\"@type\":\"EntryPoint\",\"urlTemplate\":\"https:\\\/\\\/jornaldasoficinas.com\\\/pt\\\/?s={search_term_string}\"},\"query-input\":{\"@type\":\"PropertyValueSpecification\",\"valueRequired\":true,\"valueName\":\"search_term_string\"}}],\"inLanguage\":\"pt-PT\"},{\"@type\":\"Organization\",\"@id\":\"https:\\\/\\\/jornaldasoficinas.com\\\/pt\\\/#organization\",\"name\":\"Jornal das Oficinas\",\"url\":\"https:\\\/\\\/jornaldasoficinas.com\\\/pt\\\/\",\"logo\":{\"@type\":\"ImageObject\",\"inLanguage\":\"pt-PT\",\"@id\":\"https:\\\/\\\/jornaldasoficinas.com\\\/pt\\\/#\\\/schema\\\/logo\\\/image\\\/\",\"url\":\"https:\\\/\\\/jornaldasoficinas.com\\\/pt\\\/wp-content\\\/uploads\\\/logoJO-SEO.png\",\"contentUrl\":\"https:\\\/\\\/jornaldasoficinas.com\\\/pt\\\/wp-content\\\/uploads\\\/logoJO-SEO.png\",\"width\":285,\"height\":450,\"caption\":\"Jornal das Oficinas\"},\"image\":{\"@id\":\"https:\\\/\\\/jornaldasoficinas.com\\\/pt\\\/#\\\/schema\\\/logo\\\/image\\\/\"},\"sameAs\":[\"https:\\\/\\\/www.facebook.com\\\/jornaloficinas\",\"https:\\\/\\\/x.com\\\/jornaloficinas\",\"https:\\\/\\\/www.instagram.com\\\/jornal_oficinas\\\/\",\"https:\\\/\\\/www.linkedin.com\\\/company\\\/jornal-das-oficinas\\\/\",\"https:\\\/\\\/www.youtube.com\\\/channel\\\/UCbQZBqtcvV-oSQrr7RzINGg\"]},{\"@type\":\"Person\",\"@id\":\"https:\\\/\\\/jornaldasoficinas.com\\\/pt\\\/#\\\/schema\\\/person\\\/a38eef5de2c41d9e7c9ac10141afddf3\",\"name\":\"Reda\u00e7\u00e3o JO\",\"image\":{\"@type\":\"ImageObject\",\"inLanguage\":\"pt-PT\",\"@id\":\"https:\\\/\\\/secure.gravatar.com\\\/avatar\\\/71f2fa71737ad68a84fea94bc708ddac8ea5b0c4788dc2ad202f3ccb2887742f?s=96&d=wp_user_avatar&r=g\",\"url\":\"https:\\\/\\\/secure.gravatar.com\\\/avatar\\\/71f2fa71737ad68a84fea94bc708ddac8ea5b0c4788dc2ad202f3ccb2887742f?s=96&d=wp_user_avatar&r=g\",\"contentUrl\":\"https:\\\/\\\/secure.gravatar.com\\\/avatar\\\/71f2fa71737ad68a84fea94bc708ddac8ea5b0c4788dc2ad202f3ccb2887742f?s=96&d=wp_user_avatar&r=g\",\"caption\":\"Reda\u00e7\u00e3o JO\"},\"url\":\"https:\\\/\\\/jornaldasoficinas.com\\\/pt\\\/author\\\/joredacao\\\/\"}]}<\/script>\n<!-- \/ Yoast SEO plugin. -->","yoast_head_json":{"title":"Axalta adquire nova f\u00e1brica na Turquia para tintas em p\u00f3 - Jornal das Oficinas","robots":{"index":"index","follow":"follow","max-snippet":"max-snippet:-1","max-image-preview":"max-image-preview:large","max-video-preview":"max-video-preview:-1"},"canonical":"https:\/\/jornaldasoficinas.com\/pt\/axalta-adquire-nova-fabrica-na-turquia-para-tintas-em-po\/","og_locale":"pt_PT","og_type":"article","og_title":"Axalta adquire nova f\u00e1brica na Turquia para tintas em p\u00f3 - Jornal das Oficinas","og_description":"A Axalta adquiriu, recentemente, uma f\u00e1brica...","og_url":"https:\/\/jornaldasoficinas.com\/pt\/axalta-adquire-nova-fabrica-na-turquia-para-tintas-em-po\/","og_site_name":"Jornal das Oficinas","article_publisher":"https:\/\/www.facebook.com\/jornaloficinas","article_published_time":"2019-11-05T08:37:45+00:00","article_modified_time":"2019-11-05T09:29:36+00:00","og_image":[{"width":1024,"height":581,"url":"https:\/\/jornaldasoficinas.com\/pt\/wp-content\/uploads\/2019\/11\/axaltaturkey.png","type":"image\/png"}],"author":"Reda\u00e7\u00e3o JO","twitter_card":"summary_large_image","twitter_creator":"@jornaloficinas","twitter_site":"@jornaloficinas","twitter_misc":{"Escrito por":"Reda\u00e7\u00e3o JO","Tempo estimado de leitura":"2 minutos"},"schema":{"@context":"https:\/\/schema.org","@graph":[{"@type":"Article","@id":"https:\/\/jornaldasoficinas.com\/pt\/axalta-adquire-nova-fabrica-na-turquia-para-tintas-em-po\/#article","isPartOf":{"@id":"https:\/\/jornaldasoficinas.com\/pt\/axalta-adquire-nova-fabrica-na-turquia-para-tintas-em-po\/"},"author":{"name":"Reda\u00e7\u00e3o JO","@id":"https:\/\/jornaldasoficinas.com\/pt\/#\/schema\/person\/a38eef5de2c41d9e7c9ac10141afddf3"},"headline":"Axalta adquire nova f\u00e1brica na Turquia para tintas em p\u00f3","datePublished":"2019-11-05T08:37:45+00:00","dateModified":"2019-11-05T09:29:36+00:00","mainEntityOfPage":{"@id":"https:\/\/jornaldasoficinas.com\/pt\/axalta-adquire-nova-fabrica-na-turquia-para-tintas-em-po\/"},"wordCount":317,"publisher":{"@id":"https:\/\/jornaldasoficinas.com\/pt\/#organization"},"image":{"@id":"https:\/\/jornaldasoficinas.com\/pt\/axalta-adquire-nova-fabrica-na-turquia-para-tintas-em-po\/#primaryimage"},"thumbnailUrl":"https:\/\/jornaldasoficinas.com\/pt\/wp-content\/uploads\/2019\/11\/axaltaturkey.png","keywords":["Axalta Coating Systems","tintas em p\u00f3"],"articleSection":["Repintura"],"inLanguage":"pt-PT"},{"@type":"WebPage","@id":"https:\/\/jornaldasoficinas.com\/pt\/axalta-adquire-nova-fabrica-na-turquia-para-tintas-em-po\/","url":"https:\/\/jornaldasoficinas.com\/pt\/axalta-adquire-nova-fabrica-na-turquia-para-tintas-em-po\/","name":"Axalta adquire nova f\u00e1brica na Turquia para tintas em p\u00f3 - Jornal das Oficinas","isPartOf":{"@id":"https:\/\/jornaldasoficinas.com\/pt\/#website"},"primaryImageOfPage":{"@id":"https:\/\/jornaldasoficinas.com\/pt\/axalta-adquire-nova-fabrica-na-turquia-para-tintas-em-po\/#primaryimage"},"image":{"@id":"https:\/\/jornaldasoficinas.com\/pt\/axalta-adquire-nova-fabrica-na-turquia-para-tintas-em-po\/#primaryimage"},"thumbnailUrl":"https:\/\/jornaldasoficinas.com\/pt\/wp-content\/uploads\/2019\/11\/axaltaturkey.png","datePublished":"2019-11-05T08:37:45+00:00","dateModified":"2019-11-05T09:29:36+00:00","breadcrumb":{"@id":"https:\/\/jornaldasoficinas.com\/pt\/axalta-adquire-nova-fabrica-na-turquia-para-tintas-em-po\/#breadcrumb"},"inLanguage":"pt-PT","potentialAction":[{"@type":"ReadAction","target":["https:\/\/jornaldasoficinas.com\/pt\/axalta-adquire-nova-fabrica-na-turquia-para-tintas-em-po\/"]}]},{"@type":"ImageObject","inLanguage":"pt-PT","@id":"https:\/\/jornaldasoficinas.com\/pt\/axalta-adquire-nova-fabrica-na-turquia-para-tintas-em-po\/#primaryimage","url":"https:\/\/jornaldasoficinas.com\/pt\/wp-content\/uploads\/2019\/11\/axaltaturkey.png","contentUrl":"https:\/\/jornaldasoficinas.com\/pt\/wp-content\/uploads\/2019\/11\/axaltaturkey.png","width":1024,"height":581,"caption":"11 - axaltaturkey"},{"@type":"BreadcrumbList","@id":"https:\/\/jornaldasoficinas.com\/pt\/axalta-adquire-nova-fabrica-na-turquia-para-tintas-em-po\/#breadcrumb","itemListElement":[{"@type":"ListItem","position":1,"name":"In\u00edcio","item":"https:\/\/jornaldasoficinas.com\/pt\/"},{"@type":"ListItem","position":2,"name":"Axalta adquire nova f\u00e1brica na Turquia para tintas em p\u00f3"}]},{"@type":"WebSite","@id":"https:\/\/jornaldasoficinas.com\/pt\/#website","url":"https:\/\/jornaldasoficinas.com\/pt\/","name":"Jornal das Oficinas","description":"Jornal independente do Aftermarket Autom\u00f3vel em Portugal","publisher":{"@id":"https:\/\/jornaldasoficinas.com\/pt\/#organization"},"potentialAction":[{"@type":"SearchAction","target":{"@type":"EntryPoint","urlTemplate":"https:\/\/jornaldasoficinas.com\/pt\/?s={search_term_string}"},"query-input":{"@type":"PropertyValueSpecification","valueRequired":true,"valueName":"search_term_string"}}],"inLanguage":"pt-PT"},{"@type":"Organization","@id":"https:\/\/jornaldasoficinas.com\/pt\/#organization","name":"Jornal das Oficinas","url":"https:\/\/jornaldasoficinas.com\/pt\/","logo":{"@type":"ImageObject","inLanguage":"pt-PT","@id":"https:\/\/jornaldasoficinas.com\/pt\/#\/schema\/logo\/image\/","url":"https:\/\/jornaldasoficinas.com\/pt\/wp-content\/uploads\/logoJO-SEO.png","contentUrl":"https:\/\/jornaldasoficinas.com\/pt\/wp-content\/uploads\/logoJO-SEO.png","width":285,"height":450,"caption":"Jornal das Oficinas"},"image":{"@id":"https:\/\/jornaldasoficinas.com\/pt\/#\/schema\/logo\/image\/"},"sameAs":["https:\/\/www.facebook.com\/jornaloficinas","https:\/\/x.com\/jornaloficinas","https:\/\/www.instagram.com\/jornal_oficinas\/","https:\/\/www.linkedin.com\/company\/jornal-das-oficinas\/","https:\/\/www.youtube.com\/channel\/UCbQZBqtcvV-oSQrr7RzINGg"]},{"@type":"Person","@id":"https:\/\/jornaldasoficinas.com\/pt\/#\/schema\/person\/a38eef5de2c41d9e7c9ac10141afddf3","name":"Reda\u00e7\u00e3o JO","image":{"@type":"ImageObject","inLanguage":"pt-PT","@id":"https:\/\/secure.gravatar.com\/avatar\/71f2fa71737ad68a84fea94bc708ddac8ea5b0c4788dc2ad202f3ccb2887742f?s=96&d=wp_user_avatar&r=g","url":"https:\/\/secure.gravatar.com\/avatar\/71f2fa71737ad68a84fea94bc708ddac8ea5b0c4788dc2ad202f3ccb2887742f?s=96&d=wp_user_avatar&r=g","contentUrl":"https:\/\/secure.gravatar.com\/avatar\/71f2fa71737ad68a84fea94bc708ddac8ea5b0c4788dc2ad202f3ccb2887742f?s=96&d=wp_user_avatar&r=g","caption":"Reda\u00e7\u00e3o JO"},"url":"https:\/\/jornaldasoficinas.com\/pt\/author\/joredacao\/"}]}},"_links":{"self":[{"href":"https:\/\/jornaldasoficinas.com\/pt\/wp-json\/wp\/v2\/posts\/5986","targetHints":{"allow":["GET"]}}],"collection":[{"href":"https:\/\/jornaldasoficinas.com\/pt\/wp-json\/wp\/v2\/posts"}],"about":[{"href":"https:\/\/jornaldasoficinas.com\/pt\/wp-json\/wp\/v2\/types\/post"}],"author":[{"embeddable":true,"href":"https:\/\/jornaldasoficinas.com\/pt\/wp-json\/wp\/v2\/users\/15"}],"replies":[{"embeddable":true,"href":"https:\/\/jornaldasoficinas.com\/pt\/wp-json\/wp\/v2\/comments?post=5986"}],"version-history":[{"count":0,"href":"https:\/\/jornaldasoficinas.com\/pt\/wp-json\/wp\/v2\/posts\/5986\/revisions"}],"wp:featuredmedia":[{"embeddable":true,"href":"https:\/\/jornaldasoficinas.com\/pt\/wp-json\/wp\/v2\/media\/5987"}],"wp:attachment":[{"href":"https:\/\/jornaldasoficinas.com\/pt\/wp-json\/wp\/v2\/media?parent=5986"}],"wp:term":[{"taxonomy":"category","embeddable":true,"href":"https:\/\/jornaldasoficinas.com\/pt\/wp-json\/wp\/v2\/categories?post=5986"},{"taxonomy":"post_tag","embeddable":true,"href":"https:\/\/jornaldasoficinas.com\/pt\/wp-json\/wp\/v2\/tags?post=5986"}],"curies":[{"name":"wp","href":"https:\/\/api.w.org\/{rel}","templated":true}]}}