{"id":60239,"date":"2023-01-08T21:00:52","date_gmt":"2023-01-08T21:00:52","guid":{"rendered":"https:\/\/jornaldasoficinas.com\/pt\/?p=60239"},"modified":"2023-01-09T18:07:06","modified_gmt":"2023-01-09T18:07:06","slug":"desenvolvimento-e-fabrico-proprio-dao-nos-robustez-patxi-gorrotxateji-talosa","status":"publish","type":"post","link":"https:\/\/jornaldasoficinas.com\/pt\/desenvolvimento-e-fabrico-proprio-dao-nos-robustez-patxi-gorrotxateji-talosa\/","title":{"rendered":"&#8220;Desenvolvimento e fabrico pr\u00f3prio d\u00e3o-nos robustez&#8221;, Patxi Gorrotxateji, Talosa"},"content":{"rendered":"<p><img loading=\"lazy\" decoding=\"async\" class=\"alignnone size-full wp-image-60240\" src=\"https:\/\/jornaldasoficinas.com\/pt\/wp-content\/uploads\/2023\/01\/N2_Patxi_Gorrotxateji.jpeg\" alt=\"01 - N2_Patxi_Gorrotxateji\" width=\"1024\" height=\"581\" srcset=\"https:\/\/jornaldasoficinas.com\/pt\/wp-content\/uploads\/2023\/01\/N2_Patxi_Gorrotxateji.jpeg 1024w, https:\/\/jornaldasoficinas.com\/pt\/wp-content\/uploads\/2023\/01\/N2_Patxi_Gorrotxateji-300x170.jpeg 300w, https:\/\/jornaldasoficinas.com\/pt\/wp-content\/uploads\/2023\/01\/N2_Patxi_Gorrotxateji-150x85.jpeg 150w, https:\/\/jornaldasoficinas.com\/pt\/wp-content\/uploads\/2023\/01\/N2_Patxi_Gorrotxateji-768x436.jpeg 768w\" sizes=\"auto, (max-width: 1024px) 100vw, 1024px\" \/><\/p>\n<p><strong>Visit\u00e1mos o centro log\u00edstico da <a href=\"https:\/\/www.google.com\/url?sa=t&amp;rct=j&amp;q=&amp;esrc=s&amp;source=web&amp;cd=&amp;cad=rja&amp;uact=8&amp;ved=2ahUKEwiW35PQibv8AhVbXqQEHcC6BZIQFnoECAoQAQ&amp;url=https%3A%2F%2Fwww.talosa.com%2Fpt%2Findex.php&amp;usg=AOvVaw2ZzC8vgHDHzE_sQvR9Sc2i\">Talosa<\/a>, em Pamplona. Estivemos \u00e0 conversa com Patxi Gorrotxateji, Diretor Executivo, que nos desvendou alguns dos segredos do sucesso da marca<br \/>\n<\/strong><\/p>\n<p>Os mais de 40 anos que tem de experi\u00eancia na automo\u00e7\u00e3o, dos quais 36 de aftermarket independente na \u00e1rea da dire\u00e7\u00e3o e suspens\u00e3o, fazem de Gorrotxateji um verdadeiro conhecedor do setor, com ideias bem definidas sobre o que pretende para o futuro da Talosa. At\u00e9 agora, as apostas que tem feito t\u00eam-se mostrado vencedoras e colocam a Talosa em franca ascens\u00e3o no mercado, mesmo num panorama global de maior dificuldade<\/p>\n<p>Para ler todo o artigo clique <a href=\"https:\/\/www.yumpu.com\/pt\/document\/read\/67450523\/jornal-das-oficinas-204\/28\" target=\"_blank\" rel=\"noopener\">aqui<\/a>.<\/p>\n<div data-mode=\"normal\" data-oembed=\"1\" data-provider=\"youtube\" id=\"arve-youtube-suuvlvm7zgo\" style=\"max-width:800px;\" class=\"arve\">\n<div class=\"arve-inner\">\n<div class=\"arve-embed arve-embed--has-aspect-ratio\">\n<div class=\"arve-ar\" style=\"padding-top:56.250000%\"><\/div>\n<p>\t\t\t<iframe allow=\"accelerometer &apos;none&apos;;autoplay &apos;none&apos;;bluetooth &apos;none&apos;;browsing-topics &apos;none&apos;;camera &apos;none&apos;;clipboard-read &apos;none&apos;;clipboard-write;display-capture &apos;none&apos;;encrypted-media &apos;none&apos;;gamepad &apos;none&apos;;geolocation &apos;none&apos;;gyroscope &apos;none&apos;;hid &apos;none&apos;;identity-credentials-get &apos;none&apos;;idle-detection &apos;none&apos;;keyboard-map &apos;none&apos;;local-fonts;magnetometer &apos;none&apos;;microphone &apos;none&apos;;midi &apos;none&apos;;otp-credentials &apos;none&apos;;payment &apos;none&apos;;picture-in-picture;publickey-credentials-create &apos;none&apos;;publickey-credentials-get &apos;none&apos;;screen-wake-lock &apos;none&apos;;serial &apos;none&apos;;summarizer &apos;none&apos;;sync-xhr;usb &apos;none&apos;;web-share;window-management &apos;none&apos;;xr-spatial-tracking &apos;none&apos;;\" allowfullscreen=\"\" class=\"arve-iframe fitvidsignore\" credentialless data-arve=\"arve-youtube-suuvlvm7zgo\" data-lenis-prevent=\"\" data-src-no-ap=\"https:\/\/www.youtube-nocookie.com\/embed\/SUUvlvM7Zgo?start=1&amp;iv_load_policy=3&amp;modestbranding=1&amp;rel=0&amp;autohide=1&amp;playsinline=0&amp;autoplay=0\" frameborder=\"0\" height=\"450\" loading=\"lazy\" name=\"\" referrerpolicy=\"strict-origin-when-cross-origin\" sandbox=\"allow-scripts allow-same-origin allow-presentation allow-popups allow-popups-to-escape-sandbox\" scrolling=\"no\" src=\"https:\/\/www.youtube-nocookie.com\/embed\/SUUvlvM7Zgo?start=1&#038;iv_load_policy=3&#038;modestbranding=1&#038;rel=0&#038;autohide=1&#038;playsinline=0&#038;autoplay=0\" title=\"\" width=\"800\"><\/iframe><\/p><\/div>\n<\/p><\/div>\n<p>\t<script type=\"application\/ld+json\">{\"@context\":\"http:\\\/\\\/schema.org\\\/\",\"@id\":\"https:\\\/\\\/jornaldasoficinas.com\\\/pt\\\/desenvolvimento-e-fabrico-proprio-dao-nos-robustez-patxi-gorrotxateji-talosa\\\/#arve-youtube-suuvlvm7zgo\",\"type\":\"VideoObject\",\"embedURL\":\"https:\\\/\\\/www.youtube-nocookie.com\\\/embed\\\/SUUvlvM7Zgo?start=1&iv_load_policy=3&modestbranding=1&rel=0&autohide=1&playsinline=0&autoplay=0\"}<\/script><\/p>\n<\/div>\n<p>&nbsp;<\/p>\n","protected":false},"excerpt":{"rendered":"<p>Visit\u00e1mos o centro log\u00edstico da Talosa,&#8230;<\/p>\n","protected":false},"author":15,"featured_media":60240,"comment_status":"closed","ping_status":"closed","sticky":false,"template":"","format":"standard","meta":{"footnotes":""},"categories":[38],"tags":[3690,3251,3691,3604,1254],"class_list":["post-60239","post","type-post","status-publish","format-standard","has-post-thumbnail","hentry","category-entrevistas","tag-centro-logistico","tag-diretor-executivo","tag-pamplona","tag-patxi-gorrotxateji","tag-talosa"],"yoast_head":"<!-- This site is optimized with the Yoast SEO plugin v27.4 - https:\/\/yoast.com\/product\/yoast-seo-wordpress\/ -->\n<title>&quot;Desenvolvimento e fabrico pr\u00f3prio d\u00e3o-nos robustez&quot;, Patxi Gorrotxateji, Talosa - Jornal das Oficinas<\/title>\n<meta name=\"description\" content=\"Fal\u00e1mos com Patxi Gorrotxateji, diretor executivo da Talosa, que nos descortinou alguns dos segredos do sucesso da marca\" \/>\n<meta name=\"robots\" content=\"index, follow, max-snippet:-1, max-image-preview:large, max-video-preview:-1\" \/>\n<link rel=\"canonical\" href=\"https:\/\/jornaldasoficinas.com\/pt\/desenvolvimento-e-fabrico-proprio-dao-nos-robustez-patxi-gorrotxateji-talosa\/\" \/>\n<meta property=\"og:locale\" content=\"pt_PT\" \/>\n<meta property=\"og:type\" content=\"article\" \/>\n<meta property=\"og:title\" content=\"&quot;Desenvolvimento e fabrico pr\u00f3prio d\u00e3o-nos robustez&quot;, Patxi Gorrotxateji, Talosa - Jornal das Oficinas\" \/>\n<meta property=\"og:description\" content=\"Fal\u00e1mos com Patxi Gorrotxateji, diretor executivo da Talosa, que nos descortinou alguns dos segredos do sucesso da marca\" \/>\n<meta property=\"og:url\" content=\"https:\/\/jornaldasoficinas.com\/pt\/desenvolvimento-e-fabrico-proprio-dao-nos-robustez-patxi-gorrotxateji-talosa\/\" \/>\n<meta property=\"og:site_name\" content=\"Jornal das Oficinas\" \/>\n<meta property=\"article:publisher\" content=\"https:\/\/www.facebook.com\/jornaloficinas\" \/>\n<meta property=\"article:published_time\" content=\"2023-01-08T21:00:52+00:00\" \/>\n<meta property=\"article:modified_time\" content=\"2023-01-09T18:07:06+00:00\" \/>\n<meta property=\"og:image\" content=\"https:\/\/jornaldasoficinas.com\/pt\/wp-content\/uploads\/2023\/01\/N2_Patxi_Gorrotxateji.jpeg\" \/>\n\t<meta property=\"og:image:width\" content=\"1024\" \/>\n\t<meta property=\"og:image:height\" content=\"581\" \/>\n\t<meta property=\"og:image:type\" content=\"image\/jpeg\" \/>\n<meta name=\"author\" content=\"Reda\u00e7\u00e3o JO\" \/>\n<meta name=\"twitter:card\" content=\"summary_large_image\" \/>\n<meta name=\"twitter:creator\" content=\"@jornaloficinas\" \/>\n<meta name=\"twitter:site\" content=\"@jornaloficinas\" \/>\n<meta name=\"twitter:label1\" content=\"Escrito por\" \/>\n\t<meta name=\"twitter:data1\" content=\"Reda\u00e7\u00e3o JO\" \/>\n\t<meta name=\"twitter:label2\" content=\"Tempo estimado de leitura\" \/>\n\t<meta name=\"twitter:data2\" content=\"1 minuto\" \/>\n<script type=\"application\/ld+json\" class=\"yoast-schema-graph\">{\"@context\":\"https:\\\/\\\/schema.org\",\"@graph\":[{\"@type\":\"Article\",\"@id\":\"https:\\\/\\\/jornaldasoficinas.com\\\/pt\\\/desenvolvimento-e-fabrico-proprio-dao-nos-robustez-patxi-gorrotxateji-talosa\\\/#article\",\"isPartOf\":{\"@id\":\"https:\\\/\\\/jornaldasoficinas.com\\\/pt\\\/desenvolvimento-e-fabrico-proprio-dao-nos-robustez-patxi-gorrotxateji-talosa\\\/\"},\"author\":{\"name\":\"Reda\u00e7\u00e3o JO\",\"@id\":\"https:\\\/\\\/jornaldasoficinas.com\\\/pt\\\/#\\\/schema\\\/person\\\/a38eef5de2c41d9e7c9ac10141afddf3\"},\"headline\":\"&#8220;Desenvolvimento e fabrico pr\u00f3prio d\u00e3o-nos robustez&#8221;, Patxi Gorrotxateji, Talosa\",\"datePublished\":\"2023-01-08T21:00:52+00:00\",\"dateModified\":\"2023-01-09T18:07:06+00:00\",\"mainEntityOfPage\":{\"@id\":\"https:\\\/\\\/jornaldasoficinas.com\\\/pt\\\/desenvolvimento-e-fabrico-proprio-dao-nos-robustez-patxi-gorrotxateji-talosa\\\/\"},\"wordCount\":131,\"publisher\":{\"@id\":\"https:\\\/\\\/jornaldasoficinas.com\\\/pt\\\/#organization\"},\"image\":{\"@id\":\"https:\\\/\\\/jornaldasoficinas.com\\\/pt\\\/desenvolvimento-e-fabrico-proprio-dao-nos-robustez-patxi-gorrotxateji-talosa\\\/#primaryimage\"},\"thumbnailUrl\":\"https:\\\/\\\/jornaldasoficinas.com\\\/pt\\\/wp-content\\\/uploads\\\/2023\\\/01\\\/N2_Patxi_Gorrotxateji.jpeg\",\"keywords\":[\"centro log\u00edstico\",\"diretor executivo\",\"Pamplona\",\"Patxi Gorrotxateji\",\"TALOSA\"],\"articleSection\":[\"Entrevistas\"],\"inLanguage\":\"pt-PT\"},{\"@type\":\"WebPage\",\"@id\":\"https:\\\/\\\/jornaldasoficinas.com\\\/pt\\\/desenvolvimento-e-fabrico-proprio-dao-nos-robustez-patxi-gorrotxateji-talosa\\\/\",\"url\":\"https:\\\/\\\/jornaldasoficinas.com\\\/pt\\\/desenvolvimento-e-fabrico-proprio-dao-nos-robustez-patxi-gorrotxateji-talosa\\\/\",\"name\":\"\\\"Desenvolvimento e fabrico pr\u00f3prio d\u00e3o-nos robustez\\\", Patxi Gorrotxateji, Talosa - Jornal das Oficinas\",\"isPartOf\":{\"@id\":\"https:\\\/\\\/jornaldasoficinas.com\\\/pt\\\/#website\"},\"primaryImageOfPage\":{\"@id\":\"https:\\\/\\\/jornaldasoficinas.com\\\/pt\\\/desenvolvimento-e-fabrico-proprio-dao-nos-robustez-patxi-gorrotxateji-talosa\\\/#primaryimage\"},\"image\":{\"@id\":\"https:\\\/\\\/jornaldasoficinas.com\\\/pt\\\/desenvolvimento-e-fabrico-proprio-dao-nos-robustez-patxi-gorrotxateji-talosa\\\/#primaryimage\"},\"thumbnailUrl\":\"https:\\\/\\\/jornaldasoficinas.com\\\/pt\\\/wp-content\\\/uploads\\\/2023\\\/01\\\/N2_Patxi_Gorrotxateji.jpeg\",\"datePublished\":\"2023-01-08T21:00:52+00:00\",\"dateModified\":\"2023-01-09T18:07:06+00:00\",\"description\":\"Fal\u00e1mos com Patxi Gorrotxateji, diretor executivo da Talosa, que nos descortinou alguns dos segredos do sucesso da marca\",\"breadcrumb\":{\"@id\":\"https:\\\/\\\/jornaldasoficinas.com\\\/pt\\\/desenvolvimento-e-fabrico-proprio-dao-nos-robustez-patxi-gorrotxateji-talosa\\\/#breadcrumb\"},\"inLanguage\":\"pt-PT\",\"potentialAction\":[{\"@type\":\"ReadAction\",\"target\":[\"https:\\\/\\\/jornaldasoficinas.com\\\/pt\\\/desenvolvimento-e-fabrico-proprio-dao-nos-robustez-patxi-gorrotxateji-talosa\\\/\"]}]},{\"@type\":\"ImageObject\",\"inLanguage\":\"pt-PT\",\"@id\":\"https:\\\/\\\/jornaldasoficinas.com\\\/pt\\\/desenvolvimento-e-fabrico-proprio-dao-nos-robustez-patxi-gorrotxateji-talosa\\\/#primaryimage\",\"url\":\"https:\\\/\\\/jornaldasoficinas.com\\\/pt\\\/wp-content\\\/uploads\\\/2023\\\/01\\\/N2_Patxi_Gorrotxateji.jpeg\",\"contentUrl\":\"https:\\\/\\\/jornaldasoficinas.com\\\/pt\\\/wp-content\\\/uploads\\\/2023\\\/01\\\/N2_Patxi_Gorrotxateji.jpeg\",\"width\":1024,\"height\":581,\"caption\":\"01 - N2_Patxi_Gorrotxateji\"},{\"@type\":\"BreadcrumbList\",\"@id\":\"https:\\\/\\\/jornaldasoficinas.com\\\/pt\\\/desenvolvimento-e-fabrico-proprio-dao-nos-robustez-patxi-gorrotxateji-talosa\\\/#breadcrumb\",\"itemListElement\":[{\"@type\":\"ListItem\",\"position\":1,\"name\":\"In\u00edcio\",\"item\":\"https:\\\/\\\/jornaldasoficinas.com\\\/pt\\\/\"},{\"@type\":\"ListItem\",\"position\":2,\"name\":\"&#8220;Desenvolvimento e fabrico pr\u00f3prio d\u00e3o-nos robustez&#8221;, Patxi Gorrotxateji, Talosa\"}]},{\"@type\":\"WebSite\",\"@id\":\"https:\\\/\\\/jornaldasoficinas.com\\\/pt\\\/#website\",\"url\":\"https:\\\/\\\/jornaldasoficinas.com\\\/pt\\\/\",\"name\":\"Jornal das Oficinas\",\"description\":\"Jornal independente do Aftermarket Autom\u00f3vel em Portugal\",\"publisher\":{\"@id\":\"https:\\\/\\\/jornaldasoficinas.com\\\/pt\\\/#organization\"},\"potentialAction\":[{\"@type\":\"SearchAction\",\"target\":{\"@type\":\"EntryPoint\",\"urlTemplate\":\"https:\\\/\\\/jornaldasoficinas.com\\\/pt\\\/?s={search_term_string}\"},\"query-input\":{\"@type\":\"PropertyValueSpecification\",\"valueRequired\":true,\"valueName\":\"search_term_string\"}}],\"inLanguage\":\"pt-PT\"},{\"@type\":\"Organization\",\"@id\":\"https:\\\/\\\/jornaldasoficinas.com\\\/pt\\\/#organization\",\"name\":\"Jornal das Oficinas\",\"url\":\"https:\\\/\\\/jornaldasoficinas.com\\\/pt\\\/\",\"logo\":{\"@type\":\"ImageObject\",\"inLanguage\":\"pt-PT\",\"@id\":\"https:\\\/\\\/jornaldasoficinas.com\\\/pt\\\/#\\\/schema\\\/logo\\\/image\\\/\",\"url\":\"https:\\\/\\\/jornaldasoficinas.com\\\/pt\\\/wp-content\\\/uploads\\\/logoJO-SEO.png\",\"contentUrl\":\"https:\\\/\\\/jornaldasoficinas.com\\\/pt\\\/wp-content\\\/uploads\\\/logoJO-SEO.png\",\"width\":285,\"height\":450,\"caption\":\"Jornal das Oficinas\"},\"image\":{\"@id\":\"https:\\\/\\\/jornaldasoficinas.com\\\/pt\\\/#\\\/schema\\\/logo\\\/image\\\/\"},\"sameAs\":[\"https:\\\/\\\/www.facebook.com\\\/jornaloficinas\",\"https:\\\/\\\/x.com\\\/jornaloficinas\",\"https:\\\/\\\/www.instagram.com\\\/jornal_oficinas\\\/\",\"https:\\\/\\\/www.linkedin.com\\\/company\\\/jornal-das-oficinas\\\/\",\"https:\\\/\\\/www.youtube.com\\\/channel\\\/UCbQZBqtcvV-oSQrr7RzINGg\"]},{\"@type\":\"Person\",\"@id\":\"https:\\\/\\\/jornaldasoficinas.com\\\/pt\\\/#\\\/schema\\\/person\\\/a38eef5de2c41d9e7c9ac10141afddf3\",\"name\":\"Reda\u00e7\u00e3o JO\",\"image\":{\"@type\":\"ImageObject\",\"inLanguage\":\"pt-PT\",\"@id\":\"https:\\\/\\\/secure.gravatar.com\\\/avatar\\\/71f2fa71737ad68a84fea94bc708ddac8ea5b0c4788dc2ad202f3ccb2887742f?s=96&d=wp_user_avatar&r=g\",\"url\":\"https:\\\/\\\/secure.gravatar.com\\\/avatar\\\/71f2fa71737ad68a84fea94bc708ddac8ea5b0c4788dc2ad202f3ccb2887742f?s=96&d=wp_user_avatar&r=g\",\"contentUrl\":\"https:\\\/\\\/secure.gravatar.com\\\/avatar\\\/71f2fa71737ad68a84fea94bc708ddac8ea5b0c4788dc2ad202f3ccb2887742f?s=96&d=wp_user_avatar&r=g\",\"caption\":\"Reda\u00e7\u00e3o JO\"},\"url\":\"https:\\\/\\\/jornaldasoficinas.com\\\/pt\\\/author\\\/joredacao\\\/\"}]}<\/script>\n<!-- \/ Yoast SEO plugin. -->","yoast_head_json":{"title":"\"Desenvolvimento e fabrico pr\u00f3prio d\u00e3o-nos robustez\", Patxi Gorrotxateji, Talosa - Jornal das Oficinas","description":"Fal\u00e1mos com Patxi Gorrotxateji, diretor executivo da Talosa, que nos descortinou alguns dos segredos do sucesso da marca","robots":{"index":"index","follow":"follow","max-snippet":"max-snippet:-1","max-image-preview":"max-image-preview:large","max-video-preview":"max-video-preview:-1"},"canonical":"https:\/\/jornaldasoficinas.com\/pt\/desenvolvimento-e-fabrico-proprio-dao-nos-robustez-patxi-gorrotxateji-talosa\/","og_locale":"pt_PT","og_type":"article","og_title":"\"Desenvolvimento e fabrico pr\u00f3prio d\u00e3o-nos robustez\", Patxi Gorrotxateji, Talosa - Jornal das Oficinas","og_description":"Fal\u00e1mos com Patxi Gorrotxateji, diretor executivo da Talosa, que nos descortinou alguns dos segredos do sucesso da marca","og_url":"https:\/\/jornaldasoficinas.com\/pt\/desenvolvimento-e-fabrico-proprio-dao-nos-robustez-patxi-gorrotxateji-talosa\/","og_site_name":"Jornal das Oficinas","article_publisher":"https:\/\/www.facebook.com\/jornaloficinas","article_published_time":"2023-01-08T21:00:52+00:00","article_modified_time":"2023-01-09T18:07:06+00:00","og_image":[{"width":1024,"height":581,"url":"https:\/\/jornaldasoficinas.com\/pt\/wp-content\/uploads\/2023\/01\/N2_Patxi_Gorrotxateji.jpeg","type":"image\/jpeg"}],"author":"Reda\u00e7\u00e3o JO","twitter_card":"summary_large_image","twitter_creator":"@jornaloficinas","twitter_site":"@jornaloficinas","twitter_misc":{"Escrito por":"Reda\u00e7\u00e3o JO","Tempo estimado de leitura":"1 minuto"},"schema":{"@context":"https:\/\/schema.org","@graph":[{"@type":"Article","@id":"https:\/\/jornaldasoficinas.com\/pt\/desenvolvimento-e-fabrico-proprio-dao-nos-robustez-patxi-gorrotxateji-talosa\/#article","isPartOf":{"@id":"https:\/\/jornaldasoficinas.com\/pt\/desenvolvimento-e-fabrico-proprio-dao-nos-robustez-patxi-gorrotxateji-talosa\/"},"author":{"name":"Reda\u00e7\u00e3o JO","@id":"https:\/\/jornaldasoficinas.com\/pt\/#\/schema\/person\/a38eef5de2c41d9e7c9ac10141afddf3"},"headline":"&#8220;Desenvolvimento e fabrico pr\u00f3prio d\u00e3o-nos robustez&#8221;, Patxi Gorrotxateji, Talosa","datePublished":"2023-01-08T21:00:52+00:00","dateModified":"2023-01-09T18:07:06+00:00","mainEntityOfPage":{"@id":"https:\/\/jornaldasoficinas.com\/pt\/desenvolvimento-e-fabrico-proprio-dao-nos-robustez-patxi-gorrotxateji-talosa\/"},"wordCount":131,"publisher":{"@id":"https:\/\/jornaldasoficinas.com\/pt\/#organization"},"image":{"@id":"https:\/\/jornaldasoficinas.com\/pt\/desenvolvimento-e-fabrico-proprio-dao-nos-robustez-patxi-gorrotxateji-talosa\/#primaryimage"},"thumbnailUrl":"https:\/\/jornaldasoficinas.com\/pt\/wp-content\/uploads\/2023\/01\/N2_Patxi_Gorrotxateji.jpeg","keywords":["centro log\u00edstico","diretor executivo","Pamplona","Patxi Gorrotxateji","TALOSA"],"articleSection":["Entrevistas"],"inLanguage":"pt-PT"},{"@type":"WebPage","@id":"https:\/\/jornaldasoficinas.com\/pt\/desenvolvimento-e-fabrico-proprio-dao-nos-robustez-patxi-gorrotxateji-talosa\/","url":"https:\/\/jornaldasoficinas.com\/pt\/desenvolvimento-e-fabrico-proprio-dao-nos-robustez-patxi-gorrotxateji-talosa\/","name":"\"Desenvolvimento e fabrico pr\u00f3prio d\u00e3o-nos robustez\", Patxi Gorrotxateji, Talosa - Jornal das Oficinas","isPartOf":{"@id":"https:\/\/jornaldasoficinas.com\/pt\/#website"},"primaryImageOfPage":{"@id":"https:\/\/jornaldasoficinas.com\/pt\/desenvolvimento-e-fabrico-proprio-dao-nos-robustez-patxi-gorrotxateji-talosa\/#primaryimage"},"image":{"@id":"https:\/\/jornaldasoficinas.com\/pt\/desenvolvimento-e-fabrico-proprio-dao-nos-robustez-patxi-gorrotxateji-talosa\/#primaryimage"},"thumbnailUrl":"https:\/\/jornaldasoficinas.com\/pt\/wp-content\/uploads\/2023\/01\/N2_Patxi_Gorrotxateji.jpeg","datePublished":"2023-01-08T21:00:52+00:00","dateModified":"2023-01-09T18:07:06+00:00","description":"Fal\u00e1mos com Patxi Gorrotxateji, diretor executivo da Talosa, que nos descortinou alguns dos segredos do sucesso da marca","breadcrumb":{"@id":"https:\/\/jornaldasoficinas.com\/pt\/desenvolvimento-e-fabrico-proprio-dao-nos-robustez-patxi-gorrotxateji-talosa\/#breadcrumb"},"inLanguage":"pt-PT","potentialAction":[{"@type":"ReadAction","target":["https:\/\/jornaldasoficinas.com\/pt\/desenvolvimento-e-fabrico-proprio-dao-nos-robustez-patxi-gorrotxateji-talosa\/"]}]},{"@type":"ImageObject","inLanguage":"pt-PT","@id":"https:\/\/jornaldasoficinas.com\/pt\/desenvolvimento-e-fabrico-proprio-dao-nos-robustez-patxi-gorrotxateji-talosa\/#primaryimage","url":"https:\/\/jornaldasoficinas.com\/pt\/wp-content\/uploads\/2023\/01\/N2_Patxi_Gorrotxateji.jpeg","contentUrl":"https:\/\/jornaldasoficinas.com\/pt\/wp-content\/uploads\/2023\/01\/N2_Patxi_Gorrotxateji.jpeg","width":1024,"height":581,"caption":"01 - N2_Patxi_Gorrotxateji"},{"@type":"BreadcrumbList","@id":"https:\/\/jornaldasoficinas.com\/pt\/desenvolvimento-e-fabrico-proprio-dao-nos-robustez-patxi-gorrotxateji-talosa\/#breadcrumb","itemListElement":[{"@type":"ListItem","position":1,"name":"In\u00edcio","item":"https:\/\/jornaldasoficinas.com\/pt\/"},{"@type":"ListItem","position":2,"name":"&#8220;Desenvolvimento e fabrico pr\u00f3prio d\u00e3o-nos robustez&#8221;, Patxi Gorrotxateji, Talosa"}]},{"@type":"WebSite","@id":"https:\/\/jornaldasoficinas.com\/pt\/#website","url":"https:\/\/jornaldasoficinas.com\/pt\/","name":"Jornal das Oficinas","description":"Jornal independente do Aftermarket Autom\u00f3vel em Portugal","publisher":{"@id":"https:\/\/jornaldasoficinas.com\/pt\/#organization"},"potentialAction":[{"@type":"SearchAction","target":{"@type":"EntryPoint","urlTemplate":"https:\/\/jornaldasoficinas.com\/pt\/?s={search_term_string}"},"query-input":{"@type":"PropertyValueSpecification","valueRequired":true,"valueName":"search_term_string"}}],"inLanguage":"pt-PT"},{"@type":"Organization","@id":"https:\/\/jornaldasoficinas.com\/pt\/#organization","name":"Jornal das Oficinas","url":"https:\/\/jornaldasoficinas.com\/pt\/","logo":{"@type":"ImageObject","inLanguage":"pt-PT","@id":"https:\/\/jornaldasoficinas.com\/pt\/#\/schema\/logo\/image\/","url":"https:\/\/jornaldasoficinas.com\/pt\/wp-content\/uploads\/logoJO-SEO.png","contentUrl":"https:\/\/jornaldasoficinas.com\/pt\/wp-content\/uploads\/logoJO-SEO.png","width":285,"height":450,"caption":"Jornal das Oficinas"},"image":{"@id":"https:\/\/jornaldasoficinas.com\/pt\/#\/schema\/logo\/image\/"},"sameAs":["https:\/\/www.facebook.com\/jornaloficinas","https:\/\/x.com\/jornaloficinas","https:\/\/www.instagram.com\/jornal_oficinas\/","https:\/\/www.linkedin.com\/company\/jornal-das-oficinas\/","https:\/\/www.youtube.com\/channel\/UCbQZBqtcvV-oSQrr7RzINGg"]},{"@type":"Person","@id":"https:\/\/jornaldasoficinas.com\/pt\/#\/schema\/person\/a38eef5de2c41d9e7c9ac10141afddf3","name":"Reda\u00e7\u00e3o JO","image":{"@type":"ImageObject","inLanguage":"pt-PT","@id":"https:\/\/secure.gravatar.com\/avatar\/71f2fa71737ad68a84fea94bc708ddac8ea5b0c4788dc2ad202f3ccb2887742f?s=96&d=wp_user_avatar&r=g","url":"https:\/\/secure.gravatar.com\/avatar\/71f2fa71737ad68a84fea94bc708ddac8ea5b0c4788dc2ad202f3ccb2887742f?s=96&d=wp_user_avatar&r=g","contentUrl":"https:\/\/secure.gravatar.com\/avatar\/71f2fa71737ad68a84fea94bc708ddac8ea5b0c4788dc2ad202f3ccb2887742f?s=96&d=wp_user_avatar&r=g","caption":"Reda\u00e7\u00e3o JO"},"url":"https:\/\/jornaldasoficinas.com\/pt\/author\/joredacao\/"}]}},"_links":{"self":[{"href":"https:\/\/jornaldasoficinas.com\/pt\/wp-json\/wp\/v2\/posts\/60239","targetHints":{"allow":["GET"]}}],"collection":[{"href":"https:\/\/jornaldasoficinas.com\/pt\/wp-json\/wp\/v2\/posts"}],"about":[{"href":"https:\/\/jornaldasoficinas.com\/pt\/wp-json\/wp\/v2\/types\/post"}],"author":[{"embeddable":true,"href":"https:\/\/jornaldasoficinas.com\/pt\/wp-json\/wp\/v2\/users\/15"}],"replies":[{"embeddable":true,"href":"https:\/\/jornaldasoficinas.com\/pt\/wp-json\/wp\/v2\/comments?post=60239"}],"version-history":[{"count":0,"href":"https:\/\/jornaldasoficinas.com\/pt\/wp-json\/wp\/v2\/posts\/60239\/revisions"}],"wp:featuredmedia":[{"embeddable":true,"href":"https:\/\/jornaldasoficinas.com\/pt\/wp-json\/wp\/v2\/media\/60240"}],"wp:attachment":[{"href":"https:\/\/jornaldasoficinas.com\/pt\/wp-json\/wp\/v2\/media?parent=60239"}],"wp:term":[{"taxonomy":"category","embeddable":true,"href":"https:\/\/jornaldasoficinas.com\/pt\/wp-json\/wp\/v2\/categories?post=60239"},{"taxonomy":"post_tag","embeddable":true,"href":"https:\/\/jornaldasoficinas.com\/pt\/wp-json\/wp\/v2\/tags?post=60239"}],"curies":[{"name":"wp","href":"https:\/\/api.w.org\/{rel}","templated":true}]}}