{"id":60337,"date":"2023-01-10T14:00:54","date_gmt":"2023-01-10T14:00:54","guid":{"rendered":"https:\/\/jornaldasoficinas.com\/pt\/?p=60337"},"modified":"2023-01-10T17:54:56","modified_gmt":"2023-01-10T17:54:56","slug":"mobi-e-reduz-28-830-toneladas-de-co2-em-2022","status":"publish","type":"post","link":"https:\/\/jornaldasoficinas.com\/pt\/mobi-e-reduz-28-830-toneladas-de-co2-em-2022\/","title":{"rendered":"Mobi.E reduz 28.830 toneladas de CO2 em 2022"},"content":{"rendered":"<p><strong><img loading=\"lazy\" decoding=\"async\" class=\"alignnone size-full wp-image-60279\" src=\"https:\/\/jornaldasoficinas.com\/pt\/wp-content\/uploads\/2023\/01\/Mobi.E-reduz-28.830-toneladas-de-CO2-em-2022-1.jpg\" alt=\"01 - Mobi.E reduz 28.830 toneladas de CO2 em 2022 1\" width=\"1024\" height=\"581\" srcset=\"https:\/\/jornaldasoficinas.com\/pt\/wp-content\/uploads\/2023\/01\/Mobi.E-reduz-28.830-toneladas-de-CO2-em-2022-1.jpg 1024w, https:\/\/jornaldasoficinas.com\/pt\/wp-content\/uploads\/2023\/01\/Mobi.E-reduz-28.830-toneladas-de-CO2-em-2022-1-300x170.jpg 300w, https:\/\/jornaldasoficinas.com\/pt\/wp-content\/uploads\/2023\/01\/Mobi.E-reduz-28.830-toneladas-de-CO2-em-2022-1-150x85.jpg 150w, https:\/\/jornaldasoficinas.com\/pt\/wp-content\/uploads\/2023\/01\/Mobi.E-reduz-28.830-toneladas-de-CO2-em-2022-1-768x436.jpg 768w\" sizes=\"auto, (max-width: 1024px) 100vw, 1024px\" \/><\/strong><\/p>\n<p><strong>Os recordes nos consumos e carregamentos registados na rede <a href=\"https:\/\/www.mobie.pt\/\" target=\"_blank\" rel=\"noopener\">Mobi.E<\/a> durante 2022 permitiram poupar a emiss\u00e3o de 28.830 toneladas de CO<sub>2,<\/sub>\u00a0representando um crescimento de 113% face ao ano anterior<\/strong><\/p>\n<p>O ano de 2022 foi o melhor de sempre para a mobilidade el\u00e9trica em Portugal, tendo a rede Mobi.E mantido uma tend\u00eancia crescente durante todo ano, que culminou em dezembro, quando, pela primeira vez, foram superados os 250.000 carregamentos mensais.<\/p>\n<p>Em termos acumulados, registaram-se mais de 2 milh\u00f5es e 490 mil carregamentos na rede Mobi.E, o que representou um aumento de 80% em compara\u00e7\u00e3o com o ano anterior. Os consumos de energia face ao per\u00edodo hom\u00f3logo aumentaram 110%, fixando-se em cerca de 36.650 MWh. O n\u00famero de utilizadores tamb\u00e9m subiu significativamente, 77% em rela\u00e7\u00e3o a 2021, com mais de 105 mil condutores a usarem pelo menos uma vez um dos postos da rede.<\/p>\n<p>Estes n\u00fameros demonstram a capacidade da rede Mobi.E em responder a aumentos significativos da procura, fator que permite conferir uma maior confian\u00e7a ao n\u00famero crescente de portugueses que t\u00eam vindo a aderir \u00e0 mobilidade el\u00e9trica.<\/p>\n<p>Recorde-se que o ano de 2022 ficou tamb\u00e9m marcado pelo alargamento da rede de acesso p\u00fablico aos 308 munic\u00edpios. O ritmo de crescimento da infraestrutura de carregamento superou em 45% o recorde do ano anterior, crescendo de uma m\u00e9dia de 20 para 29 postos de carregamento instalados por semana. A 31 de dezembro, existiam mais de 3.100 postos de acesso p\u00fablico, o que significa um aumento de cerca de 50% face a 2021, correspondendo a mais de 5.600 pontos de carregamento.<\/p>\n<p>Em termos de pot\u00eancia, houve tamb\u00e9m uma subida superior a 70%, quando comparamos com o ano de 2021, rondando atualmente os 166 mil kW. Neste in\u00edcio de ano, um ter\u00e7o da rede Mobi.E \u00e9 constitu\u00edda por postos de carregamento r\u00e1pido ou ultrarr\u00e1pido, isto \u00e9, com pot\u00eancias superiores a 22 kW.<\/p>\n<p>Durante o ano de 2022, registou-se ainda uma forte ades\u00e3o \u00e0 rede Mobi.E de postos de carregamento em espa\u00e7os de acesso privado, que aumentaram mais de 3,5 vezes ao longo do ano, bem demonstrativo das virtualidades da figura Detentores de Pontos de Carregamento (DPC) prevista no modelo Mobi.E e que s\u00f3 agora come\u00e7a a despertar o interesse quer de consumidores, quer de Operadores de Pontos de Carregamento.<\/p>\n","protected":false},"excerpt":{"rendered":"<p>Os recordes nos consumos e carregamentos&#8230;<\/p>\n","protected":false},"author":15,"featured_media":60279,"comment_status":"closed","ping_status":"closed","sticky":false,"template":"","format":"standard","meta":{"footnotes":""},"categories":[29],"tags":[2776,3716,2382,1421,3717,1767],"class_list":["post-60337","post","type-post","status-publish","format-standard","has-post-thumbnail","hentry","category-empresas","tag-2776","tag-crescimento-de-113","tag-mobi-e","tag-mobilidade-eletrica","tag-pontos-de-carregamento","tag-sustentabilidade"],"yoast_head":"<!-- This site is optimized with the Yoast SEO plugin v27.4 - https:\/\/yoast.com\/product\/yoast-seo-wordpress\/ -->\n<title>Mobi.E reduz 28.830 toneladas de CO2 em 2022 - Jornal das Oficinas<\/title>\n<meta name=\"description\" content=\"\u00a0Os recordes nos consumos e carregamentos registados na rede Mobi.E durante 2022 permitiram poupar a emiss\u00e3o de 28.830 toneladas de CO2\" \/>\n<meta name=\"robots\" content=\"index, follow, max-snippet:-1, max-image-preview:large, max-video-preview:-1\" \/>\n<link rel=\"canonical\" href=\"https:\/\/jornaldasoficinas.com\/pt\/mobi-e-reduz-28-830-toneladas-de-co2-em-2022\/\" \/>\n<meta property=\"og:locale\" content=\"pt_PT\" \/>\n<meta property=\"og:type\" content=\"article\" \/>\n<meta property=\"og:title\" content=\"Mobi.E reduz 28.830 toneladas de CO2 em 2022 - Jornal das Oficinas\" \/>\n<meta property=\"og:description\" content=\"\u00a0Os recordes nos consumos e carregamentos registados na rede Mobi.E durante 2022 permitiram poupar a emiss\u00e3o de 28.830 toneladas de CO2\" \/>\n<meta property=\"og:url\" content=\"https:\/\/jornaldasoficinas.com\/pt\/mobi-e-reduz-28-830-toneladas-de-co2-em-2022\/\" \/>\n<meta property=\"og:site_name\" content=\"Jornal das Oficinas\" \/>\n<meta property=\"article:publisher\" content=\"https:\/\/www.facebook.com\/jornaloficinas\" \/>\n<meta property=\"article:published_time\" content=\"2023-01-10T14:00:54+00:00\" \/>\n<meta property=\"article:modified_time\" content=\"2023-01-10T17:54:56+00:00\" \/>\n<meta property=\"og:image\" content=\"https:\/\/jornaldasoficinas.com\/pt\/wp-content\/uploads\/2023\/01\/Mobi.E-reduz-28.830-toneladas-de-CO2-em-2022-1.jpg\" \/>\n\t<meta property=\"og:image:width\" content=\"1024\" \/>\n\t<meta property=\"og:image:height\" content=\"581\" \/>\n\t<meta property=\"og:image:type\" content=\"image\/jpeg\" \/>\n<meta name=\"author\" content=\"Reda\u00e7\u00e3o JO\" \/>\n<meta name=\"twitter:card\" content=\"summary_large_image\" \/>\n<meta name=\"twitter:creator\" content=\"@jornaloficinas\" \/>\n<meta name=\"twitter:site\" content=\"@jornaloficinas\" \/>\n<meta name=\"twitter:label1\" content=\"Escrito por\" \/>\n\t<meta name=\"twitter:data1\" content=\"Reda\u00e7\u00e3o JO\" \/>\n\t<meta name=\"twitter:label2\" content=\"Tempo estimado de leitura\" \/>\n\t<meta name=\"twitter:data2\" content=\"2 minutos\" \/>\n<script type=\"application\/ld+json\" class=\"yoast-schema-graph\">{\"@context\":\"https:\\\/\\\/schema.org\",\"@graph\":[{\"@type\":\"Article\",\"@id\":\"https:\\\/\\\/jornaldasoficinas.com\\\/pt\\\/mobi-e-reduz-28-830-toneladas-de-co2-em-2022\\\/#article\",\"isPartOf\":{\"@id\":\"https:\\\/\\\/jornaldasoficinas.com\\\/pt\\\/mobi-e-reduz-28-830-toneladas-de-co2-em-2022\\\/\"},\"author\":{\"name\":\"Reda\u00e7\u00e3o JO\",\"@id\":\"https:\\\/\\\/jornaldasoficinas.com\\\/pt\\\/#\\\/schema\\\/person\\\/a38eef5de2c41d9e7c9ac10141afddf3\"},\"headline\":\"Mobi.E reduz 28.830 toneladas de CO2 em 2022\",\"datePublished\":\"2023-01-10T14:00:54+00:00\",\"dateModified\":\"2023-01-10T17:54:56+00:00\",\"mainEntityOfPage\":{\"@id\":\"https:\\\/\\\/jornaldasoficinas.com\\\/pt\\\/mobi-e-reduz-28-830-toneladas-de-co2-em-2022\\\/\"},\"wordCount\":388,\"publisher\":{\"@id\":\"https:\\\/\\\/jornaldasoficinas.com\\\/pt\\\/#organization\"},\"image\":{\"@id\":\"https:\\\/\\\/jornaldasoficinas.com\\\/pt\\\/mobi-e-reduz-28-830-toneladas-de-co2-em-2022\\\/#primaryimage\"},\"thumbnailUrl\":\"https:\\\/\\\/jornaldasoficinas.com\\\/pt\\\/wp-content\\\/uploads\\\/2023\\\/01\\\/Mobi.E-reduz-28.830-toneladas-de-CO2-em-2022-1.jpg\",\"keywords\":[\"2022\",\"crescimento de 113%\",\"Mobi.E\",\"Mobilidade el\u00e9trica\",\"pontos de carregamento\",\"Sustentabilidade\"],\"articleSection\":[\"Empresas\"],\"inLanguage\":\"pt-PT\"},{\"@type\":\"WebPage\",\"@id\":\"https:\\\/\\\/jornaldasoficinas.com\\\/pt\\\/mobi-e-reduz-28-830-toneladas-de-co2-em-2022\\\/\",\"url\":\"https:\\\/\\\/jornaldasoficinas.com\\\/pt\\\/mobi-e-reduz-28-830-toneladas-de-co2-em-2022\\\/\",\"name\":\"Mobi.E reduz 28.830 toneladas de CO2 em 2022 - Jornal das Oficinas\",\"isPartOf\":{\"@id\":\"https:\\\/\\\/jornaldasoficinas.com\\\/pt\\\/#website\"},\"primaryImageOfPage\":{\"@id\":\"https:\\\/\\\/jornaldasoficinas.com\\\/pt\\\/mobi-e-reduz-28-830-toneladas-de-co2-em-2022\\\/#primaryimage\"},\"image\":{\"@id\":\"https:\\\/\\\/jornaldasoficinas.com\\\/pt\\\/mobi-e-reduz-28-830-toneladas-de-co2-em-2022\\\/#primaryimage\"},\"thumbnailUrl\":\"https:\\\/\\\/jornaldasoficinas.com\\\/pt\\\/wp-content\\\/uploads\\\/2023\\\/01\\\/Mobi.E-reduz-28.830-toneladas-de-CO2-em-2022-1.jpg\",\"datePublished\":\"2023-01-10T14:00:54+00:00\",\"dateModified\":\"2023-01-10T17:54:56+00:00\",\"description\":\"\u00a0Os recordes nos consumos e carregamentos registados na rede Mobi.E durante 2022 permitiram poupar a emiss\u00e3o de 28.830 toneladas de CO2\",\"breadcrumb\":{\"@id\":\"https:\\\/\\\/jornaldasoficinas.com\\\/pt\\\/mobi-e-reduz-28-830-toneladas-de-co2-em-2022\\\/#breadcrumb\"},\"inLanguage\":\"pt-PT\",\"potentialAction\":[{\"@type\":\"ReadAction\",\"target\":[\"https:\\\/\\\/jornaldasoficinas.com\\\/pt\\\/mobi-e-reduz-28-830-toneladas-de-co2-em-2022\\\/\"]}]},{\"@type\":\"ImageObject\",\"inLanguage\":\"pt-PT\",\"@id\":\"https:\\\/\\\/jornaldasoficinas.com\\\/pt\\\/mobi-e-reduz-28-830-toneladas-de-co2-em-2022\\\/#primaryimage\",\"url\":\"https:\\\/\\\/jornaldasoficinas.com\\\/pt\\\/wp-content\\\/uploads\\\/2023\\\/01\\\/Mobi.E-reduz-28.830-toneladas-de-CO2-em-2022-1.jpg\",\"contentUrl\":\"https:\\\/\\\/jornaldasoficinas.com\\\/pt\\\/wp-content\\\/uploads\\\/2023\\\/01\\\/Mobi.E-reduz-28.830-toneladas-de-CO2-em-2022-1.jpg\",\"width\":1024,\"height\":581,\"caption\":\"01 - Mobi.E reduz 28.830 toneladas de CO2 em 2022 1\"},{\"@type\":\"BreadcrumbList\",\"@id\":\"https:\\\/\\\/jornaldasoficinas.com\\\/pt\\\/mobi-e-reduz-28-830-toneladas-de-co2-em-2022\\\/#breadcrumb\",\"itemListElement\":[{\"@type\":\"ListItem\",\"position\":1,\"name\":\"In\u00edcio\",\"item\":\"https:\\\/\\\/jornaldasoficinas.com\\\/pt\\\/\"},{\"@type\":\"ListItem\",\"position\":2,\"name\":\"Mobi.E reduz 28.830 toneladas de CO2 em 2022\"}]},{\"@type\":\"WebSite\",\"@id\":\"https:\\\/\\\/jornaldasoficinas.com\\\/pt\\\/#website\",\"url\":\"https:\\\/\\\/jornaldasoficinas.com\\\/pt\\\/\",\"name\":\"Jornal das Oficinas\",\"description\":\"Jornal independente do Aftermarket Autom\u00f3vel em Portugal\",\"publisher\":{\"@id\":\"https:\\\/\\\/jornaldasoficinas.com\\\/pt\\\/#organization\"},\"potentialAction\":[{\"@type\":\"SearchAction\",\"target\":{\"@type\":\"EntryPoint\",\"urlTemplate\":\"https:\\\/\\\/jornaldasoficinas.com\\\/pt\\\/?s={search_term_string}\"},\"query-input\":{\"@type\":\"PropertyValueSpecification\",\"valueRequired\":true,\"valueName\":\"search_term_string\"}}],\"inLanguage\":\"pt-PT\"},{\"@type\":\"Organization\",\"@id\":\"https:\\\/\\\/jornaldasoficinas.com\\\/pt\\\/#organization\",\"name\":\"Jornal das Oficinas\",\"url\":\"https:\\\/\\\/jornaldasoficinas.com\\\/pt\\\/\",\"logo\":{\"@type\":\"ImageObject\",\"inLanguage\":\"pt-PT\",\"@id\":\"https:\\\/\\\/jornaldasoficinas.com\\\/pt\\\/#\\\/schema\\\/logo\\\/image\\\/\",\"url\":\"https:\\\/\\\/jornaldasoficinas.com\\\/pt\\\/wp-content\\\/uploads\\\/logoJO-SEO.png\",\"contentUrl\":\"https:\\\/\\\/jornaldasoficinas.com\\\/pt\\\/wp-content\\\/uploads\\\/logoJO-SEO.png\",\"width\":285,\"height\":450,\"caption\":\"Jornal das Oficinas\"},\"image\":{\"@id\":\"https:\\\/\\\/jornaldasoficinas.com\\\/pt\\\/#\\\/schema\\\/logo\\\/image\\\/\"},\"sameAs\":[\"https:\\\/\\\/www.facebook.com\\\/jornaloficinas\",\"https:\\\/\\\/x.com\\\/jornaloficinas\",\"https:\\\/\\\/www.instagram.com\\\/jornal_oficinas\\\/\",\"https:\\\/\\\/www.linkedin.com\\\/company\\\/jornal-das-oficinas\\\/\",\"https:\\\/\\\/www.youtube.com\\\/channel\\\/UCbQZBqtcvV-oSQrr7RzINGg\"]},{\"@type\":\"Person\",\"@id\":\"https:\\\/\\\/jornaldasoficinas.com\\\/pt\\\/#\\\/schema\\\/person\\\/a38eef5de2c41d9e7c9ac10141afddf3\",\"name\":\"Reda\u00e7\u00e3o JO\",\"image\":{\"@type\":\"ImageObject\",\"inLanguage\":\"pt-PT\",\"@id\":\"https:\\\/\\\/secure.gravatar.com\\\/avatar\\\/71f2fa71737ad68a84fea94bc708ddac8ea5b0c4788dc2ad202f3ccb2887742f?s=96&d=wp_user_avatar&r=g\",\"url\":\"https:\\\/\\\/secure.gravatar.com\\\/avatar\\\/71f2fa71737ad68a84fea94bc708ddac8ea5b0c4788dc2ad202f3ccb2887742f?s=96&d=wp_user_avatar&r=g\",\"contentUrl\":\"https:\\\/\\\/secure.gravatar.com\\\/avatar\\\/71f2fa71737ad68a84fea94bc708ddac8ea5b0c4788dc2ad202f3ccb2887742f?s=96&d=wp_user_avatar&r=g\",\"caption\":\"Reda\u00e7\u00e3o JO\"},\"url\":\"https:\\\/\\\/jornaldasoficinas.com\\\/pt\\\/author\\\/joredacao\\\/\"}]}<\/script>\n<!-- \/ Yoast SEO plugin. -->","yoast_head_json":{"title":"Mobi.E reduz 28.830 toneladas de CO2 em 2022 - Jornal das Oficinas","description":"\u00a0Os recordes nos consumos e carregamentos registados na rede Mobi.E durante 2022 permitiram poupar a emiss\u00e3o de 28.830 toneladas de CO2","robots":{"index":"index","follow":"follow","max-snippet":"max-snippet:-1","max-image-preview":"max-image-preview:large","max-video-preview":"max-video-preview:-1"},"canonical":"https:\/\/jornaldasoficinas.com\/pt\/mobi-e-reduz-28-830-toneladas-de-co2-em-2022\/","og_locale":"pt_PT","og_type":"article","og_title":"Mobi.E reduz 28.830 toneladas de CO2 em 2022 - Jornal das Oficinas","og_description":"\u00a0Os recordes nos consumos e carregamentos registados na rede Mobi.E durante 2022 permitiram poupar a emiss\u00e3o de 28.830 toneladas de CO2","og_url":"https:\/\/jornaldasoficinas.com\/pt\/mobi-e-reduz-28-830-toneladas-de-co2-em-2022\/","og_site_name":"Jornal das Oficinas","article_publisher":"https:\/\/www.facebook.com\/jornaloficinas","article_published_time":"2023-01-10T14:00:54+00:00","article_modified_time":"2023-01-10T17:54:56+00:00","og_image":[{"width":1024,"height":581,"url":"https:\/\/jornaldasoficinas.com\/pt\/wp-content\/uploads\/2023\/01\/Mobi.E-reduz-28.830-toneladas-de-CO2-em-2022-1.jpg","type":"image\/jpeg"}],"author":"Reda\u00e7\u00e3o JO","twitter_card":"summary_large_image","twitter_creator":"@jornaloficinas","twitter_site":"@jornaloficinas","twitter_misc":{"Escrito por":"Reda\u00e7\u00e3o JO","Tempo estimado de leitura":"2 minutos"},"schema":{"@context":"https:\/\/schema.org","@graph":[{"@type":"Article","@id":"https:\/\/jornaldasoficinas.com\/pt\/mobi-e-reduz-28-830-toneladas-de-co2-em-2022\/#article","isPartOf":{"@id":"https:\/\/jornaldasoficinas.com\/pt\/mobi-e-reduz-28-830-toneladas-de-co2-em-2022\/"},"author":{"name":"Reda\u00e7\u00e3o JO","@id":"https:\/\/jornaldasoficinas.com\/pt\/#\/schema\/person\/a38eef5de2c41d9e7c9ac10141afddf3"},"headline":"Mobi.E reduz 28.830 toneladas de CO2 em 2022","datePublished":"2023-01-10T14:00:54+00:00","dateModified":"2023-01-10T17:54:56+00:00","mainEntityOfPage":{"@id":"https:\/\/jornaldasoficinas.com\/pt\/mobi-e-reduz-28-830-toneladas-de-co2-em-2022\/"},"wordCount":388,"publisher":{"@id":"https:\/\/jornaldasoficinas.com\/pt\/#organization"},"image":{"@id":"https:\/\/jornaldasoficinas.com\/pt\/mobi-e-reduz-28-830-toneladas-de-co2-em-2022\/#primaryimage"},"thumbnailUrl":"https:\/\/jornaldasoficinas.com\/pt\/wp-content\/uploads\/2023\/01\/Mobi.E-reduz-28.830-toneladas-de-CO2-em-2022-1.jpg","keywords":["2022","crescimento de 113%","Mobi.E","Mobilidade el\u00e9trica","pontos de carregamento","Sustentabilidade"],"articleSection":["Empresas"],"inLanguage":"pt-PT"},{"@type":"WebPage","@id":"https:\/\/jornaldasoficinas.com\/pt\/mobi-e-reduz-28-830-toneladas-de-co2-em-2022\/","url":"https:\/\/jornaldasoficinas.com\/pt\/mobi-e-reduz-28-830-toneladas-de-co2-em-2022\/","name":"Mobi.E reduz 28.830 toneladas de CO2 em 2022 - Jornal das Oficinas","isPartOf":{"@id":"https:\/\/jornaldasoficinas.com\/pt\/#website"},"primaryImageOfPage":{"@id":"https:\/\/jornaldasoficinas.com\/pt\/mobi-e-reduz-28-830-toneladas-de-co2-em-2022\/#primaryimage"},"image":{"@id":"https:\/\/jornaldasoficinas.com\/pt\/mobi-e-reduz-28-830-toneladas-de-co2-em-2022\/#primaryimage"},"thumbnailUrl":"https:\/\/jornaldasoficinas.com\/pt\/wp-content\/uploads\/2023\/01\/Mobi.E-reduz-28.830-toneladas-de-CO2-em-2022-1.jpg","datePublished":"2023-01-10T14:00:54+00:00","dateModified":"2023-01-10T17:54:56+00:00","description":"\u00a0Os recordes nos consumos e carregamentos registados na rede Mobi.E durante 2022 permitiram poupar a emiss\u00e3o de 28.830 toneladas de CO2","breadcrumb":{"@id":"https:\/\/jornaldasoficinas.com\/pt\/mobi-e-reduz-28-830-toneladas-de-co2-em-2022\/#breadcrumb"},"inLanguage":"pt-PT","potentialAction":[{"@type":"ReadAction","target":["https:\/\/jornaldasoficinas.com\/pt\/mobi-e-reduz-28-830-toneladas-de-co2-em-2022\/"]}]},{"@type":"ImageObject","inLanguage":"pt-PT","@id":"https:\/\/jornaldasoficinas.com\/pt\/mobi-e-reduz-28-830-toneladas-de-co2-em-2022\/#primaryimage","url":"https:\/\/jornaldasoficinas.com\/pt\/wp-content\/uploads\/2023\/01\/Mobi.E-reduz-28.830-toneladas-de-CO2-em-2022-1.jpg","contentUrl":"https:\/\/jornaldasoficinas.com\/pt\/wp-content\/uploads\/2023\/01\/Mobi.E-reduz-28.830-toneladas-de-CO2-em-2022-1.jpg","width":1024,"height":581,"caption":"01 - Mobi.E reduz 28.830 toneladas de CO2 em 2022 1"},{"@type":"BreadcrumbList","@id":"https:\/\/jornaldasoficinas.com\/pt\/mobi-e-reduz-28-830-toneladas-de-co2-em-2022\/#breadcrumb","itemListElement":[{"@type":"ListItem","position":1,"name":"In\u00edcio","item":"https:\/\/jornaldasoficinas.com\/pt\/"},{"@type":"ListItem","position":2,"name":"Mobi.E reduz 28.830 toneladas de CO2 em 2022"}]},{"@type":"WebSite","@id":"https:\/\/jornaldasoficinas.com\/pt\/#website","url":"https:\/\/jornaldasoficinas.com\/pt\/","name":"Jornal das Oficinas","description":"Jornal independente do Aftermarket Autom\u00f3vel em Portugal","publisher":{"@id":"https:\/\/jornaldasoficinas.com\/pt\/#organization"},"potentialAction":[{"@type":"SearchAction","target":{"@type":"EntryPoint","urlTemplate":"https:\/\/jornaldasoficinas.com\/pt\/?s={search_term_string}"},"query-input":{"@type":"PropertyValueSpecification","valueRequired":true,"valueName":"search_term_string"}}],"inLanguage":"pt-PT"},{"@type":"Organization","@id":"https:\/\/jornaldasoficinas.com\/pt\/#organization","name":"Jornal das Oficinas","url":"https:\/\/jornaldasoficinas.com\/pt\/","logo":{"@type":"ImageObject","inLanguage":"pt-PT","@id":"https:\/\/jornaldasoficinas.com\/pt\/#\/schema\/logo\/image\/","url":"https:\/\/jornaldasoficinas.com\/pt\/wp-content\/uploads\/logoJO-SEO.png","contentUrl":"https:\/\/jornaldasoficinas.com\/pt\/wp-content\/uploads\/logoJO-SEO.png","width":285,"height":450,"caption":"Jornal das Oficinas"},"image":{"@id":"https:\/\/jornaldasoficinas.com\/pt\/#\/schema\/logo\/image\/"},"sameAs":["https:\/\/www.facebook.com\/jornaloficinas","https:\/\/x.com\/jornaloficinas","https:\/\/www.instagram.com\/jornal_oficinas\/","https:\/\/www.linkedin.com\/company\/jornal-das-oficinas\/","https:\/\/www.youtube.com\/channel\/UCbQZBqtcvV-oSQrr7RzINGg"]},{"@type":"Person","@id":"https:\/\/jornaldasoficinas.com\/pt\/#\/schema\/person\/a38eef5de2c41d9e7c9ac10141afddf3","name":"Reda\u00e7\u00e3o JO","image":{"@type":"ImageObject","inLanguage":"pt-PT","@id":"https:\/\/secure.gravatar.com\/avatar\/71f2fa71737ad68a84fea94bc708ddac8ea5b0c4788dc2ad202f3ccb2887742f?s=96&d=wp_user_avatar&r=g","url":"https:\/\/secure.gravatar.com\/avatar\/71f2fa71737ad68a84fea94bc708ddac8ea5b0c4788dc2ad202f3ccb2887742f?s=96&d=wp_user_avatar&r=g","contentUrl":"https:\/\/secure.gravatar.com\/avatar\/71f2fa71737ad68a84fea94bc708ddac8ea5b0c4788dc2ad202f3ccb2887742f?s=96&d=wp_user_avatar&r=g","caption":"Reda\u00e7\u00e3o JO"},"url":"https:\/\/jornaldasoficinas.com\/pt\/author\/joredacao\/"}]}},"_links":{"self":[{"href":"https:\/\/jornaldasoficinas.com\/pt\/wp-json\/wp\/v2\/posts\/60337","targetHints":{"allow":["GET"]}}],"collection":[{"href":"https:\/\/jornaldasoficinas.com\/pt\/wp-json\/wp\/v2\/posts"}],"about":[{"href":"https:\/\/jornaldasoficinas.com\/pt\/wp-json\/wp\/v2\/types\/post"}],"author":[{"embeddable":true,"href":"https:\/\/jornaldasoficinas.com\/pt\/wp-json\/wp\/v2\/users\/15"}],"replies":[{"embeddable":true,"href":"https:\/\/jornaldasoficinas.com\/pt\/wp-json\/wp\/v2\/comments?post=60337"}],"version-history":[{"count":0,"href":"https:\/\/jornaldasoficinas.com\/pt\/wp-json\/wp\/v2\/posts\/60337\/revisions"}],"wp:featuredmedia":[{"embeddable":true,"href":"https:\/\/jornaldasoficinas.com\/pt\/wp-json\/wp\/v2\/media\/60279"}],"wp:attachment":[{"href":"https:\/\/jornaldasoficinas.com\/pt\/wp-json\/wp\/v2\/media?parent=60337"}],"wp:term":[{"taxonomy":"category","embeddable":true,"href":"https:\/\/jornaldasoficinas.com\/pt\/wp-json\/wp\/v2\/categories?post=60337"},{"taxonomy":"post_tag","embeddable":true,"href":"https:\/\/jornaldasoficinas.com\/pt\/wp-json\/wp\/v2\/tags?post=60337"}],"curies":[{"name":"wp","href":"https:\/\/api.w.org\/{rel}","templated":true}]}}