{"id":60463,"date":"2023-01-12T20:00:24","date_gmt":"2023-01-12T20:00:24","guid":{"rendered":"https:\/\/jornaldasoficinas.com\/pt\/?p=60463"},"modified":"2023-01-12T22:30:57","modified_gmt":"2023-01-12T22:30:57","slug":"soc-com-c-santos-esta-de-regresso-com-as-soctalks","status":"publish","type":"post","link":"https:\/\/jornaldasoficinas.com\/pt\/soc-com-c-santos-esta-de-regresso-com-as-soctalks\/","title":{"rendered":"Soc. Com. C. Santos est\u00e1 de regresso com as SocTalks"},"content":{"rendered":"<p><strong><img loading=\"lazy\" decoding=\"async\" class=\"alignnone size-full wp-image-60448\" src=\"https:\/\/jornaldasoficinas.com\/pt\/wp-content\/uploads\/2023\/01\/Soc.-Com.-C.-Santos-esta-de-regresso-com-as-SocTalks-.jpg\" alt=\"01 - Soc. Com. C. Santos esta de regresso com as SocTalks \" width=\"1024\" height=\"581\" srcset=\"https:\/\/jornaldasoficinas.com\/pt\/wp-content\/uploads\/2023\/01\/Soc.-Com.-C.-Santos-esta-de-regresso-com-as-SocTalks-.jpg 1024w, https:\/\/jornaldasoficinas.com\/pt\/wp-content\/uploads\/2023\/01\/Soc.-Com.-C.-Santos-esta-de-regresso-com-as-SocTalks--300x170.jpg 300w, https:\/\/jornaldasoficinas.com\/pt\/wp-content\/uploads\/2023\/01\/Soc.-Com.-C.-Santos-esta-de-regresso-com-as-SocTalks--150x85.jpg 150w, https:\/\/jornaldasoficinas.com\/pt\/wp-content\/uploads\/2023\/01\/Soc.-Com.-C.-Santos-esta-de-regresso-com-as-SocTalks--768x436.jpg 768w\" sizes=\"auto, (max-width: 1024px) 100vw, 1024px\" \/><\/strong><\/p>\n<p><strong>A <a href=\"https:\/\/www.soccsantos.pt\/\" target=\"_blank\" rel=\"noopener\">Sociedade Comercial C. Santos<\/a> promove, no pr\u00f3ximo dia 18 de janeiro, uma conversa digital sobre a eletrifica\u00e7\u00e3o dos ve\u00edculos comerciais ligeiros. Com transmiss\u00e3o em direto nas redes sociais do concession\u00e1rio <a href=\"https:\/\/www.google.com\/search?q=Mercedes-Benz&amp;oq=Mercedes-Benz&amp;aqs=chrome.0.69i59j69i60.119j0j7&amp;sourceid=chrome&amp;ie=UTF-8#:~:text=Mercedes%2DBenz%20%2D%20Mercedes,pt%20%E2%80%BA%20mercedes%2Dbenz\">Mercedes-Benz<\/a> e <a href=\"https:\/\/www.google.com\/url?sa=t&amp;rct=j&amp;q=&amp;esrc=s&amp;source=web&amp;cd=&amp;cad=rja&amp;uact=8&amp;ved=2ahUKEwjIzJ-sisP8AhV5if0HHeeLDDkQFnoECBQQAQ&amp;url=https%3A%2F%2Fpt.smart.com%2Fpt%2F&amp;usg=AOvVaw3jKVmeZzctAxRZazrKo2d2\">smart<\/a>, esta nova SocTalks ir\u00e1 contar com respons\u00e1veis de organismos e empresas com necessidades quotidianas de viaturas comerciais ligeiras<\/strong><\/p>\n<p>A pr\u00f3xima SocTalks est\u00e1 marcada para a pr\u00f3xima quarta-feira, 18 de janeiro de 2023, \u00e0s 11h00 (com dura\u00e7\u00e3o aproximada de uma hora). Ter\u00e1 como tema \u201cDesafios da eletrifica\u00e7\u00e3o no transporte urbano de passageiros e Mercadorias\u201d.<\/p>\n<p>Os participantes s\u00e3o Adelina Rodrigues, chefe da Divis\u00e3o de Energia e Mobilidade da <a href=\"https:\/\/www.cm-maia.pt\/\" target=\"_blank\" rel=\"noopener\">C\u00e2mara Municipal da Maia<\/a>, Pedro Correia, respons\u00e1vel de forma\u00e7\u00e3o operacional da <a href=\"https:\/\/www.dpd.com\/pt\/pt\/\" target=\"_blank\" rel=\"noopener\">DPD Portugal<\/a>, T\u00e2nia Monteiro, diretora de opera\u00e7\u00f5es da <a href=\"https:\/\/www.livingtours.com\/pt\/\" target=\"_blank\" rel=\"noopener\">Living Tours<\/a> e Aquiles Pinto, rela\u00e7\u00f5es p\u00fablicas da Sociedade Comercial C. Santos. A conversa ser\u00e1 moderada por Carlos Moura, jornalista da revista <a href=\"https:\/\/www.turbo.pt\/category\/turbo-comerciais\/\" target=\"_blank\" rel=\"noopener\">Turbo Comerciais<\/a> e representante portugu\u00eas no j\u00fari dos pr\u00e9mios <a href=\"https:\/\/van-of-the-year.com\/\" target=\"_blank\" rel=\"noopener\">International Van of the Year<\/a> e do International Pick-Up Award.<\/p>\n<p>A a\u00e7\u00e3o ser\u00e1 transmitida em direto no <a href=\"https:\/\/www.facebook.com\/soccsantos\" target=\"_blank\" rel=\"noopener\">Facebook<\/a>, <a href=\"https:\/\/www.linkedin.com\/company\/sociedadecomercialcsantos\/\" target=\"_blank\" rel=\"noopener\">LinkedIn<\/a> e <a href=\"https:\/\/www.youtube.com\/channel\/UCHFKphW3-WmqsXpZJMz5C4g\" target=\"_blank\" rel=\"noopener\">YouTube<\/a> da Sociedade Comercial C. Santos. O p\u00fablico poder\u00e1, atrav\u00e9s daqueles canais, colocar quest\u00f5es aos participantes.<\/p>\n<p>\u201cA eletrifica\u00e7\u00e3o \u00e9 discutida h\u00e1 alguns anos nos autom\u00f3veis de passageiros, mas \u00e9 um tema mais recente nas viaturas comerciais ligeiras, n\u00e3o obstante este tipo de ve\u00edculo ter uma utiliza\u00e7\u00e3o muito aplicada ao ambiente urbano, onde as emiss\u00f5es e o ru\u00eddo ser\u00e3o cada vez mais escrutinadas. Contar com a ajuda de representantes de organismos e empresas que t\u00eam grande experi\u00eancia no recurso a vans para elucidar o p\u00fablico sobre esta tem\u00e1tica \u00e9 excelente\u201d, referiu o rela\u00e7\u00f5es p\u00fablicas da Sociedade Comercial C. Santos, Aquiles Pinto.<\/p>\n<p>Esta ser\u00e1 a s\u00e9tima edi\u00e7\u00e3o das SocTalks. A Sociedade Comercial C. Santos valoriza a discuss\u00e3o isenta e gen\u00e9rica de temas importantes para a economia e para a mobilidade. Mais, considera que as empresas t\u00eam um papel fundamental na discuss\u00e3o do presente e futuro de \u00e1reas-chave para economia e sociedade.<\/p>\n<p>Foi com base nesta premissa que o representante Mercedes-Benz e smart implementou estas conversas digitais e presenciais. A ideia \u00e9 que se trate de pequenas conversas informais que sirvam para, de forma simples, esclarecer melhor o p\u00fablico.<\/p>\n<p>De referir que as SocTalks est\u00e3o, tamb\u00e9m, dispon\u00edveis em formato podcast. Trata-se de uma mais plataforma onde podem ser encontradas pelo p\u00fablico, juntando-se ao Facebook, YouTube e LinkedIn da empresa (onde s\u00e3o transmitidas em direto).<\/p>\n","protected":false},"excerpt":{"rendered":"<p>A Sociedade Comercial C. Santos promove,&#8230;<\/p>\n","protected":false},"author":15,"featured_media":60448,"comment_status":"closed","ping_status":"closed","sticky":false,"template":"","format":"standard","meta":{"footnotes":""},"categories":[29],"tags":[3765,3767,3766,3768,3234,2915,3764],"class_list":["post-60463","post","type-post","status-publish","format-standard","has-post-thumbnail","hentry","category-empresas","tag-18-de-janeiro","tag-dpd-portugal","tag-international-pick-up-award","tag-living-tours","tag-maia","tag-sociedade-comercial-c-santos","tag-soctalks"],"yoast_head":"<!-- This site is optimized with the Yoast SEO plugin v27.4 - https:\/\/yoast.com\/product\/yoast-seo-wordpress\/ -->\n<title>Soc. Com. C. Santos est\u00e1 de regresso com as SocTalks - Jornal das Oficinas<\/title>\n<meta name=\"description\" content=\"A Soc. Comercial C. Santos promove, no pr\u00f3ximo dia 18 de janeiro, uma conversa digital sobre a eletrifica\u00e7\u00e3o dos ve\u00edculos comerciais ligeiros\" \/>\n<meta name=\"robots\" content=\"index, follow, max-snippet:-1, max-image-preview:large, max-video-preview:-1\" \/>\n<link rel=\"canonical\" href=\"https:\/\/jornaldasoficinas.com\/pt\/soc-com-c-santos-esta-de-regresso-com-as-soctalks\/\" \/>\n<meta property=\"og:locale\" content=\"pt_PT\" \/>\n<meta property=\"og:type\" content=\"article\" \/>\n<meta property=\"og:title\" content=\"Soc. Com. C. Santos est\u00e1 de regresso com as SocTalks - Jornal das Oficinas\" \/>\n<meta property=\"og:description\" content=\"A Soc. Comercial C. Santos promove, no pr\u00f3ximo dia 18 de janeiro, uma conversa digital sobre a eletrifica\u00e7\u00e3o dos ve\u00edculos comerciais ligeiros\" \/>\n<meta property=\"og:url\" content=\"https:\/\/jornaldasoficinas.com\/pt\/soc-com-c-santos-esta-de-regresso-com-as-soctalks\/\" \/>\n<meta property=\"og:site_name\" content=\"Jornal das Oficinas\" \/>\n<meta property=\"article:publisher\" content=\"https:\/\/www.facebook.com\/jornaloficinas\" \/>\n<meta property=\"article:published_time\" content=\"2023-01-12T20:00:24+00:00\" \/>\n<meta property=\"article:modified_time\" content=\"2023-01-12T22:30:57+00:00\" \/>\n<meta property=\"og:image\" content=\"https:\/\/jornaldasoficinas.com\/pt\/wp-content\/uploads\/2023\/01\/Soc.-Com.-C.-Santos-esta-de-regresso-com-as-SocTalks-.jpg\" \/>\n\t<meta property=\"og:image:width\" content=\"1024\" \/>\n\t<meta property=\"og:image:height\" content=\"581\" \/>\n\t<meta property=\"og:image:type\" content=\"image\/jpeg\" \/>\n<meta name=\"author\" content=\"Reda\u00e7\u00e3o JO\" \/>\n<meta name=\"twitter:card\" content=\"summary_large_image\" \/>\n<meta name=\"twitter:creator\" content=\"@jornaloficinas\" \/>\n<meta name=\"twitter:site\" content=\"@jornaloficinas\" \/>\n<meta name=\"twitter:label1\" content=\"Escrito por\" \/>\n\t<meta name=\"twitter:data1\" content=\"Reda\u00e7\u00e3o JO\" \/>\n\t<meta name=\"twitter:label2\" content=\"Tempo estimado de leitura\" \/>\n\t<meta name=\"twitter:data2\" content=\"2 minutos\" \/>\n<script type=\"application\/ld+json\" class=\"yoast-schema-graph\">{\"@context\":\"https:\\\/\\\/schema.org\",\"@graph\":[{\"@type\":\"Article\",\"@id\":\"https:\\\/\\\/jornaldasoficinas.com\\\/pt\\\/soc-com-c-santos-esta-de-regresso-com-as-soctalks\\\/#article\",\"isPartOf\":{\"@id\":\"https:\\\/\\\/jornaldasoficinas.com\\\/pt\\\/soc-com-c-santos-esta-de-regresso-com-as-soctalks\\\/\"},\"author\":{\"name\":\"Reda\u00e7\u00e3o JO\",\"@id\":\"https:\\\/\\\/jornaldasoficinas.com\\\/pt\\\/#\\\/schema\\\/person\\\/a38eef5de2c41d9e7c9ac10141afddf3\"},\"headline\":\"Soc. Com. C. Santos est\u00e1 de regresso com as SocTalks\",\"datePublished\":\"2023-01-12T20:00:24+00:00\",\"dateModified\":\"2023-01-12T22:30:57+00:00\",\"mainEntityOfPage\":{\"@id\":\"https:\\\/\\\/jornaldasoficinas.com\\\/pt\\\/soc-com-c-santos-esta-de-regresso-com-as-soctalks\\\/\"},\"wordCount\":446,\"publisher\":{\"@id\":\"https:\\\/\\\/jornaldasoficinas.com\\\/pt\\\/#organization\"},\"image\":{\"@id\":\"https:\\\/\\\/jornaldasoficinas.com\\\/pt\\\/soc-com-c-santos-esta-de-regresso-com-as-soctalks\\\/#primaryimage\"},\"thumbnailUrl\":\"https:\\\/\\\/jornaldasoficinas.com\\\/pt\\\/wp-content\\\/uploads\\\/2023\\\/01\\\/Soc.-Com.-C.-Santos-esta-de-regresso-com-as-SocTalks-.jpg\",\"keywords\":[\"18 de janeiro\",\"DPD Portugal\",\"International Pick-Up Award\",\"Living Tours\",\"Maia\",\"Sociedade Comercial C. Santos\",\"SocTalks\"],\"articleSection\":[\"Empresas\"],\"inLanguage\":\"pt-PT\"},{\"@type\":\"WebPage\",\"@id\":\"https:\\\/\\\/jornaldasoficinas.com\\\/pt\\\/soc-com-c-santos-esta-de-regresso-com-as-soctalks\\\/\",\"url\":\"https:\\\/\\\/jornaldasoficinas.com\\\/pt\\\/soc-com-c-santos-esta-de-regresso-com-as-soctalks\\\/\",\"name\":\"Soc. Com. C. Santos est\u00e1 de regresso com as SocTalks - Jornal das Oficinas\",\"isPartOf\":{\"@id\":\"https:\\\/\\\/jornaldasoficinas.com\\\/pt\\\/#website\"},\"primaryImageOfPage\":{\"@id\":\"https:\\\/\\\/jornaldasoficinas.com\\\/pt\\\/soc-com-c-santos-esta-de-regresso-com-as-soctalks\\\/#primaryimage\"},\"image\":{\"@id\":\"https:\\\/\\\/jornaldasoficinas.com\\\/pt\\\/soc-com-c-santos-esta-de-regresso-com-as-soctalks\\\/#primaryimage\"},\"thumbnailUrl\":\"https:\\\/\\\/jornaldasoficinas.com\\\/pt\\\/wp-content\\\/uploads\\\/2023\\\/01\\\/Soc.-Com.-C.-Santos-esta-de-regresso-com-as-SocTalks-.jpg\",\"datePublished\":\"2023-01-12T20:00:24+00:00\",\"dateModified\":\"2023-01-12T22:30:57+00:00\",\"description\":\"A Soc. Comercial C. Santos promove, no pr\u00f3ximo dia 18 de janeiro, uma conversa digital sobre a eletrifica\u00e7\u00e3o dos ve\u00edculos comerciais ligeiros\",\"breadcrumb\":{\"@id\":\"https:\\\/\\\/jornaldasoficinas.com\\\/pt\\\/soc-com-c-santos-esta-de-regresso-com-as-soctalks\\\/#breadcrumb\"},\"inLanguage\":\"pt-PT\",\"potentialAction\":[{\"@type\":\"ReadAction\",\"target\":[\"https:\\\/\\\/jornaldasoficinas.com\\\/pt\\\/soc-com-c-santos-esta-de-regresso-com-as-soctalks\\\/\"]}]},{\"@type\":\"ImageObject\",\"inLanguage\":\"pt-PT\",\"@id\":\"https:\\\/\\\/jornaldasoficinas.com\\\/pt\\\/soc-com-c-santos-esta-de-regresso-com-as-soctalks\\\/#primaryimage\",\"url\":\"https:\\\/\\\/jornaldasoficinas.com\\\/pt\\\/wp-content\\\/uploads\\\/2023\\\/01\\\/Soc.-Com.-C.-Santos-esta-de-regresso-com-as-SocTalks-.jpg\",\"contentUrl\":\"https:\\\/\\\/jornaldasoficinas.com\\\/pt\\\/wp-content\\\/uploads\\\/2023\\\/01\\\/Soc.-Com.-C.-Santos-esta-de-regresso-com-as-SocTalks-.jpg\",\"width\":1024,\"height\":581,\"caption\":\"01 - Soc. Com. C. Santos esta de regresso com as SocTalks\"},{\"@type\":\"BreadcrumbList\",\"@id\":\"https:\\\/\\\/jornaldasoficinas.com\\\/pt\\\/soc-com-c-santos-esta-de-regresso-com-as-soctalks\\\/#breadcrumb\",\"itemListElement\":[{\"@type\":\"ListItem\",\"position\":1,\"name\":\"In\u00edcio\",\"item\":\"https:\\\/\\\/jornaldasoficinas.com\\\/pt\\\/\"},{\"@type\":\"ListItem\",\"position\":2,\"name\":\"Soc. Com. C. Santos est\u00e1 de regresso com as SocTalks\"}]},{\"@type\":\"WebSite\",\"@id\":\"https:\\\/\\\/jornaldasoficinas.com\\\/pt\\\/#website\",\"url\":\"https:\\\/\\\/jornaldasoficinas.com\\\/pt\\\/\",\"name\":\"Jornal das Oficinas\",\"description\":\"Jornal independente do Aftermarket Autom\u00f3vel em Portugal\",\"publisher\":{\"@id\":\"https:\\\/\\\/jornaldasoficinas.com\\\/pt\\\/#organization\"},\"potentialAction\":[{\"@type\":\"SearchAction\",\"target\":{\"@type\":\"EntryPoint\",\"urlTemplate\":\"https:\\\/\\\/jornaldasoficinas.com\\\/pt\\\/?s={search_term_string}\"},\"query-input\":{\"@type\":\"PropertyValueSpecification\",\"valueRequired\":true,\"valueName\":\"search_term_string\"}}],\"inLanguage\":\"pt-PT\"},{\"@type\":\"Organization\",\"@id\":\"https:\\\/\\\/jornaldasoficinas.com\\\/pt\\\/#organization\",\"name\":\"Jornal das Oficinas\",\"url\":\"https:\\\/\\\/jornaldasoficinas.com\\\/pt\\\/\",\"logo\":{\"@type\":\"ImageObject\",\"inLanguage\":\"pt-PT\",\"@id\":\"https:\\\/\\\/jornaldasoficinas.com\\\/pt\\\/#\\\/schema\\\/logo\\\/image\\\/\",\"url\":\"https:\\\/\\\/jornaldasoficinas.com\\\/pt\\\/wp-content\\\/uploads\\\/logoJO-SEO.png\",\"contentUrl\":\"https:\\\/\\\/jornaldasoficinas.com\\\/pt\\\/wp-content\\\/uploads\\\/logoJO-SEO.png\",\"width\":285,\"height\":450,\"caption\":\"Jornal das Oficinas\"},\"image\":{\"@id\":\"https:\\\/\\\/jornaldasoficinas.com\\\/pt\\\/#\\\/schema\\\/logo\\\/image\\\/\"},\"sameAs\":[\"https:\\\/\\\/www.facebook.com\\\/jornaloficinas\",\"https:\\\/\\\/x.com\\\/jornaloficinas\",\"https:\\\/\\\/www.instagram.com\\\/jornal_oficinas\\\/\",\"https:\\\/\\\/www.linkedin.com\\\/company\\\/jornal-das-oficinas\\\/\",\"https:\\\/\\\/www.youtube.com\\\/channel\\\/UCbQZBqtcvV-oSQrr7RzINGg\"]},{\"@type\":\"Person\",\"@id\":\"https:\\\/\\\/jornaldasoficinas.com\\\/pt\\\/#\\\/schema\\\/person\\\/a38eef5de2c41d9e7c9ac10141afddf3\",\"name\":\"Reda\u00e7\u00e3o JO\",\"image\":{\"@type\":\"ImageObject\",\"inLanguage\":\"pt-PT\",\"@id\":\"https:\\\/\\\/secure.gravatar.com\\\/avatar\\\/71f2fa71737ad68a84fea94bc708ddac8ea5b0c4788dc2ad202f3ccb2887742f?s=96&d=wp_user_avatar&r=g\",\"url\":\"https:\\\/\\\/secure.gravatar.com\\\/avatar\\\/71f2fa71737ad68a84fea94bc708ddac8ea5b0c4788dc2ad202f3ccb2887742f?s=96&d=wp_user_avatar&r=g\",\"contentUrl\":\"https:\\\/\\\/secure.gravatar.com\\\/avatar\\\/71f2fa71737ad68a84fea94bc708ddac8ea5b0c4788dc2ad202f3ccb2887742f?s=96&d=wp_user_avatar&r=g\",\"caption\":\"Reda\u00e7\u00e3o JO\"},\"url\":\"https:\\\/\\\/jornaldasoficinas.com\\\/pt\\\/author\\\/joredacao\\\/\"}]}<\/script>\n<!-- \/ Yoast SEO plugin. -->","yoast_head_json":{"title":"Soc. Com. C. Santos est\u00e1 de regresso com as SocTalks - Jornal das Oficinas","description":"A Soc. Comercial C. Santos promove, no pr\u00f3ximo dia 18 de janeiro, uma conversa digital sobre a eletrifica\u00e7\u00e3o dos ve\u00edculos comerciais ligeiros","robots":{"index":"index","follow":"follow","max-snippet":"max-snippet:-1","max-image-preview":"max-image-preview:large","max-video-preview":"max-video-preview:-1"},"canonical":"https:\/\/jornaldasoficinas.com\/pt\/soc-com-c-santos-esta-de-regresso-com-as-soctalks\/","og_locale":"pt_PT","og_type":"article","og_title":"Soc. Com. C. Santos est\u00e1 de regresso com as SocTalks - Jornal das Oficinas","og_description":"A Soc. Comercial C. Santos promove, no pr\u00f3ximo dia 18 de janeiro, uma conversa digital sobre a eletrifica\u00e7\u00e3o dos ve\u00edculos comerciais ligeiros","og_url":"https:\/\/jornaldasoficinas.com\/pt\/soc-com-c-santos-esta-de-regresso-com-as-soctalks\/","og_site_name":"Jornal das Oficinas","article_publisher":"https:\/\/www.facebook.com\/jornaloficinas","article_published_time":"2023-01-12T20:00:24+00:00","article_modified_time":"2023-01-12T22:30:57+00:00","og_image":[{"width":1024,"height":581,"url":"https:\/\/jornaldasoficinas.com\/pt\/wp-content\/uploads\/2023\/01\/Soc.-Com.-C.-Santos-esta-de-regresso-com-as-SocTalks-.jpg","type":"image\/jpeg"}],"author":"Reda\u00e7\u00e3o JO","twitter_card":"summary_large_image","twitter_creator":"@jornaloficinas","twitter_site":"@jornaloficinas","twitter_misc":{"Escrito por":"Reda\u00e7\u00e3o JO","Tempo estimado de leitura":"2 minutos"},"schema":{"@context":"https:\/\/schema.org","@graph":[{"@type":"Article","@id":"https:\/\/jornaldasoficinas.com\/pt\/soc-com-c-santos-esta-de-regresso-com-as-soctalks\/#article","isPartOf":{"@id":"https:\/\/jornaldasoficinas.com\/pt\/soc-com-c-santos-esta-de-regresso-com-as-soctalks\/"},"author":{"name":"Reda\u00e7\u00e3o JO","@id":"https:\/\/jornaldasoficinas.com\/pt\/#\/schema\/person\/a38eef5de2c41d9e7c9ac10141afddf3"},"headline":"Soc. Com. C. Santos est\u00e1 de regresso com as SocTalks","datePublished":"2023-01-12T20:00:24+00:00","dateModified":"2023-01-12T22:30:57+00:00","mainEntityOfPage":{"@id":"https:\/\/jornaldasoficinas.com\/pt\/soc-com-c-santos-esta-de-regresso-com-as-soctalks\/"},"wordCount":446,"publisher":{"@id":"https:\/\/jornaldasoficinas.com\/pt\/#organization"},"image":{"@id":"https:\/\/jornaldasoficinas.com\/pt\/soc-com-c-santos-esta-de-regresso-com-as-soctalks\/#primaryimage"},"thumbnailUrl":"https:\/\/jornaldasoficinas.com\/pt\/wp-content\/uploads\/2023\/01\/Soc.-Com.-C.-Santos-esta-de-regresso-com-as-SocTalks-.jpg","keywords":["18 de janeiro","DPD Portugal","International Pick-Up Award","Living Tours","Maia","Sociedade Comercial C. Santos","SocTalks"],"articleSection":["Empresas"],"inLanguage":"pt-PT"},{"@type":"WebPage","@id":"https:\/\/jornaldasoficinas.com\/pt\/soc-com-c-santos-esta-de-regresso-com-as-soctalks\/","url":"https:\/\/jornaldasoficinas.com\/pt\/soc-com-c-santos-esta-de-regresso-com-as-soctalks\/","name":"Soc. Com. C. Santos est\u00e1 de regresso com as SocTalks - Jornal das Oficinas","isPartOf":{"@id":"https:\/\/jornaldasoficinas.com\/pt\/#website"},"primaryImageOfPage":{"@id":"https:\/\/jornaldasoficinas.com\/pt\/soc-com-c-santos-esta-de-regresso-com-as-soctalks\/#primaryimage"},"image":{"@id":"https:\/\/jornaldasoficinas.com\/pt\/soc-com-c-santos-esta-de-regresso-com-as-soctalks\/#primaryimage"},"thumbnailUrl":"https:\/\/jornaldasoficinas.com\/pt\/wp-content\/uploads\/2023\/01\/Soc.-Com.-C.-Santos-esta-de-regresso-com-as-SocTalks-.jpg","datePublished":"2023-01-12T20:00:24+00:00","dateModified":"2023-01-12T22:30:57+00:00","description":"A Soc. Comercial C. Santos promove, no pr\u00f3ximo dia 18 de janeiro, uma conversa digital sobre a eletrifica\u00e7\u00e3o dos ve\u00edculos comerciais ligeiros","breadcrumb":{"@id":"https:\/\/jornaldasoficinas.com\/pt\/soc-com-c-santos-esta-de-regresso-com-as-soctalks\/#breadcrumb"},"inLanguage":"pt-PT","potentialAction":[{"@type":"ReadAction","target":["https:\/\/jornaldasoficinas.com\/pt\/soc-com-c-santos-esta-de-regresso-com-as-soctalks\/"]}]},{"@type":"ImageObject","inLanguage":"pt-PT","@id":"https:\/\/jornaldasoficinas.com\/pt\/soc-com-c-santos-esta-de-regresso-com-as-soctalks\/#primaryimage","url":"https:\/\/jornaldasoficinas.com\/pt\/wp-content\/uploads\/2023\/01\/Soc.-Com.-C.-Santos-esta-de-regresso-com-as-SocTalks-.jpg","contentUrl":"https:\/\/jornaldasoficinas.com\/pt\/wp-content\/uploads\/2023\/01\/Soc.-Com.-C.-Santos-esta-de-regresso-com-as-SocTalks-.jpg","width":1024,"height":581,"caption":"01 - Soc. Com. C. Santos esta de regresso com as SocTalks"},{"@type":"BreadcrumbList","@id":"https:\/\/jornaldasoficinas.com\/pt\/soc-com-c-santos-esta-de-regresso-com-as-soctalks\/#breadcrumb","itemListElement":[{"@type":"ListItem","position":1,"name":"In\u00edcio","item":"https:\/\/jornaldasoficinas.com\/pt\/"},{"@type":"ListItem","position":2,"name":"Soc. Com. C. Santos est\u00e1 de regresso com as SocTalks"}]},{"@type":"WebSite","@id":"https:\/\/jornaldasoficinas.com\/pt\/#website","url":"https:\/\/jornaldasoficinas.com\/pt\/","name":"Jornal das Oficinas","description":"Jornal independente do Aftermarket Autom\u00f3vel em Portugal","publisher":{"@id":"https:\/\/jornaldasoficinas.com\/pt\/#organization"},"potentialAction":[{"@type":"SearchAction","target":{"@type":"EntryPoint","urlTemplate":"https:\/\/jornaldasoficinas.com\/pt\/?s={search_term_string}"},"query-input":{"@type":"PropertyValueSpecification","valueRequired":true,"valueName":"search_term_string"}}],"inLanguage":"pt-PT"},{"@type":"Organization","@id":"https:\/\/jornaldasoficinas.com\/pt\/#organization","name":"Jornal das Oficinas","url":"https:\/\/jornaldasoficinas.com\/pt\/","logo":{"@type":"ImageObject","inLanguage":"pt-PT","@id":"https:\/\/jornaldasoficinas.com\/pt\/#\/schema\/logo\/image\/","url":"https:\/\/jornaldasoficinas.com\/pt\/wp-content\/uploads\/logoJO-SEO.png","contentUrl":"https:\/\/jornaldasoficinas.com\/pt\/wp-content\/uploads\/logoJO-SEO.png","width":285,"height":450,"caption":"Jornal das Oficinas"},"image":{"@id":"https:\/\/jornaldasoficinas.com\/pt\/#\/schema\/logo\/image\/"},"sameAs":["https:\/\/www.facebook.com\/jornaloficinas","https:\/\/x.com\/jornaloficinas","https:\/\/www.instagram.com\/jornal_oficinas\/","https:\/\/www.linkedin.com\/company\/jornal-das-oficinas\/","https:\/\/www.youtube.com\/channel\/UCbQZBqtcvV-oSQrr7RzINGg"]},{"@type":"Person","@id":"https:\/\/jornaldasoficinas.com\/pt\/#\/schema\/person\/a38eef5de2c41d9e7c9ac10141afddf3","name":"Reda\u00e7\u00e3o JO","image":{"@type":"ImageObject","inLanguage":"pt-PT","@id":"https:\/\/secure.gravatar.com\/avatar\/71f2fa71737ad68a84fea94bc708ddac8ea5b0c4788dc2ad202f3ccb2887742f?s=96&d=wp_user_avatar&r=g","url":"https:\/\/secure.gravatar.com\/avatar\/71f2fa71737ad68a84fea94bc708ddac8ea5b0c4788dc2ad202f3ccb2887742f?s=96&d=wp_user_avatar&r=g","contentUrl":"https:\/\/secure.gravatar.com\/avatar\/71f2fa71737ad68a84fea94bc708ddac8ea5b0c4788dc2ad202f3ccb2887742f?s=96&d=wp_user_avatar&r=g","caption":"Reda\u00e7\u00e3o JO"},"url":"https:\/\/jornaldasoficinas.com\/pt\/author\/joredacao\/"}]}},"_links":{"self":[{"href":"https:\/\/jornaldasoficinas.com\/pt\/wp-json\/wp\/v2\/posts\/60463","targetHints":{"allow":["GET"]}}],"collection":[{"href":"https:\/\/jornaldasoficinas.com\/pt\/wp-json\/wp\/v2\/posts"}],"about":[{"href":"https:\/\/jornaldasoficinas.com\/pt\/wp-json\/wp\/v2\/types\/post"}],"author":[{"embeddable":true,"href":"https:\/\/jornaldasoficinas.com\/pt\/wp-json\/wp\/v2\/users\/15"}],"replies":[{"embeddable":true,"href":"https:\/\/jornaldasoficinas.com\/pt\/wp-json\/wp\/v2\/comments?post=60463"}],"version-history":[{"count":0,"href":"https:\/\/jornaldasoficinas.com\/pt\/wp-json\/wp\/v2\/posts\/60463\/revisions"}],"wp:featuredmedia":[{"embeddable":true,"href":"https:\/\/jornaldasoficinas.com\/pt\/wp-json\/wp\/v2\/media\/60448"}],"wp:attachment":[{"href":"https:\/\/jornaldasoficinas.com\/pt\/wp-json\/wp\/v2\/media?parent=60463"}],"wp:term":[{"taxonomy":"category","embeddable":true,"href":"https:\/\/jornaldasoficinas.com\/pt\/wp-json\/wp\/v2\/categories?post=60463"},{"taxonomy":"post_tag","embeddable":true,"href":"https:\/\/jornaldasoficinas.com\/pt\/wp-json\/wp\/v2\/tags?post=60463"}],"curies":[{"name":"wp","href":"https:\/\/api.w.org\/{rel}","templated":true}]}}