{"id":60529,"date":"2023-01-16T08:00:18","date_gmt":"2023-01-16T08:00:18","guid":{"rendered":"https:\/\/jornaldasoficinas.com\/pt\/?p=60529"},"modified":"2023-01-17T23:59:40","modified_gmt":"2023-01-17T23:59:40","slug":"emt-de-valencia-distingue-projeto-cojali","status":"publish","type":"post","link":"https:\/\/jornaldasoficinas.com\/pt\/emt-de-valencia-distingue-projeto-cojali\/","title":{"rendered":"EMT de Val\u00eancia distingue projeto Cojali"},"content":{"rendered":"<p><strong><img loading=\"lazy\" decoding=\"async\" class=\"alignnone size-full wp-image-60512\" src=\"https:\/\/jornaldasoficinas.com\/pt\/wp-content\/uploads\/2023\/01\/EMT-de-Valencia-distingue-projeto-Cojali.png\" alt=\"01 - EMT de Valencia distingue projeto Cojali\" width=\"1024\" height=\"581\" srcset=\"https:\/\/jornaldasoficinas.com\/pt\/wp-content\/uploads\/2023\/01\/EMT-de-Valencia-distingue-projeto-Cojali.png 1024w, https:\/\/jornaldasoficinas.com\/pt\/wp-content\/uploads\/2023\/01\/EMT-de-Valencia-distingue-projeto-Cojali-300x170.png 300w, https:\/\/jornaldasoficinas.com\/pt\/wp-content\/uploads\/2023\/01\/EMT-de-Valencia-distingue-projeto-Cojali-150x85.png 150w, https:\/\/jornaldasoficinas.com\/pt\/wp-content\/uploads\/2023\/01\/EMT-de-Valencia-distingue-projeto-Cojali-768x436.png 768w\" sizes=\"auto, (max-width: 1024px) 100vw, 1024px\" \/><\/strong><strong>A <a href=\"https:\/\/emtvalencia.info\/es\/\" target=\"_blank\" rel=\"noopener\">EMT<\/a> de Val\u00eancia premiou o projeto <a href=\"https:\/\/www.cojali.com\/pt\/\" target=\"_blank\" rel=\"noopener\">Cojali<\/a> para a \u201cInstala\u00e7\u00e3o e coloca\u00e7\u00e3o em funcionamento de um sistema de sensoriza\u00e7\u00e3o, captura e explora\u00e7\u00e3o de dados ambientais e veicular na frota da Empresa Municipal de Transportes de Val\u00eancia S.A.U.&#8221; <\/strong><\/p>\n<p>O projeto, ser\u00e1 gerido pelo programa <a href=\"https:\/\/www.google.com\/url?sa=t&amp;rct=j&amp;q=&amp;esrc=s&amp;source=web&amp;cd=&amp;cad=rja&amp;uact=8&amp;ved=2ahUKEwjriJDd58_8AhU2VPEDHaxnCBcQFnoECBEQAQ&amp;url=https%3A%2F%2Fnext-generation-eu.europa.eu%2Findex_pt&amp;usg=AOvVaw2YEj9qED6dZl-66rGiHJ5q\"><em>NextGenerationEU<\/em><\/a> da Uni\u00e3o Europeia, contempla a implementa\u00e7\u00e3o de <a href=\"https:\/\/www.jaltest.com\/en\/telematics\/\" target=\"_blank\" rel=\"noopener\">Jaltest Telematics<\/a> como uma solu\u00e7\u00e3o global de gest\u00e3o de frotas que oferece diagn\u00f3stico remoto avan\u00e7ado e manuten\u00e7\u00e3o preditiva.<\/p>\n<p>Com este projeto, a EMT de Val\u00eancia procura maximizar a disponibilidade operacional da sua frota e otimizar a sua manuten\u00e7\u00e3o, conhecendo em cada momento o seu estado de \u201csa\u00fade\u201d. Gra\u00e7as ao potencial do diagn\u00f3stico remoto multimarca e multissistema oferecido por Jaltest Telematics, bem como a uma manuten\u00e7\u00e3o preditiva eficaz, esta solu\u00e7\u00e3o permite antecipar-se a poss\u00edveis falhas antes que elas ocorram, por meio de modelos de falhas e at\u00e9 planejando janelas de manuten\u00e7\u00e3o de acordo com a vida \u00fatil estimada dos componentes.<\/p>\n<p>Al\u00e9m disso, o fato de ter um dispositivo de bordo de alto desempenho que permite a intera\u00e7\u00e3o com o ve\u00edculo permite solucionar imprevistos na estrada, evitando assist\u00eancias na estrada e impactos dos usu\u00e1rios finais, gra\u00e7as \u00e0 possibilidade de realizar a\u00e7\u00f5es avan\u00e7adas remotamente como o apagamento de erros, <em>resets<\/em> ou mesmo regenera\u00e7\u00f5es do filtro de part\u00edculas.<\/p>\n<p>Este projeto, tamb\u00e9m contempla a implanta\u00e7\u00e3o de esta\u00e7\u00f5es ambientais a bordo dos ve\u00edculos e integradas em Jaltest Telematics, que permitir\u00e3o monitorar e avaliar os principais poluentes que afetam a qualidade do ar da cidade de Val\u00eancia, com precis\u00e3o suficiente para permitir a sua explora\u00e7\u00e3o de forma din\u00e2mica, cont\u00ednua no tempo e com cobertura de toda a cidade. Gra\u00e7as a esta solu\u00e7\u00e3o integrada com a plataforma ambiental da C\u00e2mara Municipal de Val\u00eancia, ser\u00e1 poss\u00edvel avan\u00e7ar para uma redu\u00e7\u00e3o das emiss\u00f5es poluentes e uma maior qualidade da mobilidade prestada na cidade de Val\u00eancia, promovendo tamb\u00e9m o transporte p\u00fablico.<\/p>\n<p>Jos\u00e9 \u00c1ngel Gallego, Diretor de Desenvolvimento de Neg\u00f3cios de Jaltest Telematics &amp; Data Analytics de Jaltest &amp; OEM Solutions, valorizou este pr\u00e9mio e indicou que &#8220;\u00e9 um projeto emocionante e estrat\u00e9gico para Cojali, onde \u00e9 colocado em valor todo o potencial do diagn\u00f3stico remoto e a manuten\u00e7\u00e3o preditiva de Jaltest Telematics, bem como as pr\u00f3prias capacidades tecnol\u00f3gicas e de engenharia para converter os ve\u00edculos da EMT em esta\u00e7\u00f5es ambientais m\u00f3veis que permitir\u00e3o \u00e0 C\u00e2mara de Val\u00eancia atingir os seus objetivos em termos de controlo de emiss\u00f5es e qualidade do ar&#8221;.<\/p>\n","protected":false},"excerpt":{"rendered":"<p>A EMT de Val\u00eancia premiou o&#8230;<\/p>\n","protected":false},"author":15,"featured_media":60512,"comment_status":"closed","ping_status":"closed","sticky":false,"template":"","format":"standard","meta":{"footnotes":""},"categories":[29],"tags":[229,3796,3794,230,3795,1387],"class_list":["post-60529","post","type-post","status-publish","format-standard","has-post-thumbnail","hentry","category-empresas","tag-cojali","tag-controlo-de-emissoes","tag-emt-de-valencia","tag-jaltest","tag-nextgenerationeu","tag-qualidade-do-ar"],"yoast_head":"<!-- This site is optimized with the Yoast SEO plugin v27.5 - https:\/\/yoast.com\/product\/yoast-seo-wordpress\/ -->\n<title>EMT de Val\u00eancia distingue projeto Cojali - Jornal das Oficinas<\/title>\n<meta name=\"description\" content=\"A EMT de Val\u00eancia premiou o projeto Cojali para a \u201cInstala\u00e7\u00e3o e coloca\u00e7\u00e3o em funcionamento de um sistema de sensoriza\u00e7\u00e3o de dados ambientais&quot;\" \/>\n<meta name=\"robots\" content=\"index, follow, max-snippet:-1, max-image-preview:large, max-video-preview:-1\" \/>\n<link rel=\"canonical\" href=\"https:\/\/jornaldasoficinas.com\/pt\/emt-de-valencia-distingue-projeto-cojali\/\" \/>\n<meta property=\"og:locale\" content=\"pt_PT\" \/>\n<meta property=\"og:type\" content=\"article\" \/>\n<meta property=\"og:title\" content=\"EMT de Val\u00eancia distingue projeto Cojali - Jornal das Oficinas\" \/>\n<meta property=\"og:description\" content=\"A EMT de Val\u00eancia premiou o projeto Cojali para a \u201cInstala\u00e7\u00e3o e coloca\u00e7\u00e3o em funcionamento de um sistema de sensoriza\u00e7\u00e3o de dados ambientais&quot;\" \/>\n<meta property=\"og:url\" content=\"https:\/\/jornaldasoficinas.com\/pt\/emt-de-valencia-distingue-projeto-cojali\/\" \/>\n<meta property=\"og:site_name\" content=\"Jornal das Oficinas\" \/>\n<meta property=\"article:publisher\" content=\"https:\/\/www.facebook.com\/jornaloficinas\" \/>\n<meta property=\"article:published_time\" content=\"2023-01-16T08:00:18+00:00\" \/>\n<meta property=\"article:modified_time\" content=\"2023-01-17T23:59:40+00:00\" \/>\n<meta property=\"og:image\" content=\"https:\/\/jornaldasoficinas.com\/pt\/wp-content\/uploads\/2023\/01\/EMT-de-Valencia-distingue-projeto-Cojali.png\" \/>\n\t<meta property=\"og:image:width\" content=\"1024\" \/>\n\t<meta property=\"og:image:height\" content=\"581\" \/>\n\t<meta property=\"og:image:type\" content=\"image\/png\" \/>\n<meta name=\"author\" content=\"Reda\u00e7\u00e3o JO\" \/>\n<meta name=\"twitter:card\" content=\"summary_large_image\" \/>\n<meta name=\"twitter:creator\" content=\"@jornaloficinas\" \/>\n<meta name=\"twitter:site\" content=\"@jornaloficinas\" \/>\n<meta name=\"twitter:label1\" content=\"Escrito por\" \/>\n\t<meta name=\"twitter:data1\" content=\"Reda\u00e7\u00e3o JO\" \/>\n\t<meta name=\"twitter:label2\" content=\"Tempo estimado de leitura\" \/>\n\t<meta name=\"twitter:data2\" content=\"2 minutos\" \/>\n<script type=\"application\/ld+json\" class=\"yoast-schema-graph\">{\"@context\":\"https:\\\/\\\/schema.org\",\"@graph\":[{\"@type\":\"Article\",\"@id\":\"https:\\\/\\\/jornaldasoficinas.com\\\/pt\\\/emt-de-valencia-distingue-projeto-cojali\\\/#article\",\"isPartOf\":{\"@id\":\"https:\\\/\\\/jornaldasoficinas.com\\\/pt\\\/emt-de-valencia-distingue-projeto-cojali\\\/\"},\"author\":{\"name\":\"Reda\u00e7\u00e3o JO\",\"@id\":\"https:\\\/\\\/jornaldasoficinas.com\\\/pt\\\/#\\\/schema\\\/person\\\/a38eef5de2c41d9e7c9ac10141afddf3\"},\"headline\":\"EMT de Val\u00eancia distingue projeto Cojali\",\"datePublished\":\"2023-01-16T08:00:18+00:00\",\"dateModified\":\"2023-01-17T23:59:40+00:00\",\"mainEntityOfPage\":{\"@id\":\"https:\\\/\\\/jornaldasoficinas.com\\\/pt\\\/emt-de-valencia-distingue-projeto-cojali\\\/\"},\"wordCount\":464,\"publisher\":{\"@id\":\"https:\\\/\\\/jornaldasoficinas.com\\\/pt\\\/#organization\"},\"image\":{\"@id\":\"https:\\\/\\\/jornaldasoficinas.com\\\/pt\\\/emt-de-valencia-distingue-projeto-cojali\\\/#primaryimage\"},\"thumbnailUrl\":\"https:\\\/\\\/jornaldasoficinas.com\\\/pt\\\/wp-content\\\/uploads\\\/2023\\\/01\\\/EMT-de-Valencia-distingue-projeto-Cojali.png\",\"keywords\":[\"Cojali\",\"controlo de emiss\u00f5es\",\"EMT de Val\u00eancia\",\"Jaltest\",\"NextGenerationEU\",\"Qualidade do ar\"],\"articleSection\":[\"Empresas\"],\"inLanguage\":\"pt-PT\"},{\"@type\":\"WebPage\",\"@id\":\"https:\\\/\\\/jornaldasoficinas.com\\\/pt\\\/emt-de-valencia-distingue-projeto-cojali\\\/\",\"url\":\"https:\\\/\\\/jornaldasoficinas.com\\\/pt\\\/emt-de-valencia-distingue-projeto-cojali\\\/\",\"name\":\"EMT de Val\u00eancia distingue projeto Cojali - Jornal das Oficinas\",\"isPartOf\":{\"@id\":\"https:\\\/\\\/jornaldasoficinas.com\\\/pt\\\/#website\"},\"primaryImageOfPage\":{\"@id\":\"https:\\\/\\\/jornaldasoficinas.com\\\/pt\\\/emt-de-valencia-distingue-projeto-cojali\\\/#primaryimage\"},\"image\":{\"@id\":\"https:\\\/\\\/jornaldasoficinas.com\\\/pt\\\/emt-de-valencia-distingue-projeto-cojali\\\/#primaryimage\"},\"thumbnailUrl\":\"https:\\\/\\\/jornaldasoficinas.com\\\/pt\\\/wp-content\\\/uploads\\\/2023\\\/01\\\/EMT-de-Valencia-distingue-projeto-Cojali.png\",\"datePublished\":\"2023-01-16T08:00:18+00:00\",\"dateModified\":\"2023-01-17T23:59:40+00:00\",\"description\":\"A EMT de Val\u00eancia premiou o projeto Cojali para a \u201cInstala\u00e7\u00e3o e coloca\u00e7\u00e3o em funcionamento de um sistema de sensoriza\u00e7\u00e3o de dados ambientais\\\"\",\"breadcrumb\":{\"@id\":\"https:\\\/\\\/jornaldasoficinas.com\\\/pt\\\/emt-de-valencia-distingue-projeto-cojali\\\/#breadcrumb\"},\"inLanguage\":\"pt-PT\",\"potentialAction\":[{\"@type\":\"ReadAction\",\"target\":[\"https:\\\/\\\/jornaldasoficinas.com\\\/pt\\\/emt-de-valencia-distingue-projeto-cojali\\\/\"]}]},{\"@type\":\"ImageObject\",\"inLanguage\":\"pt-PT\",\"@id\":\"https:\\\/\\\/jornaldasoficinas.com\\\/pt\\\/emt-de-valencia-distingue-projeto-cojali\\\/#primaryimage\",\"url\":\"https:\\\/\\\/jornaldasoficinas.com\\\/pt\\\/wp-content\\\/uploads\\\/2023\\\/01\\\/EMT-de-Valencia-distingue-projeto-Cojali.png\",\"contentUrl\":\"https:\\\/\\\/jornaldasoficinas.com\\\/pt\\\/wp-content\\\/uploads\\\/2023\\\/01\\\/EMT-de-Valencia-distingue-projeto-Cojali.png\",\"width\":1024,\"height\":581,\"caption\":\"01 - EMT de Valencia distingue projeto Cojali\"},{\"@type\":\"BreadcrumbList\",\"@id\":\"https:\\\/\\\/jornaldasoficinas.com\\\/pt\\\/emt-de-valencia-distingue-projeto-cojali\\\/#breadcrumb\",\"itemListElement\":[{\"@type\":\"ListItem\",\"position\":1,\"name\":\"In\u00edcio\",\"item\":\"https:\\\/\\\/jornaldasoficinas.com\\\/pt\\\/\"},{\"@type\":\"ListItem\",\"position\":2,\"name\":\"EMT de Val\u00eancia distingue projeto Cojali\"}]},{\"@type\":\"WebSite\",\"@id\":\"https:\\\/\\\/jornaldasoficinas.com\\\/pt\\\/#website\",\"url\":\"https:\\\/\\\/jornaldasoficinas.com\\\/pt\\\/\",\"name\":\"Jornal das Oficinas\",\"description\":\"Jornal independente do Aftermarket Autom\u00f3vel em Portugal\",\"publisher\":{\"@id\":\"https:\\\/\\\/jornaldasoficinas.com\\\/pt\\\/#organization\"},\"potentialAction\":[{\"@type\":\"SearchAction\",\"target\":{\"@type\":\"EntryPoint\",\"urlTemplate\":\"https:\\\/\\\/jornaldasoficinas.com\\\/pt\\\/?s={search_term_string}\"},\"query-input\":{\"@type\":\"PropertyValueSpecification\",\"valueRequired\":true,\"valueName\":\"search_term_string\"}}],\"inLanguage\":\"pt-PT\"},{\"@type\":\"Organization\",\"@id\":\"https:\\\/\\\/jornaldasoficinas.com\\\/pt\\\/#organization\",\"name\":\"Jornal das Oficinas\",\"url\":\"https:\\\/\\\/jornaldasoficinas.com\\\/pt\\\/\",\"logo\":{\"@type\":\"ImageObject\",\"inLanguage\":\"pt-PT\",\"@id\":\"https:\\\/\\\/jornaldasoficinas.com\\\/pt\\\/#\\\/schema\\\/logo\\\/image\\\/\",\"url\":\"https:\\\/\\\/jornaldasoficinas.com\\\/pt\\\/wp-content\\\/uploads\\\/logoJO-SEO.png\",\"contentUrl\":\"https:\\\/\\\/jornaldasoficinas.com\\\/pt\\\/wp-content\\\/uploads\\\/logoJO-SEO.png\",\"width\":285,\"height\":450,\"caption\":\"Jornal das Oficinas\"},\"image\":{\"@id\":\"https:\\\/\\\/jornaldasoficinas.com\\\/pt\\\/#\\\/schema\\\/logo\\\/image\\\/\"},\"sameAs\":[\"https:\\\/\\\/www.facebook.com\\\/jornaloficinas\",\"https:\\\/\\\/x.com\\\/jornaloficinas\",\"https:\\\/\\\/www.instagram.com\\\/jornal_oficinas\\\/\",\"https:\\\/\\\/www.linkedin.com\\\/company\\\/jornal-das-oficinas\\\/\",\"https:\\\/\\\/www.youtube.com\\\/channel\\\/UCbQZBqtcvV-oSQrr7RzINGg\"]},{\"@type\":\"Person\",\"@id\":\"https:\\\/\\\/jornaldasoficinas.com\\\/pt\\\/#\\\/schema\\\/person\\\/a38eef5de2c41d9e7c9ac10141afddf3\",\"name\":\"Reda\u00e7\u00e3o JO\",\"image\":{\"@type\":\"ImageObject\",\"inLanguage\":\"pt-PT\",\"@id\":\"https:\\\/\\\/secure.gravatar.com\\\/avatar\\\/71f2fa71737ad68a84fea94bc708ddac8ea5b0c4788dc2ad202f3ccb2887742f?s=96&d=wp_user_avatar&r=g\",\"url\":\"https:\\\/\\\/secure.gravatar.com\\\/avatar\\\/71f2fa71737ad68a84fea94bc708ddac8ea5b0c4788dc2ad202f3ccb2887742f?s=96&d=wp_user_avatar&r=g\",\"contentUrl\":\"https:\\\/\\\/secure.gravatar.com\\\/avatar\\\/71f2fa71737ad68a84fea94bc708ddac8ea5b0c4788dc2ad202f3ccb2887742f?s=96&d=wp_user_avatar&r=g\",\"caption\":\"Reda\u00e7\u00e3o JO\"},\"url\":\"https:\\\/\\\/jornaldasoficinas.com\\\/pt\\\/author\\\/joredacao\\\/\"}]}<\/script>\n<!-- \/ Yoast SEO plugin. -->","yoast_head_json":{"title":"EMT de Val\u00eancia distingue projeto Cojali - Jornal das Oficinas","description":"A EMT de Val\u00eancia premiou o projeto Cojali para a \u201cInstala\u00e7\u00e3o e coloca\u00e7\u00e3o em funcionamento de um sistema de sensoriza\u00e7\u00e3o de dados ambientais\"","robots":{"index":"index","follow":"follow","max-snippet":"max-snippet:-1","max-image-preview":"max-image-preview:large","max-video-preview":"max-video-preview:-1"},"canonical":"https:\/\/jornaldasoficinas.com\/pt\/emt-de-valencia-distingue-projeto-cojali\/","og_locale":"pt_PT","og_type":"article","og_title":"EMT de Val\u00eancia distingue projeto Cojali - Jornal das Oficinas","og_description":"A EMT de Val\u00eancia premiou o projeto Cojali para a \u201cInstala\u00e7\u00e3o e coloca\u00e7\u00e3o em funcionamento de um sistema de sensoriza\u00e7\u00e3o de dados ambientais\"","og_url":"https:\/\/jornaldasoficinas.com\/pt\/emt-de-valencia-distingue-projeto-cojali\/","og_site_name":"Jornal das Oficinas","article_publisher":"https:\/\/www.facebook.com\/jornaloficinas","article_published_time":"2023-01-16T08:00:18+00:00","article_modified_time":"2023-01-17T23:59:40+00:00","og_image":[{"width":1024,"height":581,"url":"https:\/\/jornaldasoficinas.com\/pt\/wp-content\/uploads\/2023\/01\/EMT-de-Valencia-distingue-projeto-Cojali.png","type":"image\/png"}],"author":"Reda\u00e7\u00e3o JO","twitter_card":"summary_large_image","twitter_creator":"@jornaloficinas","twitter_site":"@jornaloficinas","twitter_misc":{"Escrito por":"Reda\u00e7\u00e3o JO","Tempo estimado de leitura":"2 minutos"},"schema":{"@context":"https:\/\/schema.org","@graph":[{"@type":"Article","@id":"https:\/\/jornaldasoficinas.com\/pt\/emt-de-valencia-distingue-projeto-cojali\/#article","isPartOf":{"@id":"https:\/\/jornaldasoficinas.com\/pt\/emt-de-valencia-distingue-projeto-cojali\/"},"author":{"name":"Reda\u00e7\u00e3o JO","@id":"https:\/\/jornaldasoficinas.com\/pt\/#\/schema\/person\/a38eef5de2c41d9e7c9ac10141afddf3"},"headline":"EMT de Val\u00eancia distingue projeto Cojali","datePublished":"2023-01-16T08:00:18+00:00","dateModified":"2023-01-17T23:59:40+00:00","mainEntityOfPage":{"@id":"https:\/\/jornaldasoficinas.com\/pt\/emt-de-valencia-distingue-projeto-cojali\/"},"wordCount":464,"publisher":{"@id":"https:\/\/jornaldasoficinas.com\/pt\/#organization"},"image":{"@id":"https:\/\/jornaldasoficinas.com\/pt\/emt-de-valencia-distingue-projeto-cojali\/#primaryimage"},"thumbnailUrl":"https:\/\/jornaldasoficinas.com\/pt\/wp-content\/uploads\/2023\/01\/EMT-de-Valencia-distingue-projeto-Cojali.png","keywords":["Cojali","controlo de emiss\u00f5es","EMT de Val\u00eancia","Jaltest","NextGenerationEU","Qualidade do ar"],"articleSection":["Empresas"],"inLanguage":"pt-PT"},{"@type":"WebPage","@id":"https:\/\/jornaldasoficinas.com\/pt\/emt-de-valencia-distingue-projeto-cojali\/","url":"https:\/\/jornaldasoficinas.com\/pt\/emt-de-valencia-distingue-projeto-cojali\/","name":"EMT de Val\u00eancia distingue projeto Cojali - Jornal das Oficinas","isPartOf":{"@id":"https:\/\/jornaldasoficinas.com\/pt\/#website"},"primaryImageOfPage":{"@id":"https:\/\/jornaldasoficinas.com\/pt\/emt-de-valencia-distingue-projeto-cojali\/#primaryimage"},"image":{"@id":"https:\/\/jornaldasoficinas.com\/pt\/emt-de-valencia-distingue-projeto-cojali\/#primaryimage"},"thumbnailUrl":"https:\/\/jornaldasoficinas.com\/pt\/wp-content\/uploads\/2023\/01\/EMT-de-Valencia-distingue-projeto-Cojali.png","datePublished":"2023-01-16T08:00:18+00:00","dateModified":"2023-01-17T23:59:40+00:00","description":"A EMT de Val\u00eancia premiou o projeto Cojali para a \u201cInstala\u00e7\u00e3o e coloca\u00e7\u00e3o em funcionamento de um sistema de sensoriza\u00e7\u00e3o de dados ambientais\"","breadcrumb":{"@id":"https:\/\/jornaldasoficinas.com\/pt\/emt-de-valencia-distingue-projeto-cojali\/#breadcrumb"},"inLanguage":"pt-PT","potentialAction":[{"@type":"ReadAction","target":["https:\/\/jornaldasoficinas.com\/pt\/emt-de-valencia-distingue-projeto-cojali\/"]}]},{"@type":"ImageObject","inLanguage":"pt-PT","@id":"https:\/\/jornaldasoficinas.com\/pt\/emt-de-valencia-distingue-projeto-cojali\/#primaryimage","url":"https:\/\/jornaldasoficinas.com\/pt\/wp-content\/uploads\/2023\/01\/EMT-de-Valencia-distingue-projeto-Cojali.png","contentUrl":"https:\/\/jornaldasoficinas.com\/pt\/wp-content\/uploads\/2023\/01\/EMT-de-Valencia-distingue-projeto-Cojali.png","width":1024,"height":581,"caption":"01 - EMT de Valencia distingue projeto Cojali"},{"@type":"BreadcrumbList","@id":"https:\/\/jornaldasoficinas.com\/pt\/emt-de-valencia-distingue-projeto-cojali\/#breadcrumb","itemListElement":[{"@type":"ListItem","position":1,"name":"In\u00edcio","item":"https:\/\/jornaldasoficinas.com\/pt\/"},{"@type":"ListItem","position":2,"name":"EMT de Val\u00eancia distingue projeto Cojali"}]},{"@type":"WebSite","@id":"https:\/\/jornaldasoficinas.com\/pt\/#website","url":"https:\/\/jornaldasoficinas.com\/pt\/","name":"Jornal das Oficinas","description":"Jornal independente do Aftermarket Autom\u00f3vel em Portugal","publisher":{"@id":"https:\/\/jornaldasoficinas.com\/pt\/#organization"},"potentialAction":[{"@type":"SearchAction","target":{"@type":"EntryPoint","urlTemplate":"https:\/\/jornaldasoficinas.com\/pt\/?s={search_term_string}"},"query-input":{"@type":"PropertyValueSpecification","valueRequired":true,"valueName":"search_term_string"}}],"inLanguage":"pt-PT"},{"@type":"Organization","@id":"https:\/\/jornaldasoficinas.com\/pt\/#organization","name":"Jornal das Oficinas","url":"https:\/\/jornaldasoficinas.com\/pt\/","logo":{"@type":"ImageObject","inLanguage":"pt-PT","@id":"https:\/\/jornaldasoficinas.com\/pt\/#\/schema\/logo\/image\/","url":"https:\/\/jornaldasoficinas.com\/pt\/wp-content\/uploads\/logoJO-SEO.png","contentUrl":"https:\/\/jornaldasoficinas.com\/pt\/wp-content\/uploads\/logoJO-SEO.png","width":285,"height":450,"caption":"Jornal das Oficinas"},"image":{"@id":"https:\/\/jornaldasoficinas.com\/pt\/#\/schema\/logo\/image\/"},"sameAs":["https:\/\/www.facebook.com\/jornaloficinas","https:\/\/x.com\/jornaloficinas","https:\/\/www.instagram.com\/jornal_oficinas\/","https:\/\/www.linkedin.com\/company\/jornal-das-oficinas\/","https:\/\/www.youtube.com\/channel\/UCbQZBqtcvV-oSQrr7RzINGg"]},{"@type":"Person","@id":"https:\/\/jornaldasoficinas.com\/pt\/#\/schema\/person\/a38eef5de2c41d9e7c9ac10141afddf3","name":"Reda\u00e7\u00e3o JO","image":{"@type":"ImageObject","inLanguage":"pt-PT","@id":"https:\/\/secure.gravatar.com\/avatar\/71f2fa71737ad68a84fea94bc708ddac8ea5b0c4788dc2ad202f3ccb2887742f?s=96&d=wp_user_avatar&r=g","url":"https:\/\/secure.gravatar.com\/avatar\/71f2fa71737ad68a84fea94bc708ddac8ea5b0c4788dc2ad202f3ccb2887742f?s=96&d=wp_user_avatar&r=g","contentUrl":"https:\/\/secure.gravatar.com\/avatar\/71f2fa71737ad68a84fea94bc708ddac8ea5b0c4788dc2ad202f3ccb2887742f?s=96&d=wp_user_avatar&r=g","caption":"Reda\u00e7\u00e3o JO"},"url":"https:\/\/jornaldasoficinas.com\/pt\/author\/joredacao\/"}]}},"_links":{"self":[{"href":"https:\/\/jornaldasoficinas.com\/pt\/wp-json\/wp\/v2\/posts\/60529","targetHints":{"allow":["GET"]}}],"collection":[{"href":"https:\/\/jornaldasoficinas.com\/pt\/wp-json\/wp\/v2\/posts"}],"about":[{"href":"https:\/\/jornaldasoficinas.com\/pt\/wp-json\/wp\/v2\/types\/post"}],"author":[{"embeddable":true,"href":"https:\/\/jornaldasoficinas.com\/pt\/wp-json\/wp\/v2\/users\/15"}],"replies":[{"embeddable":true,"href":"https:\/\/jornaldasoficinas.com\/pt\/wp-json\/wp\/v2\/comments?post=60529"}],"version-history":[{"count":0,"href":"https:\/\/jornaldasoficinas.com\/pt\/wp-json\/wp\/v2\/posts\/60529\/revisions"}],"wp:featuredmedia":[{"embeddable":true,"href":"https:\/\/jornaldasoficinas.com\/pt\/wp-json\/wp\/v2\/media\/60512"}],"wp:attachment":[{"href":"https:\/\/jornaldasoficinas.com\/pt\/wp-json\/wp\/v2\/media?parent=60529"}],"wp:term":[{"taxonomy":"category","embeddable":true,"href":"https:\/\/jornaldasoficinas.com\/pt\/wp-json\/wp\/v2\/categories?post=60529"},{"taxonomy":"post_tag","embeddable":true,"href":"https:\/\/jornaldasoficinas.com\/pt\/wp-json\/wp\/v2\/tags?post=60529"}],"curies":[{"name":"wp","href":"https:\/\/api.w.org\/{rel}","templated":true}]}}