{"id":60558,"date":"2023-01-16T12:30:01","date_gmt":"2023-01-16T12:30:01","guid":{"rendered":"https:\/\/jornaldasoficinas.com\/pt\/?p=60558"},"modified":"2023-01-17T23:58:10","modified_gmt":"2023-01-17T23:58:10","slug":"pcc-aumenta-portfolio-com-compressores-parafuso-rta","status":"publish","type":"post","link":"https:\/\/jornaldasoficinas.com\/pt\/pcc-aumenta-portfolio-com-compressores-parafuso-rta\/","title":{"rendered":"PCC aumenta portf\u00f3lio com compressores parafuso RTA"},"content":{"rendered":"<p><strong><img loading=\"lazy\" decoding=\"async\" class=\"alignnone size-full wp-image-60559\" src=\"https:\/\/jornaldasoficinas.com\/pt\/wp-content\/uploads\/2023\/01\/PCC-aumenta-portfolio-com-compressores-parafuso-RTA.jpg\" alt=\"01 - PCC aumenta portfolio com compressores parafuso RTA\" width=\"1024\" height=\"581\" srcset=\"https:\/\/jornaldasoficinas.com\/pt\/wp-content\/uploads\/2023\/01\/PCC-aumenta-portfolio-com-compressores-parafuso-RTA.jpg 1024w, https:\/\/jornaldasoficinas.com\/pt\/wp-content\/uploads\/2023\/01\/PCC-aumenta-portfolio-com-compressores-parafuso-RTA-300x170.jpg 300w, https:\/\/jornaldasoficinas.com\/pt\/wp-content\/uploads\/2023\/01\/PCC-aumenta-portfolio-com-compressores-parafuso-RTA-150x85.jpg 150w, https:\/\/jornaldasoficinas.com\/pt\/wp-content\/uploads\/2023\/01\/PCC-aumenta-portfolio-com-compressores-parafuso-RTA-768x436.jpg 768w\" sizes=\"auto, (max-width: 1024px) 100vw, 1024px\" \/><\/strong><\/p>\n<p><strong>A <a href=\"https:\/\/www.pcc-lda.pt\/\" target=\"_blank\" rel=\"noopener\">PCC<\/a>, iniciou 2023 cheia de novidades! \u00c9 oficial, passaram a comercializar a nova gama de compressores de parafuso RTA da <a href=\"https:\/\/www.google.com\/url?sa=t&amp;rct=j&amp;q=&amp;esrc=s&amp;source=web&amp;cd=&amp;cad=rja&amp;uact=8&amp;ved=2ahUKEwio0tqv58_8AhXhYPEDHcuGDiIQFnoECAgQAQ&amp;url=https%3A%2F%2Fwww.puska.com%2Fpt&amp;usg=AOvVaw03xg5J46rUBcw4jYZrTsRl\">PUSKA<\/a><\/strong><\/p>\n<p>Os novos compressores de parafuso PUSKA RTA combinam experi\u00eancia e inova\u00e7\u00e3o. A fiabilidade reconhecida e o seu parafuso de \u00faltima gera\u00e7\u00e3o est\u00e3o no centro das principais caracter\u00edsticas da gama de compressores de ar comprimido RTA da PUSKA.<\/p>\n<p>Alto rendimento e tamanho reduzido. Uma combina\u00e7\u00e3o muito \u00fatil quando o compressor de ar tem de ser instalado junto \u00e0 \u00e1rea de trabalho, ou a \u00e1rea de trabalho \u00e9 pequena.<\/p>\n<p>A nova gama de compressores PUSKA, esta dispon\u00edvel em quatro variantes de pot\u00eancia: 5,5, 7,5, 11 e 15 kW com uma press\u00e3o entre 8 e 13 bar.<\/p>\n","protected":false},"excerpt":{"rendered":"<p>A PCC, iniciou 2023 cheia de&#8230;<\/p>\n","protected":false},"author":15,"featured_media":60559,"comment_status":"closed","ping_status":"closed","sticky":false,"template":"","format":"standard","meta":{"footnotes":""},"categories":[29],"tags":[1359,3859,340,3801,3800],"class_list":["post-60558","post","type-post","status-publish","format-standard","has-post-thumbnail","hentry","category-empresas","tag-compressores","tag-compressores-parafuso","tag-pcc","tag-puska","tag-rta"],"yoast_head":"<!-- This site is optimized with the Yoast SEO plugin v27.5 - https:\/\/yoast.com\/product\/yoast-seo-wordpress\/ -->\n<title>PCC aumenta portf\u00f3lio com compressores parafuso RTA - Jornal das Oficinas<\/title>\n<meta name=\"description\" content=\"A PCC, iniciou 2023 cheia de novidades! \u00c9 oficial, passaram a comercializar a nova gama de compressores de parafuso RTA da PUSKA\" \/>\n<meta name=\"robots\" content=\"index, follow, max-snippet:-1, max-image-preview:large, max-video-preview:-1\" \/>\n<link rel=\"canonical\" href=\"https:\/\/jornaldasoficinas.com\/pt\/pcc-aumenta-portfolio-com-compressores-parafuso-rta\/\" \/>\n<meta property=\"og:locale\" content=\"pt_PT\" \/>\n<meta property=\"og:type\" content=\"article\" \/>\n<meta property=\"og:title\" content=\"PCC aumenta portf\u00f3lio com compressores parafuso RTA - Jornal das Oficinas\" \/>\n<meta property=\"og:description\" content=\"A PCC, iniciou 2023 cheia de novidades! \u00c9 oficial, passaram a comercializar a nova gama de compressores de parafuso RTA da PUSKA\" \/>\n<meta property=\"og:url\" content=\"https:\/\/jornaldasoficinas.com\/pt\/pcc-aumenta-portfolio-com-compressores-parafuso-rta\/\" \/>\n<meta property=\"og:site_name\" content=\"Jornal das Oficinas\" \/>\n<meta property=\"article:publisher\" content=\"https:\/\/www.facebook.com\/jornaloficinas\" \/>\n<meta property=\"article:published_time\" content=\"2023-01-16T12:30:01+00:00\" \/>\n<meta property=\"article:modified_time\" content=\"2023-01-17T23:58:10+00:00\" \/>\n<meta property=\"og:image\" content=\"https:\/\/jornaldasoficinas.com\/pt\/wp-content\/uploads\/2023\/01\/PCC-aumenta-portfolio-com-compressores-parafuso-RTA.jpg\" \/>\n\t<meta property=\"og:image:width\" content=\"1024\" \/>\n\t<meta property=\"og:image:height\" content=\"581\" \/>\n\t<meta property=\"og:image:type\" content=\"image\/jpeg\" \/>\n<meta name=\"author\" content=\"Reda\u00e7\u00e3o JO\" \/>\n<meta name=\"twitter:card\" content=\"summary_large_image\" \/>\n<meta name=\"twitter:creator\" content=\"@jornaloficinas\" \/>\n<meta name=\"twitter:site\" content=\"@jornaloficinas\" \/>\n<meta name=\"twitter:label1\" content=\"Escrito por\" \/>\n\t<meta name=\"twitter:data1\" content=\"Reda\u00e7\u00e3o JO\" \/>\n\t<meta name=\"twitter:label2\" content=\"Tempo estimado de leitura\" \/>\n\t<meta name=\"twitter:data2\" content=\"1 minuto\" \/>\n<script type=\"application\/ld+json\" class=\"yoast-schema-graph\">{\"@context\":\"https:\\\/\\\/schema.org\",\"@graph\":[{\"@type\":\"Article\",\"@id\":\"https:\\\/\\\/jornaldasoficinas.com\\\/pt\\\/pcc-aumenta-portfolio-com-compressores-parafuso-rta\\\/#article\",\"isPartOf\":{\"@id\":\"https:\\\/\\\/jornaldasoficinas.com\\\/pt\\\/pcc-aumenta-portfolio-com-compressores-parafuso-rta\\\/\"},\"author\":{\"name\":\"Reda\u00e7\u00e3o JO\",\"@id\":\"https:\\\/\\\/jornaldasoficinas.com\\\/pt\\\/#\\\/schema\\\/person\\\/a38eef5de2c41d9e7c9ac10141afddf3\"},\"headline\":\"PCC aumenta portf\u00f3lio com compressores parafuso RTA\",\"datePublished\":\"2023-01-16T12:30:01+00:00\",\"dateModified\":\"2023-01-17T23:58:10+00:00\",\"mainEntityOfPage\":{\"@id\":\"https:\\\/\\\/jornaldasoficinas.com\\\/pt\\\/pcc-aumenta-portfolio-com-compressores-parafuso-rta\\\/\"},\"wordCount\":123,\"publisher\":{\"@id\":\"https:\\\/\\\/jornaldasoficinas.com\\\/pt\\\/#organization\"},\"image\":{\"@id\":\"https:\\\/\\\/jornaldasoficinas.com\\\/pt\\\/pcc-aumenta-portfolio-com-compressores-parafuso-rta\\\/#primaryimage\"},\"thumbnailUrl\":\"https:\\\/\\\/jornaldasoficinas.com\\\/pt\\\/wp-content\\\/uploads\\\/2023\\\/01\\\/PCC-aumenta-portfolio-com-compressores-parafuso-RTA.jpg\",\"keywords\":[\"Compressores\",\"Compressores Parafuso\",\"PCC\",\"PUSKA\",\"RTA\"],\"articleSection\":[\"Empresas\"],\"inLanguage\":\"pt-PT\"},{\"@type\":\"WebPage\",\"@id\":\"https:\\\/\\\/jornaldasoficinas.com\\\/pt\\\/pcc-aumenta-portfolio-com-compressores-parafuso-rta\\\/\",\"url\":\"https:\\\/\\\/jornaldasoficinas.com\\\/pt\\\/pcc-aumenta-portfolio-com-compressores-parafuso-rta\\\/\",\"name\":\"PCC aumenta portf\u00f3lio com compressores parafuso RTA - Jornal das Oficinas\",\"isPartOf\":{\"@id\":\"https:\\\/\\\/jornaldasoficinas.com\\\/pt\\\/#website\"},\"primaryImageOfPage\":{\"@id\":\"https:\\\/\\\/jornaldasoficinas.com\\\/pt\\\/pcc-aumenta-portfolio-com-compressores-parafuso-rta\\\/#primaryimage\"},\"image\":{\"@id\":\"https:\\\/\\\/jornaldasoficinas.com\\\/pt\\\/pcc-aumenta-portfolio-com-compressores-parafuso-rta\\\/#primaryimage\"},\"thumbnailUrl\":\"https:\\\/\\\/jornaldasoficinas.com\\\/pt\\\/wp-content\\\/uploads\\\/2023\\\/01\\\/PCC-aumenta-portfolio-com-compressores-parafuso-RTA.jpg\",\"datePublished\":\"2023-01-16T12:30:01+00:00\",\"dateModified\":\"2023-01-17T23:58:10+00:00\",\"description\":\"A PCC, iniciou 2023 cheia de novidades! \u00c9 oficial, passaram a comercializar a nova gama de compressores de parafuso RTA da PUSKA\",\"breadcrumb\":{\"@id\":\"https:\\\/\\\/jornaldasoficinas.com\\\/pt\\\/pcc-aumenta-portfolio-com-compressores-parafuso-rta\\\/#breadcrumb\"},\"inLanguage\":\"pt-PT\",\"potentialAction\":[{\"@type\":\"ReadAction\",\"target\":[\"https:\\\/\\\/jornaldasoficinas.com\\\/pt\\\/pcc-aumenta-portfolio-com-compressores-parafuso-rta\\\/\"]}]},{\"@type\":\"ImageObject\",\"inLanguage\":\"pt-PT\",\"@id\":\"https:\\\/\\\/jornaldasoficinas.com\\\/pt\\\/pcc-aumenta-portfolio-com-compressores-parafuso-rta\\\/#primaryimage\",\"url\":\"https:\\\/\\\/jornaldasoficinas.com\\\/pt\\\/wp-content\\\/uploads\\\/2023\\\/01\\\/PCC-aumenta-portfolio-com-compressores-parafuso-RTA.jpg\",\"contentUrl\":\"https:\\\/\\\/jornaldasoficinas.com\\\/pt\\\/wp-content\\\/uploads\\\/2023\\\/01\\\/PCC-aumenta-portfolio-com-compressores-parafuso-RTA.jpg\",\"width\":1024,\"height\":581,\"caption\":\"01 - PCC aumenta portfolio com compressores parafuso RTA\"},{\"@type\":\"BreadcrumbList\",\"@id\":\"https:\\\/\\\/jornaldasoficinas.com\\\/pt\\\/pcc-aumenta-portfolio-com-compressores-parafuso-rta\\\/#breadcrumb\",\"itemListElement\":[{\"@type\":\"ListItem\",\"position\":1,\"name\":\"In\u00edcio\",\"item\":\"https:\\\/\\\/jornaldasoficinas.com\\\/pt\\\/\"},{\"@type\":\"ListItem\",\"position\":2,\"name\":\"PCC aumenta portf\u00f3lio com compressores parafuso RTA\"}]},{\"@type\":\"WebSite\",\"@id\":\"https:\\\/\\\/jornaldasoficinas.com\\\/pt\\\/#website\",\"url\":\"https:\\\/\\\/jornaldasoficinas.com\\\/pt\\\/\",\"name\":\"Jornal das Oficinas\",\"description\":\"Jornal independente do Aftermarket Autom\u00f3vel em Portugal\",\"publisher\":{\"@id\":\"https:\\\/\\\/jornaldasoficinas.com\\\/pt\\\/#organization\"},\"potentialAction\":[{\"@type\":\"SearchAction\",\"target\":{\"@type\":\"EntryPoint\",\"urlTemplate\":\"https:\\\/\\\/jornaldasoficinas.com\\\/pt\\\/?s={search_term_string}\"},\"query-input\":{\"@type\":\"PropertyValueSpecification\",\"valueRequired\":true,\"valueName\":\"search_term_string\"}}],\"inLanguage\":\"pt-PT\"},{\"@type\":\"Organization\",\"@id\":\"https:\\\/\\\/jornaldasoficinas.com\\\/pt\\\/#organization\",\"name\":\"Jornal das Oficinas\",\"url\":\"https:\\\/\\\/jornaldasoficinas.com\\\/pt\\\/\",\"logo\":{\"@type\":\"ImageObject\",\"inLanguage\":\"pt-PT\",\"@id\":\"https:\\\/\\\/jornaldasoficinas.com\\\/pt\\\/#\\\/schema\\\/logo\\\/image\\\/\",\"url\":\"https:\\\/\\\/jornaldasoficinas.com\\\/pt\\\/wp-content\\\/uploads\\\/logoJO-SEO.png\",\"contentUrl\":\"https:\\\/\\\/jornaldasoficinas.com\\\/pt\\\/wp-content\\\/uploads\\\/logoJO-SEO.png\",\"width\":285,\"height\":450,\"caption\":\"Jornal das Oficinas\"},\"image\":{\"@id\":\"https:\\\/\\\/jornaldasoficinas.com\\\/pt\\\/#\\\/schema\\\/logo\\\/image\\\/\"},\"sameAs\":[\"https:\\\/\\\/www.facebook.com\\\/jornaloficinas\",\"https:\\\/\\\/x.com\\\/jornaloficinas\",\"https:\\\/\\\/www.instagram.com\\\/jornal_oficinas\\\/\",\"https:\\\/\\\/www.linkedin.com\\\/company\\\/jornal-das-oficinas\\\/\",\"https:\\\/\\\/www.youtube.com\\\/channel\\\/UCbQZBqtcvV-oSQrr7RzINGg\"]},{\"@type\":\"Person\",\"@id\":\"https:\\\/\\\/jornaldasoficinas.com\\\/pt\\\/#\\\/schema\\\/person\\\/a38eef5de2c41d9e7c9ac10141afddf3\",\"name\":\"Reda\u00e7\u00e3o JO\",\"image\":{\"@type\":\"ImageObject\",\"inLanguage\":\"pt-PT\",\"@id\":\"https:\\\/\\\/secure.gravatar.com\\\/avatar\\\/71f2fa71737ad68a84fea94bc708ddac8ea5b0c4788dc2ad202f3ccb2887742f?s=96&d=wp_user_avatar&r=g\",\"url\":\"https:\\\/\\\/secure.gravatar.com\\\/avatar\\\/71f2fa71737ad68a84fea94bc708ddac8ea5b0c4788dc2ad202f3ccb2887742f?s=96&d=wp_user_avatar&r=g\",\"contentUrl\":\"https:\\\/\\\/secure.gravatar.com\\\/avatar\\\/71f2fa71737ad68a84fea94bc708ddac8ea5b0c4788dc2ad202f3ccb2887742f?s=96&d=wp_user_avatar&r=g\",\"caption\":\"Reda\u00e7\u00e3o JO\"},\"url\":\"https:\\\/\\\/jornaldasoficinas.com\\\/pt\\\/author\\\/joredacao\\\/\"}]}<\/script>\n<!-- \/ Yoast SEO plugin. -->","yoast_head_json":{"title":"PCC aumenta portf\u00f3lio com compressores parafuso RTA - Jornal das Oficinas","description":"A PCC, iniciou 2023 cheia de novidades! \u00c9 oficial, passaram a comercializar a nova gama de compressores de parafuso RTA da PUSKA","robots":{"index":"index","follow":"follow","max-snippet":"max-snippet:-1","max-image-preview":"max-image-preview:large","max-video-preview":"max-video-preview:-1"},"canonical":"https:\/\/jornaldasoficinas.com\/pt\/pcc-aumenta-portfolio-com-compressores-parafuso-rta\/","og_locale":"pt_PT","og_type":"article","og_title":"PCC aumenta portf\u00f3lio com compressores parafuso RTA - Jornal das Oficinas","og_description":"A PCC, iniciou 2023 cheia de novidades! \u00c9 oficial, passaram a comercializar a nova gama de compressores de parafuso RTA da PUSKA","og_url":"https:\/\/jornaldasoficinas.com\/pt\/pcc-aumenta-portfolio-com-compressores-parafuso-rta\/","og_site_name":"Jornal das Oficinas","article_publisher":"https:\/\/www.facebook.com\/jornaloficinas","article_published_time":"2023-01-16T12:30:01+00:00","article_modified_time":"2023-01-17T23:58:10+00:00","og_image":[{"width":1024,"height":581,"url":"https:\/\/jornaldasoficinas.com\/pt\/wp-content\/uploads\/2023\/01\/PCC-aumenta-portfolio-com-compressores-parafuso-RTA.jpg","type":"image\/jpeg"}],"author":"Reda\u00e7\u00e3o JO","twitter_card":"summary_large_image","twitter_creator":"@jornaloficinas","twitter_site":"@jornaloficinas","twitter_misc":{"Escrito por":"Reda\u00e7\u00e3o JO","Tempo estimado de leitura":"1 minuto"},"schema":{"@context":"https:\/\/schema.org","@graph":[{"@type":"Article","@id":"https:\/\/jornaldasoficinas.com\/pt\/pcc-aumenta-portfolio-com-compressores-parafuso-rta\/#article","isPartOf":{"@id":"https:\/\/jornaldasoficinas.com\/pt\/pcc-aumenta-portfolio-com-compressores-parafuso-rta\/"},"author":{"name":"Reda\u00e7\u00e3o JO","@id":"https:\/\/jornaldasoficinas.com\/pt\/#\/schema\/person\/a38eef5de2c41d9e7c9ac10141afddf3"},"headline":"PCC aumenta portf\u00f3lio com compressores parafuso RTA","datePublished":"2023-01-16T12:30:01+00:00","dateModified":"2023-01-17T23:58:10+00:00","mainEntityOfPage":{"@id":"https:\/\/jornaldasoficinas.com\/pt\/pcc-aumenta-portfolio-com-compressores-parafuso-rta\/"},"wordCount":123,"publisher":{"@id":"https:\/\/jornaldasoficinas.com\/pt\/#organization"},"image":{"@id":"https:\/\/jornaldasoficinas.com\/pt\/pcc-aumenta-portfolio-com-compressores-parafuso-rta\/#primaryimage"},"thumbnailUrl":"https:\/\/jornaldasoficinas.com\/pt\/wp-content\/uploads\/2023\/01\/PCC-aumenta-portfolio-com-compressores-parafuso-RTA.jpg","keywords":["Compressores","Compressores Parafuso","PCC","PUSKA","RTA"],"articleSection":["Empresas"],"inLanguage":"pt-PT"},{"@type":"WebPage","@id":"https:\/\/jornaldasoficinas.com\/pt\/pcc-aumenta-portfolio-com-compressores-parafuso-rta\/","url":"https:\/\/jornaldasoficinas.com\/pt\/pcc-aumenta-portfolio-com-compressores-parafuso-rta\/","name":"PCC aumenta portf\u00f3lio com compressores parafuso RTA - Jornal das Oficinas","isPartOf":{"@id":"https:\/\/jornaldasoficinas.com\/pt\/#website"},"primaryImageOfPage":{"@id":"https:\/\/jornaldasoficinas.com\/pt\/pcc-aumenta-portfolio-com-compressores-parafuso-rta\/#primaryimage"},"image":{"@id":"https:\/\/jornaldasoficinas.com\/pt\/pcc-aumenta-portfolio-com-compressores-parafuso-rta\/#primaryimage"},"thumbnailUrl":"https:\/\/jornaldasoficinas.com\/pt\/wp-content\/uploads\/2023\/01\/PCC-aumenta-portfolio-com-compressores-parafuso-RTA.jpg","datePublished":"2023-01-16T12:30:01+00:00","dateModified":"2023-01-17T23:58:10+00:00","description":"A PCC, iniciou 2023 cheia de novidades! \u00c9 oficial, passaram a comercializar a nova gama de compressores de parafuso RTA da PUSKA","breadcrumb":{"@id":"https:\/\/jornaldasoficinas.com\/pt\/pcc-aumenta-portfolio-com-compressores-parafuso-rta\/#breadcrumb"},"inLanguage":"pt-PT","potentialAction":[{"@type":"ReadAction","target":["https:\/\/jornaldasoficinas.com\/pt\/pcc-aumenta-portfolio-com-compressores-parafuso-rta\/"]}]},{"@type":"ImageObject","inLanguage":"pt-PT","@id":"https:\/\/jornaldasoficinas.com\/pt\/pcc-aumenta-portfolio-com-compressores-parafuso-rta\/#primaryimage","url":"https:\/\/jornaldasoficinas.com\/pt\/wp-content\/uploads\/2023\/01\/PCC-aumenta-portfolio-com-compressores-parafuso-RTA.jpg","contentUrl":"https:\/\/jornaldasoficinas.com\/pt\/wp-content\/uploads\/2023\/01\/PCC-aumenta-portfolio-com-compressores-parafuso-RTA.jpg","width":1024,"height":581,"caption":"01 - PCC aumenta portfolio com compressores parafuso RTA"},{"@type":"BreadcrumbList","@id":"https:\/\/jornaldasoficinas.com\/pt\/pcc-aumenta-portfolio-com-compressores-parafuso-rta\/#breadcrumb","itemListElement":[{"@type":"ListItem","position":1,"name":"In\u00edcio","item":"https:\/\/jornaldasoficinas.com\/pt\/"},{"@type":"ListItem","position":2,"name":"PCC aumenta portf\u00f3lio com compressores parafuso RTA"}]},{"@type":"WebSite","@id":"https:\/\/jornaldasoficinas.com\/pt\/#website","url":"https:\/\/jornaldasoficinas.com\/pt\/","name":"Jornal das Oficinas","description":"Jornal independente do Aftermarket Autom\u00f3vel em Portugal","publisher":{"@id":"https:\/\/jornaldasoficinas.com\/pt\/#organization"},"potentialAction":[{"@type":"SearchAction","target":{"@type":"EntryPoint","urlTemplate":"https:\/\/jornaldasoficinas.com\/pt\/?s={search_term_string}"},"query-input":{"@type":"PropertyValueSpecification","valueRequired":true,"valueName":"search_term_string"}}],"inLanguage":"pt-PT"},{"@type":"Organization","@id":"https:\/\/jornaldasoficinas.com\/pt\/#organization","name":"Jornal das Oficinas","url":"https:\/\/jornaldasoficinas.com\/pt\/","logo":{"@type":"ImageObject","inLanguage":"pt-PT","@id":"https:\/\/jornaldasoficinas.com\/pt\/#\/schema\/logo\/image\/","url":"https:\/\/jornaldasoficinas.com\/pt\/wp-content\/uploads\/logoJO-SEO.png","contentUrl":"https:\/\/jornaldasoficinas.com\/pt\/wp-content\/uploads\/logoJO-SEO.png","width":285,"height":450,"caption":"Jornal das Oficinas"},"image":{"@id":"https:\/\/jornaldasoficinas.com\/pt\/#\/schema\/logo\/image\/"},"sameAs":["https:\/\/www.facebook.com\/jornaloficinas","https:\/\/x.com\/jornaloficinas","https:\/\/www.instagram.com\/jornal_oficinas\/","https:\/\/www.linkedin.com\/company\/jornal-das-oficinas\/","https:\/\/www.youtube.com\/channel\/UCbQZBqtcvV-oSQrr7RzINGg"]},{"@type":"Person","@id":"https:\/\/jornaldasoficinas.com\/pt\/#\/schema\/person\/a38eef5de2c41d9e7c9ac10141afddf3","name":"Reda\u00e7\u00e3o JO","image":{"@type":"ImageObject","inLanguage":"pt-PT","@id":"https:\/\/secure.gravatar.com\/avatar\/71f2fa71737ad68a84fea94bc708ddac8ea5b0c4788dc2ad202f3ccb2887742f?s=96&d=wp_user_avatar&r=g","url":"https:\/\/secure.gravatar.com\/avatar\/71f2fa71737ad68a84fea94bc708ddac8ea5b0c4788dc2ad202f3ccb2887742f?s=96&d=wp_user_avatar&r=g","contentUrl":"https:\/\/secure.gravatar.com\/avatar\/71f2fa71737ad68a84fea94bc708ddac8ea5b0c4788dc2ad202f3ccb2887742f?s=96&d=wp_user_avatar&r=g","caption":"Reda\u00e7\u00e3o JO"},"url":"https:\/\/jornaldasoficinas.com\/pt\/author\/joredacao\/"}]}},"_links":{"self":[{"href":"https:\/\/jornaldasoficinas.com\/pt\/wp-json\/wp\/v2\/posts\/60558","targetHints":{"allow":["GET"]}}],"collection":[{"href":"https:\/\/jornaldasoficinas.com\/pt\/wp-json\/wp\/v2\/posts"}],"about":[{"href":"https:\/\/jornaldasoficinas.com\/pt\/wp-json\/wp\/v2\/types\/post"}],"author":[{"embeddable":true,"href":"https:\/\/jornaldasoficinas.com\/pt\/wp-json\/wp\/v2\/users\/15"}],"replies":[{"embeddable":true,"href":"https:\/\/jornaldasoficinas.com\/pt\/wp-json\/wp\/v2\/comments?post=60558"}],"version-history":[{"count":0,"href":"https:\/\/jornaldasoficinas.com\/pt\/wp-json\/wp\/v2\/posts\/60558\/revisions"}],"wp:featuredmedia":[{"embeddable":true,"href":"https:\/\/jornaldasoficinas.com\/pt\/wp-json\/wp\/v2\/media\/60559"}],"wp:attachment":[{"href":"https:\/\/jornaldasoficinas.com\/pt\/wp-json\/wp\/v2\/media?parent=60558"}],"wp:term":[{"taxonomy":"category","embeddable":true,"href":"https:\/\/jornaldasoficinas.com\/pt\/wp-json\/wp\/v2\/categories?post=60558"},{"taxonomy":"post_tag","embeddable":true,"href":"https:\/\/jornaldasoficinas.com\/pt\/wp-json\/wp\/v2\/tags?post=60558"}],"curies":[{"name":"wp","href":"https:\/\/api.w.org\/{rel}","templated":true}]}}