{"id":60820,"date":"2023-01-19T20:00:08","date_gmt":"2023-01-19T20:00:08","guid":{"rendered":"https:\/\/jornaldasoficinas.com\/pt\/?p=60820"},"modified":"2023-01-19T09:00:25","modified_gmt":"2023-01-19T09:00:25","slug":"solera-e-formula-1-estendem-parceria-de-varios-anos","status":"publish","type":"post","link":"https:\/\/jornaldasoficinas.com\/pt\/solera-e-formula-1-estendem-parceria-de-varios-anos\/","title":{"rendered":"Solera e F\u00f3rmula 1 estendem parceria de v\u00e1rios anos"},"content":{"rendered":"<p><strong><img loading=\"lazy\" decoding=\"async\" class=\"alignnone size-full wp-image-60772\" src=\"https:\/\/jornaldasoficinas.com\/pt\/wp-content\/uploads\/2023\/01\/Solera-e-Formula-1-estendem-parceria-de-varios-anos.jpg\" alt=\"01 - Solera e Formula 1 estendem parceria de varios anos\" width=\"1024\" height=\"581\" srcset=\"https:\/\/jornaldasoficinas.com\/pt\/wp-content\/uploads\/2023\/01\/Solera-e-Formula-1-estendem-parceria-de-varios-anos.jpg 1024w, https:\/\/jornaldasoficinas.com\/pt\/wp-content\/uploads\/2023\/01\/Solera-e-Formula-1-estendem-parceria-de-varios-anos-300x170.jpg 300w, https:\/\/jornaldasoficinas.com\/pt\/wp-content\/uploads\/2023\/01\/Solera-e-Formula-1-estendem-parceria-de-varios-anos-150x85.jpg 150w, https:\/\/jornaldasoficinas.com\/pt\/wp-content\/uploads\/2023\/01\/Solera-e-Formula-1-estendem-parceria-de-varios-anos-768x436.jpg 768w\" sizes=\"auto, (max-width: 1024px) 100vw, 1024px\" \/><\/strong><\/p>\n<p><strong>A <a href=\"https:\/\/www.solera.com\/\" target=\"_blank\" rel=\"noopener\">Solera<\/a>, l\u00edder mundial na gest\u00e3o do ciclo de vida de ve\u00edculos, e a equipa de F\u00f3rmula 1 da <a href=\"https:\/\/www.mercedesamgf1.com\/en\/\" target=\"_blank\" rel=\"noopener\">Mercedes-AMG PETRONAS<\/a> anunciaram uma nova parceria, de v\u00e1rios anos, que sublinha a paix\u00e3o das duas empresas por impulsionar a inova\u00e7\u00e3o autom\u00f3vel<\/strong><\/p>\n<p>&#8220;A Solera e a equipa de F\u00f3rmula 1 da Mercedes-AMG PETRONAS partilham o mesmo compromisso para transformar a ind\u00fastria autom\u00f3vel\u201d, referiu Darko Dejanovic, CEO da Solera. &#8220;\u00c9 por isso que estamos entusiasmados com esta colabora\u00e7\u00e3o. Representa uma oportunidade para quebrar novas fronteiras e inspirar a excel\u00eancia \u00e0 escala global.\u201d<\/p>\n<p>A partir da temporada 2023 da F\u00f3rmula OneTM, a marca Solera aparecer\u00e1 no carro e na manga esquerda do piloto, no macac\u00e3o da equipa presente nas boxes e nas r\u00e9plicas das roupas da equipa. A marca Solera estar\u00e1 tamb\u00e9m presente nas pistas dos parceiros e nas garagens, juntamente com outras coloca\u00e7\u00f5es. A marca e o log\u00f3tipo da empresa tamb\u00e9m ser\u00e3o apresentados no ve\u00edculo de alto desempenho &#8220;Hot Laps Car&#8221; da Mercedes-Benz numa corrida durante a temporada. Al\u00e9m disso, Solera ter\u00e1 tamb\u00e9m acesso aos membros da equipa de F\u00f3rmula 1 da Mercedes-AMGPETRONAS, incluindo os pilotos Lewis Hamilton e George Russell. A marca Solera ser\u00e1 revelada no carro 2023 F1 da equipa durante os testes de pr\u00e9-\u00e9poca em fevereiro de 2023.<\/p>\n<p>&#8220;A inova\u00e7\u00e3o de dados, combinada com o impulso para o m\u00e1ximo desempenho atrav\u00e9s de pessoas, processos e tecnologia, s\u00e3o marcas de uma empresa e equipa de sucesso&#8221;, disse Toto Wolff, Team Principal e CEO da Equipa de F\u00f3rmula 1 da Mercedes-AMG PETRONAS. &#8220;Estamos encantados por acolher a Solera na equipa como parceiro, n\u00e3o s\u00f3 devido \u00e0 sua reputa\u00e7\u00e3o como l\u00edder da ind\u00fastria, mas tamb\u00e9m devido \u00e0s cren\u00e7as e valores partilhados&#8221;.<\/p>\n<p>&#8220;\u00c9 fant\u00e1stico receber a Solera na nossa crescente fam\u00edlia de parceiros&#8221;, afirmou Richard Sanders, Director Comercial da Equipa de F\u00f3rmula 1 da Mercedes-AMG PETRONAS. &#8220;Como l\u00edderes nas respetivas ind\u00fastrias, existem muitas sinergias entre as duas empresas. Estamos entusiasmados por iniciar a esta rela\u00e7\u00e3o e destacar a marca Solera para o nosso p\u00fablico global&#8221;.<\/p>\n","protected":false},"excerpt":{"rendered":"<p>A Solera, l\u00edder mundial na gest\u00e3o&#8230;<\/p>\n","protected":false},"author":15,"featured_media":60772,"comment_status":"closed","ping_status":"closed","sticky":false,"template":"","format":"standard","meta":{"footnotes":""},"categories":[29],"tags":[3882,1543,3883,1516,3884,1053],"class_list":["post-60820","post","type-post","status-publish","format-standard","has-post-thumbnail","hentry","category-empresas","tag-amg-petronas","tag-formula-1","tag-inovacao-automovel","tag-mercedes","tag-nova-parceria","tag-solera"],"yoast_head":"<!-- This site is optimized with the Yoast SEO plugin v27.4 - https:\/\/yoast.com\/product\/yoast-seo-wordpress\/ -->\n<title>Solera e F\u00f3rmula 1 estendem parceria de v\u00e1rios anos - Jornal das Oficinas<\/title>\n<meta name=\"description\" content=\"A Solera, l\u00edder mundial na gest\u00e3o do ciclo de vida de ve\u00edculos, e a equipa de F\u00f3rmula 1 da Mercedes-AMG PETRONAS anunciaram uma nova parceria\" \/>\n<meta name=\"robots\" content=\"index, follow, max-snippet:-1, max-image-preview:large, max-video-preview:-1\" \/>\n<link rel=\"canonical\" href=\"https:\/\/jornaldasoficinas.com\/pt\/solera-e-formula-1-estendem-parceria-de-varios-anos\/\" \/>\n<meta property=\"og:locale\" content=\"pt_PT\" \/>\n<meta property=\"og:type\" content=\"article\" \/>\n<meta property=\"og:title\" content=\"Solera e F\u00f3rmula 1 estendem parceria de v\u00e1rios anos - Jornal das Oficinas\" \/>\n<meta property=\"og:description\" content=\"A Solera, l\u00edder mundial na gest\u00e3o do ciclo de vida de ve\u00edculos, e a equipa de F\u00f3rmula 1 da Mercedes-AMG PETRONAS anunciaram uma nova parceria\" \/>\n<meta property=\"og:url\" content=\"https:\/\/jornaldasoficinas.com\/pt\/solera-e-formula-1-estendem-parceria-de-varios-anos\/\" \/>\n<meta property=\"og:site_name\" content=\"Jornal das Oficinas\" \/>\n<meta property=\"article:publisher\" content=\"https:\/\/www.facebook.com\/jornaloficinas\" \/>\n<meta property=\"article:published_time\" content=\"2023-01-19T20:00:08+00:00\" \/>\n<meta property=\"og:image\" content=\"https:\/\/jornaldasoficinas.com\/pt\/wp-content\/uploads\/2023\/01\/Solera-e-Formula-1-estendem-parceria-de-varios-anos.jpg\" \/>\n\t<meta property=\"og:image:width\" content=\"1024\" \/>\n\t<meta property=\"og:image:height\" content=\"581\" \/>\n\t<meta property=\"og:image:type\" content=\"image\/jpeg\" \/>\n<meta name=\"author\" content=\"Reda\u00e7\u00e3o JO\" \/>\n<meta name=\"twitter:card\" content=\"summary_large_image\" \/>\n<meta name=\"twitter:creator\" content=\"@jornaloficinas\" \/>\n<meta name=\"twitter:site\" content=\"@jornaloficinas\" \/>\n<meta name=\"twitter:label1\" content=\"Escrito por\" \/>\n\t<meta name=\"twitter:data1\" content=\"Reda\u00e7\u00e3o JO\" \/>\n\t<meta name=\"twitter:label2\" content=\"Tempo estimado de leitura\" \/>\n\t<meta name=\"twitter:data2\" content=\"2 minutos\" \/>\n<script type=\"application\/ld+json\" class=\"yoast-schema-graph\">{\"@context\":\"https:\\\/\\\/schema.org\",\"@graph\":[{\"@type\":\"Article\",\"@id\":\"https:\\\/\\\/jornaldasoficinas.com\\\/pt\\\/solera-e-formula-1-estendem-parceria-de-varios-anos\\\/#article\",\"isPartOf\":{\"@id\":\"https:\\\/\\\/jornaldasoficinas.com\\\/pt\\\/solera-e-formula-1-estendem-parceria-de-varios-anos\\\/\"},\"author\":{\"name\":\"Reda\u00e7\u00e3o JO\",\"@id\":\"https:\\\/\\\/jornaldasoficinas.com\\\/pt\\\/#\\\/schema\\\/person\\\/a38eef5de2c41d9e7c9ac10141afddf3\"},\"headline\":\"Solera e F\u00f3rmula 1 estendem parceria de v\u00e1rios anos\",\"datePublished\":\"2023-01-19T20:00:08+00:00\",\"mainEntityOfPage\":{\"@id\":\"https:\\\/\\\/jornaldasoficinas.com\\\/pt\\\/solera-e-formula-1-estendem-parceria-de-varios-anos\\\/\"},\"wordCount\":374,\"publisher\":{\"@id\":\"https:\\\/\\\/jornaldasoficinas.com\\\/pt\\\/#organization\"},\"image\":{\"@id\":\"https:\\\/\\\/jornaldasoficinas.com\\\/pt\\\/solera-e-formula-1-estendem-parceria-de-varios-anos\\\/#primaryimage\"},\"thumbnailUrl\":\"https:\\\/\\\/jornaldasoficinas.com\\\/pt\\\/wp-content\\\/uploads\\\/2023\\\/01\\\/Solera-e-Formula-1-estendem-parceria-de-varios-anos.jpg\",\"keywords\":[\"AMG Petronas\",\"Formula 1\",\"Inova\u00e7\u00e3o autom\u00f3vel\",\"Mercedes\",\"nova parceria\",\"Solera\"],\"articleSection\":[\"Empresas\"],\"inLanguage\":\"pt-PT\"},{\"@type\":\"WebPage\",\"@id\":\"https:\\\/\\\/jornaldasoficinas.com\\\/pt\\\/solera-e-formula-1-estendem-parceria-de-varios-anos\\\/\",\"url\":\"https:\\\/\\\/jornaldasoficinas.com\\\/pt\\\/solera-e-formula-1-estendem-parceria-de-varios-anos\\\/\",\"name\":\"Solera e F\u00f3rmula 1 estendem parceria de v\u00e1rios anos - Jornal das Oficinas\",\"isPartOf\":{\"@id\":\"https:\\\/\\\/jornaldasoficinas.com\\\/pt\\\/#website\"},\"primaryImageOfPage\":{\"@id\":\"https:\\\/\\\/jornaldasoficinas.com\\\/pt\\\/solera-e-formula-1-estendem-parceria-de-varios-anos\\\/#primaryimage\"},\"image\":{\"@id\":\"https:\\\/\\\/jornaldasoficinas.com\\\/pt\\\/solera-e-formula-1-estendem-parceria-de-varios-anos\\\/#primaryimage\"},\"thumbnailUrl\":\"https:\\\/\\\/jornaldasoficinas.com\\\/pt\\\/wp-content\\\/uploads\\\/2023\\\/01\\\/Solera-e-Formula-1-estendem-parceria-de-varios-anos.jpg\",\"datePublished\":\"2023-01-19T20:00:08+00:00\",\"description\":\"A Solera, l\u00edder mundial na gest\u00e3o do ciclo de vida de ve\u00edculos, e a equipa de F\u00f3rmula 1 da Mercedes-AMG PETRONAS anunciaram uma nova parceria\",\"breadcrumb\":{\"@id\":\"https:\\\/\\\/jornaldasoficinas.com\\\/pt\\\/solera-e-formula-1-estendem-parceria-de-varios-anos\\\/#breadcrumb\"},\"inLanguage\":\"pt-PT\",\"potentialAction\":[{\"@type\":\"ReadAction\",\"target\":[\"https:\\\/\\\/jornaldasoficinas.com\\\/pt\\\/solera-e-formula-1-estendem-parceria-de-varios-anos\\\/\"]}]},{\"@type\":\"ImageObject\",\"inLanguage\":\"pt-PT\",\"@id\":\"https:\\\/\\\/jornaldasoficinas.com\\\/pt\\\/solera-e-formula-1-estendem-parceria-de-varios-anos\\\/#primaryimage\",\"url\":\"https:\\\/\\\/jornaldasoficinas.com\\\/pt\\\/wp-content\\\/uploads\\\/2023\\\/01\\\/Solera-e-Formula-1-estendem-parceria-de-varios-anos.jpg\",\"contentUrl\":\"https:\\\/\\\/jornaldasoficinas.com\\\/pt\\\/wp-content\\\/uploads\\\/2023\\\/01\\\/Solera-e-Formula-1-estendem-parceria-de-varios-anos.jpg\",\"width\":1024,\"height\":581,\"caption\":\"01 - Solera e Formula 1 estendem parceria de varios anos\"},{\"@type\":\"BreadcrumbList\",\"@id\":\"https:\\\/\\\/jornaldasoficinas.com\\\/pt\\\/solera-e-formula-1-estendem-parceria-de-varios-anos\\\/#breadcrumb\",\"itemListElement\":[{\"@type\":\"ListItem\",\"position\":1,\"name\":\"In\u00edcio\",\"item\":\"https:\\\/\\\/jornaldasoficinas.com\\\/pt\\\/\"},{\"@type\":\"ListItem\",\"position\":2,\"name\":\"Solera e F\u00f3rmula 1 estendem parceria de v\u00e1rios anos\"}]},{\"@type\":\"WebSite\",\"@id\":\"https:\\\/\\\/jornaldasoficinas.com\\\/pt\\\/#website\",\"url\":\"https:\\\/\\\/jornaldasoficinas.com\\\/pt\\\/\",\"name\":\"Jornal das Oficinas\",\"description\":\"Jornal independente do Aftermarket Autom\u00f3vel em Portugal\",\"publisher\":{\"@id\":\"https:\\\/\\\/jornaldasoficinas.com\\\/pt\\\/#organization\"},\"potentialAction\":[{\"@type\":\"SearchAction\",\"target\":{\"@type\":\"EntryPoint\",\"urlTemplate\":\"https:\\\/\\\/jornaldasoficinas.com\\\/pt\\\/?s={search_term_string}\"},\"query-input\":{\"@type\":\"PropertyValueSpecification\",\"valueRequired\":true,\"valueName\":\"search_term_string\"}}],\"inLanguage\":\"pt-PT\"},{\"@type\":\"Organization\",\"@id\":\"https:\\\/\\\/jornaldasoficinas.com\\\/pt\\\/#organization\",\"name\":\"Jornal das Oficinas\",\"url\":\"https:\\\/\\\/jornaldasoficinas.com\\\/pt\\\/\",\"logo\":{\"@type\":\"ImageObject\",\"inLanguage\":\"pt-PT\",\"@id\":\"https:\\\/\\\/jornaldasoficinas.com\\\/pt\\\/#\\\/schema\\\/logo\\\/image\\\/\",\"url\":\"https:\\\/\\\/jornaldasoficinas.com\\\/pt\\\/wp-content\\\/uploads\\\/logoJO-SEO.png\",\"contentUrl\":\"https:\\\/\\\/jornaldasoficinas.com\\\/pt\\\/wp-content\\\/uploads\\\/logoJO-SEO.png\",\"width\":285,\"height\":450,\"caption\":\"Jornal das Oficinas\"},\"image\":{\"@id\":\"https:\\\/\\\/jornaldasoficinas.com\\\/pt\\\/#\\\/schema\\\/logo\\\/image\\\/\"},\"sameAs\":[\"https:\\\/\\\/www.facebook.com\\\/jornaloficinas\",\"https:\\\/\\\/x.com\\\/jornaloficinas\",\"https:\\\/\\\/www.instagram.com\\\/jornal_oficinas\\\/\",\"https:\\\/\\\/www.linkedin.com\\\/company\\\/jornal-das-oficinas\\\/\",\"https:\\\/\\\/www.youtube.com\\\/channel\\\/UCbQZBqtcvV-oSQrr7RzINGg\"]},{\"@type\":\"Person\",\"@id\":\"https:\\\/\\\/jornaldasoficinas.com\\\/pt\\\/#\\\/schema\\\/person\\\/a38eef5de2c41d9e7c9ac10141afddf3\",\"name\":\"Reda\u00e7\u00e3o JO\",\"image\":{\"@type\":\"ImageObject\",\"inLanguage\":\"pt-PT\",\"@id\":\"https:\\\/\\\/secure.gravatar.com\\\/avatar\\\/71f2fa71737ad68a84fea94bc708ddac8ea5b0c4788dc2ad202f3ccb2887742f?s=96&d=wp_user_avatar&r=g\",\"url\":\"https:\\\/\\\/secure.gravatar.com\\\/avatar\\\/71f2fa71737ad68a84fea94bc708ddac8ea5b0c4788dc2ad202f3ccb2887742f?s=96&d=wp_user_avatar&r=g\",\"contentUrl\":\"https:\\\/\\\/secure.gravatar.com\\\/avatar\\\/71f2fa71737ad68a84fea94bc708ddac8ea5b0c4788dc2ad202f3ccb2887742f?s=96&d=wp_user_avatar&r=g\",\"caption\":\"Reda\u00e7\u00e3o JO\"},\"url\":\"https:\\\/\\\/jornaldasoficinas.com\\\/pt\\\/author\\\/joredacao\\\/\"}]}<\/script>\n<!-- \/ Yoast SEO plugin. -->","yoast_head_json":{"title":"Solera e F\u00f3rmula 1 estendem parceria de v\u00e1rios anos - Jornal das Oficinas","description":"A Solera, l\u00edder mundial na gest\u00e3o do ciclo de vida de ve\u00edculos, e a equipa de F\u00f3rmula 1 da Mercedes-AMG PETRONAS anunciaram uma nova parceria","robots":{"index":"index","follow":"follow","max-snippet":"max-snippet:-1","max-image-preview":"max-image-preview:large","max-video-preview":"max-video-preview:-1"},"canonical":"https:\/\/jornaldasoficinas.com\/pt\/solera-e-formula-1-estendem-parceria-de-varios-anos\/","og_locale":"pt_PT","og_type":"article","og_title":"Solera e F\u00f3rmula 1 estendem parceria de v\u00e1rios anos - Jornal das Oficinas","og_description":"A Solera, l\u00edder mundial na gest\u00e3o do ciclo de vida de ve\u00edculos, e a equipa de F\u00f3rmula 1 da Mercedes-AMG PETRONAS anunciaram uma nova parceria","og_url":"https:\/\/jornaldasoficinas.com\/pt\/solera-e-formula-1-estendem-parceria-de-varios-anos\/","og_site_name":"Jornal das Oficinas","article_publisher":"https:\/\/www.facebook.com\/jornaloficinas","article_published_time":"2023-01-19T20:00:08+00:00","og_image":[{"width":1024,"height":581,"url":"https:\/\/jornaldasoficinas.com\/pt\/wp-content\/uploads\/2023\/01\/Solera-e-Formula-1-estendem-parceria-de-varios-anos.jpg","type":"image\/jpeg"}],"author":"Reda\u00e7\u00e3o JO","twitter_card":"summary_large_image","twitter_creator":"@jornaloficinas","twitter_site":"@jornaloficinas","twitter_misc":{"Escrito por":"Reda\u00e7\u00e3o JO","Tempo estimado de leitura":"2 minutos"},"schema":{"@context":"https:\/\/schema.org","@graph":[{"@type":"Article","@id":"https:\/\/jornaldasoficinas.com\/pt\/solera-e-formula-1-estendem-parceria-de-varios-anos\/#article","isPartOf":{"@id":"https:\/\/jornaldasoficinas.com\/pt\/solera-e-formula-1-estendem-parceria-de-varios-anos\/"},"author":{"name":"Reda\u00e7\u00e3o JO","@id":"https:\/\/jornaldasoficinas.com\/pt\/#\/schema\/person\/a38eef5de2c41d9e7c9ac10141afddf3"},"headline":"Solera e F\u00f3rmula 1 estendem parceria de v\u00e1rios anos","datePublished":"2023-01-19T20:00:08+00:00","mainEntityOfPage":{"@id":"https:\/\/jornaldasoficinas.com\/pt\/solera-e-formula-1-estendem-parceria-de-varios-anos\/"},"wordCount":374,"publisher":{"@id":"https:\/\/jornaldasoficinas.com\/pt\/#organization"},"image":{"@id":"https:\/\/jornaldasoficinas.com\/pt\/solera-e-formula-1-estendem-parceria-de-varios-anos\/#primaryimage"},"thumbnailUrl":"https:\/\/jornaldasoficinas.com\/pt\/wp-content\/uploads\/2023\/01\/Solera-e-Formula-1-estendem-parceria-de-varios-anos.jpg","keywords":["AMG Petronas","Formula 1","Inova\u00e7\u00e3o autom\u00f3vel","Mercedes","nova parceria","Solera"],"articleSection":["Empresas"],"inLanguage":"pt-PT"},{"@type":"WebPage","@id":"https:\/\/jornaldasoficinas.com\/pt\/solera-e-formula-1-estendem-parceria-de-varios-anos\/","url":"https:\/\/jornaldasoficinas.com\/pt\/solera-e-formula-1-estendem-parceria-de-varios-anos\/","name":"Solera e F\u00f3rmula 1 estendem parceria de v\u00e1rios anos - Jornal das Oficinas","isPartOf":{"@id":"https:\/\/jornaldasoficinas.com\/pt\/#website"},"primaryImageOfPage":{"@id":"https:\/\/jornaldasoficinas.com\/pt\/solera-e-formula-1-estendem-parceria-de-varios-anos\/#primaryimage"},"image":{"@id":"https:\/\/jornaldasoficinas.com\/pt\/solera-e-formula-1-estendem-parceria-de-varios-anos\/#primaryimage"},"thumbnailUrl":"https:\/\/jornaldasoficinas.com\/pt\/wp-content\/uploads\/2023\/01\/Solera-e-Formula-1-estendem-parceria-de-varios-anos.jpg","datePublished":"2023-01-19T20:00:08+00:00","description":"A Solera, l\u00edder mundial na gest\u00e3o do ciclo de vida de ve\u00edculos, e a equipa de F\u00f3rmula 1 da Mercedes-AMG PETRONAS anunciaram uma nova parceria","breadcrumb":{"@id":"https:\/\/jornaldasoficinas.com\/pt\/solera-e-formula-1-estendem-parceria-de-varios-anos\/#breadcrumb"},"inLanguage":"pt-PT","potentialAction":[{"@type":"ReadAction","target":["https:\/\/jornaldasoficinas.com\/pt\/solera-e-formula-1-estendem-parceria-de-varios-anos\/"]}]},{"@type":"ImageObject","inLanguage":"pt-PT","@id":"https:\/\/jornaldasoficinas.com\/pt\/solera-e-formula-1-estendem-parceria-de-varios-anos\/#primaryimage","url":"https:\/\/jornaldasoficinas.com\/pt\/wp-content\/uploads\/2023\/01\/Solera-e-Formula-1-estendem-parceria-de-varios-anos.jpg","contentUrl":"https:\/\/jornaldasoficinas.com\/pt\/wp-content\/uploads\/2023\/01\/Solera-e-Formula-1-estendem-parceria-de-varios-anos.jpg","width":1024,"height":581,"caption":"01 - Solera e Formula 1 estendem parceria de varios anos"},{"@type":"BreadcrumbList","@id":"https:\/\/jornaldasoficinas.com\/pt\/solera-e-formula-1-estendem-parceria-de-varios-anos\/#breadcrumb","itemListElement":[{"@type":"ListItem","position":1,"name":"In\u00edcio","item":"https:\/\/jornaldasoficinas.com\/pt\/"},{"@type":"ListItem","position":2,"name":"Solera e F\u00f3rmula 1 estendem parceria de v\u00e1rios anos"}]},{"@type":"WebSite","@id":"https:\/\/jornaldasoficinas.com\/pt\/#website","url":"https:\/\/jornaldasoficinas.com\/pt\/","name":"Jornal das Oficinas","description":"Jornal independente do Aftermarket Autom\u00f3vel em Portugal","publisher":{"@id":"https:\/\/jornaldasoficinas.com\/pt\/#organization"},"potentialAction":[{"@type":"SearchAction","target":{"@type":"EntryPoint","urlTemplate":"https:\/\/jornaldasoficinas.com\/pt\/?s={search_term_string}"},"query-input":{"@type":"PropertyValueSpecification","valueRequired":true,"valueName":"search_term_string"}}],"inLanguage":"pt-PT"},{"@type":"Organization","@id":"https:\/\/jornaldasoficinas.com\/pt\/#organization","name":"Jornal das Oficinas","url":"https:\/\/jornaldasoficinas.com\/pt\/","logo":{"@type":"ImageObject","inLanguage":"pt-PT","@id":"https:\/\/jornaldasoficinas.com\/pt\/#\/schema\/logo\/image\/","url":"https:\/\/jornaldasoficinas.com\/pt\/wp-content\/uploads\/logoJO-SEO.png","contentUrl":"https:\/\/jornaldasoficinas.com\/pt\/wp-content\/uploads\/logoJO-SEO.png","width":285,"height":450,"caption":"Jornal das Oficinas"},"image":{"@id":"https:\/\/jornaldasoficinas.com\/pt\/#\/schema\/logo\/image\/"},"sameAs":["https:\/\/www.facebook.com\/jornaloficinas","https:\/\/x.com\/jornaloficinas","https:\/\/www.instagram.com\/jornal_oficinas\/","https:\/\/www.linkedin.com\/company\/jornal-das-oficinas\/","https:\/\/www.youtube.com\/channel\/UCbQZBqtcvV-oSQrr7RzINGg"]},{"@type":"Person","@id":"https:\/\/jornaldasoficinas.com\/pt\/#\/schema\/person\/a38eef5de2c41d9e7c9ac10141afddf3","name":"Reda\u00e7\u00e3o JO","image":{"@type":"ImageObject","inLanguage":"pt-PT","@id":"https:\/\/secure.gravatar.com\/avatar\/71f2fa71737ad68a84fea94bc708ddac8ea5b0c4788dc2ad202f3ccb2887742f?s=96&d=wp_user_avatar&r=g","url":"https:\/\/secure.gravatar.com\/avatar\/71f2fa71737ad68a84fea94bc708ddac8ea5b0c4788dc2ad202f3ccb2887742f?s=96&d=wp_user_avatar&r=g","contentUrl":"https:\/\/secure.gravatar.com\/avatar\/71f2fa71737ad68a84fea94bc708ddac8ea5b0c4788dc2ad202f3ccb2887742f?s=96&d=wp_user_avatar&r=g","caption":"Reda\u00e7\u00e3o JO"},"url":"https:\/\/jornaldasoficinas.com\/pt\/author\/joredacao\/"}]}},"_links":{"self":[{"href":"https:\/\/jornaldasoficinas.com\/pt\/wp-json\/wp\/v2\/posts\/60820","targetHints":{"allow":["GET"]}}],"collection":[{"href":"https:\/\/jornaldasoficinas.com\/pt\/wp-json\/wp\/v2\/posts"}],"about":[{"href":"https:\/\/jornaldasoficinas.com\/pt\/wp-json\/wp\/v2\/types\/post"}],"author":[{"embeddable":true,"href":"https:\/\/jornaldasoficinas.com\/pt\/wp-json\/wp\/v2\/users\/15"}],"replies":[{"embeddable":true,"href":"https:\/\/jornaldasoficinas.com\/pt\/wp-json\/wp\/v2\/comments?post=60820"}],"version-history":[{"count":0,"href":"https:\/\/jornaldasoficinas.com\/pt\/wp-json\/wp\/v2\/posts\/60820\/revisions"}],"wp:featuredmedia":[{"embeddable":true,"href":"https:\/\/jornaldasoficinas.com\/pt\/wp-json\/wp\/v2\/media\/60772"}],"wp:attachment":[{"href":"https:\/\/jornaldasoficinas.com\/pt\/wp-json\/wp\/v2\/media?parent=60820"}],"wp:term":[{"taxonomy":"category","embeddable":true,"href":"https:\/\/jornaldasoficinas.com\/pt\/wp-json\/wp\/v2\/categories?post=60820"},{"taxonomy":"post_tag","embeddable":true,"href":"https:\/\/jornaldasoficinas.com\/pt\/wp-json\/wp\/v2\/tags?post=60820"}],"curies":[{"name":"wp","href":"https:\/\/api.w.org\/{rel}","templated":true}]}}