{"id":61170,"date":"2023-01-26T18:00:42","date_gmt":"2023-01-26T18:00:42","guid":{"rendered":"https:\/\/jornaldasoficinas.com\/pt\/?p=61170"},"modified":"2023-01-25T14:59:42","modified_gmt":"2023-01-25T14:59:42","slug":"soc-com-c-santos-realiza-soctalks-sobre-eletrificacao-ligeiros","status":"publish","type":"post","link":"https:\/\/jornaldasoficinas.com\/pt\/soc-com-c-santos-realiza-soctalks-sobre-eletrificacao-ligeiros\/","title":{"rendered":"Soc. Com. C. Santos realiza SocTalks sobre eletrifica\u00e7\u00e3o ligeiros"},"content":{"rendered":"<p><img loading=\"lazy\" decoding=\"async\" class=\"size-full wp-image-61094\" src=\"https:\/\/jornaldasoficinas.com\/pt\/wp-content\/uploads\/2023\/01\/Soc.-Com.-C.-Santos-realiza-SocTalks-sobre-eletrificacao-ligeiros.jpg\" alt=\"01 - Soc. Com. C. Santos realiza SocTalks sobre eletrificacao ligeiros\" width=\"1024\" height=\"581\" srcset=\"https:\/\/jornaldasoficinas.com\/pt\/wp-content\/uploads\/2023\/01\/Soc.-Com.-C.-Santos-realiza-SocTalks-sobre-eletrificacao-ligeiros.jpg 1024w, https:\/\/jornaldasoficinas.com\/pt\/wp-content\/uploads\/2023\/01\/Soc.-Com.-C.-Santos-realiza-SocTalks-sobre-eletrificacao-ligeiros-300x170.jpg 300w, https:\/\/jornaldasoficinas.com\/pt\/wp-content\/uploads\/2023\/01\/Soc.-Com.-C.-Santos-realiza-SocTalks-sobre-eletrificacao-ligeiros-150x85.jpg 150w, https:\/\/jornaldasoficinas.com\/pt\/wp-content\/uploads\/2023\/01\/Soc.-Com.-C.-Santos-realiza-SocTalks-sobre-eletrificacao-ligeiros-768x436.jpg 768w\" sizes=\"auto, (max-width: 1024px) 100vw, 1024px\" \/><\/p>\n<p><strong>A <a href=\"https:\/\/www.soccsantos.pt\/\" target=\"_blank\" rel=\"noopener\">Sociedade Comercial C. Santos<\/a> promoveu, uma conversa digital sobre a eletrifica\u00e7\u00e3o dos ve\u00edculos comerciais ligeiros. Infraestruturas de carregamento (privadas e da rede p\u00fablica) e forma\u00e7\u00e3o dos condutores s\u00e3o essenciais no processo, de acordo com os participantes<\/strong><\/p>\n<p><strong>\u00a0<\/strong>Com transmiss\u00e3o em direto nas redes sociais do concession\u00e1rio Mercedes-Benz e smart, esta nova SocTalks contou com respons\u00e1veis de organismos e empresas com necessidades quotidianas de viaturas comerciais ligeiras. Com o tema \u201cDesafios da eletrifica\u00e7\u00e3o no transporte urbano de passageiros e mercadorias\u201d, a conversa (que pode ser vista aqui) contou com a participa\u00e7\u00e3o de Adelina Rodrigues (chefe da Divis\u00e3o de Energia e Mobilidade da C\u00e2mara Municipal da Maia), Pedro Correia (respons\u00e1vel de forma\u00e7\u00e3o operacional da DPD Portugal), T\u00e2nia Monteiro (diretora de opera\u00e7\u00f5es da Living Tours) e Aquiles Pinto (rela\u00e7\u00f5es p\u00fablicas da Sociedade Comercial C. Santos). Foi moderada por Carlos Moura, jornalista da revista Turbo Comerciais e representante portugu\u00eas no j\u00fari dos pr\u00e9mios International Van of the Year e do International Pick-Up Award.<\/p>\n<p><strong>Liderar caminho<br \/>\n<\/strong>A C\u00e2mara Municipal da Maia tem como meta a descarboniza\u00e7\u00e3o do territ\u00f3rio e, portanto, a frota de viaturas \u00e9 uma das prioridades. \u201cNo ano que passou convertemos 60% da nossa frota para el\u00e9trica. Conseguimos poupan\u00e7as grandes face \u00e0 frota anterior e as autonomias s\u00e3o suficientes para o tipo de atividade que desenvolvemos, at\u00e9 porque acontece sobretudo dentro do concelho da Maia. Esta op\u00e7\u00e3o tem resultados muito positivos\u201d, explicou Adelina Rodrigues.<\/p>\n<p>A empresa de entrega de encomendas DPD tem em curso a integra\u00e7\u00e3o de 55 unidades Mercedes-Benz eSprinter (com decora\u00e7\u00e3o diferente das viaturas a combust\u00e3o ao servi\u00e7o) na frota em opera\u00e7\u00e3o em Portugal. O processo arrancou em 2022 e a empresa j\u00e1 efetua entregas 100% el\u00e9tricas em Lisboa (c\u00f3digos postais entre 1000 e 1900) e tem eletrifica\u00e7\u00e3o parcial em 12 cidades do pa\u00eds. Est\u00e1, al\u00e9m disso, em curso o alargamento a outras cidades portuguesas.<\/p>\n<p>\u201cJ\u00e1 conseguimos resultados muito interessantes, mesmo com algumas limita\u00e7\u00f5es que existiram em termos de prazos de entrega das viaturas e d as obras que tivemos de fazer em termos de infraestruturas. Para n\u00f3s foi fundamental liderar esse caminho e come\u00e7amos a ter esse retorno, quer dos clientes, quer dos destinat\u00e1rios. \u00c9 gratificante ver que a eletrifica\u00e7\u00e3o e das baixas emiss\u00f5es no last mile paga dividendos. Isso para n\u00f3s \u00e9 indicador de que este \u00e9 um trabalho com pertin\u00eancia\u201d, indicou Pedro Correia.<\/p>\n<p>O operador tur\u00edstico Living Tours tem como objetivo avan\u00e7ar com a eletrifica\u00e7\u00e3o da frota. J\u00e1 o fez na atividade de tuk-tuks e prepara-se para integrar duas viaturas el\u00e9tricas de nove lugares para os tranfers entre aeroporto e hot\u00e9is. \u201cN\u00e3o renovamos toda a nossa frota para os servi\u00e7os mais longos, porque ainda existem algumas limita\u00e7\u00f5es em termos de carregamento, mas temos consci\u00eancia que a polui\u00e7\u00e3o nos centros das cidades \u00e9 um problema e temos de dar o nosso contributo rumo \u00e0 sustentabilidade\u201d, afirmou T\u00e2nia Monteiro.<\/p>\n<p>A quota de el\u00e9tricos nas Mercedes-Benz em Portugal em 2021 foi de 20% nos autom\u00f3veis e inferior a 10% nos ve\u00edculos comerciais ligeiros, uma tend\u00eancia que a Sociedade Comercial C. Santos acompanhou. \u201cOs centros das cidades v\u00e3o ter cada vez mais popula\u00e7\u00e3o e cada vez mais a qualidade do ar ser\u00e1 importante. Do lado das marcas \u2013 n\u00f3s somos um concession\u00e1rio \u2013 cumpre ter oferta para dar a melhor resposta poss\u00edvel \u00e0s necessidades do mercado. Isso est\u00e1 a resultar na eletrifica\u00e7\u00e3o da gama dispon\u00edvel\u201d, referiu Aquiles Pinto. A mesma fonte considera que h\u00e1 margem para a procura de ve\u00edculos comerciais ligeiros el\u00e9tricos acelerar, at\u00e9 porque \u201ca disponibiliza\u00e7\u00e3o da oferta de ve\u00edculos comerciais foi um pouco mais lenta do que nas viaturas de passageiros\u201d e os \u201cincentivos fiscais \u00e0 utiliza\u00e7\u00e3o\u201d s\u00e3o menos neste segmento.<\/p>\n<p><strong>Autonomias sem problema ap\u00f3s adapta\u00e7\u00e3o<\/strong><br \/>\nA autonomia das viaturas n\u00e3o \u00e9 um problema nestes operadores. Para isso foi, importante, por\u00e9m criar as devidas infraestruturas de carregamento e prestar a devida informa\u00e7\u00e3o aos utilizadores. \u201cTemos locais espec\u00edficos para carregamento e n\u00e3o temos registo de termos viaturas sem bateria, at\u00e9 porque os pr\u00f3prios utilizadores t\u00eam o cuidado de colocarem os ve\u00edculos a carregar sempre que a carga est\u00e1 abaixo dos 50%\u201d, explicou a chefe da Divis\u00e3o de Energia e Mobilidade da C\u00e2mara Municipal da Maia. \u201cEm seis meses, conseguimos colocar a nova frota em funcionamento e nunca nenhuma viatura ficou sem carga. E s\u00e3o 90 viaturas\u201d. Sobre os utilizadores, Adelina Rodrigues indica que \u201cno in\u00edcio houve alguma resist\u00eancia\u201d, mas que hoje a autarquia \u201cn\u00e3o tem qualquer problema\u201d.<\/p>\n<p>Tamb\u00e9m o respons\u00e1vel de forma\u00e7\u00e3o operacional da DPD Portugal fala em dois desafios: infraestrutura e o ceticismo de alguns utilizadores. Sobre a infraestrutura, a empresa dotou as instala\u00e7\u00f5es de carregadores (embora sublinhe que, em termos gerais da eletrifica\u00e7\u00e3o autom\u00f3vel, \u201ch\u00e1 um desafio na infraestrutura, seja a n\u00edvel empresarial, seja a n\u00edvel dos particulares\u201d). Sobre os utilizadores, Pedro Correia salienta a import\u00e2ncia da forma\u00e7\u00e3o. \u201cN\u00e3o podemos migrar um condutor de uma viatura com motor t\u00e9rmico para uma viatura el\u00e9trica sem lhe dar a devida forma\u00e7\u00e3o. Isto porque grande parte da rentabiliza\u00e7\u00e3o desta tecnologia est\u00e1 no facto da maioria destas viaturas ter regenera\u00e7\u00e3o, o que permite que as viaturas carreguem em opera\u00e7\u00e3o. \u00c9 preciso ensinar a conduzir viaturas el\u00e9tricas e temos resultados interessantes, de viaturas que chegam com autonomias superiores a 40% ao final do dia de trabalho, porque o condutor percebe a miss\u00e3o\u201d.<\/p>\n<p><strong>Carregamento p\u00fablico ainda \u00e9 obst\u00e1culo<br \/>\n<\/strong>Quando a utiliza\u00e7\u00e3o de viaturas el\u00e9tricas obriga ao carregamento em postos p\u00fablicos a vis\u00e3o pode ser outra. Uma parte importante da atividade da Living Tours s\u00e3o os programas de visitas com uma dist\u00e2ncia e tempo um pouco maiores do que os transfers.<\/p>\n<p>Isso \u00e9 um obst\u00e1culo aos objetivos de eletrifica\u00e7\u00e3o da frota da empresa, segundo T\u00e2nia Monteiro. \u201cO nosso destino mais procurado \u00e9 o Douro e no Douro movemo-nos em meios mais rurais, onde n\u00e3o h\u00e1 possibilidade de carregamento de ve\u00edculos. Felizmente, j\u00e1 h\u00e1 muitas quintas no Douro que t\u00eam wallboxes de carregamento, mas estamos a falar de uma ou duas em cada quinta, o que n\u00e3o d\u00e1 garantias de que consigamos carregar a viatura nos cerca de 30 minutos em que o nosso grupo est\u00e1 no espa\u00e7o. Tamb\u00e9m em circuitos como Santiago de Compostela, F\u00e1tima ou Coimbra, n\u00e3o \u00e9 f\u00e1cil conseguir ter hip\u00f3tese de carregamento\u201d, diretora de opera\u00e7\u00f5es da Living Tours.<\/p>\n<p><strong>Redu\u00e7\u00e3o de custos energ\u00e9ticos<\/strong><\/p>\n<p>Apesar do pre\u00e7o das viaturas el\u00e9tricas ainda ser superior ao de modelos a combust\u00e3o equivalentes, todos os operadores indicam que h\u00e1 potencial de corte de custos energ\u00e9ticos. \u201cCom a totalidade da frota antiga, t\u00ednhamos um custo anual de 300 mil euros em combust\u00edveis rodovi\u00e1rios. Com a transforma\u00e7\u00e3o, reduzimos o consumo de gas\u00f3leo em cerca de 50% e o de gasolina em mais de 60%. Al\u00e9m disso, a maioria das nossas viaturas \u00e9 carregada em m\u00e9dia tens\u00e3o. \u00a0Ou seja, em termos de custos conseguimos uma elevada poupan\u00e7a com a eletrifica\u00e7\u00e3o da frota\u201d, informou a chefe da Divis\u00e3o de Energia e Mobilidade da C\u00e2mara Municipal da Maia.<\/p>\n<p>A DPD Portugal tamb\u00e9m acredita na redu\u00e7\u00e3o de custos, muito mais se a fonte energ\u00e9tica for pr\u00f3pria. \u201cFaz sentido o aproveitamento de energias renov\u00e1veis nas nossas instala\u00e7\u00f5es, onde estamos a colocar pain\u00e9is solares e outras tecnologias semelhantes. Ser\u00e1 um ponto muito interessante das novas instala\u00e7\u00f5es que estamos a construir em Loures, que ser\u00e3o a nossa nova sede em Portugal e onde funcionar\u00e1 o <em>depot<\/em> de Lisboa. Se conseguirmos gerar a nossa pr\u00f3pria energia, maximizamos a poupan\u00e7a\u201d, afirmou o respons\u00e1vel de forma\u00e7\u00e3o operacional do grupo de entrega de encomendas no nosso pa\u00eds.<\/p>\n","protected":false},"excerpt":{"rendered":"<p>A Sociedade Comercial C. Santos promoveu,&#8230;<\/p>\n","protected":false},"author":15,"featured_media":61094,"comment_status":"closed","ping_status":"closed","sticky":false,"template":"","format":"standard","meta":{"footnotes":""},"categories":[29],"tags":[3343,3958,1100,212,2488],"class_list":["post-61170","post","type-post","status-publish","format-standard","has-post-thumbnail","hentry","category-empresas","tag-carregamentos","tag-comerciais-ligeiros","tag-eletrificacao","tag-formacao","tag-soc-comercial-c-santos"],"yoast_head":"<!-- This site is optimized with the Yoast SEO plugin v27.4 - https:\/\/yoast.com\/product\/yoast-seo-wordpress\/ -->\n<title>Soc. Com. C. Santos realiza SocTalks sobre eletrifica\u00e7\u00e3o ligeiros - Jornal das Oficinas<\/title>\n<meta name=\"description\" content=\"A Sociedade Comercial C. Santos promoveu, uma conversa digital sobre a eletrifica\u00e7\u00e3o dos ve\u00edculos comerciais ligeiros\" \/>\n<meta name=\"robots\" content=\"index, follow, max-snippet:-1, max-image-preview:large, max-video-preview:-1\" \/>\n<link rel=\"canonical\" href=\"https:\/\/jornaldasoficinas.com\/pt\/soc-com-c-santos-realiza-soctalks-sobre-eletrificacao-ligeiros\/\" \/>\n<meta property=\"og:locale\" content=\"pt_PT\" \/>\n<meta property=\"og:type\" content=\"article\" \/>\n<meta property=\"og:title\" content=\"Soc. Com. C. Santos realiza SocTalks sobre eletrifica\u00e7\u00e3o ligeiros - Jornal das Oficinas\" \/>\n<meta property=\"og:description\" content=\"A Sociedade Comercial C. Santos promoveu, uma conversa digital sobre a eletrifica\u00e7\u00e3o dos ve\u00edculos comerciais ligeiros\" \/>\n<meta property=\"og:url\" content=\"https:\/\/jornaldasoficinas.com\/pt\/soc-com-c-santos-realiza-soctalks-sobre-eletrificacao-ligeiros\/\" \/>\n<meta property=\"og:site_name\" content=\"Jornal das Oficinas\" \/>\n<meta property=\"article:publisher\" content=\"https:\/\/www.facebook.com\/jornaloficinas\" \/>\n<meta property=\"article:published_time\" content=\"2023-01-26T18:00:42+00:00\" \/>\n<meta property=\"og:image\" content=\"https:\/\/jornaldasoficinas.com\/pt\/wp-content\/uploads\/2023\/01\/Soc.-Com.-C.-Santos-realiza-SocTalks-sobre-eletrificacao-ligeiros.jpg\" \/>\n\t<meta property=\"og:image:width\" content=\"1024\" \/>\n\t<meta property=\"og:image:height\" content=\"581\" \/>\n\t<meta property=\"og:image:type\" content=\"image\/jpeg\" \/>\n<meta name=\"author\" content=\"Reda\u00e7\u00e3o JO\" \/>\n<meta name=\"twitter:card\" content=\"summary_large_image\" \/>\n<meta name=\"twitter:creator\" content=\"@jornaloficinas\" \/>\n<meta name=\"twitter:site\" content=\"@jornaloficinas\" \/>\n<meta name=\"twitter:label1\" content=\"Escrito por\" \/>\n\t<meta name=\"twitter:data1\" content=\"Reda\u00e7\u00e3o JO\" \/>\n\t<meta name=\"twitter:label2\" content=\"Tempo estimado de leitura\" \/>\n\t<meta name=\"twitter:data2\" content=\"7 minutos\" \/>\n<script type=\"application\/ld+json\" class=\"yoast-schema-graph\">{\"@context\":\"https:\\\/\\\/schema.org\",\"@graph\":[{\"@type\":\"Article\",\"@id\":\"https:\\\/\\\/jornaldasoficinas.com\\\/pt\\\/soc-com-c-santos-realiza-soctalks-sobre-eletrificacao-ligeiros\\\/#article\",\"isPartOf\":{\"@id\":\"https:\\\/\\\/jornaldasoficinas.com\\\/pt\\\/soc-com-c-santos-realiza-soctalks-sobre-eletrificacao-ligeiros\\\/\"},\"author\":{\"name\":\"Reda\u00e7\u00e3o JO\",\"@id\":\"https:\\\/\\\/jornaldasoficinas.com\\\/pt\\\/#\\\/schema\\\/person\\\/a38eef5de2c41d9e7c9ac10141afddf3\"},\"headline\":\"Soc. Com. C. Santos realiza SocTalks sobre eletrifica\u00e7\u00e3o ligeiros\",\"datePublished\":\"2023-01-26T18:00:42+00:00\",\"mainEntityOfPage\":{\"@id\":\"https:\\\/\\\/jornaldasoficinas.com\\\/pt\\\/soc-com-c-santos-realiza-soctalks-sobre-eletrificacao-ligeiros\\\/\"},\"wordCount\":1365,\"publisher\":{\"@id\":\"https:\\\/\\\/jornaldasoficinas.com\\\/pt\\\/#organization\"},\"image\":{\"@id\":\"https:\\\/\\\/jornaldasoficinas.com\\\/pt\\\/soc-com-c-santos-realiza-soctalks-sobre-eletrificacao-ligeiros\\\/#primaryimage\"},\"thumbnailUrl\":\"https:\\\/\\\/jornaldasoficinas.com\\\/pt\\\/wp-content\\\/uploads\\\/2023\\\/01\\\/Soc.-Com.-C.-Santos-realiza-SocTalks-sobre-eletrificacao-ligeiros.jpg\",\"keywords\":[\"carregamentos\",\"Comerciais ligeiros\",\"Eletrifica\u00e7\u00e3o\",\"Forma\u00e7\u00e3o\",\"Soc. Comercial C. Santos\"],\"articleSection\":[\"Empresas\"],\"inLanguage\":\"pt-PT\"},{\"@type\":\"WebPage\",\"@id\":\"https:\\\/\\\/jornaldasoficinas.com\\\/pt\\\/soc-com-c-santos-realiza-soctalks-sobre-eletrificacao-ligeiros\\\/\",\"url\":\"https:\\\/\\\/jornaldasoficinas.com\\\/pt\\\/soc-com-c-santos-realiza-soctalks-sobre-eletrificacao-ligeiros\\\/\",\"name\":\"Soc. Com. C. Santos realiza SocTalks sobre eletrifica\u00e7\u00e3o ligeiros - Jornal das Oficinas\",\"isPartOf\":{\"@id\":\"https:\\\/\\\/jornaldasoficinas.com\\\/pt\\\/#website\"},\"primaryImageOfPage\":{\"@id\":\"https:\\\/\\\/jornaldasoficinas.com\\\/pt\\\/soc-com-c-santos-realiza-soctalks-sobre-eletrificacao-ligeiros\\\/#primaryimage\"},\"image\":{\"@id\":\"https:\\\/\\\/jornaldasoficinas.com\\\/pt\\\/soc-com-c-santos-realiza-soctalks-sobre-eletrificacao-ligeiros\\\/#primaryimage\"},\"thumbnailUrl\":\"https:\\\/\\\/jornaldasoficinas.com\\\/pt\\\/wp-content\\\/uploads\\\/2023\\\/01\\\/Soc.-Com.-C.-Santos-realiza-SocTalks-sobre-eletrificacao-ligeiros.jpg\",\"datePublished\":\"2023-01-26T18:00:42+00:00\",\"description\":\"A Sociedade Comercial C. Santos promoveu, uma conversa digital sobre a eletrifica\u00e7\u00e3o dos ve\u00edculos comerciais ligeiros\",\"breadcrumb\":{\"@id\":\"https:\\\/\\\/jornaldasoficinas.com\\\/pt\\\/soc-com-c-santos-realiza-soctalks-sobre-eletrificacao-ligeiros\\\/#breadcrumb\"},\"inLanguage\":\"pt-PT\",\"potentialAction\":[{\"@type\":\"ReadAction\",\"target\":[\"https:\\\/\\\/jornaldasoficinas.com\\\/pt\\\/soc-com-c-santos-realiza-soctalks-sobre-eletrificacao-ligeiros\\\/\"]}]},{\"@type\":\"ImageObject\",\"inLanguage\":\"pt-PT\",\"@id\":\"https:\\\/\\\/jornaldasoficinas.com\\\/pt\\\/soc-com-c-santos-realiza-soctalks-sobre-eletrificacao-ligeiros\\\/#primaryimage\",\"url\":\"https:\\\/\\\/jornaldasoficinas.com\\\/pt\\\/wp-content\\\/uploads\\\/2023\\\/01\\\/Soc.-Com.-C.-Santos-realiza-SocTalks-sobre-eletrificacao-ligeiros.jpg\",\"contentUrl\":\"https:\\\/\\\/jornaldasoficinas.com\\\/pt\\\/wp-content\\\/uploads\\\/2023\\\/01\\\/Soc.-Com.-C.-Santos-realiza-SocTalks-sobre-eletrificacao-ligeiros.jpg\",\"width\":1024,\"height\":581,\"caption\":\"eSprinter Roadshow, 2019 eSprinter Roadshow, 2019\"},{\"@type\":\"BreadcrumbList\",\"@id\":\"https:\\\/\\\/jornaldasoficinas.com\\\/pt\\\/soc-com-c-santos-realiza-soctalks-sobre-eletrificacao-ligeiros\\\/#breadcrumb\",\"itemListElement\":[{\"@type\":\"ListItem\",\"position\":1,\"name\":\"In\u00edcio\",\"item\":\"https:\\\/\\\/jornaldasoficinas.com\\\/pt\\\/\"},{\"@type\":\"ListItem\",\"position\":2,\"name\":\"Soc. Com. C. Santos realiza SocTalks sobre eletrifica\u00e7\u00e3o ligeiros\"}]},{\"@type\":\"WebSite\",\"@id\":\"https:\\\/\\\/jornaldasoficinas.com\\\/pt\\\/#website\",\"url\":\"https:\\\/\\\/jornaldasoficinas.com\\\/pt\\\/\",\"name\":\"Jornal das Oficinas\",\"description\":\"Jornal independente do Aftermarket Autom\u00f3vel em Portugal\",\"publisher\":{\"@id\":\"https:\\\/\\\/jornaldasoficinas.com\\\/pt\\\/#organization\"},\"potentialAction\":[{\"@type\":\"SearchAction\",\"target\":{\"@type\":\"EntryPoint\",\"urlTemplate\":\"https:\\\/\\\/jornaldasoficinas.com\\\/pt\\\/?s={search_term_string}\"},\"query-input\":{\"@type\":\"PropertyValueSpecification\",\"valueRequired\":true,\"valueName\":\"search_term_string\"}}],\"inLanguage\":\"pt-PT\"},{\"@type\":\"Organization\",\"@id\":\"https:\\\/\\\/jornaldasoficinas.com\\\/pt\\\/#organization\",\"name\":\"Jornal das Oficinas\",\"url\":\"https:\\\/\\\/jornaldasoficinas.com\\\/pt\\\/\",\"logo\":{\"@type\":\"ImageObject\",\"inLanguage\":\"pt-PT\",\"@id\":\"https:\\\/\\\/jornaldasoficinas.com\\\/pt\\\/#\\\/schema\\\/logo\\\/image\\\/\",\"url\":\"https:\\\/\\\/jornaldasoficinas.com\\\/pt\\\/wp-content\\\/uploads\\\/logoJO-SEO.png\",\"contentUrl\":\"https:\\\/\\\/jornaldasoficinas.com\\\/pt\\\/wp-content\\\/uploads\\\/logoJO-SEO.png\",\"width\":285,\"height\":450,\"caption\":\"Jornal das Oficinas\"},\"image\":{\"@id\":\"https:\\\/\\\/jornaldasoficinas.com\\\/pt\\\/#\\\/schema\\\/logo\\\/image\\\/\"},\"sameAs\":[\"https:\\\/\\\/www.facebook.com\\\/jornaloficinas\",\"https:\\\/\\\/x.com\\\/jornaloficinas\",\"https:\\\/\\\/www.instagram.com\\\/jornal_oficinas\\\/\",\"https:\\\/\\\/www.linkedin.com\\\/company\\\/jornal-das-oficinas\\\/\",\"https:\\\/\\\/www.youtube.com\\\/channel\\\/UCbQZBqtcvV-oSQrr7RzINGg\"]},{\"@type\":\"Person\",\"@id\":\"https:\\\/\\\/jornaldasoficinas.com\\\/pt\\\/#\\\/schema\\\/person\\\/a38eef5de2c41d9e7c9ac10141afddf3\",\"name\":\"Reda\u00e7\u00e3o JO\",\"image\":{\"@type\":\"ImageObject\",\"inLanguage\":\"pt-PT\",\"@id\":\"https:\\\/\\\/secure.gravatar.com\\\/avatar\\\/71f2fa71737ad68a84fea94bc708ddac8ea5b0c4788dc2ad202f3ccb2887742f?s=96&d=wp_user_avatar&r=g\",\"url\":\"https:\\\/\\\/secure.gravatar.com\\\/avatar\\\/71f2fa71737ad68a84fea94bc708ddac8ea5b0c4788dc2ad202f3ccb2887742f?s=96&d=wp_user_avatar&r=g\",\"contentUrl\":\"https:\\\/\\\/secure.gravatar.com\\\/avatar\\\/71f2fa71737ad68a84fea94bc708ddac8ea5b0c4788dc2ad202f3ccb2887742f?s=96&d=wp_user_avatar&r=g\",\"caption\":\"Reda\u00e7\u00e3o JO\"},\"url\":\"https:\\\/\\\/jornaldasoficinas.com\\\/pt\\\/author\\\/joredacao\\\/\"}]}<\/script>\n<!-- \/ Yoast SEO plugin. -->","yoast_head_json":{"title":"Soc. Com. C. Santos realiza SocTalks sobre eletrifica\u00e7\u00e3o ligeiros - Jornal das Oficinas","description":"A Sociedade Comercial C. Santos promoveu, uma conversa digital sobre a eletrifica\u00e7\u00e3o dos ve\u00edculos comerciais ligeiros","robots":{"index":"index","follow":"follow","max-snippet":"max-snippet:-1","max-image-preview":"max-image-preview:large","max-video-preview":"max-video-preview:-1"},"canonical":"https:\/\/jornaldasoficinas.com\/pt\/soc-com-c-santos-realiza-soctalks-sobre-eletrificacao-ligeiros\/","og_locale":"pt_PT","og_type":"article","og_title":"Soc. Com. C. Santos realiza SocTalks sobre eletrifica\u00e7\u00e3o ligeiros - Jornal das Oficinas","og_description":"A Sociedade Comercial C. Santos promoveu, uma conversa digital sobre a eletrifica\u00e7\u00e3o dos ve\u00edculos comerciais ligeiros","og_url":"https:\/\/jornaldasoficinas.com\/pt\/soc-com-c-santos-realiza-soctalks-sobre-eletrificacao-ligeiros\/","og_site_name":"Jornal das Oficinas","article_publisher":"https:\/\/www.facebook.com\/jornaloficinas","article_published_time":"2023-01-26T18:00:42+00:00","og_image":[{"width":1024,"height":581,"url":"https:\/\/jornaldasoficinas.com\/pt\/wp-content\/uploads\/2023\/01\/Soc.-Com.-C.-Santos-realiza-SocTalks-sobre-eletrificacao-ligeiros.jpg","type":"image\/jpeg"}],"author":"Reda\u00e7\u00e3o JO","twitter_card":"summary_large_image","twitter_creator":"@jornaloficinas","twitter_site":"@jornaloficinas","twitter_misc":{"Escrito por":"Reda\u00e7\u00e3o JO","Tempo estimado de leitura":"7 minutos"},"schema":{"@context":"https:\/\/schema.org","@graph":[{"@type":"Article","@id":"https:\/\/jornaldasoficinas.com\/pt\/soc-com-c-santos-realiza-soctalks-sobre-eletrificacao-ligeiros\/#article","isPartOf":{"@id":"https:\/\/jornaldasoficinas.com\/pt\/soc-com-c-santos-realiza-soctalks-sobre-eletrificacao-ligeiros\/"},"author":{"name":"Reda\u00e7\u00e3o JO","@id":"https:\/\/jornaldasoficinas.com\/pt\/#\/schema\/person\/a38eef5de2c41d9e7c9ac10141afddf3"},"headline":"Soc. Com. C. Santos realiza SocTalks sobre eletrifica\u00e7\u00e3o ligeiros","datePublished":"2023-01-26T18:00:42+00:00","mainEntityOfPage":{"@id":"https:\/\/jornaldasoficinas.com\/pt\/soc-com-c-santos-realiza-soctalks-sobre-eletrificacao-ligeiros\/"},"wordCount":1365,"publisher":{"@id":"https:\/\/jornaldasoficinas.com\/pt\/#organization"},"image":{"@id":"https:\/\/jornaldasoficinas.com\/pt\/soc-com-c-santos-realiza-soctalks-sobre-eletrificacao-ligeiros\/#primaryimage"},"thumbnailUrl":"https:\/\/jornaldasoficinas.com\/pt\/wp-content\/uploads\/2023\/01\/Soc.-Com.-C.-Santos-realiza-SocTalks-sobre-eletrificacao-ligeiros.jpg","keywords":["carregamentos","Comerciais ligeiros","Eletrifica\u00e7\u00e3o","Forma\u00e7\u00e3o","Soc. Comercial C. Santos"],"articleSection":["Empresas"],"inLanguage":"pt-PT"},{"@type":"WebPage","@id":"https:\/\/jornaldasoficinas.com\/pt\/soc-com-c-santos-realiza-soctalks-sobre-eletrificacao-ligeiros\/","url":"https:\/\/jornaldasoficinas.com\/pt\/soc-com-c-santos-realiza-soctalks-sobre-eletrificacao-ligeiros\/","name":"Soc. Com. C. Santos realiza SocTalks sobre eletrifica\u00e7\u00e3o ligeiros - Jornal das Oficinas","isPartOf":{"@id":"https:\/\/jornaldasoficinas.com\/pt\/#website"},"primaryImageOfPage":{"@id":"https:\/\/jornaldasoficinas.com\/pt\/soc-com-c-santos-realiza-soctalks-sobre-eletrificacao-ligeiros\/#primaryimage"},"image":{"@id":"https:\/\/jornaldasoficinas.com\/pt\/soc-com-c-santos-realiza-soctalks-sobre-eletrificacao-ligeiros\/#primaryimage"},"thumbnailUrl":"https:\/\/jornaldasoficinas.com\/pt\/wp-content\/uploads\/2023\/01\/Soc.-Com.-C.-Santos-realiza-SocTalks-sobre-eletrificacao-ligeiros.jpg","datePublished":"2023-01-26T18:00:42+00:00","description":"A Sociedade Comercial C. Santos promoveu, uma conversa digital sobre a eletrifica\u00e7\u00e3o dos ve\u00edculos comerciais ligeiros","breadcrumb":{"@id":"https:\/\/jornaldasoficinas.com\/pt\/soc-com-c-santos-realiza-soctalks-sobre-eletrificacao-ligeiros\/#breadcrumb"},"inLanguage":"pt-PT","potentialAction":[{"@type":"ReadAction","target":["https:\/\/jornaldasoficinas.com\/pt\/soc-com-c-santos-realiza-soctalks-sobre-eletrificacao-ligeiros\/"]}]},{"@type":"ImageObject","inLanguage":"pt-PT","@id":"https:\/\/jornaldasoficinas.com\/pt\/soc-com-c-santos-realiza-soctalks-sobre-eletrificacao-ligeiros\/#primaryimage","url":"https:\/\/jornaldasoficinas.com\/pt\/wp-content\/uploads\/2023\/01\/Soc.-Com.-C.-Santos-realiza-SocTalks-sobre-eletrificacao-ligeiros.jpg","contentUrl":"https:\/\/jornaldasoficinas.com\/pt\/wp-content\/uploads\/2023\/01\/Soc.-Com.-C.-Santos-realiza-SocTalks-sobre-eletrificacao-ligeiros.jpg","width":1024,"height":581,"caption":"eSprinter Roadshow, 2019 eSprinter Roadshow, 2019"},{"@type":"BreadcrumbList","@id":"https:\/\/jornaldasoficinas.com\/pt\/soc-com-c-santos-realiza-soctalks-sobre-eletrificacao-ligeiros\/#breadcrumb","itemListElement":[{"@type":"ListItem","position":1,"name":"In\u00edcio","item":"https:\/\/jornaldasoficinas.com\/pt\/"},{"@type":"ListItem","position":2,"name":"Soc. Com. C. Santos realiza SocTalks sobre eletrifica\u00e7\u00e3o ligeiros"}]},{"@type":"WebSite","@id":"https:\/\/jornaldasoficinas.com\/pt\/#website","url":"https:\/\/jornaldasoficinas.com\/pt\/","name":"Jornal das Oficinas","description":"Jornal independente do Aftermarket Autom\u00f3vel em Portugal","publisher":{"@id":"https:\/\/jornaldasoficinas.com\/pt\/#organization"},"potentialAction":[{"@type":"SearchAction","target":{"@type":"EntryPoint","urlTemplate":"https:\/\/jornaldasoficinas.com\/pt\/?s={search_term_string}"},"query-input":{"@type":"PropertyValueSpecification","valueRequired":true,"valueName":"search_term_string"}}],"inLanguage":"pt-PT"},{"@type":"Organization","@id":"https:\/\/jornaldasoficinas.com\/pt\/#organization","name":"Jornal das Oficinas","url":"https:\/\/jornaldasoficinas.com\/pt\/","logo":{"@type":"ImageObject","inLanguage":"pt-PT","@id":"https:\/\/jornaldasoficinas.com\/pt\/#\/schema\/logo\/image\/","url":"https:\/\/jornaldasoficinas.com\/pt\/wp-content\/uploads\/logoJO-SEO.png","contentUrl":"https:\/\/jornaldasoficinas.com\/pt\/wp-content\/uploads\/logoJO-SEO.png","width":285,"height":450,"caption":"Jornal das Oficinas"},"image":{"@id":"https:\/\/jornaldasoficinas.com\/pt\/#\/schema\/logo\/image\/"},"sameAs":["https:\/\/www.facebook.com\/jornaloficinas","https:\/\/x.com\/jornaloficinas","https:\/\/www.instagram.com\/jornal_oficinas\/","https:\/\/www.linkedin.com\/company\/jornal-das-oficinas\/","https:\/\/www.youtube.com\/channel\/UCbQZBqtcvV-oSQrr7RzINGg"]},{"@type":"Person","@id":"https:\/\/jornaldasoficinas.com\/pt\/#\/schema\/person\/a38eef5de2c41d9e7c9ac10141afddf3","name":"Reda\u00e7\u00e3o JO","image":{"@type":"ImageObject","inLanguage":"pt-PT","@id":"https:\/\/secure.gravatar.com\/avatar\/71f2fa71737ad68a84fea94bc708ddac8ea5b0c4788dc2ad202f3ccb2887742f?s=96&d=wp_user_avatar&r=g","url":"https:\/\/secure.gravatar.com\/avatar\/71f2fa71737ad68a84fea94bc708ddac8ea5b0c4788dc2ad202f3ccb2887742f?s=96&d=wp_user_avatar&r=g","contentUrl":"https:\/\/secure.gravatar.com\/avatar\/71f2fa71737ad68a84fea94bc708ddac8ea5b0c4788dc2ad202f3ccb2887742f?s=96&d=wp_user_avatar&r=g","caption":"Reda\u00e7\u00e3o JO"},"url":"https:\/\/jornaldasoficinas.com\/pt\/author\/joredacao\/"}]}},"_links":{"self":[{"href":"https:\/\/jornaldasoficinas.com\/pt\/wp-json\/wp\/v2\/posts\/61170","targetHints":{"allow":["GET"]}}],"collection":[{"href":"https:\/\/jornaldasoficinas.com\/pt\/wp-json\/wp\/v2\/posts"}],"about":[{"href":"https:\/\/jornaldasoficinas.com\/pt\/wp-json\/wp\/v2\/types\/post"}],"author":[{"embeddable":true,"href":"https:\/\/jornaldasoficinas.com\/pt\/wp-json\/wp\/v2\/users\/15"}],"replies":[{"embeddable":true,"href":"https:\/\/jornaldasoficinas.com\/pt\/wp-json\/wp\/v2\/comments?post=61170"}],"version-history":[{"count":0,"href":"https:\/\/jornaldasoficinas.com\/pt\/wp-json\/wp\/v2\/posts\/61170\/revisions"}],"wp:featuredmedia":[{"embeddable":true,"href":"https:\/\/jornaldasoficinas.com\/pt\/wp-json\/wp\/v2\/media\/61094"}],"wp:attachment":[{"href":"https:\/\/jornaldasoficinas.com\/pt\/wp-json\/wp\/v2\/media?parent=61170"}],"wp:term":[{"taxonomy":"category","embeddable":true,"href":"https:\/\/jornaldasoficinas.com\/pt\/wp-json\/wp\/v2\/categories?post=61170"},{"taxonomy":"post_tag","embeddable":true,"href":"https:\/\/jornaldasoficinas.com\/pt\/wp-json\/wp\/v2\/tags?post=61170"}],"curies":[{"name":"wp","href":"https:\/\/api.w.org\/{rel}","templated":true}]}}