{"id":61313,"date":"2023-01-30T12:30:15","date_gmt":"2023-01-30T12:30:15","guid":{"rendered":"https:\/\/jornaldasoficinas.com\/pt\/?p=61313"},"modified":"2023-01-30T15:36:31","modified_gmt":"2023-01-30T15:36:31","slug":"clube-escape-livre-apresenta-calendario-atividades-2023","status":"publish","type":"post","link":"https:\/\/jornaldasoficinas.com\/pt\/clube-escape-livre-apresenta-calendario-atividades-2023\/","title":{"rendered":"Clube Escape Livre apresenta Calend\u00e1rio Atividades 2023"},"content":{"rendered":"<p><strong><img loading=\"lazy\" decoding=\"async\" class=\"alignnone size-full wp-image-61307\" src=\"https:\/\/jornaldasoficinas.com\/pt\/wp-content\/uploads\/2023\/01\/Clube-Escape-Livre-apresenta-Calendario-Atividades-2023-1.jpg\" alt=\"01 - Clube Escape Livre apresenta Calendario Atividades 2023 1\" width=\"1024\" height=\"581\" srcset=\"https:\/\/jornaldasoficinas.com\/pt\/wp-content\/uploads\/2023\/01\/Clube-Escape-Livre-apresenta-Calendario-Atividades-2023-1.jpg 1024w, https:\/\/jornaldasoficinas.com\/pt\/wp-content\/uploads\/2023\/01\/Clube-Escape-Livre-apresenta-Calendario-Atividades-2023-1-300x170.jpg 300w, https:\/\/jornaldasoficinas.com\/pt\/wp-content\/uploads\/2023\/01\/Clube-Escape-Livre-apresenta-Calendario-Atividades-2023-1-150x85.jpg 150w, https:\/\/jornaldasoficinas.com\/pt\/wp-content\/uploads\/2023\/01\/Clube-Escape-Livre-apresenta-Calendario-Atividades-2023-1-768x436.jpg 768w\" sizes=\"auto, (max-width: 1024px) 100vw, 1024px\" \/><\/strong><\/p>\n<p><strong>O <a href=\"https:\/\/www.escapelivre.com\/\" target=\"_blank\" rel=\"noopener\">Clube Escape Livre<\/a> apresentou o seu Calend\u00e1rio de Atividades 2023 na sala Ant\u00f3nio Almeida Santos, no edif\u00edcio da <a href=\"https:\/\/www.mun-guarda.pt\/\" target=\"_blank\" rel=\"noopener\">C\u00e2mara Municipal da Guarda<\/a><\/strong><\/p>\n<p>O Calend\u00e1rio de Atividades, tem inscritas 13 iniciativas onde o todo-o-terreno tur\u00edstico e de lazer, os autom\u00f3veis cl\u00e1ssicos e a competi\u00e7\u00e3o autom\u00f3vel s\u00e3o destaques<\/p>\n<p>A cerim\u00f3nia de apresenta\u00e7\u00e3o do Calend\u00e1rio de Atividades do Clube Escape Livre 2023, contou com a presen\u00e7a do Presidente da C\u00e2mara Municipal da Guarda, S\u00e9rgio Costa, do presidente do clube, Lu\u00eds Cel\u00ednio e do seu diretor criativo e de eventos especiais Lu\u00eds Coelho.<\/p>\n<p>O presidente da edilidade da Cidade Mais Alta tomou a palavra na abertura da cerim\u00f3nia, destacando o facto do \u201cClube Escape Livre ser o exemplo perfeito de que \u00e9 poss\u00edvel estar localizado no interior e pensar em promover a regi\u00e3o a n\u00edvel nacional e mesmo a n\u00edvel global.\u201d Por isso, como fez quest\u00e3o de sublinhar \u201co apoio ao Clube Escape Livre faz todo o sentido por proporcionar \u00e0 cidade e \u00e0 regi\u00e3o a din\u00e2mica que necessitamos para atrair pessoas e dinamizar as nossas unidades hoteleiras e de restaura\u00e7\u00e3o. Bem hajam pelo vosso trabalho e contem sempre com o Munic\u00edpio da Guarda para apoiar as vossas iniciativas.\u201d<\/p>\n<p>O ano de atividades come\u00e7a com uma celebra\u00e7\u00e3o muito especial que ter\u00e1 lugar no Teatro Municipal da Guarda e contar\u00e1 com um espet\u00e1culo de Lu\u00eds de Matos: a celebra\u00e7\u00e3o dos 50 anos do Programa Escape Livre, o programa de r\u00e1dio de maior longevidade do pa\u00eds e que, posteriormente, deu origem ao Clube escape Livre. Ter\u00e1 lugar no dia 11 de fevereiro.<\/p>\n<p>Segue-se o j\u00e1 tradicional Raid do Bucho e Outros Sabores que levar\u00e1 nos dias 17 a 19 de mar\u00e7o a caravana Clube Escape Livre at\u00e9 \u00e0 Freineda, com passagem em Videmonte, nos Baloi\u00e7os da Rapa e nos Passadi\u00e7os do Mondego. A Recria\u00e7\u00e3o Hist\u00f3rica das Invas\u00f5es Francesas \u00e9, junto com o almo\u00e7o do Bucho o ponto alto de uma iniciativa que conta a <a href=\"https:\/\/www.jeep.pt\/\" target=\"_blank\" rel=\"noopener\">JEEP<\/a> como marca oficial.<\/p>\n<p>Novidade de 2022, o Off Road <a href=\"https:\/\/www.bridgestone.pt\/\" target=\"_blank\" rel=\"noopener\">Bridgestone<\/a>\/<a href=\"https:\/\/www.firststop.pt\/\" target=\"_blank\" rel=\"noopener\">First Stop<\/a> Caminho de Salom\u00e3o foi um enorme sucesso e regressa este ano para palmilhar o percurso entre Bel\u00e9m e a Castelo Rodrigo, tendo como marca oficial a <a href=\"https:\/\/www.suzukimoto.pt\/pt.html\" target=\"_blank\" rel=\"noopener\">Suzuki<\/a>. Outra iniciativa que faz parte da hist\u00f3ria do Clube Escape Livre \u00e9 a Aventura Dacia que vai para estrada nos dias 5 a 7 de maio tendo como base a bela vila de T\u00e1bua e o aliciante de conduzir pelos tro\u00e7os de Lous\u00e3, G\u00f3is e Arganil, parte do percurso do <a href=\"https:\/\/rallydeportugal.pt\/homepage.aspx?menuid=1\" target=\"_blank\" rel=\"noopener\">Rali de Portugal<\/a>.<\/p>\n<p>As senhoras que conduzem <a href=\"https:\/\/www.mercedes-benz.pt\/passengercars.html\" target=\"_blank\" rel=\"noopener\">Mercedes<\/a> continuam a ter um espa\u00e7o pr\u00f3prio nas atividades do Clube Escape Livre e, por isso, nos dias 19 a 21 de maio, o Alentejo (mais concretamente Estremoz) vai receber a s\u00e9tima edi\u00e7\u00e3o do \u201cShe\u2019s Mercedes Off Road Experience\u201d. A Mercedes volta a estar em destaque com o passeio Mercedes-Benz 4MATIC Experience dedicado aos propriet\u00e1rios de SUV da casa de Estugarda.<\/p>\n<p>A grande aventura internacional do Clube Escape Livre leva uma limitada caravana de portugueses at\u00e9 \u00e0 Nam\u00edbia. Uma iniciativa muito bem acolhida pelo grupo de aventureiros do Escape Livre que vai visitar as dunas de Sossusvlei, Walvisbay e o Etosha Park.<\/p>\n<p>No que concerne aos Autom\u00f3veis Cl\u00e1ssicos, o Clube Escape Livre realiza a quarta edi\u00e7\u00e3o do Classic Cars Tour que vai ligar Guarda, Trancoso, M\u00eada, Foz C\u00f4a e Figueira de Castelo Rodrigo num passeio tur\u00edstico que vai visitar Salamanca e o fant\u00e1stico Museu de Historia de La Automocion.<\/p>\n<p>O Clube Escape Livre em colabora\u00e7\u00e3o com as C\u00e2maras Municipais de <a href=\"https:\/\/www.cm-coimbra.pt\/\" target=\"_blank\" rel=\"noopener\">Coimbra<\/a>, <a href=\"https:\/\/www.cm-castelobranco.pt\/\" target=\"_blank\" rel=\"noopener\">Castelo Branco<\/a> e Guarda, vai recriar a primeira prova de automobilismo por etapas de Portugal. Aconteceu em 1903 e chamava-se Circuito das Beiras. Vai para a estrada nos dias 14 a 17 de setembro celebrando 120 anos e recriando o percurso de cerca de 400 quil\u00f3metros com carros pr\u00e9-Guerra e p\u00f3s-Guerra at\u00e9 1978.<\/p>\n<p>O ano de 2023 mant\u00e9m a competi\u00e7\u00e3o autom\u00f3vel no seio do Escape Livre. A temporada come\u00e7a nos dias 8 e 9 de julho com o Guarda Racing Days, a celebra\u00e7\u00e3o da competi\u00e7\u00e3o na Cidade Mais Alta aberta a quatro categorias distintas de ve\u00edculos. Segue-se o Slalom de Castelo Rodrigo que faz realizar nos dias 22 e 23 de julho duas provas a contar para o Campeonato de Portugal de Per\u00edcias e, ainda, para o Trof\u00e9u Raiano.<\/p>\n<p>Destaque, ainda, para o 10\u00ba Anivers\u00e1rio da C\u00e1psula do Tempo \u2013 Guarda 2050 que, como habitualmente, ver\u00e1 o lan\u00e7amento de mais uma ch\u00e1vena para a cole\u00e7\u00e3o \u201cCh\u00e1venas do Tempo\u201d e uma confer\u00eancia subordinada a um tema de interesse a anunciar brevemente. A organiza\u00e7\u00e3o \u00e9 do Clube Escape Livre, <a href=\"https:\/\/politecnicoguarda.pt\/\" target=\"_blank\" rel=\"noopener\">Instituto Polit\u00e9cnico da Guarda<\/a> e <a href=\"https:\/\/www.altitude.fm\/\" target=\"_blank\" rel=\"noopener\">R\u00e1dio Altitude<\/a>, com a parceria da C\u00e2mara Municipal da Guarda e Junta de Freguesia da Guarda e o apoio da <a href=\"https:\/\/www.spal.pt\/\" target=\"_blank\" rel=\"noopener\">SPAL<\/a>, <a href=\"https:\/\/www.cauny.com\/pt\/collections\/man-watches?gclid=Cj0KCQiAz9ieBhCIARIsACB0oGKEeASpLUP6BYKzzSY34MpuC7aLNkYSXYAVkTESZHwo9BzaxIqvyGAaAt5_EALw_wcB\" target=\"_blank\" rel=\"noopener\">CAUNY<\/a> e <a href=\"https:\/\/www.coficab.pt\/\" target=\"_blank\" rel=\"noopener\">COFICAB<\/a>.<\/p>\n<p>Presentes na confer\u00eancia, Carlos Condesso, presidente da C\u00e2mara Municipal de Figueira de Castelo Rodrigo, Lu\u00eds Mata, diretor do Museu Autom\u00f3vel de Salamanca, David Pinto, vereador da C\u00e2mara Municipal de T\u00e1bua e Lu\u00eds Baptista Martins, diretor da R\u00e1dio Altitude que tiveram ocasi\u00e3o de intervir sobre as atividades que t\u00eam em parceria com o Escape Livre.<\/p>\n<p>No final da cerim\u00f3nia, Lu\u00eds Cel\u00ednio, presidente do Clube Escape Livre, mostrava-se satisfeito por \u201ccontinuarmos a ser ambiciosos no sentido de sermos a refer\u00eancia no que toca \u00e0 divulga\u00e7\u00e3o da Beira Interior. Ao longo dos anos provamos que quem aposta nas iniciativas e atividades do Clube Escape Livre recebe amplo retorno. E no ano em que a origem de tudo isto \u2013 o Programa Escape Livre na R\u00e1dio Altitude nascido a 13 de fevereiro de 1973 \u2013 cumpre 50 anos e o Clube j\u00e1 vai nos 37 anos, este calend\u00e1rio de atividades mostra-se din\u00e2mico e aponta o caminho para os pr\u00f3ximos 50 anos\u201d, concluiu.<\/p>\n","protected":false},"excerpt":{"rendered":"<p>O Clube Escape Livre apresentou o&#8230;<\/p>\n","protected":false},"author":15,"featured_media":61307,"comment_status":"closed","ping_status":"closed","sticky":false,"template":"","format":"standard","meta":{"footnotes":""},"categories":[29],"tags":[4004,3974,3308,3975],"class_list":["post-61313","post","type-post","status-publish","format-standard","has-post-thumbnail","hentry","category-empresas","tag-atividades-2023","tag-calendario-de-atividades","tag-clube-escape-livre","tag-guarda"],"yoast_head":"<!-- This site is optimized with the Yoast SEO plugin v27.4 - https:\/\/yoast.com\/product\/yoast-seo-wordpress\/ -->\n<title>Clube Escape Livre apresenta Calend\u00e1rio Atividades 2023 - Jornal das Oficinas<\/title>\n<meta name=\"description\" content=\"O Clube Escape Livre apresentou o seu Calend\u00e1rio de Atividades 2023 no edif\u00edcio da C\u00e2mara Municipal da Guarda\" \/>\n<meta name=\"robots\" content=\"index, follow, max-snippet:-1, max-image-preview:large, max-video-preview:-1\" \/>\n<link rel=\"canonical\" href=\"https:\/\/jornaldasoficinas.com\/pt\/clube-escape-livre-apresenta-calendario-atividades-2023\/\" \/>\n<meta property=\"og:locale\" content=\"pt_PT\" \/>\n<meta property=\"og:type\" content=\"article\" \/>\n<meta property=\"og:title\" content=\"Clube Escape Livre apresenta Calend\u00e1rio Atividades 2023 - Jornal das Oficinas\" \/>\n<meta property=\"og:description\" content=\"O Clube Escape Livre apresentou o seu Calend\u00e1rio de Atividades 2023 no edif\u00edcio da C\u00e2mara Municipal da Guarda\" \/>\n<meta property=\"og:url\" content=\"https:\/\/jornaldasoficinas.com\/pt\/clube-escape-livre-apresenta-calendario-atividades-2023\/\" \/>\n<meta property=\"og:site_name\" content=\"Jornal das Oficinas\" \/>\n<meta property=\"article:publisher\" content=\"https:\/\/www.facebook.com\/jornaloficinas\" \/>\n<meta property=\"article:published_time\" content=\"2023-01-30T12:30:15+00:00\" \/>\n<meta property=\"article:modified_time\" content=\"2023-01-30T15:36:31+00:00\" \/>\n<meta property=\"og:image\" content=\"https:\/\/jornaldasoficinas.com\/pt\/wp-content\/uploads\/2023\/01\/Clube-Escape-Livre-apresenta-Calendario-Atividades-2023-1.jpg\" \/>\n\t<meta property=\"og:image:width\" content=\"1024\" \/>\n\t<meta property=\"og:image:height\" content=\"581\" \/>\n\t<meta property=\"og:image:type\" content=\"image\/jpeg\" \/>\n<meta name=\"author\" content=\"Reda\u00e7\u00e3o JO\" \/>\n<meta name=\"twitter:card\" content=\"summary_large_image\" \/>\n<meta name=\"twitter:creator\" content=\"@jornaloficinas\" \/>\n<meta name=\"twitter:site\" content=\"@jornaloficinas\" \/>\n<meta name=\"twitter:label1\" content=\"Escrito por\" \/>\n\t<meta name=\"twitter:data1\" content=\"Reda\u00e7\u00e3o JO\" \/>\n\t<meta name=\"twitter:label2\" content=\"Tempo estimado de leitura\" \/>\n\t<meta name=\"twitter:data2\" content=\"5 minutos\" \/>\n<script type=\"application\/ld+json\" class=\"yoast-schema-graph\">{\"@context\":\"https:\\\/\\\/schema.org\",\"@graph\":[{\"@type\":\"Article\",\"@id\":\"https:\\\/\\\/jornaldasoficinas.com\\\/pt\\\/clube-escape-livre-apresenta-calendario-atividades-2023\\\/#article\",\"isPartOf\":{\"@id\":\"https:\\\/\\\/jornaldasoficinas.com\\\/pt\\\/clube-escape-livre-apresenta-calendario-atividades-2023\\\/\"},\"author\":{\"name\":\"Reda\u00e7\u00e3o JO\",\"@id\":\"https:\\\/\\\/jornaldasoficinas.com\\\/pt\\\/#\\\/schema\\\/person\\\/a38eef5de2c41d9e7c9ac10141afddf3\"},\"headline\":\"Clube Escape Livre apresenta Calend\u00e1rio Atividades 2023\",\"datePublished\":\"2023-01-30T12:30:15+00:00\",\"dateModified\":\"2023-01-30T15:36:31+00:00\",\"mainEntityOfPage\":{\"@id\":\"https:\\\/\\\/jornaldasoficinas.com\\\/pt\\\/clube-escape-livre-apresenta-calendario-atividades-2023\\\/\"},\"wordCount\":1014,\"publisher\":{\"@id\":\"https:\\\/\\\/jornaldasoficinas.com\\\/pt\\\/#organization\"},\"image\":{\"@id\":\"https:\\\/\\\/jornaldasoficinas.com\\\/pt\\\/clube-escape-livre-apresenta-calendario-atividades-2023\\\/#primaryimage\"},\"thumbnailUrl\":\"https:\\\/\\\/jornaldasoficinas.com\\\/pt\\\/wp-content\\\/uploads\\\/2023\\\/01\\\/Clube-Escape-Livre-apresenta-Calendario-Atividades-2023-1.jpg\",\"keywords\":[\"Atividades 2023\",\"Calend\u00e1rio de Atividades\",\"Clube Escape Livre\",\"Guarda\"],\"articleSection\":[\"Empresas\"],\"inLanguage\":\"pt-PT\"},{\"@type\":\"WebPage\",\"@id\":\"https:\\\/\\\/jornaldasoficinas.com\\\/pt\\\/clube-escape-livre-apresenta-calendario-atividades-2023\\\/\",\"url\":\"https:\\\/\\\/jornaldasoficinas.com\\\/pt\\\/clube-escape-livre-apresenta-calendario-atividades-2023\\\/\",\"name\":\"Clube Escape Livre apresenta Calend\u00e1rio Atividades 2023 - Jornal das Oficinas\",\"isPartOf\":{\"@id\":\"https:\\\/\\\/jornaldasoficinas.com\\\/pt\\\/#website\"},\"primaryImageOfPage\":{\"@id\":\"https:\\\/\\\/jornaldasoficinas.com\\\/pt\\\/clube-escape-livre-apresenta-calendario-atividades-2023\\\/#primaryimage\"},\"image\":{\"@id\":\"https:\\\/\\\/jornaldasoficinas.com\\\/pt\\\/clube-escape-livre-apresenta-calendario-atividades-2023\\\/#primaryimage\"},\"thumbnailUrl\":\"https:\\\/\\\/jornaldasoficinas.com\\\/pt\\\/wp-content\\\/uploads\\\/2023\\\/01\\\/Clube-Escape-Livre-apresenta-Calendario-Atividades-2023-1.jpg\",\"datePublished\":\"2023-01-30T12:30:15+00:00\",\"dateModified\":\"2023-01-30T15:36:31+00:00\",\"description\":\"O Clube Escape Livre apresentou o seu Calend\u00e1rio de Atividades 2023 no edif\u00edcio da C\u00e2mara Municipal da Guarda\",\"breadcrumb\":{\"@id\":\"https:\\\/\\\/jornaldasoficinas.com\\\/pt\\\/clube-escape-livre-apresenta-calendario-atividades-2023\\\/#breadcrumb\"},\"inLanguage\":\"pt-PT\",\"potentialAction\":[{\"@type\":\"ReadAction\",\"target\":[\"https:\\\/\\\/jornaldasoficinas.com\\\/pt\\\/clube-escape-livre-apresenta-calendario-atividades-2023\\\/\"]}]},{\"@type\":\"ImageObject\",\"inLanguage\":\"pt-PT\",\"@id\":\"https:\\\/\\\/jornaldasoficinas.com\\\/pt\\\/clube-escape-livre-apresenta-calendario-atividades-2023\\\/#primaryimage\",\"url\":\"https:\\\/\\\/jornaldasoficinas.com\\\/pt\\\/wp-content\\\/uploads\\\/2023\\\/01\\\/Clube-Escape-Livre-apresenta-Calendario-Atividades-2023-1.jpg\",\"contentUrl\":\"https:\\\/\\\/jornaldasoficinas.com\\\/pt\\\/wp-content\\\/uploads\\\/2023\\\/01\\\/Clube-Escape-Livre-apresenta-Calendario-Atividades-2023-1.jpg\",\"width\":1024,\"height\":581,\"caption\":\"01 - Clube Escape Livre apresenta Calendario Atividades 2023 1\"},{\"@type\":\"BreadcrumbList\",\"@id\":\"https:\\\/\\\/jornaldasoficinas.com\\\/pt\\\/clube-escape-livre-apresenta-calendario-atividades-2023\\\/#breadcrumb\",\"itemListElement\":[{\"@type\":\"ListItem\",\"position\":1,\"name\":\"In\u00edcio\",\"item\":\"https:\\\/\\\/jornaldasoficinas.com\\\/pt\\\/\"},{\"@type\":\"ListItem\",\"position\":2,\"name\":\"Clube Escape Livre apresenta Calend\u00e1rio Atividades 2023\"}]},{\"@type\":\"WebSite\",\"@id\":\"https:\\\/\\\/jornaldasoficinas.com\\\/pt\\\/#website\",\"url\":\"https:\\\/\\\/jornaldasoficinas.com\\\/pt\\\/\",\"name\":\"Jornal das Oficinas\",\"description\":\"Jornal independente do Aftermarket Autom\u00f3vel em Portugal\",\"publisher\":{\"@id\":\"https:\\\/\\\/jornaldasoficinas.com\\\/pt\\\/#organization\"},\"potentialAction\":[{\"@type\":\"SearchAction\",\"target\":{\"@type\":\"EntryPoint\",\"urlTemplate\":\"https:\\\/\\\/jornaldasoficinas.com\\\/pt\\\/?s={search_term_string}\"},\"query-input\":{\"@type\":\"PropertyValueSpecification\",\"valueRequired\":true,\"valueName\":\"search_term_string\"}}],\"inLanguage\":\"pt-PT\"},{\"@type\":\"Organization\",\"@id\":\"https:\\\/\\\/jornaldasoficinas.com\\\/pt\\\/#organization\",\"name\":\"Jornal das Oficinas\",\"url\":\"https:\\\/\\\/jornaldasoficinas.com\\\/pt\\\/\",\"logo\":{\"@type\":\"ImageObject\",\"inLanguage\":\"pt-PT\",\"@id\":\"https:\\\/\\\/jornaldasoficinas.com\\\/pt\\\/#\\\/schema\\\/logo\\\/image\\\/\",\"url\":\"https:\\\/\\\/jornaldasoficinas.com\\\/pt\\\/wp-content\\\/uploads\\\/logoJO-SEO.png\",\"contentUrl\":\"https:\\\/\\\/jornaldasoficinas.com\\\/pt\\\/wp-content\\\/uploads\\\/logoJO-SEO.png\",\"width\":285,\"height\":450,\"caption\":\"Jornal das Oficinas\"},\"image\":{\"@id\":\"https:\\\/\\\/jornaldasoficinas.com\\\/pt\\\/#\\\/schema\\\/logo\\\/image\\\/\"},\"sameAs\":[\"https:\\\/\\\/www.facebook.com\\\/jornaloficinas\",\"https:\\\/\\\/x.com\\\/jornaloficinas\",\"https:\\\/\\\/www.instagram.com\\\/jornal_oficinas\\\/\",\"https:\\\/\\\/www.linkedin.com\\\/company\\\/jornal-das-oficinas\\\/\",\"https:\\\/\\\/www.youtube.com\\\/channel\\\/UCbQZBqtcvV-oSQrr7RzINGg\"]},{\"@type\":\"Person\",\"@id\":\"https:\\\/\\\/jornaldasoficinas.com\\\/pt\\\/#\\\/schema\\\/person\\\/a38eef5de2c41d9e7c9ac10141afddf3\",\"name\":\"Reda\u00e7\u00e3o JO\",\"image\":{\"@type\":\"ImageObject\",\"inLanguage\":\"pt-PT\",\"@id\":\"https:\\\/\\\/secure.gravatar.com\\\/avatar\\\/71f2fa71737ad68a84fea94bc708ddac8ea5b0c4788dc2ad202f3ccb2887742f?s=96&d=wp_user_avatar&r=g\",\"url\":\"https:\\\/\\\/secure.gravatar.com\\\/avatar\\\/71f2fa71737ad68a84fea94bc708ddac8ea5b0c4788dc2ad202f3ccb2887742f?s=96&d=wp_user_avatar&r=g\",\"contentUrl\":\"https:\\\/\\\/secure.gravatar.com\\\/avatar\\\/71f2fa71737ad68a84fea94bc708ddac8ea5b0c4788dc2ad202f3ccb2887742f?s=96&d=wp_user_avatar&r=g\",\"caption\":\"Reda\u00e7\u00e3o JO\"},\"url\":\"https:\\\/\\\/jornaldasoficinas.com\\\/pt\\\/author\\\/joredacao\\\/\"}]}<\/script>\n<!-- \/ Yoast SEO plugin. -->","yoast_head_json":{"title":"Clube Escape Livre apresenta Calend\u00e1rio Atividades 2023 - Jornal das Oficinas","description":"O Clube Escape Livre apresentou o seu Calend\u00e1rio de Atividades 2023 no edif\u00edcio da C\u00e2mara Municipal da Guarda","robots":{"index":"index","follow":"follow","max-snippet":"max-snippet:-1","max-image-preview":"max-image-preview:large","max-video-preview":"max-video-preview:-1"},"canonical":"https:\/\/jornaldasoficinas.com\/pt\/clube-escape-livre-apresenta-calendario-atividades-2023\/","og_locale":"pt_PT","og_type":"article","og_title":"Clube Escape Livre apresenta Calend\u00e1rio Atividades 2023 - Jornal das Oficinas","og_description":"O Clube Escape Livre apresentou o seu Calend\u00e1rio de Atividades 2023 no edif\u00edcio da C\u00e2mara Municipal da Guarda","og_url":"https:\/\/jornaldasoficinas.com\/pt\/clube-escape-livre-apresenta-calendario-atividades-2023\/","og_site_name":"Jornal das Oficinas","article_publisher":"https:\/\/www.facebook.com\/jornaloficinas","article_published_time":"2023-01-30T12:30:15+00:00","article_modified_time":"2023-01-30T15:36:31+00:00","og_image":[{"width":1024,"height":581,"url":"https:\/\/jornaldasoficinas.com\/pt\/wp-content\/uploads\/2023\/01\/Clube-Escape-Livre-apresenta-Calendario-Atividades-2023-1.jpg","type":"image\/jpeg"}],"author":"Reda\u00e7\u00e3o JO","twitter_card":"summary_large_image","twitter_creator":"@jornaloficinas","twitter_site":"@jornaloficinas","twitter_misc":{"Escrito por":"Reda\u00e7\u00e3o JO","Tempo estimado de leitura":"5 minutos"},"schema":{"@context":"https:\/\/schema.org","@graph":[{"@type":"Article","@id":"https:\/\/jornaldasoficinas.com\/pt\/clube-escape-livre-apresenta-calendario-atividades-2023\/#article","isPartOf":{"@id":"https:\/\/jornaldasoficinas.com\/pt\/clube-escape-livre-apresenta-calendario-atividades-2023\/"},"author":{"name":"Reda\u00e7\u00e3o JO","@id":"https:\/\/jornaldasoficinas.com\/pt\/#\/schema\/person\/a38eef5de2c41d9e7c9ac10141afddf3"},"headline":"Clube Escape Livre apresenta Calend\u00e1rio Atividades 2023","datePublished":"2023-01-30T12:30:15+00:00","dateModified":"2023-01-30T15:36:31+00:00","mainEntityOfPage":{"@id":"https:\/\/jornaldasoficinas.com\/pt\/clube-escape-livre-apresenta-calendario-atividades-2023\/"},"wordCount":1014,"publisher":{"@id":"https:\/\/jornaldasoficinas.com\/pt\/#organization"},"image":{"@id":"https:\/\/jornaldasoficinas.com\/pt\/clube-escape-livre-apresenta-calendario-atividades-2023\/#primaryimage"},"thumbnailUrl":"https:\/\/jornaldasoficinas.com\/pt\/wp-content\/uploads\/2023\/01\/Clube-Escape-Livre-apresenta-Calendario-Atividades-2023-1.jpg","keywords":["Atividades 2023","Calend\u00e1rio de Atividades","Clube Escape Livre","Guarda"],"articleSection":["Empresas"],"inLanguage":"pt-PT"},{"@type":"WebPage","@id":"https:\/\/jornaldasoficinas.com\/pt\/clube-escape-livre-apresenta-calendario-atividades-2023\/","url":"https:\/\/jornaldasoficinas.com\/pt\/clube-escape-livre-apresenta-calendario-atividades-2023\/","name":"Clube Escape Livre apresenta Calend\u00e1rio Atividades 2023 - Jornal das Oficinas","isPartOf":{"@id":"https:\/\/jornaldasoficinas.com\/pt\/#website"},"primaryImageOfPage":{"@id":"https:\/\/jornaldasoficinas.com\/pt\/clube-escape-livre-apresenta-calendario-atividades-2023\/#primaryimage"},"image":{"@id":"https:\/\/jornaldasoficinas.com\/pt\/clube-escape-livre-apresenta-calendario-atividades-2023\/#primaryimage"},"thumbnailUrl":"https:\/\/jornaldasoficinas.com\/pt\/wp-content\/uploads\/2023\/01\/Clube-Escape-Livre-apresenta-Calendario-Atividades-2023-1.jpg","datePublished":"2023-01-30T12:30:15+00:00","dateModified":"2023-01-30T15:36:31+00:00","description":"O Clube Escape Livre apresentou o seu Calend\u00e1rio de Atividades 2023 no edif\u00edcio da C\u00e2mara Municipal da Guarda","breadcrumb":{"@id":"https:\/\/jornaldasoficinas.com\/pt\/clube-escape-livre-apresenta-calendario-atividades-2023\/#breadcrumb"},"inLanguage":"pt-PT","potentialAction":[{"@type":"ReadAction","target":["https:\/\/jornaldasoficinas.com\/pt\/clube-escape-livre-apresenta-calendario-atividades-2023\/"]}]},{"@type":"ImageObject","inLanguage":"pt-PT","@id":"https:\/\/jornaldasoficinas.com\/pt\/clube-escape-livre-apresenta-calendario-atividades-2023\/#primaryimage","url":"https:\/\/jornaldasoficinas.com\/pt\/wp-content\/uploads\/2023\/01\/Clube-Escape-Livre-apresenta-Calendario-Atividades-2023-1.jpg","contentUrl":"https:\/\/jornaldasoficinas.com\/pt\/wp-content\/uploads\/2023\/01\/Clube-Escape-Livre-apresenta-Calendario-Atividades-2023-1.jpg","width":1024,"height":581,"caption":"01 - Clube Escape Livre apresenta Calendario Atividades 2023 1"},{"@type":"BreadcrumbList","@id":"https:\/\/jornaldasoficinas.com\/pt\/clube-escape-livre-apresenta-calendario-atividades-2023\/#breadcrumb","itemListElement":[{"@type":"ListItem","position":1,"name":"In\u00edcio","item":"https:\/\/jornaldasoficinas.com\/pt\/"},{"@type":"ListItem","position":2,"name":"Clube Escape Livre apresenta Calend\u00e1rio Atividades 2023"}]},{"@type":"WebSite","@id":"https:\/\/jornaldasoficinas.com\/pt\/#website","url":"https:\/\/jornaldasoficinas.com\/pt\/","name":"Jornal das Oficinas","description":"Jornal independente do Aftermarket Autom\u00f3vel em Portugal","publisher":{"@id":"https:\/\/jornaldasoficinas.com\/pt\/#organization"},"potentialAction":[{"@type":"SearchAction","target":{"@type":"EntryPoint","urlTemplate":"https:\/\/jornaldasoficinas.com\/pt\/?s={search_term_string}"},"query-input":{"@type":"PropertyValueSpecification","valueRequired":true,"valueName":"search_term_string"}}],"inLanguage":"pt-PT"},{"@type":"Organization","@id":"https:\/\/jornaldasoficinas.com\/pt\/#organization","name":"Jornal das Oficinas","url":"https:\/\/jornaldasoficinas.com\/pt\/","logo":{"@type":"ImageObject","inLanguage":"pt-PT","@id":"https:\/\/jornaldasoficinas.com\/pt\/#\/schema\/logo\/image\/","url":"https:\/\/jornaldasoficinas.com\/pt\/wp-content\/uploads\/logoJO-SEO.png","contentUrl":"https:\/\/jornaldasoficinas.com\/pt\/wp-content\/uploads\/logoJO-SEO.png","width":285,"height":450,"caption":"Jornal das Oficinas"},"image":{"@id":"https:\/\/jornaldasoficinas.com\/pt\/#\/schema\/logo\/image\/"},"sameAs":["https:\/\/www.facebook.com\/jornaloficinas","https:\/\/x.com\/jornaloficinas","https:\/\/www.instagram.com\/jornal_oficinas\/","https:\/\/www.linkedin.com\/company\/jornal-das-oficinas\/","https:\/\/www.youtube.com\/channel\/UCbQZBqtcvV-oSQrr7RzINGg"]},{"@type":"Person","@id":"https:\/\/jornaldasoficinas.com\/pt\/#\/schema\/person\/a38eef5de2c41d9e7c9ac10141afddf3","name":"Reda\u00e7\u00e3o JO","image":{"@type":"ImageObject","inLanguage":"pt-PT","@id":"https:\/\/secure.gravatar.com\/avatar\/71f2fa71737ad68a84fea94bc708ddac8ea5b0c4788dc2ad202f3ccb2887742f?s=96&d=wp_user_avatar&r=g","url":"https:\/\/secure.gravatar.com\/avatar\/71f2fa71737ad68a84fea94bc708ddac8ea5b0c4788dc2ad202f3ccb2887742f?s=96&d=wp_user_avatar&r=g","contentUrl":"https:\/\/secure.gravatar.com\/avatar\/71f2fa71737ad68a84fea94bc708ddac8ea5b0c4788dc2ad202f3ccb2887742f?s=96&d=wp_user_avatar&r=g","caption":"Reda\u00e7\u00e3o JO"},"url":"https:\/\/jornaldasoficinas.com\/pt\/author\/joredacao\/"}]}},"_links":{"self":[{"href":"https:\/\/jornaldasoficinas.com\/pt\/wp-json\/wp\/v2\/posts\/61313","targetHints":{"allow":["GET"]}}],"collection":[{"href":"https:\/\/jornaldasoficinas.com\/pt\/wp-json\/wp\/v2\/posts"}],"about":[{"href":"https:\/\/jornaldasoficinas.com\/pt\/wp-json\/wp\/v2\/types\/post"}],"author":[{"embeddable":true,"href":"https:\/\/jornaldasoficinas.com\/pt\/wp-json\/wp\/v2\/users\/15"}],"replies":[{"embeddable":true,"href":"https:\/\/jornaldasoficinas.com\/pt\/wp-json\/wp\/v2\/comments?post=61313"}],"version-history":[{"count":0,"href":"https:\/\/jornaldasoficinas.com\/pt\/wp-json\/wp\/v2\/posts\/61313\/revisions"}],"wp:featuredmedia":[{"embeddable":true,"href":"https:\/\/jornaldasoficinas.com\/pt\/wp-json\/wp\/v2\/media\/61307"}],"wp:attachment":[{"href":"https:\/\/jornaldasoficinas.com\/pt\/wp-json\/wp\/v2\/media?parent=61313"}],"wp:term":[{"taxonomy":"category","embeddable":true,"href":"https:\/\/jornaldasoficinas.com\/pt\/wp-json\/wp\/v2\/categories?post=61313"},{"taxonomy":"post_tag","embeddable":true,"href":"https:\/\/jornaldasoficinas.com\/pt\/wp-json\/wp\/v2\/tags?post=61313"}],"curies":[{"name":"wp","href":"https:\/\/api.w.org\/{rel}","templated":true}]}}