{"id":61492,"date":"2023-02-02T12:30:38","date_gmt":"2023-02-02T12:30:38","guid":{"rendered":"https:\/\/jornaldasoficinas.com\/pt\/?p=61492"},"modified":"2023-02-06T12:21:07","modified_gmt":"2023-02-06T12:21:07","slug":"segunda-temporada-tectalk-esta-de-regresso","status":"publish","type":"post","link":"https:\/\/jornaldasoficinas.com\/pt\/segunda-temporada-tectalk-esta-de-regresso\/","title":{"rendered":"Segunda temporada TecTalk est\u00e1 de regresso"},"content":{"rendered":"<p><strong><img loading=\"lazy\" decoding=\"async\" class=\"alignnone size-full wp-image-61472\" src=\"https:\/\/jornaldasoficinas.com\/pt\/wp-content\/uploads\/2023\/01\/Segunda-temporada-TecTalk-esta-de-regresso.jpg\" alt=\"01 - Segunda temporada TecTalk esta de regresso\" width=\"1024\" height=\"581\" srcset=\"https:\/\/jornaldasoficinas.com\/pt\/wp-content\/uploads\/2023\/01\/Segunda-temporada-TecTalk-esta-de-regresso.jpg 1024w, https:\/\/jornaldasoficinas.com\/pt\/wp-content\/uploads\/2023\/01\/Segunda-temporada-TecTalk-esta-de-regresso-300x170.jpg 300w, https:\/\/jornaldasoficinas.com\/pt\/wp-content\/uploads\/2023\/01\/Segunda-temporada-TecTalk-esta-de-regresso-150x85.jpg 150w, https:\/\/jornaldasoficinas.com\/pt\/wp-content\/uploads\/2023\/01\/Segunda-temporada-TecTalk-esta-de-regresso-768x436.jpg 768w\" sizes=\"auto, (max-width: 1024px) 100vw, 1024px\" \/><\/strong><\/p>\n<p><strong>\u00a0<\/strong><strong>A <a href=\"https:\/\/www.tecalliance.net\/\" target=\"_blank\" rel=\"noopener\">TecAlliance<\/a>, acaba de anunciar o lan\u00e7amento da segunda temporada do TecTalk, o seu conhecido podcast, efetuada com base em eventos registados por Christian M\u00fcller, Vice President Marketing, durante a <a href=\"https:\/\/www.aapexshow.com\/\" target=\"_blank\" rel=\"noopener\">AAPEX<\/a>, o principal evento do mercado de p\u00f3s-venda autom\u00f3vel nos Estados Unidos da Am\u00e9rica<\/strong><\/p>\n<p>&#8220;Estamos entusiasmados por lan\u00e7ar a segunda s\u00e9rie do TecTalk&#8221;, disse Christian M\u00fcller. &#8220;Vamos estar \u00e0 conversa com alguns dos mais inovadores e influentes l\u00edderes da ind\u00fastria autom\u00f3vel da Am\u00e9rica do Norte. Acreditamos que as entrevistas ser\u00e3o cativantes, informativas e estimulantes para os ouvintes.&#8221;<\/p>\n<p>Os primeiros epis\u00f3dios de uma s\u00e9rie de nove ir\u00e3o conter entrevistas sobre economia circular com John Chalifoux, Presidente e COO da MERA (30 de Janeiro de 2023), e sobre dados de pe\u00e7as com Gigi Ho, VP Operations na SEMA Data (3 de Fevereiro de 2023). Os epis\u00f3dios seguintes apresentar\u00e3o convidados da Schaeffler North America, Gates, I-CAR, Experian Automotive, NEXUS e AutoNetTV. No \u00faltimo epis\u00f3dio, a 27 de Fevereiro de 2023, David Williams, CEO da JNPSoft OptiCat, partilhar\u00e1 a sua vis\u00e3o do futuro relativamente \u00e0 transforma\u00e7\u00e3o digital no panorama dos servi\u00e7os para ve\u00edculos autom\u00f3veis ligeiros e comerciais.<\/p>\n<p>O TecTalk est\u00e1 dispon\u00edvel em todas as principais plataformas de podcasts, incluindo\u00a0<a href=\"https:\/\/open.spotify.com\/show\/7smKYvixfvxaOqFtjnwWuI?si=41134b36b4944baa&amp;nd=1\" target=\"_blank\" rel=\"noopener\">Spotify<\/a>,\u00a0<a href=\"https:\/\/podcasts.apple.com\/de\/podcast\/tectalk-automotive-aftermarket-podcast\/id1649729096\" target=\"_blank\" rel=\"noopener\">Apple Podcasts<\/a>\u00a0e\u00a0<a href=\"https:\/\/podcasts.google.com\/feed\/aHR0cHM6Ly90ZWN0YWxrLWFmdGVybWFya2V0LnBvZGlnZWUuaW8vZmVlZC9tcDM\/episode\/YWIwYmMwZDFiNjdmNzRiODQwYzQ5MTc0YzUzNDAyODc?sa=X&amp;ved=0CAUQkfYCahcKEwi4zYGji-_8AhUAAAAAHQAAAAAQBQ\" target=\"_blank\" rel=\"noopener\">Google Podcasts<\/a>. Para se manterem atualizados sobre os \u00faltimos epis\u00f3dios, os ouvintes podem subscrever o podcast na sua plataforma preferida e seguir a TecAlliance nas redes sociais.<\/p>\n","protected":false},"excerpt":{"rendered":"<p>\u00a0A TecAlliance, acaba de anunciar o&#8230;<\/p>\n","protected":false},"author":15,"featured_media":61472,"comment_status":"closed","ping_status":"closed","sticky":false,"template":"","format":"standard","meta":{"footnotes":""},"categories":[29],"tags":[4021,4054,4053,3316,1569,4022],"class_list":["post-61492","post","type-post","status-publish","format-standard","has-post-thumbnail","hentry","category-empresas","tag-aapex","tag-automotive-aftermarket-podcast","tag-christian-muller","tag-podcast","tag-tecalliance","tag-tectalk"],"yoast_head":"<!-- This site is optimized with the Yoast SEO plugin v27.5 - https:\/\/yoast.com\/product\/yoast-seo-wordpress\/ -->\n<title>Segunda temporada TecTalk est\u00e1 de regresso - Jornal das Oficinas<\/title>\n<meta name=\"description\" content=\"A TecAlliance, acaba de anunciar a segunda temporada do TecTalk, o seu conhecido podcast, registado por Christian M\u00fcller durante a AAPEX\" \/>\n<meta name=\"robots\" content=\"index, follow, max-snippet:-1, max-image-preview:large, max-video-preview:-1\" \/>\n<link rel=\"canonical\" href=\"https:\/\/jornaldasoficinas.com\/pt\/segunda-temporada-tectalk-esta-de-regresso\/\" \/>\n<meta property=\"og:locale\" content=\"pt_PT\" \/>\n<meta property=\"og:type\" content=\"article\" \/>\n<meta property=\"og:title\" content=\"Segunda temporada TecTalk est\u00e1 de regresso - Jornal das Oficinas\" \/>\n<meta property=\"og:description\" content=\"A TecAlliance, acaba de anunciar a segunda temporada do TecTalk, o seu conhecido podcast, registado por Christian M\u00fcller durante a AAPEX\" \/>\n<meta property=\"og:url\" content=\"https:\/\/jornaldasoficinas.com\/pt\/segunda-temporada-tectalk-esta-de-regresso\/\" \/>\n<meta property=\"og:site_name\" content=\"Jornal das Oficinas\" \/>\n<meta property=\"article:publisher\" content=\"https:\/\/www.facebook.com\/jornaloficinas\" \/>\n<meta property=\"article:published_time\" content=\"2023-02-02T12:30:38+00:00\" \/>\n<meta property=\"article:modified_time\" content=\"2023-02-06T12:21:07+00:00\" \/>\n<meta property=\"og:image\" content=\"https:\/\/jornaldasoficinas.com\/pt\/wp-content\/uploads\/2023\/01\/Segunda-temporada-TecTalk-esta-de-regresso.jpg\" \/>\n\t<meta property=\"og:image:width\" content=\"1024\" \/>\n\t<meta property=\"og:image:height\" content=\"581\" \/>\n\t<meta property=\"og:image:type\" content=\"image\/jpeg\" \/>\n<meta name=\"author\" content=\"Reda\u00e7\u00e3o JO\" \/>\n<meta name=\"twitter:card\" content=\"summary_large_image\" \/>\n<meta name=\"twitter:creator\" content=\"@jornaloficinas\" \/>\n<meta name=\"twitter:site\" content=\"@jornaloficinas\" \/>\n<meta name=\"twitter:label1\" content=\"Escrito por\" \/>\n\t<meta name=\"twitter:data1\" content=\"Reda\u00e7\u00e3o JO\" \/>\n\t<meta name=\"twitter:label2\" content=\"Tempo estimado de leitura\" \/>\n\t<meta name=\"twitter:data2\" content=\"1 minuto\" \/>\n<script type=\"application\/ld+json\" class=\"yoast-schema-graph\">{\"@context\":\"https:\\\/\\\/schema.org\",\"@graph\":[{\"@type\":\"Article\",\"@id\":\"https:\\\/\\\/jornaldasoficinas.com\\\/pt\\\/segunda-temporada-tectalk-esta-de-regresso\\\/#article\",\"isPartOf\":{\"@id\":\"https:\\\/\\\/jornaldasoficinas.com\\\/pt\\\/segunda-temporada-tectalk-esta-de-regresso\\\/\"},\"author\":{\"name\":\"Reda\u00e7\u00e3o JO\",\"@id\":\"https:\\\/\\\/jornaldasoficinas.com\\\/pt\\\/#\\\/schema\\\/person\\\/a38eef5de2c41d9e7c9ac10141afddf3\"},\"headline\":\"Segunda temporada TecTalk est\u00e1 de regresso\",\"datePublished\":\"2023-02-02T12:30:38+00:00\",\"dateModified\":\"2023-02-06T12:21:07+00:00\",\"mainEntityOfPage\":{\"@id\":\"https:\\\/\\\/jornaldasoficinas.com\\\/pt\\\/segunda-temporada-tectalk-esta-de-regresso\\\/\"},\"wordCount\":251,\"publisher\":{\"@id\":\"https:\\\/\\\/jornaldasoficinas.com\\\/pt\\\/#organization\"},\"image\":{\"@id\":\"https:\\\/\\\/jornaldasoficinas.com\\\/pt\\\/segunda-temporada-tectalk-esta-de-regresso\\\/#primaryimage\"},\"thumbnailUrl\":\"https:\\\/\\\/jornaldasoficinas.com\\\/pt\\\/wp-content\\\/uploads\\\/2023\\\/01\\\/Segunda-temporada-TecTalk-esta-de-regresso.jpg\",\"keywords\":[\"AAPEX\",\"Automotive Aftermarket Podcast\",\"Christian M\u00fcller\",\"Podcast\",\"TecAlliance\",\"TecTalk\"],\"articleSection\":[\"Empresas\"],\"inLanguage\":\"pt-PT\"},{\"@type\":\"WebPage\",\"@id\":\"https:\\\/\\\/jornaldasoficinas.com\\\/pt\\\/segunda-temporada-tectalk-esta-de-regresso\\\/\",\"url\":\"https:\\\/\\\/jornaldasoficinas.com\\\/pt\\\/segunda-temporada-tectalk-esta-de-regresso\\\/\",\"name\":\"Segunda temporada TecTalk est\u00e1 de regresso - Jornal das Oficinas\",\"isPartOf\":{\"@id\":\"https:\\\/\\\/jornaldasoficinas.com\\\/pt\\\/#website\"},\"primaryImageOfPage\":{\"@id\":\"https:\\\/\\\/jornaldasoficinas.com\\\/pt\\\/segunda-temporada-tectalk-esta-de-regresso\\\/#primaryimage\"},\"image\":{\"@id\":\"https:\\\/\\\/jornaldasoficinas.com\\\/pt\\\/segunda-temporada-tectalk-esta-de-regresso\\\/#primaryimage\"},\"thumbnailUrl\":\"https:\\\/\\\/jornaldasoficinas.com\\\/pt\\\/wp-content\\\/uploads\\\/2023\\\/01\\\/Segunda-temporada-TecTalk-esta-de-regresso.jpg\",\"datePublished\":\"2023-02-02T12:30:38+00:00\",\"dateModified\":\"2023-02-06T12:21:07+00:00\",\"description\":\"A TecAlliance, acaba de anunciar a segunda temporada do TecTalk, o seu conhecido podcast, registado por Christian M\u00fcller durante a AAPEX\",\"breadcrumb\":{\"@id\":\"https:\\\/\\\/jornaldasoficinas.com\\\/pt\\\/segunda-temporada-tectalk-esta-de-regresso\\\/#breadcrumb\"},\"inLanguage\":\"pt-PT\",\"potentialAction\":[{\"@type\":\"ReadAction\",\"target\":[\"https:\\\/\\\/jornaldasoficinas.com\\\/pt\\\/segunda-temporada-tectalk-esta-de-regresso\\\/\"]}]},{\"@type\":\"ImageObject\",\"inLanguage\":\"pt-PT\",\"@id\":\"https:\\\/\\\/jornaldasoficinas.com\\\/pt\\\/segunda-temporada-tectalk-esta-de-regresso\\\/#primaryimage\",\"url\":\"https:\\\/\\\/jornaldasoficinas.com\\\/pt\\\/wp-content\\\/uploads\\\/2023\\\/01\\\/Segunda-temporada-TecTalk-esta-de-regresso.jpg\",\"contentUrl\":\"https:\\\/\\\/jornaldasoficinas.com\\\/pt\\\/wp-content\\\/uploads\\\/2023\\\/01\\\/Segunda-temporada-TecTalk-esta-de-regresso.jpg\",\"width\":1024,\"height\":581,\"caption\":\"01 - Segunda temporada TecTalk esta de regresso\"},{\"@type\":\"BreadcrumbList\",\"@id\":\"https:\\\/\\\/jornaldasoficinas.com\\\/pt\\\/segunda-temporada-tectalk-esta-de-regresso\\\/#breadcrumb\",\"itemListElement\":[{\"@type\":\"ListItem\",\"position\":1,\"name\":\"In\u00edcio\",\"item\":\"https:\\\/\\\/jornaldasoficinas.com\\\/pt\\\/\"},{\"@type\":\"ListItem\",\"position\":2,\"name\":\"Segunda temporada TecTalk est\u00e1 de regresso\"}]},{\"@type\":\"WebSite\",\"@id\":\"https:\\\/\\\/jornaldasoficinas.com\\\/pt\\\/#website\",\"url\":\"https:\\\/\\\/jornaldasoficinas.com\\\/pt\\\/\",\"name\":\"Jornal das Oficinas\",\"description\":\"Jornal independente do Aftermarket Autom\u00f3vel em Portugal\",\"publisher\":{\"@id\":\"https:\\\/\\\/jornaldasoficinas.com\\\/pt\\\/#organization\"},\"potentialAction\":[{\"@type\":\"SearchAction\",\"target\":{\"@type\":\"EntryPoint\",\"urlTemplate\":\"https:\\\/\\\/jornaldasoficinas.com\\\/pt\\\/?s={search_term_string}\"},\"query-input\":{\"@type\":\"PropertyValueSpecification\",\"valueRequired\":true,\"valueName\":\"search_term_string\"}}],\"inLanguage\":\"pt-PT\"},{\"@type\":\"Organization\",\"@id\":\"https:\\\/\\\/jornaldasoficinas.com\\\/pt\\\/#organization\",\"name\":\"Jornal das Oficinas\",\"url\":\"https:\\\/\\\/jornaldasoficinas.com\\\/pt\\\/\",\"logo\":{\"@type\":\"ImageObject\",\"inLanguage\":\"pt-PT\",\"@id\":\"https:\\\/\\\/jornaldasoficinas.com\\\/pt\\\/#\\\/schema\\\/logo\\\/image\\\/\",\"url\":\"https:\\\/\\\/jornaldasoficinas.com\\\/pt\\\/wp-content\\\/uploads\\\/logoJO-SEO.png\",\"contentUrl\":\"https:\\\/\\\/jornaldasoficinas.com\\\/pt\\\/wp-content\\\/uploads\\\/logoJO-SEO.png\",\"width\":285,\"height\":450,\"caption\":\"Jornal das Oficinas\"},\"image\":{\"@id\":\"https:\\\/\\\/jornaldasoficinas.com\\\/pt\\\/#\\\/schema\\\/logo\\\/image\\\/\"},\"sameAs\":[\"https:\\\/\\\/www.facebook.com\\\/jornaloficinas\",\"https:\\\/\\\/x.com\\\/jornaloficinas\",\"https:\\\/\\\/www.instagram.com\\\/jornal_oficinas\\\/\",\"https:\\\/\\\/www.linkedin.com\\\/company\\\/jornal-das-oficinas\\\/\",\"https:\\\/\\\/www.youtube.com\\\/channel\\\/UCbQZBqtcvV-oSQrr7RzINGg\"]},{\"@type\":\"Person\",\"@id\":\"https:\\\/\\\/jornaldasoficinas.com\\\/pt\\\/#\\\/schema\\\/person\\\/a38eef5de2c41d9e7c9ac10141afddf3\",\"name\":\"Reda\u00e7\u00e3o JO\",\"image\":{\"@type\":\"ImageObject\",\"inLanguage\":\"pt-PT\",\"@id\":\"https:\\\/\\\/secure.gravatar.com\\\/avatar\\\/71f2fa71737ad68a84fea94bc708ddac8ea5b0c4788dc2ad202f3ccb2887742f?s=96&d=wp_user_avatar&r=g\",\"url\":\"https:\\\/\\\/secure.gravatar.com\\\/avatar\\\/71f2fa71737ad68a84fea94bc708ddac8ea5b0c4788dc2ad202f3ccb2887742f?s=96&d=wp_user_avatar&r=g\",\"contentUrl\":\"https:\\\/\\\/secure.gravatar.com\\\/avatar\\\/71f2fa71737ad68a84fea94bc708ddac8ea5b0c4788dc2ad202f3ccb2887742f?s=96&d=wp_user_avatar&r=g\",\"caption\":\"Reda\u00e7\u00e3o JO\"},\"url\":\"https:\\\/\\\/jornaldasoficinas.com\\\/pt\\\/author\\\/joredacao\\\/\"}]}<\/script>\n<!-- \/ Yoast SEO plugin. -->","yoast_head_json":{"title":"Segunda temporada TecTalk est\u00e1 de regresso - Jornal das Oficinas","description":"A TecAlliance, acaba de anunciar a segunda temporada do TecTalk, o seu conhecido podcast, registado por Christian M\u00fcller durante a AAPEX","robots":{"index":"index","follow":"follow","max-snippet":"max-snippet:-1","max-image-preview":"max-image-preview:large","max-video-preview":"max-video-preview:-1"},"canonical":"https:\/\/jornaldasoficinas.com\/pt\/segunda-temporada-tectalk-esta-de-regresso\/","og_locale":"pt_PT","og_type":"article","og_title":"Segunda temporada TecTalk est\u00e1 de regresso - Jornal das Oficinas","og_description":"A TecAlliance, acaba de anunciar a segunda temporada do TecTalk, o seu conhecido podcast, registado por Christian M\u00fcller durante a AAPEX","og_url":"https:\/\/jornaldasoficinas.com\/pt\/segunda-temporada-tectalk-esta-de-regresso\/","og_site_name":"Jornal das Oficinas","article_publisher":"https:\/\/www.facebook.com\/jornaloficinas","article_published_time":"2023-02-02T12:30:38+00:00","article_modified_time":"2023-02-06T12:21:07+00:00","og_image":[{"width":1024,"height":581,"url":"https:\/\/jornaldasoficinas.com\/pt\/wp-content\/uploads\/2023\/01\/Segunda-temporada-TecTalk-esta-de-regresso.jpg","type":"image\/jpeg"}],"author":"Reda\u00e7\u00e3o JO","twitter_card":"summary_large_image","twitter_creator":"@jornaloficinas","twitter_site":"@jornaloficinas","twitter_misc":{"Escrito por":"Reda\u00e7\u00e3o JO","Tempo estimado de leitura":"1 minuto"},"schema":{"@context":"https:\/\/schema.org","@graph":[{"@type":"Article","@id":"https:\/\/jornaldasoficinas.com\/pt\/segunda-temporada-tectalk-esta-de-regresso\/#article","isPartOf":{"@id":"https:\/\/jornaldasoficinas.com\/pt\/segunda-temporada-tectalk-esta-de-regresso\/"},"author":{"name":"Reda\u00e7\u00e3o JO","@id":"https:\/\/jornaldasoficinas.com\/pt\/#\/schema\/person\/a38eef5de2c41d9e7c9ac10141afddf3"},"headline":"Segunda temporada TecTalk est\u00e1 de regresso","datePublished":"2023-02-02T12:30:38+00:00","dateModified":"2023-02-06T12:21:07+00:00","mainEntityOfPage":{"@id":"https:\/\/jornaldasoficinas.com\/pt\/segunda-temporada-tectalk-esta-de-regresso\/"},"wordCount":251,"publisher":{"@id":"https:\/\/jornaldasoficinas.com\/pt\/#organization"},"image":{"@id":"https:\/\/jornaldasoficinas.com\/pt\/segunda-temporada-tectalk-esta-de-regresso\/#primaryimage"},"thumbnailUrl":"https:\/\/jornaldasoficinas.com\/pt\/wp-content\/uploads\/2023\/01\/Segunda-temporada-TecTalk-esta-de-regresso.jpg","keywords":["AAPEX","Automotive Aftermarket Podcast","Christian M\u00fcller","Podcast","TecAlliance","TecTalk"],"articleSection":["Empresas"],"inLanguage":"pt-PT"},{"@type":"WebPage","@id":"https:\/\/jornaldasoficinas.com\/pt\/segunda-temporada-tectalk-esta-de-regresso\/","url":"https:\/\/jornaldasoficinas.com\/pt\/segunda-temporada-tectalk-esta-de-regresso\/","name":"Segunda temporada TecTalk est\u00e1 de regresso - Jornal das Oficinas","isPartOf":{"@id":"https:\/\/jornaldasoficinas.com\/pt\/#website"},"primaryImageOfPage":{"@id":"https:\/\/jornaldasoficinas.com\/pt\/segunda-temporada-tectalk-esta-de-regresso\/#primaryimage"},"image":{"@id":"https:\/\/jornaldasoficinas.com\/pt\/segunda-temporada-tectalk-esta-de-regresso\/#primaryimage"},"thumbnailUrl":"https:\/\/jornaldasoficinas.com\/pt\/wp-content\/uploads\/2023\/01\/Segunda-temporada-TecTalk-esta-de-regresso.jpg","datePublished":"2023-02-02T12:30:38+00:00","dateModified":"2023-02-06T12:21:07+00:00","description":"A TecAlliance, acaba de anunciar a segunda temporada do TecTalk, o seu conhecido podcast, registado por Christian M\u00fcller durante a AAPEX","breadcrumb":{"@id":"https:\/\/jornaldasoficinas.com\/pt\/segunda-temporada-tectalk-esta-de-regresso\/#breadcrumb"},"inLanguage":"pt-PT","potentialAction":[{"@type":"ReadAction","target":["https:\/\/jornaldasoficinas.com\/pt\/segunda-temporada-tectalk-esta-de-regresso\/"]}]},{"@type":"ImageObject","inLanguage":"pt-PT","@id":"https:\/\/jornaldasoficinas.com\/pt\/segunda-temporada-tectalk-esta-de-regresso\/#primaryimage","url":"https:\/\/jornaldasoficinas.com\/pt\/wp-content\/uploads\/2023\/01\/Segunda-temporada-TecTalk-esta-de-regresso.jpg","contentUrl":"https:\/\/jornaldasoficinas.com\/pt\/wp-content\/uploads\/2023\/01\/Segunda-temporada-TecTalk-esta-de-regresso.jpg","width":1024,"height":581,"caption":"01 - Segunda temporada TecTalk esta de regresso"},{"@type":"BreadcrumbList","@id":"https:\/\/jornaldasoficinas.com\/pt\/segunda-temporada-tectalk-esta-de-regresso\/#breadcrumb","itemListElement":[{"@type":"ListItem","position":1,"name":"In\u00edcio","item":"https:\/\/jornaldasoficinas.com\/pt\/"},{"@type":"ListItem","position":2,"name":"Segunda temporada TecTalk est\u00e1 de regresso"}]},{"@type":"WebSite","@id":"https:\/\/jornaldasoficinas.com\/pt\/#website","url":"https:\/\/jornaldasoficinas.com\/pt\/","name":"Jornal das Oficinas","description":"Jornal independente do Aftermarket Autom\u00f3vel em Portugal","publisher":{"@id":"https:\/\/jornaldasoficinas.com\/pt\/#organization"},"potentialAction":[{"@type":"SearchAction","target":{"@type":"EntryPoint","urlTemplate":"https:\/\/jornaldasoficinas.com\/pt\/?s={search_term_string}"},"query-input":{"@type":"PropertyValueSpecification","valueRequired":true,"valueName":"search_term_string"}}],"inLanguage":"pt-PT"},{"@type":"Organization","@id":"https:\/\/jornaldasoficinas.com\/pt\/#organization","name":"Jornal das Oficinas","url":"https:\/\/jornaldasoficinas.com\/pt\/","logo":{"@type":"ImageObject","inLanguage":"pt-PT","@id":"https:\/\/jornaldasoficinas.com\/pt\/#\/schema\/logo\/image\/","url":"https:\/\/jornaldasoficinas.com\/pt\/wp-content\/uploads\/logoJO-SEO.png","contentUrl":"https:\/\/jornaldasoficinas.com\/pt\/wp-content\/uploads\/logoJO-SEO.png","width":285,"height":450,"caption":"Jornal das Oficinas"},"image":{"@id":"https:\/\/jornaldasoficinas.com\/pt\/#\/schema\/logo\/image\/"},"sameAs":["https:\/\/www.facebook.com\/jornaloficinas","https:\/\/x.com\/jornaloficinas","https:\/\/www.instagram.com\/jornal_oficinas\/","https:\/\/www.linkedin.com\/company\/jornal-das-oficinas\/","https:\/\/www.youtube.com\/channel\/UCbQZBqtcvV-oSQrr7RzINGg"]},{"@type":"Person","@id":"https:\/\/jornaldasoficinas.com\/pt\/#\/schema\/person\/a38eef5de2c41d9e7c9ac10141afddf3","name":"Reda\u00e7\u00e3o JO","image":{"@type":"ImageObject","inLanguage":"pt-PT","@id":"https:\/\/secure.gravatar.com\/avatar\/71f2fa71737ad68a84fea94bc708ddac8ea5b0c4788dc2ad202f3ccb2887742f?s=96&d=wp_user_avatar&r=g","url":"https:\/\/secure.gravatar.com\/avatar\/71f2fa71737ad68a84fea94bc708ddac8ea5b0c4788dc2ad202f3ccb2887742f?s=96&d=wp_user_avatar&r=g","contentUrl":"https:\/\/secure.gravatar.com\/avatar\/71f2fa71737ad68a84fea94bc708ddac8ea5b0c4788dc2ad202f3ccb2887742f?s=96&d=wp_user_avatar&r=g","caption":"Reda\u00e7\u00e3o JO"},"url":"https:\/\/jornaldasoficinas.com\/pt\/author\/joredacao\/"}]}},"_links":{"self":[{"href":"https:\/\/jornaldasoficinas.com\/pt\/wp-json\/wp\/v2\/posts\/61492","targetHints":{"allow":["GET"]}}],"collection":[{"href":"https:\/\/jornaldasoficinas.com\/pt\/wp-json\/wp\/v2\/posts"}],"about":[{"href":"https:\/\/jornaldasoficinas.com\/pt\/wp-json\/wp\/v2\/types\/post"}],"author":[{"embeddable":true,"href":"https:\/\/jornaldasoficinas.com\/pt\/wp-json\/wp\/v2\/users\/15"}],"replies":[{"embeddable":true,"href":"https:\/\/jornaldasoficinas.com\/pt\/wp-json\/wp\/v2\/comments?post=61492"}],"version-history":[{"count":0,"href":"https:\/\/jornaldasoficinas.com\/pt\/wp-json\/wp\/v2\/posts\/61492\/revisions"}],"wp:featuredmedia":[{"embeddable":true,"href":"https:\/\/jornaldasoficinas.com\/pt\/wp-json\/wp\/v2\/media\/61472"}],"wp:attachment":[{"href":"https:\/\/jornaldasoficinas.com\/pt\/wp-json\/wp\/v2\/media?parent=61492"}],"wp:term":[{"taxonomy":"category","embeddable":true,"href":"https:\/\/jornaldasoficinas.com\/pt\/wp-json\/wp\/v2\/categories?post=61492"},{"taxonomy":"post_tag","embeddable":true,"href":"https:\/\/jornaldasoficinas.com\/pt\/wp-json\/wp\/v2\/tags?post=61492"}],"curies":[{"name":"wp","href":"https:\/\/api.w.org\/{rel}","templated":true}]}}