{"id":61527,"date":"2023-02-02T18:00:36","date_gmt":"2023-02-02T18:00:36","guid":{"rendered":"https:\/\/jornaldasoficinas.com\/pt\/?p=61527"},"modified":"2023-02-02T09:38:19","modified_gmt":"2023-02-02T09:38:19","slug":"first-brands-group-compra-divisao-aftermarket-da-marelli","status":"publish","type":"post","link":"https:\/\/jornaldasoficinas.com\/pt\/first-brands-group-compra-divisao-aftermarket-da-marelli\/","title":{"rendered":"First Brands Group compra divis\u00e3o aftermarket da Marelli"},"content":{"rendered":"<p><img loading=\"lazy\" decoding=\"async\" class=\"alignnone size-full wp-image-61522\" src=\"https:\/\/jornaldasoficinas.com\/pt\/wp-content\/uploads\/2023\/01\/First-Brands-Group-compra-divisao-aftermarket-da-Marelli.jpg\" alt=\"01 - First Brands Group compra divisao aftermarket da Marelli\" width=\"1024\" height=\"581\" srcset=\"https:\/\/jornaldasoficinas.com\/pt\/wp-content\/uploads\/2023\/01\/First-Brands-Group-compra-divisao-aftermarket-da-Marelli.jpg 1024w, https:\/\/jornaldasoficinas.com\/pt\/wp-content\/uploads\/2023\/01\/First-Brands-Group-compra-divisao-aftermarket-da-Marelli-300x170.jpg 300w, https:\/\/jornaldasoficinas.com\/pt\/wp-content\/uploads\/2023\/01\/First-Brands-Group-compra-divisao-aftermarket-da-Marelli-150x85.jpg 150w, https:\/\/jornaldasoficinas.com\/pt\/wp-content\/uploads\/2023\/01\/First-Brands-Group-compra-divisao-aftermarket-da-Marelli-768x436.jpg 768w\" sizes=\"auto, (max-width: 1024px) 100vw, 1024px\" \/><\/p>\n<p><strong>A multinacional americana <a href=\"https:\/\/firstbrandsgroup.com\/\" target=\"_blank\" rel=\"noopener\">First Brands Group<\/a> &#8211; anteriormente conhecida como Trico Group e propriet\u00e1ria da <a href=\"https:\/\/airtexproducts.es\/\" target=\"_blank\" rel=\"noopener\">Airtex<\/a> desde o in\u00edcio de 2019 &#8211; continua a sua pol\u00edtica de expans\u00e3o com a aquisi\u00e7\u00e3o da divis\u00e3o de aftermarket da <a href=\"https:\/\/www.marelli.com\/\" target=\"_blank\" rel=\"noopener\">Marelli<\/a><\/strong><\/p>\n<p>O processo de compra est\u00e1 em curso e n\u00e3o ser\u00e1 efetivo at\u00e9 \u00e0 Primavera. A First Brands Group \u00e9 um grupo americano muito forte, tanto no equipamento original como no mercado p\u00f3s-venda, com um desejo de crescer em gamas de produtos. A marca Magneti Marelli manter\u00e1 o mesmo nome.<\/p>\n<p>A filial europeia do First Brand Group confirmou \u00e0 revista AUTOPOS a exist\u00eancia de negocia\u00e7\u00f5es para a compra da divis\u00e3o de aftermarket da Marelli, embora at\u00e9 ao momento n\u00e3o tenha recebido a confirma\u00e7\u00e3o oficial da sede de que o acordo se concretizou. Embora seja a incorpora\u00e7\u00e3o de um fabricante europeu, todas as negocia\u00e7\u00f5es est\u00e3o a ser conduzidas diretamente do departamento de Compras do grupo nos Estados Unidos, devido \u00e0 magnitude da opera\u00e7\u00e3o.<\/p>\n<p>A compra da divis\u00e3o aftermarket da Marelli pelo First Brands Group responde ao interesse da multinacional americana em aumentar a sua gama de produtos e em faz\u00ea-lo com uma empresa consolidada como a Marelli,.<\/p>\n<p>Atualmente, a empresa sediada em Michigan \u00e9 particularmente forte em produtos tais como escovas limpa vidros (marcas Trico e Anco), filtros (Fram e Luber-Finer), velas de igni\u00e7\u00e3o e de incandesc\u00eancia (Autolite), trav\u00f5es (Centric Parts e Raybestos) e bombas de \u00e1gua e combust\u00edvel (Airtex e Carter). Com a aquisi\u00e7\u00e3o da divis\u00e3o de aftermarket da Marelli, o seu portf\u00f3lio ir\u00e1 multiplicar-se.<\/p>\n<p>Ir\u00e1 ganhar presen\u00e7a em gamas tais como alternadores, motores de arranque, sistemas el\u00e9tricos e de igni\u00e7\u00e3o, sistemas eletr\u00f3nicos, v\u00e1lvulas EGR, sensores, amortecedores, suspens\u00e3o, ilumina\u00e7\u00e3o, elevadores de janelas, t\u00e9rmicos, baterias, distribui\u00e7\u00e3o, etc.<\/p>\n<p>Al\u00e9m disso, esta compra n\u00e3o s\u00f3 ajudar\u00e1 o grupo a diversificar a sua oferta, mas tamb\u00e9m a fazer um grande avan\u00e7o e a ganhar volume de neg\u00f3cios na Europa a um ritmo muito mais r\u00e1pido do que o atual.<\/p>\n<p>A compra da Magneti Marelli pela First Brand Group revela uma forma diferente de atacar o mercado europeu do que a realizada pelo distribuidor americano Genuine Parts Company (GPC), propriet\u00e1rio da Alliance Automotive Group (AAG).<\/p>\n<p>Embora a GPC tenha optado por desenvolver a marca NAPA na Europa, que est\u00e1 fortemente enraizada na Am\u00e9rica do Norte &#8211; e que a Lausan e a Soulima j\u00e1 come\u00e7aram a comercializar em Espanha e Portugal &#8211; o First Brand Group preferiu investir numa empresa como a Marelli para aproveitar o potencial dos seus produtos no Velho Continente.<\/p>\n","protected":false},"excerpt":{"rendered":"<p>A multinacional americana First Brands Group&#8230;<\/p>\n","protected":false},"author":15,"featured_media":61522,"comment_status":"closed","ping_status":"closed","sticky":false,"template":"","format":"standard","meta":{"footnotes":""},"categories":[29],"tags":[1537,4024,2408,2618,1961],"class_list":["post-61527","post","type-post","status-publish","format-standard","has-post-thumbnail","hentry","category-empresas","tag-airtex","tag-aquisicao","tag-first-brands-group","tag-marelli","tag-trico-group"],"yoast_head":"<!-- This site is optimized with the Yoast SEO plugin v27.4 - https:\/\/yoast.com\/product\/yoast-seo-wordpress\/ -->\n<title>First Brands Group compra divis\u00e3o aftermarket da Marelli - Jornal das Oficinas<\/title>\n<meta name=\"description\" content=\"A multinacional americana First Brands Group continua a sua pol\u00edtica de expans\u00e3o com a aquisi\u00e7\u00e3o da divis\u00e3o de aftermarket da Marelli\" \/>\n<meta name=\"robots\" content=\"index, follow, max-snippet:-1, max-image-preview:large, max-video-preview:-1\" \/>\n<link rel=\"canonical\" href=\"https:\/\/jornaldasoficinas.com\/pt\/first-brands-group-compra-divisao-aftermarket-da-marelli\/\" \/>\n<meta property=\"og:locale\" content=\"pt_PT\" \/>\n<meta property=\"og:type\" content=\"article\" \/>\n<meta property=\"og:title\" content=\"First Brands Group compra divis\u00e3o aftermarket da Marelli - Jornal das Oficinas\" \/>\n<meta property=\"og:description\" content=\"A multinacional americana First Brands Group continua a sua pol\u00edtica de expans\u00e3o com a aquisi\u00e7\u00e3o da divis\u00e3o de aftermarket da Marelli\" \/>\n<meta property=\"og:url\" content=\"https:\/\/jornaldasoficinas.com\/pt\/first-brands-group-compra-divisao-aftermarket-da-marelli\/\" \/>\n<meta property=\"og:site_name\" content=\"Jornal das Oficinas\" \/>\n<meta property=\"article:publisher\" content=\"https:\/\/www.facebook.com\/jornaloficinas\" \/>\n<meta property=\"article:published_time\" content=\"2023-02-02T18:00:36+00:00\" \/>\n<meta property=\"og:image\" content=\"https:\/\/jornaldasoficinas.com\/pt\/wp-content\/uploads\/2023\/01\/First-Brands-Group-compra-divisao-aftermarket-da-Marelli.jpg\" \/>\n\t<meta property=\"og:image:width\" content=\"1024\" \/>\n\t<meta property=\"og:image:height\" content=\"581\" \/>\n\t<meta property=\"og:image:type\" content=\"image\/jpeg\" \/>\n<meta name=\"author\" content=\"Reda\u00e7\u00e3o JO\" \/>\n<meta name=\"twitter:card\" content=\"summary_large_image\" \/>\n<meta name=\"twitter:creator\" content=\"@jornaloficinas\" \/>\n<meta name=\"twitter:site\" content=\"@jornaloficinas\" \/>\n<meta name=\"twitter:label1\" content=\"Escrito por\" \/>\n\t<meta name=\"twitter:data1\" content=\"Reda\u00e7\u00e3o JO\" \/>\n\t<meta name=\"twitter:label2\" content=\"Tempo estimado de leitura\" \/>\n\t<meta name=\"twitter:data2\" content=\"2 minutos\" \/>\n<script type=\"application\/ld+json\" class=\"yoast-schema-graph\">{\"@context\":\"https:\\\/\\\/schema.org\",\"@graph\":[{\"@type\":\"Article\",\"@id\":\"https:\\\/\\\/jornaldasoficinas.com\\\/pt\\\/first-brands-group-compra-divisao-aftermarket-da-marelli\\\/#article\",\"isPartOf\":{\"@id\":\"https:\\\/\\\/jornaldasoficinas.com\\\/pt\\\/first-brands-group-compra-divisao-aftermarket-da-marelli\\\/\"},\"author\":{\"name\":\"Reda\u00e7\u00e3o JO\",\"@id\":\"https:\\\/\\\/jornaldasoficinas.com\\\/pt\\\/#\\\/schema\\\/person\\\/a38eef5de2c41d9e7c9ac10141afddf3\"},\"headline\":\"First Brands Group compra divis\u00e3o aftermarket da Marelli\",\"datePublished\":\"2023-02-02T18:00:36+00:00\",\"mainEntityOfPage\":{\"@id\":\"https:\\\/\\\/jornaldasoficinas.com\\\/pt\\\/first-brands-group-compra-divisao-aftermarket-da-marelli\\\/\"},\"wordCount\":461,\"publisher\":{\"@id\":\"https:\\\/\\\/jornaldasoficinas.com\\\/pt\\\/#organization\"},\"image\":{\"@id\":\"https:\\\/\\\/jornaldasoficinas.com\\\/pt\\\/first-brands-group-compra-divisao-aftermarket-da-marelli\\\/#primaryimage\"},\"thumbnailUrl\":\"https:\\\/\\\/jornaldasoficinas.com\\\/pt\\\/wp-content\\\/uploads\\\/2023\\\/01\\\/First-Brands-Group-compra-divisao-aftermarket-da-Marelli.jpg\",\"keywords\":[\"Airtex\",\"Aquisi\u00e7\u00e3o\",\"First Brands Group\",\"Marelli\",\"TRICO Group\"],\"articleSection\":[\"Empresas\"],\"inLanguage\":\"pt-PT\"},{\"@type\":\"WebPage\",\"@id\":\"https:\\\/\\\/jornaldasoficinas.com\\\/pt\\\/first-brands-group-compra-divisao-aftermarket-da-marelli\\\/\",\"url\":\"https:\\\/\\\/jornaldasoficinas.com\\\/pt\\\/first-brands-group-compra-divisao-aftermarket-da-marelli\\\/\",\"name\":\"First Brands Group compra divis\u00e3o aftermarket da Marelli - Jornal das Oficinas\",\"isPartOf\":{\"@id\":\"https:\\\/\\\/jornaldasoficinas.com\\\/pt\\\/#website\"},\"primaryImageOfPage\":{\"@id\":\"https:\\\/\\\/jornaldasoficinas.com\\\/pt\\\/first-brands-group-compra-divisao-aftermarket-da-marelli\\\/#primaryimage\"},\"image\":{\"@id\":\"https:\\\/\\\/jornaldasoficinas.com\\\/pt\\\/first-brands-group-compra-divisao-aftermarket-da-marelli\\\/#primaryimage\"},\"thumbnailUrl\":\"https:\\\/\\\/jornaldasoficinas.com\\\/pt\\\/wp-content\\\/uploads\\\/2023\\\/01\\\/First-Brands-Group-compra-divisao-aftermarket-da-Marelli.jpg\",\"datePublished\":\"2023-02-02T18:00:36+00:00\",\"description\":\"A multinacional americana First Brands Group continua a sua pol\u00edtica de expans\u00e3o com a aquisi\u00e7\u00e3o da divis\u00e3o de aftermarket da Marelli\",\"breadcrumb\":{\"@id\":\"https:\\\/\\\/jornaldasoficinas.com\\\/pt\\\/first-brands-group-compra-divisao-aftermarket-da-marelli\\\/#breadcrumb\"},\"inLanguage\":\"pt-PT\",\"potentialAction\":[{\"@type\":\"ReadAction\",\"target\":[\"https:\\\/\\\/jornaldasoficinas.com\\\/pt\\\/first-brands-group-compra-divisao-aftermarket-da-marelli\\\/\"]}]},{\"@type\":\"ImageObject\",\"inLanguage\":\"pt-PT\",\"@id\":\"https:\\\/\\\/jornaldasoficinas.com\\\/pt\\\/first-brands-group-compra-divisao-aftermarket-da-marelli\\\/#primaryimage\",\"url\":\"https:\\\/\\\/jornaldasoficinas.com\\\/pt\\\/wp-content\\\/uploads\\\/2023\\\/01\\\/First-Brands-Group-compra-divisao-aftermarket-da-Marelli.jpg\",\"contentUrl\":\"https:\\\/\\\/jornaldasoficinas.com\\\/pt\\\/wp-content\\\/uploads\\\/2023\\\/01\\\/First-Brands-Group-compra-divisao-aftermarket-da-Marelli.jpg\",\"width\":1024,\"height\":581,\"caption\":\"01 - First Brands Group compra divisao aftermarket da Marelli\"},{\"@type\":\"BreadcrumbList\",\"@id\":\"https:\\\/\\\/jornaldasoficinas.com\\\/pt\\\/first-brands-group-compra-divisao-aftermarket-da-marelli\\\/#breadcrumb\",\"itemListElement\":[{\"@type\":\"ListItem\",\"position\":1,\"name\":\"In\u00edcio\",\"item\":\"https:\\\/\\\/jornaldasoficinas.com\\\/pt\\\/\"},{\"@type\":\"ListItem\",\"position\":2,\"name\":\"First Brands Group compra divis\u00e3o aftermarket da Marelli\"}]},{\"@type\":\"WebSite\",\"@id\":\"https:\\\/\\\/jornaldasoficinas.com\\\/pt\\\/#website\",\"url\":\"https:\\\/\\\/jornaldasoficinas.com\\\/pt\\\/\",\"name\":\"Jornal das Oficinas\",\"description\":\"Jornal independente do Aftermarket Autom\u00f3vel em Portugal\",\"publisher\":{\"@id\":\"https:\\\/\\\/jornaldasoficinas.com\\\/pt\\\/#organization\"},\"potentialAction\":[{\"@type\":\"SearchAction\",\"target\":{\"@type\":\"EntryPoint\",\"urlTemplate\":\"https:\\\/\\\/jornaldasoficinas.com\\\/pt\\\/?s={search_term_string}\"},\"query-input\":{\"@type\":\"PropertyValueSpecification\",\"valueRequired\":true,\"valueName\":\"search_term_string\"}}],\"inLanguage\":\"pt-PT\"},{\"@type\":\"Organization\",\"@id\":\"https:\\\/\\\/jornaldasoficinas.com\\\/pt\\\/#organization\",\"name\":\"Jornal das Oficinas\",\"url\":\"https:\\\/\\\/jornaldasoficinas.com\\\/pt\\\/\",\"logo\":{\"@type\":\"ImageObject\",\"inLanguage\":\"pt-PT\",\"@id\":\"https:\\\/\\\/jornaldasoficinas.com\\\/pt\\\/#\\\/schema\\\/logo\\\/image\\\/\",\"url\":\"https:\\\/\\\/jornaldasoficinas.com\\\/pt\\\/wp-content\\\/uploads\\\/logoJO-SEO.png\",\"contentUrl\":\"https:\\\/\\\/jornaldasoficinas.com\\\/pt\\\/wp-content\\\/uploads\\\/logoJO-SEO.png\",\"width\":285,\"height\":450,\"caption\":\"Jornal das Oficinas\"},\"image\":{\"@id\":\"https:\\\/\\\/jornaldasoficinas.com\\\/pt\\\/#\\\/schema\\\/logo\\\/image\\\/\"},\"sameAs\":[\"https:\\\/\\\/www.facebook.com\\\/jornaloficinas\",\"https:\\\/\\\/x.com\\\/jornaloficinas\",\"https:\\\/\\\/www.instagram.com\\\/jornal_oficinas\\\/\",\"https:\\\/\\\/www.linkedin.com\\\/company\\\/jornal-das-oficinas\\\/\",\"https:\\\/\\\/www.youtube.com\\\/channel\\\/UCbQZBqtcvV-oSQrr7RzINGg\"]},{\"@type\":\"Person\",\"@id\":\"https:\\\/\\\/jornaldasoficinas.com\\\/pt\\\/#\\\/schema\\\/person\\\/a38eef5de2c41d9e7c9ac10141afddf3\",\"name\":\"Reda\u00e7\u00e3o JO\",\"image\":{\"@type\":\"ImageObject\",\"inLanguage\":\"pt-PT\",\"@id\":\"https:\\\/\\\/secure.gravatar.com\\\/avatar\\\/71f2fa71737ad68a84fea94bc708ddac8ea5b0c4788dc2ad202f3ccb2887742f?s=96&d=wp_user_avatar&r=g\",\"url\":\"https:\\\/\\\/secure.gravatar.com\\\/avatar\\\/71f2fa71737ad68a84fea94bc708ddac8ea5b0c4788dc2ad202f3ccb2887742f?s=96&d=wp_user_avatar&r=g\",\"contentUrl\":\"https:\\\/\\\/secure.gravatar.com\\\/avatar\\\/71f2fa71737ad68a84fea94bc708ddac8ea5b0c4788dc2ad202f3ccb2887742f?s=96&d=wp_user_avatar&r=g\",\"caption\":\"Reda\u00e7\u00e3o JO\"},\"url\":\"https:\\\/\\\/jornaldasoficinas.com\\\/pt\\\/author\\\/joredacao\\\/\"}]}<\/script>\n<!-- \/ Yoast SEO plugin. -->","yoast_head_json":{"title":"First Brands Group compra divis\u00e3o aftermarket da Marelli - Jornal das Oficinas","description":"A multinacional americana First Brands Group continua a sua pol\u00edtica de expans\u00e3o com a aquisi\u00e7\u00e3o da divis\u00e3o de aftermarket da Marelli","robots":{"index":"index","follow":"follow","max-snippet":"max-snippet:-1","max-image-preview":"max-image-preview:large","max-video-preview":"max-video-preview:-1"},"canonical":"https:\/\/jornaldasoficinas.com\/pt\/first-brands-group-compra-divisao-aftermarket-da-marelli\/","og_locale":"pt_PT","og_type":"article","og_title":"First Brands Group compra divis\u00e3o aftermarket da Marelli - Jornal das Oficinas","og_description":"A multinacional americana First Brands Group continua a sua pol\u00edtica de expans\u00e3o com a aquisi\u00e7\u00e3o da divis\u00e3o de aftermarket da Marelli","og_url":"https:\/\/jornaldasoficinas.com\/pt\/first-brands-group-compra-divisao-aftermarket-da-marelli\/","og_site_name":"Jornal das Oficinas","article_publisher":"https:\/\/www.facebook.com\/jornaloficinas","article_published_time":"2023-02-02T18:00:36+00:00","og_image":[{"width":1024,"height":581,"url":"https:\/\/jornaldasoficinas.com\/pt\/wp-content\/uploads\/2023\/01\/First-Brands-Group-compra-divisao-aftermarket-da-Marelli.jpg","type":"image\/jpeg"}],"author":"Reda\u00e7\u00e3o JO","twitter_card":"summary_large_image","twitter_creator":"@jornaloficinas","twitter_site":"@jornaloficinas","twitter_misc":{"Escrito por":"Reda\u00e7\u00e3o JO","Tempo estimado de leitura":"2 minutos"},"schema":{"@context":"https:\/\/schema.org","@graph":[{"@type":"Article","@id":"https:\/\/jornaldasoficinas.com\/pt\/first-brands-group-compra-divisao-aftermarket-da-marelli\/#article","isPartOf":{"@id":"https:\/\/jornaldasoficinas.com\/pt\/first-brands-group-compra-divisao-aftermarket-da-marelli\/"},"author":{"name":"Reda\u00e7\u00e3o JO","@id":"https:\/\/jornaldasoficinas.com\/pt\/#\/schema\/person\/a38eef5de2c41d9e7c9ac10141afddf3"},"headline":"First Brands Group compra divis\u00e3o aftermarket da Marelli","datePublished":"2023-02-02T18:00:36+00:00","mainEntityOfPage":{"@id":"https:\/\/jornaldasoficinas.com\/pt\/first-brands-group-compra-divisao-aftermarket-da-marelli\/"},"wordCount":461,"publisher":{"@id":"https:\/\/jornaldasoficinas.com\/pt\/#organization"},"image":{"@id":"https:\/\/jornaldasoficinas.com\/pt\/first-brands-group-compra-divisao-aftermarket-da-marelli\/#primaryimage"},"thumbnailUrl":"https:\/\/jornaldasoficinas.com\/pt\/wp-content\/uploads\/2023\/01\/First-Brands-Group-compra-divisao-aftermarket-da-Marelli.jpg","keywords":["Airtex","Aquisi\u00e7\u00e3o","First Brands Group","Marelli","TRICO Group"],"articleSection":["Empresas"],"inLanguage":"pt-PT"},{"@type":"WebPage","@id":"https:\/\/jornaldasoficinas.com\/pt\/first-brands-group-compra-divisao-aftermarket-da-marelli\/","url":"https:\/\/jornaldasoficinas.com\/pt\/first-brands-group-compra-divisao-aftermarket-da-marelli\/","name":"First Brands Group compra divis\u00e3o aftermarket da Marelli - Jornal das Oficinas","isPartOf":{"@id":"https:\/\/jornaldasoficinas.com\/pt\/#website"},"primaryImageOfPage":{"@id":"https:\/\/jornaldasoficinas.com\/pt\/first-brands-group-compra-divisao-aftermarket-da-marelli\/#primaryimage"},"image":{"@id":"https:\/\/jornaldasoficinas.com\/pt\/first-brands-group-compra-divisao-aftermarket-da-marelli\/#primaryimage"},"thumbnailUrl":"https:\/\/jornaldasoficinas.com\/pt\/wp-content\/uploads\/2023\/01\/First-Brands-Group-compra-divisao-aftermarket-da-Marelli.jpg","datePublished":"2023-02-02T18:00:36+00:00","description":"A multinacional americana First Brands Group continua a sua pol\u00edtica de expans\u00e3o com a aquisi\u00e7\u00e3o da divis\u00e3o de aftermarket da Marelli","breadcrumb":{"@id":"https:\/\/jornaldasoficinas.com\/pt\/first-brands-group-compra-divisao-aftermarket-da-marelli\/#breadcrumb"},"inLanguage":"pt-PT","potentialAction":[{"@type":"ReadAction","target":["https:\/\/jornaldasoficinas.com\/pt\/first-brands-group-compra-divisao-aftermarket-da-marelli\/"]}]},{"@type":"ImageObject","inLanguage":"pt-PT","@id":"https:\/\/jornaldasoficinas.com\/pt\/first-brands-group-compra-divisao-aftermarket-da-marelli\/#primaryimage","url":"https:\/\/jornaldasoficinas.com\/pt\/wp-content\/uploads\/2023\/01\/First-Brands-Group-compra-divisao-aftermarket-da-Marelli.jpg","contentUrl":"https:\/\/jornaldasoficinas.com\/pt\/wp-content\/uploads\/2023\/01\/First-Brands-Group-compra-divisao-aftermarket-da-Marelli.jpg","width":1024,"height":581,"caption":"01 - First Brands Group compra divisao aftermarket da Marelli"},{"@type":"BreadcrumbList","@id":"https:\/\/jornaldasoficinas.com\/pt\/first-brands-group-compra-divisao-aftermarket-da-marelli\/#breadcrumb","itemListElement":[{"@type":"ListItem","position":1,"name":"In\u00edcio","item":"https:\/\/jornaldasoficinas.com\/pt\/"},{"@type":"ListItem","position":2,"name":"First Brands Group compra divis\u00e3o aftermarket da Marelli"}]},{"@type":"WebSite","@id":"https:\/\/jornaldasoficinas.com\/pt\/#website","url":"https:\/\/jornaldasoficinas.com\/pt\/","name":"Jornal das Oficinas","description":"Jornal independente do Aftermarket Autom\u00f3vel em Portugal","publisher":{"@id":"https:\/\/jornaldasoficinas.com\/pt\/#organization"},"potentialAction":[{"@type":"SearchAction","target":{"@type":"EntryPoint","urlTemplate":"https:\/\/jornaldasoficinas.com\/pt\/?s={search_term_string}"},"query-input":{"@type":"PropertyValueSpecification","valueRequired":true,"valueName":"search_term_string"}}],"inLanguage":"pt-PT"},{"@type":"Organization","@id":"https:\/\/jornaldasoficinas.com\/pt\/#organization","name":"Jornal das Oficinas","url":"https:\/\/jornaldasoficinas.com\/pt\/","logo":{"@type":"ImageObject","inLanguage":"pt-PT","@id":"https:\/\/jornaldasoficinas.com\/pt\/#\/schema\/logo\/image\/","url":"https:\/\/jornaldasoficinas.com\/pt\/wp-content\/uploads\/logoJO-SEO.png","contentUrl":"https:\/\/jornaldasoficinas.com\/pt\/wp-content\/uploads\/logoJO-SEO.png","width":285,"height":450,"caption":"Jornal das Oficinas"},"image":{"@id":"https:\/\/jornaldasoficinas.com\/pt\/#\/schema\/logo\/image\/"},"sameAs":["https:\/\/www.facebook.com\/jornaloficinas","https:\/\/x.com\/jornaloficinas","https:\/\/www.instagram.com\/jornal_oficinas\/","https:\/\/www.linkedin.com\/company\/jornal-das-oficinas\/","https:\/\/www.youtube.com\/channel\/UCbQZBqtcvV-oSQrr7RzINGg"]},{"@type":"Person","@id":"https:\/\/jornaldasoficinas.com\/pt\/#\/schema\/person\/a38eef5de2c41d9e7c9ac10141afddf3","name":"Reda\u00e7\u00e3o JO","image":{"@type":"ImageObject","inLanguage":"pt-PT","@id":"https:\/\/secure.gravatar.com\/avatar\/71f2fa71737ad68a84fea94bc708ddac8ea5b0c4788dc2ad202f3ccb2887742f?s=96&d=wp_user_avatar&r=g","url":"https:\/\/secure.gravatar.com\/avatar\/71f2fa71737ad68a84fea94bc708ddac8ea5b0c4788dc2ad202f3ccb2887742f?s=96&d=wp_user_avatar&r=g","contentUrl":"https:\/\/secure.gravatar.com\/avatar\/71f2fa71737ad68a84fea94bc708ddac8ea5b0c4788dc2ad202f3ccb2887742f?s=96&d=wp_user_avatar&r=g","caption":"Reda\u00e7\u00e3o JO"},"url":"https:\/\/jornaldasoficinas.com\/pt\/author\/joredacao\/"}]}},"_links":{"self":[{"href":"https:\/\/jornaldasoficinas.com\/pt\/wp-json\/wp\/v2\/posts\/61527","targetHints":{"allow":["GET"]}}],"collection":[{"href":"https:\/\/jornaldasoficinas.com\/pt\/wp-json\/wp\/v2\/posts"}],"about":[{"href":"https:\/\/jornaldasoficinas.com\/pt\/wp-json\/wp\/v2\/types\/post"}],"author":[{"embeddable":true,"href":"https:\/\/jornaldasoficinas.com\/pt\/wp-json\/wp\/v2\/users\/15"}],"replies":[{"embeddable":true,"href":"https:\/\/jornaldasoficinas.com\/pt\/wp-json\/wp\/v2\/comments?post=61527"}],"version-history":[{"count":0,"href":"https:\/\/jornaldasoficinas.com\/pt\/wp-json\/wp\/v2\/posts\/61527\/revisions"}],"wp:featuredmedia":[{"embeddable":true,"href":"https:\/\/jornaldasoficinas.com\/pt\/wp-json\/wp\/v2\/media\/61522"}],"wp:attachment":[{"href":"https:\/\/jornaldasoficinas.com\/pt\/wp-json\/wp\/v2\/media?parent=61527"}],"wp:term":[{"taxonomy":"category","embeddable":true,"href":"https:\/\/jornaldasoficinas.com\/pt\/wp-json\/wp\/v2\/categories?post=61527"},{"taxonomy":"post_tag","embeddable":true,"href":"https:\/\/jornaldasoficinas.com\/pt\/wp-json\/wp\/v2\/tags?post=61527"}],"curies":[{"name":"wp","href":"https:\/\/api.w.org\/{rel}","templated":true}]}}