{"id":61701,"date":"2023-02-07T12:30:13","date_gmt":"2023-02-07T12:30:13","guid":{"rendered":"https:\/\/jornaldasoficinas.com\/pt\/?p=61701"},"modified":"2023-02-07T12:49:07","modified_gmt":"2023-02-07T12:49:07","slug":"bosch-lucrou-884-mil-milhoes-de-euros-em-2022","status":"publish","type":"post","link":"https:\/\/jornaldasoficinas.com\/pt\/bosch-lucrou-884-mil-milhoes-de-euros-em-2022\/","title":{"rendered":"Bosch lucrou 88,4 mil milh\u00f5es de euros em 2022"},"content":{"rendered":"<p><strong><img loading=\"lazy\" decoding=\"async\" class=\"alignnone size-full wp-image-61652\" src=\"https:\/\/jornaldasoficinas.com\/pt\/wp-content\/uploads\/2023\/02\/Bosch-lucrou-884-mil-milhoes-de-euros-em-2022.jpg\" alt=\"02 - Bosch lucrou 884 mil milhoes de euros em 2022\" width=\"1024\" height=\"581\" srcset=\"https:\/\/jornaldasoficinas.com\/pt\/wp-content\/uploads\/2023\/02\/Bosch-lucrou-884-mil-milhoes-de-euros-em-2022.jpg 1024w, https:\/\/jornaldasoficinas.com\/pt\/wp-content\/uploads\/2023\/02\/Bosch-lucrou-884-mil-milhoes-de-euros-em-2022-300x170.jpg 300w, https:\/\/jornaldasoficinas.com\/pt\/wp-content\/uploads\/2023\/02\/Bosch-lucrou-884-mil-milhoes-de-euros-em-2022-150x85.jpg 150w, https:\/\/jornaldasoficinas.com\/pt\/wp-content\/uploads\/2023\/02\/Bosch-lucrou-884-mil-milhoes-de-euros-em-2022-768x436.jpg 768w\" sizes=\"auto, (max-width: 1024px) 100vw, 1024px\" \/><\/strong><\/p>\n<p><strong>Apesar do cen\u00e1rio macroecon\u00f3mico desafiante, a <a href=\"https:\/\/www.bosch.pt\/\" target=\"_blank\" rel=\"noopener\">Bosch<\/a>, conseguiu aumentar as vendas e o resultado no ano comercial de 2022. Segundo dados preliminares, o Grupo Bosch gerou vendas totais de 88,4 mil milh\u00f5es de euros<\/strong><\/p>\n<p>As vendas, portanto, aumentaram cerca de 12% em rela\u00e7\u00e3o ao ano anterior, ou cerca de 10% ap\u00f3s o ajuste para efeitos da taxa de c\u00e2mbio. O EBIT (lucro antes de juros e impostos) das opera\u00e7\u00f5es atingiu 3,7 mil milh\u00f5es de euros. Espera-se que a margem EBIT das opera\u00e7\u00f5es seja de cerca de 4 por cento. \u201cO dif\u00edcil ano comercial de 2022 demonstrou mais uma vez que a Bosch \u00e9 \u00e0 prova de crises, ao mesmo tempo que det\u00e9m uma tremenda for\u00e7a inovadora\u201d, afirma Dr. Stefan Hartung, presidente do conselho de administra\u00e7\u00e3o da Robert Bosch GmbH, na apresenta\u00e7\u00e3o dos n\u00fameros preliminares de neg\u00f3cios da empresa. &#8220;Num ambiente que continua desafiante, estamos a garantir as nossas oportunidades de crescimento em todo o mundo com investimentos direcionados e a expandir a nossa presen\u00e7a internacional. Queremos oferecer \u00e0s pessoas em todo o mundo tecnologia \u2018Invented for life\u2019 e, assim, contribuir significativamente para a sociedade, seja com solu\u00e7\u00f5es que permitem um aquecimento ecol\u00f3gico, economia de energia, como uma mobilidade sustent\u00e1vel.\u201d<\/p>\n<p>Recentemente, a Bosch anunciou que ir\u00e1 investir cerca de 950 milh\u00f5es de euros ao longo de dez anos num centro de engenharia e manufatura em Suzhou, na China. O centro criar\u00e1 solu\u00e7\u00f5es e produtos de mobilidade nas \u00e1reas de eletrifica\u00e7\u00e3o e automa\u00e7\u00e3o, especificamente projetados para responder \u00e0 procura do mercado local. Ao mesmo tempo, a Bosch est\u00e1 a ajudar a impulsionar o status da Europa como local de alta tecnologia: \u201cUm excelente exemplo \u00e9 a expans\u00e3o das nossas f\u00e1bricas de chips em Dresden e Reutlingen\u201d, refor\u00e7a Hartung. \u201cAt\u00e9 2026, planeamos investir mais 3 mil milh\u00f5es de euros no nosso neg\u00f3cio de semicondutores \u2013 tamb\u00e9m como contribui\u00e7\u00e3o para combater a escassez de chips no setor de mobilidade\u201d. A Bosch planeia tamb\u00e9m concentrar-se mais na expans\u00e3o dos seus neg\u00f3cios globalmente, em lugares como Egito, \u00cdndia, M\u00e9xico, Estados Unidos e Vietnam.<\/p>\n<p><strong>Tecnologia neutra para o clima: crise energ\u00e9tica impulsiona a procura<br \/>\n<\/strong>Apesar de todos os desafios que apresenta, a crise energ\u00e9tica e clim\u00e1tica est\u00e1 a aumentar a procura global por tecnologia neutra para o clima. Isso traz tamb\u00e9m uma variedade de novas perspetivas para a Bosch: a empresa j\u00e1 gera vendas de mais de 20 mil milh\u00f5es de euros com produtos para o lar.<\/p>\n<p>\u201cO nosso portf\u00f3lio de produtos pode influenciar positivamente cerca de 90% do consumo de energia em casa\u201d, afirmou Dr. Christian Fischer, vice-presidente do conselho de administra\u00e7\u00e3o da Bosch, que tamb\u00e9m \u00e9 respons\u00e1vel pelos neg\u00f3cios de tecnologia residencial e de edif\u00edcios da empresa. \u201cDesse valor, 85% refere-se a aquecimento e \u00e1gua quente e 15% a eletrodom\u00e9sticos.\u201d Na Alemanha, a Bosch j\u00e1 aumentou as suas vendas unit\u00e1rias de bombas de calor em 50% em 2022. \u00a0Espera-se que o mercado europeu de bombas de calor cres\u00e7a 25% a 35% ao ano entre agora e 2025, e quase 40% na Bosch, permitindo que a empresa ganhe participa\u00e7\u00e3o de mercado. \u00c9 por isso que a Bosch est\u00e1 a expandir a sua capacidade de produ\u00e7\u00e3o de bombas de calor na Europa: desde o in\u00edcio do ano, foi inaugurada uma nova unidade de produ\u00e7\u00e3o em Eibelshausen, na Alemanha.<\/p>\n<p>A Bosch v\u00ea mais potencial de crescimento na transforma\u00e7\u00e3o de sistemas de energia. \u201cNo entanto, essa transforma\u00e7\u00e3o deve ser acess\u00edvel\u201d, explicou Fischer.<\/p>\n<p>\u201cEm edif\u00edcios, o custo de renova\u00e7\u00e3o e adapta\u00e7\u00e3o n\u00e3o deve ser subestimado.\u201d Isso explica o motivo pelo qual a Bosch est\u00e1 a focar-se em sistemas de aquecimento h\u00edbridos que consistem em bomba de calor e caldeira a g\u00e1s. Para o futuro, o vice-presidente da Bosch v\u00ea um potencial adicional na otimiza\u00e7\u00e3o combinada dos fluxos de energia em ve\u00edculos e edif\u00edcios: \u201cEstamos a eletrificar tudo, de bicicletas a sistemas hidr\u00e1ulicos \u2013 e sabemos lidar tanto com edif\u00edcios como com carros\u201d.<\/p>\n","protected":false},"excerpt":{"rendered":"<p>Apesar do cen\u00e1rio macroecon\u00f3mico desafiante, a&#8230;<\/p>\n","protected":false},"author":15,"featured_media":61652,"comment_status":"closed","ping_status":"closed","sticky":false,"template":"","format":"standard","meta":{"footnotes":""},"categories":[29],"tags":[4073,4056,123,1767],"class_list":["post-61701","post","type-post","status-publish","format-standard","has-post-thumbnail","hentry","category-empresas","tag-ano-comercial-de-2022","tag-aumentar-as-vendas","tag-bosch","tag-sustentabilidade"],"yoast_head":"<!-- This site is optimized with the Yoast SEO plugin v27.4 - https:\/\/yoast.com\/product\/yoast-seo-wordpress\/ -->\n<title>Bosch lucrou 88,4 mil milh\u00f5es de euros em 2022 - Jornal das Oficinas<\/title>\n<meta name=\"description\" content=\"Apesar do cen\u00e1rio macroecon\u00f3mico desafiante, a Bosch, conseguiu aumentar as vendas e o resultado no ano comercial de 2022\" \/>\n<meta name=\"robots\" content=\"index, follow, max-snippet:-1, max-image-preview:large, max-video-preview:-1\" \/>\n<link rel=\"canonical\" href=\"https:\/\/jornaldasoficinas.com\/pt\/bosch-lucrou-884-mil-milhoes-de-euros-em-2022\/\" \/>\n<meta property=\"og:locale\" content=\"pt_PT\" \/>\n<meta property=\"og:type\" content=\"article\" \/>\n<meta property=\"og:title\" content=\"Bosch lucrou 88,4 mil milh\u00f5es de euros em 2022 - Jornal das Oficinas\" \/>\n<meta property=\"og:description\" content=\"Apesar do cen\u00e1rio macroecon\u00f3mico desafiante, a Bosch, conseguiu aumentar as vendas e o resultado no ano comercial de 2022\" \/>\n<meta property=\"og:url\" content=\"https:\/\/jornaldasoficinas.com\/pt\/bosch-lucrou-884-mil-milhoes-de-euros-em-2022\/\" \/>\n<meta property=\"og:site_name\" content=\"Jornal das Oficinas\" \/>\n<meta property=\"article:publisher\" content=\"https:\/\/www.facebook.com\/jornaloficinas\" \/>\n<meta property=\"article:published_time\" content=\"2023-02-07T12:30:13+00:00\" \/>\n<meta property=\"article:modified_time\" content=\"2023-02-07T12:49:07+00:00\" \/>\n<meta property=\"og:image\" content=\"https:\/\/jornaldasoficinas.com\/pt\/wp-content\/uploads\/2023\/02\/Bosch-lucrou-884-mil-milhoes-de-euros-em-2022.jpg\" \/>\n\t<meta property=\"og:image:width\" content=\"1024\" \/>\n\t<meta property=\"og:image:height\" content=\"581\" \/>\n\t<meta property=\"og:image:type\" content=\"image\/jpeg\" \/>\n<meta name=\"author\" content=\"Reda\u00e7\u00e3o JO\" \/>\n<meta name=\"twitter:card\" content=\"summary_large_image\" \/>\n<meta name=\"twitter:creator\" content=\"@jornaloficinas\" \/>\n<meta name=\"twitter:site\" content=\"@jornaloficinas\" \/>\n<meta name=\"twitter:label1\" content=\"Escrito por\" \/>\n\t<meta name=\"twitter:data1\" content=\"Reda\u00e7\u00e3o JO\" \/>\n\t<meta name=\"twitter:label2\" content=\"Tempo estimado de leitura\" \/>\n\t<meta name=\"twitter:data2\" content=\"3 minutos\" \/>\n<script type=\"application\/ld+json\" class=\"yoast-schema-graph\">{\"@context\":\"https:\\\/\\\/schema.org\",\"@graph\":[{\"@type\":\"Article\",\"@id\":\"https:\\\/\\\/jornaldasoficinas.com\\\/pt\\\/bosch-lucrou-884-mil-milhoes-de-euros-em-2022\\\/#article\",\"isPartOf\":{\"@id\":\"https:\\\/\\\/jornaldasoficinas.com\\\/pt\\\/bosch-lucrou-884-mil-milhoes-de-euros-em-2022\\\/\"},\"author\":{\"name\":\"Reda\u00e7\u00e3o JO\",\"@id\":\"https:\\\/\\\/jornaldasoficinas.com\\\/pt\\\/#\\\/schema\\\/person\\\/a38eef5de2c41d9e7c9ac10141afddf3\"},\"headline\":\"Bosch lucrou 88,4 mil milh\u00f5es de euros em 2022\",\"datePublished\":\"2023-02-07T12:30:13+00:00\",\"dateModified\":\"2023-02-07T12:49:07+00:00\",\"mainEntityOfPage\":{\"@id\":\"https:\\\/\\\/jornaldasoficinas.com\\\/pt\\\/bosch-lucrou-884-mil-milhoes-de-euros-em-2022\\\/\"},\"wordCount\":689,\"publisher\":{\"@id\":\"https:\\\/\\\/jornaldasoficinas.com\\\/pt\\\/#organization\"},\"image\":{\"@id\":\"https:\\\/\\\/jornaldasoficinas.com\\\/pt\\\/bosch-lucrou-884-mil-milhoes-de-euros-em-2022\\\/#primaryimage\"},\"thumbnailUrl\":\"https:\\\/\\\/jornaldasoficinas.com\\\/pt\\\/wp-content\\\/uploads\\\/2023\\\/02\\\/Bosch-lucrou-884-mil-milhoes-de-euros-em-2022.jpg\",\"keywords\":[\"ano comercial de 2022\",\"aumentar as vendas\",\"Bosch\",\"Sustentabilidade\"],\"articleSection\":[\"Empresas\"],\"inLanguage\":\"pt-PT\"},{\"@type\":\"WebPage\",\"@id\":\"https:\\\/\\\/jornaldasoficinas.com\\\/pt\\\/bosch-lucrou-884-mil-milhoes-de-euros-em-2022\\\/\",\"url\":\"https:\\\/\\\/jornaldasoficinas.com\\\/pt\\\/bosch-lucrou-884-mil-milhoes-de-euros-em-2022\\\/\",\"name\":\"Bosch lucrou 88,4 mil milh\u00f5es de euros em 2022 - Jornal das Oficinas\",\"isPartOf\":{\"@id\":\"https:\\\/\\\/jornaldasoficinas.com\\\/pt\\\/#website\"},\"primaryImageOfPage\":{\"@id\":\"https:\\\/\\\/jornaldasoficinas.com\\\/pt\\\/bosch-lucrou-884-mil-milhoes-de-euros-em-2022\\\/#primaryimage\"},\"image\":{\"@id\":\"https:\\\/\\\/jornaldasoficinas.com\\\/pt\\\/bosch-lucrou-884-mil-milhoes-de-euros-em-2022\\\/#primaryimage\"},\"thumbnailUrl\":\"https:\\\/\\\/jornaldasoficinas.com\\\/pt\\\/wp-content\\\/uploads\\\/2023\\\/02\\\/Bosch-lucrou-884-mil-milhoes-de-euros-em-2022.jpg\",\"datePublished\":\"2023-02-07T12:30:13+00:00\",\"dateModified\":\"2023-02-07T12:49:07+00:00\",\"description\":\"Apesar do cen\u00e1rio macroecon\u00f3mico desafiante, a Bosch, conseguiu aumentar as vendas e o resultado no ano comercial de 2022\",\"breadcrumb\":{\"@id\":\"https:\\\/\\\/jornaldasoficinas.com\\\/pt\\\/bosch-lucrou-884-mil-milhoes-de-euros-em-2022\\\/#breadcrumb\"},\"inLanguage\":\"pt-PT\",\"potentialAction\":[{\"@type\":\"ReadAction\",\"target\":[\"https:\\\/\\\/jornaldasoficinas.com\\\/pt\\\/bosch-lucrou-884-mil-milhoes-de-euros-em-2022\\\/\"]}]},{\"@type\":\"ImageObject\",\"inLanguage\":\"pt-PT\",\"@id\":\"https:\\\/\\\/jornaldasoficinas.com\\\/pt\\\/bosch-lucrou-884-mil-milhoes-de-euros-em-2022\\\/#primaryimage\",\"url\":\"https:\\\/\\\/jornaldasoficinas.com\\\/pt\\\/wp-content\\\/uploads\\\/2023\\\/02\\\/Bosch-lucrou-884-mil-milhoes-de-euros-em-2022.jpg\",\"contentUrl\":\"https:\\\/\\\/jornaldasoficinas.com\\\/pt\\\/wp-content\\\/uploads\\\/2023\\\/02\\\/Bosch-lucrou-884-mil-milhoes-de-euros-em-2022.jpg\",\"width\":1024,\"height\":581,\"caption\":\"02 - Bosch lucrou 884 mil milhoes de euros em 2022\"},{\"@type\":\"BreadcrumbList\",\"@id\":\"https:\\\/\\\/jornaldasoficinas.com\\\/pt\\\/bosch-lucrou-884-mil-milhoes-de-euros-em-2022\\\/#breadcrumb\",\"itemListElement\":[{\"@type\":\"ListItem\",\"position\":1,\"name\":\"In\u00edcio\",\"item\":\"https:\\\/\\\/jornaldasoficinas.com\\\/pt\\\/\"},{\"@type\":\"ListItem\",\"position\":2,\"name\":\"Bosch lucrou 88,4 mil milh\u00f5es de euros em 2022\"}]},{\"@type\":\"WebSite\",\"@id\":\"https:\\\/\\\/jornaldasoficinas.com\\\/pt\\\/#website\",\"url\":\"https:\\\/\\\/jornaldasoficinas.com\\\/pt\\\/\",\"name\":\"Jornal das Oficinas\",\"description\":\"Jornal independente do Aftermarket Autom\u00f3vel em Portugal\",\"publisher\":{\"@id\":\"https:\\\/\\\/jornaldasoficinas.com\\\/pt\\\/#organization\"},\"potentialAction\":[{\"@type\":\"SearchAction\",\"target\":{\"@type\":\"EntryPoint\",\"urlTemplate\":\"https:\\\/\\\/jornaldasoficinas.com\\\/pt\\\/?s={search_term_string}\"},\"query-input\":{\"@type\":\"PropertyValueSpecification\",\"valueRequired\":true,\"valueName\":\"search_term_string\"}}],\"inLanguage\":\"pt-PT\"},{\"@type\":\"Organization\",\"@id\":\"https:\\\/\\\/jornaldasoficinas.com\\\/pt\\\/#organization\",\"name\":\"Jornal das Oficinas\",\"url\":\"https:\\\/\\\/jornaldasoficinas.com\\\/pt\\\/\",\"logo\":{\"@type\":\"ImageObject\",\"inLanguage\":\"pt-PT\",\"@id\":\"https:\\\/\\\/jornaldasoficinas.com\\\/pt\\\/#\\\/schema\\\/logo\\\/image\\\/\",\"url\":\"https:\\\/\\\/jornaldasoficinas.com\\\/pt\\\/wp-content\\\/uploads\\\/logoJO-SEO.png\",\"contentUrl\":\"https:\\\/\\\/jornaldasoficinas.com\\\/pt\\\/wp-content\\\/uploads\\\/logoJO-SEO.png\",\"width\":285,\"height\":450,\"caption\":\"Jornal das Oficinas\"},\"image\":{\"@id\":\"https:\\\/\\\/jornaldasoficinas.com\\\/pt\\\/#\\\/schema\\\/logo\\\/image\\\/\"},\"sameAs\":[\"https:\\\/\\\/www.facebook.com\\\/jornaloficinas\",\"https:\\\/\\\/x.com\\\/jornaloficinas\",\"https:\\\/\\\/www.instagram.com\\\/jornal_oficinas\\\/\",\"https:\\\/\\\/www.linkedin.com\\\/company\\\/jornal-das-oficinas\\\/\",\"https:\\\/\\\/www.youtube.com\\\/channel\\\/UCbQZBqtcvV-oSQrr7RzINGg\"]},{\"@type\":\"Person\",\"@id\":\"https:\\\/\\\/jornaldasoficinas.com\\\/pt\\\/#\\\/schema\\\/person\\\/a38eef5de2c41d9e7c9ac10141afddf3\",\"name\":\"Reda\u00e7\u00e3o JO\",\"image\":{\"@type\":\"ImageObject\",\"inLanguage\":\"pt-PT\",\"@id\":\"https:\\\/\\\/secure.gravatar.com\\\/avatar\\\/71f2fa71737ad68a84fea94bc708ddac8ea5b0c4788dc2ad202f3ccb2887742f?s=96&d=wp_user_avatar&r=g\",\"url\":\"https:\\\/\\\/secure.gravatar.com\\\/avatar\\\/71f2fa71737ad68a84fea94bc708ddac8ea5b0c4788dc2ad202f3ccb2887742f?s=96&d=wp_user_avatar&r=g\",\"contentUrl\":\"https:\\\/\\\/secure.gravatar.com\\\/avatar\\\/71f2fa71737ad68a84fea94bc708ddac8ea5b0c4788dc2ad202f3ccb2887742f?s=96&d=wp_user_avatar&r=g\",\"caption\":\"Reda\u00e7\u00e3o JO\"},\"url\":\"https:\\\/\\\/jornaldasoficinas.com\\\/pt\\\/author\\\/joredacao\\\/\"}]}<\/script>\n<!-- \/ Yoast SEO plugin. -->","yoast_head_json":{"title":"Bosch lucrou 88,4 mil milh\u00f5es de euros em 2022 - Jornal das Oficinas","description":"Apesar do cen\u00e1rio macroecon\u00f3mico desafiante, a Bosch, conseguiu aumentar as vendas e o resultado no ano comercial de 2022","robots":{"index":"index","follow":"follow","max-snippet":"max-snippet:-1","max-image-preview":"max-image-preview:large","max-video-preview":"max-video-preview:-1"},"canonical":"https:\/\/jornaldasoficinas.com\/pt\/bosch-lucrou-884-mil-milhoes-de-euros-em-2022\/","og_locale":"pt_PT","og_type":"article","og_title":"Bosch lucrou 88,4 mil milh\u00f5es de euros em 2022 - Jornal das Oficinas","og_description":"Apesar do cen\u00e1rio macroecon\u00f3mico desafiante, a Bosch, conseguiu aumentar as vendas e o resultado no ano comercial de 2022","og_url":"https:\/\/jornaldasoficinas.com\/pt\/bosch-lucrou-884-mil-milhoes-de-euros-em-2022\/","og_site_name":"Jornal das Oficinas","article_publisher":"https:\/\/www.facebook.com\/jornaloficinas","article_published_time":"2023-02-07T12:30:13+00:00","article_modified_time":"2023-02-07T12:49:07+00:00","og_image":[{"width":1024,"height":581,"url":"https:\/\/jornaldasoficinas.com\/pt\/wp-content\/uploads\/2023\/02\/Bosch-lucrou-884-mil-milhoes-de-euros-em-2022.jpg","type":"image\/jpeg"}],"author":"Reda\u00e7\u00e3o JO","twitter_card":"summary_large_image","twitter_creator":"@jornaloficinas","twitter_site":"@jornaloficinas","twitter_misc":{"Escrito por":"Reda\u00e7\u00e3o JO","Tempo estimado de leitura":"3 minutos"},"schema":{"@context":"https:\/\/schema.org","@graph":[{"@type":"Article","@id":"https:\/\/jornaldasoficinas.com\/pt\/bosch-lucrou-884-mil-milhoes-de-euros-em-2022\/#article","isPartOf":{"@id":"https:\/\/jornaldasoficinas.com\/pt\/bosch-lucrou-884-mil-milhoes-de-euros-em-2022\/"},"author":{"name":"Reda\u00e7\u00e3o JO","@id":"https:\/\/jornaldasoficinas.com\/pt\/#\/schema\/person\/a38eef5de2c41d9e7c9ac10141afddf3"},"headline":"Bosch lucrou 88,4 mil milh\u00f5es de euros em 2022","datePublished":"2023-02-07T12:30:13+00:00","dateModified":"2023-02-07T12:49:07+00:00","mainEntityOfPage":{"@id":"https:\/\/jornaldasoficinas.com\/pt\/bosch-lucrou-884-mil-milhoes-de-euros-em-2022\/"},"wordCount":689,"publisher":{"@id":"https:\/\/jornaldasoficinas.com\/pt\/#organization"},"image":{"@id":"https:\/\/jornaldasoficinas.com\/pt\/bosch-lucrou-884-mil-milhoes-de-euros-em-2022\/#primaryimage"},"thumbnailUrl":"https:\/\/jornaldasoficinas.com\/pt\/wp-content\/uploads\/2023\/02\/Bosch-lucrou-884-mil-milhoes-de-euros-em-2022.jpg","keywords":["ano comercial de 2022","aumentar as vendas","Bosch","Sustentabilidade"],"articleSection":["Empresas"],"inLanguage":"pt-PT"},{"@type":"WebPage","@id":"https:\/\/jornaldasoficinas.com\/pt\/bosch-lucrou-884-mil-milhoes-de-euros-em-2022\/","url":"https:\/\/jornaldasoficinas.com\/pt\/bosch-lucrou-884-mil-milhoes-de-euros-em-2022\/","name":"Bosch lucrou 88,4 mil milh\u00f5es de euros em 2022 - Jornal das Oficinas","isPartOf":{"@id":"https:\/\/jornaldasoficinas.com\/pt\/#website"},"primaryImageOfPage":{"@id":"https:\/\/jornaldasoficinas.com\/pt\/bosch-lucrou-884-mil-milhoes-de-euros-em-2022\/#primaryimage"},"image":{"@id":"https:\/\/jornaldasoficinas.com\/pt\/bosch-lucrou-884-mil-milhoes-de-euros-em-2022\/#primaryimage"},"thumbnailUrl":"https:\/\/jornaldasoficinas.com\/pt\/wp-content\/uploads\/2023\/02\/Bosch-lucrou-884-mil-milhoes-de-euros-em-2022.jpg","datePublished":"2023-02-07T12:30:13+00:00","dateModified":"2023-02-07T12:49:07+00:00","description":"Apesar do cen\u00e1rio macroecon\u00f3mico desafiante, a Bosch, conseguiu aumentar as vendas e o resultado no ano comercial de 2022","breadcrumb":{"@id":"https:\/\/jornaldasoficinas.com\/pt\/bosch-lucrou-884-mil-milhoes-de-euros-em-2022\/#breadcrumb"},"inLanguage":"pt-PT","potentialAction":[{"@type":"ReadAction","target":["https:\/\/jornaldasoficinas.com\/pt\/bosch-lucrou-884-mil-milhoes-de-euros-em-2022\/"]}]},{"@type":"ImageObject","inLanguage":"pt-PT","@id":"https:\/\/jornaldasoficinas.com\/pt\/bosch-lucrou-884-mil-milhoes-de-euros-em-2022\/#primaryimage","url":"https:\/\/jornaldasoficinas.com\/pt\/wp-content\/uploads\/2023\/02\/Bosch-lucrou-884-mil-milhoes-de-euros-em-2022.jpg","contentUrl":"https:\/\/jornaldasoficinas.com\/pt\/wp-content\/uploads\/2023\/02\/Bosch-lucrou-884-mil-milhoes-de-euros-em-2022.jpg","width":1024,"height":581,"caption":"02 - Bosch lucrou 884 mil milhoes de euros em 2022"},{"@type":"BreadcrumbList","@id":"https:\/\/jornaldasoficinas.com\/pt\/bosch-lucrou-884-mil-milhoes-de-euros-em-2022\/#breadcrumb","itemListElement":[{"@type":"ListItem","position":1,"name":"In\u00edcio","item":"https:\/\/jornaldasoficinas.com\/pt\/"},{"@type":"ListItem","position":2,"name":"Bosch lucrou 88,4 mil milh\u00f5es de euros em 2022"}]},{"@type":"WebSite","@id":"https:\/\/jornaldasoficinas.com\/pt\/#website","url":"https:\/\/jornaldasoficinas.com\/pt\/","name":"Jornal das Oficinas","description":"Jornal independente do Aftermarket Autom\u00f3vel em Portugal","publisher":{"@id":"https:\/\/jornaldasoficinas.com\/pt\/#organization"},"potentialAction":[{"@type":"SearchAction","target":{"@type":"EntryPoint","urlTemplate":"https:\/\/jornaldasoficinas.com\/pt\/?s={search_term_string}"},"query-input":{"@type":"PropertyValueSpecification","valueRequired":true,"valueName":"search_term_string"}}],"inLanguage":"pt-PT"},{"@type":"Organization","@id":"https:\/\/jornaldasoficinas.com\/pt\/#organization","name":"Jornal das Oficinas","url":"https:\/\/jornaldasoficinas.com\/pt\/","logo":{"@type":"ImageObject","inLanguage":"pt-PT","@id":"https:\/\/jornaldasoficinas.com\/pt\/#\/schema\/logo\/image\/","url":"https:\/\/jornaldasoficinas.com\/pt\/wp-content\/uploads\/logoJO-SEO.png","contentUrl":"https:\/\/jornaldasoficinas.com\/pt\/wp-content\/uploads\/logoJO-SEO.png","width":285,"height":450,"caption":"Jornal das Oficinas"},"image":{"@id":"https:\/\/jornaldasoficinas.com\/pt\/#\/schema\/logo\/image\/"},"sameAs":["https:\/\/www.facebook.com\/jornaloficinas","https:\/\/x.com\/jornaloficinas","https:\/\/www.instagram.com\/jornal_oficinas\/","https:\/\/www.linkedin.com\/company\/jornal-das-oficinas\/","https:\/\/www.youtube.com\/channel\/UCbQZBqtcvV-oSQrr7RzINGg"]},{"@type":"Person","@id":"https:\/\/jornaldasoficinas.com\/pt\/#\/schema\/person\/a38eef5de2c41d9e7c9ac10141afddf3","name":"Reda\u00e7\u00e3o JO","image":{"@type":"ImageObject","inLanguage":"pt-PT","@id":"https:\/\/secure.gravatar.com\/avatar\/71f2fa71737ad68a84fea94bc708ddac8ea5b0c4788dc2ad202f3ccb2887742f?s=96&d=wp_user_avatar&r=g","url":"https:\/\/secure.gravatar.com\/avatar\/71f2fa71737ad68a84fea94bc708ddac8ea5b0c4788dc2ad202f3ccb2887742f?s=96&d=wp_user_avatar&r=g","contentUrl":"https:\/\/secure.gravatar.com\/avatar\/71f2fa71737ad68a84fea94bc708ddac8ea5b0c4788dc2ad202f3ccb2887742f?s=96&d=wp_user_avatar&r=g","caption":"Reda\u00e7\u00e3o JO"},"url":"https:\/\/jornaldasoficinas.com\/pt\/author\/joredacao\/"}]}},"_links":{"self":[{"href":"https:\/\/jornaldasoficinas.com\/pt\/wp-json\/wp\/v2\/posts\/61701","targetHints":{"allow":["GET"]}}],"collection":[{"href":"https:\/\/jornaldasoficinas.com\/pt\/wp-json\/wp\/v2\/posts"}],"about":[{"href":"https:\/\/jornaldasoficinas.com\/pt\/wp-json\/wp\/v2\/types\/post"}],"author":[{"embeddable":true,"href":"https:\/\/jornaldasoficinas.com\/pt\/wp-json\/wp\/v2\/users\/15"}],"replies":[{"embeddable":true,"href":"https:\/\/jornaldasoficinas.com\/pt\/wp-json\/wp\/v2\/comments?post=61701"}],"version-history":[{"count":0,"href":"https:\/\/jornaldasoficinas.com\/pt\/wp-json\/wp\/v2\/posts\/61701\/revisions"}],"wp:featuredmedia":[{"embeddable":true,"href":"https:\/\/jornaldasoficinas.com\/pt\/wp-json\/wp\/v2\/media\/61652"}],"wp:attachment":[{"href":"https:\/\/jornaldasoficinas.com\/pt\/wp-json\/wp\/v2\/media?parent=61701"}],"wp:term":[{"taxonomy":"category","embeddable":true,"href":"https:\/\/jornaldasoficinas.com\/pt\/wp-json\/wp\/v2\/categories?post=61701"},{"taxonomy":"post_tag","embeddable":true,"href":"https:\/\/jornaldasoficinas.com\/pt\/wp-json\/wp\/v2\/tags?post=61701"}],"curies":[{"name":"wp","href":"https:\/\/api.w.org\/{rel}","templated":true}]}}