{"id":61755,"date":"2023-02-07T20:00:41","date_gmt":"2023-02-07T20:00:41","guid":{"rendered":"https:\/\/jornaldasoficinas.com\/pt\/?p=61755"},"modified":"2023-02-07T20:15:43","modified_gmt":"2023-02-07T20:15:43","slug":"mannhummel-informa-sobre-euro-7-e-emissoes-de-travoes","status":"publish","type":"post","link":"https:\/\/jornaldasoficinas.com\/pt\/mannhummel-informa-sobre-euro-7-e-emissoes-de-travoes\/","title":{"rendered":"MANN+HUMMEL informa sobre Euro 7"},"content":{"rendered":"<p><img loading=\"lazy\" decoding=\"async\" class=\"size-full wp-image-61747\" src=\"https:\/\/jornaldasoficinas.com\/pt\/wp-content\/uploads\/2023\/02\/MANNHUMMEL-informa-sobre-Euro-7-e-emissoes-de-travoes.jpeg\" alt=\"02 - MANNHUMMEL informa sobre Euro 7 e emissoes de travoes\" width=\"1024\" height=\"581\" srcset=\"https:\/\/jornaldasoficinas.com\/pt\/wp-content\/uploads\/2023\/02\/MANNHUMMEL-informa-sobre-Euro-7-e-emissoes-de-travoes.jpeg 1024w, https:\/\/jornaldasoficinas.com\/pt\/wp-content\/uploads\/2023\/02\/MANNHUMMEL-informa-sobre-Euro-7-e-emissoes-de-travoes-300x170.jpeg 300w, https:\/\/jornaldasoficinas.com\/pt\/wp-content\/uploads\/2023\/02\/MANNHUMMEL-informa-sobre-Euro-7-e-emissoes-de-travoes-150x85.jpeg 150w, https:\/\/jornaldasoficinas.com\/pt\/wp-content\/uploads\/2023\/02\/MANNHUMMEL-informa-sobre-Euro-7-e-emissoes-de-travoes-768x436.jpeg 768w\" sizes=\"auto, (max-width: 1024px) 100vw, 1024px\" \/><\/p>\n<p><strong>A MANN+HUMMEL informa que com a aprova\u00e7\u00e3o em Novembro da norma Euro 7 sobre polui\u00e7\u00e3o pela Comiss\u00e3o Europeia, que entrar\u00e1 em vigor para autom\u00f3veis de passageiros em 1 de Julho de 2025 e dois anos mais tarde para cami\u00f5es e autocarros, est\u00e1 inclu\u00eddo um novo regulamento sobre emiss\u00f5es poluentes que n\u00e3o prov\u00eam da combust\u00e3o, agora tamb\u00e9m limitando as emiss\u00f5es dos trav\u00f5es e rodas<\/strong><\/p>\n<p>Os discos de travagem emitem pequenas part\u00edculas de poeira chamadas &#8220;emiss\u00f5es de PM2,5&#8221; durante cada manobra de travagem. S\u00e3o part\u00edculas ultra-finas at\u00e9 2,5 microns de di\u00e2metro, ou seja, cerca de 200 vezes mais pequenas do que um gr\u00e3o de areia. Este tamanho permite que as part\u00edculas contornem os filtros naturais do corpo: nariz e garganta, alcan\u00e7ando os pulm\u00f5es quando inaladas e passando para a corrente sangu\u00ednea. As consequ\u00eancias poss\u00edveis: acidentes cardiovasculares, cerebrovasculares e respirat\u00f3rios.<\/p>\n<p>A este respeito, de acordo com estudos do Instituto Nacional de Ci\u00eancias Aplicadas de Lyon, as pastilhas de trav\u00e3o causam 20.000 toneladas de p\u00f3 transportado pelo ar por ano. Deste total, 9 mil milh\u00f5es de toneladas permanecem suspensas na atmosfera. Assim, algumas estimativas sugerem que o atrito entre pastilhas e discos de trav\u00f5es \u00e9 j\u00e1 respons\u00e1vel por um quinto da polui\u00e7\u00e3o gerada pelos autom\u00f3veis.<\/p>\n<p>As pastilhas e discos de trav\u00f5es funcionam com base na destrui\u00e7\u00e3o m\u00fatua, ou seja, desgastam-se e produzem p\u00f3 enquanto geram fric\u00e7\u00e3o suficiente para abrandar o carro convertendo, durante a travagem, a energia cin\u00e9tica do carro em calor num volume que est\u00e1 directamente relacionado com a velocidade e peso de um carro.<\/p>\n<p>Durante as \u00faltimas d\u00e9cadas, os fabricantes de componentes desenvolveram pastilhas de trav\u00e3o com composi\u00e7\u00f5es cada vez menos nocivas. Originalmente, as pastilhas de trav\u00e3o continham amianto. No entanto, os discos de trav\u00e3o s\u00e3o respons\u00e1veis pela maior parte do p\u00f3 de trav\u00e3o. As pastilhas de trav\u00e3o s\u00e3o respons\u00e1veis por apenas 30 % destas emiss\u00f5es. A raz\u00e3o para isto \u00e9 a maior \u00e1rea de superf\u00edcie dos discos em compara\u00e7\u00e3o com o tamanho dos discos.<\/p>\n<p><strong>O que a filtragem pode fazer para ajudar a reduzir as emiss\u00f5es de trav\u00f5es<br \/>\n<\/strong>Especialistas em filtragem de part\u00edculas, tais como a MANN+HUMMEL, trabalham h\u00e1 anos para contrariar as emiss\u00f5es de part\u00edculas dos trav\u00f5es.<\/p>\n<p>De facto, o fabricante alem\u00e3o lan\u00e7ou no mercado um sistema de filtragem de trav\u00f5es h\u00e1 alguns anos. Consiste numa caixa contendo um elemento filtrante, que \u00e9 colocada a jusante da pin\u00e7a do trav\u00e3o no sentido da rota\u00e7\u00e3o da roda, e onde as part\u00edculas s\u00e3o retidas \u00e0 medida que s\u00e3o libertadas.<\/p>\n<p>Os meios filtrantes especialmente concebidos de fibras met\u00e1licas para suportar as altas temperaturas s\u00e3o substitu\u00eddos ao mesmo tempo que as pastilhas dos trav\u00f5es. O filtro remove at\u00e9 80% de part\u00edculas finas dos trav\u00f5es e \u00e9 compat\u00edvel com todos os tipos de motores, desde ve\u00edculos el\u00e9ctricos a ve\u00edculos convencionais a gasolina ou diesel e ve\u00edculos h\u00edbridos.<\/p>\n<p>Com a aprova\u00e7\u00e3o do Euro 7, a MANN+HUMMEL j\u00e1 percorreu um longo caminho para contribuir para a nova limita\u00e7\u00e3o dada pelo regulamento. A empresa assegura tamb\u00e9m que continuar\u00e1 a trabalhar &#8220;para ir al\u00e9m do que a norma dita em termos de filtra\u00e7\u00e3o&#8221;.<\/p>\n<p>Mais informa\u00e7\u00e3o sobre MANN+HUMMEL pode ser encontrada <a href=\"https:\/\/www.mann-hummel.com\/\" target=\"_blank\" rel=\"noopener\">aqui<\/a><strong>.<\/strong><\/p>\n","protected":false},"excerpt":{"rendered":"<p>A MANN+HUMMEL informa que com a&#8230;<\/p>\n","protected":false},"author":15,"featured_media":61747,"comment_status":"closed","ping_status":"closed","sticky":false,"template":"","format":"standard","meta":{"footnotes":""},"categories":[29],"tags":[4074,1655,4075,223,3057],"class_list":["post-61755","post","type-post","status-publish","format-standard","has-post-thumbnail","hentry","category-empresas","tag-1-de-julho-de-2025","tag-comissao-europeia","tag-emissoes-poluentes","tag-mannhummel","tag-norma-euro-7"],"yoast_head":"<!-- This site is optimized with the Yoast SEO plugin v27.4 - https:\/\/yoast.com\/product\/yoast-seo-wordpress\/ -->\n<title>MANN+HUMMEL informa sobre Euro 7 - Jornal das Oficinas<\/title>\n<meta name=\"description\" content=\"A norma Euro 7 sobre polui\u00e7\u00e3o, aprovada pela Uni\u00e3o Europeia, entrar\u00e1 em vigor para autom\u00f3veis de passageiros em 1 de Julho de 2025\" \/>\n<meta name=\"robots\" content=\"index, follow, max-snippet:-1, max-image-preview:large, max-video-preview:-1\" \/>\n<link rel=\"canonical\" href=\"https:\/\/jornaldasoficinas.com\/pt\/mannhummel-informa-sobre-euro-7-e-emissoes-de-travoes\/\" \/>\n<meta property=\"og:locale\" content=\"pt_PT\" \/>\n<meta property=\"og:type\" content=\"article\" \/>\n<meta property=\"og:title\" content=\"MANN+HUMMEL informa sobre Euro 7 - Jornal das Oficinas\" \/>\n<meta property=\"og:description\" content=\"A norma Euro 7 sobre polui\u00e7\u00e3o, aprovada pela Uni\u00e3o Europeia, entrar\u00e1 em vigor para autom\u00f3veis de passageiros em 1 de Julho de 2025\" \/>\n<meta property=\"og:url\" content=\"https:\/\/jornaldasoficinas.com\/pt\/mannhummel-informa-sobre-euro-7-e-emissoes-de-travoes\/\" \/>\n<meta property=\"og:site_name\" content=\"Jornal das Oficinas\" \/>\n<meta property=\"article:publisher\" content=\"https:\/\/www.facebook.com\/jornaloficinas\" \/>\n<meta property=\"article:published_time\" content=\"2023-02-07T20:00:41+00:00\" \/>\n<meta property=\"article:modified_time\" content=\"2023-02-07T20:15:43+00:00\" \/>\n<meta property=\"og:image\" content=\"https:\/\/jornaldasoficinas.com\/pt\/wp-content\/uploads\/2023\/02\/MANNHUMMEL-informa-sobre-Euro-7-e-emissoes-de-travoes.jpeg\" \/>\n\t<meta property=\"og:image:width\" content=\"1024\" \/>\n\t<meta property=\"og:image:height\" content=\"581\" \/>\n\t<meta property=\"og:image:type\" content=\"image\/jpeg\" \/>\n<meta name=\"author\" content=\"Reda\u00e7\u00e3o JO\" \/>\n<meta name=\"twitter:card\" content=\"summary_large_image\" \/>\n<meta name=\"twitter:creator\" content=\"@jornaloficinas\" \/>\n<meta name=\"twitter:site\" content=\"@jornaloficinas\" \/>\n<meta name=\"twitter:label1\" content=\"Escrito por\" \/>\n\t<meta name=\"twitter:data1\" content=\"Reda\u00e7\u00e3o JO\" \/>\n\t<meta name=\"twitter:label2\" content=\"Tempo estimado de leitura\" \/>\n\t<meta name=\"twitter:data2\" content=\"3 minutos\" \/>\n<script type=\"application\/ld+json\" class=\"yoast-schema-graph\">{\"@context\":\"https:\\\/\\\/schema.org\",\"@graph\":[{\"@type\":\"Article\",\"@id\":\"https:\\\/\\\/jornaldasoficinas.com\\\/pt\\\/mannhummel-informa-sobre-euro-7-e-emissoes-de-travoes\\\/#article\",\"isPartOf\":{\"@id\":\"https:\\\/\\\/jornaldasoficinas.com\\\/pt\\\/mannhummel-informa-sobre-euro-7-e-emissoes-de-travoes\\\/\"},\"author\":{\"name\":\"Reda\u00e7\u00e3o JO\",\"@id\":\"https:\\\/\\\/jornaldasoficinas.com\\\/pt\\\/#\\\/schema\\\/person\\\/a38eef5de2c41d9e7c9ac10141afddf3\"},\"headline\":\"MANN+HUMMEL informa sobre Euro 7\",\"datePublished\":\"2023-02-07T20:00:41+00:00\",\"dateModified\":\"2023-02-07T20:15:43+00:00\",\"mainEntityOfPage\":{\"@id\":\"https:\\\/\\\/jornaldasoficinas.com\\\/pt\\\/mannhummel-informa-sobre-euro-7-e-emissoes-de-travoes\\\/\"},\"wordCount\":591,\"publisher\":{\"@id\":\"https:\\\/\\\/jornaldasoficinas.com\\\/pt\\\/#organization\"},\"image\":{\"@id\":\"https:\\\/\\\/jornaldasoficinas.com\\\/pt\\\/mannhummel-informa-sobre-euro-7-e-emissoes-de-travoes\\\/#primaryimage\"},\"thumbnailUrl\":\"https:\\\/\\\/jornaldasoficinas.com\\\/pt\\\/wp-content\\\/uploads\\\/2023\\\/02\\\/MANNHUMMEL-informa-sobre-Euro-7-e-emissoes-de-travoes.jpeg\",\"keywords\":[\"1 de Julho de 2025\",\"Comiss\u00e3o Europeia\",\"emiss\u00f5es poluentes\",\"MANN+HUMMEL\",\"Norma Euro 7\"],\"articleSection\":[\"Empresas\"],\"inLanguage\":\"pt-PT\"},{\"@type\":\"WebPage\",\"@id\":\"https:\\\/\\\/jornaldasoficinas.com\\\/pt\\\/mannhummel-informa-sobre-euro-7-e-emissoes-de-travoes\\\/\",\"url\":\"https:\\\/\\\/jornaldasoficinas.com\\\/pt\\\/mannhummel-informa-sobre-euro-7-e-emissoes-de-travoes\\\/\",\"name\":\"MANN+HUMMEL informa sobre Euro 7 - Jornal das Oficinas\",\"isPartOf\":{\"@id\":\"https:\\\/\\\/jornaldasoficinas.com\\\/pt\\\/#website\"},\"primaryImageOfPage\":{\"@id\":\"https:\\\/\\\/jornaldasoficinas.com\\\/pt\\\/mannhummel-informa-sobre-euro-7-e-emissoes-de-travoes\\\/#primaryimage\"},\"image\":{\"@id\":\"https:\\\/\\\/jornaldasoficinas.com\\\/pt\\\/mannhummel-informa-sobre-euro-7-e-emissoes-de-travoes\\\/#primaryimage\"},\"thumbnailUrl\":\"https:\\\/\\\/jornaldasoficinas.com\\\/pt\\\/wp-content\\\/uploads\\\/2023\\\/02\\\/MANNHUMMEL-informa-sobre-Euro-7-e-emissoes-de-travoes.jpeg\",\"datePublished\":\"2023-02-07T20:00:41+00:00\",\"dateModified\":\"2023-02-07T20:15:43+00:00\",\"description\":\"A norma Euro 7 sobre polui\u00e7\u00e3o, aprovada pela Uni\u00e3o Europeia, entrar\u00e1 em vigor para autom\u00f3veis de passageiros em 1 de Julho de 2025\",\"breadcrumb\":{\"@id\":\"https:\\\/\\\/jornaldasoficinas.com\\\/pt\\\/mannhummel-informa-sobre-euro-7-e-emissoes-de-travoes\\\/#breadcrumb\"},\"inLanguage\":\"pt-PT\",\"potentialAction\":[{\"@type\":\"ReadAction\",\"target\":[\"https:\\\/\\\/jornaldasoficinas.com\\\/pt\\\/mannhummel-informa-sobre-euro-7-e-emissoes-de-travoes\\\/\"]}]},{\"@type\":\"ImageObject\",\"inLanguage\":\"pt-PT\",\"@id\":\"https:\\\/\\\/jornaldasoficinas.com\\\/pt\\\/mannhummel-informa-sobre-euro-7-e-emissoes-de-travoes\\\/#primaryimage\",\"url\":\"https:\\\/\\\/jornaldasoficinas.com\\\/pt\\\/wp-content\\\/uploads\\\/2023\\\/02\\\/MANNHUMMEL-informa-sobre-Euro-7-e-emissoes-de-travoes.jpeg\",\"contentUrl\":\"https:\\\/\\\/jornaldasoficinas.com\\\/pt\\\/wp-content\\\/uploads\\\/2023\\\/02\\\/MANNHUMMEL-informa-sobre-Euro-7-e-emissoes-de-travoes.jpeg\",\"width\":1024,\"height\":581,\"caption\":\"Disc brakes burn with high temperature and the smoke of racing cars on the racetrack at night\"},{\"@type\":\"BreadcrumbList\",\"@id\":\"https:\\\/\\\/jornaldasoficinas.com\\\/pt\\\/mannhummel-informa-sobre-euro-7-e-emissoes-de-travoes\\\/#breadcrumb\",\"itemListElement\":[{\"@type\":\"ListItem\",\"position\":1,\"name\":\"In\u00edcio\",\"item\":\"https:\\\/\\\/jornaldasoficinas.com\\\/pt\\\/\"},{\"@type\":\"ListItem\",\"position\":2,\"name\":\"MANN+HUMMEL informa sobre Euro 7\"}]},{\"@type\":\"WebSite\",\"@id\":\"https:\\\/\\\/jornaldasoficinas.com\\\/pt\\\/#website\",\"url\":\"https:\\\/\\\/jornaldasoficinas.com\\\/pt\\\/\",\"name\":\"Jornal das Oficinas\",\"description\":\"Jornal independente do Aftermarket Autom\u00f3vel em Portugal\",\"publisher\":{\"@id\":\"https:\\\/\\\/jornaldasoficinas.com\\\/pt\\\/#organization\"},\"potentialAction\":[{\"@type\":\"SearchAction\",\"target\":{\"@type\":\"EntryPoint\",\"urlTemplate\":\"https:\\\/\\\/jornaldasoficinas.com\\\/pt\\\/?s={search_term_string}\"},\"query-input\":{\"@type\":\"PropertyValueSpecification\",\"valueRequired\":true,\"valueName\":\"search_term_string\"}}],\"inLanguage\":\"pt-PT\"},{\"@type\":\"Organization\",\"@id\":\"https:\\\/\\\/jornaldasoficinas.com\\\/pt\\\/#organization\",\"name\":\"Jornal das Oficinas\",\"url\":\"https:\\\/\\\/jornaldasoficinas.com\\\/pt\\\/\",\"logo\":{\"@type\":\"ImageObject\",\"inLanguage\":\"pt-PT\",\"@id\":\"https:\\\/\\\/jornaldasoficinas.com\\\/pt\\\/#\\\/schema\\\/logo\\\/image\\\/\",\"url\":\"https:\\\/\\\/jornaldasoficinas.com\\\/pt\\\/wp-content\\\/uploads\\\/logoJO-SEO.png\",\"contentUrl\":\"https:\\\/\\\/jornaldasoficinas.com\\\/pt\\\/wp-content\\\/uploads\\\/logoJO-SEO.png\",\"width\":285,\"height\":450,\"caption\":\"Jornal das Oficinas\"},\"image\":{\"@id\":\"https:\\\/\\\/jornaldasoficinas.com\\\/pt\\\/#\\\/schema\\\/logo\\\/image\\\/\"},\"sameAs\":[\"https:\\\/\\\/www.facebook.com\\\/jornaloficinas\",\"https:\\\/\\\/x.com\\\/jornaloficinas\",\"https:\\\/\\\/www.instagram.com\\\/jornal_oficinas\\\/\",\"https:\\\/\\\/www.linkedin.com\\\/company\\\/jornal-das-oficinas\\\/\",\"https:\\\/\\\/www.youtube.com\\\/channel\\\/UCbQZBqtcvV-oSQrr7RzINGg\"]},{\"@type\":\"Person\",\"@id\":\"https:\\\/\\\/jornaldasoficinas.com\\\/pt\\\/#\\\/schema\\\/person\\\/a38eef5de2c41d9e7c9ac10141afddf3\",\"name\":\"Reda\u00e7\u00e3o JO\",\"image\":{\"@type\":\"ImageObject\",\"inLanguage\":\"pt-PT\",\"@id\":\"https:\\\/\\\/secure.gravatar.com\\\/avatar\\\/71f2fa71737ad68a84fea94bc708ddac8ea5b0c4788dc2ad202f3ccb2887742f?s=96&d=wp_user_avatar&r=g\",\"url\":\"https:\\\/\\\/secure.gravatar.com\\\/avatar\\\/71f2fa71737ad68a84fea94bc708ddac8ea5b0c4788dc2ad202f3ccb2887742f?s=96&d=wp_user_avatar&r=g\",\"contentUrl\":\"https:\\\/\\\/secure.gravatar.com\\\/avatar\\\/71f2fa71737ad68a84fea94bc708ddac8ea5b0c4788dc2ad202f3ccb2887742f?s=96&d=wp_user_avatar&r=g\",\"caption\":\"Reda\u00e7\u00e3o JO\"},\"url\":\"https:\\\/\\\/jornaldasoficinas.com\\\/pt\\\/author\\\/joredacao\\\/\"}]}<\/script>\n<!-- \/ Yoast SEO plugin. -->","yoast_head_json":{"title":"MANN+HUMMEL informa sobre Euro 7 - Jornal das Oficinas","description":"A norma Euro 7 sobre polui\u00e7\u00e3o, aprovada pela Uni\u00e3o Europeia, entrar\u00e1 em vigor para autom\u00f3veis de passageiros em 1 de Julho de 2025","robots":{"index":"index","follow":"follow","max-snippet":"max-snippet:-1","max-image-preview":"max-image-preview:large","max-video-preview":"max-video-preview:-1"},"canonical":"https:\/\/jornaldasoficinas.com\/pt\/mannhummel-informa-sobre-euro-7-e-emissoes-de-travoes\/","og_locale":"pt_PT","og_type":"article","og_title":"MANN+HUMMEL informa sobre Euro 7 - Jornal das Oficinas","og_description":"A norma Euro 7 sobre polui\u00e7\u00e3o, aprovada pela Uni\u00e3o Europeia, entrar\u00e1 em vigor para autom\u00f3veis de passageiros em 1 de Julho de 2025","og_url":"https:\/\/jornaldasoficinas.com\/pt\/mannhummel-informa-sobre-euro-7-e-emissoes-de-travoes\/","og_site_name":"Jornal das Oficinas","article_publisher":"https:\/\/www.facebook.com\/jornaloficinas","article_published_time":"2023-02-07T20:00:41+00:00","article_modified_time":"2023-02-07T20:15:43+00:00","og_image":[{"width":1024,"height":581,"url":"https:\/\/jornaldasoficinas.com\/pt\/wp-content\/uploads\/2023\/02\/MANNHUMMEL-informa-sobre-Euro-7-e-emissoes-de-travoes.jpeg","type":"image\/jpeg"}],"author":"Reda\u00e7\u00e3o JO","twitter_card":"summary_large_image","twitter_creator":"@jornaloficinas","twitter_site":"@jornaloficinas","twitter_misc":{"Escrito por":"Reda\u00e7\u00e3o JO","Tempo estimado de leitura":"3 minutos"},"schema":{"@context":"https:\/\/schema.org","@graph":[{"@type":"Article","@id":"https:\/\/jornaldasoficinas.com\/pt\/mannhummel-informa-sobre-euro-7-e-emissoes-de-travoes\/#article","isPartOf":{"@id":"https:\/\/jornaldasoficinas.com\/pt\/mannhummel-informa-sobre-euro-7-e-emissoes-de-travoes\/"},"author":{"name":"Reda\u00e7\u00e3o JO","@id":"https:\/\/jornaldasoficinas.com\/pt\/#\/schema\/person\/a38eef5de2c41d9e7c9ac10141afddf3"},"headline":"MANN+HUMMEL informa sobre Euro 7","datePublished":"2023-02-07T20:00:41+00:00","dateModified":"2023-02-07T20:15:43+00:00","mainEntityOfPage":{"@id":"https:\/\/jornaldasoficinas.com\/pt\/mannhummel-informa-sobre-euro-7-e-emissoes-de-travoes\/"},"wordCount":591,"publisher":{"@id":"https:\/\/jornaldasoficinas.com\/pt\/#organization"},"image":{"@id":"https:\/\/jornaldasoficinas.com\/pt\/mannhummel-informa-sobre-euro-7-e-emissoes-de-travoes\/#primaryimage"},"thumbnailUrl":"https:\/\/jornaldasoficinas.com\/pt\/wp-content\/uploads\/2023\/02\/MANNHUMMEL-informa-sobre-Euro-7-e-emissoes-de-travoes.jpeg","keywords":["1 de Julho de 2025","Comiss\u00e3o Europeia","emiss\u00f5es poluentes","MANN+HUMMEL","Norma Euro 7"],"articleSection":["Empresas"],"inLanguage":"pt-PT"},{"@type":"WebPage","@id":"https:\/\/jornaldasoficinas.com\/pt\/mannhummel-informa-sobre-euro-7-e-emissoes-de-travoes\/","url":"https:\/\/jornaldasoficinas.com\/pt\/mannhummel-informa-sobre-euro-7-e-emissoes-de-travoes\/","name":"MANN+HUMMEL informa sobre Euro 7 - Jornal das Oficinas","isPartOf":{"@id":"https:\/\/jornaldasoficinas.com\/pt\/#website"},"primaryImageOfPage":{"@id":"https:\/\/jornaldasoficinas.com\/pt\/mannhummel-informa-sobre-euro-7-e-emissoes-de-travoes\/#primaryimage"},"image":{"@id":"https:\/\/jornaldasoficinas.com\/pt\/mannhummel-informa-sobre-euro-7-e-emissoes-de-travoes\/#primaryimage"},"thumbnailUrl":"https:\/\/jornaldasoficinas.com\/pt\/wp-content\/uploads\/2023\/02\/MANNHUMMEL-informa-sobre-Euro-7-e-emissoes-de-travoes.jpeg","datePublished":"2023-02-07T20:00:41+00:00","dateModified":"2023-02-07T20:15:43+00:00","description":"A norma Euro 7 sobre polui\u00e7\u00e3o, aprovada pela Uni\u00e3o Europeia, entrar\u00e1 em vigor para autom\u00f3veis de passageiros em 1 de Julho de 2025","breadcrumb":{"@id":"https:\/\/jornaldasoficinas.com\/pt\/mannhummel-informa-sobre-euro-7-e-emissoes-de-travoes\/#breadcrumb"},"inLanguage":"pt-PT","potentialAction":[{"@type":"ReadAction","target":["https:\/\/jornaldasoficinas.com\/pt\/mannhummel-informa-sobre-euro-7-e-emissoes-de-travoes\/"]}]},{"@type":"ImageObject","inLanguage":"pt-PT","@id":"https:\/\/jornaldasoficinas.com\/pt\/mannhummel-informa-sobre-euro-7-e-emissoes-de-travoes\/#primaryimage","url":"https:\/\/jornaldasoficinas.com\/pt\/wp-content\/uploads\/2023\/02\/MANNHUMMEL-informa-sobre-Euro-7-e-emissoes-de-travoes.jpeg","contentUrl":"https:\/\/jornaldasoficinas.com\/pt\/wp-content\/uploads\/2023\/02\/MANNHUMMEL-informa-sobre-Euro-7-e-emissoes-de-travoes.jpeg","width":1024,"height":581,"caption":"Disc brakes burn with high temperature and the smoke of racing cars on the racetrack at night"},{"@type":"BreadcrumbList","@id":"https:\/\/jornaldasoficinas.com\/pt\/mannhummel-informa-sobre-euro-7-e-emissoes-de-travoes\/#breadcrumb","itemListElement":[{"@type":"ListItem","position":1,"name":"In\u00edcio","item":"https:\/\/jornaldasoficinas.com\/pt\/"},{"@type":"ListItem","position":2,"name":"MANN+HUMMEL informa sobre Euro 7"}]},{"@type":"WebSite","@id":"https:\/\/jornaldasoficinas.com\/pt\/#website","url":"https:\/\/jornaldasoficinas.com\/pt\/","name":"Jornal das Oficinas","description":"Jornal independente do Aftermarket Autom\u00f3vel em Portugal","publisher":{"@id":"https:\/\/jornaldasoficinas.com\/pt\/#organization"},"potentialAction":[{"@type":"SearchAction","target":{"@type":"EntryPoint","urlTemplate":"https:\/\/jornaldasoficinas.com\/pt\/?s={search_term_string}"},"query-input":{"@type":"PropertyValueSpecification","valueRequired":true,"valueName":"search_term_string"}}],"inLanguage":"pt-PT"},{"@type":"Organization","@id":"https:\/\/jornaldasoficinas.com\/pt\/#organization","name":"Jornal das Oficinas","url":"https:\/\/jornaldasoficinas.com\/pt\/","logo":{"@type":"ImageObject","inLanguage":"pt-PT","@id":"https:\/\/jornaldasoficinas.com\/pt\/#\/schema\/logo\/image\/","url":"https:\/\/jornaldasoficinas.com\/pt\/wp-content\/uploads\/logoJO-SEO.png","contentUrl":"https:\/\/jornaldasoficinas.com\/pt\/wp-content\/uploads\/logoJO-SEO.png","width":285,"height":450,"caption":"Jornal das Oficinas"},"image":{"@id":"https:\/\/jornaldasoficinas.com\/pt\/#\/schema\/logo\/image\/"},"sameAs":["https:\/\/www.facebook.com\/jornaloficinas","https:\/\/x.com\/jornaloficinas","https:\/\/www.instagram.com\/jornal_oficinas\/","https:\/\/www.linkedin.com\/company\/jornal-das-oficinas\/","https:\/\/www.youtube.com\/channel\/UCbQZBqtcvV-oSQrr7RzINGg"]},{"@type":"Person","@id":"https:\/\/jornaldasoficinas.com\/pt\/#\/schema\/person\/a38eef5de2c41d9e7c9ac10141afddf3","name":"Reda\u00e7\u00e3o JO","image":{"@type":"ImageObject","inLanguage":"pt-PT","@id":"https:\/\/secure.gravatar.com\/avatar\/71f2fa71737ad68a84fea94bc708ddac8ea5b0c4788dc2ad202f3ccb2887742f?s=96&d=wp_user_avatar&r=g","url":"https:\/\/secure.gravatar.com\/avatar\/71f2fa71737ad68a84fea94bc708ddac8ea5b0c4788dc2ad202f3ccb2887742f?s=96&d=wp_user_avatar&r=g","contentUrl":"https:\/\/secure.gravatar.com\/avatar\/71f2fa71737ad68a84fea94bc708ddac8ea5b0c4788dc2ad202f3ccb2887742f?s=96&d=wp_user_avatar&r=g","caption":"Reda\u00e7\u00e3o JO"},"url":"https:\/\/jornaldasoficinas.com\/pt\/author\/joredacao\/"}]}},"_links":{"self":[{"href":"https:\/\/jornaldasoficinas.com\/pt\/wp-json\/wp\/v2\/posts\/61755","targetHints":{"allow":["GET"]}}],"collection":[{"href":"https:\/\/jornaldasoficinas.com\/pt\/wp-json\/wp\/v2\/posts"}],"about":[{"href":"https:\/\/jornaldasoficinas.com\/pt\/wp-json\/wp\/v2\/types\/post"}],"author":[{"embeddable":true,"href":"https:\/\/jornaldasoficinas.com\/pt\/wp-json\/wp\/v2\/users\/15"}],"replies":[{"embeddable":true,"href":"https:\/\/jornaldasoficinas.com\/pt\/wp-json\/wp\/v2\/comments?post=61755"}],"version-history":[{"count":0,"href":"https:\/\/jornaldasoficinas.com\/pt\/wp-json\/wp\/v2\/posts\/61755\/revisions"}],"wp:featuredmedia":[{"embeddable":true,"href":"https:\/\/jornaldasoficinas.com\/pt\/wp-json\/wp\/v2\/media\/61747"}],"wp:attachment":[{"href":"https:\/\/jornaldasoficinas.com\/pt\/wp-json\/wp\/v2\/media?parent=61755"}],"wp:term":[{"taxonomy":"category","embeddable":true,"href":"https:\/\/jornaldasoficinas.com\/pt\/wp-json\/wp\/v2\/categories?post=61755"},{"taxonomy":"post_tag","embeddable":true,"href":"https:\/\/jornaldasoficinas.com\/pt\/wp-json\/wp\/v2\/tags?post=61755"}],"curies":[{"name":"wp","href":"https:\/\/api.w.org\/{rel}","templated":true}]}}