{"id":61769,"date":"2023-02-08T08:00:27","date_gmt":"2023-02-08T08:00:27","guid":{"rendered":"https:\/\/jornaldasoficinas.com\/pt\/?p=61769"},"modified":"2023-02-07T20:16:10","modified_gmt":"2023-02-07T20:16:10","slug":"carregamentos-mobi-e-voltam-a-crescer-em-janeiro","status":"publish","type":"post","link":"https:\/\/jornaldasoficinas.com\/pt\/carregamentos-mobi-e-voltam-a-crescer-em-janeiro\/","title":{"rendered":"Carregamentos Mobi.E voltam a crescer em janeiro"},"content":{"rendered":"<p><strong><img loading=\"lazy\" decoding=\"async\" class=\"alignnone size-full wp-image-61774\" src=\"https:\/\/jornaldasoficinas.com\/pt\/wp-content\/uploads\/2023\/02\/Carregamentos-Mobi.E-voltam-a-crescer-em-janeiro.png\" alt=\"02 - Carregamentos Mobi.E voltam a crescer em janeiro\" width=\"1024\" height=\"581\" srcset=\"https:\/\/jornaldasoficinas.com\/pt\/wp-content\/uploads\/2023\/02\/Carregamentos-Mobi.E-voltam-a-crescer-em-janeiro.png 1024w, https:\/\/jornaldasoficinas.com\/pt\/wp-content\/uploads\/2023\/02\/Carregamentos-Mobi.E-voltam-a-crescer-em-janeiro-300x170.png 300w, https:\/\/jornaldasoficinas.com\/pt\/wp-content\/uploads\/2023\/02\/Carregamentos-Mobi.E-voltam-a-crescer-em-janeiro-150x85.png 150w, https:\/\/jornaldasoficinas.com\/pt\/wp-content\/uploads\/2023\/02\/Carregamentos-Mobi.E-voltam-a-crescer-em-janeiro-768x436.png 768w\" sizes=\"auto, (max-width: 1024px) 100vw, 1024px\" \/><\/strong><\/p>\n<p><strong>O ano 2023 come\u00e7ou com novos recordes de utiliza\u00e7\u00e3o a serem registados na rede <a href=\"https:\/\/www.mobie.pt\/\" target=\"_blank\" rel=\"noopener\">Mobi.E<\/a>, quer em n\u00famero de carregamentos, que aumentam 88% face ao m\u00eas hom\u00f3logo de 2021, quer no consumo de energia<\/strong><\/p>\n<p>A rede Mobi.E voltou a registar novo m\u00e1ximo nos carregamentos efetuados. No m\u00eas de janeiro, foram registadas 279.807 transa\u00e7\u00f5es, o que representa uma subida de 88% face ao mesmo m\u00eas do ano passado. Tamb\u00e9m ao n\u00edvel dos consumos de energia, houve um novo recorde mensal, tendo atingido os 4.291.640 kWh, um aumento de 113% em compara\u00e7\u00e3o com o mesmo per\u00edodo hom\u00f3logo.<\/p>\n<p>O crescimento da rede \u00e9 um dos principais fatores que contribui para estes n\u00fameros. No final de janeiro, integravam a rede de acesso p\u00fablico um total de 3.217 postos, o que corresponde a mais de 5.747 pontos de carregamento.<\/p>\n<p>Outro dado relevante \u00e9 a pot\u00eancia da rede, atualmente superior a 171.000 kW. No final de janeiro, mais de 1.100 postos de carregamento eram r\u00e1pidos ou ultrarr\u00e1pidos, o que representa mais de um ter\u00e7o do total.<\/p>\n<p>Em janeiro, acederam \u00e0 rede p\u00fablica nacional mais de 41.900 utilizadores distintos, uma subida de 66% face a 2021. Em m\u00e9dia, cada utilizador efetuou sete carregamentos, durante este m\u00eas.<\/p>\n<p>Quanto ao impacto da rede Mobi.E no ambiente, em janeiro, foram poupadas 3.350 toneladas de CO2. Tal significa que seriam necess\u00e1rias mais de 58 mil \u00e1rvores com 10 anos, em ambiente urbano, para reter o mesmo di\u00f3xido de carbono.<\/p>\n<p>Existem atualmente 49 pontos de carregamento, em m\u00e9dia, por cada 100 quil\u00f3metros de rodovia. Por cada 100 mil habitantes, s\u00e3o disponibilizadas 67 tomadas, em m\u00e9dia.<\/p>\n","protected":false},"excerpt":{"rendered":"<p>O ano 2023 come\u00e7ou com novos&#8230;<\/p>\n","protected":false},"author":15,"featured_media":61774,"comment_status":"closed","ping_status":"closed","sticky":false,"template":"","format":"standard","meta":{"footnotes":""},"categories":[29],"tags":[4089,4088,2382,4090,1767],"class_list":["post-61769","post","type-post","status-publish","format-standard","has-post-thumbnail","hentry","category-empresas","tag-5-747-pontos-de-carregamento","tag-aumento-88","tag-mobi-e","tag-moblilidade-eletrica","tag-sustentabilidade"],"yoast_head":"<!-- This site is optimized with the Yoast SEO plugin v27.4 - https:\/\/yoast.com\/product\/yoast-seo-wordpress\/ -->\n<title>Carregamentos Mobi.E voltam a crescer em janeiro - Jornal das Oficinas<\/title>\n<meta name=\"description\" content=\"O ano 2023 come\u00e7ou com novos recordes de utiliza\u00e7\u00e3o a serem registados na rede Mobi.E, quer em n\u00famero de carregamentos\" \/>\n<meta name=\"robots\" content=\"index, follow, max-snippet:-1, max-image-preview:large, max-video-preview:-1\" \/>\n<link rel=\"canonical\" href=\"https:\/\/jornaldasoficinas.com\/pt\/carregamentos-mobi-e-voltam-a-crescer-em-janeiro\/\" \/>\n<meta property=\"og:locale\" content=\"pt_PT\" \/>\n<meta property=\"og:type\" content=\"article\" \/>\n<meta property=\"og:title\" content=\"Carregamentos Mobi.E voltam a crescer em janeiro - Jornal das Oficinas\" \/>\n<meta property=\"og:description\" content=\"O ano 2023 come\u00e7ou com novos recordes de utiliza\u00e7\u00e3o a serem registados na rede Mobi.E, quer em n\u00famero de carregamentos\" \/>\n<meta property=\"og:url\" content=\"https:\/\/jornaldasoficinas.com\/pt\/carregamentos-mobi-e-voltam-a-crescer-em-janeiro\/\" \/>\n<meta property=\"og:site_name\" content=\"Jornal das Oficinas\" \/>\n<meta property=\"article:publisher\" content=\"https:\/\/www.facebook.com\/jornaloficinas\" \/>\n<meta property=\"article:published_time\" content=\"2023-02-08T08:00:27+00:00\" \/>\n<meta property=\"og:image\" content=\"https:\/\/jornaldasoficinas.com\/pt\/wp-content\/uploads\/2023\/02\/Carregamentos-Mobi.E-voltam-a-crescer-em-janeiro.png\" \/>\n\t<meta property=\"og:image:width\" content=\"1024\" \/>\n\t<meta property=\"og:image:height\" content=\"581\" \/>\n\t<meta property=\"og:image:type\" content=\"image\/png\" \/>\n<meta name=\"author\" content=\"Reda\u00e7\u00e3o JO\" \/>\n<meta name=\"twitter:card\" content=\"summary_large_image\" \/>\n<meta name=\"twitter:creator\" content=\"@jornaloficinas\" \/>\n<meta name=\"twitter:site\" content=\"@jornaloficinas\" \/>\n<meta name=\"twitter:label1\" content=\"Escrito por\" \/>\n\t<meta name=\"twitter:data1\" content=\"Reda\u00e7\u00e3o JO\" \/>\n\t<meta name=\"twitter:label2\" content=\"Tempo estimado de leitura\" \/>\n\t<meta name=\"twitter:data2\" content=\"1 minuto\" \/>\n<script type=\"application\/ld+json\" class=\"yoast-schema-graph\">{\"@context\":\"https:\\\/\\\/schema.org\",\"@graph\":[{\"@type\":\"Article\",\"@id\":\"https:\\\/\\\/jornaldasoficinas.com\\\/pt\\\/carregamentos-mobi-e-voltam-a-crescer-em-janeiro\\\/#article\",\"isPartOf\":{\"@id\":\"https:\\\/\\\/jornaldasoficinas.com\\\/pt\\\/carregamentos-mobi-e-voltam-a-crescer-em-janeiro\\\/\"},\"author\":{\"name\":\"Reda\u00e7\u00e3o JO\",\"@id\":\"https:\\\/\\\/jornaldasoficinas.com\\\/pt\\\/#\\\/schema\\\/person\\\/a38eef5de2c41d9e7c9ac10141afddf3\"},\"headline\":\"Carregamentos Mobi.E voltam a crescer em janeiro\",\"datePublished\":\"2023-02-08T08:00:27+00:00\",\"mainEntityOfPage\":{\"@id\":\"https:\\\/\\\/jornaldasoficinas.com\\\/pt\\\/carregamentos-mobi-e-voltam-a-crescer-em-janeiro\\\/\"},\"wordCount\":279,\"publisher\":{\"@id\":\"https:\\\/\\\/jornaldasoficinas.com\\\/pt\\\/#organization\"},\"image\":{\"@id\":\"https:\\\/\\\/jornaldasoficinas.com\\\/pt\\\/carregamentos-mobi-e-voltam-a-crescer-em-janeiro\\\/#primaryimage\"},\"thumbnailUrl\":\"https:\\\/\\\/jornaldasoficinas.com\\\/pt\\\/wp-content\\\/uploads\\\/2023\\\/02\\\/Carregamentos-Mobi.E-voltam-a-crescer-em-janeiro.png\",\"keywords\":[\"5.747 pontos de carregamento\",\"Aumento 88%\",\"Mobi.E\",\"Moblilidade el\u00e9trica\",\"Sustentabilidade\"],\"articleSection\":[\"Empresas\"],\"inLanguage\":\"pt-PT\"},{\"@type\":\"WebPage\",\"@id\":\"https:\\\/\\\/jornaldasoficinas.com\\\/pt\\\/carregamentos-mobi-e-voltam-a-crescer-em-janeiro\\\/\",\"url\":\"https:\\\/\\\/jornaldasoficinas.com\\\/pt\\\/carregamentos-mobi-e-voltam-a-crescer-em-janeiro\\\/\",\"name\":\"Carregamentos Mobi.E voltam a crescer em janeiro - Jornal das Oficinas\",\"isPartOf\":{\"@id\":\"https:\\\/\\\/jornaldasoficinas.com\\\/pt\\\/#website\"},\"primaryImageOfPage\":{\"@id\":\"https:\\\/\\\/jornaldasoficinas.com\\\/pt\\\/carregamentos-mobi-e-voltam-a-crescer-em-janeiro\\\/#primaryimage\"},\"image\":{\"@id\":\"https:\\\/\\\/jornaldasoficinas.com\\\/pt\\\/carregamentos-mobi-e-voltam-a-crescer-em-janeiro\\\/#primaryimage\"},\"thumbnailUrl\":\"https:\\\/\\\/jornaldasoficinas.com\\\/pt\\\/wp-content\\\/uploads\\\/2023\\\/02\\\/Carregamentos-Mobi.E-voltam-a-crescer-em-janeiro.png\",\"datePublished\":\"2023-02-08T08:00:27+00:00\",\"description\":\"O ano 2023 come\u00e7ou com novos recordes de utiliza\u00e7\u00e3o a serem registados na rede Mobi.E, quer em n\u00famero de carregamentos\",\"breadcrumb\":{\"@id\":\"https:\\\/\\\/jornaldasoficinas.com\\\/pt\\\/carregamentos-mobi-e-voltam-a-crescer-em-janeiro\\\/#breadcrumb\"},\"inLanguage\":\"pt-PT\",\"potentialAction\":[{\"@type\":\"ReadAction\",\"target\":[\"https:\\\/\\\/jornaldasoficinas.com\\\/pt\\\/carregamentos-mobi-e-voltam-a-crescer-em-janeiro\\\/\"]}]},{\"@type\":\"ImageObject\",\"inLanguage\":\"pt-PT\",\"@id\":\"https:\\\/\\\/jornaldasoficinas.com\\\/pt\\\/carregamentos-mobi-e-voltam-a-crescer-em-janeiro\\\/#primaryimage\",\"url\":\"https:\\\/\\\/jornaldasoficinas.com\\\/pt\\\/wp-content\\\/uploads\\\/2023\\\/02\\\/Carregamentos-Mobi.E-voltam-a-crescer-em-janeiro.png\",\"contentUrl\":\"https:\\\/\\\/jornaldasoficinas.com\\\/pt\\\/wp-content\\\/uploads\\\/2023\\\/02\\\/Carregamentos-Mobi.E-voltam-a-crescer-em-janeiro.png\",\"width\":1024,\"height\":581,\"caption\":\"02 - Carregamentos Mobi.E voltam a crescer em janeiro\"},{\"@type\":\"BreadcrumbList\",\"@id\":\"https:\\\/\\\/jornaldasoficinas.com\\\/pt\\\/carregamentos-mobi-e-voltam-a-crescer-em-janeiro\\\/#breadcrumb\",\"itemListElement\":[{\"@type\":\"ListItem\",\"position\":1,\"name\":\"In\u00edcio\",\"item\":\"https:\\\/\\\/jornaldasoficinas.com\\\/pt\\\/\"},{\"@type\":\"ListItem\",\"position\":2,\"name\":\"Carregamentos Mobi.E voltam a crescer em janeiro\"}]},{\"@type\":\"WebSite\",\"@id\":\"https:\\\/\\\/jornaldasoficinas.com\\\/pt\\\/#website\",\"url\":\"https:\\\/\\\/jornaldasoficinas.com\\\/pt\\\/\",\"name\":\"Jornal das Oficinas\",\"description\":\"Jornal independente do Aftermarket Autom\u00f3vel em Portugal\",\"publisher\":{\"@id\":\"https:\\\/\\\/jornaldasoficinas.com\\\/pt\\\/#organization\"},\"potentialAction\":[{\"@type\":\"SearchAction\",\"target\":{\"@type\":\"EntryPoint\",\"urlTemplate\":\"https:\\\/\\\/jornaldasoficinas.com\\\/pt\\\/?s={search_term_string}\"},\"query-input\":{\"@type\":\"PropertyValueSpecification\",\"valueRequired\":true,\"valueName\":\"search_term_string\"}}],\"inLanguage\":\"pt-PT\"},{\"@type\":\"Organization\",\"@id\":\"https:\\\/\\\/jornaldasoficinas.com\\\/pt\\\/#organization\",\"name\":\"Jornal das Oficinas\",\"url\":\"https:\\\/\\\/jornaldasoficinas.com\\\/pt\\\/\",\"logo\":{\"@type\":\"ImageObject\",\"inLanguage\":\"pt-PT\",\"@id\":\"https:\\\/\\\/jornaldasoficinas.com\\\/pt\\\/#\\\/schema\\\/logo\\\/image\\\/\",\"url\":\"https:\\\/\\\/jornaldasoficinas.com\\\/pt\\\/wp-content\\\/uploads\\\/logoJO-SEO.png\",\"contentUrl\":\"https:\\\/\\\/jornaldasoficinas.com\\\/pt\\\/wp-content\\\/uploads\\\/logoJO-SEO.png\",\"width\":285,\"height\":450,\"caption\":\"Jornal das Oficinas\"},\"image\":{\"@id\":\"https:\\\/\\\/jornaldasoficinas.com\\\/pt\\\/#\\\/schema\\\/logo\\\/image\\\/\"},\"sameAs\":[\"https:\\\/\\\/www.facebook.com\\\/jornaloficinas\",\"https:\\\/\\\/x.com\\\/jornaloficinas\",\"https:\\\/\\\/www.instagram.com\\\/jornal_oficinas\\\/\",\"https:\\\/\\\/www.linkedin.com\\\/company\\\/jornal-das-oficinas\\\/\",\"https:\\\/\\\/www.youtube.com\\\/channel\\\/UCbQZBqtcvV-oSQrr7RzINGg\"]},{\"@type\":\"Person\",\"@id\":\"https:\\\/\\\/jornaldasoficinas.com\\\/pt\\\/#\\\/schema\\\/person\\\/a38eef5de2c41d9e7c9ac10141afddf3\",\"name\":\"Reda\u00e7\u00e3o JO\",\"image\":{\"@type\":\"ImageObject\",\"inLanguage\":\"pt-PT\",\"@id\":\"https:\\\/\\\/secure.gravatar.com\\\/avatar\\\/71f2fa71737ad68a84fea94bc708ddac8ea5b0c4788dc2ad202f3ccb2887742f?s=96&d=wp_user_avatar&r=g\",\"url\":\"https:\\\/\\\/secure.gravatar.com\\\/avatar\\\/71f2fa71737ad68a84fea94bc708ddac8ea5b0c4788dc2ad202f3ccb2887742f?s=96&d=wp_user_avatar&r=g\",\"contentUrl\":\"https:\\\/\\\/secure.gravatar.com\\\/avatar\\\/71f2fa71737ad68a84fea94bc708ddac8ea5b0c4788dc2ad202f3ccb2887742f?s=96&d=wp_user_avatar&r=g\",\"caption\":\"Reda\u00e7\u00e3o JO\"},\"url\":\"https:\\\/\\\/jornaldasoficinas.com\\\/pt\\\/author\\\/joredacao\\\/\"}]}<\/script>\n<!-- \/ Yoast SEO plugin. -->","yoast_head_json":{"title":"Carregamentos Mobi.E voltam a crescer em janeiro - Jornal das Oficinas","description":"O ano 2023 come\u00e7ou com novos recordes de utiliza\u00e7\u00e3o a serem registados na rede Mobi.E, quer em n\u00famero de carregamentos","robots":{"index":"index","follow":"follow","max-snippet":"max-snippet:-1","max-image-preview":"max-image-preview:large","max-video-preview":"max-video-preview:-1"},"canonical":"https:\/\/jornaldasoficinas.com\/pt\/carregamentos-mobi-e-voltam-a-crescer-em-janeiro\/","og_locale":"pt_PT","og_type":"article","og_title":"Carregamentos Mobi.E voltam a crescer em janeiro - Jornal das Oficinas","og_description":"O ano 2023 come\u00e7ou com novos recordes de utiliza\u00e7\u00e3o a serem registados na rede Mobi.E, quer em n\u00famero de carregamentos","og_url":"https:\/\/jornaldasoficinas.com\/pt\/carregamentos-mobi-e-voltam-a-crescer-em-janeiro\/","og_site_name":"Jornal das Oficinas","article_publisher":"https:\/\/www.facebook.com\/jornaloficinas","article_published_time":"2023-02-08T08:00:27+00:00","og_image":[{"width":1024,"height":581,"url":"https:\/\/jornaldasoficinas.com\/pt\/wp-content\/uploads\/2023\/02\/Carregamentos-Mobi.E-voltam-a-crescer-em-janeiro.png","type":"image\/png"}],"author":"Reda\u00e7\u00e3o JO","twitter_card":"summary_large_image","twitter_creator":"@jornaloficinas","twitter_site":"@jornaloficinas","twitter_misc":{"Escrito por":"Reda\u00e7\u00e3o JO","Tempo estimado de leitura":"1 minuto"},"schema":{"@context":"https:\/\/schema.org","@graph":[{"@type":"Article","@id":"https:\/\/jornaldasoficinas.com\/pt\/carregamentos-mobi-e-voltam-a-crescer-em-janeiro\/#article","isPartOf":{"@id":"https:\/\/jornaldasoficinas.com\/pt\/carregamentos-mobi-e-voltam-a-crescer-em-janeiro\/"},"author":{"name":"Reda\u00e7\u00e3o JO","@id":"https:\/\/jornaldasoficinas.com\/pt\/#\/schema\/person\/a38eef5de2c41d9e7c9ac10141afddf3"},"headline":"Carregamentos Mobi.E voltam a crescer em janeiro","datePublished":"2023-02-08T08:00:27+00:00","mainEntityOfPage":{"@id":"https:\/\/jornaldasoficinas.com\/pt\/carregamentos-mobi-e-voltam-a-crescer-em-janeiro\/"},"wordCount":279,"publisher":{"@id":"https:\/\/jornaldasoficinas.com\/pt\/#organization"},"image":{"@id":"https:\/\/jornaldasoficinas.com\/pt\/carregamentos-mobi-e-voltam-a-crescer-em-janeiro\/#primaryimage"},"thumbnailUrl":"https:\/\/jornaldasoficinas.com\/pt\/wp-content\/uploads\/2023\/02\/Carregamentos-Mobi.E-voltam-a-crescer-em-janeiro.png","keywords":["5.747 pontos de carregamento","Aumento 88%","Mobi.E","Moblilidade el\u00e9trica","Sustentabilidade"],"articleSection":["Empresas"],"inLanguage":"pt-PT"},{"@type":"WebPage","@id":"https:\/\/jornaldasoficinas.com\/pt\/carregamentos-mobi-e-voltam-a-crescer-em-janeiro\/","url":"https:\/\/jornaldasoficinas.com\/pt\/carregamentos-mobi-e-voltam-a-crescer-em-janeiro\/","name":"Carregamentos Mobi.E voltam a crescer em janeiro - Jornal das Oficinas","isPartOf":{"@id":"https:\/\/jornaldasoficinas.com\/pt\/#website"},"primaryImageOfPage":{"@id":"https:\/\/jornaldasoficinas.com\/pt\/carregamentos-mobi-e-voltam-a-crescer-em-janeiro\/#primaryimage"},"image":{"@id":"https:\/\/jornaldasoficinas.com\/pt\/carregamentos-mobi-e-voltam-a-crescer-em-janeiro\/#primaryimage"},"thumbnailUrl":"https:\/\/jornaldasoficinas.com\/pt\/wp-content\/uploads\/2023\/02\/Carregamentos-Mobi.E-voltam-a-crescer-em-janeiro.png","datePublished":"2023-02-08T08:00:27+00:00","description":"O ano 2023 come\u00e7ou com novos recordes de utiliza\u00e7\u00e3o a serem registados na rede Mobi.E, quer em n\u00famero de carregamentos","breadcrumb":{"@id":"https:\/\/jornaldasoficinas.com\/pt\/carregamentos-mobi-e-voltam-a-crescer-em-janeiro\/#breadcrumb"},"inLanguage":"pt-PT","potentialAction":[{"@type":"ReadAction","target":["https:\/\/jornaldasoficinas.com\/pt\/carregamentos-mobi-e-voltam-a-crescer-em-janeiro\/"]}]},{"@type":"ImageObject","inLanguage":"pt-PT","@id":"https:\/\/jornaldasoficinas.com\/pt\/carregamentos-mobi-e-voltam-a-crescer-em-janeiro\/#primaryimage","url":"https:\/\/jornaldasoficinas.com\/pt\/wp-content\/uploads\/2023\/02\/Carregamentos-Mobi.E-voltam-a-crescer-em-janeiro.png","contentUrl":"https:\/\/jornaldasoficinas.com\/pt\/wp-content\/uploads\/2023\/02\/Carregamentos-Mobi.E-voltam-a-crescer-em-janeiro.png","width":1024,"height":581,"caption":"02 - Carregamentos Mobi.E voltam a crescer em janeiro"},{"@type":"BreadcrumbList","@id":"https:\/\/jornaldasoficinas.com\/pt\/carregamentos-mobi-e-voltam-a-crescer-em-janeiro\/#breadcrumb","itemListElement":[{"@type":"ListItem","position":1,"name":"In\u00edcio","item":"https:\/\/jornaldasoficinas.com\/pt\/"},{"@type":"ListItem","position":2,"name":"Carregamentos Mobi.E voltam a crescer em janeiro"}]},{"@type":"WebSite","@id":"https:\/\/jornaldasoficinas.com\/pt\/#website","url":"https:\/\/jornaldasoficinas.com\/pt\/","name":"Jornal das Oficinas","description":"Jornal independente do Aftermarket Autom\u00f3vel em Portugal","publisher":{"@id":"https:\/\/jornaldasoficinas.com\/pt\/#organization"},"potentialAction":[{"@type":"SearchAction","target":{"@type":"EntryPoint","urlTemplate":"https:\/\/jornaldasoficinas.com\/pt\/?s={search_term_string}"},"query-input":{"@type":"PropertyValueSpecification","valueRequired":true,"valueName":"search_term_string"}}],"inLanguage":"pt-PT"},{"@type":"Organization","@id":"https:\/\/jornaldasoficinas.com\/pt\/#organization","name":"Jornal das Oficinas","url":"https:\/\/jornaldasoficinas.com\/pt\/","logo":{"@type":"ImageObject","inLanguage":"pt-PT","@id":"https:\/\/jornaldasoficinas.com\/pt\/#\/schema\/logo\/image\/","url":"https:\/\/jornaldasoficinas.com\/pt\/wp-content\/uploads\/logoJO-SEO.png","contentUrl":"https:\/\/jornaldasoficinas.com\/pt\/wp-content\/uploads\/logoJO-SEO.png","width":285,"height":450,"caption":"Jornal das Oficinas"},"image":{"@id":"https:\/\/jornaldasoficinas.com\/pt\/#\/schema\/logo\/image\/"},"sameAs":["https:\/\/www.facebook.com\/jornaloficinas","https:\/\/x.com\/jornaloficinas","https:\/\/www.instagram.com\/jornal_oficinas\/","https:\/\/www.linkedin.com\/company\/jornal-das-oficinas\/","https:\/\/www.youtube.com\/channel\/UCbQZBqtcvV-oSQrr7RzINGg"]},{"@type":"Person","@id":"https:\/\/jornaldasoficinas.com\/pt\/#\/schema\/person\/a38eef5de2c41d9e7c9ac10141afddf3","name":"Reda\u00e7\u00e3o JO","image":{"@type":"ImageObject","inLanguage":"pt-PT","@id":"https:\/\/secure.gravatar.com\/avatar\/71f2fa71737ad68a84fea94bc708ddac8ea5b0c4788dc2ad202f3ccb2887742f?s=96&d=wp_user_avatar&r=g","url":"https:\/\/secure.gravatar.com\/avatar\/71f2fa71737ad68a84fea94bc708ddac8ea5b0c4788dc2ad202f3ccb2887742f?s=96&d=wp_user_avatar&r=g","contentUrl":"https:\/\/secure.gravatar.com\/avatar\/71f2fa71737ad68a84fea94bc708ddac8ea5b0c4788dc2ad202f3ccb2887742f?s=96&d=wp_user_avatar&r=g","caption":"Reda\u00e7\u00e3o JO"},"url":"https:\/\/jornaldasoficinas.com\/pt\/author\/joredacao\/"}]}},"_links":{"self":[{"href":"https:\/\/jornaldasoficinas.com\/pt\/wp-json\/wp\/v2\/posts\/61769","targetHints":{"allow":["GET"]}}],"collection":[{"href":"https:\/\/jornaldasoficinas.com\/pt\/wp-json\/wp\/v2\/posts"}],"about":[{"href":"https:\/\/jornaldasoficinas.com\/pt\/wp-json\/wp\/v2\/types\/post"}],"author":[{"embeddable":true,"href":"https:\/\/jornaldasoficinas.com\/pt\/wp-json\/wp\/v2\/users\/15"}],"replies":[{"embeddable":true,"href":"https:\/\/jornaldasoficinas.com\/pt\/wp-json\/wp\/v2\/comments?post=61769"}],"version-history":[{"count":0,"href":"https:\/\/jornaldasoficinas.com\/pt\/wp-json\/wp\/v2\/posts\/61769\/revisions"}],"wp:featuredmedia":[{"embeddable":true,"href":"https:\/\/jornaldasoficinas.com\/pt\/wp-json\/wp\/v2\/media\/61774"}],"wp:attachment":[{"href":"https:\/\/jornaldasoficinas.com\/pt\/wp-json\/wp\/v2\/media?parent=61769"}],"wp:term":[{"taxonomy":"category","embeddable":true,"href":"https:\/\/jornaldasoficinas.com\/pt\/wp-json\/wp\/v2\/categories?post=61769"},{"taxonomy":"post_tag","embeddable":true,"href":"https:\/\/jornaldasoficinas.com\/pt\/wp-json\/wp\/v2\/tags?post=61769"}],"curies":[{"name":"wp","href":"https:\/\/api.w.org\/{rel}","templated":true}]}}