{"id":61886,"date":"2023-02-09T21:00:08","date_gmt":"2023-02-09T21:00:08","guid":{"rendered":"https:\/\/jornaldasoficinas.com\/pt\/?p=61886"},"modified":"2023-03-01T14:01:01","modified_gmt":"2023-03-01T14:01:01","slug":"o-verdadeiro-impacto-da-inflacao-com-antonio-morais","status":"publish","type":"post","link":"https:\/\/jornaldasoficinas.com\/pt\/o-verdadeiro-impacto-da-inflacao-com-antonio-morais\/","title":{"rendered":"&#8220;O Verdadeiro Impacto da Infla\u00e7\u00e3o\u201d com Ant\u00f3nio Morais"},"content":{"rendered":"<p><img loading=\"lazy\" decoding=\"async\" class=\"alignnone size-full wp-image-61888\" src=\"https:\/\/jornaldasoficinas.com\/pt\/wp-content\/uploads\/Podcasts\/foto_impacto_da_inflacao_Antonio_morais-04-05.jpg\" alt=\"Podcasts - foto_impacto_da_inflacao_Antonio_morais 04 05\" width=\"1024\" height=\"581\" srcset=\"https:\/\/jornaldasoficinas.com\/pt\/wp-content\/uploads\/Podcasts\/foto_impacto_da_inflacao_Antonio_morais-04-05.jpg 1024w, https:\/\/jornaldasoficinas.com\/pt\/wp-content\/uploads\/Podcasts\/foto_impacto_da_inflacao_Antonio_morais-04-05-300x170.jpg 300w, https:\/\/jornaldasoficinas.com\/pt\/wp-content\/uploads\/Podcasts\/foto_impacto_da_inflacao_Antonio_morais-04-05-150x85.jpg 150w, https:\/\/jornaldasoficinas.com\/pt\/wp-content\/uploads\/Podcasts\/foto_impacto_da_inflacao_Antonio_morais-04-05-768x436.jpg 768w\" sizes=\"auto, (max-width: 1024px) 100vw, 1024px\" \/><\/p>\n<p><strong>Qual o Verdadeiro Impacto da Infla\u00e7\u00e3o no nosso dia a dia e nas empresas? Em fevereiro, vamos abordar a Infla\u00e7\u00e3o na sua forma generalizada, atrav\u00e9s dos melhores especialistas. O primeiro convidado desta semana, lida diariamente com as grandes superf\u00edcies portuguesas, de quem estamos a falar? Engenheiro Ant\u00f3nio Trigo Morais. Ou\u00e7a aqui, no <a href=\"https:\/\/open.spotify.com\/episode\/2wC6j4rlqGKpMYcLDwu2V2?si=1f65206f38eb4f3b\" target=\"_blank\" rel=\"noopener\">Spotify<\/a> ou nas nossas redes sociais, o podcast desta semana.<\/strong><\/p>\n<p><iframe loading=\"lazy\" style=\"border-radius: 12px;\" src=\"https:\/\/open.spotify.com\/embed\/episode\/2wC6j4rlqGKpMYcLDwu2V2?utm_source=generator&amp;theme=0\" width=\"100%\" height=\"152\" frameborder=\"0\" allowfullscreen=\"allowfullscreen\" allow=\"encrypted-media\"><span style=\"display: inline-block; width: 0px; overflow: hidden; line-height: 0;\" data-mce-type=\"bookmark\" class=\"mce_SELRES_start\">\ufeff<\/span><\/iframe><\/p>\n","protected":false},"excerpt":{"rendered":"<p>Qual o Verdadeiro Impacto da Infla\u00e7\u00e3o&#8230;<\/p>\n","protected":false},"author":15,"featured_media":61888,"comment_status":"closed","ping_status":"closed","sticky":false,"template":"","format":"standard","meta":{"footnotes":""},"categories":[2803],"tags":[4123,4124,3318,3295,4125,4126,2954,4122],"class_list":["post-61886","post","type-post","status-publish","format-standard","has-post-thumbnail","hentry","category-podcasts","tag-antonio-trigo-morais","tag-consultor","tag-impacto-da-inflacao","tag-inflacao","tag-inflacao-generalizada","tag-inflacao-nas-empresas","tag-podcast-jo","tag-verdadeiro-impacto"],"yoast_head":"<!-- This site is optimized with the Yoast SEO plugin v27.5 - https:\/\/yoast.com\/product\/yoast-seo-wordpress\/ -->\n<title>&quot;O Verdadeiro Impacto da Infla\u00e7\u00e3o\u201d com Ant\u00f3nio Morais - Jornal das Oficinas<\/title>\n<meta name=\"description\" content=\"O primeiro convidado desta semana, lida diariamente com as grandes superf\u00edcies portuguesas, de quem estamos a falar? Engenheiro Ant\u00f3nio Trigo Morais\" \/>\n<meta name=\"robots\" content=\"index, follow, max-snippet:-1, max-image-preview:large, max-video-preview:-1\" \/>\n<link rel=\"canonical\" href=\"https:\/\/jornaldasoficinas.com\/pt\/o-verdadeiro-impacto-da-inflacao-com-antonio-morais\/\" \/>\n<meta property=\"og:locale\" content=\"pt_PT\" \/>\n<meta property=\"og:type\" content=\"article\" \/>\n<meta property=\"og:title\" content=\"&quot;O Verdadeiro Impacto da Infla\u00e7\u00e3o\u201d com Ant\u00f3nio Morais - Jornal das Oficinas\" \/>\n<meta property=\"og:description\" content=\"O primeiro convidado desta semana, lida diariamente com as grandes superf\u00edcies portuguesas, de quem estamos a falar? Engenheiro Ant\u00f3nio Trigo Morais\" \/>\n<meta property=\"og:url\" content=\"https:\/\/jornaldasoficinas.com\/pt\/o-verdadeiro-impacto-da-inflacao-com-antonio-morais\/\" \/>\n<meta property=\"og:site_name\" content=\"Jornal das Oficinas\" \/>\n<meta property=\"article:publisher\" content=\"https:\/\/www.facebook.com\/jornaloficinas\" \/>\n<meta property=\"article:published_time\" content=\"2023-02-09T21:00:08+00:00\" \/>\n<meta property=\"article:modified_time\" content=\"2023-03-01T14:01:01+00:00\" \/>\n<meta property=\"og:image\" content=\"https:\/\/jornaldasoficinas.com\/pt\/wp-content\/uploads\/Podcasts\/foto_impacto_da_inflacao_Antonio_morais-04-05.jpg\" \/>\n\t<meta property=\"og:image:width\" content=\"1024\" \/>\n\t<meta property=\"og:image:height\" content=\"581\" \/>\n\t<meta property=\"og:image:type\" content=\"image\/jpeg\" \/>\n<meta name=\"author\" content=\"Reda\u00e7\u00e3o JO\" \/>\n<meta name=\"twitter:card\" content=\"summary_large_image\" \/>\n<meta name=\"twitter:creator\" content=\"@jornaloficinas\" \/>\n<meta name=\"twitter:site\" content=\"@jornaloficinas\" \/>\n<meta name=\"twitter:label1\" content=\"Escrito por\" \/>\n\t<meta name=\"twitter:data1\" content=\"Reda\u00e7\u00e3o JO\" \/>\n<script type=\"application\/ld+json\" class=\"yoast-schema-graph\">{\"@context\":\"https:\\\/\\\/schema.org\",\"@graph\":[{\"@type\":\"Article\",\"@id\":\"https:\\\/\\\/jornaldasoficinas.com\\\/pt\\\/o-verdadeiro-impacto-da-inflacao-com-antonio-morais\\\/#article\",\"isPartOf\":{\"@id\":\"https:\\\/\\\/jornaldasoficinas.com\\\/pt\\\/o-verdadeiro-impacto-da-inflacao-com-antonio-morais\\\/\"},\"author\":{\"name\":\"Reda\u00e7\u00e3o JO\",\"@id\":\"https:\\\/\\\/jornaldasoficinas.com\\\/pt\\\/#\\\/schema\\\/person\\\/a38eef5de2c41d9e7c9ac10141afddf3\"},\"headline\":\"&#8220;O Verdadeiro Impacto da Infla\u00e7\u00e3o\u201d com Ant\u00f3nio Morais\",\"datePublished\":\"2023-02-09T21:00:08+00:00\",\"dateModified\":\"2023-03-01T14:01:01+00:00\",\"mainEntityOfPage\":{\"@id\":\"https:\\\/\\\/jornaldasoficinas.com\\\/pt\\\/o-verdadeiro-impacto-da-inflacao-com-antonio-morais\\\/\"},\"wordCount\":78,\"publisher\":{\"@id\":\"https:\\\/\\\/jornaldasoficinas.com\\\/pt\\\/#organization\"},\"image\":{\"@id\":\"https:\\\/\\\/jornaldasoficinas.com\\\/pt\\\/o-verdadeiro-impacto-da-inflacao-com-antonio-morais\\\/#primaryimage\"},\"thumbnailUrl\":\"https:\\\/\\\/jornaldasoficinas.com\\\/pt\\\/wp-content\\\/uploads\\\/Podcasts\\\/foto_impacto_da_inflacao_Antonio_morais-04-05.jpg\",\"keywords\":[\"Ant\u00f3nio Trigo Morais\",\"Consultor\",\"Impacto da infla\u00e7\u00e3o\",\"Infla\u00e7\u00e3o\",\"Infla\u00e7\u00e3o generalizada\",\"Infla\u00e7\u00e3o nas empresas\",\"Podcast JO\",\"Verdadeiro Impacto\"],\"articleSection\":[\"Podcasts\"],\"inLanguage\":\"pt-PT\"},{\"@type\":\"WebPage\",\"@id\":\"https:\\\/\\\/jornaldasoficinas.com\\\/pt\\\/o-verdadeiro-impacto-da-inflacao-com-antonio-morais\\\/\",\"url\":\"https:\\\/\\\/jornaldasoficinas.com\\\/pt\\\/o-verdadeiro-impacto-da-inflacao-com-antonio-morais\\\/\",\"name\":\"\\\"O Verdadeiro Impacto da Infla\u00e7\u00e3o\u201d com Ant\u00f3nio Morais - Jornal das Oficinas\",\"isPartOf\":{\"@id\":\"https:\\\/\\\/jornaldasoficinas.com\\\/pt\\\/#website\"},\"primaryImageOfPage\":{\"@id\":\"https:\\\/\\\/jornaldasoficinas.com\\\/pt\\\/o-verdadeiro-impacto-da-inflacao-com-antonio-morais\\\/#primaryimage\"},\"image\":{\"@id\":\"https:\\\/\\\/jornaldasoficinas.com\\\/pt\\\/o-verdadeiro-impacto-da-inflacao-com-antonio-morais\\\/#primaryimage\"},\"thumbnailUrl\":\"https:\\\/\\\/jornaldasoficinas.com\\\/pt\\\/wp-content\\\/uploads\\\/Podcasts\\\/foto_impacto_da_inflacao_Antonio_morais-04-05.jpg\",\"datePublished\":\"2023-02-09T21:00:08+00:00\",\"dateModified\":\"2023-03-01T14:01:01+00:00\",\"description\":\"O primeiro convidado desta semana, lida diariamente com as grandes superf\u00edcies portuguesas, de quem estamos a falar? Engenheiro Ant\u00f3nio Trigo Morais\",\"breadcrumb\":{\"@id\":\"https:\\\/\\\/jornaldasoficinas.com\\\/pt\\\/o-verdadeiro-impacto-da-inflacao-com-antonio-morais\\\/#breadcrumb\"},\"inLanguage\":\"pt-PT\",\"potentialAction\":[{\"@type\":\"ReadAction\",\"target\":[\"https:\\\/\\\/jornaldasoficinas.com\\\/pt\\\/o-verdadeiro-impacto-da-inflacao-com-antonio-morais\\\/\"]}]},{\"@type\":\"ImageObject\",\"inLanguage\":\"pt-PT\",\"@id\":\"https:\\\/\\\/jornaldasoficinas.com\\\/pt\\\/o-verdadeiro-impacto-da-inflacao-com-antonio-morais\\\/#primaryimage\",\"url\":\"https:\\\/\\\/jornaldasoficinas.com\\\/pt\\\/wp-content\\\/uploads\\\/Podcasts\\\/foto_impacto_da_inflacao_Antonio_morais-04-05.jpg\",\"contentUrl\":\"https:\\\/\\\/jornaldasoficinas.com\\\/pt\\\/wp-content\\\/uploads\\\/Podcasts\\\/foto_impacto_da_inflacao_Antonio_morais-04-05.jpg\",\"width\":1024,\"height\":581,\"caption\":\"Podcasts - foto_impacto_da_inflacao_Antonio_morais 04 05\"},{\"@type\":\"BreadcrumbList\",\"@id\":\"https:\\\/\\\/jornaldasoficinas.com\\\/pt\\\/o-verdadeiro-impacto-da-inflacao-com-antonio-morais\\\/#breadcrumb\",\"itemListElement\":[{\"@type\":\"ListItem\",\"position\":1,\"name\":\"In\u00edcio\",\"item\":\"https:\\\/\\\/jornaldasoficinas.com\\\/pt\\\/\"},{\"@type\":\"ListItem\",\"position\":2,\"name\":\"&#8220;O Verdadeiro Impacto da Infla\u00e7\u00e3o\u201d com Ant\u00f3nio Morais\"}]},{\"@type\":\"WebSite\",\"@id\":\"https:\\\/\\\/jornaldasoficinas.com\\\/pt\\\/#website\",\"url\":\"https:\\\/\\\/jornaldasoficinas.com\\\/pt\\\/\",\"name\":\"Jornal das Oficinas\",\"description\":\"Jornal independente do Aftermarket Autom\u00f3vel em Portugal\",\"publisher\":{\"@id\":\"https:\\\/\\\/jornaldasoficinas.com\\\/pt\\\/#organization\"},\"potentialAction\":[{\"@type\":\"SearchAction\",\"target\":{\"@type\":\"EntryPoint\",\"urlTemplate\":\"https:\\\/\\\/jornaldasoficinas.com\\\/pt\\\/?s={search_term_string}\"},\"query-input\":{\"@type\":\"PropertyValueSpecification\",\"valueRequired\":true,\"valueName\":\"search_term_string\"}}],\"inLanguage\":\"pt-PT\"},{\"@type\":\"Organization\",\"@id\":\"https:\\\/\\\/jornaldasoficinas.com\\\/pt\\\/#organization\",\"name\":\"Jornal das Oficinas\",\"url\":\"https:\\\/\\\/jornaldasoficinas.com\\\/pt\\\/\",\"logo\":{\"@type\":\"ImageObject\",\"inLanguage\":\"pt-PT\",\"@id\":\"https:\\\/\\\/jornaldasoficinas.com\\\/pt\\\/#\\\/schema\\\/logo\\\/image\\\/\",\"url\":\"https:\\\/\\\/jornaldasoficinas.com\\\/pt\\\/wp-content\\\/uploads\\\/logoJO-SEO.png\",\"contentUrl\":\"https:\\\/\\\/jornaldasoficinas.com\\\/pt\\\/wp-content\\\/uploads\\\/logoJO-SEO.png\",\"width\":285,\"height\":450,\"caption\":\"Jornal das Oficinas\"},\"image\":{\"@id\":\"https:\\\/\\\/jornaldasoficinas.com\\\/pt\\\/#\\\/schema\\\/logo\\\/image\\\/\"},\"sameAs\":[\"https:\\\/\\\/www.facebook.com\\\/jornaloficinas\",\"https:\\\/\\\/x.com\\\/jornaloficinas\",\"https:\\\/\\\/www.instagram.com\\\/jornal_oficinas\\\/\",\"https:\\\/\\\/www.linkedin.com\\\/company\\\/jornal-das-oficinas\\\/\",\"https:\\\/\\\/www.youtube.com\\\/channel\\\/UCbQZBqtcvV-oSQrr7RzINGg\"]},{\"@type\":\"Person\",\"@id\":\"https:\\\/\\\/jornaldasoficinas.com\\\/pt\\\/#\\\/schema\\\/person\\\/a38eef5de2c41d9e7c9ac10141afddf3\",\"name\":\"Reda\u00e7\u00e3o JO\",\"image\":{\"@type\":\"ImageObject\",\"inLanguage\":\"pt-PT\",\"@id\":\"https:\\\/\\\/secure.gravatar.com\\\/avatar\\\/71f2fa71737ad68a84fea94bc708ddac8ea5b0c4788dc2ad202f3ccb2887742f?s=96&d=wp_user_avatar&r=g\",\"url\":\"https:\\\/\\\/secure.gravatar.com\\\/avatar\\\/71f2fa71737ad68a84fea94bc708ddac8ea5b0c4788dc2ad202f3ccb2887742f?s=96&d=wp_user_avatar&r=g\",\"contentUrl\":\"https:\\\/\\\/secure.gravatar.com\\\/avatar\\\/71f2fa71737ad68a84fea94bc708ddac8ea5b0c4788dc2ad202f3ccb2887742f?s=96&d=wp_user_avatar&r=g\",\"caption\":\"Reda\u00e7\u00e3o JO\"},\"url\":\"https:\\\/\\\/jornaldasoficinas.com\\\/pt\\\/author\\\/joredacao\\\/\"}]}<\/script>\n<!-- \/ Yoast SEO plugin. -->","yoast_head_json":{"title":"\"O Verdadeiro Impacto da Infla\u00e7\u00e3o\u201d com Ant\u00f3nio Morais - Jornal das Oficinas","description":"O primeiro convidado desta semana, lida diariamente com as grandes superf\u00edcies portuguesas, de quem estamos a falar? Engenheiro Ant\u00f3nio Trigo Morais","robots":{"index":"index","follow":"follow","max-snippet":"max-snippet:-1","max-image-preview":"max-image-preview:large","max-video-preview":"max-video-preview:-1"},"canonical":"https:\/\/jornaldasoficinas.com\/pt\/o-verdadeiro-impacto-da-inflacao-com-antonio-morais\/","og_locale":"pt_PT","og_type":"article","og_title":"\"O Verdadeiro Impacto da Infla\u00e7\u00e3o\u201d com Ant\u00f3nio Morais - Jornal das Oficinas","og_description":"O primeiro convidado desta semana, lida diariamente com as grandes superf\u00edcies portuguesas, de quem estamos a falar? Engenheiro Ant\u00f3nio Trigo Morais","og_url":"https:\/\/jornaldasoficinas.com\/pt\/o-verdadeiro-impacto-da-inflacao-com-antonio-morais\/","og_site_name":"Jornal das Oficinas","article_publisher":"https:\/\/www.facebook.com\/jornaloficinas","article_published_time":"2023-02-09T21:00:08+00:00","article_modified_time":"2023-03-01T14:01:01+00:00","og_image":[{"width":1024,"height":581,"url":"https:\/\/jornaldasoficinas.com\/pt\/wp-content\/uploads\/Podcasts\/foto_impacto_da_inflacao_Antonio_morais-04-05.jpg","type":"image\/jpeg"}],"author":"Reda\u00e7\u00e3o JO","twitter_card":"summary_large_image","twitter_creator":"@jornaloficinas","twitter_site":"@jornaloficinas","twitter_misc":{"Escrito por":"Reda\u00e7\u00e3o JO"},"schema":{"@context":"https:\/\/schema.org","@graph":[{"@type":"Article","@id":"https:\/\/jornaldasoficinas.com\/pt\/o-verdadeiro-impacto-da-inflacao-com-antonio-morais\/#article","isPartOf":{"@id":"https:\/\/jornaldasoficinas.com\/pt\/o-verdadeiro-impacto-da-inflacao-com-antonio-morais\/"},"author":{"name":"Reda\u00e7\u00e3o JO","@id":"https:\/\/jornaldasoficinas.com\/pt\/#\/schema\/person\/a38eef5de2c41d9e7c9ac10141afddf3"},"headline":"&#8220;O Verdadeiro Impacto da Infla\u00e7\u00e3o\u201d com Ant\u00f3nio Morais","datePublished":"2023-02-09T21:00:08+00:00","dateModified":"2023-03-01T14:01:01+00:00","mainEntityOfPage":{"@id":"https:\/\/jornaldasoficinas.com\/pt\/o-verdadeiro-impacto-da-inflacao-com-antonio-morais\/"},"wordCount":78,"publisher":{"@id":"https:\/\/jornaldasoficinas.com\/pt\/#organization"},"image":{"@id":"https:\/\/jornaldasoficinas.com\/pt\/o-verdadeiro-impacto-da-inflacao-com-antonio-morais\/#primaryimage"},"thumbnailUrl":"https:\/\/jornaldasoficinas.com\/pt\/wp-content\/uploads\/Podcasts\/foto_impacto_da_inflacao_Antonio_morais-04-05.jpg","keywords":["Ant\u00f3nio Trigo Morais","Consultor","Impacto da infla\u00e7\u00e3o","Infla\u00e7\u00e3o","Infla\u00e7\u00e3o generalizada","Infla\u00e7\u00e3o nas empresas","Podcast JO","Verdadeiro Impacto"],"articleSection":["Podcasts"],"inLanguage":"pt-PT"},{"@type":"WebPage","@id":"https:\/\/jornaldasoficinas.com\/pt\/o-verdadeiro-impacto-da-inflacao-com-antonio-morais\/","url":"https:\/\/jornaldasoficinas.com\/pt\/o-verdadeiro-impacto-da-inflacao-com-antonio-morais\/","name":"\"O Verdadeiro Impacto da Infla\u00e7\u00e3o\u201d com Ant\u00f3nio Morais - Jornal das Oficinas","isPartOf":{"@id":"https:\/\/jornaldasoficinas.com\/pt\/#website"},"primaryImageOfPage":{"@id":"https:\/\/jornaldasoficinas.com\/pt\/o-verdadeiro-impacto-da-inflacao-com-antonio-morais\/#primaryimage"},"image":{"@id":"https:\/\/jornaldasoficinas.com\/pt\/o-verdadeiro-impacto-da-inflacao-com-antonio-morais\/#primaryimage"},"thumbnailUrl":"https:\/\/jornaldasoficinas.com\/pt\/wp-content\/uploads\/Podcasts\/foto_impacto_da_inflacao_Antonio_morais-04-05.jpg","datePublished":"2023-02-09T21:00:08+00:00","dateModified":"2023-03-01T14:01:01+00:00","description":"O primeiro convidado desta semana, lida diariamente com as grandes superf\u00edcies portuguesas, de quem estamos a falar? Engenheiro Ant\u00f3nio Trigo Morais","breadcrumb":{"@id":"https:\/\/jornaldasoficinas.com\/pt\/o-verdadeiro-impacto-da-inflacao-com-antonio-morais\/#breadcrumb"},"inLanguage":"pt-PT","potentialAction":[{"@type":"ReadAction","target":["https:\/\/jornaldasoficinas.com\/pt\/o-verdadeiro-impacto-da-inflacao-com-antonio-morais\/"]}]},{"@type":"ImageObject","inLanguage":"pt-PT","@id":"https:\/\/jornaldasoficinas.com\/pt\/o-verdadeiro-impacto-da-inflacao-com-antonio-morais\/#primaryimage","url":"https:\/\/jornaldasoficinas.com\/pt\/wp-content\/uploads\/Podcasts\/foto_impacto_da_inflacao_Antonio_morais-04-05.jpg","contentUrl":"https:\/\/jornaldasoficinas.com\/pt\/wp-content\/uploads\/Podcasts\/foto_impacto_da_inflacao_Antonio_morais-04-05.jpg","width":1024,"height":581,"caption":"Podcasts - foto_impacto_da_inflacao_Antonio_morais 04 05"},{"@type":"BreadcrumbList","@id":"https:\/\/jornaldasoficinas.com\/pt\/o-verdadeiro-impacto-da-inflacao-com-antonio-morais\/#breadcrumb","itemListElement":[{"@type":"ListItem","position":1,"name":"In\u00edcio","item":"https:\/\/jornaldasoficinas.com\/pt\/"},{"@type":"ListItem","position":2,"name":"&#8220;O Verdadeiro Impacto da Infla\u00e7\u00e3o\u201d com Ant\u00f3nio Morais"}]},{"@type":"WebSite","@id":"https:\/\/jornaldasoficinas.com\/pt\/#website","url":"https:\/\/jornaldasoficinas.com\/pt\/","name":"Jornal das Oficinas","description":"Jornal independente do Aftermarket Autom\u00f3vel em Portugal","publisher":{"@id":"https:\/\/jornaldasoficinas.com\/pt\/#organization"},"potentialAction":[{"@type":"SearchAction","target":{"@type":"EntryPoint","urlTemplate":"https:\/\/jornaldasoficinas.com\/pt\/?s={search_term_string}"},"query-input":{"@type":"PropertyValueSpecification","valueRequired":true,"valueName":"search_term_string"}}],"inLanguage":"pt-PT"},{"@type":"Organization","@id":"https:\/\/jornaldasoficinas.com\/pt\/#organization","name":"Jornal das Oficinas","url":"https:\/\/jornaldasoficinas.com\/pt\/","logo":{"@type":"ImageObject","inLanguage":"pt-PT","@id":"https:\/\/jornaldasoficinas.com\/pt\/#\/schema\/logo\/image\/","url":"https:\/\/jornaldasoficinas.com\/pt\/wp-content\/uploads\/logoJO-SEO.png","contentUrl":"https:\/\/jornaldasoficinas.com\/pt\/wp-content\/uploads\/logoJO-SEO.png","width":285,"height":450,"caption":"Jornal das Oficinas"},"image":{"@id":"https:\/\/jornaldasoficinas.com\/pt\/#\/schema\/logo\/image\/"},"sameAs":["https:\/\/www.facebook.com\/jornaloficinas","https:\/\/x.com\/jornaloficinas","https:\/\/www.instagram.com\/jornal_oficinas\/","https:\/\/www.linkedin.com\/company\/jornal-das-oficinas\/","https:\/\/www.youtube.com\/channel\/UCbQZBqtcvV-oSQrr7RzINGg"]},{"@type":"Person","@id":"https:\/\/jornaldasoficinas.com\/pt\/#\/schema\/person\/a38eef5de2c41d9e7c9ac10141afddf3","name":"Reda\u00e7\u00e3o JO","image":{"@type":"ImageObject","inLanguage":"pt-PT","@id":"https:\/\/secure.gravatar.com\/avatar\/71f2fa71737ad68a84fea94bc708ddac8ea5b0c4788dc2ad202f3ccb2887742f?s=96&d=wp_user_avatar&r=g","url":"https:\/\/secure.gravatar.com\/avatar\/71f2fa71737ad68a84fea94bc708ddac8ea5b0c4788dc2ad202f3ccb2887742f?s=96&d=wp_user_avatar&r=g","contentUrl":"https:\/\/secure.gravatar.com\/avatar\/71f2fa71737ad68a84fea94bc708ddac8ea5b0c4788dc2ad202f3ccb2887742f?s=96&d=wp_user_avatar&r=g","caption":"Reda\u00e7\u00e3o JO"},"url":"https:\/\/jornaldasoficinas.com\/pt\/author\/joredacao\/"}]}},"_links":{"self":[{"href":"https:\/\/jornaldasoficinas.com\/pt\/wp-json\/wp\/v2\/posts\/61886","targetHints":{"allow":["GET"]}}],"collection":[{"href":"https:\/\/jornaldasoficinas.com\/pt\/wp-json\/wp\/v2\/posts"}],"about":[{"href":"https:\/\/jornaldasoficinas.com\/pt\/wp-json\/wp\/v2\/types\/post"}],"author":[{"embeddable":true,"href":"https:\/\/jornaldasoficinas.com\/pt\/wp-json\/wp\/v2\/users\/15"}],"replies":[{"embeddable":true,"href":"https:\/\/jornaldasoficinas.com\/pt\/wp-json\/wp\/v2\/comments?post=61886"}],"version-history":[{"count":0,"href":"https:\/\/jornaldasoficinas.com\/pt\/wp-json\/wp\/v2\/posts\/61886\/revisions"}],"wp:featuredmedia":[{"embeddable":true,"href":"https:\/\/jornaldasoficinas.com\/pt\/wp-json\/wp\/v2\/media\/61888"}],"wp:attachment":[{"href":"https:\/\/jornaldasoficinas.com\/pt\/wp-json\/wp\/v2\/media?parent=61886"}],"wp:term":[{"taxonomy":"category","embeddable":true,"href":"https:\/\/jornaldasoficinas.com\/pt\/wp-json\/wp\/v2\/categories?post=61886"},{"taxonomy":"post_tag","embeddable":true,"href":"https:\/\/jornaldasoficinas.com\/pt\/wp-json\/wp\/v2\/tags?post=61886"}],"curies":[{"name":"wp","href":"https:\/\/api.w.org\/{rel}","templated":true}]}}