{"id":61938,"date":"2023-02-10T19:00:18","date_gmt":"2023-02-10T19:00:18","guid":{"rendered":"https:\/\/jornaldasoficinas.com\/pt\/?p=61938"},"modified":"2023-02-10T19:38:30","modified_gmt":"2023-02-10T19:38:30","slug":"napa-chega-a-portugal-pela-soulima","status":"publish","type":"post","link":"https:\/\/jornaldasoficinas.com\/pt\/napa-chega-a-portugal-pela-soulima\/","title":{"rendered":"NAPA chega a Portugal pela Soulima"},"content":{"rendered":"<p><img loading=\"lazy\" decoding=\"async\" class=\"alignnone size-full wp-image-61959\" src=\"https:\/\/jornaldasoficinas.com\/pt\/wp-content\/uploads\/2023\/02\/NAPA-chega-a-Portugal-pela-Soulima.jpg\" alt=\"02 - NAPA chega a Portugal pela Soulima\" width=\"1024\" height=\"581\" srcset=\"https:\/\/jornaldasoficinas.com\/pt\/wp-content\/uploads\/2023\/02\/NAPA-chega-a-Portugal-pela-Soulima.jpg 1024w, https:\/\/jornaldasoficinas.com\/pt\/wp-content\/uploads\/2023\/02\/NAPA-chega-a-Portugal-pela-Soulima-300x170.jpg 300w, https:\/\/jornaldasoficinas.com\/pt\/wp-content\/uploads\/2023\/02\/NAPA-chega-a-Portugal-pela-Soulima-150x85.jpg 150w, https:\/\/jornaldasoficinas.com\/pt\/wp-content\/uploads\/2023\/02\/NAPA-chega-a-Portugal-pela-Soulima-768x436.jpg 768w\" sizes=\"auto, (max-width: 1024px) 100vw, 1024px\" \/><\/p>\n<p><strong>A ic\u00f3nica marca de pe\u00e7as americana <a href=\"https:\/\/napaautoparts.eu\/\" target=\"_blank\" rel=\"noopener\">NAPA<\/a> chega a Portugal atrav\u00e9s da <a href=\"http:\/\/www.soulima.pt\/index.php\" target=\"_blank\" rel=\"noopener\">Soulima<\/a>, com uma estrat\u00e9gia bem definida para introduzir pelo menos 15 linhas de produtos durante 2023<\/strong><\/p>\n<p>A NAPA, marca ic\u00f3nica do aftermarket nos Estados Unidos chegou \u00e0 Pen\u00ednsula Ib\u00e9rica atrav\u00e9s da <a href=\"https:\/\/www.lausan.es\/\" target=\"_blank\" rel=\"noopener\">Lausan<\/a> e Soulima, distribuidores de pe\u00e7as aftermarket adquiridas em Abril de 2022 pela <a href=\"https:\/\/allianceautomotivegroup.eu\/\" target=\"_blank\" rel=\"noopener\">Alliance Automotive Group<\/a> (AAG), o grupo internacional que, por sua vez, foi adquirido pelo grupo americano <a href=\"https:\/\/www.genpt.com\/\" target=\"_blank\" rel=\"noopener\">Genuine Parts Company<\/a> (GPC), propriet\u00e1rio da marca NAPA, desde 2017.<\/p>\n<p>Na apresenta\u00e7\u00e3o \u00e0 imprensa, realizada no passado dia 9 de fevereiro na filial de Lausan em San Fernando de Henares (Madrid), Nacho Pernas, diretor executivo da Lausan, Frank Baudel, CEO da Allliance Automotive Group Europe e Clemente Lobato, diretor comercial da AAG Iberia, foram encarregados de apresentar a marca aos meios de comunica\u00e7\u00e3o especializados em Espanha e Portugal. Hugo Tavares e Rui Fernandes, respetivamente diretor geral e diretor de marketing da Soulima, estiveram tamb\u00e9m presentes.<\/p>\n<p>Nacho Pernas come\u00e7ou por apresentar a NAPA, que \u00e9 a marca privada mais vendida nos EUA e propriedade do maior distribuidor mundial de pe\u00e7as aftermarket, a GPC \u2013 Genuine Parts Company, com um volume de neg\u00f3cios de 22.000 milh\u00f5es de d\u00f3lares e mais de 53.000 colaboradores. Distribu\u00edda na Am\u00e9rica do Norte atrav\u00e9s de mais de 6.000 lojas, a marca j\u00e1 se encontra presente na Europa desde 2017, ano em que a GPC adquiriu a Alliance Automotive Group (AAG). Na Europa, desde o in\u00edcio da sua comercializa\u00e7\u00e3o, a marca NAPA teve um volume de neg\u00f3cios de mais de 310 milh\u00f5es de euros, o que representa cerca de 10% dos cerca de 3,1 mil milh\u00f5es de euros do volume de neg\u00f3cios da Alliance Automotive Group (AAG) em 2022.<\/p>\n<p>A entrada da marca no mercado ib\u00e9rico atrav\u00e9s da Lausan (Espanha) e Soulima (Portugal), vai exigir uma redefini\u00e7\u00e3o do modelo log\u00edstico para torn\u00e1-lo mais eficiente e permitir ter economias de escala, devido ao elevado n\u00famero de gamas e refer\u00eancias que ir\u00e3o estar dispon\u00edveis nos pr\u00f3ximos tempos. Embora ainda longe dos 500.000 produtos que a NAPA tem nos EUA, na Europa j\u00e1 trabalha com 30 linhas de produtos diferentes, que incluem as pe\u00e7as que representam 80% das compras de qualquer oficina, designadamente: filtros, trav\u00f5es, baterias, lubrificantes e embraiagens, entre outros.<\/p>\n<p>Na Pen\u00ednsula Ib\u00e9rica, a NAPA ser\u00e1 introduzida com 15 linhas de produtos em 2023. No primeiro trimestre ser\u00e3o discos de trav\u00e3o, anticongelantes, baterias, \u00f3leos e escovas limpa-vidros. No segundo trimestre ser\u00e3o adicionadas as fam\u00edlias de kits de distribui\u00e7\u00e3o, bra\u00e7os\/r\u00f3tulas e filtros. No terceiro trimestre do ano ser\u00e1 a vez dos equipamentos, amortecedores e rolamentos, terminando 2023 com a adi\u00e7\u00e3o de term\u00f3statos, l\u00e2mpadas e embraiagens.<\/p>\n<p>Relativamente ao modo de distribui\u00e7\u00e3o, Pernas salientou que &#8220;haver\u00e1 lojas NAPA na Europa, mas a estrat\u00e9gia da AAG \u00e9 permanecer no mercado europeu como uma empresa de distribui\u00e7\u00e3o baseada em marcas premium. Em todos os mercados, a entrada da marca tem alavancado a vendas das pe\u00e7as premium, pelo que iremos manter este modelo. Noventa por cento das vendas europeias da AAG ser\u00e3o provenientes de marcas premium e dez por cento da nova marca pr\u00f3pria&#8221;.<\/p>\n<p>Nacho Pernas, disse que com o plano em vigor, a presen\u00e7a do grupo no mercado ib\u00e9rico duplicar\u00e1 em dois anos, com base em novas aquisi\u00e7\u00f5es, que poder\u00e3o incluir empresas de distribui\u00e7\u00e3o de pe\u00e7as sobressalentes que tenham enviado pedidos \u00e0 AAG Iberia interessadas em fazer parte do projeto.<\/p>\n<p><strong>Aquisi\u00e7\u00f5es v\u00e3o continuar<br \/>\n<\/strong>Na apresenta\u00e7\u00e3o da marca NAPA para o mercado ib\u00e9rico, Franck Baduel, CEO Europa da Alliance Automotive Group, falou muito claramente \u00e0 imprensa sobre os planos do gigante europeu. &#8220;Vamos continuar a comprar empresas de distribui\u00e7\u00e3o tanto em Espanha como em Portugal&#8221;. O objetivo \u00e9 que a AAG Iberia (Lausan + Soulima) atinja 150 milh\u00f5es de euros de volume de neg\u00f3cios no final deste ano. A aquisi\u00e7\u00e3o de grandes distribuidores \u00e9 o projeto da AAG em toda a Europa.<\/p>\n<p>Franck Baduel anunciou que a AAG Europe fechou o ano 2022 com uma fatura\u00e7\u00e3o hist\u00f3rica de mais de 3,1 mil milh\u00f5es de euros, gra\u00e7as em grande parte \u00e0 aquisi\u00e7\u00e3o de dezasseis empresas de distribui\u00e7\u00e3o de pe\u00e7as aftermarket no Velho Continente. As transa\u00e7\u00f5es mais importantes foram as de Lausan, Soulima e Knoll na Alemanha, esta \u00faltima de dimens\u00e3o semelhante \u00e0 de Lausan, e 2023 come\u00e7ou com a compra de mais quatro empresas (tr\u00eas na Holanda e uma em Fran\u00e7a) e v\u00e3o ser fechados mais acordos m\u00eas a m\u00eas para aumentar este crescimento inorg\u00e2nico.<\/p>\n<p>Franck Baduel afirmou estar muito satisfeito com o desempenho da Lausan e Soulima: &#8220;As expetativas iniciais foram excedidas, s\u00e3o duas empresas com muito potencial e uma carteira consolidada de 20.000 clientes, o que nos permitir\u00e1 desenvolver com sucesso todos os projetos que temos em curso&#8221;.\u00a0 Para este respons\u00e1vel, a \u201cNAPA \u00e9 um fator de diferencia\u00e7\u00e3o, pois n\u00e3o existe outra marca na Europa t\u00e3o poderosa e j\u00e1 est\u00e1 a ter um tremendo sucesso, excedendo todas as expectativas. Especificamente, j\u00e1 est\u00e1 a ser distribu\u00edda em seis pa\u00edses (It\u00e1lia, Reino Unido, Fran\u00e7a, Holanda, Alemanha e B\u00e9lgica), aos quais a Espanha e Portugal foram agora acrescentados\u201d.<\/p>\n<p><strong>Mais do que uma marca<br \/>\n<\/strong>Por sua vez, Clemente Lobato, diretor comercial da AAG Iberia, tamb\u00e9m apresentou alguns dados sobre a dimens\u00e3o da marca e da sua cultura empresarial, que \u00e9 muito focada na proximidade com o cliente e na for\u00e7a da sua imagem \u201cMais de 90% da popula\u00e7\u00e3o dos Estados Unidos conhece a marca. A NAPA \u00e9 mais uma cultura do que uma marca em si, o que se pode ver no grande evento Expo NAPA 2022, realizado em Las Vegas, que reuniu mais de 18.000 clientes e muitas marcas premium que tamb\u00e9m quiseram estar presentes a apresentar os seus produtos.<\/p>\n<p>Na Pen\u00ednsula Ib\u00e9rica queremos transmitir que se trata da marca privada mais importante do mundo. Um dos conceitos que a marca desenvolve \u00e9 conhecido como NAPA Know How, fornecendo informa\u00e7\u00e3o t\u00e9cnica para ajudar o profissional a p\u00f4r em pr\u00e1tica a manuten\u00e7\u00e3o ou repara\u00e7\u00e3o do ve\u00edculo com garantias de fazer um trabalho correto.<\/p>\n<p>Al\u00e9m disso, esta estrat\u00e9gia estabelece como prioridade &#8220;ter uma equipa de profissionais que saibam o que os nossos clientes precisam para adaptar os nossos conhecimentos a essas necessidades. Desta forma ajudamos a sua efici\u00eancia e os seus resultados econ\u00f3micos&#8221;, explicou Clemente Lobato.<\/p>\n<p>&nbsp;<\/p>\n","protected":false},"excerpt":{"rendered":"<p>A ic\u00f3nica marca de pe\u00e7as americana&#8230;<\/p>\n","protected":false},"author":15,"featured_media":61959,"comment_status":"closed","ping_status":"closed","sticky":false,"template":"","format":"standard","meta":{"footnotes":""},"categories":[29],"tags":[4144,4142,4151,4146,4147,4145,4143,4148,4150,4140,4141,4149,742],"class_list":["post-61938","post","type-post","status-publish","format-standard","has-post-thumbnail","hentry","category-empresas","tag-9-de-fevereiro","tag-aag","tag-aquisicoes","tag-ceo-da-aag","tag-clemente-lobato","tag-frank-baudel","tag-gpc","tag-hugo-tavares","tag-nacho-pernas","tag-napa","tag-nova-marca","tag-rui-fernandes","tag-soulima"],"yoast_head":"<!-- This site is optimized with the Yoast SEO plugin v27.4 - https:\/\/yoast.com\/product\/yoast-seo-wordpress\/ -->\n<title>NAPA chega a Portugal pela Soulima - Jornal das Oficinas<\/title>\n<meta name=\"description\" content=\"A ic\u00f3nica marca de pe\u00e7as americana NAPA chega a Portugal atrav\u00e9s da Soulima, com uma estrat\u00e9gia bem definida\" \/>\n<meta name=\"robots\" content=\"index, follow, max-snippet:-1, max-image-preview:large, max-video-preview:-1\" \/>\n<link rel=\"canonical\" href=\"https:\/\/jornaldasoficinas.com\/pt\/napa-chega-a-portugal-pela-soulima\/\" \/>\n<meta property=\"og:locale\" content=\"pt_PT\" \/>\n<meta property=\"og:type\" content=\"article\" \/>\n<meta property=\"og:title\" content=\"NAPA chega a Portugal pela Soulima - Jornal das Oficinas\" \/>\n<meta property=\"og:description\" content=\"A ic\u00f3nica marca de pe\u00e7as americana NAPA chega a Portugal atrav\u00e9s da Soulima, com uma estrat\u00e9gia bem definida\" \/>\n<meta property=\"og:url\" content=\"https:\/\/jornaldasoficinas.com\/pt\/napa-chega-a-portugal-pela-soulima\/\" \/>\n<meta property=\"og:site_name\" content=\"Jornal das Oficinas\" \/>\n<meta property=\"article:publisher\" content=\"https:\/\/www.facebook.com\/jornaloficinas\" \/>\n<meta property=\"article:published_time\" content=\"2023-02-10T19:00:18+00:00\" \/>\n<meta property=\"article:modified_time\" content=\"2023-02-10T19:38:30+00:00\" \/>\n<meta property=\"og:image\" content=\"https:\/\/jornaldasoficinas.com\/pt\/wp-content\/uploads\/2023\/02\/NAPA-chega-a-Portugal-pela-Soulima.jpg\" \/>\n\t<meta property=\"og:image:width\" content=\"1024\" \/>\n\t<meta property=\"og:image:height\" content=\"581\" \/>\n\t<meta property=\"og:image:type\" content=\"image\/jpeg\" \/>\n<meta name=\"author\" content=\"Reda\u00e7\u00e3o JO\" \/>\n<meta name=\"twitter:card\" content=\"summary_large_image\" \/>\n<meta name=\"twitter:creator\" content=\"@jornaloficinas\" \/>\n<meta name=\"twitter:site\" content=\"@jornaloficinas\" \/>\n<meta name=\"twitter:label1\" content=\"Escrito por\" \/>\n\t<meta name=\"twitter:data1\" content=\"Reda\u00e7\u00e3o JO\" \/>\n\t<meta name=\"twitter:label2\" content=\"Tempo estimado de leitura\" \/>\n\t<meta name=\"twitter:data2\" content=\"6 minutos\" \/>\n<script type=\"application\/ld+json\" class=\"yoast-schema-graph\">{\"@context\":\"https:\\\/\\\/schema.org\",\"@graph\":[{\"@type\":\"Article\",\"@id\":\"https:\\\/\\\/jornaldasoficinas.com\\\/pt\\\/napa-chega-a-portugal-pela-soulima\\\/#article\",\"isPartOf\":{\"@id\":\"https:\\\/\\\/jornaldasoficinas.com\\\/pt\\\/napa-chega-a-portugal-pela-soulima\\\/\"},\"author\":{\"name\":\"Reda\u00e7\u00e3o JO\",\"@id\":\"https:\\\/\\\/jornaldasoficinas.com\\\/pt\\\/#\\\/schema\\\/person\\\/a38eef5de2c41d9e7c9ac10141afddf3\"},\"headline\":\"NAPA chega a Portugal pela Soulima\",\"datePublished\":\"2023-02-10T19:00:18+00:00\",\"dateModified\":\"2023-02-10T19:38:30+00:00\",\"mainEntityOfPage\":{\"@id\":\"https:\\\/\\\/jornaldasoficinas.com\\\/pt\\\/napa-chega-a-portugal-pela-soulima\\\/\"},\"wordCount\":1108,\"publisher\":{\"@id\":\"https:\\\/\\\/jornaldasoficinas.com\\\/pt\\\/#organization\"},\"image\":{\"@id\":\"https:\\\/\\\/jornaldasoficinas.com\\\/pt\\\/napa-chega-a-portugal-pela-soulima\\\/#primaryimage\"},\"thumbnailUrl\":\"https:\\\/\\\/jornaldasoficinas.com\\\/pt\\\/wp-content\\\/uploads\\\/2023\\\/02\\\/NAPA-chega-a-Portugal-pela-Soulima.jpg\",\"keywords\":[\"9 de fevereiro\",\"AAG\",\"Aquisi\u00e7\u00f5es\",\"CEO da AAG\",\"Clemente Lobato\",\"Frank Baudel\",\"GPC\",\"Hugo Tavares\",\"Nacho Pernas\",\"NAPA\",\"Nova marca\",\"Rui Fernandes\",\"Soulima\"],\"articleSection\":[\"Empresas\"],\"inLanguage\":\"pt-PT\"},{\"@type\":\"WebPage\",\"@id\":\"https:\\\/\\\/jornaldasoficinas.com\\\/pt\\\/napa-chega-a-portugal-pela-soulima\\\/\",\"url\":\"https:\\\/\\\/jornaldasoficinas.com\\\/pt\\\/napa-chega-a-portugal-pela-soulima\\\/\",\"name\":\"NAPA chega a Portugal pela Soulima - Jornal das Oficinas\",\"isPartOf\":{\"@id\":\"https:\\\/\\\/jornaldasoficinas.com\\\/pt\\\/#website\"},\"primaryImageOfPage\":{\"@id\":\"https:\\\/\\\/jornaldasoficinas.com\\\/pt\\\/napa-chega-a-portugal-pela-soulima\\\/#primaryimage\"},\"image\":{\"@id\":\"https:\\\/\\\/jornaldasoficinas.com\\\/pt\\\/napa-chega-a-portugal-pela-soulima\\\/#primaryimage\"},\"thumbnailUrl\":\"https:\\\/\\\/jornaldasoficinas.com\\\/pt\\\/wp-content\\\/uploads\\\/2023\\\/02\\\/NAPA-chega-a-Portugal-pela-Soulima.jpg\",\"datePublished\":\"2023-02-10T19:00:18+00:00\",\"dateModified\":\"2023-02-10T19:38:30+00:00\",\"description\":\"A ic\u00f3nica marca de pe\u00e7as americana NAPA chega a Portugal atrav\u00e9s da Soulima, com uma estrat\u00e9gia bem definida\",\"breadcrumb\":{\"@id\":\"https:\\\/\\\/jornaldasoficinas.com\\\/pt\\\/napa-chega-a-portugal-pela-soulima\\\/#breadcrumb\"},\"inLanguage\":\"pt-PT\",\"potentialAction\":[{\"@type\":\"ReadAction\",\"target\":[\"https:\\\/\\\/jornaldasoficinas.com\\\/pt\\\/napa-chega-a-portugal-pela-soulima\\\/\"]}]},{\"@type\":\"ImageObject\",\"inLanguage\":\"pt-PT\",\"@id\":\"https:\\\/\\\/jornaldasoficinas.com\\\/pt\\\/napa-chega-a-portugal-pela-soulima\\\/#primaryimage\",\"url\":\"https:\\\/\\\/jornaldasoficinas.com\\\/pt\\\/wp-content\\\/uploads\\\/2023\\\/02\\\/NAPA-chega-a-Portugal-pela-Soulima.jpg\",\"contentUrl\":\"https:\\\/\\\/jornaldasoficinas.com\\\/pt\\\/wp-content\\\/uploads\\\/2023\\\/02\\\/NAPA-chega-a-Portugal-pela-Soulima.jpg\",\"width\":1024,\"height\":581,\"caption\":\"02 - NAPA chega a Portugal pela Soulima\"},{\"@type\":\"BreadcrumbList\",\"@id\":\"https:\\\/\\\/jornaldasoficinas.com\\\/pt\\\/napa-chega-a-portugal-pela-soulima\\\/#breadcrumb\",\"itemListElement\":[{\"@type\":\"ListItem\",\"position\":1,\"name\":\"In\u00edcio\",\"item\":\"https:\\\/\\\/jornaldasoficinas.com\\\/pt\\\/\"},{\"@type\":\"ListItem\",\"position\":2,\"name\":\"NAPA chega a Portugal pela Soulima\"}]},{\"@type\":\"WebSite\",\"@id\":\"https:\\\/\\\/jornaldasoficinas.com\\\/pt\\\/#website\",\"url\":\"https:\\\/\\\/jornaldasoficinas.com\\\/pt\\\/\",\"name\":\"Jornal das Oficinas\",\"description\":\"Jornal independente do Aftermarket Autom\u00f3vel em Portugal\",\"publisher\":{\"@id\":\"https:\\\/\\\/jornaldasoficinas.com\\\/pt\\\/#organization\"},\"potentialAction\":[{\"@type\":\"SearchAction\",\"target\":{\"@type\":\"EntryPoint\",\"urlTemplate\":\"https:\\\/\\\/jornaldasoficinas.com\\\/pt\\\/?s={search_term_string}\"},\"query-input\":{\"@type\":\"PropertyValueSpecification\",\"valueRequired\":true,\"valueName\":\"search_term_string\"}}],\"inLanguage\":\"pt-PT\"},{\"@type\":\"Organization\",\"@id\":\"https:\\\/\\\/jornaldasoficinas.com\\\/pt\\\/#organization\",\"name\":\"Jornal das Oficinas\",\"url\":\"https:\\\/\\\/jornaldasoficinas.com\\\/pt\\\/\",\"logo\":{\"@type\":\"ImageObject\",\"inLanguage\":\"pt-PT\",\"@id\":\"https:\\\/\\\/jornaldasoficinas.com\\\/pt\\\/#\\\/schema\\\/logo\\\/image\\\/\",\"url\":\"https:\\\/\\\/jornaldasoficinas.com\\\/pt\\\/wp-content\\\/uploads\\\/logoJO-SEO.png\",\"contentUrl\":\"https:\\\/\\\/jornaldasoficinas.com\\\/pt\\\/wp-content\\\/uploads\\\/logoJO-SEO.png\",\"width\":285,\"height\":450,\"caption\":\"Jornal das Oficinas\"},\"image\":{\"@id\":\"https:\\\/\\\/jornaldasoficinas.com\\\/pt\\\/#\\\/schema\\\/logo\\\/image\\\/\"},\"sameAs\":[\"https:\\\/\\\/www.facebook.com\\\/jornaloficinas\",\"https:\\\/\\\/x.com\\\/jornaloficinas\",\"https:\\\/\\\/www.instagram.com\\\/jornal_oficinas\\\/\",\"https:\\\/\\\/www.linkedin.com\\\/company\\\/jornal-das-oficinas\\\/\",\"https:\\\/\\\/www.youtube.com\\\/channel\\\/UCbQZBqtcvV-oSQrr7RzINGg\"]},{\"@type\":\"Person\",\"@id\":\"https:\\\/\\\/jornaldasoficinas.com\\\/pt\\\/#\\\/schema\\\/person\\\/a38eef5de2c41d9e7c9ac10141afddf3\",\"name\":\"Reda\u00e7\u00e3o JO\",\"image\":{\"@type\":\"ImageObject\",\"inLanguage\":\"pt-PT\",\"@id\":\"https:\\\/\\\/secure.gravatar.com\\\/avatar\\\/71f2fa71737ad68a84fea94bc708ddac8ea5b0c4788dc2ad202f3ccb2887742f?s=96&d=wp_user_avatar&r=g\",\"url\":\"https:\\\/\\\/secure.gravatar.com\\\/avatar\\\/71f2fa71737ad68a84fea94bc708ddac8ea5b0c4788dc2ad202f3ccb2887742f?s=96&d=wp_user_avatar&r=g\",\"contentUrl\":\"https:\\\/\\\/secure.gravatar.com\\\/avatar\\\/71f2fa71737ad68a84fea94bc708ddac8ea5b0c4788dc2ad202f3ccb2887742f?s=96&d=wp_user_avatar&r=g\",\"caption\":\"Reda\u00e7\u00e3o JO\"},\"url\":\"https:\\\/\\\/jornaldasoficinas.com\\\/pt\\\/author\\\/joredacao\\\/\"}]}<\/script>\n<!-- \/ Yoast SEO plugin. -->","yoast_head_json":{"title":"NAPA chega a Portugal pela Soulima - Jornal das Oficinas","description":"A ic\u00f3nica marca de pe\u00e7as americana NAPA chega a Portugal atrav\u00e9s da Soulima, com uma estrat\u00e9gia bem definida","robots":{"index":"index","follow":"follow","max-snippet":"max-snippet:-1","max-image-preview":"max-image-preview:large","max-video-preview":"max-video-preview:-1"},"canonical":"https:\/\/jornaldasoficinas.com\/pt\/napa-chega-a-portugal-pela-soulima\/","og_locale":"pt_PT","og_type":"article","og_title":"NAPA chega a Portugal pela Soulima - Jornal das Oficinas","og_description":"A ic\u00f3nica marca de pe\u00e7as americana NAPA chega a Portugal atrav\u00e9s da Soulima, com uma estrat\u00e9gia bem definida","og_url":"https:\/\/jornaldasoficinas.com\/pt\/napa-chega-a-portugal-pela-soulima\/","og_site_name":"Jornal das Oficinas","article_publisher":"https:\/\/www.facebook.com\/jornaloficinas","article_published_time":"2023-02-10T19:00:18+00:00","article_modified_time":"2023-02-10T19:38:30+00:00","og_image":[{"width":1024,"height":581,"url":"https:\/\/jornaldasoficinas.com\/pt\/wp-content\/uploads\/2023\/02\/NAPA-chega-a-Portugal-pela-Soulima.jpg","type":"image\/jpeg"}],"author":"Reda\u00e7\u00e3o JO","twitter_card":"summary_large_image","twitter_creator":"@jornaloficinas","twitter_site":"@jornaloficinas","twitter_misc":{"Escrito por":"Reda\u00e7\u00e3o JO","Tempo estimado de leitura":"6 minutos"},"schema":{"@context":"https:\/\/schema.org","@graph":[{"@type":"Article","@id":"https:\/\/jornaldasoficinas.com\/pt\/napa-chega-a-portugal-pela-soulima\/#article","isPartOf":{"@id":"https:\/\/jornaldasoficinas.com\/pt\/napa-chega-a-portugal-pela-soulima\/"},"author":{"name":"Reda\u00e7\u00e3o JO","@id":"https:\/\/jornaldasoficinas.com\/pt\/#\/schema\/person\/a38eef5de2c41d9e7c9ac10141afddf3"},"headline":"NAPA chega a Portugal pela Soulima","datePublished":"2023-02-10T19:00:18+00:00","dateModified":"2023-02-10T19:38:30+00:00","mainEntityOfPage":{"@id":"https:\/\/jornaldasoficinas.com\/pt\/napa-chega-a-portugal-pela-soulima\/"},"wordCount":1108,"publisher":{"@id":"https:\/\/jornaldasoficinas.com\/pt\/#organization"},"image":{"@id":"https:\/\/jornaldasoficinas.com\/pt\/napa-chega-a-portugal-pela-soulima\/#primaryimage"},"thumbnailUrl":"https:\/\/jornaldasoficinas.com\/pt\/wp-content\/uploads\/2023\/02\/NAPA-chega-a-Portugal-pela-Soulima.jpg","keywords":["9 de fevereiro","AAG","Aquisi\u00e7\u00f5es","CEO da AAG","Clemente Lobato","Frank Baudel","GPC","Hugo Tavares","Nacho Pernas","NAPA","Nova marca","Rui Fernandes","Soulima"],"articleSection":["Empresas"],"inLanguage":"pt-PT"},{"@type":"WebPage","@id":"https:\/\/jornaldasoficinas.com\/pt\/napa-chega-a-portugal-pela-soulima\/","url":"https:\/\/jornaldasoficinas.com\/pt\/napa-chega-a-portugal-pela-soulima\/","name":"NAPA chega a Portugal pela Soulima - Jornal das Oficinas","isPartOf":{"@id":"https:\/\/jornaldasoficinas.com\/pt\/#website"},"primaryImageOfPage":{"@id":"https:\/\/jornaldasoficinas.com\/pt\/napa-chega-a-portugal-pela-soulima\/#primaryimage"},"image":{"@id":"https:\/\/jornaldasoficinas.com\/pt\/napa-chega-a-portugal-pela-soulima\/#primaryimage"},"thumbnailUrl":"https:\/\/jornaldasoficinas.com\/pt\/wp-content\/uploads\/2023\/02\/NAPA-chega-a-Portugal-pela-Soulima.jpg","datePublished":"2023-02-10T19:00:18+00:00","dateModified":"2023-02-10T19:38:30+00:00","description":"A ic\u00f3nica marca de pe\u00e7as americana NAPA chega a Portugal atrav\u00e9s da Soulima, com uma estrat\u00e9gia bem definida","breadcrumb":{"@id":"https:\/\/jornaldasoficinas.com\/pt\/napa-chega-a-portugal-pela-soulima\/#breadcrumb"},"inLanguage":"pt-PT","potentialAction":[{"@type":"ReadAction","target":["https:\/\/jornaldasoficinas.com\/pt\/napa-chega-a-portugal-pela-soulima\/"]}]},{"@type":"ImageObject","inLanguage":"pt-PT","@id":"https:\/\/jornaldasoficinas.com\/pt\/napa-chega-a-portugal-pela-soulima\/#primaryimage","url":"https:\/\/jornaldasoficinas.com\/pt\/wp-content\/uploads\/2023\/02\/NAPA-chega-a-Portugal-pela-Soulima.jpg","contentUrl":"https:\/\/jornaldasoficinas.com\/pt\/wp-content\/uploads\/2023\/02\/NAPA-chega-a-Portugal-pela-Soulima.jpg","width":1024,"height":581,"caption":"02 - NAPA chega a Portugal pela Soulima"},{"@type":"BreadcrumbList","@id":"https:\/\/jornaldasoficinas.com\/pt\/napa-chega-a-portugal-pela-soulima\/#breadcrumb","itemListElement":[{"@type":"ListItem","position":1,"name":"In\u00edcio","item":"https:\/\/jornaldasoficinas.com\/pt\/"},{"@type":"ListItem","position":2,"name":"NAPA chega a Portugal pela Soulima"}]},{"@type":"WebSite","@id":"https:\/\/jornaldasoficinas.com\/pt\/#website","url":"https:\/\/jornaldasoficinas.com\/pt\/","name":"Jornal das Oficinas","description":"Jornal independente do Aftermarket Autom\u00f3vel em Portugal","publisher":{"@id":"https:\/\/jornaldasoficinas.com\/pt\/#organization"},"potentialAction":[{"@type":"SearchAction","target":{"@type":"EntryPoint","urlTemplate":"https:\/\/jornaldasoficinas.com\/pt\/?s={search_term_string}"},"query-input":{"@type":"PropertyValueSpecification","valueRequired":true,"valueName":"search_term_string"}}],"inLanguage":"pt-PT"},{"@type":"Organization","@id":"https:\/\/jornaldasoficinas.com\/pt\/#organization","name":"Jornal das Oficinas","url":"https:\/\/jornaldasoficinas.com\/pt\/","logo":{"@type":"ImageObject","inLanguage":"pt-PT","@id":"https:\/\/jornaldasoficinas.com\/pt\/#\/schema\/logo\/image\/","url":"https:\/\/jornaldasoficinas.com\/pt\/wp-content\/uploads\/logoJO-SEO.png","contentUrl":"https:\/\/jornaldasoficinas.com\/pt\/wp-content\/uploads\/logoJO-SEO.png","width":285,"height":450,"caption":"Jornal das Oficinas"},"image":{"@id":"https:\/\/jornaldasoficinas.com\/pt\/#\/schema\/logo\/image\/"},"sameAs":["https:\/\/www.facebook.com\/jornaloficinas","https:\/\/x.com\/jornaloficinas","https:\/\/www.instagram.com\/jornal_oficinas\/","https:\/\/www.linkedin.com\/company\/jornal-das-oficinas\/","https:\/\/www.youtube.com\/channel\/UCbQZBqtcvV-oSQrr7RzINGg"]},{"@type":"Person","@id":"https:\/\/jornaldasoficinas.com\/pt\/#\/schema\/person\/a38eef5de2c41d9e7c9ac10141afddf3","name":"Reda\u00e7\u00e3o JO","image":{"@type":"ImageObject","inLanguage":"pt-PT","@id":"https:\/\/secure.gravatar.com\/avatar\/71f2fa71737ad68a84fea94bc708ddac8ea5b0c4788dc2ad202f3ccb2887742f?s=96&d=wp_user_avatar&r=g","url":"https:\/\/secure.gravatar.com\/avatar\/71f2fa71737ad68a84fea94bc708ddac8ea5b0c4788dc2ad202f3ccb2887742f?s=96&d=wp_user_avatar&r=g","contentUrl":"https:\/\/secure.gravatar.com\/avatar\/71f2fa71737ad68a84fea94bc708ddac8ea5b0c4788dc2ad202f3ccb2887742f?s=96&d=wp_user_avatar&r=g","caption":"Reda\u00e7\u00e3o JO"},"url":"https:\/\/jornaldasoficinas.com\/pt\/author\/joredacao\/"}]}},"_links":{"self":[{"href":"https:\/\/jornaldasoficinas.com\/pt\/wp-json\/wp\/v2\/posts\/61938","targetHints":{"allow":["GET"]}}],"collection":[{"href":"https:\/\/jornaldasoficinas.com\/pt\/wp-json\/wp\/v2\/posts"}],"about":[{"href":"https:\/\/jornaldasoficinas.com\/pt\/wp-json\/wp\/v2\/types\/post"}],"author":[{"embeddable":true,"href":"https:\/\/jornaldasoficinas.com\/pt\/wp-json\/wp\/v2\/users\/15"}],"replies":[{"embeddable":true,"href":"https:\/\/jornaldasoficinas.com\/pt\/wp-json\/wp\/v2\/comments?post=61938"}],"version-history":[{"count":0,"href":"https:\/\/jornaldasoficinas.com\/pt\/wp-json\/wp\/v2\/posts\/61938\/revisions"}],"wp:featuredmedia":[{"embeddable":true,"href":"https:\/\/jornaldasoficinas.com\/pt\/wp-json\/wp\/v2\/media\/61959"}],"wp:attachment":[{"href":"https:\/\/jornaldasoficinas.com\/pt\/wp-json\/wp\/v2\/media?parent=61938"}],"wp:term":[{"taxonomy":"category","embeddable":true,"href":"https:\/\/jornaldasoficinas.com\/pt\/wp-json\/wp\/v2\/categories?post=61938"},{"taxonomy":"post_tag","embeddable":true,"href":"https:\/\/jornaldasoficinas.com\/pt\/wp-json\/wp\/v2\/tags?post=61938"}],"curies":[{"name":"wp","href":"https:\/\/api.w.org\/{rel}","templated":true}]}}