{"id":62101,"date":"2023-02-14T18:00:48","date_gmt":"2023-02-14T18:00:48","guid":{"rendered":"https:\/\/jornaldasoficinas.com\/pt\/?p=62101"},"modified":"2023-02-14T10:17:16","modified_gmt":"2023-02-14T10:17:16","slug":"krautli-reforca-portfolio-com-jbm","status":"publish","type":"post","link":"https:\/\/jornaldasoficinas.com\/pt\/krautli-reforca-portfolio-com-jbm\/","title":{"rendered":"Krautli refor\u00e7a portf\u00f3lio com JBM"},"content":{"rendered":"<p><strong><img loading=\"lazy\" decoding=\"async\" class=\"alignnone size-full wp-image-62096\" src=\"https:\/\/jornaldasoficinas.com\/pt\/wp-content\/uploads\/2023\/02\/Krautli-reforca-portfolio-com-JBM.png\" alt=\"02 - Krautli reforca portfolio com JBM\" width=\"1024\" height=\"581\" srcset=\"https:\/\/jornaldasoficinas.com\/pt\/wp-content\/uploads\/2023\/02\/Krautli-reforca-portfolio-com-JBM.png 1024w, https:\/\/jornaldasoficinas.com\/pt\/wp-content\/uploads\/2023\/02\/Krautli-reforca-portfolio-com-JBM-300x170.png 300w, https:\/\/jornaldasoficinas.com\/pt\/wp-content\/uploads\/2023\/02\/Krautli-reforca-portfolio-com-JBM-150x85.png 150w, https:\/\/jornaldasoficinas.com\/pt\/wp-content\/uploads\/2023\/02\/Krautli-reforca-portfolio-com-JBM-768x436.png 768w\" sizes=\"auto, (max-width: 1024px) 100vw, 1024px\" \/><\/strong><strong>\u00a0<\/strong><\/p>\n<p><strong>A <a href=\"https:\/\/www.krautli.pt\/pt\/home\/?n=10\" target=\"_blank\" rel=\"noopener\">Krautli Portugal<\/a> adicionou ao seu portf\u00f3lio a <a href=\"https:\/\/www.jbmcamp.com\/pt\/\" target=\"_blank\" rel=\"noopener\">JBM<\/a>, uma marca, com cerca de 5.000 refer\u00eancias de ferramentas profissionais <\/strong><\/p>\n<p>A Krautli Portugal continua a investir em 2023, desta vez refor\u00e7ando a sua gama de ferramentas profissionais com a inclus\u00e3o da prestigiada marca JBM. Com mais de 30 anos de experi\u00eancia, a JBM disp\u00f5e de um extenso cat\u00e1logo com mais de 5,000 artigos desde ferramentas manuais, el\u00e9tricas a bateria, pneum\u00e1ticas, hidr\u00e1ulicas a equipamento oficinais, gambiarras e todo o tipo de acess\u00f3rios.<\/p>\n<p>Todos os anos, uma m\u00e9dia de 450 novos produtos s\u00e3o introduzidos no cat\u00e1logo principal.<\/p>\n<p>A JBM \u00e9 uma empresa dedicada \u00e0 distribui\u00e7\u00e3o de ferramentas manuais profissionais com uma forte voca\u00e7\u00e3o nos sectores Autom\u00f3vel e Industrial.<\/p>\n<p>Est\u00e1 desde j\u00e1 assegurada e dispon\u00edvel em stock em ambas as plataformas log\u00edsticas de Lisboa e Porto, uma vasta stock de ferramentas JBM para garantir um fornecimento imediato aos nossos parceiros de neg\u00f3cio.<\/p>\n","protected":false},"excerpt":{"rendered":"<p>\u00a0 A Krautli Portugal adicionou ao&#8230;<\/p>\n","protected":false},"author":15,"featured_media":62096,"comment_status":"closed","ping_status":"closed","sticky":false,"template":"","format":"standard","meta":{"footnotes":""},"categories":[29],"tags":[4189,1149,4188,282],"class_list":["post-62101","post","type-post","status-publish","format-standard","has-post-thumbnail","hentry","category-empresas","tag-5-000-referencias","tag-ferramentas-profissionais","tag-jbm","tag-krautli-portugal"],"yoast_head":"<!-- This site is optimized with the Yoast SEO plugin v27.4 - https:\/\/yoast.com\/product\/yoast-seo-wordpress\/ -->\n<title>Krautli refor\u00e7a portf\u00f3lio com JBM - Jornal das Oficinas<\/title>\n<meta name=\"description\" content=\"A Krautli Portugal adicionou ao seu portf\u00f3lio a JBM, uma marca, com cerca de 5.000 refer\u00eancias de ferramentas profissionais\" \/>\n<meta name=\"robots\" content=\"index, follow, max-snippet:-1, max-image-preview:large, max-video-preview:-1\" \/>\n<link rel=\"canonical\" href=\"https:\/\/jornaldasoficinas.com\/pt\/krautli-reforca-portfolio-com-jbm\/\" \/>\n<meta property=\"og:locale\" content=\"pt_PT\" \/>\n<meta property=\"og:type\" content=\"article\" \/>\n<meta property=\"og:title\" content=\"Krautli refor\u00e7a portf\u00f3lio com JBM - Jornal das Oficinas\" \/>\n<meta property=\"og:description\" content=\"A Krautli Portugal adicionou ao seu portf\u00f3lio a JBM, uma marca, com cerca de 5.000 refer\u00eancias de ferramentas profissionais\" \/>\n<meta property=\"og:url\" content=\"https:\/\/jornaldasoficinas.com\/pt\/krautli-reforca-portfolio-com-jbm\/\" \/>\n<meta property=\"og:site_name\" content=\"Jornal das Oficinas\" \/>\n<meta property=\"article:publisher\" content=\"https:\/\/www.facebook.com\/jornaloficinas\" \/>\n<meta property=\"article:published_time\" content=\"2023-02-14T18:00:48+00:00\" \/>\n<meta property=\"og:image\" content=\"https:\/\/jornaldasoficinas.com\/pt\/wp-content\/uploads\/2023\/02\/Krautli-reforca-portfolio-com-JBM.png\" \/>\n\t<meta property=\"og:image:width\" content=\"1024\" \/>\n\t<meta property=\"og:image:height\" content=\"581\" \/>\n\t<meta property=\"og:image:type\" content=\"image\/png\" \/>\n<meta name=\"author\" content=\"Reda\u00e7\u00e3o JO\" \/>\n<meta name=\"twitter:card\" content=\"summary_large_image\" \/>\n<meta name=\"twitter:creator\" content=\"@jornaloficinas\" \/>\n<meta name=\"twitter:site\" content=\"@jornaloficinas\" \/>\n<meta name=\"twitter:label1\" content=\"Escrito por\" \/>\n\t<meta name=\"twitter:data1\" content=\"Reda\u00e7\u00e3o JO\" \/>\n\t<meta name=\"twitter:label2\" content=\"Tempo estimado de leitura\" \/>\n\t<meta name=\"twitter:data2\" content=\"1 minuto\" \/>\n<script type=\"application\/ld+json\" class=\"yoast-schema-graph\">{\"@context\":\"https:\\\/\\\/schema.org\",\"@graph\":[{\"@type\":\"Article\",\"@id\":\"https:\\\/\\\/jornaldasoficinas.com\\\/pt\\\/krautli-reforca-portfolio-com-jbm\\\/#article\",\"isPartOf\":{\"@id\":\"https:\\\/\\\/jornaldasoficinas.com\\\/pt\\\/krautli-reforca-portfolio-com-jbm\\\/\"},\"author\":{\"name\":\"Reda\u00e7\u00e3o JO\",\"@id\":\"https:\\\/\\\/jornaldasoficinas.com\\\/pt\\\/#\\\/schema\\\/person\\\/a38eef5de2c41d9e7c9ac10141afddf3\"},\"headline\":\"Krautli refor\u00e7a portf\u00f3lio com JBM\",\"datePublished\":\"2023-02-14T18:00:48+00:00\",\"mainEntityOfPage\":{\"@id\":\"https:\\\/\\\/jornaldasoficinas.com\\\/pt\\\/krautli-reforca-portfolio-com-jbm\\\/\"},\"wordCount\":168,\"publisher\":{\"@id\":\"https:\\\/\\\/jornaldasoficinas.com\\\/pt\\\/#organization\"},\"image\":{\"@id\":\"https:\\\/\\\/jornaldasoficinas.com\\\/pt\\\/krautli-reforca-portfolio-com-jbm\\\/#primaryimage\"},\"thumbnailUrl\":\"https:\\\/\\\/jornaldasoficinas.com\\\/pt\\\/wp-content\\\/uploads\\\/2023\\\/02\\\/Krautli-reforca-portfolio-com-JBM.png\",\"keywords\":[\"5.000 refer\u00eancias\",\"Ferramentas profissionais\",\"JBM\",\"KRAUTLI Portugal\"],\"articleSection\":[\"Empresas\"],\"inLanguage\":\"pt-PT\"},{\"@type\":\"WebPage\",\"@id\":\"https:\\\/\\\/jornaldasoficinas.com\\\/pt\\\/krautli-reforca-portfolio-com-jbm\\\/\",\"url\":\"https:\\\/\\\/jornaldasoficinas.com\\\/pt\\\/krautli-reforca-portfolio-com-jbm\\\/\",\"name\":\"Krautli refor\u00e7a portf\u00f3lio com JBM - Jornal das Oficinas\",\"isPartOf\":{\"@id\":\"https:\\\/\\\/jornaldasoficinas.com\\\/pt\\\/#website\"},\"primaryImageOfPage\":{\"@id\":\"https:\\\/\\\/jornaldasoficinas.com\\\/pt\\\/krautli-reforca-portfolio-com-jbm\\\/#primaryimage\"},\"image\":{\"@id\":\"https:\\\/\\\/jornaldasoficinas.com\\\/pt\\\/krautli-reforca-portfolio-com-jbm\\\/#primaryimage\"},\"thumbnailUrl\":\"https:\\\/\\\/jornaldasoficinas.com\\\/pt\\\/wp-content\\\/uploads\\\/2023\\\/02\\\/Krautli-reforca-portfolio-com-JBM.png\",\"datePublished\":\"2023-02-14T18:00:48+00:00\",\"description\":\"A Krautli Portugal adicionou ao seu portf\u00f3lio a JBM, uma marca, com cerca de 5.000 refer\u00eancias de ferramentas profissionais\",\"breadcrumb\":{\"@id\":\"https:\\\/\\\/jornaldasoficinas.com\\\/pt\\\/krautli-reforca-portfolio-com-jbm\\\/#breadcrumb\"},\"inLanguage\":\"pt-PT\",\"potentialAction\":[{\"@type\":\"ReadAction\",\"target\":[\"https:\\\/\\\/jornaldasoficinas.com\\\/pt\\\/krautli-reforca-portfolio-com-jbm\\\/\"]}]},{\"@type\":\"ImageObject\",\"inLanguage\":\"pt-PT\",\"@id\":\"https:\\\/\\\/jornaldasoficinas.com\\\/pt\\\/krautli-reforca-portfolio-com-jbm\\\/#primaryimage\",\"url\":\"https:\\\/\\\/jornaldasoficinas.com\\\/pt\\\/wp-content\\\/uploads\\\/2023\\\/02\\\/Krautli-reforca-portfolio-com-JBM.png\",\"contentUrl\":\"https:\\\/\\\/jornaldasoficinas.com\\\/pt\\\/wp-content\\\/uploads\\\/2023\\\/02\\\/Krautli-reforca-portfolio-com-JBM.png\",\"width\":1024,\"height\":581,\"caption\":\"02 - Krautli reforca portfolio com JBM\"},{\"@type\":\"BreadcrumbList\",\"@id\":\"https:\\\/\\\/jornaldasoficinas.com\\\/pt\\\/krautli-reforca-portfolio-com-jbm\\\/#breadcrumb\",\"itemListElement\":[{\"@type\":\"ListItem\",\"position\":1,\"name\":\"In\u00edcio\",\"item\":\"https:\\\/\\\/jornaldasoficinas.com\\\/pt\\\/\"},{\"@type\":\"ListItem\",\"position\":2,\"name\":\"Krautli refor\u00e7a portf\u00f3lio com JBM\"}]},{\"@type\":\"WebSite\",\"@id\":\"https:\\\/\\\/jornaldasoficinas.com\\\/pt\\\/#website\",\"url\":\"https:\\\/\\\/jornaldasoficinas.com\\\/pt\\\/\",\"name\":\"Jornal das Oficinas\",\"description\":\"Jornal independente do Aftermarket Autom\u00f3vel em Portugal\",\"publisher\":{\"@id\":\"https:\\\/\\\/jornaldasoficinas.com\\\/pt\\\/#organization\"},\"potentialAction\":[{\"@type\":\"SearchAction\",\"target\":{\"@type\":\"EntryPoint\",\"urlTemplate\":\"https:\\\/\\\/jornaldasoficinas.com\\\/pt\\\/?s={search_term_string}\"},\"query-input\":{\"@type\":\"PropertyValueSpecification\",\"valueRequired\":true,\"valueName\":\"search_term_string\"}}],\"inLanguage\":\"pt-PT\"},{\"@type\":\"Organization\",\"@id\":\"https:\\\/\\\/jornaldasoficinas.com\\\/pt\\\/#organization\",\"name\":\"Jornal das Oficinas\",\"url\":\"https:\\\/\\\/jornaldasoficinas.com\\\/pt\\\/\",\"logo\":{\"@type\":\"ImageObject\",\"inLanguage\":\"pt-PT\",\"@id\":\"https:\\\/\\\/jornaldasoficinas.com\\\/pt\\\/#\\\/schema\\\/logo\\\/image\\\/\",\"url\":\"https:\\\/\\\/jornaldasoficinas.com\\\/pt\\\/wp-content\\\/uploads\\\/logoJO-SEO.png\",\"contentUrl\":\"https:\\\/\\\/jornaldasoficinas.com\\\/pt\\\/wp-content\\\/uploads\\\/logoJO-SEO.png\",\"width\":285,\"height\":450,\"caption\":\"Jornal das Oficinas\"},\"image\":{\"@id\":\"https:\\\/\\\/jornaldasoficinas.com\\\/pt\\\/#\\\/schema\\\/logo\\\/image\\\/\"},\"sameAs\":[\"https:\\\/\\\/www.facebook.com\\\/jornaloficinas\",\"https:\\\/\\\/x.com\\\/jornaloficinas\",\"https:\\\/\\\/www.instagram.com\\\/jornal_oficinas\\\/\",\"https:\\\/\\\/www.linkedin.com\\\/company\\\/jornal-das-oficinas\\\/\",\"https:\\\/\\\/www.youtube.com\\\/channel\\\/UCbQZBqtcvV-oSQrr7RzINGg\"]},{\"@type\":\"Person\",\"@id\":\"https:\\\/\\\/jornaldasoficinas.com\\\/pt\\\/#\\\/schema\\\/person\\\/a38eef5de2c41d9e7c9ac10141afddf3\",\"name\":\"Reda\u00e7\u00e3o JO\",\"image\":{\"@type\":\"ImageObject\",\"inLanguage\":\"pt-PT\",\"@id\":\"https:\\\/\\\/secure.gravatar.com\\\/avatar\\\/71f2fa71737ad68a84fea94bc708ddac8ea5b0c4788dc2ad202f3ccb2887742f?s=96&d=wp_user_avatar&r=g\",\"url\":\"https:\\\/\\\/secure.gravatar.com\\\/avatar\\\/71f2fa71737ad68a84fea94bc708ddac8ea5b0c4788dc2ad202f3ccb2887742f?s=96&d=wp_user_avatar&r=g\",\"contentUrl\":\"https:\\\/\\\/secure.gravatar.com\\\/avatar\\\/71f2fa71737ad68a84fea94bc708ddac8ea5b0c4788dc2ad202f3ccb2887742f?s=96&d=wp_user_avatar&r=g\",\"caption\":\"Reda\u00e7\u00e3o JO\"},\"url\":\"https:\\\/\\\/jornaldasoficinas.com\\\/pt\\\/author\\\/joredacao\\\/\"}]}<\/script>\n<!-- \/ Yoast SEO plugin. -->","yoast_head_json":{"title":"Krautli refor\u00e7a portf\u00f3lio com JBM - Jornal das Oficinas","description":"A Krautli Portugal adicionou ao seu portf\u00f3lio a JBM, uma marca, com cerca de 5.000 refer\u00eancias de ferramentas profissionais","robots":{"index":"index","follow":"follow","max-snippet":"max-snippet:-1","max-image-preview":"max-image-preview:large","max-video-preview":"max-video-preview:-1"},"canonical":"https:\/\/jornaldasoficinas.com\/pt\/krautli-reforca-portfolio-com-jbm\/","og_locale":"pt_PT","og_type":"article","og_title":"Krautli refor\u00e7a portf\u00f3lio com JBM - Jornal das Oficinas","og_description":"A Krautli Portugal adicionou ao seu portf\u00f3lio a JBM, uma marca, com cerca de 5.000 refer\u00eancias de ferramentas profissionais","og_url":"https:\/\/jornaldasoficinas.com\/pt\/krautli-reforca-portfolio-com-jbm\/","og_site_name":"Jornal das Oficinas","article_publisher":"https:\/\/www.facebook.com\/jornaloficinas","article_published_time":"2023-02-14T18:00:48+00:00","og_image":[{"width":1024,"height":581,"url":"https:\/\/jornaldasoficinas.com\/pt\/wp-content\/uploads\/2023\/02\/Krautli-reforca-portfolio-com-JBM.png","type":"image\/png"}],"author":"Reda\u00e7\u00e3o JO","twitter_card":"summary_large_image","twitter_creator":"@jornaloficinas","twitter_site":"@jornaloficinas","twitter_misc":{"Escrito por":"Reda\u00e7\u00e3o JO","Tempo estimado de leitura":"1 minuto"},"schema":{"@context":"https:\/\/schema.org","@graph":[{"@type":"Article","@id":"https:\/\/jornaldasoficinas.com\/pt\/krautli-reforca-portfolio-com-jbm\/#article","isPartOf":{"@id":"https:\/\/jornaldasoficinas.com\/pt\/krautli-reforca-portfolio-com-jbm\/"},"author":{"name":"Reda\u00e7\u00e3o JO","@id":"https:\/\/jornaldasoficinas.com\/pt\/#\/schema\/person\/a38eef5de2c41d9e7c9ac10141afddf3"},"headline":"Krautli refor\u00e7a portf\u00f3lio com JBM","datePublished":"2023-02-14T18:00:48+00:00","mainEntityOfPage":{"@id":"https:\/\/jornaldasoficinas.com\/pt\/krautli-reforca-portfolio-com-jbm\/"},"wordCount":168,"publisher":{"@id":"https:\/\/jornaldasoficinas.com\/pt\/#organization"},"image":{"@id":"https:\/\/jornaldasoficinas.com\/pt\/krautli-reforca-portfolio-com-jbm\/#primaryimage"},"thumbnailUrl":"https:\/\/jornaldasoficinas.com\/pt\/wp-content\/uploads\/2023\/02\/Krautli-reforca-portfolio-com-JBM.png","keywords":["5.000 refer\u00eancias","Ferramentas profissionais","JBM","KRAUTLI Portugal"],"articleSection":["Empresas"],"inLanguage":"pt-PT"},{"@type":"WebPage","@id":"https:\/\/jornaldasoficinas.com\/pt\/krautli-reforca-portfolio-com-jbm\/","url":"https:\/\/jornaldasoficinas.com\/pt\/krautli-reforca-portfolio-com-jbm\/","name":"Krautli refor\u00e7a portf\u00f3lio com JBM - Jornal das Oficinas","isPartOf":{"@id":"https:\/\/jornaldasoficinas.com\/pt\/#website"},"primaryImageOfPage":{"@id":"https:\/\/jornaldasoficinas.com\/pt\/krautli-reforca-portfolio-com-jbm\/#primaryimage"},"image":{"@id":"https:\/\/jornaldasoficinas.com\/pt\/krautli-reforca-portfolio-com-jbm\/#primaryimage"},"thumbnailUrl":"https:\/\/jornaldasoficinas.com\/pt\/wp-content\/uploads\/2023\/02\/Krautli-reforca-portfolio-com-JBM.png","datePublished":"2023-02-14T18:00:48+00:00","description":"A Krautli Portugal adicionou ao seu portf\u00f3lio a JBM, uma marca, com cerca de 5.000 refer\u00eancias de ferramentas profissionais","breadcrumb":{"@id":"https:\/\/jornaldasoficinas.com\/pt\/krautli-reforca-portfolio-com-jbm\/#breadcrumb"},"inLanguage":"pt-PT","potentialAction":[{"@type":"ReadAction","target":["https:\/\/jornaldasoficinas.com\/pt\/krautli-reforca-portfolio-com-jbm\/"]}]},{"@type":"ImageObject","inLanguage":"pt-PT","@id":"https:\/\/jornaldasoficinas.com\/pt\/krautli-reforca-portfolio-com-jbm\/#primaryimage","url":"https:\/\/jornaldasoficinas.com\/pt\/wp-content\/uploads\/2023\/02\/Krautli-reforca-portfolio-com-JBM.png","contentUrl":"https:\/\/jornaldasoficinas.com\/pt\/wp-content\/uploads\/2023\/02\/Krautli-reforca-portfolio-com-JBM.png","width":1024,"height":581,"caption":"02 - Krautli reforca portfolio com JBM"},{"@type":"BreadcrumbList","@id":"https:\/\/jornaldasoficinas.com\/pt\/krautli-reforca-portfolio-com-jbm\/#breadcrumb","itemListElement":[{"@type":"ListItem","position":1,"name":"In\u00edcio","item":"https:\/\/jornaldasoficinas.com\/pt\/"},{"@type":"ListItem","position":2,"name":"Krautli refor\u00e7a portf\u00f3lio com JBM"}]},{"@type":"WebSite","@id":"https:\/\/jornaldasoficinas.com\/pt\/#website","url":"https:\/\/jornaldasoficinas.com\/pt\/","name":"Jornal das Oficinas","description":"Jornal independente do Aftermarket Autom\u00f3vel em Portugal","publisher":{"@id":"https:\/\/jornaldasoficinas.com\/pt\/#organization"},"potentialAction":[{"@type":"SearchAction","target":{"@type":"EntryPoint","urlTemplate":"https:\/\/jornaldasoficinas.com\/pt\/?s={search_term_string}"},"query-input":{"@type":"PropertyValueSpecification","valueRequired":true,"valueName":"search_term_string"}}],"inLanguage":"pt-PT"},{"@type":"Organization","@id":"https:\/\/jornaldasoficinas.com\/pt\/#organization","name":"Jornal das Oficinas","url":"https:\/\/jornaldasoficinas.com\/pt\/","logo":{"@type":"ImageObject","inLanguage":"pt-PT","@id":"https:\/\/jornaldasoficinas.com\/pt\/#\/schema\/logo\/image\/","url":"https:\/\/jornaldasoficinas.com\/pt\/wp-content\/uploads\/logoJO-SEO.png","contentUrl":"https:\/\/jornaldasoficinas.com\/pt\/wp-content\/uploads\/logoJO-SEO.png","width":285,"height":450,"caption":"Jornal das Oficinas"},"image":{"@id":"https:\/\/jornaldasoficinas.com\/pt\/#\/schema\/logo\/image\/"},"sameAs":["https:\/\/www.facebook.com\/jornaloficinas","https:\/\/x.com\/jornaloficinas","https:\/\/www.instagram.com\/jornal_oficinas\/","https:\/\/www.linkedin.com\/company\/jornal-das-oficinas\/","https:\/\/www.youtube.com\/channel\/UCbQZBqtcvV-oSQrr7RzINGg"]},{"@type":"Person","@id":"https:\/\/jornaldasoficinas.com\/pt\/#\/schema\/person\/a38eef5de2c41d9e7c9ac10141afddf3","name":"Reda\u00e7\u00e3o JO","image":{"@type":"ImageObject","inLanguage":"pt-PT","@id":"https:\/\/secure.gravatar.com\/avatar\/71f2fa71737ad68a84fea94bc708ddac8ea5b0c4788dc2ad202f3ccb2887742f?s=96&d=wp_user_avatar&r=g","url":"https:\/\/secure.gravatar.com\/avatar\/71f2fa71737ad68a84fea94bc708ddac8ea5b0c4788dc2ad202f3ccb2887742f?s=96&d=wp_user_avatar&r=g","contentUrl":"https:\/\/secure.gravatar.com\/avatar\/71f2fa71737ad68a84fea94bc708ddac8ea5b0c4788dc2ad202f3ccb2887742f?s=96&d=wp_user_avatar&r=g","caption":"Reda\u00e7\u00e3o JO"},"url":"https:\/\/jornaldasoficinas.com\/pt\/author\/joredacao\/"}]}},"_links":{"self":[{"href":"https:\/\/jornaldasoficinas.com\/pt\/wp-json\/wp\/v2\/posts\/62101","targetHints":{"allow":["GET"]}}],"collection":[{"href":"https:\/\/jornaldasoficinas.com\/pt\/wp-json\/wp\/v2\/posts"}],"about":[{"href":"https:\/\/jornaldasoficinas.com\/pt\/wp-json\/wp\/v2\/types\/post"}],"author":[{"embeddable":true,"href":"https:\/\/jornaldasoficinas.com\/pt\/wp-json\/wp\/v2\/users\/15"}],"replies":[{"embeddable":true,"href":"https:\/\/jornaldasoficinas.com\/pt\/wp-json\/wp\/v2\/comments?post=62101"}],"version-history":[{"count":0,"href":"https:\/\/jornaldasoficinas.com\/pt\/wp-json\/wp\/v2\/posts\/62101\/revisions"}],"wp:featuredmedia":[{"embeddable":true,"href":"https:\/\/jornaldasoficinas.com\/pt\/wp-json\/wp\/v2\/media\/62096"}],"wp:attachment":[{"href":"https:\/\/jornaldasoficinas.com\/pt\/wp-json\/wp\/v2\/media?parent=62101"}],"wp:term":[{"taxonomy":"category","embeddable":true,"href":"https:\/\/jornaldasoficinas.com\/pt\/wp-json\/wp\/v2\/categories?post=62101"},{"taxonomy":"post_tag","embeddable":true,"href":"https:\/\/jornaldasoficinas.com\/pt\/wp-json\/wp\/v2\/tags?post=62101"}],"curies":[{"name":"wp","href":"https:\/\/api.w.org\/{rel}","templated":true}]}}