{"id":62189,"date":"2023-02-17T08:00:12","date_gmt":"2023-02-17T08:00:12","guid":{"rendered":"https:\/\/jornaldasoficinas.com\/pt\/?p=62189"},"modified":"2023-02-16T11:01:40","modified_gmt":"2023-02-16T11:01:40","slug":"autoparts-from-spain-apresenta-plano-estrategico-para-2023","status":"publish","type":"post","link":"https:\/\/jornaldasoficinas.com\/pt\/autoparts-from-spain-apresenta-plano-estrategico-para-2023\/","title":{"rendered":"Autoparts from Spain apresenta plano estrat\u00e9gico para 2023"},"content":{"rendered":"<p><img loading=\"lazy\" decoding=\"async\" class=\"alignnone size-full wp-image-62172\" src=\"https:\/\/jornaldasoficinas.com\/pt\/wp-content\/uploads\/2023\/02\/Autoparts-from-Spain-apresenta-plano-estrategico-para-2023.jpg\" alt=\"02 - Autoparts from Spain apresenta plano estrategico para 2023\" width=\"1024\" height=\"581\" srcset=\"https:\/\/jornaldasoficinas.com\/pt\/wp-content\/uploads\/2023\/02\/Autoparts-from-Spain-apresenta-plano-estrategico-para-2023.jpg 1024w, https:\/\/jornaldasoficinas.com\/pt\/wp-content\/uploads\/2023\/02\/Autoparts-from-Spain-apresenta-plano-estrategico-para-2023-300x170.jpg 300w, https:\/\/jornaldasoficinas.com\/pt\/wp-content\/uploads\/2023\/02\/Autoparts-from-Spain-apresenta-plano-estrategico-para-2023-150x85.jpg 150w, https:\/\/jornaldasoficinas.com\/pt\/wp-content\/uploads\/2023\/02\/Autoparts-from-Spain-apresenta-plano-estrategico-para-2023-768x436.jpg 768w\" sizes=\"auto, (max-width: 1024px) 100vw, 1024px\" \/><\/p>\n<p><strong>A <a href=\"https:\/\/www.spainautoparts.com\/en\" target=\"_blank\" rel=\"noopener\">Autoparts from Spain<\/a> insere-se num ambicioso projeto de promo\u00e7\u00e3o internacional da oferta espanhola e capacidade exportadora de fornecedores autom\u00f3veis &#8216;made in Spain&#8217;. A iniciativa, foi lan\u00e7ada h\u00e1 quatro anos, promovida pela <a href=\"https:\/\/www.sernauto.es\/\" target=\"_blank\" rel=\"noopener\">SERNAUTO<\/a> e pela <a href=\"https:\/\/www.icex.es\/\" target=\"_blank\" rel=\"noopener\">ICEX<\/a> Espa\u00f1a Exportaci\u00f3n Inversiones, e acaba de apresentar o seu plano estrat\u00e9gico para 2023<\/strong><\/p>\n<p>Desde o seu lan\u00e7amento em outubro de 2018, esta plataforma digital, tem sido muito bem recebida pelo setor de equipamentos e componentes automotivos, recebendo a cada ano a ades\u00e3o de novas marcas. A iniciativa conta j\u00e1 com quase 3.000 seguidores nas redes sociais e recebe uma m\u00e9dia de 42.000 visitas anuais ao seu website, dispon\u00edvel em espanhol, franc\u00eas e alem\u00e3o (www.spainautoparts.com). Est\u00e1 presente nos principais meios de comunica\u00e7\u00e3o do setor em Fran\u00e7a e na Alemanha e, em 2022, mais de 100 contatos comerciais com operadores de primeira equipa e distribuidores de pe\u00e7as de reposi\u00e7\u00e3o de todo o mundo foram gerenciados por ela.<\/p>\n<p>Jos\u00e9 Portilla, Diretor Geral da SERNAUTO, afirmou \u201ceste projeto constitui mais um passo no apoio \u00e0 internacionaliza\u00e7\u00e3o das empresas espanholas do setor, especialmente PME, na sua promo\u00e7\u00e3o nos mercados externos, dirigida tanto \u00e0 cadeia de abastecimento como ao mercado de reposi\u00e7\u00e3o. Trata-se de um projeto ambicioso, continua Portilla, &#8220;ao qual incentivamos os fornecedores espanh\u00f3is de componentes a mostrar o enorme potencial da oferta espanhola de componentes &#8220;made in Spain&#8221;&#8221;.<\/p>\n<p><strong>Pr\u00f3ximos passos da plataforma em 2023<\/strong><br \/>\nTodas as a\u00e7\u00f5es contempladas no novo plano estrat\u00e9gico da iniciativa para 2023 t\u00eam como objetivo fundamental promover a expans\u00e3o e visibilidade internacional dos fornecedores automotivos que comp\u00f5em a iniciativa e promover a marca &#8216;Autope\u00e7as da Espanha&#8217; caraterizada pela qualidade, inova\u00e7\u00e3o, tecnologia e experi\u00eancia .<\/p>\n<p>M\u00aa Bego\u00f1a Llamazares, Head of Markets da SERNAUTO, anunciou que \u201centre as iniciativas previstas para 2023, est\u00e1 a promo\u00e7\u00e3o e incentivo \u00e0 presen\u00e7a e notoriedade das marcas que atualmente fazem parte da plataforma nas feiras mais relevantes do setor a n\u00edvel internacional, nas quais A SERNAUTO estar\u00e1 presente, como a <a href=\"https:\/\/automechanika.kz\/en\/\" target=\"_blank\" rel=\"noopener\">Automechanika Astana<\/a> (Cazaquist\u00e3o), <a href=\"https:\/\/automechanika-istanbul.tr.messefrankfurt.com\/istanbul\/en.html\" target=\"_blank\" rel=\"noopener\">Automechanika Istanbul<\/a> (Turquia), <a href=\"https:\/\/ina-paace-automechanika-mexico-city.us.messefrankfurt.com\/mexico-city\/en.html\" target=\"_blank\" rel=\"noopener\">INA PAACE<\/a> (M\u00e9xico), ), <a href=\"https:\/\/lyon.equipauto.com\/en\/\" target=\"_blank\" rel=\"noopener\">Equip Auto Lyon<\/a> (Fran\u00e7a), <a href=\"https:\/\/www.solutrans.eu\/\" target=\"_blank\" rel=\"noopener\">Solutrans<\/a> (Fran\u00e7a), <a href=\"https:\/\/automechanika-dubai.ae.messefrankfurt.com\/dubai\/en.html\" target=\"_blank\" rel=\"noopener\">Automechanika Dubai<\/a> (EAU), <a href=\"https:\/\/www.spain.automotivemeetings.com\/\" target=\"_blank\" rel=\"noopener\">Automotive Meetings Madrid<\/a>, <a href=\"https:\/\/www.aapexshow.com\/\" target=\"_blank\" rel=\"noopener\">AAPEX<\/a> (Las Vegas, EUA) e <a href=\"https:\/\/automechanika-shanghai.hk.messefrankfurt.com\/shanghai\/en.html\" target=\"_blank\" rel=\"noopener\">Automechanika Shanghai<\/a> (China). Est\u00e1 tamb\u00e9m previsto, prossegue Llamazares, o lan\u00e7amento de diversas campanhas e a\u00e7\u00f5es de comunica\u00e7\u00e3o e marketing digital em pa\u00edses estrat\u00e9gicos como Fran\u00e7a e Alemanha\u201d.<\/p>\n","protected":false},"excerpt":{"rendered":"<p>A Autoparts from Spain insere-se num&#8230;<\/p>\n","protected":false},"author":15,"featured_media":62172,"comment_status":"closed","ping_status":"closed","sticky":false,"template":"","format":"standard","meta":{"footnotes":""},"categories":[29],"tags":[1758,4212,4213,1321],"class_list":["post-62189","post","type-post","status-publish","format-standard","has-post-thumbnail","hentry","category-empresas","tag-automechanika","tag-autoparts-from-spain","tag-icex","tag-sernauto"],"yoast_head":"<!-- This site is optimized with the Yoast SEO plugin v27.5 - https:\/\/yoast.com\/product\/yoast-seo-wordpress\/ -->\n<title>Autoparts from Spain apresenta plano estrat\u00e9gico para 2023 - Jornal das Oficinas<\/title>\n<meta name=\"description\" content=\"A Autoparts from Spain insere-se num ambicioso projeto de promo\u00e7\u00e3o internacional da oferta espanhola e capacidade exportadora de fornecedores autom\u00f3veis &#039;made in Spain&#039;.\" \/>\n<meta name=\"robots\" content=\"index, follow, max-snippet:-1, max-image-preview:large, max-video-preview:-1\" \/>\n<link rel=\"canonical\" href=\"https:\/\/jornaldasoficinas.com\/pt\/autoparts-from-spain-apresenta-plano-estrategico-para-2023\/\" \/>\n<meta property=\"og:locale\" content=\"pt_PT\" \/>\n<meta property=\"og:type\" content=\"article\" \/>\n<meta property=\"og:title\" content=\"Autoparts from Spain apresenta plano estrat\u00e9gico para 2023 - Jornal das Oficinas\" \/>\n<meta property=\"og:description\" content=\"A Autoparts from Spain insere-se num ambicioso projeto de promo\u00e7\u00e3o internacional da oferta espanhola e capacidade exportadora de fornecedores autom\u00f3veis &#039;made in Spain&#039;.\" \/>\n<meta property=\"og:url\" content=\"https:\/\/jornaldasoficinas.com\/pt\/autoparts-from-spain-apresenta-plano-estrategico-para-2023\/\" \/>\n<meta property=\"og:site_name\" content=\"Jornal das Oficinas\" \/>\n<meta property=\"article:publisher\" content=\"https:\/\/www.facebook.com\/jornaloficinas\" \/>\n<meta property=\"article:published_time\" content=\"2023-02-17T08:00:12+00:00\" \/>\n<meta property=\"og:image\" content=\"https:\/\/jornaldasoficinas.com\/pt\/wp-content\/uploads\/2023\/02\/Autoparts-from-Spain-apresenta-plano-estrategico-para-2023.jpg\" \/>\n\t<meta property=\"og:image:width\" content=\"1024\" \/>\n\t<meta property=\"og:image:height\" content=\"581\" \/>\n\t<meta property=\"og:image:type\" content=\"image\/jpeg\" \/>\n<meta name=\"author\" content=\"Reda\u00e7\u00e3o JO\" \/>\n<meta name=\"twitter:card\" content=\"summary_large_image\" \/>\n<meta name=\"twitter:creator\" content=\"@jornaloficinas\" \/>\n<meta name=\"twitter:site\" content=\"@jornaloficinas\" \/>\n<meta name=\"twitter:label1\" content=\"Escrito por\" \/>\n\t<meta name=\"twitter:data1\" content=\"Reda\u00e7\u00e3o JO\" \/>\n\t<meta name=\"twitter:label2\" content=\"Tempo estimado de leitura\" \/>\n\t<meta name=\"twitter:data2\" content=\"2 minutos\" \/>\n<script type=\"application\/ld+json\" class=\"yoast-schema-graph\">{\"@context\":\"https:\\\/\\\/schema.org\",\"@graph\":[{\"@type\":\"Article\",\"@id\":\"https:\\\/\\\/jornaldasoficinas.com\\\/pt\\\/autoparts-from-spain-apresenta-plano-estrategico-para-2023\\\/#article\",\"isPartOf\":{\"@id\":\"https:\\\/\\\/jornaldasoficinas.com\\\/pt\\\/autoparts-from-spain-apresenta-plano-estrategico-para-2023\\\/\"},\"author\":{\"name\":\"Reda\u00e7\u00e3o JO\",\"@id\":\"https:\\\/\\\/jornaldasoficinas.com\\\/pt\\\/#\\\/schema\\\/person\\\/a38eef5de2c41d9e7c9ac10141afddf3\"},\"headline\":\"Autoparts from Spain apresenta plano estrat\u00e9gico para 2023\",\"datePublished\":\"2023-02-17T08:00:12+00:00\",\"mainEntityOfPage\":{\"@id\":\"https:\\\/\\\/jornaldasoficinas.com\\\/pt\\\/autoparts-from-spain-apresenta-plano-estrategico-para-2023\\\/\"},\"wordCount\":414,\"publisher\":{\"@id\":\"https:\\\/\\\/jornaldasoficinas.com\\\/pt\\\/#organization\"},\"image\":{\"@id\":\"https:\\\/\\\/jornaldasoficinas.com\\\/pt\\\/autoparts-from-spain-apresenta-plano-estrategico-para-2023\\\/#primaryimage\"},\"thumbnailUrl\":\"https:\\\/\\\/jornaldasoficinas.com\\\/pt\\\/wp-content\\\/uploads\\\/2023\\\/02\\\/Autoparts-from-Spain-apresenta-plano-estrategico-para-2023.jpg\",\"keywords\":[\"Automechanika\",\"Autoparts from Spain\",\"ICEX\",\"Sernauto\"],\"articleSection\":[\"Empresas\"],\"inLanguage\":\"pt-PT\"},{\"@type\":\"WebPage\",\"@id\":\"https:\\\/\\\/jornaldasoficinas.com\\\/pt\\\/autoparts-from-spain-apresenta-plano-estrategico-para-2023\\\/\",\"url\":\"https:\\\/\\\/jornaldasoficinas.com\\\/pt\\\/autoparts-from-spain-apresenta-plano-estrategico-para-2023\\\/\",\"name\":\"Autoparts from Spain apresenta plano estrat\u00e9gico para 2023 - Jornal das Oficinas\",\"isPartOf\":{\"@id\":\"https:\\\/\\\/jornaldasoficinas.com\\\/pt\\\/#website\"},\"primaryImageOfPage\":{\"@id\":\"https:\\\/\\\/jornaldasoficinas.com\\\/pt\\\/autoparts-from-spain-apresenta-plano-estrategico-para-2023\\\/#primaryimage\"},\"image\":{\"@id\":\"https:\\\/\\\/jornaldasoficinas.com\\\/pt\\\/autoparts-from-spain-apresenta-plano-estrategico-para-2023\\\/#primaryimage\"},\"thumbnailUrl\":\"https:\\\/\\\/jornaldasoficinas.com\\\/pt\\\/wp-content\\\/uploads\\\/2023\\\/02\\\/Autoparts-from-Spain-apresenta-plano-estrategico-para-2023.jpg\",\"datePublished\":\"2023-02-17T08:00:12+00:00\",\"description\":\"A Autoparts from Spain insere-se num ambicioso projeto de promo\u00e7\u00e3o internacional da oferta espanhola e capacidade exportadora de fornecedores autom\u00f3veis 'made in Spain'.\",\"breadcrumb\":{\"@id\":\"https:\\\/\\\/jornaldasoficinas.com\\\/pt\\\/autoparts-from-spain-apresenta-plano-estrategico-para-2023\\\/#breadcrumb\"},\"inLanguage\":\"pt-PT\",\"potentialAction\":[{\"@type\":\"ReadAction\",\"target\":[\"https:\\\/\\\/jornaldasoficinas.com\\\/pt\\\/autoparts-from-spain-apresenta-plano-estrategico-para-2023\\\/\"]}]},{\"@type\":\"ImageObject\",\"inLanguage\":\"pt-PT\",\"@id\":\"https:\\\/\\\/jornaldasoficinas.com\\\/pt\\\/autoparts-from-spain-apresenta-plano-estrategico-para-2023\\\/#primaryimage\",\"url\":\"https:\\\/\\\/jornaldasoficinas.com\\\/pt\\\/wp-content\\\/uploads\\\/2023\\\/02\\\/Autoparts-from-Spain-apresenta-plano-estrategico-para-2023.jpg\",\"contentUrl\":\"https:\\\/\\\/jornaldasoficinas.com\\\/pt\\\/wp-content\\\/uploads\\\/2023\\\/02\\\/Autoparts-from-Spain-apresenta-plano-estrategico-para-2023.jpg\",\"width\":1024,\"height\":581,\"caption\":\"02 - Autoparts from Spain apresenta plano estrategico para 2023\"},{\"@type\":\"BreadcrumbList\",\"@id\":\"https:\\\/\\\/jornaldasoficinas.com\\\/pt\\\/autoparts-from-spain-apresenta-plano-estrategico-para-2023\\\/#breadcrumb\",\"itemListElement\":[{\"@type\":\"ListItem\",\"position\":1,\"name\":\"In\u00edcio\",\"item\":\"https:\\\/\\\/jornaldasoficinas.com\\\/pt\\\/\"},{\"@type\":\"ListItem\",\"position\":2,\"name\":\"Autoparts from Spain apresenta plano estrat\u00e9gico para 2023\"}]},{\"@type\":\"WebSite\",\"@id\":\"https:\\\/\\\/jornaldasoficinas.com\\\/pt\\\/#website\",\"url\":\"https:\\\/\\\/jornaldasoficinas.com\\\/pt\\\/\",\"name\":\"Jornal das Oficinas\",\"description\":\"Jornal independente do Aftermarket Autom\u00f3vel em Portugal\",\"publisher\":{\"@id\":\"https:\\\/\\\/jornaldasoficinas.com\\\/pt\\\/#organization\"},\"potentialAction\":[{\"@type\":\"SearchAction\",\"target\":{\"@type\":\"EntryPoint\",\"urlTemplate\":\"https:\\\/\\\/jornaldasoficinas.com\\\/pt\\\/?s={search_term_string}\"},\"query-input\":{\"@type\":\"PropertyValueSpecification\",\"valueRequired\":true,\"valueName\":\"search_term_string\"}}],\"inLanguage\":\"pt-PT\"},{\"@type\":\"Organization\",\"@id\":\"https:\\\/\\\/jornaldasoficinas.com\\\/pt\\\/#organization\",\"name\":\"Jornal das Oficinas\",\"url\":\"https:\\\/\\\/jornaldasoficinas.com\\\/pt\\\/\",\"logo\":{\"@type\":\"ImageObject\",\"inLanguage\":\"pt-PT\",\"@id\":\"https:\\\/\\\/jornaldasoficinas.com\\\/pt\\\/#\\\/schema\\\/logo\\\/image\\\/\",\"url\":\"https:\\\/\\\/jornaldasoficinas.com\\\/pt\\\/wp-content\\\/uploads\\\/logoJO-SEO.png\",\"contentUrl\":\"https:\\\/\\\/jornaldasoficinas.com\\\/pt\\\/wp-content\\\/uploads\\\/logoJO-SEO.png\",\"width\":285,\"height\":450,\"caption\":\"Jornal das Oficinas\"},\"image\":{\"@id\":\"https:\\\/\\\/jornaldasoficinas.com\\\/pt\\\/#\\\/schema\\\/logo\\\/image\\\/\"},\"sameAs\":[\"https:\\\/\\\/www.facebook.com\\\/jornaloficinas\",\"https:\\\/\\\/x.com\\\/jornaloficinas\",\"https:\\\/\\\/www.instagram.com\\\/jornal_oficinas\\\/\",\"https:\\\/\\\/www.linkedin.com\\\/company\\\/jornal-das-oficinas\\\/\",\"https:\\\/\\\/www.youtube.com\\\/channel\\\/UCbQZBqtcvV-oSQrr7RzINGg\"]},{\"@type\":\"Person\",\"@id\":\"https:\\\/\\\/jornaldasoficinas.com\\\/pt\\\/#\\\/schema\\\/person\\\/a38eef5de2c41d9e7c9ac10141afddf3\",\"name\":\"Reda\u00e7\u00e3o JO\",\"image\":{\"@type\":\"ImageObject\",\"inLanguage\":\"pt-PT\",\"@id\":\"https:\\\/\\\/secure.gravatar.com\\\/avatar\\\/71f2fa71737ad68a84fea94bc708ddac8ea5b0c4788dc2ad202f3ccb2887742f?s=96&d=wp_user_avatar&r=g\",\"url\":\"https:\\\/\\\/secure.gravatar.com\\\/avatar\\\/71f2fa71737ad68a84fea94bc708ddac8ea5b0c4788dc2ad202f3ccb2887742f?s=96&d=wp_user_avatar&r=g\",\"contentUrl\":\"https:\\\/\\\/secure.gravatar.com\\\/avatar\\\/71f2fa71737ad68a84fea94bc708ddac8ea5b0c4788dc2ad202f3ccb2887742f?s=96&d=wp_user_avatar&r=g\",\"caption\":\"Reda\u00e7\u00e3o JO\"},\"url\":\"https:\\\/\\\/jornaldasoficinas.com\\\/pt\\\/author\\\/joredacao\\\/\"}]}<\/script>\n<!-- \/ Yoast SEO plugin. -->","yoast_head_json":{"title":"Autoparts from Spain apresenta plano estrat\u00e9gico para 2023 - Jornal das Oficinas","description":"A Autoparts from Spain insere-se num ambicioso projeto de promo\u00e7\u00e3o internacional da oferta espanhola e capacidade exportadora de fornecedores autom\u00f3veis 'made in Spain'.","robots":{"index":"index","follow":"follow","max-snippet":"max-snippet:-1","max-image-preview":"max-image-preview:large","max-video-preview":"max-video-preview:-1"},"canonical":"https:\/\/jornaldasoficinas.com\/pt\/autoparts-from-spain-apresenta-plano-estrategico-para-2023\/","og_locale":"pt_PT","og_type":"article","og_title":"Autoparts from Spain apresenta plano estrat\u00e9gico para 2023 - Jornal das Oficinas","og_description":"A Autoparts from Spain insere-se num ambicioso projeto de promo\u00e7\u00e3o internacional da oferta espanhola e capacidade exportadora de fornecedores autom\u00f3veis 'made in Spain'.","og_url":"https:\/\/jornaldasoficinas.com\/pt\/autoparts-from-spain-apresenta-plano-estrategico-para-2023\/","og_site_name":"Jornal das Oficinas","article_publisher":"https:\/\/www.facebook.com\/jornaloficinas","article_published_time":"2023-02-17T08:00:12+00:00","og_image":[{"width":1024,"height":581,"url":"https:\/\/jornaldasoficinas.com\/pt\/wp-content\/uploads\/2023\/02\/Autoparts-from-Spain-apresenta-plano-estrategico-para-2023.jpg","type":"image\/jpeg"}],"author":"Reda\u00e7\u00e3o JO","twitter_card":"summary_large_image","twitter_creator":"@jornaloficinas","twitter_site":"@jornaloficinas","twitter_misc":{"Escrito por":"Reda\u00e7\u00e3o JO","Tempo estimado de leitura":"2 minutos"},"schema":{"@context":"https:\/\/schema.org","@graph":[{"@type":"Article","@id":"https:\/\/jornaldasoficinas.com\/pt\/autoparts-from-spain-apresenta-plano-estrategico-para-2023\/#article","isPartOf":{"@id":"https:\/\/jornaldasoficinas.com\/pt\/autoparts-from-spain-apresenta-plano-estrategico-para-2023\/"},"author":{"name":"Reda\u00e7\u00e3o JO","@id":"https:\/\/jornaldasoficinas.com\/pt\/#\/schema\/person\/a38eef5de2c41d9e7c9ac10141afddf3"},"headline":"Autoparts from Spain apresenta plano estrat\u00e9gico para 2023","datePublished":"2023-02-17T08:00:12+00:00","mainEntityOfPage":{"@id":"https:\/\/jornaldasoficinas.com\/pt\/autoparts-from-spain-apresenta-plano-estrategico-para-2023\/"},"wordCount":414,"publisher":{"@id":"https:\/\/jornaldasoficinas.com\/pt\/#organization"},"image":{"@id":"https:\/\/jornaldasoficinas.com\/pt\/autoparts-from-spain-apresenta-plano-estrategico-para-2023\/#primaryimage"},"thumbnailUrl":"https:\/\/jornaldasoficinas.com\/pt\/wp-content\/uploads\/2023\/02\/Autoparts-from-Spain-apresenta-plano-estrategico-para-2023.jpg","keywords":["Automechanika","Autoparts from Spain","ICEX","Sernauto"],"articleSection":["Empresas"],"inLanguage":"pt-PT"},{"@type":"WebPage","@id":"https:\/\/jornaldasoficinas.com\/pt\/autoparts-from-spain-apresenta-plano-estrategico-para-2023\/","url":"https:\/\/jornaldasoficinas.com\/pt\/autoparts-from-spain-apresenta-plano-estrategico-para-2023\/","name":"Autoparts from Spain apresenta plano estrat\u00e9gico para 2023 - Jornal das Oficinas","isPartOf":{"@id":"https:\/\/jornaldasoficinas.com\/pt\/#website"},"primaryImageOfPage":{"@id":"https:\/\/jornaldasoficinas.com\/pt\/autoparts-from-spain-apresenta-plano-estrategico-para-2023\/#primaryimage"},"image":{"@id":"https:\/\/jornaldasoficinas.com\/pt\/autoparts-from-spain-apresenta-plano-estrategico-para-2023\/#primaryimage"},"thumbnailUrl":"https:\/\/jornaldasoficinas.com\/pt\/wp-content\/uploads\/2023\/02\/Autoparts-from-Spain-apresenta-plano-estrategico-para-2023.jpg","datePublished":"2023-02-17T08:00:12+00:00","description":"A Autoparts from Spain insere-se num ambicioso projeto de promo\u00e7\u00e3o internacional da oferta espanhola e capacidade exportadora de fornecedores autom\u00f3veis 'made in Spain'.","breadcrumb":{"@id":"https:\/\/jornaldasoficinas.com\/pt\/autoparts-from-spain-apresenta-plano-estrategico-para-2023\/#breadcrumb"},"inLanguage":"pt-PT","potentialAction":[{"@type":"ReadAction","target":["https:\/\/jornaldasoficinas.com\/pt\/autoparts-from-spain-apresenta-plano-estrategico-para-2023\/"]}]},{"@type":"ImageObject","inLanguage":"pt-PT","@id":"https:\/\/jornaldasoficinas.com\/pt\/autoparts-from-spain-apresenta-plano-estrategico-para-2023\/#primaryimage","url":"https:\/\/jornaldasoficinas.com\/pt\/wp-content\/uploads\/2023\/02\/Autoparts-from-Spain-apresenta-plano-estrategico-para-2023.jpg","contentUrl":"https:\/\/jornaldasoficinas.com\/pt\/wp-content\/uploads\/2023\/02\/Autoparts-from-Spain-apresenta-plano-estrategico-para-2023.jpg","width":1024,"height":581,"caption":"02 - Autoparts from Spain apresenta plano estrategico para 2023"},{"@type":"BreadcrumbList","@id":"https:\/\/jornaldasoficinas.com\/pt\/autoparts-from-spain-apresenta-plano-estrategico-para-2023\/#breadcrumb","itemListElement":[{"@type":"ListItem","position":1,"name":"In\u00edcio","item":"https:\/\/jornaldasoficinas.com\/pt\/"},{"@type":"ListItem","position":2,"name":"Autoparts from Spain apresenta plano estrat\u00e9gico para 2023"}]},{"@type":"WebSite","@id":"https:\/\/jornaldasoficinas.com\/pt\/#website","url":"https:\/\/jornaldasoficinas.com\/pt\/","name":"Jornal das Oficinas","description":"Jornal independente do Aftermarket Autom\u00f3vel em Portugal","publisher":{"@id":"https:\/\/jornaldasoficinas.com\/pt\/#organization"},"potentialAction":[{"@type":"SearchAction","target":{"@type":"EntryPoint","urlTemplate":"https:\/\/jornaldasoficinas.com\/pt\/?s={search_term_string}"},"query-input":{"@type":"PropertyValueSpecification","valueRequired":true,"valueName":"search_term_string"}}],"inLanguage":"pt-PT"},{"@type":"Organization","@id":"https:\/\/jornaldasoficinas.com\/pt\/#organization","name":"Jornal das Oficinas","url":"https:\/\/jornaldasoficinas.com\/pt\/","logo":{"@type":"ImageObject","inLanguage":"pt-PT","@id":"https:\/\/jornaldasoficinas.com\/pt\/#\/schema\/logo\/image\/","url":"https:\/\/jornaldasoficinas.com\/pt\/wp-content\/uploads\/logoJO-SEO.png","contentUrl":"https:\/\/jornaldasoficinas.com\/pt\/wp-content\/uploads\/logoJO-SEO.png","width":285,"height":450,"caption":"Jornal das Oficinas"},"image":{"@id":"https:\/\/jornaldasoficinas.com\/pt\/#\/schema\/logo\/image\/"},"sameAs":["https:\/\/www.facebook.com\/jornaloficinas","https:\/\/x.com\/jornaloficinas","https:\/\/www.instagram.com\/jornal_oficinas\/","https:\/\/www.linkedin.com\/company\/jornal-das-oficinas\/","https:\/\/www.youtube.com\/channel\/UCbQZBqtcvV-oSQrr7RzINGg"]},{"@type":"Person","@id":"https:\/\/jornaldasoficinas.com\/pt\/#\/schema\/person\/a38eef5de2c41d9e7c9ac10141afddf3","name":"Reda\u00e7\u00e3o JO","image":{"@type":"ImageObject","inLanguage":"pt-PT","@id":"https:\/\/secure.gravatar.com\/avatar\/71f2fa71737ad68a84fea94bc708ddac8ea5b0c4788dc2ad202f3ccb2887742f?s=96&d=wp_user_avatar&r=g","url":"https:\/\/secure.gravatar.com\/avatar\/71f2fa71737ad68a84fea94bc708ddac8ea5b0c4788dc2ad202f3ccb2887742f?s=96&d=wp_user_avatar&r=g","contentUrl":"https:\/\/secure.gravatar.com\/avatar\/71f2fa71737ad68a84fea94bc708ddac8ea5b0c4788dc2ad202f3ccb2887742f?s=96&d=wp_user_avatar&r=g","caption":"Reda\u00e7\u00e3o JO"},"url":"https:\/\/jornaldasoficinas.com\/pt\/author\/joredacao\/"}]}},"_links":{"self":[{"href":"https:\/\/jornaldasoficinas.com\/pt\/wp-json\/wp\/v2\/posts\/62189","targetHints":{"allow":["GET"]}}],"collection":[{"href":"https:\/\/jornaldasoficinas.com\/pt\/wp-json\/wp\/v2\/posts"}],"about":[{"href":"https:\/\/jornaldasoficinas.com\/pt\/wp-json\/wp\/v2\/types\/post"}],"author":[{"embeddable":true,"href":"https:\/\/jornaldasoficinas.com\/pt\/wp-json\/wp\/v2\/users\/15"}],"replies":[{"embeddable":true,"href":"https:\/\/jornaldasoficinas.com\/pt\/wp-json\/wp\/v2\/comments?post=62189"}],"version-history":[{"count":0,"href":"https:\/\/jornaldasoficinas.com\/pt\/wp-json\/wp\/v2\/posts\/62189\/revisions"}],"wp:featuredmedia":[{"embeddable":true,"href":"https:\/\/jornaldasoficinas.com\/pt\/wp-json\/wp\/v2\/media\/62172"}],"wp:attachment":[{"href":"https:\/\/jornaldasoficinas.com\/pt\/wp-json\/wp\/v2\/media?parent=62189"}],"wp:term":[{"taxonomy":"category","embeddable":true,"href":"https:\/\/jornaldasoficinas.com\/pt\/wp-json\/wp\/v2\/categories?post=62189"},{"taxonomy":"post_tag","embeddable":true,"href":"https:\/\/jornaldasoficinas.com\/pt\/wp-json\/wp\/v2\/tags?post=62189"}],"curies":[{"name":"wp","href":"https:\/\/api.w.org\/{rel}","templated":true}]}}