{"id":62317,"date":"2023-02-20T18:00:45","date_gmt":"2023-02-20T18:00:45","guid":{"rendered":"https:\/\/jornaldasoficinas.com\/pt\/?p=62317"},"modified":"2023-02-20T11:30:16","modified_gmt":"2023-02-20T11:30:16","slug":"parque-automovel-portugues-cada-vez-mais-envelhecido","status":"publish","type":"post","link":"https:\/\/jornaldasoficinas.com\/pt\/parque-automovel-portugues-cada-vez-mais-envelhecido\/","title":{"rendered":"Parque Autom\u00f3vel Portugu\u00eas cada vez mais envelhecido"},"content":{"rendered":"<p><strong><img loading=\"lazy\" decoding=\"async\" class=\"alignnone size-full wp-image-62283\" src=\"https:\/\/jornaldasoficinas.com\/pt\/wp-content\/uploads\/2023\/02\/Parque-Automovel-Portugues-cada-vez-mais-envelhecido-1.jpeg\" alt=\"02 - Parque Automovel Portugues cada vez mais envelhecido 1\" width=\"1024\" height=\"581\" srcset=\"https:\/\/jornaldasoficinas.com\/pt\/wp-content\/uploads\/2023\/02\/Parque-Automovel-Portugues-cada-vez-mais-envelhecido-1.jpeg 1024w, https:\/\/jornaldasoficinas.com\/pt\/wp-content\/uploads\/2023\/02\/Parque-Automovel-Portugues-cada-vez-mais-envelhecido-1-300x170.jpeg 300w, https:\/\/jornaldasoficinas.com\/pt\/wp-content\/uploads\/2023\/02\/Parque-Automovel-Portugues-cada-vez-mais-envelhecido-1-150x85.jpeg 150w, https:\/\/jornaldasoficinas.com\/pt\/wp-content\/uploads\/2023\/02\/Parque-Automovel-Portugues-cada-vez-mais-envelhecido-1-768x436.jpeg 768w\" sizes=\"auto, (max-width: 1024px) 100vw, 1024px\" \/><\/strong><\/p>\n<p><strong>Um milh\u00e3o e meio de autom\u00f3veis a circular em Portugal corresponde a 26 por cento do total do parque autom\u00f3vel, contam com uma idade superior a 20 anos. Este \u00e9 apenas um dos dados que foram analisados na confer\u00eancia de imprensa que a <a href=\"https:\/\/www.acap.pt\/pt\/home\" target=\"_blank\" rel=\"noopener\">ACAP<\/a> promoveu em Lisboa, no decorrer desta semana. Este n\u00famero assume um peso relevante, tendo em conta que, em 2000, os carros com mais de duas d\u00e9cadas de vida representavam apenas um por cento do total do parque<\/strong><\/p>\n<p>Al\u00e9m de um parque autom\u00f3vel envelhecido, particularmente quando comparado com a m\u00e9dia europeia \u2013 em Portugal, no \u00faltimo ano, a idade m\u00e9dia dos ve\u00edculos ligeiros era de 13,4 anos, e de 15 anos tanto nos ligeiros de mercadorias, bem como nos pesados, de passageiros e de mercadorias.<\/p>\n<p>Acrescente-se que, dos 5,6 milh\u00f5es de carros em circula\u00e7\u00e3o em Portugal, em 2021, 63 por cento t\u00eam mais de 10 anos de idade. J\u00e1 no que se refere \u00e0 idade m\u00e9dia dos ve\u00edculos entregues para abate, em 2021, o valor rondava os 23,5 anos (em 2006, fixava-se nos 16 anos).<\/p>\n<p>Tendo em conta este cen\u00e1rio, a ACAP prop\u00f5e que Portugal reintroduza mecanismos de incentivo ao abate de ve\u00edculos em fim de vida para acelerar a substitui\u00e7\u00e3o dos ve\u00edculos convencionais mais antigos e poluentes por ve\u00edculos de baixas emiss\u00f5es. Neste ponto, refira-se que o Acordo de Melhoria de Rendimentos \u2013 celebrado entre o Governo e os Parceiros Sociais \u2013 prev\u00ea a implementa\u00e7\u00e3o de um plano de abate de autom\u00f3veis ligeiros de passageiros em fim de vida e que o Or\u00e7amento do Estado para 2023 contempla a cria\u00e7\u00e3o de um mecanismo que promova a renova\u00e7\u00e3o do parque autom\u00f3vel, incentivo que dever\u00e1 acumular com outros instrumentos atualmente em vigor.<\/p>\n<p>A renova\u00e7\u00e3o do parque autom\u00f3vel (e a consequente aposta na eletrifica\u00e7\u00e3o) em Portugal \u2013 um dos dossi\u00eas priorit\u00e1rios no que se refere ao futuro do sector \u2013 obrigar\u00e1, naturalmente, ao investimento no desenvolvimento da infra-estrutura de carregamento.<\/p>\n<p>Portugal ter\u00e1 de apostar, por isso, no aumento do n\u00famero de pontos de carregamento por posto para otimizar e agilizar a rota\u00e7\u00e3o do carregamento e, ainda, na redu\u00e7\u00e3o dos per\u00edodos de licenciamento.<\/p>\n<p>Paralelamente a este ponto, a ACAP defende, ainda, o refor\u00e7o dos incentivos aos ve\u00edculos el\u00e9tricos no Fundo Ambiental \u2013 seja em n\u00famero, valor de incentivo ou tipologias \u2013, a simplifica\u00e7\u00e3o da aplica\u00e7\u00e3o de incentivos fiscais, a harmoniza\u00e7\u00e3o e refor\u00e7o dos pacotes de incentivos indiretos e, por fim, a atua\u00e7\u00e3o ao n\u00edvel dos pre\u00e7os finais para o consumidor, para aumentar a previsibilidade e a transpar\u00eancia dos custos de carregamento.<\/p>\n<p><strong>O crescimento dos ve\u00edculos el\u00e9tricos em Portugal<br \/>\n<\/strong>Em 2022, o mercado total de ligeiros de passageiros cresceu aproximadamente sete por cento, tendo o mercado de ve\u00edculos el\u00e9tricos registado um crescimento que ultrapassa os 34 por cento. A quota de mercado dos autom\u00f3veis el\u00e9tricos passou de 0 por cento, em 2009, para 11 por cento, em 2022. Esta tend\u00eancia \u00e9 comprovada pela percentagem de matr\u00edculas de autom\u00f3veis ligeiros de passageiros el\u00e9tricos (BEV) da Uni\u00e3o Europeia, que representaram 12 por cento. Portugal segue esta tend\u00eancia, com 11 por cento no total de matr\u00edculas em 2022.<\/p>\n<p><strong>A import\u00e2ncia do sector autom\u00f3vel na economia nacional<br \/>\n<\/strong>Com um volume de neg\u00f3cios de 31 mil milh\u00f5es de euros (2021), o sector autom\u00f3vel em Portugal foi respons\u00e1vel por uma gera\u00e7\u00e3o de riqueza (VAB) de 4,4 mil milh\u00f5es de euros e por um volume de exporta\u00e7\u00f5es que ultrapassou os oito mil milh\u00f5es de euros. O sector agrega, ainda, quase 24 mil empresas e emprega mais de 150 mil trabalhadores.<\/p>\n<p>Relativamente \u00e0 produ\u00e7\u00e3o autom\u00f3vel, refira-se que, em 2022, foram produzidos mais de 322 mil ve\u00edculos, mais 11 por cento do que no ano anterior.<\/p>\n<p>Acrescente-se, contudo, que, quando comparado com o ano de 2019 \u2013 o \u00faltimo ano antes da pandemia e durante o qual foram produzidas mais de 345 mil unidades \u2013, 2022 registou uma queda de quase sete por cento.<\/p>\n<p>No que se refere \u00e0 exporta\u00e7\u00e3o, em 2022, 97 por cento dos ve\u00edculos produzidos em Portugal destinaram-se aos mercados externos, assumindo, aqui, a Alemanha \u2013 o pa\u00eds que recebe a maior parte dos ve\u00edculos produzidos em Portugal \u2013 um papel de destaque. Fran\u00e7a, It\u00e1lia, Espanha e Reino Unido encontram-se, tamb\u00e9m, entre os cinco principais destinos das exporta\u00e7\u00f5es autom\u00f3veis.<\/p>\n<p>Este balan\u00e7o do mercado autom\u00f3vel em Portugal, promovido pela ACAP, debru\u00e7ou-se sobre temas como a moderniza\u00e7\u00e3o do parque autom\u00f3vel nacional e a eletrifica\u00e7\u00e3o e investimento em postos de carregamento. O painel de intervenientes da confer\u00eancia contou com os contributos de H\u00e9lder Pedro, Secret\u00e1rio-Geral da ACAP, Jos\u00e9 Ramos, Presidente da ACAP, e Pablo Puey, Presidente do Conselho Estrat\u00e9gico da ACAP.<\/p>\n","protected":false},"excerpt":{"rendered":"<p>Um milh\u00e3o e meio de autom\u00f3veis&#8230;<\/p>\n","protected":false},"author":15,"featured_media":62283,"comment_status":"closed","ping_status":"closed","sticky":false,"template":"","format":"standard","meta":{"footnotes":""},"categories":[37],"tags":[157,4245,89],"class_list":["post-62317","post","type-post","status-publish","format-standard","has-post-thumbnail","hentry","category-mercado","tag-acap","tag-parque-automovel-envelhecido","tag-veiculos-eletricos"],"yoast_head":"<!-- This site is optimized with the Yoast SEO plugin v27.4 - https:\/\/yoast.com\/product\/yoast-seo-wordpress\/ -->\n<title>Parque Autom\u00f3vel Portugu\u00eas cada vez mais envelhecido - Jornal das Oficinas<\/title>\n<meta name=\"description\" content=\"\u00a0Um milh\u00e3o e meio de autom\u00f3veis a circular em Portugal corresponde a 26% do total do parque autom\u00f3vel, contam com uma idade superior a 20 anos\" \/>\n<meta name=\"robots\" content=\"index, follow, max-snippet:-1, max-image-preview:large, max-video-preview:-1\" \/>\n<link rel=\"canonical\" href=\"https:\/\/jornaldasoficinas.com\/pt\/parque-automovel-portugues-cada-vez-mais-envelhecido\/\" \/>\n<meta property=\"og:locale\" content=\"pt_PT\" \/>\n<meta property=\"og:type\" content=\"article\" \/>\n<meta property=\"og:title\" content=\"Parque Autom\u00f3vel Portugu\u00eas cada vez mais envelhecido - Jornal das Oficinas\" \/>\n<meta property=\"og:description\" content=\"\u00a0Um milh\u00e3o e meio de autom\u00f3veis a circular em Portugal corresponde a 26% do total do parque autom\u00f3vel, contam com uma idade superior a 20 anos\" \/>\n<meta property=\"og:url\" content=\"https:\/\/jornaldasoficinas.com\/pt\/parque-automovel-portugues-cada-vez-mais-envelhecido\/\" \/>\n<meta property=\"og:site_name\" content=\"Jornal das Oficinas\" \/>\n<meta property=\"article:publisher\" content=\"https:\/\/www.facebook.com\/jornaloficinas\" \/>\n<meta property=\"article:published_time\" content=\"2023-02-20T18:00:45+00:00\" \/>\n<meta property=\"og:image\" content=\"https:\/\/jornaldasoficinas.com\/pt\/wp-content\/uploads\/2023\/02\/Parque-Automovel-Portugues-cada-vez-mais-envelhecido-1.jpeg\" \/>\n\t<meta property=\"og:image:width\" content=\"1024\" \/>\n\t<meta property=\"og:image:height\" content=\"581\" \/>\n\t<meta property=\"og:image:type\" content=\"image\/jpeg\" \/>\n<meta name=\"author\" content=\"Reda\u00e7\u00e3o JO\" \/>\n<meta name=\"twitter:card\" content=\"summary_large_image\" \/>\n<meta name=\"twitter:creator\" content=\"@jornaloficinas\" \/>\n<meta name=\"twitter:site\" content=\"@jornaloficinas\" \/>\n<meta name=\"twitter:label1\" content=\"Escrito por\" \/>\n\t<meta name=\"twitter:data1\" content=\"Reda\u00e7\u00e3o JO\" \/>\n\t<meta name=\"twitter:label2\" content=\"Tempo estimado de leitura\" \/>\n\t<meta name=\"twitter:data2\" content=\"4 minutos\" \/>\n<script type=\"application\/ld+json\" class=\"yoast-schema-graph\">{\"@context\":\"https:\\\/\\\/schema.org\",\"@graph\":[{\"@type\":\"Article\",\"@id\":\"https:\\\/\\\/jornaldasoficinas.com\\\/pt\\\/parque-automovel-portugues-cada-vez-mais-envelhecido\\\/#article\",\"isPartOf\":{\"@id\":\"https:\\\/\\\/jornaldasoficinas.com\\\/pt\\\/parque-automovel-portugues-cada-vez-mais-envelhecido\\\/\"},\"author\":{\"name\":\"Reda\u00e7\u00e3o JO\",\"@id\":\"https:\\\/\\\/jornaldasoficinas.com\\\/pt\\\/#\\\/schema\\\/person\\\/a38eef5de2c41d9e7c9ac10141afddf3\"},\"headline\":\"Parque Autom\u00f3vel Portugu\u00eas cada vez mais envelhecido\",\"datePublished\":\"2023-02-20T18:00:45+00:00\",\"mainEntityOfPage\":{\"@id\":\"https:\\\/\\\/jornaldasoficinas.com\\\/pt\\\/parque-automovel-portugues-cada-vez-mais-envelhecido\\\/\"},\"wordCount\":813,\"publisher\":{\"@id\":\"https:\\\/\\\/jornaldasoficinas.com\\\/pt\\\/#organization\"},\"image\":{\"@id\":\"https:\\\/\\\/jornaldasoficinas.com\\\/pt\\\/parque-automovel-portugues-cada-vez-mais-envelhecido\\\/#primaryimage\"},\"thumbnailUrl\":\"https:\\\/\\\/jornaldasoficinas.com\\\/pt\\\/wp-content\\\/uploads\\\/2023\\\/02\\\/Parque-Automovel-Portugues-cada-vez-mais-envelhecido-1.jpeg\",\"keywords\":[\"ACAP\",\"parque autom\u00f3vel envelhecido\",\"Ve\u00edculos el\u00e9tricos\"],\"articleSection\":[\"Mercado\"],\"inLanguage\":\"pt-PT\"},{\"@type\":\"WebPage\",\"@id\":\"https:\\\/\\\/jornaldasoficinas.com\\\/pt\\\/parque-automovel-portugues-cada-vez-mais-envelhecido\\\/\",\"url\":\"https:\\\/\\\/jornaldasoficinas.com\\\/pt\\\/parque-automovel-portugues-cada-vez-mais-envelhecido\\\/\",\"name\":\"Parque Autom\u00f3vel Portugu\u00eas cada vez mais envelhecido - Jornal das Oficinas\",\"isPartOf\":{\"@id\":\"https:\\\/\\\/jornaldasoficinas.com\\\/pt\\\/#website\"},\"primaryImageOfPage\":{\"@id\":\"https:\\\/\\\/jornaldasoficinas.com\\\/pt\\\/parque-automovel-portugues-cada-vez-mais-envelhecido\\\/#primaryimage\"},\"image\":{\"@id\":\"https:\\\/\\\/jornaldasoficinas.com\\\/pt\\\/parque-automovel-portugues-cada-vez-mais-envelhecido\\\/#primaryimage\"},\"thumbnailUrl\":\"https:\\\/\\\/jornaldasoficinas.com\\\/pt\\\/wp-content\\\/uploads\\\/2023\\\/02\\\/Parque-Automovel-Portugues-cada-vez-mais-envelhecido-1.jpeg\",\"datePublished\":\"2023-02-20T18:00:45+00:00\",\"description\":\"\u00a0Um milh\u00e3o e meio de autom\u00f3veis a circular em Portugal corresponde a 26% do total do parque autom\u00f3vel, contam com uma idade superior a 20 anos\",\"breadcrumb\":{\"@id\":\"https:\\\/\\\/jornaldasoficinas.com\\\/pt\\\/parque-automovel-portugues-cada-vez-mais-envelhecido\\\/#breadcrumb\"},\"inLanguage\":\"pt-PT\",\"potentialAction\":[{\"@type\":\"ReadAction\",\"target\":[\"https:\\\/\\\/jornaldasoficinas.com\\\/pt\\\/parque-automovel-portugues-cada-vez-mais-envelhecido\\\/\"]}]},{\"@type\":\"ImageObject\",\"inLanguage\":\"pt-PT\",\"@id\":\"https:\\\/\\\/jornaldasoficinas.com\\\/pt\\\/parque-automovel-portugues-cada-vez-mais-envelhecido\\\/#primaryimage\",\"url\":\"https:\\\/\\\/jornaldasoficinas.com\\\/pt\\\/wp-content\\\/uploads\\\/2023\\\/02\\\/Parque-Automovel-Portugues-cada-vez-mais-envelhecido-1.jpeg\",\"contentUrl\":\"https:\\\/\\\/jornaldasoficinas.com\\\/pt\\\/wp-content\\\/uploads\\\/2023\\\/02\\\/Parque-Automovel-Portugues-cada-vez-mais-envelhecido-1.jpeg\",\"width\":1024,\"height\":581,\"caption\":\"02 - Parque Automovel Portugues cada vez mais envelhecido 1\"},{\"@type\":\"BreadcrumbList\",\"@id\":\"https:\\\/\\\/jornaldasoficinas.com\\\/pt\\\/parque-automovel-portugues-cada-vez-mais-envelhecido\\\/#breadcrumb\",\"itemListElement\":[{\"@type\":\"ListItem\",\"position\":1,\"name\":\"In\u00edcio\",\"item\":\"https:\\\/\\\/jornaldasoficinas.com\\\/pt\\\/\"},{\"@type\":\"ListItem\",\"position\":2,\"name\":\"Parque Autom\u00f3vel Portugu\u00eas cada vez mais envelhecido\"}]},{\"@type\":\"WebSite\",\"@id\":\"https:\\\/\\\/jornaldasoficinas.com\\\/pt\\\/#website\",\"url\":\"https:\\\/\\\/jornaldasoficinas.com\\\/pt\\\/\",\"name\":\"Jornal das Oficinas\",\"description\":\"Jornal independente do Aftermarket Autom\u00f3vel em Portugal\",\"publisher\":{\"@id\":\"https:\\\/\\\/jornaldasoficinas.com\\\/pt\\\/#organization\"},\"potentialAction\":[{\"@type\":\"SearchAction\",\"target\":{\"@type\":\"EntryPoint\",\"urlTemplate\":\"https:\\\/\\\/jornaldasoficinas.com\\\/pt\\\/?s={search_term_string}\"},\"query-input\":{\"@type\":\"PropertyValueSpecification\",\"valueRequired\":true,\"valueName\":\"search_term_string\"}}],\"inLanguage\":\"pt-PT\"},{\"@type\":\"Organization\",\"@id\":\"https:\\\/\\\/jornaldasoficinas.com\\\/pt\\\/#organization\",\"name\":\"Jornal das Oficinas\",\"url\":\"https:\\\/\\\/jornaldasoficinas.com\\\/pt\\\/\",\"logo\":{\"@type\":\"ImageObject\",\"inLanguage\":\"pt-PT\",\"@id\":\"https:\\\/\\\/jornaldasoficinas.com\\\/pt\\\/#\\\/schema\\\/logo\\\/image\\\/\",\"url\":\"https:\\\/\\\/jornaldasoficinas.com\\\/pt\\\/wp-content\\\/uploads\\\/logoJO-SEO.png\",\"contentUrl\":\"https:\\\/\\\/jornaldasoficinas.com\\\/pt\\\/wp-content\\\/uploads\\\/logoJO-SEO.png\",\"width\":285,\"height\":450,\"caption\":\"Jornal das Oficinas\"},\"image\":{\"@id\":\"https:\\\/\\\/jornaldasoficinas.com\\\/pt\\\/#\\\/schema\\\/logo\\\/image\\\/\"},\"sameAs\":[\"https:\\\/\\\/www.facebook.com\\\/jornaloficinas\",\"https:\\\/\\\/x.com\\\/jornaloficinas\",\"https:\\\/\\\/www.instagram.com\\\/jornal_oficinas\\\/\",\"https:\\\/\\\/www.linkedin.com\\\/company\\\/jornal-das-oficinas\\\/\",\"https:\\\/\\\/www.youtube.com\\\/channel\\\/UCbQZBqtcvV-oSQrr7RzINGg\"]},{\"@type\":\"Person\",\"@id\":\"https:\\\/\\\/jornaldasoficinas.com\\\/pt\\\/#\\\/schema\\\/person\\\/a38eef5de2c41d9e7c9ac10141afddf3\",\"name\":\"Reda\u00e7\u00e3o JO\",\"image\":{\"@type\":\"ImageObject\",\"inLanguage\":\"pt-PT\",\"@id\":\"https:\\\/\\\/secure.gravatar.com\\\/avatar\\\/71f2fa71737ad68a84fea94bc708ddac8ea5b0c4788dc2ad202f3ccb2887742f?s=96&d=wp_user_avatar&r=g\",\"url\":\"https:\\\/\\\/secure.gravatar.com\\\/avatar\\\/71f2fa71737ad68a84fea94bc708ddac8ea5b0c4788dc2ad202f3ccb2887742f?s=96&d=wp_user_avatar&r=g\",\"contentUrl\":\"https:\\\/\\\/secure.gravatar.com\\\/avatar\\\/71f2fa71737ad68a84fea94bc708ddac8ea5b0c4788dc2ad202f3ccb2887742f?s=96&d=wp_user_avatar&r=g\",\"caption\":\"Reda\u00e7\u00e3o JO\"},\"url\":\"https:\\\/\\\/jornaldasoficinas.com\\\/pt\\\/author\\\/joredacao\\\/\"}]}<\/script>\n<!-- \/ Yoast SEO plugin. -->","yoast_head_json":{"title":"Parque Autom\u00f3vel Portugu\u00eas cada vez mais envelhecido - Jornal das Oficinas","description":"\u00a0Um milh\u00e3o e meio de autom\u00f3veis a circular em Portugal corresponde a 26% do total do parque autom\u00f3vel, contam com uma idade superior a 20 anos","robots":{"index":"index","follow":"follow","max-snippet":"max-snippet:-1","max-image-preview":"max-image-preview:large","max-video-preview":"max-video-preview:-1"},"canonical":"https:\/\/jornaldasoficinas.com\/pt\/parque-automovel-portugues-cada-vez-mais-envelhecido\/","og_locale":"pt_PT","og_type":"article","og_title":"Parque Autom\u00f3vel Portugu\u00eas cada vez mais envelhecido - Jornal das Oficinas","og_description":"\u00a0Um milh\u00e3o e meio de autom\u00f3veis a circular em Portugal corresponde a 26% do total do parque autom\u00f3vel, contam com uma idade superior a 20 anos","og_url":"https:\/\/jornaldasoficinas.com\/pt\/parque-automovel-portugues-cada-vez-mais-envelhecido\/","og_site_name":"Jornal das Oficinas","article_publisher":"https:\/\/www.facebook.com\/jornaloficinas","article_published_time":"2023-02-20T18:00:45+00:00","og_image":[{"width":1024,"height":581,"url":"https:\/\/jornaldasoficinas.com\/pt\/wp-content\/uploads\/2023\/02\/Parque-Automovel-Portugues-cada-vez-mais-envelhecido-1.jpeg","type":"image\/jpeg"}],"author":"Reda\u00e7\u00e3o JO","twitter_card":"summary_large_image","twitter_creator":"@jornaloficinas","twitter_site":"@jornaloficinas","twitter_misc":{"Escrito por":"Reda\u00e7\u00e3o JO","Tempo estimado de leitura":"4 minutos"},"schema":{"@context":"https:\/\/schema.org","@graph":[{"@type":"Article","@id":"https:\/\/jornaldasoficinas.com\/pt\/parque-automovel-portugues-cada-vez-mais-envelhecido\/#article","isPartOf":{"@id":"https:\/\/jornaldasoficinas.com\/pt\/parque-automovel-portugues-cada-vez-mais-envelhecido\/"},"author":{"name":"Reda\u00e7\u00e3o JO","@id":"https:\/\/jornaldasoficinas.com\/pt\/#\/schema\/person\/a38eef5de2c41d9e7c9ac10141afddf3"},"headline":"Parque Autom\u00f3vel Portugu\u00eas cada vez mais envelhecido","datePublished":"2023-02-20T18:00:45+00:00","mainEntityOfPage":{"@id":"https:\/\/jornaldasoficinas.com\/pt\/parque-automovel-portugues-cada-vez-mais-envelhecido\/"},"wordCount":813,"publisher":{"@id":"https:\/\/jornaldasoficinas.com\/pt\/#organization"},"image":{"@id":"https:\/\/jornaldasoficinas.com\/pt\/parque-automovel-portugues-cada-vez-mais-envelhecido\/#primaryimage"},"thumbnailUrl":"https:\/\/jornaldasoficinas.com\/pt\/wp-content\/uploads\/2023\/02\/Parque-Automovel-Portugues-cada-vez-mais-envelhecido-1.jpeg","keywords":["ACAP","parque autom\u00f3vel envelhecido","Ve\u00edculos el\u00e9tricos"],"articleSection":["Mercado"],"inLanguage":"pt-PT"},{"@type":"WebPage","@id":"https:\/\/jornaldasoficinas.com\/pt\/parque-automovel-portugues-cada-vez-mais-envelhecido\/","url":"https:\/\/jornaldasoficinas.com\/pt\/parque-automovel-portugues-cada-vez-mais-envelhecido\/","name":"Parque Autom\u00f3vel Portugu\u00eas cada vez mais envelhecido - Jornal das Oficinas","isPartOf":{"@id":"https:\/\/jornaldasoficinas.com\/pt\/#website"},"primaryImageOfPage":{"@id":"https:\/\/jornaldasoficinas.com\/pt\/parque-automovel-portugues-cada-vez-mais-envelhecido\/#primaryimage"},"image":{"@id":"https:\/\/jornaldasoficinas.com\/pt\/parque-automovel-portugues-cada-vez-mais-envelhecido\/#primaryimage"},"thumbnailUrl":"https:\/\/jornaldasoficinas.com\/pt\/wp-content\/uploads\/2023\/02\/Parque-Automovel-Portugues-cada-vez-mais-envelhecido-1.jpeg","datePublished":"2023-02-20T18:00:45+00:00","description":"\u00a0Um milh\u00e3o e meio de autom\u00f3veis a circular em Portugal corresponde a 26% do total do parque autom\u00f3vel, contam com uma idade superior a 20 anos","breadcrumb":{"@id":"https:\/\/jornaldasoficinas.com\/pt\/parque-automovel-portugues-cada-vez-mais-envelhecido\/#breadcrumb"},"inLanguage":"pt-PT","potentialAction":[{"@type":"ReadAction","target":["https:\/\/jornaldasoficinas.com\/pt\/parque-automovel-portugues-cada-vez-mais-envelhecido\/"]}]},{"@type":"ImageObject","inLanguage":"pt-PT","@id":"https:\/\/jornaldasoficinas.com\/pt\/parque-automovel-portugues-cada-vez-mais-envelhecido\/#primaryimage","url":"https:\/\/jornaldasoficinas.com\/pt\/wp-content\/uploads\/2023\/02\/Parque-Automovel-Portugues-cada-vez-mais-envelhecido-1.jpeg","contentUrl":"https:\/\/jornaldasoficinas.com\/pt\/wp-content\/uploads\/2023\/02\/Parque-Automovel-Portugues-cada-vez-mais-envelhecido-1.jpeg","width":1024,"height":581,"caption":"02 - Parque Automovel Portugues cada vez mais envelhecido 1"},{"@type":"BreadcrumbList","@id":"https:\/\/jornaldasoficinas.com\/pt\/parque-automovel-portugues-cada-vez-mais-envelhecido\/#breadcrumb","itemListElement":[{"@type":"ListItem","position":1,"name":"In\u00edcio","item":"https:\/\/jornaldasoficinas.com\/pt\/"},{"@type":"ListItem","position":2,"name":"Parque Autom\u00f3vel Portugu\u00eas cada vez mais envelhecido"}]},{"@type":"WebSite","@id":"https:\/\/jornaldasoficinas.com\/pt\/#website","url":"https:\/\/jornaldasoficinas.com\/pt\/","name":"Jornal das Oficinas","description":"Jornal independente do Aftermarket Autom\u00f3vel em Portugal","publisher":{"@id":"https:\/\/jornaldasoficinas.com\/pt\/#organization"},"potentialAction":[{"@type":"SearchAction","target":{"@type":"EntryPoint","urlTemplate":"https:\/\/jornaldasoficinas.com\/pt\/?s={search_term_string}"},"query-input":{"@type":"PropertyValueSpecification","valueRequired":true,"valueName":"search_term_string"}}],"inLanguage":"pt-PT"},{"@type":"Organization","@id":"https:\/\/jornaldasoficinas.com\/pt\/#organization","name":"Jornal das Oficinas","url":"https:\/\/jornaldasoficinas.com\/pt\/","logo":{"@type":"ImageObject","inLanguage":"pt-PT","@id":"https:\/\/jornaldasoficinas.com\/pt\/#\/schema\/logo\/image\/","url":"https:\/\/jornaldasoficinas.com\/pt\/wp-content\/uploads\/logoJO-SEO.png","contentUrl":"https:\/\/jornaldasoficinas.com\/pt\/wp-content\/uploads\/logoJO-SEO.png","width":285,"height":450,"caption":"Jornal das Oficinas"},"image":{"@id":"https:\/\/jornaldasoficinas.com\/pt\/#\/schema\/logo\/image\/"},"sameAs":["https:\/\/www.facebook.com\/jornaloficinas","https:\/\/x.com\/jornaloficinas","https:\/\/www.instagram.com\/jornal_oficinas\/","https:\/\/www.linkedin.com\/company\/jornal-das-oficinas\/","https:\/\/www.youtube.com\/channel\/UCbQZBqtcvV-oSQrr7RzINGg"]},{"@type":"Person","@id":"https:\/\/jornaldasoficinas.com\/pt\/#\/schema\/person\/a38eef5de2c41d9e7c9ac10141afddf3","name":"Reda\u00e7\u00e3o JO","image":{"@type":"ImageObject","inLanguage":"pt-PT","@id":"https:\/\/secure.gravatar.com\/avatar\/71f2fa71737ad68a84fea94bc708ddac8ea5b0c4788dc2ad202f3ccb2887742f?s=96&d=wp_user_avatar&r=g","url":"https:\/\/secure.gravatar.com\/avatar\/71f2fa71737ad68a84fea94bc708ddac8ea5b0c4788dc2ad202f3ccb2887742f?s=96&d=wp_user_avatar&r=g","contentUrl":"https:\/\/secure.gravatar.com\/avatar\/71f2fa71737ad68a84fea94bc708ddac8ea5b0c4788dc2ad202f3ccb2887742f?s=96&d=wp_user_avatar&r=g","caption":"Reda\u00e7\u00e3o JO"},"url":"https:\/\/jornaldasoficinas.com\/pt\/author\/joredacao\/"}]}},"_links":{"self":[{"href":"https:\/\/jornaldasoficinas.com\/pt\/wp-json\/wp\/v2\/posts\/62317","targetHints":{"allow":["GET"]}}],"collection":[{"href":"https:\/\/jornaldasoficinas.com\/pt\/wp-json\/wp\/v2\/posts"}],"about":[{"href":"https:\/\/jornaldasoficinas.com\/pt\/wp-json\/wp\/v2\/types\/post"}],"author":[{"embeddable":true,"href":"https:\/\/jornaldasoficinas.com\/pt\/wp-json\/wp\/v2\/users\/15"}],"replies":[{"embeddable":true,"href":"https:\/\/jornaldasoficinas.com\/pt\/wp-json\/wp\/v2\/comments?post=62317"}],"version-history":[{"count":0,"href":"https:\/\/jornaldasoficinas.com\/pt\/wp-json\/wp\/v2\/posts\/62317\/revisions"}],"wp:featuredmedia":[{"embeddable":true,"href":"https:\/\/jornaldasoficinas.com\/pt\/wp-json\/wp\/v2\/media\/62283"}],"wp:attachment":[{"href":"https:\/\/jornaldasoficinas.com\/pt\/wp-json\/wp\/v2\/media?parent=62317"}],"wp:term":[{"taxonomy":"category","embeddable":true,"href":"https:\/\/jornaldasoficinas.com\/pt\/wp-json\/wp\/v2\/categories?post=62317"},{"taxonomy":"post_tag","embeddable":true,"href":"https:\/\/jornaldasoficinas.com\/pt\/wp-json\/wp\/v2\/tags?post=62317"}],"curies":[{"name":"wp","href":"https:\/\/api.w.org\/{rel}","templated":true}]}}