{"id":62343,"date":"2023-02-21T08:00:10","date_gmt":"2023-02-21T08:00:10","guid":{"rendered":"https:\/\/jornaldasoficinas.com\/pt\/?p=62343"},"modified":"2023-02-22T16:25:00","modified_gmt":"2023-02-22T16:25:00","slug":"grupo-driver-elege-lisboa-para-convencao","status":"publish","type":"post","link":"https:\/\/jornaldasoficinas.com\/pt\/grupo-driver-elege-lisboa-para-convencao\/","title":{"rendered":"Grupo Driver elege Lisboa para conven\u00e7\u00e3o"},"content":{"rendered":"<p><strong><img loading=\"lazy\" decoding=\"async\" class=\"alignnone size-full wp-image-62344\" src=\"https:\/\/jornaldasoficinas.com\/pt\/wp-content\/uploads\/2023\/02\/Grupo-Driver-elege-Lisboa-para-convencao.jpg\" alt=\"02 - Grupo Driver elege Lisboa para convencao\" width=\"1024\" height=\"581\" srcset=\"https:\/\/jornaldasoficinas.com\/pt\/wp-content\/uploads\/2023\/02\/Grupo-Driver-elege-Lisboa-para-convencao.jpg 1024w, https:\/\/jornaldasoficinas.com\/pt\/wp-content\/uploads\/2023\/02\/Grupo-Driver-elege-Lisboa-para-convencao-300x170.jpg 300w, https:\/\/jornaldasoficinas.com\/pt\/wp-content\/uploads\/2023\/02\/Grupo-Driver-elege-Lisboa-para-convencao-150x85.jpg 150w, https:\/\/jornaldasoficinas.com\/pt\/wp-content\/uploads\/2023\/02\/Grupo-Driver-elege-Lisboa-para-convencao-768x436.jpg 768w\" sizes=\"auto, (max-width: 1024px) 100vw, 1024px\" \/><\/strong><\/p>\n<p><strong>Nos dias 10, 11 e 12 de fevereiro, o <a href=\"https:\/\/www.grupo-driver.com\/\" target=\"_blank\" rel=\"noopener\">Grupo Driver<\/a> realizou o tradicional encontro anual com todos os seus s\u00f3cios, que em 2023, e pela primeira vez na sua hist\u00f3ria, decorreu no pa\u00eds vizinho. A cidade de Lisboa, reuniu 309 visitantes que conheceram em primeira m\u00e3o o estado da empresa e os novos projetos comerciais e digitais para o novo ano<\/strong><\/p>\n<p>O Grupo Driver inicia 2023 com uma sa\u00fade de ferro, como se deduz dos n\u00fameros da sua recente conven\u00e7\u00e3o anual. Sob o lema \u201cSomos mais\u201d, os respons\u00e1veis \u200b\u200bpelas oficinas nacionais corresponderam \u00e0 ambi\u00e7\u00e3o da Central e acudiram em massa, quebrando recorde de p\u00fablico em eventos de grupo.<\/p>\n<p>O encontro iniciou com as habituais apresenta\u00e7\u00f5es, durante as quais foi apresentado o estado das redes Driver e Autia. Foi tamb\u00e9m realizado um diagn\u00f3stico da situa\u00e7\u00e3o do mercado e apresentados os novos projetos comerciais e digitais para 2023. De entre os oradores desta fase inicial do evento, destacaram-se Alberto Zanoli, chefe do Grupo Driver na Europa, e Carlos Mart\u00edn, secret\u00e1rio-geral da <a href=\"https:\/\/www.ancera.org\/\" target=\"_blank\" rel=\"noopener\">ANCERA<\/a> e da OPEN.<\/p>\n<p>Este \u00faltimo debateu com os representantes do Conselho de Administra\u00e7\u00e3o da Driver numa interessante e divertida mesa-redonda. Nas sess\u00f5es plen\u00e1rias tamb\u00e9m esteve presente um convidado de destaque: Emilio Dur\u00f3, consultor, conselheiro e formador empresarial, cujas reflex\u00f5es animaram e at\u00e9 comoveram a audi\u00eancia de S\u00f3cios presente.<\/p>\n<p>Para al\u00e9m da presen\u00e7a assinal\u00e1vel de representantes das oficinas Driver e Autia em Espanha, o local da Conven\u00e7\u00e3o em Lisboa foi o pretexto perfeito para fazer um primeiro contacto com alguns gestores de oficinas portugueses interessados \u200b\u200bem integrar o Grupo. Nesse sentido, a experi\u00eancia da N L\u00edder, em Lisboa, serviu como um caso de sucesso perfeito, a par da sua experi\u00eancia positiva com a Driver, em Leiria.<\/p>\n<p>A Conven\u00e7\u00e3o de 2023 tamb\u00e9m contou com espa\u00e7os dedicados ao lazer. Momentos pensados \u200b\u200bpara que os S\u00f3cios pudessem partilhar experi\u00eancias e aprendizagens num ambiente mais informal. Entre as propostas estava uma atividade de grupo que permitiu conhecer a cidade de Lisboa a p\u00e9, de autocarro, ou no famoso tuk-tuk. Na noite de s\u00e1bado, 11 de fevereiro, o evento encerrou com o tradicional jantar de gala, que teve direito a uma surpresa: a presen\u00e7a do comediante Leo Harlem, que encantou os convidados com um mon\u00f3logo fresco e hilariante.<\/p>\n<p>Jos\u00e9 Ram\u00f3n Arn\u00f3, diretor geral do Grupo Driver, resumiu a Conven\u00e7\u00e3o de 2023 com as seguintes palavras: \u201cTemos a certeza de que conseguimos transmitir as mensagens importantes para enfrentar o ano de 2023 com rentabilidade e com um passo firme em dire\u00e7\u00e3o \u00e0 linha que o Grupo est\u00e1 a projetar para o futuro pr\u00f3ximo. Relativamente aos S\u00f3cios, s\u00f3 posso agradecer o apoio demonstrado com a excelente participa\u00e7\u00e3o e a for\u00e7a que ofereceram ao projeto e \u00e0 equipa para continuar a lutar. \u00c9 uma honra dar a cara por esta grande equipa, de um Conselho de Administra\u00e7\u00e3o forte e de S\u00f3cios incr\u00edveis, que nos motivam a ser melhores dia ap\u00f3s dia e MAIS GRUPO do que nunca\u201d.<\/p>\n","protected":false},"excerpt":{"rendered":"<p>Nos dias 10, 11 e 12&#8230;<\/p>\n","protected":false},"author":15,"featured_media":62344,"comment_status":"closed","ping_status":"closed","sticky":false,"template":"","format":"standard","meta":{"footnotes":""},"categories":[29],"tags":[4250,4255,998,4253,4251,2872,4254,4252],"class_list":["post-62343","post","type-post","status-publish","format-standard","has-post-thumbnail","hentry","category-empresas","tag-10-a-12-de-fevereiro","tag-alberto-zanoli","tag-ancera","tag-convencao-de-2023","tag-encontro-anual","tag-grupo-driver","tag-jose-ramon-arno","tag-novos-projetos"],"yoast_head":"<!-- This site is optimized with the Yoast SEO plugin v27.4 - https:\/\/yoast.com\/product\/yoast-seo-wordpress\/ -->\n<title>Grupo Driver elege Lisboa para conven\u00e7\u00e3o - Jornal das Oficinas<\/title>\n<meta name=\"description\" content=\"\u00a0Nos dias 10, 11 e 12 de fevereiro, o Grupo Driver realizou o tradicional encontro anual com todos os seus s\u00f3cios\" \/>\n<meta name=\"robots\" content=\"index, follow, max-snippet:-1, max-image-preview:large, max-video-preview:-1\" \/>\n<link rel=\"canonical\" href=\"https:\/\/jornaldasoficinas.com\/pt\/grupo-driver-elege-lisboa-para-convencao\/\" \/>\n<meta property=\"og:locale\" content=\"pt_PT\" \/>\n<meta property=\"og:type\" content=\"article\" \/>\n<meta property=\"og:title\" content=\"Grupo Driver elege Lisboa para conven\u00e7\u00e3o - Jornal das Oficinas\" \/>\n<meta property=\"og:description\" content=\"\u00a0Nos dias 10, 11 e 12 de fevereiro, o Grupo Driver realizou o tradicional encontro anual com todos os seus s\u00f3cios\" \/>\n<meta property=\"og:url\" content=\"https:\/\/jornaldasoficinas.com\/pt\/grupo-driver-elege-lisboa-para-convencao\/\" \/>\n<meta property=\"og:site_name\" content=\"Jornal das Oficinas\" \/>\n<meta property=\"article:publisher\" content=\"https:\/\/www.facebook.com\/jornaloficinas\" \/>\n<meta property=\"article:published_time\" content=\"2023-02-21T08:00:10+00:00\" \/>\n<meta property=\"article:modified_time\" content=\"2023-02-22T16:25:00+00:00\" \/>\n<meta property=\"og:image\" content=\"https:\/\/jornaldasoficinas.com\/pt\/wp-content\/uploads\/2023\/02\/Grupo-Driver-elege-Lisboa-para-convencao.jpg\" \/>\n\t<meta property=\"og:image:width\" content=\"1024\" \/>\n\t<meta property=\"og:image:height\" content=\"581\" \/>\n\t<meta property=\"og:image:type\" content=\"image\/jpeg\" \/>\n<meta name=\"author\" content=\"Reda\u00e7\u00e3o JO\" \/>\n<meta name=\"twitter:card\" content=\"summary_large_image\" \/>\n<meta name=\"twitter:creator\" content=\"@jornaloficinas\" \/>\n<meta name=\"twitter:site\" content=\"@jornaloficinas\" \/>\n<meta name=\"twitter:label1\" content=\"Escrito por\" \/>\n\t<meta name=\"twitter:data1\" content=\"Reda\u00e7\u00e3o JO\" \/>\n\t<meta name=\"twitter:label2\" content=\"Tempo estimado de leitura\" \/>\n\t<meta name=\"twitter:data2\" content=\"3 minutos\" \/>\n<script type=\"application\/ld+json\" class=\"yoast-schema-graph\">{\"@context\":\"https:\\\/\\\/schema.org\",\"@graph\":[{\"@type\":\"Article\",\"@id\":\"https:\\\/\\\/jornaldasoficinas.com\\\/pt\\\/grupo-driver-elege-lisboa-para-convencao\\\/#article\",\"isPartOf\":{\"@id\":\"https:\\\/\\\/jornaldasoficinas.com\\\/pt\\\/grupo-driver-elege-lisboa-para-convencao\\\/\"},\"author\":{\"name\":\"Reda\u00e7\u00e3o JO\",\"@id\":\"https:\\\/\\\/jornaldasoficinas.com\\\/pt\\\/#\\\/schema\\\/person\\\/a38eef5de2c41d9e7c9ac10141afddf3\"},\"headline\":\"Grupo Driver elege Lisboa para conven\u00e7\u00e3o\",\"datePublished\":\"2023-02-21T08:00:10+00:00\",\"dateModified\":\"2023-02-22T16:25:00+00:00\",\"mainEntityOfPage\":{\"@id\":\"https:\\\/\\\/jornaldasoficinas.com\\\/pt\\\/grupo-driver-elege-lisboa-para-convencao\\\/\"},\"wordCount\":530,\"publisher\":{\"@id\":\"https:\\\/\\\/jornaldasoficinas.com\\\/pt\\\/#organization\"},\"image\":{\"@id\":\"https:\\\/\\\/jornaldasoficinas.com\\\/pt\\\/grupo-driver-elege-lisboa-para-convencao\\\/#primaryimage\"},\"thumbnailUrl\":\"https:\\\/\\\/jornaldasoficinas.com\\\/pt\\\/wp-content\\\/uploads\\\/2023\\\/02\\\/Grupo-Driver-elege-Lisboa-para-convencao.jpg\",\"keywords\":[\"10 a 12 de fevereiro\",\"Alberto Zanoli\",\"Ancera\",\"Conven\u00e7\u00e3o de 2023\",\"Encontro anual\",\"Grupo Driver\",\"Jos\u00e9 Ram\u00f3n Arn\u00f3\",\"novos projetos\"],\"articleSection\":[\"Empresas\"],\"inLanguage\":\"pt-PT\"},{\"@type\":\"WebPage\",\"@id\":\"https:\\\/\\\/jornaldasoficinas.com\\\/pt\\\/grupo-driver-elege-lisboa-para-convencao\\\/\",\"url\":\"https:\\\/\\\/jornaldasoficinas.com\\\/pt\\\/grupo-driver-elege-lisboa-para-convencao\\\/\",\"name\":\"Grupo Driver elege Lisboa para conven\u00e7\u00e3o - Jornal das Oficinas\",\"isPartOf\":{\"@id\":\"https:\\\/\\\/jornaldasoficinas.com\\\/pt\\\/#website\"},\"primaryImageOfPage\":{\"@id\":\"https:\\\/\\\/jornaldasoficinas.com\\\/pt\\\/grupo-driver-elege-lisboa-para-convencao\\\/#primaryimage\"},\"image\":{\"@id\":\"https:\\\/\\\/jornaldasoficinas.com\\\/pt\\\/grupo-driver-elege-lisboa-para-convencao\\\/#primaryimage\"},\"thumbnailUrl\":\"https:\\\/\\\/jornaldasoficinas.com\\\/pt\\\/wp-content\\\/uploads\\\/2023\\\/02\\\/Grupo-Driver-elege-Lisboa-para-convencao.jpg\",\"datePublished\":\"2023-02-21T08:00:10+00:00\",\"dateModified\":\"2023-02-22T16:25:00+00:00\",\"description\":\"\u00a0Nos dias 10, 11 e 12 de fevereiro, o Grupo Driver realizou o tradicional encontro anual com todos os seus s\u00f3cios\",\"breadcrumb\":{\"@id\":\"https:\\\/\\\/jornaldasoficinas.com\\\/pt\\\/grupo-driver-elege-lisboa-para-convencao\\\/#breadcrumb\"},\"inLanguage\":\"pt-PT\",\"potentialAction\":[{\"@type\":\"ReadAction\",\"target\":[\"https:\\\/\\\/jornaldasoficinas.com\\\/pt\\\/grupo-driver-elege-lisboa-para-convencao\\\/\"]}]},{\"@type\":\"ImageObject\",\"inLanguage\":\"pt-PT\",\"@id\":\"https:\\\/\\\/jornaldasoficinas.com\\\/pt\\\/grupo-driver-elege-lisboa-para-convencao\\\/#primaryimage\",\"url\":\"https:\\\/\\\/jornaldasoficinas.com\\\/pt\\\/wp-content\\\/uploads\\\/2023\\\/02\\\/Grupo-Driver-elege-Lisboa-para-convencao.jpg\",\"contentUrl\":\"https:\\\/\\\/jornaldasoficinas.com\\\/pt\\\/wp-content\\\/uploads\\\/2023\\\/02\\\/Grupo-Driver-elege-Lisboa-para-convencao.jpg\",\"width\":1024,\"height\":581,\"caption\":\"02 - Grupo Driver elege Lisboa para convencao\"},{\"@type\":\"BreadcrumbList\",\"@id\":\"https:\\\/\\\/jornaldasoficinas.com\\\/pt\\\/grupo-driver-elege-lisboa-para-convencao\\\/#breadcrumb\",\"itemListElement\":[{\"@type\":\"ListItem\",\"position\":1,\"name\":\"In\u00edcio\",\"item\":\"https:\\\/\\\/jornaldasoficinas.com\\\/pt\\\/\"},{\"@type\":\"ListItem\",\"position\":2,\"name\":\"Grupo Driver elege Lisboa para conven\u00e7\u00e3o\"}]},{\"@type\":\"WebSite\",\"@id\":\"https:\\\/\\\/jornaldasoficinas.com\\\/pt\\\/#website\",\"url\":\"https:\\\/\\\/jornaldasoficinas.com\\\/pt\\\/\",\"name\":\"Jornal das Oficinas\",\"description\":\"Jornal independente do Aftermarket Autom\u00f3vel em Portugal\",\"publisher\":{\"@id\":\"https:\\\/\\\/jornaldasoficinas.com\\\/pt\\\/#organization\"},\"potentialAction\":[{\"@type\":\"SearchAction\",\"target\":{\"@type\":\"EntryPoint\",\"urlTemplate\":\"https:\\\/\\\/jornaldasoficinas.com\\\/pt\\\/?s={search_term_string}\"},\"query-input\":{\"@type\":\"PropertyValueSpecification\",\"valueRequired\":true,\"valueName\":\"search_term_string\"}}],\"inLanguage\":\"pt-PT\"},{\"@type\":\"Organization\",\"@id\":\"https:\\\/\\\/jornaldasoficinas.com\\\/pt\\\/#organization\",\"name\":\"Jornal das Oficinas\",\"url\":\"https:\\\/\\\/jornaldasoficinas.com\\\/pt\\\/\",\"logo\":{\"@type\":\"ImageObject\",\"inLanguage\":\"pt-PT\",\"@id\":\"https:\\\/\\\/jornaldasoficinas.com\\\/pt\\\/#\\\/schema\\\/logo\\\/image\\\/\",\"url\":\"https:\\\/\\\/jornaldasoficinas.com\\\/pt\\\/wp-content\\\/uploads\\\/logoJO-SEO.png\",\"contentUrl\":\"https:\\\/\\\/jornaldasoficinas.com\\\/pt\\\/wp-content\\\/uploads\\\/logoJO-SEO.png\",\"width\":285,\"height\":450,\"caption\":\"Jornal das Oficinas\"},\"image\":{\"@id\":\"https:\\\/\\\/jornaldasoficinas.com\\\/pt\\\/#\\\/schema\\\/logo\\\/image\\\/\"},\"sameAs\":[\"https:\\\/\\\/www.facebook.com\\\/jornaloficinas\",\"https:\\\/\\\/x.com\\\/jornaloficinas\",\"https:\\\/\\\/www.instagram.com\\\/jornal_oficinas\\\/\",\"https:\\\/\\\/www.linkedin.com\\\/company\\\/jornal-das-oficinas\\\/\",\"https:\\\/\\\/www.youtube.com\\\/channel\\\/UCbQZBqtcvV-oSQrr7RzINGg\"]},{\"@type\":\"Person\",\"@id\":\"https:\\\/\\\/jornaldasoficinas.com\\\/pt\\\/#\\\/schema\\\/person\\\/a38eef5de2c41d9e7c9ac10141afddf3\",\"name\":\"Reda\u00e7\u00e3o JO\",\"image\":{\"@type\":\"ImageObject\",\"inLanguage\":\"pt-PT\",\"@id\":\"https:\\\/\\\/secure.gravatar.com\\\/avatar\\\/71f2fa71737ad68a84fea94bc708ddac8ea5b0c4788dc2ad202f3ccb2887742f?s=96&d=wp_user_avatar&r=g\",\"url\":\"https:\\\/\\\/secure.gravatar.com\\\/avatar\\\/71f2fa71737ad68a84fea94bc708ddac8ea5b0c4788dc2ad202f3ccb2887742f?s=96&d=wp_user_avatar&r=g\",\"contentUrl\":\"https:\\\/\\\/secure.gravatar.com\\\/avatar\\\/71f2fa71737ad68a84fea94bc708ddac8ea5b0c4788dc2ad202f3ccb2887742f?s=96&d=wp_user_avatar&r=g\",\"caption\":\"Reda\u00e7\u00e3o JO\"},\"url\":\"https:\\\/\\\/jornaldasoficinas.com\\\/pt\\\/author\\\/joredacao\\\/\"}]}<\/script>\n<!-- \/ Yoast SEO plugin. -->","yoast_head_json":{"title":"Grupo Driver elege Lisboa para conven\u00e7\u00e3o - Jornal das Oficinas","description":"\u00a0Nos dias 10, 11 e 12 de fevereiro, o Grupo Driver realizou o tradicional encontro anual com todos os seus s\u00f3cios","robots":{"index":"index","follow":"follow","max-snippet":"max-snippet:-1","max-image-preview":"max-image-preview:large","max-video-preview":"max-video-preview:-1"},"canonical":"https:\/\/jornaldasoficinas.com\/pt\/grupo-driver-elege-lisboa-para-convencao\/","og_locale":"pt_PT","og_type":"article","og_title":"Grupo Driver elege Lisboa para conven\u00e7\u00e3o - Jornal das Oficinas","og_description":"\u00a0Nos dias 10, 11 e 12 de fevereiro, o Grupo Driver realizou o tradicional encontro anual com todos os seus s\u00f3cios","og_url":"https:\/\/jornaldasoficinas.com\/pt\/grupo-driver-elege-lisboa-para-convencao\/","og_site_name":"Jornal das Oficinas","article_publisher":"https:\/\/www.facebook.com\/jornaloficinas","article_published_time":"2023-02-21T08:00:10+00:00","article_modified_time":"2023-02-22T16:25:00+00:00","og_image":[{"width":1024,"height":581,"url":"https:\/\/jornaldasoficinas.com\/pt\/wp-content\/uploads\/2023\/02\/Grupo-Driver-elege-Lisboa-para-convencao.jpg","type":"image\/jpeg"}],"author":"Reda\u00e7\u00e3o JO","twitter_card":"summary_large_image","twitter_creator":"@jornaloficinas","twitter_site":"@jornaloficinas","twitter_misc":{"Escrito por":"Reda\u00e7\u00e3o JO","Tempo estimado de leitura":"3 minutos"},"schema":{"@context":"https:\/\/schema.org","@graph":[{"@type":"Article","@id":"https:\/\/jornaldasoficinas.com\/pt\/grupo-driver-elege-lisboa-para-convencao\/#article","isPartOf":{"@id":"https:\/\/jornaldasoficinas.com\/pt\/grupo-driver-elege-lisboa-para-convencao\/"},"author":{"name":"Reda\u00e7\u00e3o JO","@id":"https:\/\/jornaldasoficinas.com\/pt\/#\/schema\/person\/a38eef5de2c41d9e7c9ac10141afddf3"},"headline":"Grupo Driver elege Lisboa para conven\u00e7\u00e3o","datePublished":"2023-02-21T08:00:10+00:00","dateModified":"2023-02-22T16:25:00+00:00","mainEntityOfPage":{"@id":"https:\/\/jornaldasoficinas.com\/pt\/grupo-driver-elege-lisboa-para-convencao\/"},"wordCount":530,"publisher":{"@id":"https:\/\/jornaldasoficinas.com\/pt\/#organization"},"image":{"@id":"https:\/\/jornaldasoficinas.com\/pt\/grupo-driver-elege-lisboa-para-convencao\/#primaryimage"},"thumbnailUrl":"https:\/\/jornaldasoficinas.com\/pt\/wp-content\/uploads\/2023\/02\/Grupo-Driver-elege-Lisboa-para-convencao.jpg","keywords":["10 a 12 de fevereiro","Alberto Zanoli","Ancera","Conven\u00e7\u00e3o de 2023","Encontro anual","Grupo Driver","Jos\u00e9 Ram\u00f3n Arn\u00f3","novos projetos"],"articleSection":["Empresas"],"inLanguage":"pt-PT"},{"@type":"WebPage","@id":"https:\/\/jornaldasoficinas.com\/pt\/grupo-driver-elege-lisboa-para-convencao\/","url":"https:\/\/jornaldasoficinas.com\/pt\/grupo-driver-elege-lisboa-para-convencao\/","name":"Grupo Driver elege Lisboa para conven\u00e7\u00e3o - Jornal das Oficinas","isPartOf":{"@id":"https:\/\/jornaldasoficinas.com\/pt\/#website"},"primaryImageOfPage":{"@id":"https:\/\/jornaldasoficinas.com\/pt\/grupo-driver-elege-lisboa-para-convencao\/#primaryimage"},"image":{"@id":"https:\/\/jornaldasoficinas.com\/pt\/grupo-driver-elege-lisboa-para-convencao\/#primaryimage"},"thumbnailUrl":"https:\/\/jornaldasoficinas.com\/pt\/wp-content\/uploads\/2023\/02\/Grupo-Driver-elege-Lisboa-para-convencao.jpg","datePublished":"2023-02-21T08:00:10+00:00","dateModified":"2023-02-22T16:25:00+00:00","description":"\u00a0Nos dias 10, 11 e 12 de fevereiro, o Grupo Driver realizou o tradicional encontro anual com todos os seus s\u00f3cios","breadcrumb":{"@id":"https:\/\/jornaldasoficinas.com\/pt\/grupo-driver-elege-lisboa-para-convencao\/#breadcrumb"},"inLanguage":"pt-PT","potentialAction":[{"@type":"ReadAction","target":["https:\/\/jornaldasoficinas.com\/pt\/grupo-driver-elege-lisboa-para-convencao\/"]}]},{"@type":"ImageObject","inLanguage":"pt-PT","@id":"https:\/\/jornaldasoficinas.com\/pt\/grupo-driver-elege-lisboa-para-convencao\/#primaryimage","url":"https:\/\/jornaldasoficinas.com\/pt\/wp-content\/uploads\/2023\/02\/Grupo-Driver-elege-Lisboa-para-convencao.jpg","contentUrl":"https:\/\/jornaldasoficinas.com\/pt\/wp-content\/uploads\/2023\/02\/Grupo-Driver-elege-Lisboa-para-convencao.jpg","width":1024,"height":581,"caption":"02 - Grupo Driver elege Lisboa para convencao"},{"@type":"BreadcrumbList","@id":"https:\/\/jornaldasoficinas.com\/pt\/grupo-driver-elege-lisboa-para-convencao\/#breadcrumb","itemListElement":[{"@type":"ListItem","position":1,"name":"In\u00edcio","item":"https:\/\/jornaldasoficinas.com\/pt\/"},{"@type":"ListItem","position":2,"name":"Grupo Driver elege Lisboa para conven\u00e7\u00e3o"}]},{"@type":"WebSite","@id":"https:\/\/jornaldasoficinas.com\/pt\/#website","url":"https:\/\/jornaldasoficinas.com\/pt\/","name":"Jornal das Oficinas","description":"Jornal independente do Aftermarket Autom\u00f3vel em Portugal","publisher":{"@id":"https:\/\/jornaldasoficinas.com\/pt\/#organization"},"potentialAction":[{"@type":"SearchAction","target":{"@type":"EntryPoint","urlTemplate":"https:\/\/jornaldasoficinas.com\/pt\/?s={search_term_string}"},"query-input":{"@type":"PropertyValueSpecification","valueRequired":true,"valueName":"search_term_string"}}],"inLanguage":"pt-PT"},{"@type":"Organization","@id":"https:\/\/jornaldasoficinas.com\/pt\/#organization","name":"Jornal das Oficinas","url":"https:\/\/jornaldasoficinas.com\/pt\/","logo":{"@type":"ImageObject","inLanguage":"pt-PT","@id":"https:\/\/jornaldasoficinas.com\/pt\/#\/schema\/logo\/image\/","url":"https:\/\/jornaldasoficinas.com\/pt\/wp-content\/uploads\/logoJO-SEO.png","contentUrl":"https:\/\/jornaldasoficinas.com\/pt\/wp-content\/uploads\/logoJO-SEO.png","width":285,"height":450,"caption":"Jornal das Oficinas"},"image":{"@id":"https:\/\/jornaldasoficinas.com\/pt\/#\/schema\/logo\/image\/"},"sameAs":["https:\/\/www.facebook.com\/jornaloficinas","https:\/\/x.com\/jornaloficinas","https:\/\/www.instagram.com\/jornal_oficinas\/","https:\/\/www.linkedin.com\/company\/jornal-das-oficinas\/","https:\/\/www.youtube.com\/channel\/UCbQZBqtcvV-oSQrr7RzINGg"]},{"@type":"Person","@id":"https:\/\/jornaldasoficinas.com\/pt\/#\/schema\/person\/a38eef5de2c41d9e7c9ac10141afddf3","name":"Reda\u00e7\u00e3o JO","image":{"@type":"ImageObject","inLanguage":"pt-PT","@id":"https:\/\/secure.gravatar.com\/avatar\/71f2fa71737ad68a84fea94bc708ddac8ea5b0c4788dc2ad202f3ccb2887742f?s=96&d=wp_user_avatar&r=g","url":"https:\/\/secure.gravatar.com\/avatar\/71f2fa71737ad68a84fea94bc708ddac8ea5b0c4788dc2ad202f3ccb2887742f?s=96&d=wp_user_avatar&r=g","contentUrl":"https:\/\/secure.gravatar.com\/avatar\/71f2fa71737ad68a84fea94bc708ddac8ea5b0c4788dc2ad202f3ccb2887742f?s=96&d=wp_user_avatar&r=g","caption":"Reda\u00e7\u00e3o JO"},"url":"https:\/\/jornaldasoficinas.com\/pt\/author\/joredacao\/"}]}},"_links":{"self":[{"href":"https:\/\/jornaldasoficinas.com\/pt\/wp-json\/wp\/v2\/posts\/62343","targetHints":{"allow":["GET"]}}],"collection":[{"href":"https:\/\/jornaldasoficinas.com\/pt\/wp-json\/wp\/v2\/posts"}],"about":[{"href":"https:\/\/jornaldasoficinas.com\/pt\/wp-json\/wp\/v2\/types\/post"}],"author":[{"embeddable":true,"href":"https:\/\/jornaldasoficinas.com\/pt\/wp-json\/wp\/v2\/users\/15"}],"replies":[{"embeddable":true,"href":"https:\/\/jornaldasoficinas.com\/pt\/wp-json\/wp\/v2\/comments?post=62343"}],"version-history":[{"count":0,"href":"https:\/\/jornaldasoficinas.com\/pt\/wp-json\/wp\/v2\/posts\/62343\/revisions"}],"wp:featuredmedia":[{"embeddable":true,"href":"https:\/\/jornaldasoficinas.com\/pt\/wp-json\/wp\/v2\/media\/62344"}],"wp:attachment":[{"href":"https:\/\/jornaldasoficinas.com\/pt\/wp-json\/wp\/v2\/media?parent=62343"}],"wp:term":[{"taxonomy":"category","embeddable":true,"href":"https:\/\/jornaldasoficinas.com\/pt\/wp-json\/wp\/v2\/categories?post=62343"},{"taxonomy":"post_tag","embeddable":true,"href":"https:\/\/jornaldasoficinas.com\/pt\/wp-json\/wp\/v2\/tags?post=62343"}],"curies":[{"name":"wp","href":"https:\/\/api.w.org\/{rel}","templated":true}]}}