{"id":62353,"date":"2023-02-21T10:00:59","date_gmt":"2023-02-21T10:00:59","guid":{"rendered":"https:\/\/jornaldasoficinas.com\/pt\/?p=62353"},"modified":"2023-02-20T16:53:31","modified_gmt":"2023-02-20T16:53:31","slug":"grupo-serca-de-braco-dado-com-o-banco-alimentar-de-madrid","status":"publish","type":"post","link":"https:\/\/jornaldasoficinas.com\/pt\/grupo-serca-de-braco-dado-com-o-banco-alimentar-de-madrid\/","title":{"rendered":"Grupo Serca de bra\u00e7o dado com o Banco Alimentar de Madrid"},"content":{"rendered":"<p><strong><img loading=\"lazy\" decoding=\"async\" class=\"alignnone size-full wp-image-62345\" src=\"https:\/\/jornaldasoficinas.com\/pt\/wp-content\/uploads\/2023\/02\/Grupo-Serca-de-braco-dado-com-o-Banco-Alimentar-de-Madrid.png\" alt=\"02 - Grupo Serca de braco dado com o Banco Alimentar de Madrid\" width=\"1024\" height=\"581\" srcset=\"https:\/\/jornaldasoficinas.com\/pt\/wp-content\/uploads\/2023\/02\/Grupo-Serca-de-braco-dado-com-o-Banco-Alimentar-de-Madrid.png 1024w, https:\/\/jornaldasoficinas.com\/pt\/wp-content\/uploads\/2023\/02\/Grupo-Serca-de-braco-dado-com-o-Banco-Alimentar-de-Madrid-300x170.png 300w, https:\/\/jornaldasoficinas.com\/pt\/wp-content\/uploads\/2023\/02\/Grupo-Serca-de-braco-dado-com-o-Banco-Alimentar-de-Madrid-150x85.png 150w, https:\/\/jornaldasoficinas.com\/pt\/wp-content\/uploads\/2023\/02\/Grupo-Serca-de-braco-dado-com-o-Banco-Alimentar-de-Madrid-768x436.png 768w\" sizes=\"auto, (max-width: 1024px) 100vw, 1024px\" \/><\/strong><strong>\u00a0<\/strong><\/p>\n<p><strong>O <a href=\"https:\/\/www.serca.es\/\" target=\"_blank\" rel=\"noopener\">Grupo Serca<\/a> e o <a href=\"https:\/\/bamadrid.org\/\" target=\"_blank\" rel=\"noopener\">Banco Alimentar de Madrid<\/a> assinaram uma colabora\u00e7\u00e3o que pretende levar a cabo a manuten\u00e7\u00e3o da frota de ve\u00edculos do Banco Alimentar,<\/strong> <strong>algo fundamental para o correto desenvolvimento do trabalho de distribui\u00e7\u00e3o<\/strong><\/p>\n<p>Na assinatura, estiveram presentes o Presidente do Banco Alimentar, Francisco Garc\u00eda Gonz\u00e1lez, Llu\u00eds Tarr\u00e9s, Diretor Geral do Grupo Serca, e Lu\u00eds Miguel L\u00f3pez Terr\u00e9s, Diretor Executivo da Reynasa Recambios. O objetivo da colabora\u00e7\u00e3o \u00e9 realizar a manuten\u00e7\u00e3o da frota de ve\u00edculos do Banco de Alimentos de Madrid, para o seu bom funcionamento e viabilidade, algo fundamental para o correto desenvolvimento do trabalho de distribui\u00e7\u00e3o de alimentos \u00e0s fam\u00edlias mais carenciadas.<\/p>\n<p>Uma a\u00e7\u00e3o que pode ser um pequeno gr\u00e3o de areia para alguns, e supor uma montanha de ajuda para muitos outros. Atrav\u00e9s das redes de oficinas pertencentes ao Grupo Serca, <a href=\"https:\/\/www.spgtalleres.com\/\" target=\"_blank\" rel=\"noopener\">SPG Talleres<\/a>, <a href=\"https:\/\/www.nexusauto.pt\/\" target=\"_blank\" rel=\"noopener\">Nexus Auto<\/a> e <a href=\"https:\/\/www.profesionalplus.com\/\" target=\"_blank\" rel=\"noopener\">Talleres Professional Plus<\/a>, ser\u00e3o realizadas as manuten\u00e7\u00f5es necess\u00e1rias para a montagem das viaturas do Banco Alimentar de Madrid e prev\u00ea-se que a a\u00e7\u00e3o se desenvolva tamb\u00e9m noutras prov\u00edncias onde a mesma institui\u00e7\u00e3o de caridade opera.<\/p>\n","protected":false},"excerpt":{"rendered":"<p>\u00a0 O Grupo Serca e o&#8230;<\/p>\n","protected":false},"author":15,"featured_media":62345,"comment_status":"closed","ping_status":"closed","sticky":false,"template":"","format":"standard","meta":{"footnotes":""},"categories":[29],"tags":[4256,2689,4257],"class_list":["post-62353","post","type-post","status-publish","format-standard","has-post-thumbnail","hentry","category-empresas","tag-banco-alimentar","tag-grupo-serca","tag-manutencao-da-frota"],"yoast_head":"<!-- This site is optimized with the Yoast SEO plugin v27.4 - https:\/\/yoast.com\/product\/yoast-seo-wordpress\/ -->\n<title>Grupo Serca de bra\u00e7o dado com o Banco Alimentar de Madrid - Jornal das Oficinas<\/title>\n<meta name=\"description\" content=\"O Grupo Serca e o Banco Alimentar de Madrid assinaram uma colabora\u00e7\u00e3o que pretende levar a cabo a manuten\u00e7\u00e3o da frota do Banco Alimentar\" \/>\n<meta name=\"robots\" content=\"index, follow, max-snippet:-1, max-image-preview:large, max-video-preview:-1\" \/>\n<link rel=\"canonical\" href=\"https:\/\/jornaldasoficinas.com\/pt\/grupo-serca-de-braco-dado-com-o-banco-alimentar-de-madrid\/\" \/>\n<meta property=\"og:locale\" content=\"pt_PT\" \/>\n<meta property=\"og:type\" content=\"article\" \/>\n<meta property=\"og:title\" content=\"Grupo Serca de bra\u00e7o dado com o Banco Alimentar de Madrid - Jornal das Oficinas\" \/>\n<meta property=\"og:description\" content=\"O Grupo Serca e o Banco Alimentar de Madrid assinaram uma colabora\u00e7\u00e3o que pretende levar a cabo a manuten\u00e7\u00e3o da frota do Banco Alimentar\" \/>\n<meta property=\"og:url\" content=\"https:\/\/jornaldasoficinas.com\/pt\/grupo-serca-de-braco-dado-com-o-banco-alimentar-de-madrid\/\" \/>\n<meta property=\"og:site_name\" content=\"Jornal das Oficinas\" \/>\n<meta property=\"article:publisher\" content=\"https:\/\/www.facebook.com\/jornaloficinas\" \/>\n<meta property=\"article:published_time\" content=\"2023-02-21T10:00:59+00:00\" \/>\n<meta property=\"og:image\" content=\"https:\/\/jornaldasoficinas.com\/pt\/wp-content\/uploads\/2023\/02\/Grupo-Serca-de-braco-dado-com-o-Banco-Alimentar-de-Madrid.png\" \/>\n\t<meta property=\"og:image:width\" content=\"1024\" \/>\n\t<meta property=\"og:image:height\" content=\"581\" \/>\n\t<meta property=\"og:image:type\" content=\"image\/png\" \/>\n<meta name=\"author\" content=\"Reda\u00e7\u00e3o JO\" \/>\n<meta name=\"twitter:card\" content=\"summary_large_image\" \/>\n<meta name=\"twitter:creator\" content=\"@jornaloficinas\" \/>\n<meta name=\"twitter:site\" content=\"@jornaloficinas\" \/>\n<meta name=\"twitter:label1\" content=\"Escrito por\" \/>\n\t<meta name=\"twitter:data1\" content=\"Reda\u00e7\u00e3o JO\" \/>\n\t<meta name=\"twitter:label2\" content=\"Tempo estimado de leitura\" \/>\n\t<meta name=\"twitter:data2\" content=\"1 minuto\" \/>\n<script type=\"application\/ld+json\" class=\"yoast-schema-graph\">{\"@context\":\"https:\\\/\\\/schema.org\",\"@graph\":[{\"@type\":\"Article\",\"@id\":\"https:\\\/\\\/jornaldasoficinas.com\\\/pt\\\/grupo-serca-de-braco-dado-com-o-banco-alimentar-de-madrid\\\/#article\",\"isPartOf\":{\"@id\":\"https:\\\/\\\/jornaldasoficinas.com\\\/pt\\\/grupo-serca-de-braco-dado-com-o-banco-alimentar-de-madrid\\\/\"},\"author\":{\"name\":\"Reda\u00e7\u00e3o JO\",\"@id\":\"https:\\\/\\\/jornaldasoficinas.com\\\/pt\\\/#\\\/schema\\\/person\\\/a38eef5de2c41d9e7c9ac10141afddf3\"},\"headline\":\"Grupo Serca de bra\u00e7o dado com o Banco Alimentar de Madrid\",\"datePublished\":\"2023-02-21T10:00:59+00:00\",\"mainEntityOfPage\":{\"@id\":\"https:\\\/\\\/jornaldasoficinas.com\\\/pt\\\/grupo-serca-de-braco-dado-com-o-banco-alimentar-de-madrid\\\/\"},\"wordCount\":214,\"publisher\":{\"@id\":\"https:\\\/\\\/jornaldasoficinas.com\\\/pt\\\/#organization\"},\"image\":{\"@id\":\"https:\\\/\\\/jornaldasoficinas.com\\\/pt\\\/grupo-serca-de-braco-dado-com-o-banco-alimentar-de-madrid\\\/#primaryimage\"},\"thumbnailUrl\":\"https:\\\/\\\/jornaldasoficinas.com\\\/pt\\\/wp-content\\\/uploads\\\/2023\\\/02\\\/Grupo-Serca-de-braco-dado-com-o-Banco-Alimentar-de-Madrid.png\",\"keywords\":[\"Banco Alimentar\",\"Grupo Serca\",\"manuten\u00e7\u00e3o da frota\"],\"articleSection\":[\"Empresas\"],\"inLanguage\":\"pt-PT\"},{\"@type\":\"WebPage\",\"@id\":\"https:\\\/\\\/jornaldasoficinas.com\\\/pt\\\/grupo-serca-de-braco-dado-com-o-banco-alimentar-de-madrid\\\/\",\"url\":\"https:\\\/\\\/jornaldasoficinas.com\\\/pt\\\/grupo-serca-de-braco-dado-com-o-banco-alimentar-de-madrid\\\/\",\"name\":\"Grupo Serca de bra\u00e7o dado com o Banco Alimentar de Madrid - Jornal das Oficinas\",\"isPartOf\":{\"@id\":\"https:\\\/\\\/jornaldasoficinas.com\\\/pt\\\/#website\"},\"primaryImageOfPage\":{\"@id\":\"https:\\\/\\\/jornaldasoficinas.com\\\/pt\\\/grupo-serca-de-braco-dado-com-o-banco-alimentar-de-madrid\\\/#primaryimage\"},\"image\":{\"@id\":\"https:\\\/\\\/jornaldasoficinas.com\\\/pt\\\/grupo-serca-de-braco-dado-com-o-banco-alimentar-de-madrid\\\/#primaryimage\"},\"thumbnailUrl\":\"https:\\\/\\\/jornaldasoficinas.com\\\/pt\\\/wp-content\\\/uploads\\\/2023\\\/02\\\/Grupo-Serca-de-braco-dado-com-o-Banco-Alimentar-de-Madrid.png\",\"datePublished\":\"2023-02-21T10:00:59+00:00\",\"description\":\"O Grupo Serca e o Banco Alimentar de Madrid assinaram uma colabora\u00e7\u00e3o que pretende levar a cabo a manuten\u00e7\u00e3o da frota do Banco Alimentar\",\"breadcrumb\":{\"@id\":\"https:\\\/\\\/jornaldasoficinas.com\\\/pt\\\/grupo-serca-de-braco-dado-com-o-banco-alimentar-de-madrid\\\/#breadcrumb\"},\"inLanguage\":\"pt-PT\",\"potentialAction\":[{\"@type\":\"ReadAction\",\"target\":[\"https:\\\/\\\/jornaldasoficinas.com\\\/pt\\\/grupo-serca-de-braco-dado-com-o-banco-alimentar-de-madrid\\\/\"]}]},{\"@type\":\"ImageObject\",\"inLanguage\":\"pt-PT\",\"@id\":\"https:\\\/\\\/jornaldasoficinas.com\\\/pt\\\/grupo-serca-de-braco-dado-com-o-banco-alimentar-de-madrid\\\/#primaryimage\",\"url\":\"https:\\\/\\\/jornaldasoficinas.com\\\/pt\\\/wp-content\\\/uploads\\\/2023\\\/02\\\/Grupo-Serca-de-braco-dado-com-o-Banco-Alimentar-de-Madrid.png\",\"contentUrl\":\"https:\\\/\\\/jornaldasoficinas.com\\\/pt\\\/wp-content\\\/uploads\\\/2023\\\/02\\\/Grupo-Serca-de-braco-dado-com-o-Banco-Alimentar-de-Madrid.png\",\"width\":1024,\"height\":581,\"caption\":\"02 - Grupo Serca de braco dado com o Banco Alimentar de Madrid\"},{\"@type\":\"BreadcrumbList\",\"@id\":\"https:\\\/\\\/jornaldasoficinas.com\\\/pt\\\/grupo-serca-de-braco-dado-com-o-banco-alimentar-de-madrid\\\/#breadcrumb\",\"itemListElement\":[{\"@type\":\"ListItem\",\"position\":1,\"name\":\"In\u00edcio\",\"item\":\"https:\\\/\\\/jornaldasoficinas.com\\\/pt\\\/\"},{\"@type\":\"ListItem\",\"position\":2,\"name\":\"Grupo Serca de bra\u00e7o dado com o Banco Alimentar de Madrid\"}]},{\"@type\":\"WebSite\",\"@id\":\"https:\\\/\\\/jornaldasoficinas.com\\\/pt\\\/#website\",\"url\":\"https:\\\/\\\/jornaldasoficinas.com\\\/pt\\\/\",\"name\":\"Jornal das Oficinas\",\"description\":\"Jornal independente do Aftermarket Autom\u00f3vel em Portugal\",\"publisher\":{\"@id\":\"https:\\\/\\\/jornaldasoficinas.com\\\/pt\\\/#organization\"},\"potentialAction\":[{\"@type\":\"SearchAction\",\"target\":{\"@type\":\"EntryPoint\",\"urlTemplate\":\"https:\\\/\\\/jornaldasoficinas.com\\\/pt\\\/?s={search_term_string}\"},\"query-input\":{\"@type\":\"PropertyValueSpecification\",\"valueRequired\":true,\"valueName\":\"search_term_string\"}}],\"inLanguage\":\"pt-PT\"},{\"@type\":\"Organization\",\"@id\":\"https:\\\/\\\/jornaldasoficinas.com\\\/pt\\\/#organization\",\"name\":\"Jornal das Oficinas\",\"url\":\"https:\\\/\\\/jornaldasoficinas.com\\\/pt\\\/\",\"logo\":{\"@type\":\"ImageObject\",\"inLanguage\":\"pt-PT\",\"@id\":\"https:\\\/\\\/jornaldasoficinas.com\\\/pt\\\/#\\\/schema\\\/logo\\\/image\\\/\",\"url\":\"https:\\\/\\\/jornaldasoficinas.com\\\/pt\\\/wp-content\\\/uploads\\\/logoJO-SEO.png\",\"contentUrl\":\"https:\\\/\\\/jornaldasoficinas.com\\\/pt\\\/wp-content\\\/uploads\\\/logoJO-SEO.png\",\"width\":285,\"height\":450,\"caption\":\"Jornal das Oficinas\"},\"image\":{\"@id\":\"https:\\\/\\\/jornaldasoficinas.com\\\/pt\\\/#\\\/schema\\\/logo\\\/image\\\/\"},\"sameAs\":[\"https:\\\/\\\/www.facebook.com\\\/jornaloficinas\",\"https:\\\/\\\/x.com\\\/jornaloficinas\",\"https:\\\/\\\/www.instagram.com\\\/jornal_oficinas\\\/\",\"https:\\\/\\\/www.linkedin.com\\\/company\\\/jornal-das-oficinas\\\/\",\"https:\\\/\\\/www.youtube.com\\\/channel\\\/UCbQZBqtcvV-oSQrr7RzINGg\"]},{\"@type\":\"Person\",\"@id\":\"https:\\\/\\\/jornaldasoficinas.com\\\/pt\\\/#\\\/schema\\\/person\\\/a38eef5de2c41d9e7c9ac10141afddf3\",\"name\":\"Reda\u00e7\u00e3o JO\",\"image\":{\"@type\":\"ImageObject\",\"inLanguage\":\"pt-PT\",\"@id\":\"https:\\\/\\\/secure.gravatar.com\\\/avatar\\\/71f2fa71737ad68a84fea94bc708ddac8ea5b0c4788dc2ad202f3ccb2887742f?s=96&d=wp_user_avatar&r=g\",\"url\":\"https:\\\/\\\/secure.gravatar.com\\\/avatar\\\/71f2fa71737ad68a84fea94bc708ddac8ea5b0c4788dc2ad202f3ccb2887742f?s=96&d=wp_user_avatar&r=g\",\"contentUrl\":\"https:\\\/\\\/secure.gravatar.com\\\/avatar\\\/71f2fa71737ad68a84fea94bc708ddac8ea5b0c4788dc2ad202f3ccb2887742f?s=96&d=wp_user_avatar&r=g\",\"caption\":\"Reda\u00e7\u00e3o JO\"},\"url\":\"https:\\\/\\\/jornaldasoficinas.com\\\/pt\\\/author\\\/joredacao\\\/\"}]}<\/script>\n<!-- \/ Yoast SEO plugin. -->","yoast_head_json":{"title":"Grupo Serca de bra\u00e7o dado com o Banco Alimentar de Madrid - Jornal das Oficinas","description":"O Grupo Serca e o Banco Alimentar de Madrid assinaram uma colabora\u00e7\u00e3o que pretende levar a cabo a manuten\u00e7\u00e3o da frota do Banco Alimentar","robots":{"index":"index","follow":"follow","max-snippet":"max-snippet:-1","max-image-preview":"max-image-preview:large","max-video-preview":"max-video-preview:-1"},"canonical":"https:\/\/jornaldasoficinas.com\/pt\/grupo-serca-de-braco-dado-com-o-banco-alimentar-de-madrid\/","og_locale":"pt_PT","og_type":"article","og_title":"Grupo Serca de bra\u00e7o dado com o Banco Alimentar de Madrid - Jornal das Oficinas","og_description":"O Grupo Serca e o Banco Alimentar de Madrid assinaram uma colabora\u00e7\u00e3o que pretende levar a cabo a manuten\u00e7\u00e3o da frota do Banco Alimentar","og_url":"https:\/\/jornaldasoficinas.com\/pt\/grupo-serca-de-braco-dado-com-o-banco-alimentar-de-madrid\/","og_site_name":"Jornal das Oficinas","article_publisher":"https:\/\/www.facebook.com\/jornaloficinas","article_published_time":"2023-02-21T10:00:59+00:00","og_image":[{"width":1024,"height":581,"url":"https:\/\/jornaldasoficinas.com\/pt\/wp-content\/uploads\/2023\/02\/Grupo-Serca-de-braco-dado-com-o-Banco-Alimentar-de-Madrid.png","type":"image\/png"}],"author":"Reda\u00e7\u00e3o JO","twitter_card":"summary_large_image","twitter_creator":"@jornaloficinas","twitter_site":"@jornaloficinas","twitter_misc":{"Escrito por":"Reda\u00e7\u00e3o JO","Tempo estimado de leitura":"1 minuto"},"schema":{"@context":"https:\/\/schema.org","@graph":[{"@type":"Article","@id":"https:\/\/jornaldasoficinas.com\/pt\/grupo-serca-de-braco-dado-com-o-banco-alimentar-de-madrid\/#article","isPartOf":{"@id":"https:\/\/jornaldasoficinas.com\/pt\/grupo-serca-de-braco-dado-com-o-banco-alimentar-de-madrid\/"},"author":{"name":"Reda\u00e7\u00e3o JO","@id":"https:\/\/jornaldasoficinas.com\/pt\/#\/schema\/person\/a38eef5de2c41d9e7c9ac10141afddf3"},"headline":"Grupo Serca de bra\u00e7o dado com o Banco Alimentar de Madrid","datePublished":"2023-02-21T10:00:59+00:00","mainEntityOfPage":{"@id":"https:\/\/jornaldasoficinas.com\/pt\/grupo-serca-de-braco-dado-com-o-banco-alimentar-de-madrid\/"},"wordCount":214,"publisher":{"@id":"https:\/\/jornaldasoficinas.com\/pt\/#organization"},"image":{"@id":"https:\/\/jornaldasoficinas.com\/pt\/grupo-serca-de-braco-dado-com-o-banco-alimentar-de-madrid\/#primaryimage"},"thumbnailUrl":"https:\/\/jornaldasoficinas.com\/pt\/wp-content\/uploads\/2023\/02\/Grupo-Serca-de-braco-dado-com-o-Banco-Alimentar-de-Madrid.png","keywords":["Banco Alimentar","Grupo Serca","manuten\u00e7\u00e3o da frota"],"articleSection":["Empresas"],"inLanguage":"pt-PT"},{"@type":"WebPage","@id":"https:\/\/jornaldasoficinas.com\/pt\/grupo-serca-de-braco-dado-com-o-banco-alimentar-de-madrid\/","url":"https:\/\/jornaldasoficinas.com\/pt\/grupo-serca-de-braco-dado-com-o-banco-alimentar-de-madrid\/","name":"Grupo Serca de bra\u00e7o dado com o Banco Alimentar de Madrid - Jornal das Oficinas","isPartOf":{"@id":"https:\/\/jornaldasoficinas.com\/pt\/#website"},"primaryImageOfPage":{"@id":"https:\/\/jornaldasoficinas.com\/pt\/grupo-serca-de-braco-dado-com-o-banco-alimentar-de-madrid\/#primaryimage"},"image":{"@id":"https:\/\/jornaldasoficinas.com\/pt\/grupo-serca-de-braco-dado-com-o-banco-alimentar-de-madrid\/#primaryimage"},"thumbnailUrl":"https:\/\/jornaldasoficinas.com\/pt\/wp-content\/uploads\/2023\/02\/Grupo-Serca-de-braco-dado-com-o-Banco-Alimentar-de-Madrid.png","datePublished":"2023-02-21T10:00:59+00:00","description":"O Grupo Serca e o Banco Alimentar de Madrid assinaram uma colabora\u00e7\u00e3o que pretende levar a cabo a manuten\u00e7\u00e3o da frota do Banco Alimentar","breadcrumb":{"@id":"https:\/\/jornaldasoficinas.com\/pt\/grupo-serca-de-braco-dado-com-o-banco-alimentar-de-madrid\/#breadcrumb"},"inLanguage":"pt-PT","potentialAction":[{"@type":"ReadAction","target":["https:\/\/jornaldasoficinas.com\/pt\/grupo-serca-de-braco-dado-com-o-banco-alimentar-de-madrid\/"]}]},{"@type":"ImageObject","inLanguage":"pt-PT","@id":"https:\/\/jornaldasoficinas.com\/pt\/grupo-serca-de-braco-dado-com-o-banco-alimentar-de-madrid\/#primaryimage","url":"https:\/\/jornaldasoficinas.com\/pt\/wp-content\/uploads\/2023\/02\/Grupo-Serca-de-braco-dado-com-o-Banco-Alimentar-de-Madrid.png","contentUrl":"https:\/\/jornaldasoficinas.com\/pt\/wp-content\/uploads\/2023\/02\/Grupo-Serca-de-braco-dado-com-o-Banco-Alimentar-de-Madrid.png","width":1024,"height":581,"caption":"02 - Grupo Serca de braco dado com o Banco Alimentar de Madrid"},{"@type":"BreadcrumbList","@id":"https:\/\/jornaldasoficinas.com\/pt\/grupo-serca-de-braco-dado-com-o-banco-alimentar-de-madrid\/#breadcrumb","itemListElement":[{"@type":"ListItem","position":1,"name":"In\u00edcio","item":"https:\/\/jornaldasoficinas.com\/pt\/"},{"@type":"ListItem","position":2,"name":"Grupo Serca de bra\u00e7o dado com o Banco Alimentar de Madrid"}]},{"@type":"WebSite","@id":"https:\/\/jornaldasoficinas.com\/pt\/#website","url":"https:\/\/jornaldasoficinas.com\/pt\/","name":"Jornal das Oficinas","description":"Jornal independente do Aftermarket Autom\u00f3vel em Portugal","publisher":{"@id":"https:\/\/jornaldasoficinas.com\/pt\/#organization"},"potentialAction":[{"@type":"SearchAction","target":{"@type":"EntryPoint","urlTemplate":"https:\/\/jornaldasoficinas.com\/pt\/?s={search_term_string}"},"query-input":{"@type":"PropertyValueSpecification","valueRequired":true,"valueName":"search_term_string"}}],"inLanguage":"pt-PT"},{"@type":"Organization","@id":"https:\/\/jornaldasoficinas.com\/pt\/#organization","name":"Jornal das Oficinas","url":"https:\/\/jornaldasoficinas.com\/pt\/","logo":{"@type":"ImageObject","inLanguage":"pt-PT","@id":"https:\/\/jornaldasoficinas.com\/pt\/#\/schema\/logo\/image\/","url":"https:\/\/jornaldasoficinas.com\/pt\/wp-content\/uploads\/logoJO-SEO.png","contentUrl":"https:\/\/jornaldasoficinas.com\/pt\/wp-content\/uploads\/logoJO-SEO.png","width":285,"height":450,"caption":"Jornal das Oficinas"},"image":{"@id":"https:\/\/jornaldasoficinas.com\/pt\/#\/schema\/logo\/image\/"},"sameAs":["https:\/\/www.facebook.com\/jornaloficinas","https:\/\/x.com\/jornaloficinas","https:\/\/www.instagram.com\/jornal_oficinas\/","https:\/\/www.linkedin.com\/company\/jornal-das-oficinas\/","https:\/\/www.youtube.com\/channel\/UCbQZBqtcvV-oSQrr7RzINGg"]},{"@type":"Person","@id":"https:\/\/jornaldasoficinas.com\/pt\/#\/schema\/person\/a38eef5de2c41d9e7c9ac10141afddf3","name":"Reda\u00e7\u00e3o JO","image":{"@type":"ImageObject","inLanguage":"pt-PT","@id":"https:\/\/secure.gravatar.com\/avatar\/71f2fa71737ad68a84fea94bc708ddac8ea5b0c4788dc2ad202f3ccb2887742f?s=96&d=wp_user_avatar&r=g","url":"https:\/\/secure.gravatar.com\/avatar\/71f2fa71737ad68a84fea94bc708ddac8ea5b0c4788dc2ad202f3ccb2887742f?s=96&d=wp_user_avatar&r=g","contentUrl":"https:\/\/secure.gravatar.com\/avatar\/71f2fa71737ad68a84fea94bc708ddac8ea5b0c4788dc2ad202f3ccb2887742f?s=96&d=wp_user_avatar&r=g","caption":"Reda\u00e7\u00e3o JO"},"url":"https:\/\/jornaldasoficinas.com\/pt\/author\/joredacao\/"}]}},"_links":{"self":[{"href":"https:\/\/jornaldasoficinas.com\/pt\/wp-json\/wp\/v2\/posts\/62353","targetHints":{"allow":["GET"]}}],"collection":[{"href":"https:\/\/jornaldasoficinas.com\/pt\/wp-json\/wp\/v2\/posts"}],"about":[{"href":"https:\/\/jornaldasoficinas.com\/pt\/wp-json\/wp\/v2\/types\/post"}],"author":[{"embeddable":true,"href":"https:\/\/jornaldasoficinas.com\/pt\/wp-json\/wp\/v2\/users\/15"}],"replies":[{"embeddable":true,"href":"https:\/\/jornaldasoficinas.com\/pt\/wp-json\/wp\/v2\/comments?post=62353"}],"version-history":[{"count":0,"href":"https:\/\/jornaldasoficinas.com\/pt\/wp-json\/wp\/v2\/posts\/62353\/revisions"}],"wp:featuredmedia":[{"embeddable":true,"href":"https:\/\/jornaldasoficinas.com\/pt\/wp-json\/wp\/v2\/media\/62345"}],"wp:attachment":[{"href":"https:\/\/jornaldasoficinas.com\/pt\/wp-json\/wp\/v2\/media?parent=62353"}],"wp:term":[{"taxonomy":"category","embeddable":true,"href":"https:\/\/jornaldasoficinas.com\/pt\/wp-json\/wp\/v2\/categories?post=62353"},{"taxonomy":"post_tag","embeddable":true,"href":"https:\/\/jornaldasoficinas.com\/pt\/wp-json\/wp\/v2\/tags?post=62353"}],"curies":[{"name":"wp","href":"https:\/\/api.w.org\/{rel}","templated":true}]}}