{"id":62370,"date":"2023-02-21T12:30:26","date_gmt":"2023-02-21T12:30:26","guid":{"rendered":"https:\/\/jornaldasoficinas.com\/pt\/?p=62370"},"modified":"2023-02-21T09:44:46","modified_gmt":"2023-02-21T09:44:46","slug":"mondegopecas-alerta-para-formacao-de-osciloscopio","status":"publish","type":"post","link":"https:\/\/jornaldasoficinas.com\/pt\/mondegopecas-alerta-para-formacao-de-osciloscopio\/","title":{"rendered":"Mondegope\u00e7as d\u00e1 forma\u00e7\u00e3o de Oscilosc\u00f3pio"},"content":{"rendered":"<p><strong><img loading=\"lazy\" decoding=\"async\" class=\"alignnone size-full wp-image-62371\" src=\"https:\/\/jornaldasoficinas.com\/pt\/wp-content\/uploads\/2023\/02\/Mondegopecas-alerta-para-formacao-de-Osciloscopio0.png\" alt=\"02 - Mondegopecas alerta para formacao de Osciloscopio0\" width=\"1024\" height=\"581\" srcset=\"https:\/\/jornaldasoficinas.com\/pt\/wp-content\/uploads\/2023\/02\/Mondegopecas-alerta-para-formacao-de-Osciloscopio0.png 1024w, https:\/\/jornaldasoficinas.com\/pt\/wp-content\/uploads\/2023\/02\/Mondegopecas-alerta-para-formacao-de-Osciloscopio0-300x170.png 300w, https:\/\/jornaldasoficinas.com\/pt\/wp-content\/uploads\/2023\/02\/Mondegopecas-alerta-para-formacao-de-Osciloscopio0-150x85.png 150w, https:\/\/jornaldasoficinas.com\/pt\/wp-content\/uploads\/2023\/02\/Mondegopecas-alerta-para-formacao-de-Osciloscopio0-768x436.png 768w\" sizes=\"auto, (max-width: 1024px) 100vw, 1024px\" \/><\/strong><\/p>\n<p><strong>A <a href=\"https:\/\/mondegopecas.pt\/\" target=\"_blank\" rel=\"noopener\">Mondegope\u00e7as<\/a> d\u00e1 in\u00edcio \u00e0s forma\u00e7\u00f5es para os seus clientes j\u00e1 no pr\u00f3ximo dia 25 de fevereiro com uma forma\u00e7\u00e3o de Oscilosc\u00f3pio. Um calend\u00e1rio composto por temas atuais tendo em conta das dificuldades existentes no dia-a-dia do sector das oficinas<\/strong><\/p>\n<p>A maioria das forma\u00e7\u00f5es ter\u00e3o lugar em Coimbra embora existam outras que podem ser \u00a0realizadas em Aveiro e Leiria.<\/p>\n<p>Para al\u00e9m de forma\u00e7\u00f5es, haver\u00e1 tamb\u00e9m lugar para workshops em parceria com fabricantes como a <a href=\"https:\/\/www.motul.com\/es\/pt\" target=\"_blank\" rel=\"noopener\">Motul<\/a>, a <a href=\"https:\/\/www.brembo.com\/en\" target=\"_blank\" rel=\"noopener\">Brembo<\/a>, a <a href=\"https:\/\/www.nrf.eu\/pt-pt\/\" target=\"_blank\" rel=\"noopener\">NRF<\/a> ou a <a href=\"https:\/\/autelportugal.pt\/\" target=\"_blank\" rel=\"noopener\">Autel<\/a> Portugal.<\/p>\n<p>Todas as forma\u00e7\u00f5es s\u00e3o certificadas por entidades credenciadas pela DGERT.<\/p>\n<p>Haver\u00e1 ainda lugar para duas forma\u00e7\u00f5es exclusivas da NEXTacademy para clientes aderentes das redes <a href=\"https:\/\/www.nexusauto.pt\/\" target=\"_blank\" rel=\"noopener\">NEXUS AUTO<\/a> e ProfissionalPlus.<\/p>\n","protected":false},"excerpt":{"rendered":"<p>A Mondegope\u00e7as d\u00e1 in\u00edcio \u00e0s forma\u00e7\u00f5es&#8230;<\/p>\n","protected":false},"author":15,"featured_media":62371,"comment_status":"closed","ping_status":"closed","sticky":false,"template":"","format":"standard","meta":{"footnotes":""},"categories":[29],"tags":[1643,283,435,212,4258,674,196,4259,2887,249,4260],"class_list":["post-62370","post","type-post","status-publish","format-standard","has-post-thumbnail","hentry","category-empresas","tag-autel","tag-brembo","tag-dgert","tag-formacao","tag-formacao-de-osciloscopio","tag-mondegopecas","tag-motul","tag-nextacademy","tag-nexus-auto","tag-nrf","tag-profissionalplus"],"yoast_head":"<!-- This site is optimized with the Yoast SEO plugin v27.4 - https:\/\/yoast.com\/product\/yoast-seo-wordpress\/ -->\n<title>Mondegope\u00e7as d\u00e1 forma\u00e7\u00e3o de Oscilosc\u00f3pio - Jornal das Oficinas<\/title>\n<meta name=\"description\" content=\"A Mondegope\u00e7as d\u00e1 in\u00edcio \u00e0s forma\u00e7\u00f5es para os seus clientes j\u00e1 no pr\u00f3ximo dia 25 de fevereiro com uma forma\u00e7\u00e3o de Oscilosc\u00f3pio\" \/>\n<meta name=\"robots\" content=\"index, follow, max-snippet:-1, max-image-preview:large, max-video-preview:-1\" \/>\n<link rel=\"canonical\" href=\"https:\/\/jornaldasoficinas.com\/pt\/mondegopecas-alerta-para-formacao-de-osciloscopio\/\" \/>\n<meta property=\"og:locale\" content=\"pt_PT\" \/>\n<meta property=\"og:type\" content=\"article\" \/>\n<meta property=\"og:title\" content=\"Mondegope\u00e7as d\u00e1 forma\u00e7\u00e3o de Oscilosc\u00f3pio - Jornal das Oficinas\" \/>\n<meta property=\"og:description\" content=\"A Mondegope\u00e7as d\u00e1 in\u00edcio \u00e0s forma\u00e7\u00f5es para os seus clientes j\u00e1 no pr\u00f3ximo dia 25 de fevereiro com uma forma\u00e7\u00e3o de Oscilosc\u00f3pio\" \/>\n<meta property=\"og:url\" content=\"https:\/\/jornaldasoficinas.com\/pt\/mondegopecas-alerta-para-formacao-de-osciloscopio\/\" \/>\n<meta property=\"og:site_name\" content=\"Jornal das Oficinas\" \/>\n<meta property=\"article:publisher\" content=\"https:\/\/www.facebook.com\/jornaloficinas\" \/>\n<meta property=\"article:published_time\" content=\"2023-02-21T12:30:26+00:00\" \/>\n<meta property=\"og:image\" content=\"https:\/\/jornaldasoficinas.com\/pt\/wp-content\/uploads\/2023\/02\/Mondegopecas-alerta-para-formacao-de-Osciloscopio0.png\" \/>\n\t<meta property=\"og:image:width\" content=\"1024\" \/>\n\t<meta property=\"og:image:height\" content=\"581\" \/>\n\t<meta property=\"og:image:type\" content=\"image\/png\" \/>\n<meta name=\"author\" content=\"Reda\u00e7\u00e3o JO\" \/>\n<meta name=\"twitter:card\" content=\"summary_large_image\" \/>\n<meta name=\"twitter:creator\" content=\"@jornaloficinas\" \/>\n<meta name=\"twitter:site\" content=\"@jornaloficinas\" \/>\n<meta name=\"twitter:label1\" content=\"Escrito por\" \/>\n\t<meta name=\"twitter:data1\" content=\"Reda\u00e7\u00e3o JO\" \/>\n\t<meta name=\"twitter:label2\" content=\"Tempo estimado de leitura\" \/>\n\t<meta name=\"twitter:data2\" content=\"1 minuto\" \/>\n<script type=\"application\/ld+json\" class=\"yoast-schema-graph\">{\"@context\":\"https:\\\/\\\/schema.org\",\"@graph\":[{\"@type\":\"Article\",\"@id\":\"https:\\\/\\\/jornaldasoficinas.com\\\/pt\\\/mondegopecas-alerta-para-formacao-de-osciloscopio\\\/#article\",\"isPartOf\":{\"@id\":\"https:\\\/\\\/jornaldasoficinas.com\\\/pt\\\/mondegopecas-alerta-para-formacao-de-osciloscopio\\\/\"},\"author\":{\"name\":\"Reda\u00e7\u00e3o JO\",\"@id\":\"https:\\\/\\\/jornaldasoficinas.com\\\/pt\\\/#\\\/schema\\\/person\\\/a38eef5de2c41d9e7c9ac10141afddf3\"},\"headline\":\"Mondegope\u00e7as d\u00e1 forma\u00e7\u00e3o de Oscilosc\u00f3pio\",\"datePublished\":\"2023-02-21T12:30:26+00:00\",\"mainEntityOfPage\":{\"@id\":\"https:\\\/\\\/jornaldasoficinas.com\\\/pt\\\/mondegopecas-alerta-para-formacao-de-osciloscopio\\\/\"},\"wordCount\":133,\"publisher\":{\"@id\":\"https:\\\/\\\/jornaldasoficinas.com\\\/pt\\\/#organization\"},\"image\":{\"@id\":\"https:\\\/\\\/jornaldasoficinas.com\\\/pt\\\/mondegopecas-alerta-para-formacao-de-osciloscopio\\\/#primaryimage\"},\"thumbnailUrl\":\"https:\\\/\\\/jornaldasoficinas.com\\\/pt\\\/wp-content\\\/uploads\\\/2023\\\/02\\\/Mondegopecas-alerta-para-formacao-de-Osciloscopio0.png\",\"keywords\":[\"Autel\",\"Brembo\",\"DGERT\",\"Forma\u00e7\u00e3o\",\"forma\u00e7\u00e3o de Oscilosc\u00f3pio\",\"Mondegope\u00e7as\",\"Motul\",\"NEXTacademy\",\"Nexus Auto\",\"NRF\",\"ProfissionalPlus\"],\"articleSection\":[\"Empresas\"],\"inLanguage\":\"pt-PT\"},{\"@type\":\"WebPage\",\"@id\":\"https:\\\/\\\/jornaldasoficinas.com\\\/pt\\\/mondegopecas-alerta-para-formacao-de-osciloscopio\\\/\",\"url\":\"https:\\\/\\\/jornaldasoficinas.com\\\/pt\\\/mondegopecas-alerta-para-formacao-de-osciloscopio\\\/\",\"name\":\"Mondegope\u00e7as d\u00e1 forma\u00e7\u00e3o de Oscilosc\u00f3pio - Jornal das Oficinas\",\"isPartOf\":{\"@id\":\"https:\\\/\\\/jornaldasoficinas.com\\\/pt\\\/#website\"},\"primaryImageOfPage\":{\"@id\":\"https:\\\/\\\/jornaldasoficinas.com\\\/pt\\\/mondegopecas-alerta-para-formacao-de-osciloscopio\\\/#primaryimage\"},\"image\":{\"@id\":\"https:\\\/\\\/jornaldasoficinas.com\\\/pt\\\/mondegopecas-alerta-para-formacao-de-osciloscopio\\\/#primaryimage\"},\"thumbnailUrl\":\"https:\\\/\\\/jornaldasoficinas.com\\\/pt\\\/wp-content\\\/uploads\\\/2023\\\/02\\\/Mondegopecas-alerta-para-formacao-de-Osciloscopio0.png\",\"datePublished\":\"2023-02-21T12:30:26+00:00\",\"description\":\"A Mondegope\u00e7as d\u00e1 in\u00edcio \u00e0s forma\u00e7\u00f5es para os seus clientes j\u00e1 no pr\u00f3ximo dia 25 de fevereiro com uma forma\u00e7\u00e3o de Oscilosc\u00f3pio\",\"breadcrumb\":{\"@id\":\"https:\\\/\\\/jornaldasoficinas.com\\\/pt\\\/mondegopecas-alerta-para-formacao-de-osciloscopio\\\/#breadcrumb\"},\"inLanguage\":\"pt-PT\",\"potentialAction\":[{\"@type\":\"ReadAction\",\"target\":[\"https:\\\/\\\/jornaldasoficinas.com\\\/pt\\\/mondegopecas-alerta-para-formacao-de-osciloscopio\\\/\"]}]},{\"@type\":\"ImageObject\",\"inLanguage\":\"pt-PT\",\"@id\":\"https:\\\/\\\/jornaldasoficinas.com\\\/pt\\\/mondegopecas-alerta-para-formacao-de-osciloscopio\\\/#primaryimage\",\"url\":\"https:\\\/\\\/jornaldasoficinas.com\\\/pt\\\/wp-content\\\/uploads\\\/2023\\\/02\\\/Mondegopecas-alerta-para-formacao-de-Osciloscopio0.png\",\"contentUrl\":\"https:\\\/\\\/jornaldasoficinas.com\\\/pt\\\/wp-content\\\/uploads\\\/2023\\\/02\\\/Mondegopecas-alerta-para-formacao-de-Osciloscopio0.png\",\"width\":1024,\"height\":581,\"caption\":\"02 - Mondegopecas alerta para formacao de Osciloscopio0\"},{\"@type\":\"BreadcrumbList\",\"@id\":\"https:\\\/\\\/jornaldasoficinas.com\\\/pt\\\/mondegopecas-alerta-para-formacao-de-osciloscopio\\\/#breadcrumb\",\"itemListElement\":[{\"@type\":\"ListItem\",\"position\":1,\"name\":\"In\u00edcio\",\"item\":\"https:\\\/\\\/jornaldasoficinas.com\\\/pt\\\/\"},{\"@type\":\"ListItem\",\"position\":2,\"name\":\"Mondegope\u00e7as d\u00e1 forma\u00e7\u00e3o de Oscilosc\u00f3pio\"}]},{\"@type\":\"WebSite\",\"@id\":\"https:\\\/\\\/jornaldasoficinas.com\\\/pt\\\/#website\",\"url\":\"https:\\\/\\\/jornaldasoficinas.com\\\/pt\\\/\",\"name\":\"Jornal das Oficinas\",\"description\":\"Jornal independente do Aftermarket Autom\u00f3vel em Portugal\",\"publisher\":{\"@id\":\"https:\\\/\\\/jornaldasoficinas.com\\\/pt\\\/#organization\"},\"potentialAction\":[{\"@type\":\"SearchAction\",\"target\":{\"@type\":\"EntryPoint\",\"urlTemplate\":\"https:\\\/\\\/jornaldasoficinas.com\\\/pt\\\/?s={search_term_string}\"},\"query-input\":{\"@type\":\"PropertyValueSpecification\",\"valueRequired\":true,\"valueName\":\"search_term_string\"}}],\"inLanguage\":\"pt-PT\"},{\"@type\":\"Organization\",\"@id\":\"https:\\\/\\\/jornaldasoficinas.com\\\/pt\\\/#organization\",\"name\":\"Jornal das Oficinas\",\"url\":\"https:\\\/\\\/jornaldasoficinas.com\\\/pt\\\/\",\"logo\":{\"@type\":\"ImageObject\",\"inLanguage\":\"pt-PT\",\"@id\":\"https:\\\/\\\/jornaldasoficinas.com\\\/pt\\\/#\\\/schema\\\/logo\\\/image\\\/\",\"url\":\"https:\\\/\\\/jornaldasoficinas.com\\\/pt\\\/wp-content\\\/uploads\\\/logoJO-SEO.png\",\"contentUrl\":\"https:\\\/\\\/jornaldasoficinas.com\\\/pt\\\/wp-content\\\/uploads\\\/logoJO-SEO.png\",\"width\":285,\"height\":450,\"caption\":\"Jornal das Oficinas\"},\"image\":{\"@id\":\"https:\\\/\\\/jornaldasoficinas.com\\\/pt\\\/#\\\/schema\\\/logo\\\/image\\\/\"},\"sameAs\":[\"https:\\\/\\\/www.facebook.com\\\/jornaloficinas\",\"https:\\\/\\\/x.com\\\/jornaloficinas\",\"https:\\\/\\\/www.instagram.com\\\/jornal_oficinas\\\/\",\"https:\\\/\\\/www.linkedin.com\\\/company\\\/jornal-das-oficinas\\\/\",\"https:\\\/\\\/www.youtube.com\\\/channel\\\/UCbQZBqtcvV-oSQrr7RzINGg\"]},{\"@type\":\"Person\",\"@id\":\"https:\\\/\\\/jornaldasoficinas.com\\\/pt\\\/#\\\/schema\\\/person\\\/a38eef5de2c41d9e7c9ac10141afddf3\",\"name\":\"Reda\u00e7\u00e3o JO\",\"image\":{\"@type\":\"ImageObject\",\"inLanguage\":\"pt-PT\",\"@id\":\"https:\\\/\\\/secure.gravatar.com\\\/avatar\\\/71f2fa71737ad68a84fea94bc708ddac8ea5b0c4788dc2ad202f3ccb2887742f?s=96&d=wp_user_avatar&r=g\",\"url\":\"https:\\\/\\\/secure.gravatar.com\\\/avatar\\\/71f2fa71737ad68a84fea94bc708ddac8ea5b0c4788dc2ad202f3ccb2887742f?s=96&d=wp_user_avatar&r=g\",\"contentUrl\":\"https:\\\/\\\/secure.gravatar.com\\\/avatar\\\/71f2fa71737ad68a84fea94bc708ddac8ea5b0c4788dc2ad202f3ccb2887742f?s=96&d=wp_user_avatar&r=g\",\"caption\":\"Reda\u00e7\u00e3o JO\"},\"url\":\"https:\\\/\\\/jornaldasoficinas.com\\\/pt\\\/author\\\/joredacao\\\/\"}]}<\/script>\n<!-- \/ Yoast SEO plugin. -->","yoast_head_json":{"title":"Mondegope\u00e7as d\u00e1 forma\u00e7\u00e3o de Oscilosc\u00f3pio - Jornal das Oficinas","description":"A Mondegope\u00e7as d\u00e1 in\u00edcio \u00e0s forma\u00e7\u00f5es para os seus clientes j\u00e1 no pr\u00f3ximo dia 25 de fevereiro com uma forma\u00e7\u00e3o de Oscilosc\u00f3pio","robots":{"index":"index","follow":"follow","max-snippet":"max-snippet:-1","max-image-preview":"max-image-preview:large","max-video-preview":"max-video-preview:-1"},"canonical":"https:\/\/jornaldasoficinas.com\/pt\/mondegopecas-alerta-para-formacao-de-osciloscopio\/","og_locale":"pt_PT","og_type":"article","og_title":"Mondegope\u00e7as d\u00e1 forma\u00e7\u00e3o de Oscilosc\u00f3pio - Jornal das Oficinas","og_description":"A Mondegope\u00e7as d\u00e1 in\u00edcio \u00e0s forma\u00e7\u00f5es para os seus clientes j\u00e1 no pr\u00f3ximo dia 25 de fevereiro com uma forma\u00e7\u00e3o de Oscilosc\u00f3pio","og_url":"https:\/\/jornaldasoficinas.com\/pt\/mondegopecas-alerta-para-formacao-de-osciloscopio\/","og_site_name":"Jornal das Oficinas","article_publisher":"https:\/\/www.facebook.com\/jornaloficinas","article_published_time":"2023-02-21T12:30:26+00:00","og_image":[{"width":1024,"height":581,"url":"https:\/\/jornaldasoficinas.com\/pt\/wp-content\/uploads\/2023\/02\/Mondegopecas-alerta-para-formacao-de-Osciloscopio0.png","type":"image\/png"}],"author":"Reda\u00e7\u00e3o JO","twitter_card":"summary_large_image","twitter_creator":"@jornaloficinas","twitter_site":"@jornaloficinas","twitter_misc":{"Escrito por":"Reda\u00e7\u00e3o JO","Tempo estimado de leitura":"1 minuto"},"schema":{"@context":"https:\/\/schema.org","@graph":[{"@type":"Article","@id":"https:\/\/jornaldasoficinas.com\/pt\/mondegopecas-alerta-para-formacao-de-osciloscopio\/#article","isPartOf":{"@id":"https:\/\/jornaldasoficinas.com\/pt\/mondegopecas-alerta-para-formacao-de-osciloscopio\/"},"author":{"name":"Reda\u00e7\u00e3o JO","@id":"https:\/\/jornaldasoficinas.com\/pt\/#\/schema\/person\/a38eef5de2c41d9e7c9ac10141afddf3"},"headline":"Mondegope\u00e7as d\u00e1 forma\u00e7\u00e3o de Oscilosc\u00f3pio","datePublished":"2023-02-21T12:30:26+00:00","mainEntityOfPage":{"@id":"https:\/\/jornaldasoficinas.com\/pt\/mondegopecas-alerta-para-formacao-de-osciloscopio\/"},"wordCount":133,"publisher":{"@id":"https:\/\/jornaldasoficinas.com\/pt\/#organization"},"image":{"@id":"https:\/\/jornaldasoficinas.com\/pt\/mondegopecas-alerta-para-formacao-de-osciloscopio\/#primaryimage"},"thumbnailUrl":"https:\/\/jornaldasoficinas.com\/pt\/wp-content\/uploads\/2023\/02\/Mondegopecas-alerta-para-formacao-de-Osciloscopio0.png","keywords":["Autel","Brembo","DGERT","Forma\u00e7\u00e3o","forma\u00e7\u00e3o de Oscilosc\u00f3pio","Mondegope\u00e7as","Motul","NEXTacademy","Nexus Auto","NRF","ProfissionalPlus"],"articleSection":["Empresas"],"inLanguage":"pt-PT"},{"@type":"WebPage","@id":"https:\/\/jornaldasoficinas.com\/pt\/mondegopecas-alerta-para-formacao-de-osciloscopio\/","url":"https:\/\/jornaldasoficinas.com\/pt\/mondegopecas-alerta-para-formacao-de-osciloscopio\/","name":"Mondegope\u00e7as d\u00e1 forma\u00e7\u00e3o de Oscilosc\u00f3pio - Jornal das Oficinas","isPartOf":{"@id":"https:\/\/jornaldasoficinas.com\/pt\/#website"},"primaryImageOfPage":{"@id":"https:\/\/jornaldasoficinas.com\/pt\/mondegopecas-alerta-para-formacao-de-osciloscopio\/#primaryimage"},"image":{"@id":"https:\/\/jornaldasoficinas.com\/pt\/mondegopecas-alerta-para-formacao-de-osciloscopio\/#primaryimage"},"thumbnailUrl":"https:\/\/jornaldasoficinas.com\/pt\/wp-content\/uploads\/2023\/02\/Mondegopecas-alerta-para-formacao-de-Osciloscopio0.png","datePublished":"2023-02-21T12:30:26+00:00","description":"A Mondegope\u00e7as d\u00e1 in\u00edcio \u00e0s forma\u00e7\u00f5es para os seus clientes j\u00e1 no pr\u00f3ximo dia 25 de fevereiro com uma forma\u00e7\u00e3o de Oscilosc\u00f3pio","breadcrumb":{"@id":"https:\/\/jornaldasoficinas.com\/pt\/mondegopecas-alerta-para-formacao-de-osciloscopio\/#breadcrumb"},"inLanguage":"pt-PT","potentialAction":[{"@type":"ReadAction","target":["https:\/\/jornaldasoficinas.com\/pt\/mondegopecas-alerta-para-formacao-de-osciloscopio\/"]}]},{"@type":"ImageObject","inLanguage":"pt-PT","@id":"https:\/\/jornaldasoficinas.com\/pt\/mondegopecas-alerta-para-formacao-de-osciloscopio\/#primaryimage","url":"https:\/\/jornaldasoficinas.com\/pt\/wp-content\/uploads\/2023\/02\/Mondegopecas-alerta-para-formacao-de-Osciloscopio0.png","contentUrl":"https:\/\/jornaldasoficinas.com\/pt\/wp-content\/uploads\/2023\/02\/Mondegopecas-alerta-para-formacao-de-Osciloscopio0.png","width":1024,"height":581,"caption":"02 - Mondegopecas alerta para formacao de Osciloscopio0"},{"@type":"BreadcrumbList","@id":"https:\/\/jornaldasoficinas.com\/pt\/mondegopecas-alerta-para-formacao-de-osciloscopio\/#breadcrumb","itemListElement":[{"@type":"ListItem","position":1,"name":"In\u00edcio","item":"https:\/\/jornaldasoficinas.com\/pt\/"},{"@type":"ListItem","position":2,"name":"Mondegope\u00e7as d\u00e1 forma\u00e7\u00e3o de Oscilosc\u00f3pio"}]},{"@type":"WebSite","@id":"https:\/\/jornaldasoficinas.com\/pt\/#website","url":"https:\/\/jornaldasoficinas.com\/pt\/","name":"Jornal das Oficinas","description":"Jornal independente do Aftermarket Autom\u00f3vel em Portugal","publisher":{"@id":"https:\/\/jornaldasoficinas.com\/pt\/#organization"},"potentialAction":[{"@type":"SearchAction","target":{"@type":"EntryPoint","urlTemplate":"https:\/\/jornaldasoficinas.com\/pt\/?s={search_term_string}"},"query-input":{"@type":"PropertyValueSpecification","valueRequired":true,"valueName":"search_term_string"}}],"inLanguage":"pt-PT"},{"@type":"Organization","@id":"https:\/\/jornaldasoficinas.com\/pt\/#organization","name":"Jornal das Oficinas","url":"https:\/\/jornaldasoficinas.com\/pt\/","logo":{"@type":"ImageObject","inLanguage":"pt-PT","@id":"https:\/\/jornaldasoficinas.com\/pt\/#\/schema\/logo\/image\/","url":"https:\/\/jornaldasoficinas.com\/pt\/wp-content\/uploads\/logoJO-SEO.png","contentUrl":"https:\/\/jornaldasoficinas.com\/pt\/wp-content\/uploads\/logoJO-SEO.png","width":285,"height":450,"caption":"Jornal das Oficinas"},"image":{"@id":"https:\/\/jornaldasoficinas.com\/pt\/#\/schema\/logo\/image\/"},"sameAs":["https:\/\/www.facebook.com\/jornaloficinas","https:\/\/x.com\/jornaloficinas","https:\/\/www.instagram.com\/jornal_oficinas\/","https:\/\/www.linkedin.com\/company\/jornal-das-oficinas\/","https:\/\/www.youtube.com\/channel\/UCbQZBqtcvV-oSQrr7RzINGg"]},{"@type":"Person","@id":"https:\/\/jornaldasoficinas.com\/pt\/#\/schema\/person\/a38eef5de2c41d9e7c9ac10141afddf3","name":"Reda\u00e7\u00e3o JO","image":{"@type":"ImageObject","inLanguage":"pt-PT","@id":"https:\/\/secure.gravatar.com\/avatar\/71f2fa71737ad68a84fea94bc708ddac8ea5b0c4788dc2ad202f3ccb2887742f?s=96&d=wp_user_avatar&r=g","url":"https:\/\/secure.gravatar.com\/avatar\/71f2fa71737ad68a84fea94bc708ddac8ea5b0c4788dc2ad202f3ccb2887742f?s=96&d=wp_user_avatar&r=g","contentUrl":"https:\/\/secure.gravatar.com\/avatar\/71f2fa71737ad68a84fea94bc708ddac8ea5b0c4788dc2ad202f3ccb2887742f?s=96&d=wp_user_avatar&r=g","caption":"Reda\u00e7\u00e3o JO"},"url":"https:\/\/jornaldasoficinas.com\/pt\/author\/joredacao\/"}]}},"_links":{"self":[{"href":"https:\/\/jornaldasoficinas.com\/pt\/wp-json\/wp\/v2\/posts\/62370","targetHints":{"allow":["GET"]}}],"collection":[{"href":"https:\/\/jornaldasoficinas.com\/pt\/wp-json\/wp\/v2\/posts"}],"about":[{"href":"https:\/\/jornaldasoficinas.com\/pt\/wp-json\/wp\/v2\/types\/post"}],"author":[{"embeddable":true,"href":"https:\/\/jornaldasoficinas.com\/pt\/wp-json\/wp\/v2\/users\/15"}],"replies":[{"embeddable":true,"href":"https:\/\/jornaldasoficinas.com\/pt\/wp-json\/wp\/v2\/comments?post=62370"}],"version-history":[{"count":0,"href":"https:\/\/jornaldasoficinas.com\/pt\/wp-json\/wp\/v2\/posts\/62370\/revisions"}],"wp:featuredmedia":[{"embeddable":true,"href":"https:\/\/jornaldasoficinas.com\/pt\/wp-json\/wp\/v2\/media\/62371"}],"wp:attachment":[{"href":"https:\/\/jornaldasoficinas.com\/pt\/wp-json\/wp\/v2\/media?parent=62370"}],"wp:term":[{"taxonomy":"category","embeddable":true,"href":"https:\/\/jornaldasoficinas.com\/pt\/wp-json\/wp\/v2\/categories?post=62370"},{"taxonomy":"post_tag","embeddable":true,"href":"https:\/\/jornaldasoficinas.com\/pt\/wp-json\/wp\/v2\/tags?post=62370"}],"curies":[{"name":"wp","href":"https:\/\/api.w.org\/{rel}","templated":true}]}}