{"id":62529,"date":"2023-02-24T09:00:32","date_gmt":"2023-02-24T09:00:32","guid":{"rendered":"https:\/\/jornaldasoficinas.com\/pt\/?p=62529"},"modified":"2023-02-27T20:39:29","modified_gmt":"2023-02-27T20:39:29","slug":"mann-filter-celebra-dia-do-mecanico-com-video-promocional","status":"publish","type":"post","link":"https:\/\/jornaldasoficinas.com\/pt\/mann-filter-celebra-dia-do-mecanico-com-video-promocional\/","title":{"rendered":"MANN-FILTER celebra Dia do Mec\u00e2nico com v\u00eddeo promocional"},"content":{"rendered":"<p><img loading=\"lazy\" decoding=\"async\" class=\"alignnone size-full wp-image-62530\" src=\"https:\/\/jornaldasoficinas.com\/pt\/wp-content\/uploads\/2023\/02\/MANN-FILTER-celebra-Dia-do-Mecanico-com-video-promocional.jpeg\" alt=\"02 - MANN FILTER celebra Dia do Mecanico com video promocional\" width=\"1024\" height=\"581\" srcset=\"https:\/\/jornaldasoficinas.com\/pt\/wp-content\/uploads\/2023\/02\/MANN-FILTER-celebra-Dia-do-Mecanico-com-video-promocional.jpeg 1024w, https:\/\/jornaldasoficinas.com\/pt\/wp-content\/uploads\/2023\/02\/MANN-FILTER-celebra-Dia-do-Mecanico-com-video-promocional-300x170.jpeg 300w, https:\/\/jornaldasoficinas.com\/pt\/wp-content\/uploads\/2023\/02\/MANN-FILTER-celebra-Dia-do-Mecanico-com-video-promocional-150x85.jpeg 150w, https:\/\/jornaldasoficinas.com\/pt\/wp-content\/uploads\/2023\/02\/MANN-FILTER-celebra-Dia-do-Mecanico-com-video-promocional-768x436.jpeg 768w\" sizes=\"auto, (max-width: 1024px) 100vw, 1024px\" \/><\/p>\n<p><strong>A <a href=\"https:\/\/catalog.mann-filter.com\/EU\/por\" target=\"_blank\" rel=\"noopener\">MANN-FILTER<\/a>, associa-se \u00e0 comemora\u00e7\u00e3o do Dia do Mec\u00e2nico, lan\u00e7ando um v\u00eddeo que reconhece o contributo destes profissionais para a seguran\u00e7a rodovi\u00e1ria<\/strong><\/p>\n<p>Para a MANN-FILTER, o trabalho do profissional na oficina \u00e9 \u201cessencial para garantir n\u00edveis \u00f3timos de seguran\u00e7a rodovi\u00e1ria\u201d, uma vez que a correta manuten\u00e7\u00e3o das viaturas \u201c\u00e9 essencial para reduzir o n\u00famero de acidentes na estrada\u201d.<\/p>\n<p>Por isso, a empresa alem\u00e3, com uma unidade de produ\u00e7\u00e3o para a Pen\u00ednsula Ib\u00e9rica em Sarago\u00e7a, centra o seu trabalho no apoio \u00e0 oficina, garantindo qualidade de primeira em todos os seus produtos, o que aumenta a confian\u00e7a do utilizador, para al\u00e9m de lhe oferecer uma excelente garantia de qualidade e servi\u00e7o.<\/p>\n<p>A MANN-FILTER passou sete anos dedicada \u00e0 forma\u00e7\u00e3o em mais de 100 centros de treinamento profissional para mec\u00e2nicos, em toda a Espanha. Treinamentos pelos quais j\u00e1 passaram mais de 15.000 futuros mec\u00e2nicos.<\/p>\n<p>Com estes cursos, a empresa pretende aproximar a experi\u00eancia e o conhecimento do mundo empresarial ao sistema educativo e, sobretudo, fazer com que o aluno se sinta, a partir de agora, um profissional e adquira argumentos que lhe permitam refor\u00e7ar a sua prepara\u00e7\u00e3o para se defenderem num mercado de trabalho cada vez mais complexo e exigente.<\/p>\n<p>H\u00e1 cerca de um ano e meio, que a MANN-FILTER colabora com o <a href=\"https:\/\/grupeina.com\/pt\/\" target=\"_blank\" rel=\"noopener\">Grupo Eina<\/a>, empresa dedicada ao desenvolvimento de servi\u00e7os e produtos para oficinas, com a publica\u00e7\u00e3o de um curso sobre &#8216;Fundamentos da filtra\u00e7\u00e3o&#8217; no seu novo campus online Eina- AD, em colabora\u00e7\u00e3o com <a href=\"https:\/\/www.adparts.com\/\" target=\"_blank\" rel=\"noopener\">AD Parts<\/a>.<\/p>\n<p>Este curso pretende servir de base de conhecimento aos futuros profissionais das oficinas, abordando os diferentes tipos de filtra\u00e7\u00e3o e a utilidade de cada filtro, dando informa\u00e7\u00e3o pr\u00e1tica sobre o tipo de part\u00edculas que se deve evitar que cheguem ao motor, com conte\u00fados sobre os per\u00edodos filtro manuten\u00e7\u00e3o e orienta\u00e7\u00f5es sobre as necessidades de filtra\u00e7\u00e3o dos novos conceitos de mobilidade.<\/p>\n<div data-mode=\"normal\" data-oembed=\"1\" data-provider=\"vimeo\" id=\"arve-vimeo-801533593\" style=\"max-width:800px;\" class=\"arve\">\n<div class=\"arve-inner\">\n<div class=\"arve-embed arve-embed--has-aspect-ratio\">\n<div class=\"arve-ar\" style=\"padding-top:56.250000%\"><\/div>\n<p>\t\t\t<iframe allow=\"accelerometer &apos;none&apos;;autoplay &apos;none&apos;;bluetooth &apos;none&apos;;browsing-topics &apos;none&apos;;camera &apos;none&apos;;clipboard-read &apos;none&apos;;clipboard-write;display-capture &apos;none&apos;;encrypted-media &apos;none&apos;;gamepad &apos;none&apos;;geolocation &apos;none&apos;;gyroscope &apos;none&apos;;hid &apos;none&apos;;identity-credentials-get &apos;none&apos;;idle-detection &apos;none&apos;;keyboard-map &apos;none&apos;;local-fonts;magnetometer &apos;none&apos;;microphone &apos;none&apos;;midi &apos;none&apos;;otp-credentials &apos;none&apos;;payment &apos;none&apos;;picture-in-picture;publickey-credentials-create &apos;none&apos;;publickey-credentials-get &apos;none&apos;;screen-wake-lock &apos;none&apos;;serial &apos;none&apos;;summarizer &apos;none&apos;;sync-xhr;usb &apos;none&apos;;web-share;window-management &apos;none&apos;;xr-spatial-tracking &apos;none&apos;;\" allowfullscreen=\"\" class=\"arve-iframe fitvidsignore\" credentialless data-arve=\"arve-vimeo-801533593\" data-lenis-prevent=\"\" data-src-no-ap=\"https:\/\/player.vimeo.com\/video\/801533593?dnt=1&amp;app_id=122963&amp;transparent=0&amp;title=1&amp;byline=0&amp;portrait=0&amp;autoplay=0\" frameborder=\"0\" height=\"450\" loading=\"lazy\" name=\"\" referrerpolicy=\"strict-origin-when-cross-origin\" sandbox=\"allow-scripts allow-same-origin allow-presentation allow-popups allow-popups-to-escape-sandbox allow-forms\" scrolling=\"no\" src=\"https:\/\/player.vimeo.com\/video\/801533593?dnt=1&#038;app_id=122963&#038;transparent=0&#038;title=1&#038;byline=0&#038;portrait=0&#038;autoplay=0\" title=\"\" width=\"800\"><\/iframe><\/p><\/div>\n<\/p><\/div>\n<p>\t<script type=\"application\/ld+json\">{\"@context\":\"http:\\\/\\\/schema.org\\\/\",\"@id\":\"https:\\\/\\\/jornaldasoficinas.com\\\/pt\\\/mann-filter-celebra-dia-do-mecanico-com-video-promocional\\\/#arve-vimeo-801533593\",\"type\":\"VideoObject\",\"embedURL\":\"https:\\\/\\\/player.vimeo.com\\\/video\\\/801533593?dnt=1&app_id=122963&transparent=0&title=1&byline=0&portrait=0&autoplay=0\"}<\/script><\/p>\n<\/div>\n<p>Ou <a href=\"https:\/\/vimeo.com\/801533593\" target=\"_blank\" rel=\"noopener\">aqui<\/a>.<\/p>\n","protected":false},"excerpt":{"rendered":"<p>A MANN-FILTER, associa-se \u00e0 comemora\u00e7\u00e3o do&#8230;<\/p>\n","protected":false},"author":15,"featured_media":62530,"comment_status":"closed","ping_status":"closed","sticky":false,"template":"","format":"standard","meta":{"footnotes":""},"categories":[29],"tags":[447,4308,2536,266,4309,3563],"class_list":["post-62529","post","type-post","status-publish","format-standard","has-post-thumbnail","hentry","category-empresas","tag-ad-parts","tag-dia-do-mecanico","tag-grupo-eina","tag-mann-filter","tag-manutencao-das-viaturas","tag-seguranca-rodoviaria"],"yoast_head":"<!-- This site is optimized with the Yoast SEO plugin v27.4 - https:\/\/yoast.com\/product\/yoast-seo-wordpress\/ -->\n<title>MANN-FILTER celebra Dia do Mec\u00e2nico com v\u00eddeo promocional - Jornal das Oficinas<\/title>\n<meta name=\"description\" content=\"A MANN-FILTER, associou-se \u00e0 comemora\u00e7\u00e3o do Dia do Mec\u00e2nico, com um v\u00eddeo que reconhece estes profissionais para a seguran\u00e7a rodovi\u00e1ria\" \/>\n<meta name=\"robots\" content=\"index, follow, max-snippet:-1, max-image-preview:large, max-video-preview:-1\" \/>\n<link rel=\"canonical\" href=\"https:\/\/jornaldasoficinas.com\/pt\/mann-filter-celebra-dia-do-mecanico-com-video-promocional\/\" \/>\n<meta property=\"og:locale\" content=\"pt_PT\" \/>\n<meta property=\"og:type\" content=\"article\" \/>\n<meta property=\"og:title\" content=\"MANN-FILTER celebra Dia do Mec\u00e2nico com v\u00eddeo promocional - Jornal das Oficinas\" \/>\n<meta property=\"og:description\" content=\"A MANN-FILTER, associou-se \u00e0 comemora\u00e7\u00e3o do Dia do Mec\u00e2nico, com um v\u00eddeo que reconhece estes profissionais para a seguran\u00e7a rodovi\u00e1ria\" \/>\n<meta property=\"og:url\" content=\"https:\/\/jornaldasoficinas.com\/pt\/mann-filter-celebra-dia-do-mecanico-com-video-promocional\/\" \/>\n<meta property=\"og:site_name\" content=\"Jornal das Oficinas\" \/>\n<meta property=\"article:publisher\" content=\"https:\/\/www.facebook.com\/jornaloficinas\" \/>\n<meta property=\"article:published_time\" content=\"2023-02-24T09:00:32+00:00\" \/>\n<meta property=\"article:modified_time\" content=\"2023-02-27T20:39:29+00:00\" \/>\n<meta property=\"og:image\" content=\"https:\/\/jornaldasoficinas.com\/pt\/wp-content\/uploads\/2023\/02\/MANN-FILTER-celebra-Dia-do-Mecanico-com-video-promocional.jpeg\" \/>\n\t<meta property=\"og:image:width\" content=\"1024\" \/>\n\t<meta property=\"og:image:height\" content=\"581\" \/>\n\t<meta property=\"og:image:type\" content=\"image\/jpeg\" \/>\n<meta name=\"author\" content=\"Reda\u00e7\u00e3o JO\" \/>\n<meta name=\"twitter:card\" content=\"summary_large_image\" \/>\n<meta name=\"twitter:creator\" content=\"@jornaloficinas\" \/>\n<meta name=\"twitter:site\" content=\"@jornaloficinas\" \/>\n<meta name=\"twitter:label1\" content=\"Escrito por\" \/>\n\t<meta name=\"twitter:data1\" content=\"Reda\u00e7\u00e3o JO\" \/>\n\t<meta name=\"twitter:label2\" content=\"Tempo estimado de leitura\" \/>\n\t<meta name=\"twitter:data2\" content=\"2 minutos\" \/>\n<script type=\"application\/ld+json\" class=\"yoast-schema-graph\">{\"@context\":\"https:\\\/\\\/schema.org\",\"@graph\":[{\"@type\":\"Article\",\"@id\":\"https:\\\/\\\/jornaldasoficinas.com\\\/pt\\\/mann-filter-celebra-dia-do-mecanico-com-video-promocional\\\/#article\",\"isPartOf\":{\"@id\":\"https:\\\/\\\/jornaldasoficinas.com\\\/pt\\\/mann-filter-celebra-dia-do-mecanico-com-video-promocional\\\/\"},\"author\":{\"name\":\"Reda\u00e7\u00e3o JO\",\"@id\":\"https:\\\/\\\/jornaldasoficinas.com\\\/pt\\\/#\\\/schema\\\/person\\\/a38eef5de2c41d9e7c9ac10141afddf3\"},\"headline\":\"MANN-FILTER celebra Dia do Mec\u00e2nico com v\u00eddeo promocional\",\"datePublished\":\"2023-02-24T09:00:32+00:00\",\"dateModified\":\"2023-02-27T20:39:29+00:00\",\"mainEntityOfPage\":{\"@id\":\"https:\\\/\\\/jornaldasoficinas.com\\\/pt\\\/mann-filter-celebra-dia-do-mecanico-com-video-promocional\\\/\"},\"wordCount\":350,\"publisher\":{\"@id\":\"https:\\\/\\\/jornaldasoficinas.com\\\/pt\\\/#organization\"},\"image\":{\"@id\":\"https:\\\/\\\/jornaldasoficinas.com\\\/pt\\\/mann-filter-celebra-dia-do-mecanico-com-video-promocional\\\/#primaryimage\"},\"thumbnailUrl\":\"https:\\\/\\\/jornaldasoficinas.com\\\/pt\\\/wp-content\\\/uploads\\\/2023\\\/02\\\/MANN-FILTER-celebra-Dia-do-Mecanico-com-video-promocional.jpeg\",\"keywords\":[\"AD Parts\",\"Dia do Mec\u00e2nico\",\"Grupo Eina\",\"MANN-FILTER\",\"manuten\u00e7\u00e3o das viaturas\",\"Seguran\u00e7a rodovi\u00e1ria\"],\"articleSection\":[\"Empresas\"],\"inLanguage\":\"pt-PT\"},{\"@type\":\"WebPage\",\"@id\":\"https:\\\/\\\/jornaldasoficinas.com\\\/pt\\\/mann-filter-celebra-dia-do-mecanico-com-video-promocional\\\/\",\"url\":\"https:\\\/\\\/jornaldasoficinas.com\\\/pt\\\/mann-filter-celebra-dia-do-mecanico-com-video-promocional\\\/\",\"name\":\"MANN-FILTER celebra Dia do Mec\u00e2nico com v\u00eddeo promocional - Jornal das Oficinas\",\"isPartOf\":{\"@id\":\"https:\\\/\\\/jornaldasoficinas.com\\\/pt\\\/#website\"},\"primaryImageOfPage\":{\"@id\":\"https:\\\/\\\/jornaldasoficinas.com\\\/pt\\\/mann-filter-celebra-dia-do-mecanico-com-video-promocional\\\/#primaryimage\"},\"image\":{\"@id\":\"https:\\\/\\\/jornaldasoficinas.com\\\/pt\\\/mann-filter-celebra-dia-do-mecanico-com-video-promocional\\\/#primaryimage\"},\"thumbnailUrl\":\"https:\\\/\\\/jornaldasoficinas.com\\\/pt\\\/wp-content\\\/uploads\\\/2023\\\/02\\\/MANN-FILTER-celebra-Dia-do-Mecanico-com-video-promocional.jpeg\",\"datePublished\":\"2023-02-24T09:00:32+00:00\",\"dateModified\":\"2023-02-27T20:39:29+00:00\",\"description\":\"A MANN-FILTER, associou-se \u00e0 comemora\u00e7\u00e3o do Dia do Mec\u00e2nico, com um v\u00eddeo que reconhece estes profissionais para a seguran\u00e7a rodovi\u00e1ria\",\"breadcrumb\":{\"@id\":\"https:\\\/\\\/jornaldasoficinas.com\\\/pt\\\/mann-filter-celebra-dia-do-mecanico-com-video-promocional\\\/#breadcrumb\"},\"inLanguage\":\"pt-PT\",\"potentialAction\":[{\"@type\":\"ReadAction\",\"target\":[\"https:\\\/\\\/jornaldasoficinas.com\\\/pt\\\/mann-filter-celebra-dia-do-mecanico-com-video-promocional\\\/\"]}]},{\"@type\":\"ImageObject\",\"inLanguage\":\"pt-PT\",\"@id\":\"https:\\\/\\\/jornaldasoficinas.com\\\/pt\\\/mann-filter-celebra-dia-do-mecanico-com-video-promocional\\\/#primaryimage\",\"url\":\"https:\\\/\\\/jornaldasoficinas.com\\\/pt\\\/wp-content\\\/uploads\\\/2023\\\/02\\\/MANN-FILTER-celebra-Dia-do-Mecanico-com-video-promocional.jpeg\",\"contentUrl\":\"https:\\\/\\\/jornaldasoficinas.com\\\/pt\\\/wp-content\\\/uploads\\\/2023\\\/02\\\/MANN-FILTER-celebra-Dia-do-Mecanico-com-video-promocional.jpeg\",\"width\":1024,\"height\":581,\"caption\":\"02 - MANN FILTER celebra Dia do Mecanico com video promocional\"},{\"@type\":\"BreadcrumbList\",\"@id\":\"https:\\\/\\\/jornaldasoficinas.com\\\/pt\\\/mann-filter-celebra-dia-do-mecanico-com-video-promocional\\\/#breadcrumb\",\"itemListElement\":[{\"@type\":\"ListItem\",\"position\":1,\"name\":\"In\u00edcio\",\"item\":\"https:\\\/\\\/jornaldasoficinas.com\\\/pt\\\/\"},{\"@type\":\"ListItem\",\"position\":2,\"name\":\"MANN-FILTER celebra Dia do Mec\u00e2nico com v\u00eddeo promocional\"}]},{\"@type\":\"WebSite\",\"@id\":\"https:\\\/\\\/jornaldasoficinas.com\\\/pt\\\/#website\",\"url\":\"https:\\\/\\\/jornaldasoficinas.com\\\/pt\\\/\",\"name\":\"Jornal das Oficinas\",\"description\":\"Jornal independente do Aftermarket Autom\u00f3vel em Portugal\",\"publisher\":{\"@id\":\"https:\\\/\\\/jornaldasoficinas.com\\\/pt\\\/#organization\"},\"potentialAction\":[{\"@type\":\"SearchAction\",\"target\":{\"@type\":\"EntryPoint\",\"urlTemplate\":\"https:\\\/\\\/jornaldasoficinas.com\\\/pt\\\/?s={search_term_string}\"},\"query-input\":{\"@type\":\"PropertyValueSpecification\",\"valueRequired\":true,\"valueName\":\"search_term_string\"}}],\"inLanguage\":\"pt-PT\"},{\"@type\":\"Organization\",\"@id\":\"https:\\\/\\\/jornaldasoficinas.com\\\/pt\\\/#organization\",\"name\":\"Jornal das Oficinas\",\"url\":\"https:\\\/\\\/jornaldasoficinas.com\\\/pt\\\/\",\"logo\":{\"@type\":\"ImageObject\",\"inLanguage\":\"pt-PT\",\"@id\":\"https:\\\/\\\/jornaldasoficinas.com\\\/pt\\\/#\\\/schema\\\/logo\\\/image\\\/\",\"url\":\"https:\\\/\\\/jornaldasoficinas.com\\\/pt\\\/wp-content\\\/uploads\\\/logoJO-SEO.png\",\"contentUrl\":\"https:\\\/\\\/jornaldasoficinas.com\\\/pt\\\/wp-content\\\/uploads\\\/logoJO-SEO.png\",\"width\":285,\"height\":450,\"caption\":\"Jornal das Oficinas\"},\"image\":{\"@id\":\"https:\\\/\\\/jornaldasoficinas.com\\\/pt\\\/#\\\/schema\\\/logo\\\/image\\\/\"},\"sameAs\":[\"https:\\\/\\\/www.facebook.com\\\/jornaloficinas\",\"https:\\\/\\\/x.com\\\/jornaloficinas\",\"https:\\\/\\\/www.instagram.com\\\/jornal_oficinas\\\/\",\"https:\\\/\\\/www.linkedin.com\\\/company\\\/jornal-das-oficinas\\\/\",\"https:\\\/\\\/www.youtube.com\\\/channel\\\/UCbQZBqtcvV-oSQrr7RzINGg\"]},{\"@type\":\"Person\",\"@id\":\"https:\\\/\\\/jornaldasoficinas.com\\\/pt\\\/#\\\/schema\\\/person\\\/a38eef5de2c41d9e7c9ac10141afddf3\",\"name\":\"Reda\u00e7\u00e3o JO\",\"image\":{\"@type\":\"ImageObject\",\"inLanguage\":\"pt-PT\",\"@id\":\"https:\\\/\\\/secure.gravatar.com\\\/avatar\\\/71f2fa71737ad68a84fea94bc708ddac8ea5b0c4788dc2ad202f3ccb2887742f?s=96&d=wp_user_avatar&r=g\",\"url\":\"https:\\\/\\\/secure.gravatar.com\\\/avatar\\\/71f2fa71737ad68a84fea94bc708ddac8ea5b0c4788dc2ad202f3ccb2887742f?s=96&d=wp_user_avatar&r=g\",\"contentUrl\":\"https:\\\/\\\/secure.gravatar.com\\\/avatar\\\/71f2fa71737ad68a84fea94bc708ddac8ea5b0c4788dc2ad202f3ccb2887742f?s=96&d=wp_user_avatar&r=g\",\"caption\":\"Reda\u00e7\u00e3o JO\"},\"url\":\"https:\\\/\\\/jornaldasoficinas.com\\\/pt\\\/author\\\/joredacao\\\/\"}]}<\/script>\n<!-- \/ Yoast SEO plugin. -->","yoast_head_json":{"title":"MANN-FILTER celebra Dia do Mec\u00e2nico com v\u00eddeo promocional - Jornal das Oficinas","description":"A MANN-FILTER, associou-se \u00e0 comemora\u00e7\u00e3o do Dia do Mec\u00e2nico, com um v\u00eddeo que reconhece estes profissionais para a seguran\u00e7a rodovi\u00e1ria","robots":{"index":"index","follow":"follow","max-snippet":"max-snippet:-1","max-image-preview":"max-image-preview:large","max-video-preview":"max-video-preview:-1"},"canonical":"https:\/\/jornaldasoficinas.com\/pt\/mann-filter-celebra-dia-do-mecanico-com-video-promocional\/","og_locale":"pt_PT","og_type":"article","og_title":"MANN-FILTER celebra Dia do Mec\u00e2nico com v\u00eddeo promocional - Jornal das Oficinas","og_description":"A MANN-FILTER, associou-se \u00e0 comemora\u00e7\u00e3o do Dia do Mec\u00e2nico, com um v\u00eddeo que reconhece estes profissionais para a seguran\u00e7a rodovi\u00e1ria","og_url":"https:\/\/jornaldasoficinas.com\/pt\/mann-filter-celebra-dia-do-mecanico-com-video-promocional\/","og_site_name":"Jornal das Oficinas","article_publisher":"https:\/\/www.facebook.com\/jornaloficinas","article_published_time":"2023-02-24T09:00:32+00:00","article_modified_time":"2023-02-27T20:39:29+00:00","og_image":[{"width":1024,"height":581,"url":"https:\/\/jornaldasoficinas.com\/pt\/wp-content\/uploads\/2023\/02\/MANN-FILTER-celebra-Dia-do-Mecanico-com-video-promocional.jpeg","type":"image\/jpeg"}],"author":"Reda\u00e7\u00e3o JO","twitter_card":"summary_large_image","twitter_creator":"@jornaloficinas","twitter_site":"@jornaloficinas","twitter_misc":{"Escrito por":"Reda\u00e7\u00e3o JO","Tempo estimado de leitura":"2 minutos"},"schema":{"@context":"https:\/\/schema.org","@graph":[{"@type":"Article","@id":"https:\/\/jornaldasoficinas.com\/pt\/mann-filter-celebra-dia-do-mecanico-com-video-promocional\/#article","isPartOf":{"@id":"https:\/\/jornaldasoficinas.com\/pt\/mann-filter-celebra-dia-do-mecanico-com-video-promocional\/"},"author":{"name":"Reda\u00e7\u00e3o JO","@id":"https:\/\/jornaldasoficinas.com\/pt\/#\/schema\/person\/a38eef5de2c41d9e7c9ac10141afddf3"},"headline":"MANN-FILTER celebra Dia do Mec\u00e2nico com v\u00eddeo promocional","datePublished":"2023-02-24T09:00:32+00:00","dateModified":"2023-02-27T20:39:29+00:00","mainEntityOfPage":{"@id":"https:\/\/jornaldasoficinas.com\/pt\/mann-filter-celebra-dia-do-mecanico-com-video-promocional\/"},"wordCount":350,"publisher":{"@id":"https:\/\/jornaldasoficinas.com\/pt\/#organization"},"image":{"@id":"https:\/\/jornaldasoficinas.com\/pt\/mann-filter-celebra-dia-do-mecanico-com-video-promocional\/#primaryimage"},"thumbnailUrl":"https:\/\/jornaldasoficinas.com\/pt\/wp-content\/uploads\/2023\/02\/MANN-FILTER-celebra-Dia-do-Mecanico-com-video-promocional.jpeg","keywords":["AD Parts","Dia do Mec\u00e2nico","Grupo Eina","MANN-FILTER","manuten\u00e7\u00e3o das viaturas","Seguran\u00e7a rodovi\u00e1ria"],"articleSection":["Empresas"],"inLanguage":"pt-PT"},{"@type":"WebPage","@id":"https:\/\/jornaldasoficinas.com\/pt\/mann-filter-celebra-dia-do-mecanico-com-video-promocional\/","url":"https:\/\/jornaldasoficinas.com\/pt\/mann-filter-celebra-dia-do-mecanico-com-video-promocional\/","name":"MANN-FILTER celebra Dia do Mec\u00e2nico com v\u00eddeo promocional - Jornal das Oficinas","isPartOf":{"@id":"https:\/\/jornaldasoficinas.com\/pt\/#website"},"primaryImageOfPage":{"@id":"https:\/\/jornaldasoficinas.com\/pt\/mann-filter-celebra-dia-do-mecanico-com-video-promocional\/#primaryimage"},"image":{"@id":"https:\/\/jornaldasoficinas.com\/pt\/mann-filter-celebra-dia-do-mecanico-com-video-promocional\/#primaryimage"},"thumbnailUrl":"https:\/\/jornaldasoficinas.com\/pt\/wp-content\/uploads\/2023\/02\/MANN-FILTER-celebra-Dia-do-Mecanico-com-video-promocional.jpeg","datePublished":"2023-02-24T09:00:32+00:00","dateModified":"2023-02-27T20:39:29+00:00","description":"A MANN-FILTER, associou-se \u00e0 comemora\u00e7\u00e3o do Dia do Mec\u00e2nico, com um v\u00eddeo que reconhece estes profissionais para a seguran\u00e7a rodovi\u00e1ria","breadcrumb":{"@id":"https:\/\/jornaldasoficinas.com\/pt\/mann-filter-celebra-dia-do-mecanico-com-video-promocional\/#breadcrumb"},"inLanguage":"pt-PT","potentialAction":[{"@type":"ReadAction","target":["https:\/\/jornaldasoficinas.com\/pt\/mann-filter-celebra-dia-do-mecanico-com-video-promocional\/"]}]},{"@type":"ImageObject","inLanguage":"pt-PT","@id":"https:\/\/jornaldasoficinas.com\/pt\/mann-filter-celebra-dia-do-mecanico-com-video-promocional\/#primaryimage","url":"https:\/\/jornaldasoficinas.com\/pt\/wp-content\/uploads\/2023\/02\/MANN-FILTER-celebra-Dia-do-Mecanico-com-video-promocional.jpeg","contentUrl":"https:\/\/jornaldasoficinas.com\/pt\/wp-content\/uploads\/2023\/02\/MANN-FILTER-celebra-Dia-do-Mecanico-com-video-promocional.jpeg","width":1024,"height":581,"caption":"02 - MANN FILTER celebra Dia do Mecanico com video promocional"},{"@type":"BreadcrumbList","@id":"https:\/\/jornaldasoficinas.com\/pt\/mann-filter-celebra-dia-do-mecanico-com-video-promocional\/#breadcrumb","itemListElement":[{"@type":"ListItem","position":1,"name":"In\u00edcio","item":"https:\/\/jornaldasoficinas.com\/pt\/"},{"@type":"ListItem","position":2,"name":"MANN-FILTER celebra Dia do Mec\u00e2nico com v\u00eddeo promocional"}]},{"@type":"WebSite","@id":"https:\/\/jornaldasoficinas.com\/pt\/#website","url":"https:\/\/jornaldasoficinas.com\/pt\/","name":"Jornal das Oficinas","description":"Jornal independente do Aftermarket Autom\u00f3vel em Portugal","publisher":{"@id":"https:\/\/jornaldasoficinas.com\/pt\/#organization"},"potentialAction":[{"@type":"SearchAction","target":{"@type":"EntryPoint","urlTemplate":"https:\/\/jornaldasoficinas.com\/pt\/?s={search_term_string}"},"query-input":{"@type":"PropertyValueSpecification","valueRequired":true,"valueName":"search_term_string"}}],"inLanguage":"pt-PT"},{"@type":"Organization","@id":"https:\/\/jornaldasoficinas.com\/pt\/#organization","name":"Jornal das Oficinas","url":"https:\/\/jornaldasoficinas.com\/pt\/","logo":{"@type":"ImageObject","inLanguage":"pt-PT","@id":"https:\/\/jornaldasoficinas.com\/pt\/#\/schema\/logo\/image\/","url":"https:\/\/jornaldasoficinas.com\/pt\/wp-content\/uploads\/logoJO-SEO.png","contentUrl":"https:\/\/jornaldasoficinas.com\/pt\/wp-content\/uploads\/logoJO-SEO.png","width":285,"height":450,"caption":"Jornal das Oficinas"},"image":{"@id":"https:\/\/jornaldasoficinas.com\/pt\/#\/schema\/logo\/image\/"},"sameAs":["https:\/\/www.facebook.com\/jornaloficinas","https:\/\/x.com\/jornaloficinas","https:\/\/www.instagram.com\/jornal_oficinas\/","https:\/\/www.linkedin.com\/company\/jornal-das-oficinas\/","https:\/\/www.youtube.com\/channel\/UCbQZBqtcvV-oSQrr7RzINGg"]},{"@type":"Person","@id":"https:\/\/jornaldasoficinas.com\/pt\/#\/schema\/person\/a38eef5de2c41d9e7c9ac10141afddf3","name":"Reda\u00e7\u00e3o JO","image":{"@type":"ImageObject","inLanguage":"pt-PT","@id":"https:\/\/secure.gravatar.com\/avatar\/71f2fa71737ad68a84fea94bc708ddac8ea5b0c4788dc2ad202f3ccb2887742f?s=96&d=wp_user_avatar&r=g","url":"https:\/\/secure.gravatar.com\/avatar\/71f2fa71737ad68a84fea94bc708ddac8ea5b0c4788dc2ad202f3ccb2887742f?s=96&d=wp_user_avatar&r=g","contentUrl":"https:\/\/secure.gravatar.com\/avatar\/71f2fa71737ad68a84fea94bc708ddac8ea5b0c4788dc2ad202f3ccb2887742f?s=96&d=wp_user_avatar&r=g","caption":"Reda\u00e7\u00e3o JO"},"url":"https:\/\/jornaldasoficinas.com\/pt\/author\/joredacao\/"}]}},"_links":{"self":[{"href":"https:\/\/jornaldasoficinas.com\/pt\/wp-json\/wp\/v2\/posts\/62529","targetHints":{"allow":["GET"]}}],"collection":[{"href":"https:\/\/jornaldasoficinas.com\/pt\/wp-json\/wp\/v2\/posts"}],"about":[{"href":"https:\/\/jornaldasoficinas.com\/pt\/wp-json\/wp\/v2\/types\/post"}],"author":[{"embeddable":true,"href":"https:\/\/jornaldasoficinas.com\/pt\/wp-json\/wp\/v2\/users\/15"}],"replies":[{"embeddable":true,"href":"https:\/\/jornaldasoficinas.com\/pt\/wp-json\/wp\/v2\/comments?post=62529"}],"version-history":[{"count":0,"href":"https:\/\/jornaldasoficinas.com\/pt\/wp-json\/wp\/v2\/posts\/62529\/revisions"}],"wp:featuredmedia":[{"embeddable":true,"href":"https:\/\/jornaldasoficinas.com\/pt\/wp-json\/wp\/v2\/media\/62530"}],"wp:attachment":[{"href":"https:\/\/jornaldasoficinas.com\/pt\/wp-json\/wp\/v2\/media?parent=62529"}],"wp:term":[{"taxonomy":"category","embeddable":true,"href":"https:\/\/jornaldasoficinas.com\/pt\/wp-json\/wp\/v2\/categories?post=62529"},{"taxonomy":"post_tag","embeddable":true,"href":"https:\/\/jornaldasoficinas.com\/pt\/wp-json\/wp\/v2\/tags?post=62529"}],"curies":[{"name":"wp","href":"https:\/\/api.w.org\/{rel}","templated":true}]}}