{"id":62541,"date":"2023-02-24T14:00:38","date_gmt":"2023-02-24T14:00:38","guid":{"rendered":"https:\/\/jornaldasoficinas.com\/pt\/?p=62541"},"modified":"2023-02-27T20:37:01","modified_gmt":"2023-02-27T20:37:01","slug":"auto-lages-ganha-premio-soyposventero-2023","status":"publish","type":"post","link":"https:\/\/jornaldasoficinas.com\/pt\/auto-lages-ganha-premio-soyposventero-2023\/","title":{"rendered":"Auto Lages ganha pr\u00e9mio #SoyPosventero 2023"},"content":{"rendered":"<p><img loading=\"lazy\" decoding=\"async\" class=\"alignnone size-full wp-image-62452\" src=\"https:\/\/jornaldasoficinas.com\/pt\/wp-content\/uploads\/2023\/02\/Auto-Lages-ganha-premio.jpeg\" alt=\"02 - Auto Lages ganha premio\" width=\"1024\" height=\"581\" srcset=\"https:\/\/jornaldasoficinas.com\/pt\/wp-content\/uploads\/2023\/02\/Auto-Lages-ganha-premio.jpeg 1024w, https:\/\/jornaldasoficinas.com\/pt\/wp-content\/uploads\/2023\/02\/Auto-Lages-ganha-premio-300x170.jpeg 300w, https:\/\/jornaldasoficinas.com\/pt\/wp-content\/uploads\/2023\/02\/Auto-Lages-ganha-premio-150x85.jpeg 150w, https:\/\/jornaldasoficinas.com\/pt\/wp-content\/uploads\/2023\/02\/Auto-Lages-ganha-premio-768x436.jpeg 768w\" sizes=\"auto, (max-width: 1024px) 100vw, 1024px\" \/><\/p>\n<p><strong>A <a href=\"https:\/\/www.autolages.com\/pages\/home\" target=\"_blank\" rel=\"noopener\">Auto Lages<\/a>, oficina dirigida por Manuel Gomes &#8211; Diretor e Ana Filipa Gomes &#8211; Diretora Financeira e Comercial -, foi reconhecida com o Pr\u00e9mio &#8216;#SoyPosventero 2023&#8217; pelo seu historial no mercado e pelo seu compromisso com a excel\u00eancia no servi\u00e7o ao cliente<\/strong><\/p>\n<p>Tal como em edi\u00e7\u00f5es anteriores, o pr\u00e9mio foi entregue numa cerim\u00f3nia muito concorrida realizada nas instala\u00e7\u00f5es da <a href=\"https:\/\/www.ifema.es\/\">Ifema<\/a> em Madrid a 16 de Fevereiro, que acolher\u00e1 tamb\u00e9m a pr\u00f3xima edi\u00e7\u00e3o da principal feira do sector do aftermarket espanhol, a <a href=\"https:\/\/www.ifema.es\/en\/motortec\">Motortec<\/a>, em 2024.<\/p>\n<p>A Auto Lages foi fundada h\u00e1 39 anos como oficina de repara\u00e7\u00e3o mec\u00e2nica, mas ao longo dos anos, o seu diretor, Manuel Lage, incorporou novos servi\u00e7os e melhorias, conseguindo um servi\u00e7o completo e tecnologicamente avan\u00e7ado para os seus clientes. Em 2002, a Auto Lages juntou-se \u00e0 rede oficial <a href=\"https:\/\/www.boschcarservice.com\/pt\/pt\">Bosch Car Service<\/a>, garantindo a forma\u00e7\u00e3o constante dos seus t\u00e9cnicos e a incorpora\u00e7\u00e3o de inova\u00e7\u00f5es tecnol\u00f3gicas na oficina. &#8220;Hoje, temos o mesmo objetivo e compromisso que no in\u00edcio: queremos permanecer na vanguarda, afirmando-nos como uma oficina multimarcas competente, inovadora, fi\u00e1vel e respons\u00e1vel, sempre com os nossos clientes em mente&#8221;, sublinhou Ana Filipa.<\/p>\n<p>Segundo ela, o cora\u00e7\u00e3o da empresa baseia-se em tr\u00eas pilares fundamentais: transpar\u00eancia, satisfa\u00e7\u00e3o do cliente e qualidade de servi\u00e7o. &#8220;Acreditamos que sem honestidade n\u00e3o \u00e9 poss\u00edvel servir bem&#8221;. A Auto Lages \u00e9 uma empresa de servi\u00e7os que se concentra em satisfazer as expectativas dos seus clientes, apresentando sempre o seu trabalho e decis\u00f5es de uma forma honesta e transparente. A satisfa\u00e7\u00e3o do cliente \u00e9 a prioridade no seu trabalho di\u00e1rio e eles procuram sempre surpreender o cliente com servi\u00e7os acima das suas expectativas. A qualidade do servi\u00e7o \u00e9 uma constante na Auto Lages, e o seu compromisso reflete-se na certifica\u00e7\u00e3o ISO 9001 que det\u00eam desde 2005.<\/p>\n<p>Num futuro pr\u00f3ximo, as repara\u00e7\u00f5es ir\u00e3o concentrar-se cada vez mais nos carros el\u00e9tricos, o que ir\u00e1 exigir m\u00e3o-de-obra qualificada para esta nova tecnologia&#8221;, diz Ana Filipa, &#8220;e ser\u00e1 importante estarmos conscientes da evolu\u00e7\u00e3o social do nosso ambiente de oficina e prepararmo-nos. Do meu ponto de vista, ter\u00e1 de haver uma evolu\u00e7\u00e3o na avalia\u00e7\u00e3o dos conhecimentos e compet\u00eancias do t\u00e9cnico que diagnostica o problema e implementa a repara\u00e7\u00e3o. Esta \u00e9 a \u00fanica forma das oficinas multimarcas permanecerem ativas no mercado e serem neg\u00f3cios rent\u00e1veis&#8221;.<\/p>\n<p>O Pr\u00e9mio &#8216;#SoyPosventero 2023&#8217; reconhece a Auto Lages como l\u00edder de mercado e um exemplo de excel\u00eancia no servi\u00e7o ao cliente. Manuel Gomes e Ana Filipa Gomes e a sua equipa orgulham-se de receber este reconhecimento e continuar\u00e3o a trabalhar com o mesmo empenho e paix\u00e3o para prestar um servi\u00e7o de qualidade aos seus clientes.<\/p>\n","protected":false},"excerpt":{"rendered":"<p>A Auto Lages, oficina dirigida por&#8230;<\/p>\n","protected":false},"author":15,"featured_media":62452,"comment_status":"closed","ping_status":"closed","sticky":false,"template":"","format":"standard","meta":{"footnotes":""},"categories":[29],"tags":[4312,4306,3731,4314,4313,4311,3988,4315,4310],"class_list":["post-62541","post","type-post","status-publish","format-standard","has-post-thumbnail","hentry","category-empresas","tag-ana-filipa-gomes","tag-auto-lages","tag-diretor","tag-diretora-comercial","tag-diretora-financeira","tag-manuel-gomes","tag-premio","tag-servico-ao-cliente","tag-soyposventero-2023"],"yoast_head":"<!-- This site is optimized with the Yoast SEO plugin v27.4 - https:\/\/yoast.com\/product\/yoast-seo-wordpress\/ -->\n<title>Auto Lages ganha pr\u00e9mio #SoyPosventero 2023 - Jornal das Oficinas<\/title>\n<meta name=\"description\" content=\"A Auto Lages, oficina dirigida por Manuel Gomes e Ana Filipa Gomes, foi reconhecida com o Pr\u00e9mio #SoyPosventero 2023\" \/>\n<meta name=\"robots\" content=\"index, follow, max-snippet:-1, max-image-preview:large, max-video-preview:-1\" \/>\n<link rel=\"canonical\" href=\"https:\/\/jornaldasoficinas.com\/pt\/auto-lages-ganha-premio-soyposventero-2023\/\" \/>\n<meta property=\"og:locale\" content=\"pt_PT\" \/>\n<meta property=\"og:type\" content=\"article\" \/>\n<meta property=\"og:title\" content=\"Auto Lages ganha pr\u00e9mio #SoyPosventero 2023 - Jornal das Oficinas\" \/>\n<meta property=\"og:description\" content=\"A Auto Lages, oficina dirigida por Manuel Gomes e Ana Filipa Gomes, foi reconhecida com o Pr\u00e9mio #SoyPosventero 2023\" \/>\n<meta property=\"og:url\" content=\"https:\/\/jornaldasoficinas.com\/pt\/auto-lages-ganha-premio-soyposventero-2023\/\" \/>\n<meta property=\"og:site_name\" content=\"Jornal das Oficinas\" \/>\n<meta property=\"article:publisher\" content=\"https:\/\/www.facebook.com\/jornaloficinas\" \/>\n<meta property=\"article:published_time\" content=\"2023-02-24T14:00:38+00:00\" \/>\n<meta property=\"article:modified_time\" content=\"2023-02-27T20:37:01+00:00\" \/>\n<meta property=\"og:image\" content=\"https:\/\/jornaldasoficinas.com\/pt\/wp-content\/uploads\/2023\/02\/Auto-Lages-ganha-premio.jpeg\" \/>\n\t<meta property=\"og:image:width\" content=\"1024\" \/>\n\t<meta property=\"og:image:height\" content=\"581\" \/>\n\t<meta property=\"og:image:type\" content=\"image\/jpeg\" \/>\n<meta name=\"author\" content=\"Reda\u00e7\u00e3o JO\" \/>\n<meta name=\"twitter:card\" content=\"summary_large_image\" \/>\n<meta name=\"twitter:creator\" content=\"@jornaloficinas\" \/>\n<meta name=\"twitter:site\" content=\"@jornaloficinas\" \/>\n<meta name=\"twitter:label1\" content=\"Escrito por\" \/>\n\t<meta name=\"twitter:data1\" content=\"Reda\u00e7\u00e3o JO\" \/>\n\t<meta name=\"twitter:label2\" content=\"Tempo estimado de leitura\" \/>\n\t<meta name=\"twitter:data2\" content=\"2 minutos\" \/>\n<script type=\"application\/ld+json\" class=\"yoast-schema-graph\">{\"@context\":\"https:\\\/\\\/schema.org\",\"@graph\":[{\"@type\":\"Article\",\"@id\":\"https:\\\/\\\/jornaldasoficinas.com\\\/pt\\\/auto-lages-ganha-premio-soyposventero-2023\\\/#article\",\"isPartOf\":{\"@id\":\"https:\\\/\\\/jornaldasoficinas.com\\\/pt\\\/auto-lages-ganha-premio-soyposventero-2023\\\/\"},\"author\":{\"name\":\"Reda\u00e7\u00e3o JO\",\"@id\":\"https:\\\/\\\/jornaldasoficinas.com\\\/pt\\\/#\\\/schema\\\/person\\\/a38eef5de2c41d9e7c9ac10141afddf3\"},\"headline\":\"Auto Lages ganha pr\u00e9mio #SoyPosventero 2023\",\"datePublished\":\"2023-02-24T14:00:38+00:00\",\"dateModified\":\"2023-02-27T20:37:01+00:00\",\"mainEntityOfPage\":{\"@id\":\"https:\\\/\\\/jornaldasoficinas.com\\\/pt\\\/auto-lages-ganha-premio-soyposventero-2023\\\/\"},\"wordCount\":479,\"publisher\":{\"@id\":\"https:\\\/\\\/jornaldasoficinas.com\\\/pt\\\/#organization\"},\"image\":{\"@id\":\"https:\\\/\\\/jornaldasoficinas.com\\\/pt\\\/auto-lages-ganha-premio-soyposventero-2023\\\/#primaryimage\"},\"thumbnailUrl\":\"https:\\\/\\\/jornaldasoficinas.com\\\/pt\\\/wp-content\\\/uploads\\\/2023\\\/02\\\/Auto-Lages-ganha-premio.jpeg\",\"keywords\":[\"Ana Filipa Gomes\",\"Auto Lages\",\"Diretor\",\"Diretora comercial\",\"Diretora financeira\",\"Manuel Gomes\",\"Pr\u00e9mio\",\"servi\u00e7o ao cliente\",\"SoyPosventero 2023\"],\"articleSection\":[\"Empresas\"],\"inLanguage\":\"pt-PT\"},{\"@type\":\"WebPage\",\"@id\":\"https:\\\/\\\/jornaldasoficinas.com\\\/pt\\\/auto-lages-ganha-premio-soyposventero-2023\\\/\",\"url\":\"https:\\\/\\\/jornaldasoficinas.com\\\/pt\\\/auto-lages-ganha-premio-soyposventero-2023\\\/\",\"name\":\"Auto Lages ganha pr\u00e9mio #SoyPosventero 2023 - Jornal das Oficinas\",\"isPartOf\":{\"@id\":\"https:\\\/\\\/jornaldasoficinas.com\\\/pt\\\/#website\"},\"primaryImageOfPage\":{\"@id\":\"https:\\\/\\\/jornaldasoficinas.com\\\/pt\\\/auto-lages-ganha-premio-soyposventero-2023\\\/#primaryimage\"},\"image\":{\"@id\":\"https:\\\/\\\/jornaldasoficinas.com\\\/pt\\\/auto-lages-ganha-premio-soyposventero-2023\\\/#primaryimage\"},\"thumbnailUrl\":\"https:\\\/\\\/jornaldasoficinas.com\\\/pt\\\/wp-content\\\/uploads\\\/2023\\\/02\\\/Auto-Lages-ganha-premio.jpeg\",\"datePublished\":\"2023-02-24T14:00:38+00:00\",\"dateModified\":\"2023-02-27T20:37:01+00:00\",\"description\":\"A Auto Lages, oficina dirigida por Manuel Gomes e Ana Filipa Gomes, foi reconhecida com o Pr\u00e9mio #SoyPosventero 2023\",\"breadcrumb\":{\"@id\":\"https:\\\/\\\/jornaldasoficinas.com\\\/pt\\\/auto-lages-ganha-premio-soyposventero-2023\\\/#breadcrumb\"},\"inLanguage\":\"pt-PT\",\"potentialAction\":[{\"@type\":\"ReadAction\",\"target\":[\"https:\\\/\\\/jornaldasoficinas.com\\\/pt\\\/auto-lages-ganha-premio-soyposventero-2023\\\/\"]}]},{\"@type\":\"ImageObject\",\"inLanguage\":\"pt-PT\",\"@id\":\"https:\\\/\\\/jornaldasoficinas.com\\\/pt\\\/auto-lages-ganha-premio-soyposventero-2023\\\/#primaryimage\",\"url\":\"https:\\\/\\\/jornaldasoficinas.com\\\/pt\\\/wp-content\\\/uploads\\\/2023\\\/02\\\/Auto-Lages-ganha-premio.jpeg\",\"contentUrl\":\"https:\\\/\\\/jornaldasoficinas.com\\\/pt\\\/wp-content\\\/uploads\\\/2023\\\/02\\\/Auto-Lages-ganha-premio.jpeg\",\"width\":1024,\"height\":581,\"caption\":\"02 - Auto Lages ganha premio\"},{\"@type\":\"BreadcrumbList\",\"@id\":\"https:\\\/\\\/jornaldasoficinas.com\\\/pt\\\/auto-lages-ganha-premio-soyposventero-2023\\\/#breadcrumb\",\"itemListElement\":[{\"@type\":\"ListItem\",\"position\":1,\"name\":\"In\u00edcio\",\"item\":\"https:\\\/\\\/jornaldasoficinas.com\\\/pt\\\/\"},{\"@type\":\"ListItem\",\"position\":2,\"name\":\"Auto Lages ganha pr\u00e9mio #SoyPosventero 2023\"}]},{\"@type\":\"WebSite\",\"@id\":\"https:\\\/\\\/jornaldasoficinas.com\\\/pt\\\/#website\",\"url\":\"https:\\\/\\\/jornaldasoficinas.com\\\/pt\\\/\",\"name\":\"Jornal das Oficinas\",\"description\":\"Jornal independente do Aftermarket Autom\u00f3vel em Portugal\",\"publisher\":{\"@id\":\"https:\\\/\\\/jornaldasoficinas.com\\\/pt\\\/#organization\"},\"potentialAction\":[{\"@type\":\"SearchAction\",\"target\":{\"@type\":\"EntryPoint\",\"urlTemplate\":\"https:\\\/\\\/jornaldasoficinas.com\\\/pt\\\/?s={search_term_string}\"},\"query-input\":{\"@type\":\"PropertyValueSpecification\",\"valueRequired\":true,\"valueName\":\"search_term_string\"}}],\"inLanguage\":\"pt-PT\"},{\"@type\":\"Organization\",\"@id\":\"https:\\\/\\\/jornaldasoficinas.com\\\/pt\\\/#organization\",\"name\":\"Jornal das Oficinas\",\"url\":\"https:\\\/\\\/jornaldasoficinas.com\\\/pt\\\/\",\"logo\":{\"@type\":\"ImageObject\",\"inLanguage\":\"pt-PT\",\"@id\":\"https:\\\/\\\/jornaldasoficinas.com\\\/pt\\\/#\\\/schema\\\/logo\\\/image\\\/\",\"url\":\"https:\\\/\\\/jornaldasoficinas.com\\\/pt\\\/wp-content\\\/uploads\\\/logoJO-SEO.png\",\"contentUrl\":\"https:\\\/\\\/jornaldasoficinas.com\\\/pt\\\/wp-content\\\/uploads\\\/logoJO-SEO.png\",\"width\":285,\"height\":450,\"caption\":\"Jornal das Oficinas\"},\"image\":{\"@id\":\"https:\\\/\\\/jornaldasoficinas.com\\\/pt\\\/#\\\/schema\\\/logo\\\/image\\\/\"},\"sameAs\":[\"https:\\\/\\\/www.facebook.com\\\/jornaloficinas\",\"https:\\\/\\\/x.com\\\/jornaloficinas\",\"https:\\\/\\\/www.instagram.com\\\/jornal_oficinas\\\/\",\"https:\\\/\\\/www.linkedin.com\\\/company\\\/jornal-das-oficinas\\\/\",\"https:\\\/\\\/www.youtube.com\\\/channel\\\/UCbQZBqtcvV-oSQrr7RzINGg\"]},{\"@type\":\"Person\",\"@id\":\"https:\\\/\\\/jornaldasoficinas.com\\\/pt\\\/#\\\/schema\\\/person\\\/a38eef5de2c41d9e7c9ac10141afddf3\",\"name\":\"Reda\u00e7\u00e3o JO\",\"image\":{\"@type\":\"ImageObject\",\"inLanguage\":\"pt-PT\",\"@id\":\"https:\\\/\\\/secure.gravatar.com\\\/avatar\\\/71f2fa71737ad68a84fea94bc708ddac8ea5b0c4788dc2ad202f3ccb2887742f?s=96&d=wp_user_avatar&r=g\",\"url\":\"https:\\\/\\\/secure.gravatar.com\\\/avatar\\\/71f2fa71737ad68a84fea94bc708ddac8ea5b0c4788dc2ad202f3ccb2887742f?s=96&d=wp_user_avatar&r=g\",\"contentUrl\":\"https:\\\/\\\/secure.gravatar.com\\\/avatar\\\/71f2fa71737ad68a84fea94bc708ddac8ea5b0c4788dc2ad202f3ccb2887742f?s=96&d=wp_user_avatar&r=g\",\"caption\":\"Reda\u00e7\u00e3o JO\"},\"url\":\"https:\\\/\\\/jornaldasoficinas.com\\\/pt\\\/author\\\/joredacao\\\/\"}]}<\/script>\n<!-- \/ Yoast SEO plugin. -->","yoast_head_json":{"title":"Auto Lages ganha pr\u00e9mio #SoyPosventero 2023 - Jornal das Oficinas","description":"A Auto Lages, oficina dirigida por Manuel Gomes e Ana Filipa Gomes, foi reconhecida com o Pr\u00e9mio #SoyPosventero 2023","robots":{"index":"index","follow":"follow","max-snippet":"max-snippet:-1","max-image-preview":"max-image-preview:large","max-video-preview":"max-video-preview:-1"},"canonical":"https:\/\/jornaldasoficinas.com\/pt\/auto-lages-ganha-premio-soyposventero-2023\/","og_locale":"pt_PT","og_type":"article","og_title":"Auto Lages ganha pr\u00e9mio #SoyPosventero 2023 - Jornal das Oficinas","og_description":"A Auto Lages, oficina dirigida por Manuel Gomes e Ana Filipa Gomes, foi reconhecida com o Pr\u00e9mio #SoyPosventero 2023","og_url":"https:\/\/jornaldasoficinas.com\/pt\/auto-lages-ganha-premio-soyposventero-2023\/","og_site_name":"Jornal das Oficinas","article_publisher":"https:\/\/www.facebook.com\/jornaloficinas","article_published_time":"2023-02-24T14:00:38+00:00","article_modified_time":"2023-02-27T20:37:01+00:00","og_image":[{"width":1024,"height":581,"url":"https:\/\/jornaldasoficinas.com\/pt\/wp-content\/uploads\/2023\/02\/Auto-Lages-ganha-premio.jpeg","type":"image\/jpeg"}],"author":"Reda\u00e7\u00e3o JO","twitter_card":"summary_large_image","twitter_creator":"@jornaloficinas","twitter_site":"@jornaloficinas","twitter_misc":{"Escrito por":"Reda\u00e7\u00e3o JO","Tempo estimado de leitura":"2 minutos"},"schema":{"@context":"https:\/\/schema.org","@graph":[{"@type":"Article","@id":"https:\/\/jornaldasoficinas.com\/pt\/auto-lages-ganha-premio-soyposventero-2023\/#article","isPartOf":{"@id":"https:\/\/jornaldasoficinas.com\/pt\/auto-lages-ganha-premio-soyposventero-2023\/"},"author":{"name":"Reda\u00e7\u00e3o JO","@id":"https:\/\/jornaldasoficinas.com\/pt\/#\/schema\/person\/a38eef5de2c41d9e7c9ac10141afddf3"},"headline":"Auto Lages ganha pr\u00e9mio #SoyPosventero 2023","datePublished":"2023-02-24T14:00:38+00:00","dateModified":"2023-02-27T20:37:01+00:00","mainEntityOfPage":{"@id":"https:\/\/jornaldasoficinas.com\/pt\/auto-lages-ganha-premio-soyposventero-2023\/"},"wordCount":479,"publisher":{"@id":"https:\/\/jornaldasoficinas.com\/pt\/#organization"},"image":{"@id":"https:\/\/jornaldasoficinas.com\/pt\/auto-lages-ganha-premio-soyposventero-2023\/#primaryimage"},"thumbnailUrl":"https:\/\/jornaldasoficinas.com\/pt\/wp-content\/uploads\/2023\/02\/Auto-Lages-ganha-premio.jpeg","keywords":["Ana Filipa Gomes","Auto Lages","Diretor","Diretora comercial","Diretora financeira","Manuel Gomes","Pr\u00e9mio","servi\u00e7o ao cliente","SoyPosventero 2023"],"articleSection":["Empresas"],"inLanguage":"pt-PT"},{"@type":"WebPage","@id":"https:\/\/jornaldasoficinas.com\/pt\/auto-lages-ganha-premio-soyposventero-2023\/","url":"https:\/\/jornaldasoficinas.com\/pt\/auto-lages-ganha-premio-soyposventero-2023\/","name":"Auto Lages ganha pr\u00e9mio #SoyPosventero 2023 - Jornal das Oficinas","isPartOf":{"@id":"https:\/\/jornaldasoficinas.com\/pt\/#website"},"primaryImageOfPage":{"@id":"https:\/\/jornaldasoficinas.com\/pt\/auto-lages-ganha-premio-soyposventero-2023\/#primaryimage"},"image":{"@id":"https:\/\/jornaldasoficinas.com\/pt\/auto-lages-ganha-premio-soyposventero-2023\/#primaryimage"},"thumbnailUrl":"https:\/\/jornaldasoficinas.com\/pt\/wp-content\/uploads\/2023\/02\/Auto-Lages-ganha-premio.jpeg","datePublished":"2023-02-24T14:00:38+00:00","dateModified":"2023-02-27T20:37:01+00:00","description":"A Auto Lages, oficina dirigida por Manuel Gomes e Ana Filipa Gomes, foi reconhecida com o Pr\u00e9mio #SoyPosventero 2023","breadcrumb":{"@id":"https:\/\/jornaldasoficinas.com\/pt\/auto-lages-ganha-premio-soyposventero-2023\/#breadcrumb"},"inLanguage":"pt-PT","potentialAction":[{"@type":"ReadAction","target":["https:\/\/jornaldasoficinas.com\/pt\/auto-lages-ganha-premio-soyposventero-2023\/"]}]},{"@type":"ImageObject","inLanguage":"pt-PT","@id":"https:\/\/jornaldasoficinas.com\/pt\/auto-lages-ganha-premio-soyposventero-2023\/#primaryimage","url":"https:\/\/jornaldasoficinas.com\/pt\/wp-content\/uploads\/2023\/02\/Auto-Lages-ganha-premio.jpeg","contentUrl":"https:\/\/jornaldasoficinas.com\/pt\/wp-content\/uploads\/2023\/02\/Auto-Lages-ganha-premio.jpeg","width":1024,"height":581,"caption":"02 - Auto Lages ganha premio"},{"@type":"BreadcrumbList","@id":"https:\/\/jornaldasoficinas.com\/pt\/auto-lages-ganha-premio-soyposventero-2023\/#breadcrumb","itemListElement":[{"@type":"ListItem","position":1,"name":"In\u00edcio","item":"https:\/\/jornaldasoficinas.com\/pt\/"},{"@type":"ListItem","position":2,"name":"Auto Lages ganha pr\u00e9mio #SoyPosventero 2023"}]},{"@type":"WebSite","@id":"https:\/\/jornaldasoficinas.com\/pt\/#website","url":"https:\/\/jornaldasoficinas.com\/pt\/","name":"Jornal das Oficinas","description":"Jornal independente do Aftermarket Autom\u00f3vel em Portugal","publisher":{"@id":"https:\/\/jornaldasoficinas.com\/pt\/#organization"},"potentialAction":[{"@type":"SearchAction","target":{"@type":"EntryPoint","urlTemplate":"https:\/\/jornaldasoficinas.com\/pt\/?s={search_term_string}"},"query-input":{"@type":"PropertyValueSpecification","valueRequired":true,"valueName":"search_term_string"}}],"inLanguage":"pt-PT"},{"@type":"Organization","@id":"https:\/\/jornaldasoficinas.com\/pt\/#organization","name":"Jornal das Oficinas","url":"https:\/\/jornaldasoficinas.com\/pt\/","logo":{"@type":"ImageObject","inLanguage":"pt-PT","@id":"https:\/\/jornaldasoficinas.com\/pt\/#\/schema\/logo\/image\/","url":"https:\/\/jornaldasoficinas.com\/pt\/wp-content\/uploads\/logoJO-SEO.png","contentUrl":"https:\/\/jornaldasoficinas.com\/pt\/wp-content\/uploads\/logoJO-SEO.png","width":285,"height":450,"caption":"Jornal das Oficinas"},"image":{"@id":"https:\/\/jornaldasoficinas.com\/pt\/#\/schema\/logo\/image\/"},"sameAs":["https:\/\/www.facebook.com\/jornaloficinas","https:\/\/x.com\/jornaloficinas","https:\/\/www.instagram.com\/jornal_oficinas\/","https:\/\/www.linkedin.com\/company\/jornal-das-oficinas\/","https:\/\/www.youtube.com\/channel\/UCbQZBqtcvV-oSQrr7RzINGg"]},{"@type":"Person","@id":"https:\/\/jornaldasoficinas.com\/pt\/#\/schema\/person\/a38eef5de2c41d9e7c9ac10141afddf3","name":"Reda\u00e7\u00e3o JO","image":{"@type":"ImageObject","inLanguage":"pt-PT","@id":"https:\/\/secure.gravatar.com\/avatar\/71f2fa71737ad68a84fea94bc708ddac8ea5b0c4788dc2ad202f3ccb2887742f?s=96&d=wp_user_avatar&r=g","url":"https:\/\/secure.gravatar.com\/avatar\/71f2fa71737ad68a84fea94bc708ddac8ea5b0c4788dc2ad202f3ccb2887742f?s=96&d=wp_user_avatar&r=g","contentUrl":"https:\/\/secure.gravatar.com\/avatar\/71f2fa71737ad68a84fea94bc708ddac8ea5b0c4788dc2ad202f3ccb2887742f?s=96&d=wp_user_avatar&r=g","caption":"Reda\u00e7\u00e3o JO"},"url":"https:\/\/jornaldasoficinas.com\/pt\/author\/joredacao\/"}]}},"_links":{"self":[{"href":"https:\/\/jornaldasoficinas.com\/pt\/wp-json\/wp\/v2\/posts\/62541","targetHints":{"allow":["GET"]}}],"collection":[{"href":"https:\/\/jornaldasoficinas.com\/pt\/wp-json\/wp\/v2\/posts"}],"about":[{"href":"https:\/\/jornaldasoficinas.com\/pt\/wp-json\/wp\/v2\/types\/post"}],"author":[{"embeddable":true,"href":"https:\/\/jornaldasoficinas.com\/pt\/wp-json\/wp\/v2\/users\/15"}],"replies":[{"embeddable":true,"href":"https:\/\/jornaldasoficinas.com\/pt\/wp-json\/wp\/v2\/comments?post=62541"}],"version-history":[{"count":0,"href":"https:\/\/jornaldasoficinas.com\/pt\/wp-json\/wp\/v2\/posts\/62541\/revisions"}],"wp:featuredmedia":[{"embeddable":true,"href":"https:\/\/jornaldasoficinas.com\/pt\/wp-json\/wp\/v2\/media\/62452"}],"wp:attachment":[{"href":"https:\/\/jornaldasoficinas.com\/pt\/wp-json\/wp\/v2\/media?parent=62541"}],"wp:term":[{"taxonomy":"category","embeddable":true,"href":"https:\/\/jornaldasoficinas.com\/pt\/wp-json\/wp\/v2\/categories?post=62541"},{"taxonomy":"post_tag","embeddable":true,"href":"https:\/\/jornaldasoficinas.com\/pt\/wp-json\/wp\/v2\/tags?post=62541"}],"curies":[{"name":"wp","href":"https:\/\/api.w.org\/{rel}","templated":true}]}}