{"id":62544,"date":"2023-02-24T18:00:00","date_gmt":"2023-02-24T18:00:00","guid":{"rendered":"https:\/\/jornaldasoficinas.com\/pt\/?p=62544"},"modified":"2023-02-24T11:50:55","modified_gmt":"2023-02-24T11:50:55","slug":"zf-aftermarket-trava-a-fundo-com-tres-novos-produtos-trw","status":"publish","type":"post","link":"https:\/\/jornaldasoficinas.com\/pt\/zf-aftermarket-trava-a-fundo-com-tres-novos-produtos-trw\/","title":{"rendered":"ZF Aftermarket trava a fundo com tr\u00eas novos produtos TRW"},"content":{"rendered":"<p><strong><img loading=\"lazy\" decoding=\"async\" class=\"alignnone size-full wp-image-62547\" src=\"https:\/\/jornaldasoficinas.com\/pt\/wp-content\/uploads\/2023\/02\/ZF-Aftermarket-trava-a-fundo-com-tres-novos-produtos-TRW.png\" alt=\"02 - ZF Aftermarket trava a fundo com tres novos produtos TRW\" width=\"1024\" height=\"581\" srcset=\"https:\/\/jornaldasoficinas.com\/pt\/wp-content\/uploads\/2023\/02\/ZF-Aftermarket-trava-a-fundo-com-tres-novos-produtos-TRW.png 1024w, https:\/\/jornaldasoficinas.com\/pt\/wp-content\/uploads\/2023\/02\/ZF-Aftermarket-trava-a-fundo-com-tres-novos-produtos-TRW-300x170.png 300w, https:\/\/jornaldasoficinas.com\/pt\/wp-content\/uploads\/2023\/02\/ZF-Aftermarket-trava-a-fundo-com-tres-novos-produtos-TRW-150x85.png 150w, https:\/\/jornaldasoficinas.com\/pt\/wp-content\/uploads\/2023\/02\/ZF-Aftermarket-trava-a-fundo-com-tres-novos-produtos-TRW-768x436.png 768w\" sizes=\"auto, (max-width: 1024px) 100vw, 1024px\" \/><\/strong><\/p>\n<p><strong>\u00a0<\/strong><\/p>\n<p><strong>A <a href=\"https:\/\/aftermarket.zf.com\/pt\/portal-da-zf-aftermarket\/\" target=\"_blank\" rel=\"noopener\">ZF Aftermarket<\/a> est\u00e1 a lan\u00e7ar tr\u00eas novos produtos TRW para a repara\u00e7\u00e3o de trav\u00f5es. Estes lan\u00e7amentos, incluem uma nova vers\u00e3o, isenta de cobre, das pastilhas de trav\u00e3o TRW Electric Blue, o novo design dos tubos de trav\u00e3o e a nova mola das pastilhas de trav\u00e3o com retra\u00e7\u00e3o ativa<\/strong><\/p>\n<p><strong>\u00a0<\/strong>Os trav\u00f5es dos ve\u00edculos 100% el\u00e9tricos colocam exig\u00eancias especiais nas pastilhas de trav\u00e3o. Devem funcionar o mais silenciosamente poss\u00edvel, gerar pouco atrito e continuar a oferecer um desempenho total da fric\u00e7\u00e3o, mesmo ap\u00f3s um longo per\u00edodo sem utiliza\u00e7\u00e3o. Estes requisitos foram cumpridos pelas pastilhas de trav\u00e3o TRW Electric Blue, especialmente concebidas para ve\u00edculos el\u00e9tricos, desde a sua estreia em 2018.<\/p>\n<p>Agora, os especialistas em travagem da TRW melhoraram ainda mais o seu desempenho com atualiza\u00e7\u00f5es e novas propriedades. Isto inclui, por exemplo, retirar o cobre do composto das pastilhas. Embora o teor de cobre seja limitado h\u00e1 v\u00e1rios anos pelas especifica\u00e7\u00f5es ditadas pelos regulamentos ECE-R90, a ZF Aftermarket conseguiu agora prescindir completamente deste metal pesado. Al\u00e9m disso, as pastilhas de trav\u00e3o TRW incluem uma m\u00e9dia de 13% de materiais reciclados e est\u00e3o isentas de solventes org\u00e2nicos. Juntamente com a redu\u00e7\u00e3o adicional do atrito &#8211; a primeira gera\u00e7\u00e3o das Electric Blue produziu 45% menos p\u00f3 dos trav\u00f5es do que as pastilhas de trav\u00e3o convencionais &#8211; os produtos TRW otimizados reduzem significativamente a emiss\u00e3o de poluentes para o ambiente.<\/p>\n<p>Al\u00e9m disso, a ZF utiliza apenas eletricidade obtida a partir de energia e\u00f3lica e solar no processo de produ\u00e7\u00e3o na sua f\u00e1brica, em Espanha, onde s\u00e3o produzidas as pastilhas de trav\u00e3o TRW Electric Blue, o que reduz as emiss\u00f5es de CO2 em 14.600 toneladas por ano.<\/p>\n<p>Adicionalmente, no primeiro trimestre de 2023, como parte do relan\u00e7amento da gama de produtos Electric Blue, todos os sacos de pl\u00e1stico (polietileno) utilizados nas embalagens ser\u00e3o substitu\u00eddos por sacos org\u00e2nicos, poupando mais de nove toneladas de pl\u00e1stico por ano.<\/p>\n<p>Mas n\u00e3o \u00e9 s\u00f3 em termos de prote\u00e7\u00e3o ambiental que os especialistas em travagem desenvolveram ainda mais a gama de produtos Electric Blue. O comportamento do NVH (Ru\u00eddo, Vibra\u00e7\u00e3o e Dureza), ou seja, o conforto de condu\u00e7\u00e3o, tamb\u00e9m melhorou. A nova gera\u00e7\u00e3o das pastilhas de trav\u00e3o TRW Electric Blue pode ser reconhecida pelo seu novo design. A partir de agora, mais de 60 vers\u00f5es est\u00e3o dispon\u00edveis para muitos ve\u00edculos el\u00e9tricos e h\u00edbridos plug-in atuais.<\/p>\n","protected":false},"excerpt":{"rendered":"<p>\u00a0 A ZF Aftermarket est\u00e1 a&#8230;<\/p>\n","protected":false},"author":15,"featured_media":62547,"comment_status":"closed","ping_status":"closed","sticky":false,"template":"","format":"standard","meta":{"footnotes":""},"categories":[29],"tags":[284,4317,666,4316,795,181],"class_list":["post-62544","post","type-post","status-publish","format-standard","has-post-thumbnail","hentry","category-empresas","tag-pastilhas-de-travao","tag-retracao-ativa","tag-trw","tag-trw-electric-blue","tag-tubos-de-travao","tag-zf-aftermarket"],"yoast_head":"<!-- This site is optimized with the Yoast SEO plugin v27.4 - https:\/\/yoast.com\/product\/yoast-seo-wordpress\/ -->\n<title>ZF Aftermarket trava a fundo com tr\u00eas novos produtos TRW - Jornal das Oficinas<\/title>\n<meta name=\"description\" content=\"A ZF Aftermarket est\u00e1 a lan\u00e7ar tr\u00eas novos produtos TRW para a repara\u00e7\u00e3o de trav\u00f5es. Estes lan\u00e7amentos, incluem uma nova vers\u00e3o\" \/>\n<meta name=\"robots\" content=\"index, follow, max-snippet:-1, max-image-preview:large, max-video-preview:-1\" \/>\n<link rel=\"canonical\" href=\"https:\/\/jornaldasoficinas.com\/pt\/zf-aftermarket-trava-a-fundo-com-tres-novos-produtos-trw\/\" \/>\n<meta property=\"og:locale\" content=\"pt_PT\" \/>\n<meta property=\"og:type\" content=\"article\" \/>\n<meta property=\"og:title\" content=\"ZF Aftermarket trava a fundo com tr\u00eas novos produtos TRW - Jornal das Oficinas\" \/>\n<meta property=\"og:description\" content=\"A ZF Aftermarket est\u00e1 a lan\u00e7ar tr\u00eas novos produtos TRW para a repara\u00e7\u00e3o de trav\u00f5es. Estes lan\u00e7amentos, incluem uma nova vers\u00e3o\" \/>\n<meta property=\"og:url\" content=\"https:\/\/jornaldasoficinas.com\/pt\/zf-aftermarket-trava-a-fundo-com-tres-novos-produtos-trw\/\" \/>\n<meta property=\"og:site_name\" content=\"Jornal das Oficinas\" \/>\n<meta property=\"article:publisher\" content=\"https:\/\/www.facebook.com\/jornaloficinas\" \/>\n<meta property=\"article:published_time\" content=\"2023-02-24T18:00:00+00:00\" \/>\n<meta property=\"og:image\" content=\"https:\/\/jornaldasoficinas.com\/pt\/wp-content\/uploads\/2023\/02\/ZF-Aftermarket-trava-a-fundo-com-tres-novos-produtos-TRW.png\" \/>\n\t<meta property=\"og:image:width\" content=\"1024\" \/>\n\t<meta property=\"og:image:height\" content=\"581\" \/>\n\t<meta property=\"og:image:type\" content=\"image\/png\" \/>\n<meta name=\"author\" content=\"Reda\u00e7\u00e3o JO\" \/>\n<meta name=\"twitter:card\" content=\"summary_large_image\" \/>\n<meta name=\"twitter:creator\" content=\"@jornaloficinas\" \/>\n<meta name=\"twitter:site\" content=\"@jornaloficinas\" \/>\n<meta name=\"twitter:label1\" content=\"Escrito por\" \/>\n\t<meta name=\"twitter:data1\" content=\"Reda\u00e7\u00e3o JO\" \/>\n\t<meta name=\"twitter:label2\" content=\"Tempo estimado de leitura\" \/>\n\t<meta name=\"twitter:data2\" content=\"2 minutos\" \/>\n<script type=\"application\/ld+json\" class=\"yoast-schema-graph\">{\"@context\":\"https:\\\/\\\/schema.org\",\"@graph\":[{\"@type\":\"Article\",\"@id\":\"https:\\\/\\\/jornaldasoficinas.com\\\/pt\\\/zf-aftermarket-trava-a-fundo-com-tres-novos-produtos-trw\\\/#article\",\"isPartOf\":{\"@id\":\"https:\\\/\\\/jornaldasoficinas.com\\\/pt\\\/zf-aftermarket-trava-a-fundo-com-tres-novos-produtos-trw\\\/\"},\"author\":{\"name\":\"Reda\u00e7\u00e3o JO\",\"@id\":\"https:\\\/\\\/jornaldasoficinas.com\\\/pt\\\/#\\\/schema\\\/person\\\/a38eef5de2c41d9e7c9ac10141afddf3\"},\"headline\":\"ZF Aftermarket trava a fundo com tr\u00eas novos produtos TRW\",\"datePublished\":\"2023-02-24T18:00:00+00:00\",\"mainEntityOfPage\":{\"@id\":\"https:\\\/\\\/jornaldasoficinas.com\\\/pt\\\/zf-aftermarket-trava-a-fundo-com-tres-novos-produtos-trw\\\/\"},\"wordCount\":451,\"publisher\":{\"@id\":\"https:\\\/\\\/jornaldasoficinas.com\\\/pt\\\/#organization\"},\"image\":{\"@id\":\"https:\\\/\\\/jornaldasoficinas.com\\\/pt\\\/zf-aftermarket-trava-a-fundo-com-tres-novos-produtos-trw\\\/#primaryimage\"},\"thumbnailUrl\":\"https:\\\/\\\/jornaldasoficinas.com\\\/pt\\\/wp-content\\\/uploads\\\/2023\\\/02\\\/ZF-Aftermarket-trava-a-fundo-com-tres-novos-produtos-TRW.png\",\"keywords\":[\"Pastilhas de trav\u00e3o\",\"retra\u00e7\u00e3o ativa\",\"TRW\",\"TRW Electric Blue\",\"Tubos de trav\u00e3o\",\"ZF Aftermarket\"],\"articleSection\":[\"Empresas\"],\"inLanguage\":\"pt-PT\"},{\"@type\":\"WebPage\",\"@id\":\"https:\\\/\\\/jornaldasoficinas.com\\\/pt\\\/zf-aftermarket-trava-a-fundo-com-tres-novos-produtos-trw\\\/\",\"url\":\"https:\\\/\\\/jornaldasoficinas.com\\\/pt\\\/zf-aftermarket-trava-a-fundo-com-tres-novos-produtos-trw\\\/\",\"name\":\"ZF Aftermarket trava a fundo com tr\u00eas novos produtos TRW - Jornal das Oficinas\",\"isPartOf\":{\"@id\":\"https:\\\/\\\/jornaldasoficinas.com\\\/pt\\\/#website\"},\"primaryImageOfPage\":{\"@id\":\"https:\\\/\\\/jornaldasoficinas.com\\\/pt\\\/zf-aftermarket-trava-a-fundo-com-tres-novos-produtos-trw\\\/#primaryimage\"},\"image\":{\"@id\":\"https:\\\/\\\/jornaldasoficinas.com\\\/pt\\\/zf-aftermarket-trava-a-fundo-com-tres-novos-produtos-trw\\\/#primaryimage\"},\"thumbnailUrl\":\"https:\\\/\\\/jornaldasoficinas.com\\\/pt\\\/wp-content\\\/uploads\\\/2023\\\/02\\\/ZF-Aftermarket-trava-a-fundo-com-tres-novos-produtos-TRW.png\",\"datePublished\":\"2023-02-24T18:00:00+00:00\",\"description\":\"A ZF Aftermarket est\u00e1 a lan\u00e7ar tr\u00eas novos produtos TRW para a repara\u00e7\u00e3o de trav\u00f5es. Estes lan\u00e7amentos, incluem uma nova vers\u00e3o\",\"breadcrumb\":{\"@id\":\"https:\\\/\\\/jornaldasoficinas.com\\\/pt\\\/zf-aftermarket-trava-a-fundo-com-tres-novos-produtos-trw\\\/#breadcrumb\"},\"inLanguage\":\"pt-PT\",\"potentialAction\":[{\"@type\":\"ReadAction\",\"target\":[\"https:\\\/\\\/jornaldasoficinas.com\\\/pt\\\/zf-aftermarket-trava-a-fundo-com-tres-novos-produtos-trw\\\/\"]}]},{\"@type\":\"ImageObject\",\"inLanguage\":\"pt-PT\",\"@id\":\"https:\\\/\\\/jornaldasoficinas.com\\\/pt\\\/zf-aftermarket-trava-a-fundo-com-tres-novos-produtos-trw\\\/#primaryimage\",\"url\":\"https:\\\/\\\/jornaldasoficinas.com\\\/pt\\\/wp-content\\\/uploads\\\/2023\\\/02\\\/ZF-Aftermarket-trava-a-fundo-com-tres-novos-produtos-TRW.png\",\"contentUrl\":\"https:\\\/\\\/jornaldasoficinas.com\\\/pt\\\/wp-content\\\/uploads\\\/2023\\\/02\\\/ZF-Aftermarket-trava-a-fundo-com-tres-novos-produtos-TRW.png\",\"width\":1024,\"height\":581,\"caption\":\"02 - ZF Aftermarket trava a fundo com tres novos produtos TRW\"},{\"@type\":\"BreadcrumbList\",\"@id\":\"https:\\\/\\\/jornaldasoficinas.com\\\/pt\\\/zf-aftermarket-trava-a-fundo-com-tres-novos-produtos-trw\\\/#breadcrumb\",\"itemListElement\":[{\"@type\":\"ListItem\",\"position\":1,\"name\":\"In\u00edcio\",\"item\":\"https:\\\/\\\/jornaldasoficinas.com\\\/pt\\\/\"},{\"@type\":\"ListItem\",\"position\":2,\"name\":\"ZF Aftermarket trava a fundo com tr\u00eas novos produtos TRW\"}]},{\"@type\":\"WebSite\",\"@id\":\"https:\\\/\\\/jornaldasoficinas.com\\\/pt\\\/#website\",\"url\":\"https:\\\/\\\/jornaldasoficinas.com\\\/pt\\\/\",\"name\":\"Jornal das Oficinas\",\"description\":\"Jornal independente do Aftermarket Autom\u00f3vel em Portugal\",\"publisher\":{\"@id\":\"https:\\\/\\\/jornaldasoficinas.com\\\/pt\\\/#organization\"},\"potentialAction\":[{\"@type\":\"SearchAction\",\"target\":{\"@type\":\"EntryPoint\",\"urlTemplate\":\"https:\\\/\\\/jornaldasoficinas.com\\\/pt\\\/?s={search_term_string}\"},\"query-input\":{\"@type\":\"PropertyValueSpecification\",\"valueRequired\":true,\"valueName\":\"search_term_string\"}}],\"inLanguage\":\"pt-PT\"},{\"@type\":\"Organization\",\"@id\":\"https:\\\/\\\/jornaldasoficinas.com\\\/pt\\\/#organization\",\"name\":\"Jornal das Oficinas\",\"url\":\"https:\\\/\\\/jornaldasoficinas.com\\\/pt\\\/\",\"logo\":{\"@type\":\"ImageObject\",\"inLanguage\":\"pt-PT\",\"@id\":\"https:\\\/\\\/jornaldasoficinas.com\\\/pt\\\/#\\\/schema\\\/logo\\\/image\\\/\",\"url\":\"https:\\\/\\\/jornaldasoficinas.com\\\/pt\\\/wp-content\\\/uploads\\\/logoJO-SEO.png\",\"contentUrl\":\"https:\\\/\\\/jornaldasoficinas.com\\\/pt\\\/wp-content\\\/uploads\\\/logoJO-SEO.png\",\"width\":285,\"height\":450,\"caption\":\"Jornal das Oficinas\"},\"image\":{\"@id\":\"https:\\\/\\\/jornaldasoficinas.com\\\/pt\\\/#\\\/schema\\\/logo\\\/image\\\/\"},\"sameAs\":[\"https:\\\/\\\/www.facebook.com\\\/jornaloficinas\",\"https:\\\/\\\/x.com\\\/jornaloficinas\",\"https:\\\/\\\/www.instagram.com\\\/jornal_oficinas\\\/\",\"https:\\\/\\\/www.linkedin.com\\\/company\\\/jornal-das-oficinas\\\/\",\"https:\\\/\\\/www.youtube.com\\\/channel\\\/UCbQZBqtcvV-oSQrr7RzINGg\"]},{\"@type\":\"Person\",\"@id\":\"https:\\\/\\\/jornaldasoficinas.com\\\/pt\\\/#\\\/schema\\\/person\\\/a38eef5de2c41d9e7c9ac10141afddf3\",\"name\":\"Reda\u00e7\u00e3o JO\",\"image\":{\"@type\":\"ImageObject\",\"inLanguage\":\"pt-PT\",\"@id\":\"https:\\\/\\\/secure.gravatar.com\\\/avatar\\\/71f2fa71737ad68a84fea94bc708ddac8ea5b0c4788dc2ad202f3ccb2887742f?s=96&d=wp_user_avatar&r=g\",\"url\":\"https:\\\/\\\/secure.gravatar.com\\\/avatar\\\/71f2fa71737ad68a84fea94bc708ddac8ea5b0c4788dc2ad202f3ccb2887742f?s=96&d=wp_user_avatar&r=g\",\"contentUrl\":\"https:\\\/\\\/secure.gravatar.com\\\/avatar\\\/71f2fa71737ad68a84fea94bc708ddac8ea5b0c4788dc2ad202f3ccb2887742f?s=96&d=wp_user_avatar&r=g\",\"caption\":\"Reda\u00e7\u00e3o JO\"},\"url\":\"https:\\\/\\\/jornaldasoficinas.com\\\/pt\\\/author\\\/joredacao\\\/\"}]}<\/script>\n<!-- \/ Yoast SEO plugin. -->","yoast_head_json":{"title":"ZF Aftermarket trava a fundo com tr\u00eas novos produtos TRW - Jornal das Oficinas","description":"A ZF Aftermarket est\u00e1 a lan\u00e7ar tr\u00eas novos produtos TRW para a repara\u00e7\u00e3o de trav\u00f5es. Estes lan\u00e7amentos, incluem uma nova vers\u00e3o","robots":{"index":"index","follow":"follow","max-snippet":"max-snippet:-1","max-image-preview":"max-image-preview:large","max-video-preview":"max-video-preview:-1"},"canonical":"https:\/\/jornaldasoficinas.com\/pt\/zf-aftermarket-trava-a-fundo-com-tres-novos-produtos-trw\/","og_locale":"pt_PT","og_type":"article","og_title":"ZF Aftermarket trava a fundo com tr\u00eas novos produtos TRW - Jornal das Oficinas","og_description":"A ZF Aftermarket est\u00e1 a lan\u00e7ar tr\u00eas novos produtos TRW para a repara\u00e7\u00e3o de trav\u00f5es. Estes lan\u00e7amentos, incluem uma nova vers\u00e3o","og_url":"https:\/\/jornaldasoficinas.com\/pt\/zf-aftermarket-trava-a-fundo-com-tres-novos-produtos-trw\/","og_site_name":"Jornal das Oficinas","article_publisher":"https:\/\/www.facebook.com\/jornaloficinas","article_published_time":"2023-02-24T18:00:00+00:00","og_image":[{"width":1024,"height":581,"url":"https:\/\/jornaldasoficinas.com\/pt\/wp-content\/uploads\/2023\/02\/ZF-Aftermarket-trava-a-fundo-com-tres-novos-produtos-TRW.png","type":"image\/png"}],"author":"Reda\u00e7\u00e3o JO","twitter_card":"summary_large_image","twitter_creator":"@jornaloficinas","twitter_site":"@jornaloficinas","twitter_misc":{"Escrito por":"Reda\u00e7\u00e3o JO","Tempo estimado de leitura":"2 minutos"},"schema":{"@context":"https:\/\/schema.org","@graph":[{"@type":"Article","@id":"https:\/\/jornaldasoficinas.com\/pt\/zf-aftermarket-trava-a-fundo-com-tres-novos-produtos-trw\/#article","isPartOf":{"@id":"https:\/\/jornaldasoficinas.com\/pt\/zf-aftermarket-trava-a-fundo-com-tres-novos-produtos-trw\/"},"author":{"name":"Reda\u00e7\u00e3o JO","@id":"https:\/\/jornaldasoficinas.com\/pt\/#\/schema\/person\/a38eef5de2c41d9e7c9ac10141afddf3"},"headline":"ZF Aftermarket trava a fundo com tr\u00eas novos produtos TRW","datePublished":"2023-02-24T18:00:00+00:00","mainEntityOfPage":{"@id":"https:\/\/jornaldasoficinas.com\/pt\/zf-aftermarket-trava-a-fundo-com-tres-novos-produtos-trw\/"},"wordCount":451,"publisher":{"@id":"https:\/\/jornaldasoficinas.com\/pt\/#organization"},"image":{"@id":"https:\/\/jornaldasoficinas.com\/pt\/zf-aftermarket-trava-a-fundo-com-tres-novos-produtos-trw\/#primaryimage"},"thumbnailUrl":"https:\/\/jornaldasoficinas.com\/pt\/wp-content\/uploads\/2023\/02\/ZF-Aftermarket-trava-a-fundo-com-tres-novos-produtos-TRW.png","keywords":["Pastilhas de trav\u00e3o","retra\u00e7\u00e3o ativa","TRW","TRW Electric Blue","Tubos de trav\u00e3o","ZF Aftermarket"],"articleSection":["Empresas"],"inLanguage":"pt-PT"},{"@type":"WebPage","@id":"https:\/\/jornaldasoficinas.com\/pt\/zf-aftermarket-trava-a-fundo-com-tres-novos-produtos-trw\/","url":"https:\/\/jornaldasoficinas.com\/pt\/zf-aftermarket-trava-a-fundo-com-tres-novos-produtos-trw\/","name":"ZF Aftermarket trava a fundo com tr\u00eas novos produtos TRW - Jornal das Oficinas","isPartOf":{"@id":"https:\/\/jornaldasoficinas.com\/pt\/#website"},"primaryImageOfPage":{"@id":"https:\/\/jornaldasoficinas.com\/pt\/zf-aftermarket-trava-a-fundo-com-tres-novos-produtos-trw\/#primaryimage"},"image":{"@id":"https:\/\/jornaldasoficinas.com\/pt\/zf-aftermarket-trava-a-fundo-com-tres-novos-produtos-trw\/#primaryimage"},"thumbnailUrl":"https:\/\/jornaldasoficinas.com\/pt\/wp-content\/uploads\/2023\/02\/ZF-Aftermarket-trava-a-fundo-com-tres-novos-produtos-TRW.png","datePublished":"2023-02-24T18:00:00+00:00","description":"A ZF Aftermarket est\u00e1 a lan\u00e7ar tr\u00eas novos produtos TRW para a repara\u00e7\u00e3o de trav\u00f5es. Estes lan\u00e7amentos, incluem uma nova vers\u00e3o","breadcrumb":{"@id":"https:\/\/jornaldasoficinas.com\/pt\/zf-aftermarket-trava-a-fundo-com-tres-novos-produtos-trw\/#breadcrumb"},"inLanguage":"pt-PT","potentialAction":[{"@type":"ReadAction","target":["https:\/\/jornaldasoficinas.com\/pt\/zf-aftermarket-trava-a-fundo-com-tres-novos-produtos-trw\/"]}]},{"@type":"ImageObject","inLanguage":"pt-PT","@id":"https:\/\/jornaldasoficinas.com\/pt\/zf-aftermarket-trava-a-fundo-com-tres-novos-produtos-trw\/#primaryimage","url":"https:\/\/jornaldasoficinas.com\/pt\/wp-content\/uploads\/2023\/02\/ZF-Aftermarket-trava-a-fundo-com-tres-novos-produtos-TRW.png","contentUrl":"https:\/\/jornaldasoficinas.com\/pt\/wp-content\/uploads\/2023\/02\/ZF-Aftermarket-trava-a-fundo-com-tres-novos-produtos-TRW.png","width":1024,"height":581,"caption":"02 - ZF Aftermarket trava a fundo com tres novos produtos TRW"},{"@type":"BreadcrumbList","@id":"https:\/\/jornaldasoficinas.com\/pt\/zf-aftermarket-trava-a-fundo-com-tres-novos-produtos-trw\/#breadcrumb","itemListElement":[{"@type":"ListItem","position":1,"name":"In\u00edcio","item":"https:\/\/jornaldasoficinas.com\/pt\/"},{"@type":"ListItem","position":2,"name":"ZF Aftermarket trava a fundo com tr\u00eas novos produtos TRW"}]},{"@type":"WebSite","@id":"https:\/\/jornaldasoficinas.com\/pt\/#website","url":"https:\/\/jornaldasoficinas.com\/pt\/","name":"Jornal das Oficinas","description":"Jornal independente do Aftermarket Autom\u00f3vel em Portugal","publisher":{"@id":"https:\/\/jornaldasoficinas.com\/pt\/#organization"},"potentialAction":[{"@type":"SearchAction","target":{"@type":"EntryPoint","urlTemplate":"https:\/\/jornaldasoficinas.com\/pt\/?s={search_term_string}"},"query-input":{"@type":"PropertyValueSpecification","valueRequired":true,"valueName":"search_term_string"}}],"inLanguage":"pt-PT"},{"@type":"Organization","@id":"https:\/\/jornaldasoficinas.com\/pt\/#organization","name":"Jornal das Oficinas","url":"https:\/\/jornaldasoficinas.com\/pt\/","logo":{"@type":"ImageObject","inLanguage":"pt-PT","@id":"https:\/\/jornaldasoficinas.com\/pt\/#\/schema\/logo\/image\/","url":"https:\/\/jornaldasoficinas.com\/pt\/wp-content\/uploads\/logoJO-SEO.png","contentUrl":"https:\/\/jornaldasoficinas.com\/pt\/wp-content\/uploads\/logoJO-SEO.png","width":285,"height":450,"caption":"Jornal das Oficinas"},"image":{"@id":"https:\/\/jornaldasoficinas.com\/pt\/#\/schema\/logo\/image\/"},"sameAs":["https:\/\/www.facebook.com\/jornaloficinas","https:\/\/x.com\/jornaloficinas","https:\/\/www.instagram.com\/jornal_oficinas\/","https:\/\/www.linkedin.com\/company\/jornal-das-oficinas\/","https:\/\/www.youtube.com\/channel\/UCbQZBqtcvV-oSQrr7RzINGg"]},{"@type":"Person","@id":"https:\/\/jornaldasoficinas.com\/pt\/#\/schema\/person\/a38eef5de2c41d9e7c9ac10141afddf3","name":"Reda\u00e7\u00e3o JO","image":{"@type":"ImageObject","inLanguage":"pt-PT","@id":"https:\/\/secure.gravatar.com\/avatar\/71f2fa71737ad68a84fea94bc708ddac8ea5b0c4788dc2ad202f3ccb2887742f?s=96&d=wp_user_avatar&r=g","url":"https:\/\/secure.gravatar.com\/avatar\/71f2fa71737ad68a84fea94bc708ddac8ea5b0c4788dc2ad202f3ccb2887742f?s=96&d=wp_user_avatar&r=g","contentUrl":"https:\/\/secure.gravatar.com\/avatar\/71f2fa71737ad68a84fea94bc708ddac8ea5b0c4788dc2ad202f3ccb2887742f?s=96&d=wp_user_avatar&r=g","caption":"Reda\u00e7\u00e3o JO"},"url":"https:\/\/jornaldasoficinas.com\/pt\/author\/joredacao\/"}]}},"_links":{"self":[{"href":"https:\/\/jornaldasoficinas.com\/pt\/wp-json\/wp\/v2\/posts\/62544","targetHints":{"allow":["GET"]}}],"collection":[{"href":"https:\/\/jornaldasoficinas.com\/pt\/wp-json\/wp\/v2\/posts"}],"about":[{"href":"https:\/\/jornaldasoficinas.com\/pt\/wp-json\/wp\/v2\/types\/post"}],"author":[{"embeddable":true,"href":"https:\/\/jornaldasoficinas.com\/pt\/wp-json\/wp\/v2\/users\/15"}],"replies":[{"embeddable":true,"href":"https:\/\/jornaldasoficinas.com\/pt\/wp-json\/wp\/v2\/comments?post=62544"}],"version-history":[{"count":0,"href":"https:\/\/jornaldasoficinas.com\/pt\/wp-json\/wp\/v2\/posts\/62544\/revisions"}],"wp:featuredmedia":[{"embeddable":true,"href":"https:\/\/jornaldasoficinas.com\/pt\/wp-json\/wp\/v2\/media\/62547"}],"wp:attachment":[{"href":"https:\/\/jornaldasoficinas.com\/pt\/wp-json\/wp\/v2\/media?parent=62544"}],"wp:term":[{"taxonomy":"category","embeddable":true,"href":"https:\/\/jornaldasoficinas.com\/pt\/wp-json\/wp\/v2\/categories?post=62544"},{"taxonomy":"post_tag","embeddable":true,"href":"https:\/\/jornaldasoficinas.com\/pt\/wp-json\/wp\/v2\/tags?post=62544"}],"curies":[{"name":"wp","href":"https:\/\/api.w.org\/{rel}","templated":true}]}}