{"id":62578,"date":"2023-02-26T20:00:52","date_gmt":"2023-02-26T20:00:52","guid":{"rendered":"https:\/\/jornaldasoficinas.com\/pt\/?p=62578"},"modified":"2023-07-18T19:00:22","modified_gmt":"2023-07-18T18:00:22","slug":"melhor-mecatronico-2023-os-beneficios-desta-competicao-ajudam-na-evolucao-do-setor","status":"publish","type":"post","link":"https:\/\/jornaldasoficinas.com\/pt\/melhor-mecatronico-2023-os-beneficios-desta-competicao-ajudam-na-evolucao-do-setor\/","title":{"rendered":"Melhor Mecatr\u00f3nico 2023 &#8211; \u201cOs benef\u00edcios desta Competi\u00e7\u00e3o ajudam na evolu\u00e7\u00e3o do setor\u201d"},"content":{"rendered":"<p><strong><img loading=\"lazy\" decoding=\"async\" class=\"alignnone size-full wp-image-62570\" src=\"https:\/\/jornaldasoficinas.com\/pt\/wp-content\/uploads\/2023\/02\/N4_Joao-Miguel-Luis.jpeg\" alt=\"02 - N4_Joao Miguel Luis\" width=\"1024\" height=\"581\" srcset=\"https:\/\/jornaldasoficinas.com\/pt\/wp-content\/uploads\/2023\/02\/N4_Joao-Miguel-Luis.jpeg 1024w, https:\/\/jornaldasoficinas.com\/pt\/wp-content\/uploads\/2023\/02\/N4_Joao-Miguel-Luis-300x170.jpeg 300w, https:\/\/jornaldasoficinas.com\/pt\/wp-content\/uploads\/2023\/02\/N4_Joao-Miguel-Luis-150x85.jpeg 150w, https:\/\/jornaldasoficinas.com\/pt\/wp-content\/uploads\/2023\/02\/N4_Joao-Miguel-Luis-768x436.jpeg 768w\" sizes=\"auto, (max-width: 1024px) 100vw, 1024px\" \/><\/strong><\/p>\n<p><strong>Joa\u0303o Miguel Passarinho Lui\u0301s tem 46 Anos, mora no concelho de Odivelas e ha\u0301 quinze anos que desenvolve o projeto oficinal <a href=\"https:\/\/website--5359607019403554952232-automachineshop.negocio.site\/\" target=\"_blank\" rel=\"noopener\">Miguel &amp; Lui\u0301sa Auto Lda.<\/a> como fundador e parte integrante dos quadros da empresa como Mecatro\u0301nico<\/strong><\/p>\n<p>Dentro do meio oficinal, Joa\u0303o Lui\u0301s ja\u0301 tem um percurso longo, pois desde tenra idade que frequenta as oficinas, pois o seu pai era bate-chapas, e desde sempre acompanhou a evoluc\u0327a\u0303o oficinal bem de perto.<\/p>\n<p>Como profissional, a sua etapa comec\u0327ou entre 1997 e 2001, quando se tornou orc\u0327amentista e chefe de oficina, tendo comec\u0327ado a efetuar o seu percurso de formac\u0327a\u0303o eletro\u0301nica, bem como os primeiros passos a ni\u0301vel de diagno\u0301stico automo\u0301vel.<\/p>\n<p>A sua principal inspirac\u0327a\u0303o foi sempre o desafio em encontrar soluc\u0327a\u0303o para novos problemas, e assim que a revoluc\u0327a\u0303o a ni\u0301vel tecnolo\u0301gico comec\u0327ou e as dificuldades sentidas pelos profissionais do setor a partir de 1998 se instalaram, despoletou em si uma vontade cada vez maior de saber mais e entrar nesse novo mundo do OBD e das normas Euro e sistemas de antipoluic\u0327a\u0303o estabelecidas na altura. Desde crianc\u0327a que a curiosidade de saber como funciona o acompanhou. Legos e desmantelar pequenos carros de brincar eram o seu hobbie. \u201cLembro-me perfeitamente, que a partir do secunda\u0301rio, e como tinha a possibilidade de estar dentro do meio oficinal, a minha curiosidade aguc\u0327ou e fez-me comec\u0327ar a aprender com os meca\u0302nicos da altura a profissa\u0303o que hoje executo com todo o orgulho\u201d, referiu Joa\u0303o Lui\u0301s.<\/p>\n<p>O seu percurso, para ale\u0301m das inu\u0301meras formac\u0327o\u0303es que ja\u0301 efetuou e continua a efetuar ate\u0301 hoje, para poder acompanhar a evoluc\u0327a\u0303o tecnolo\u0301gica e digi- tal do automo\u0301vel, passou por trabalhar na oficina do seu pai durante toda a infa\u0302ncia e adolesce\u0302ncia. Numa certa etapa abrac\u0327ou outros projetos, tendo trabalhado na Sociedade Portuguesa de Reboques e na BMW, Auto Fialho de Almeida, ate\u0301 que em 2007 resolveu criar o seu projeto pessoal, a M. &amp; L Auto Lda. Tem como refere\u0302ncia profissional uma formac\u0327a\u0303o conti\u0301nua e meticulosa, assim como a aposta em meios tecnolo\u0301gicos para poder acompa- nhar na\u0303o so\u0301 os novos sistemas eletro\u0301nicos como o ADAS, sistemas de antipoluic\u0327a\u0303o cada vez mais sofisticados ou a eletrificac\u0327a\u0303o dos vei\u0301culos, mas tam- be\u0301m a evoluc\u0327a\u0303o do mercado a ni\u0301vel de produtos de origem e aftermarket. \u201cA minha dedicac\u0327a\u0303o a esta profissa\u0303o, e\u0301 sem sombra de du\u0301vida de corpo e alma, posso confessar que ja\u0301 sonhei com va\u0301rias resoluc\u0327o\u0303es de problemas de algumas viaturas\u201d, frisou.<\/p>\n<p>Para Joa\u0303o Lui\u0301s, esta e\u0301 uma profissa\u0303o que exige dedicac\u0327a\u0303o e sacrifi\u0301cio, e salienta que na maior parte das vezes ainda e\u0301 vista de lado e negligenciada. \u201cO trabalho que desempenho e\u0301 para proteger a vida dos condutores e aumentar o conforto de todos aos quais me e\u0301 permitido resolver as avarias e desgaste dos seus automo\u0301veis. Tenho a responsabilidade de colocar a protec\u0327a\u0303o ativa de cada viatura em seguranc\u0327a ma\u0301xima, pois tenho a noc\u0327a\u0303o que sou responsa\u0301vel pela vida das pessoas a quem efetuo a reparac\u0327a\u0303o das suas viaturas\u201d, sublinha. \u201cEsta dedicac\u0327a\u0303o acaba por nos desgastar e ter um impacto no nosso seio familiar, pois temos que dedicar muito do nosso tempo em prol da seguranc\u0327a de outros, e da nossa pro\u0301pria convicc\u0327a\u0303o e autoestima, mas com o desenrolar da idade e da experie\u0302ncia profissional acabamos por conseguir conciliar melhor o tempo dedicado a fami\u0301lia\u201d, acrescentou Joa\u0303o Lui\u0301s.<\/p>\n<p>Como seria de esperar, tambe\u0301m tem o seu escape, e o motociclismo ha\u0301 ja\u0301 muitos anos que o acompanha nesse processo de exteriorizar a sua adrenalina, bem como a sensac\u0327a\u0303o de liberdade que lhe traz. Tal como qualquer relacionamento, e como ja\u0301 referiu anteriormente, \u201ca dedicac\u0327a\u0303o e\u0301 a base fundamental. A satisfac\u0327a\u0303o de exercer esta profissa\u0303o, ocorre em cada momento em que o servic\u0327o executado e\u0301 motivo para nosso orgulho e a satisfac\u0327a\u0303o do nosso cliente que nos confiou a vida dele, e dos que ira\u0303o circular com ele na sua viatura\u201d. Para Joa\u0303o Lui\u0301s, a profissa\u0303o de mecatro\u0301nico automo\u0301vel deveria ser mais valorizada, ate\u0301 porque a sua continuac\u0327a\u0303o e\u0301 uma inco\u0301gnita, muito porque as novas gerac\u0327o\u0303es na\u0303o veem a mesma como uma profissa\u0303o a seguir, e em sua opinia\u0303o, este facto deve-se a\u0300 falta de valorizac\u0327a\u0303o, desgaste prema- turo, e ao grau de dificuldade da mesma em prol de um rendimento abaixo de outras profisso\u0303es que hoje se encontram no top do mercado, como as profis- so\u0303es digitais e tecnolo\u0301gicas. \u201cMas acredito que esta profissa\u0303o ira\u0301 vingar no futuro pois tera\u0301 que haver sempre meios de transporte, e tera\u0301 que haver sempre quem lhes efetue a sua manutenc\u0327a\u0303o. A evoluc\u0327a\u0303o tecnolo\u0301gica sera\u0301 sempre um desafio para todos no\u0301s mecatro\u0301nicos, mas acho que sera\u0301 sempre um motivo tambe\u0301m para o desenvolvimento de compete\u0302ncias inerentes a\u0300 profissa\u0303o\u201d, assegurou.<\/p>\n<p>Na sua opinia\u0303o, a Competic\u0327a\u0303o <a href=\"http:\/\/www.melhormecatronico.pt\/\" target=\"_blank\" rel=\"noopener\">Melhor Mecatro\u0301nico<\/a>, para ale\u0301m de demonstrar que existem excelentes profissionais em Portugal, tem a capacidade de os motivar para serem ainda melhores. \u201cA minha participac\u0327a\u0303o adve\u0301m na\u0303o so\u0301 do reconhecimento de compete\u0302ncias, bem como e\u0301 uma forma de satisfac\u0327a\u0303o pessoal pela qualidade como decorre, e me proporcionar uma vontade imensa de me superar a mim pro\u0301prio, e claro ser valorizado na profissa\u0303o a qual ja\u0301 dediquei uma parte da minha vida\u201d, enaltece. \u201cAs finais sa\u0303o para ganhar, e como por me\u0301rito aqui cheguei, vou tentar ao ma\u0301ximo o melhor desempenho possi\u0301vel, de prefere\u0302ncia o primeiro lugar, sei que na\u0303o sera\u0301 fa\u0301cil, mas na\u0303o sera\u0301 para mim nem para nenhum dos colegas de profissa\u0303o que ira\u0303o disputar comigo o ta\u0303o cobic\u0327ado po\u0301dio\u201d, acrescentou.<\/p>\n<p>O facto da Competic\u0327a\u0303o se realizar na <a href=\"http:\/\/www.expomecanica.pt\/\" target=\"_blank\" rel=\"noopener\">expoMECA\u0302NICA<\/a>, para ale\u0301m de ser uma montra para todos os participantes, acima de tudo ira\u0301 ser um presti\u0301gio para todos os profissionais que executam com orgulho e me\u0301rito a profissa\u0303o Mecatro\u0301nico Automo\u0301vel. Por isso, Joa\u0303o Lui\u0301s acredita que esta exposic\u0327a\u0303o e credibilidade se ira\u0301 refletir na confianc\u0327a depositada em todos os profissionais do ramo. \u201cOs benefi\u0301cios, divulgac\u0327a\u0303o, e credibilizac\u0327a\u0303o desta Competic\u0327a\u0303o, acima de tudo ajuda para que o estigma da descredibilizac\u0327a\u0303o da profissa\u0303o se espraie, e que a mesma seja divulgada, reconhecida e remunerada como merece. So\u0301 eventos como este podem chegar a uma fatia enorme de mercado, e sociedade em geral. O dinamismo destes eventos tambe\u0301m acaba por lanc\u0327ar o <a href=\"http:\/\/www.jornaldasoficinas.com\/\">Jornal das Oficinas<\/a> como uma refere\u0302ncia , na\u0303o so\u0301 no mercado Aftermarket, como tambe\u0301m uma refere\u0302ncia para os profissionais de reparac\u0327a\u0303o do sector automo\u0301vel. Que venha Abril, e que o evento seja um sucesso\u201d, concluiu.<\/p>\n<p><img loading=\"lazy\" decoding=\"async\" class=\"alignnone size-full wp-image-62565\" src=\"https:\/\/jornaldasoficinas.com\/pt\/wp-content\/uploads\/2023\/02\/Faixa_patrocinadores-1.png\" alt=\"02 - Faixa_patrocinadores 1\" width=\"4507\" height=\"1792\" srcset=\"https:\/\/jornaldasoficinas.com\/pt\/wp-content\/uploads\/2023\/02\/Faixa_patrocinadores-1.png 4507w, https:\/\/jornaldasoficinas.com\/pt\/wp-content\/uploads\/2023\/02\/Faixa_patrocinadores-1-300x119.png 300w, https:\/\/jornaldasoficinas.com\/pt\/wp-content\/uploads\/2023\/02\/Faixa_patrocinadores-1-1024x407.png 1024w, https:\/\/jornaldasoficinas.com\/pt\/wp-content\/uploads\/2023\/02\/Faixa_patrocinadores-1-768x305.png 768w, https:\/\/jornaldasoficinas.com\/pt\/wp-content\/uploads\/2023\/02\/Faixa_patrocinadores-1-1536x611.png 1536w, https:\/\/jornaldasoficinas.com\/pt\/wp-content\/uploads\/2023\/02\/Faixa_patrocinadores-1-2048x814.png 2048w\" sizes=\"auto, (max-width: 4507px) 100vw, 4507px\" \/><\/p>\n<p>&nbsp;<\/p>\n","protected":false},"excerpt":{"rendered":"<p>Joa\u0303o Miguel Passarinho Lui\u0301s tem 46&#8230;<\/p>\n","protected":false},"author":15,"featured_media":62570,"comment_status":"closed","ping_status":"closed","sticky":false,"template":"","format":"standard","meta":{"footnotes":""},"categories":[4632,5868],"tags":[4328,726,4329],"class_list":["post-62578","post","type-post","status-publish","format-standard","has-post-thumbnail","hentry","category-expomecanica","category-melhor-mecatronico","tag-joao-miguel-luis","tag-melhor-mecatronico","tag-miguel-luisa-auto-lda"],"yoast_head":"<!-- This site is optimized with the Yoast SEO plugin v27.4 - https:\/\/yoast.com\/product\/yoast-seo-wordpress\/ -->\n<title>Melhor Mecatr\u00f3nico 2023 - \u201cOs benef\u00edcios desta Competi\u00e7\u00e3o ajudam na evolu\u00e7\u00e3o do setor\u201d - Jornal das Oficinas<\/title>\n<meta name=\"description\" content=\"Joa\u0303o Miguel Passarinho Lui\u0301s ha\u0301 quinze anos que \u00e9 parte integrante da oficina Miguel &amp; Lui\u0301sa Auto Lda, e vai estar no Melhor Mecatr\u00f3nico\" \/>\n<meta name=\"robots\" content=\"index, follow, max-snippet:-1, max-image-preview:large, max-video-preview:-1\" \/>\n<link rel=\"canonical\" href=\"https:\/\/jornaldasoficinas.com\/pt\/melhor-mecatronico-2023-os-beneficios-desta-competicao-ajudam-na-evolucao-do-setor\/\" \/>\n<meta property=\"og:locale\" content=\"pt_PT\" \/>\n<meta property=\"og:type\" content=\"article\" \/>\n<meta property=\"og:title\" content=\"Melhor Mecatr\u00f3nico 2023 - \u201cOs benef\u00edcios desta Competi\u00e7\u00e3o ajudam na evolu\u00e7\u00e3o do setor\u201d - Jornal das Oficinas\" \/>\n<meta property=\"og:description\" content=\"Joa\u0303o Miguel Passarinho Lui\u0301s ha\u0301 quinze anos que \u00e9 parte integrante da oficina Miguel &amp; Lui\u0301sa Auto Lda, e vai estar no Melhor Mecatr\u00f3nico\" \/>\n<meta property=\"og:url\" content=\"https:\/\/jornaldasoficinas.com\/pt\/melhor-mecatronico-2023-os-beneficios-desta-competicao-ajudam-na-evolucao-do-setor\/\" \/>\n<meta property=\"og:site_name\" content=\"Jornal das Oficinas\" \/>\n<meta property=\"article:publisher\" content=\"https:\/\/www.facebook.com\/jornaloficinas\" \/>\n<meta property=\"article:published_time\" content=\"2023-02-26T20:00:52+00:00\" \/>\n<meta property=\"article:modified_time\" content=\"2023-07-18T18:00:22+00:00\" \/>\n<meta property=\"og:image\" content=\"https:\/\/jornaldasoficinas.com\/pt\/wp-content\/uploads\/2023\/02\/N4_Joao-Miguel-Luis.jpeg\" \/>\n\t<meta property=\"og:image:width\" content=\"1024\" \/>\n\t<meta property=\"og:image:height\" content=\"581\" \/>\n\t<meta property=\"og:image:type\" content=\"image\/jpeg\" \/>\n<meta name=\"author\" content=\"Reda\u00e7\u00e3o JO\" \/>\n<meta name=\"twitter:card\" content=\"summary_large_image\" \/>\n<meta name=\"twitter:creator\" content=\"@jornaloficinas\" \/>\n<meta name=\"twitter:site\" content=\"@jornaloficinas\" \/>\n<meta name=\"twitter:label1\" content=\"Escrito por\" \/>\n\t<meta name=\"twitter:data1\" content=\"Reda\u00e7\u00e3o JO\" \/>\n\t<meta name=\"twitter:label2\" content=\"Tempo estimado de leitura\" \/>\n\t<meta name=\"twitter:data2\" content=\"6 minutos\" \/>\n<script type=\"application\/ld+json\" class=\"yoast-schema-graph\">{\"@context\":\"https:\\\/\\\/schema.org\",\"@graph\":[{\"@type\":\"Article\",\"@id\":\"https:\\\/\\\/jornaldasoficinas.com\\\/pt\\\/melhor-mecatronico-2023-os-beneficios-desta-competicao-ajudam-na-evolucao-do-setor\\\/#article\",\"isPartOf\":{\"@id\":\"https:\\\/\\\/jornaldasoficinas.com\\\/pt\\\/melhor-mecatronico-2023-os-beneficios-desta-competicao-ajudam-na-evolucao-do-setor\\\/\"},\"author\":{\"name\":\"Reda\u00e7\u00e3o JO\",\"@id\":\"https:\\\/\\\/jornaldasoficinas.com\\\/pt\\\/#\\\/schema\\\/person\\\/a38eef5de2c41d9e7c9ac10141afddf3\"},\"headline\":\"Melhor Mecatr\u00f3nico 2023 &#8211; \u201cOs benef\u00edcios desta Competi\u00e7\u00e3o ajudam na evolu\u00e7\u00e3o do setor\u201d\",\"datePublished\":\"2023-02-26T20:00:52+00:00\",\"dateModified\":\"2023-07-18T18:00:22+00:00\",\"mainEntityOfPage\":{\"@id\":\"https:\\\/\\\/jornaldasoficinas.com\\\/pt\\\/melhor-mecatronico-2023-os-beneficios-desta-competicao-ajudam-na-evolucao-do-setor\\\/\"},\"wordCount\":1269,\"publisher\":{\"@id\":\"https:\\\/\\\/jornaldasoficinas.com\\\/pt\\\/#organization\"},\"image\":{\"@id\":\"https:\\\/\\\/jornaldasoficinas.com\\\/pt\\\/melhor-mecatronico-2023-os-beneficios-desta-competicao-ajudam-na-evolucao-do-setor\\\/#primaryimage\"},\"thumbnailUrl\":\"https:\\\/\\\/jornaldasoficinas.com\\\/pt\\\/wp-content\\\/uploads\\\/2023\\\/02\\\/N4_Joao-Miguel-Luis.jpeg\",\"keywords\":[\"Joa\u0303o Miguel Lui\u0301s\",\"Melhor Mecatr\u00f3nico\",\"Miguel &amp; Lui\u0301sa Auto Lda.\"],\"articleSection\":[\"expoMEC\u00c2NICA\",\"Melhor Mecatr\u00f3nico\"],\"inLanguage\":\"pt-PT\"},{\"@type\":\"WebPage\",\"@id\":\"https:\\\/\\\/jornaldasoficinas.com\\\/pt\\\/melhor-mecatronico-2023-os-beneficios-desta-competicao-ajudam-na-evolucao-do-setor\\\/\",\"url\":\"https:\\\/\\\/jornaldasoficinas.com\\\/pt\\\/melhor-mecatronico-2023-os-beneficios-desta-competicao-ajudam-na-evolucao-do-setor\\\/\",\"name\":\"Melhor Mecatr\u00f3nico 2023 - \u201cOs benef\u00edcios desta Competi\u00e7\u00e3o ajudam na evolu\u00e7\u00e3o do setor\u201d - Jornal das Oficinas\",\"isPartOf\":{\"@id\":\"https:\\\/\\\/jornaldasoficinas.com\\\/pt\\\/#website\"},\"primaryImageOfPage\":{\"@id\":\"https:\\\/\\\/jornaldasoficinas.com\\\/pt\\\/melhor-mecatronico-2023-os-beneficios-desta-competicao-ajudam-na-evolucao-do-setor\\\/#primaryimage\"},\"image\":{\"@id\":\"https:\\\/\\\/jornaldasoficinas.com\\\/pt\\\/melhor-mecatronico-2023-os-beneficios-desta-competicao-ajudam-na-evolucao-do-setor\\\/#primaryimage\"},\"thumbnailUrl\":\"https:\\\/\\\/jornaldasoficinas.com\\\/pt\\\/wp-content\\\/uploads\\\/2023\\\/02\\\/N4_Joao-Miguel-Luis.jpeg\",\"datePublished\":\"2023-02-26T20:00:52+00:00\",\"dateModified\":\"2023-07-18T18:00:22+00:00\",\"description\":\"Joa\u0303o Miguel Passarinho Lui\u0301s ha\u0301 quinze anos que \u00e9 parte integrante da oficina Miguel & Lui\u0301sa Auto Lda, e vai estar no Melhor Mecatr\u00f3nico\",\"breadcrumb\":{\"@id\":\"https:\\\/\\\/jornaldasoficinas.com\\\/pt\\\/melhor-mecatronico-2023-os-beneficios-desta-competicao-ajudam-na-evolucao-do-setor\\\/#breadcrumb\"},\"inLanguage\":\"pt-PT\",\"potentialAction\":[{\"@type\":\"ReadAction\",\"target\":[\"https:\\\/\\\/jornaldasoficinas.com\\\/pt\\\/melhor-mecatronico-2023-os-beneficios-desta-competicao-ajudam-na-evolucao-do-setor\\\/\"]}]},{\"@type\":\"ImageObject\",\"inLanguage\":\"pt-PT\",\"@id\":\"https:\\\/\\\/jornaldasoficinas.com\\\/pt\\\/melhor-mecatronico-2023-os-beneficios-desta-competicao-ajudam-na-evolucao-do-setor\\\/#primaryimage\",\"url\":\"https:\\\/\\\/jornaldasoficinas.com\\\/pt\\\/wp-content\\\/uploads\\\/2023\\\/02\\\/N4_Joao-Miguel-Luis.jpeg\",\"contentUrl\":\"https:\\\/\\\/jornaldasoficinas.com\\\/pt\\\/wp-content\\\/uploads\\\/2023\\\/02\\\/N4_Joao-Miguel-Luis.jpeg\",\"width\":1024,\"height\":581,\"caption\":\"02 - N4_Joao Miguel Luis\"},{\"@type\":\"BreadcrumbList\",\"@id\":\"https:\\\/\\\/jornaldasoficinas.com\\\/pt\\\/melhor-mecatronico-2023-os-beneficios-desta-competicao-ajudam-na-evolucao-do-setor\\\/#breadcrumb\",\"itemListElement\":[{\"@type\":\"ListItem\",\"position\":1,\"name\":\"In\u00edcio\",\"item\":\"https:\\\/\\\/jornaldasoficinas.com\\\/pt\\\/\"},{\"@type\":\"ListItem\",\"position\":2,\"name\":\"Melhor Mecatr\u00f3nico 2023 &#8211; \u201cOs benef\u00edcios desta Competi\u00e7\u00e3o ajudam na evolu\u00e7\u00e3o do setor\u201d\"}]},{\"@type\":\"WebSite\",\"@id\":\"https:\\\/\\\/jornaldasoficinas.com\\\/pt\\\/#website\",\"url\":\"https:\\\/\\\/jornaldasoficinas.com\\\/pt\\\/\",\"name\":\"Jornal das Oficinas\",\"description\":\"Jornal independente do Aftermarket Autom\u00f3vel em Portugal\",\"publisher\":{\"@id\":\"https:\\\/\\\/jornaldasoficinas.com\\\/pt\\\/#organization\"},\"potentialAction\":[{\"@type\":\"SearchAction\",\"target\":{\"@type\":\"EntryPoint\",\"urlTemplate\":\"https:\\\/\\\/jornaldasoficinas.com\\\/pt\\\/?s={search_term_string}\"},\"query-input\":{\"@type\":\"PropertyValueSpecification\",\"valueRequired\":true,\"valueName\":\"search_term_string\"}}],\"inLanguage\":\"pt-PT\"},{\"@type\":\"Organization\",\"@id\":\"https:\\\/\\\/jornaldasoficinas.com\\\/pt\\\/#organization\",\"name\":\"Jornal das Oficinas\",\"url\":\"https:\\\/\\\/jornaldasoficinas.com\\\/pt\\\/\",\"logo\":{\"@type\":\"ImageObject\",\"inLanguage\":\"pt-PT\",\"@id\":\"https:\\\/\\\/jornaldasoficinas.com\\\/pt\\\/#\\\/schema\\\/logo\\\/image\\\/\",\"url\":\"https:\\\/\\\/jornaldasoficinas.com\\\/pt\\\/wp-content\\\/uploads\\\/logoJO-SEO.png\",\"contentUrl\":\"https:\\\/\\\/jornaldasoficinas.com\\\/pt\\\/wp-content\\\/uploads\\\/logoJO-SEO.png\",\"width\":285,\"height\":450,\"caption\":\"Jornal das Oficinas\"},\"image\":{\"@id\":\"https:\\\/\\\/jornaldasoficinas.com\\\/pt\\\/#\\\/schema\\\/logo\\\/image\\\/\"},\"sameAs\":[\"https:\\\/\\\/www.facebook.com\\\/jornaloficinas\",\"https:\\\/\\\/x.com\\\/jornaloficinas\",\"https:\\\/\\\/www.instagram.com\\\/jornal_oficinas\\\/\",\"https:\\\/\\\/www.linkedin.com\\\/company\\\/jornal-das-oficinas\\\/\",\"https:\\\/\\\/www.youtube.com\\\/channel\\\/UCbQZBqtcvV-oSQrr7RzINGg\"]},{\"@type\":\"Person\",\"@id\":\"https:\\\/\\\/jornaldasoficinas.com\\\/pt\\\/#\\\/schema\\\/person\\\/a38eef5de2c41d9e7c9ac10141afddf3\",\"name\":\"Reda\u00e7\u00e3o JO\",\"image\":{\"@type\":\"ImageObject\",\"inLanguage\":\"pt-PT\",\"@id\":\"https:\\\/\\\/secure.gravatar.com\\\/avatar\\\/71f2fa71737ad68a84fea94bc708ddac8ea5b0c4788dc2ad202f3ccb2887742f?s=96&d=wp_user_avatar&r=g\",\"url\":\"https:\\\/\\\/secure.gravatar.com\\\/avatar\\\/71f2fa71737ad68a84fea94bc708ddac8ea5b0c4788dc2ad202f3ccb2887742f?s=96&d=wp_user_avatar&r=g\",\"contentUrl\":\"https:\\\/\\\/secure.gravatar.com\\\/avatar\\\/71f2fa71737ad68a84fea94bc708ddac8ea5b0c4788dc2ad202f3ccb2887742f?s=96&d=wp_user_avatar&r=g\",\"caption\":\"Reda\u00e7\u00e3o JO\"},\"url\":\"https:\\\/\\\/jornaldasoficinas.com\\\/pt\\\/author\\\/joredacao\\\/\"}]}<\/script>\n<!-- \/ Yoast SEO plugin. -->","yoast_head_json":{"title":"Melhor Mecatr\u00f3nico 2023 - \u201cOs benef\u00edcios desta Competi\u00e7\u00e3o ajudam na evolu\u00e7\u00e3o do setor\u201d - Jornal das Oficinas","description":"Joa\u0303o Miguel Passarinho Lui\u0301s ha\u0301 quinze anos que \u00e9 parte integrante da oficina Miguel & Lui\u0301sa Auto Lda, e vai estar no Melhor Mecatr\u00f3nico","robots":{"index":"index","follow":"follow","max-snippet":"max-snippet:-1","max-image-preview":"max-image-preview:large","max-video-preview":"max-video-preview:-1"},"canonical":"https:\/\/jornaldasoficinas.com\/pt\/melhor-mecatronico-2023-os-beneficios-desta-competicao-ajudam-na-evolucao-do-setor\/","og_locale":"pt_PT","og_type":"article","og_title":"Melhor Mecatr\u00f3nico 2023 - \u201cOs benef\u00edcios desta Competi\u00e7\u00e3o ajudam na evolu\u00e7\u00e3o do setor\u201d - Jornal das Oficinas","og_description":"Joa\u0303o Miguel Passarinho Lui\u0301s ha\u0301 quinze anos que \u00e9 parte integrante da oficina Miguel & Lui\u0301sa Auto Lda, e vai estar no Melhor Mecatr\u00f3nico","og_url":"https:\/\/jornaldasoficinas.com\/pt\/melhor-mecatronico-2023-os-beneficios-desta-competicao-ajudam-na-evolucao-do-setor\/","og_site_name":"Jornal das Oficinas","article_publisher":"https:\/\/www.facebook.com\/jornaloficinas","article_published_time":"2023-02-26T20:00:52+00:00","article_modified_time":"2023-07-18T18:00:22+00:00","og_image":[{"width":1024,"height":581,"url":"https:\/\/jornaldasoficinas.com\/pt\/wp-content\/uploads\/2023\/02\/N4_Joao-Miguel-Luis.jpeg","type":"image\/jpeg"}],"author":"Reda\u00e7\u00e3o JO","twitter_card":"summary_large_image","twitter_creator":"@jornaloficinas","twitter_site":"@jornaloficinas","twitter_misc":{"Escrito por":"Reda\u00e7\u00e3o JO","Tempo estimado de leitura":"6 minutos"},"schema":{"@context":"https:\/\/schema.org","@graph":[{"@type":"Article","@id":"https:\/\/jornaldasoficinas.com\/pt\/melhor-mecatronico-2023-os-beneficios-desta-competicao-ajudam-na-evolucao-do-setor\/#article","isPartOf":{"@id":"https:\/\/jornaldasoficinas.com\/pt\/melhor-mecatronico-2023-os-beneficios-desta-competicao-ajudam-na-evolucao-do-setor\/"},"author":{"name":"Reda\u00e7\u00e3o JO","@id":"https:\/\/jornaldasoficinas.com\/pt\/#\/schema\/person\/a38eef5de2c41d9e7c9ac10141afddf3"},"headline":"Melhor Mecatr\u00f3nico 2023 &#8211; \u201cOs benef\u00edcios desta Competi\u00e7\u00e3o ajudam na evolu\u00e7\u00e3o do setor\u201d","datePublished":"2023-02-26T20:00:52+00:00","dateModified":"2023-07-18T18:00:22+00:00","mainEntityOfPage":{"@id":"https:\/\/jornaldasoficinas.com\/pt\/melhor-mecatronico-2023-os-beneficios-desta-competicao-ajudam-na-evolucao-do-setor\/"},"wordCount":1269,"publisher":{"@id":"https:\/\/jornaldasoficinas.com\/pt\/#organization"},"image":{"@id":"https:\/\/jornaldasoficinas.com\/pt\/melhor-mecatronico-2023-os-beneficios-desta-competicao-ajudam-na-evolucao-do-setor\/#primaryimage"},"thumbnailUrl":"https:\/\/jornaldasoficinas.com\/pt\/wp-content\/uploads\/2023\/02\/N4_Joao-Miguel-Luis.jpeg","keywords":["Joa\u0303o Miguel Lui\u0301s","Melhor Mecatr\u00f3nico","Miguel &amp; Lui\u0301sa Auto Lda."],"articleSection":["expoMEC\u00c2NICA","Melhor Mecatr\u00f3nico"],"inLanguage":"pt-PT"},{"@type":"WebPage","@id":"https:\/\/jornaldasoficinas.com\/pt\/melhor-mecatronico-2023-os-beneficios-desta-competicao-ajudam-na-evolucao-do-setor\/","url":"https:\/\/jornaldasoficinas.com\/pt\/melhor-mecatronico-2023-os-beneficios-desta-competicao-ajudam-na-evolucao-do-setor\/","name":"Melhor Mecatr\u00f3nico 2023 - \u201cOs benef\u00edcios desta Competi\u00e7\u00e3o ajudam na evolu\u00e7\u00e3o do setor\u201d - Jornal das Oficinas","isPartOf":{"@id":"https:\/\/jornaldasoficinas.com\/pt\/#website"},"primaryImageOfPage":{"@id":"https:\/\/jornaldasoficinas.com\/pt\/melhor-mecatronico-2023-os-beneficios-desta-competicao-ajudam-na-evolucao-do-setor\/#primaryimage"},"image":{"@id":"https:\/\/jornaldasoficinas.com\/pt\/melhor-mecatronico-2023-os-beneficios-desta-competicao-ajudam-na-evolucao-do-setor\/#primaryimage"},"thumbnailUrl":"https:\/\/jornaldasoficinas.com\/pt\/wp-content\/uploads\/2023\/02\/N4_Joao-Miguel-Luis.jpeg","datePublished":"2023-02-26T20:00:52+00:00","dateModified":"2023-07-18T18:00:22+00:00","description":"Joa\u0303o Miguel Passarinho Lui\u0301s ha\u0301 quinze anos que \u00e9 parte integrante da oficina Miguel & Lui\u0301sa Auto Lda, e vai estar no Melhor Mecatr\u00f3nico","breadcrumb":{"@id":"https:\/\/jornaldasoficinas.com\/pt\/melhor-mecatronico-2023-os-beneficios-desta-competicao-ajudam-na-evolucao-do-setor\/#breadcrumb"},"inLanguage":"pt-PT","potentialAction":[{"@type":"ReadAction","target":["https:\/\/jornaldasoficinas.com\/pt\/melhor-mecatronico-2023-os-beneficios-desta-competicao-ajudam-na-evolucao-do-setor\/"]}]},{"@type":"ImageObject","inLanguage":"pt-PT","@id":"https:\/\/jornaldasoficinas.com\/pt\/melhor-mecatronico-2023-os-beneficios-desta-competicao-ajudam-na-evolucao-do-setor\/#primaryimage","url":"https:\/\/jornaldasoficinas.com\/pt\/wp-content\/uploads\/2023\/02\/N4_Joao-Miguel-Luis.jpeg","contentUrl":"https:\/\/jornaldasoficinas.com\/pt\/wp-content\/uploads\/2023\/02\/N4_Joao-Miguel-Luis.jpeg","width":1024,"height":581,"caption":"02 - N4_Joao Miguel Luis"},{"@type":"BreadcrumbList","@id":"https:\/\/jornaldasoficinas.com\/pt\/melhor-mecatronico-2023-os-beneficios-desta-competicao-ajudam-na-evolucao-do-setor\/#breadcrumb","itemListElement":[{"@type":"ListItem","position":1,"name":"In\u00edcio","item":"https:\/\/jornaldasoficinas.com\/pt\/"},{"@type":"ListItem","position":2,"name":"Melhor Mecatr\u00f3nico 2023 &#8211; \u201cOs benef\u00edcios desta Competi\u00e7\u00e3o ajudam na evolu\u00e7\u00e3o do setor\u201d"}]},{"@type":"WebSite","@id":"https:\/\/jornaldasoficinas.com\/pt\/#website","url":"https:\/\/jornaldasoficinas.com\/pt\/","name":"Jornal das Oficinas","description":"Jornal independente do Aftermarket Autom\u00f3vel em Portugal","publisher":{"@id":"https:\/\/jornaldasoficinas.com\/pt\/#organization"},"potentialAction":[{"@type":"SearchAction","target":{"@type":"EntryPoint","urlTemplate":"https:\/\/jornaldasoficinas.com\/pt\/?s={search_term_string}"},"query-input":{"@type":"PropertyValueSpecification","valueRequired":true,"valueName":"search_term_string"}}],"inLanguage":"pt-PT"},{"@type":"Organization","@id":"https:\/\/jornaldasoficinas.com\/pt\/#organization","name":"Jornal das Oficinas","url":"https:\/\/jornaldasoficinas.com\/pt\/","logo":{"@type":"ImageObject","inLanguage":"pt-PT","@id":"https:\/\/jornaldasoficinas.com\/pt\/#\/schema\/logo\/image\/","url":"https:\/\/jornaldasoficinas.com\/pt\/wp-content\/uploads\/logoJO-SEO.png","contentUrl":"https:\/\/jornaldasoficinas.com\/pt\/wp-content\/uploads\/logoJO-SEO.png","width":285,"height":450,"caption":"Jornal das Oficinas"},"image":{"@id":"https:\/\/jornaldasoficinas.com\/pt\/#\/schema\/logo\/image\/"},"sameAs":["https:\/\/www.facebook.com\/jornaloficinas","https:\/\/x.com\/jornaloficinas","https:\/\/www.instagram.com\/jornal_oficinas\/","https:\/\/www.linkedin.com\/company\/jornal-das-oficinas\/","https:\/\/www.youtube.com\/channel\/UCbQZBqtcvV-oSQrr7RzINGg"]},{"@type":"Person","@id":"https:\/\/jornaldasoficinas.com\/pt\/#\/schema\/person\/a38eef5de2c41d9e7c9ac10141afddf3","name":"Reda\u00e7\u00e3o JO","image":{"@type":"ImageObject","inLanguage":"pt-PT","@id":"https:\/\/secure.gravatar.com\/avatar\/71f2fa71737ad68a84fea94bc708ddac8ea5b0c4788dc2ad202f3ccb2887742f?s=96&d=wp_user_avatar&r=g","url":"https:\/\/secure.gravatar.com\/avatar\/71f2fa71737ad68a84fea94bc708ddac8ea5b0c4788dc2ad202f3ccb2887742f?s=96&d=wp_user_avatar&r=g","contentUrl":"https:\/\/secure.gravatar.com\/avatar\/71f2fa71737ad68a84fea94bc708ddac8ea5b0c4788dc2ad202f3ccb2887742f?s=96&d=wp_user_avatar&r=g","caption":"Reda\u00e7\u00e3o JO"},"url":"https:\/\/jornaldasoficinas.com\/pt\/author\/joredacao\/"}]}},"_links":{"self":[{"href":"https:\/\/jornaldasoficinas.com\/pt\/wp-json\/wp\/v2\/posts\/62578","targetHints":{"allow":["GET"]}}],"collection":[{"href":"https:\/\/jornaldasoficinas.com\/pt\/wp-json\/wp\/v2\/posts"}],"about":[{"href":"https:\/\/jornaldasoficinas.com\/pt\/wp-json\/wp\/v2\/types\/post"}],"author":[{"embeddable":true,"href":"https:\/\/jornaldasoficinas.com\/pt\/wp-json\/wp\/v2\/users\/15"}],"replies":[{"embeddable":true,"href":"https:\/\/jornaldasoficinas.com\/pt\/wp-json\/wp\/v2\/comments?post=62578"}],"version-history":[{"count":0,"href":"https:\/\/jornaldasoficinas.com\/pt\/wp-json\/wp\/v2\/posts\/62578\/revisions"}],"wp:featuredmedia":[{"embeddable":true,"href":"https:\/\/jornaldasoficinas.com\/pt\/wp-json\/wp\/v2\/media\/62570"}],"wp:attachment":[{"href":"https:\/\/jornaldasoficinas.com\/pt\/wp-json\/wp\/v2\/media?parent=62578"}],"wp:term":[{"taxonomy":"category","embeddable":true,"href":"https:\/\/jornaldasoficinas.com\/pt\/wp-json\/wp\/v2\/categories?post=62578"},{"taxonomy":"post_tag","embeddable":true,"href":"https:\/\/jornaldasoficinas.com\/pt\/wp-json\/wp\/v2\/tags?post=62578"}],"curies":[{"name":"wp","href":"https:\/\/api.w.org\/{rel}","templated":true}]}}