{"id":62709,"date":"2023-02-28T16:00:49","date_gmt":"2023-02-28T16:00:49","guid":{"rendered":"https:\/\/jornaldasoficinas.com\/pt\/?p=62709"},"modified":"2023-02-28T13:58:51","modified_gmt":"2023-02-28T13:58:51","slug":"schaeffler-cada-vez-mais-focada-na-mobilidade-sustentavel","status":"publish","type":"post","link":"https:\/\/jornaldasoficinas.com\/pt\/schaeffler-cada-vez-mais-focada-na-mobilidade-sustentavel\/","title":{"rendered":"Schaeffler cada vez mais focada na mobilidade sustent\u00e1vel"},"content":{"rendered":"<p><strong><img loading=\"lazy\" decoding=\"async\" class=\"alignnone size-full wp-image-62696\" src=\"https:\/\/jornaldasoficinas.com\/pt\/wp-content\/uploads\/2023\/02\/Schaeffler-cada-vez-mais-focada-na-mobilidade-sustentavel.jpeg\" alt=\"02 - Schaeffler cada vez mais focada na mobilidade sustentavel\" width=\"1024\" height=\"581\" srcset=\"https:\/\/jornaldasoficinas.com\/pt\/wp-content\/uploads\/2023\/02\/Schaeffler-cada-vez-mais-focada-na-mobilidade-sustentavel.jpeg 1024w, https:\/\/jornaldasoficinas.com\/pt\/wp-content\/uploads\/2023\/02\/Schaeffler-cada-vez-mais-focada-na-mobilidade-sustentavel-300x170.jpeg 300w, https:\/\/jornaldasoficinas.com\/pt\/wp-content\/uploads\/2023\/02\/Schaeffler-cada-vez-mais-focada-na-mobilidade-sustentavel-150x85.jpeg 150w, https:\/\/jornaldasoficinas.com\/pt\/wp-content\/uploads\/2023\/02\/Schaeffler-cada-vez-mais-focada-na-mobilidade-sustentavel-768x436.jpeg 768w\" sizes=\"auto, (max-width: 1024px) 100vw, 1024px\" \/><\/strong><\/p>\n<p><strong>\u00a0<\/strong><strong>A <a href=\"https:\/\/www.schaeffler.es\/pt\/\" target=\"_blank\" rel=\"noopener\">Schaeffler<\/a> forneceu aos clientes as primeiras frotas com transmiss\u00e3o sem corrente para bicicletas el\u00e9tricas de carga. O conceito inovador \u201cbike-by-wire\u201d abre o caminho a novos modelos de neg\u00f3cio no campo da micro mobilidade urbana<\/strong><\/p>\n<p>Cada vez \u00e9 mais frequente ver bicicletas el\u00e9tricas de carga e utilit\u00e1rias nas grandes cidades, onde s\u00e3o uma solu\u00e7\u00e3o ideal para viagens r\u00e1pidas e ecol\u00f3gicas, assim como para a entrega de comida, correio, medicamentos e outras mercadorias. Para contribuir para esta tend\u00eancia, a Schaeffler colaborou com o especialista em motores el\u00e9tricos para ve\u00edculos de duas rodas <a href=\"https:\/\/www.heinzmann.com\/en\/\" target=\"_blank\" rel=\"noopener\">Heinzmann<\/a> GmbH &amp; Co. KG para desenvolver um inovador sistema de transmiss\u00e3o sem corrente denominado \u201cFree Drive\u201d.<\/p>\n<p>Agora, as primeiras frotas de clientes que utilizam esta transmiss\u00e3o chegam \u00e0s ruas do tr\u00e2nsito urbano. \u201cTemos de repensar a mobilidade das cidades do amanh\u00e3\u201d,disse Matthias Zink, CEO da Automotive Technologies da Schaeffler AG. \u201cAqui, as bicicletas el\u00e9tricas de carga preenchem uma lacuna importante, particularmente nos \u00faltimos quil\u00f3metros de entrega de mercadorias.\u201d A Schaeffler considera que se trata de um mercado em crescimento. Em 2021, o mercado global das bicicletas el\u00e9tricas de carga estava avaliado em 630\u00a0milh\u00f5es de d\u00f3lares americanos (USD), o que representa um aumento de nove por cento relativamente ao ano anterior, prevendo-se que cres\u00e7a at\u00e9 aos 2.140\u00a0milh\u00f5es de USD em 2032 (fonte: Persistence Market Research).<\/p>\n<p>A Schaeffler e a Heinzmann revelaram pela primeira vez ao p\u00fablico o seu inovador sistema de transmiss\u00e3o sem corrente em agosto de 2021 e, desde ent\u00e3o, t\u00eam usado o tempo para o adaptar \u00e0produ\u00e7\u00e3o de frotas. Depois do sucesso dos ensaios de campo do m\u00eas passado, a produ\u00e7\u00e3o est\u00e1 agora em curso estando previsto um aumento progressivo da capacidade ao longo dos pr\u00f3ximos anos. O primeiro cliente que realizou o pedido de Free Drive, que conta com uma transmiss\u00e3o de pot\u00eancia altamente eficiente do pedal \u00e0 roda, foi a <a href=\"https:\/\/cipgroup.com\/vmi-sourcing\/digital-intelligent-mobility\/\" target=\"_blank\" rel=\"noopener\">CIP Mobility<\/a> GmbH. Os <a href=\"https:\/\/mocci.com\/en\/\" target=\"_blank\" rel=\"noopener\">mocci<\/a> Smart Pedal Vehicles da CIP constituem o novo padr\u00e3o de mobilidade eficiente, sustent\u00e1vel e de baixa manuten\u00e7\u00e3o do setor comercial em cidades e zonas industriais. Desenhadas como plataformas inovadoras de micro mobilidade, as bicicletas de carga mocci rompem muitas conven\u00e7\u00f5es estabelecidas na ind\u00fastria cicl\u00edstica, ao combinar um hardware e software inteligentes com materiais de \u00faltima gera\u00e7\u00e3o. \u201cA colabora\u00e7\u00e3o entre a Schaeffler e a CIP aproveita as inova\u00e7\u00f5es em pot\u00eancia e rendimento para refor\u00e7ar a posi\u00e7\u00e3o da Alemanha como local para I+D e produ\u00e7\u00e3o\u201d, disse o cofundador da CIP, Dimitrios Bachadakis.<\/p>\n<p><strong>Sem corrente n\u00e3o h\u00e1 desgaste<br \/>\n<\/strong>O Free Drive \u00e9 um sistema que acopla na perfei\u00e7\u00e3o um gerador a pedal, um motor, uma solu\u00e7\u00e3o de bateria espec\u00edfica do cliente e uma interface homem-m\u00e1quina (HMI). A Heinzmann vende-o a fabricantes de bicicletas e operadores de frotas. Um componente central do sistema \u00e9 o seu gerador a pedais desenvolvido pela Schaeffler. Produz uma resist\u00eancia constante de pedalagem e fornece eletricidade ao motor no cubo da roda traseira. Foi desenhado de tal forma que para pedalar \u00e9 necess\u00e1ria uma pot\u00eancia muscular significativamente inferior \u00e0 dos acionamentos das bicicletas el\u00e9tricas convencionais, uma vantagem importante para os ciclistas de bicicletas de carga, especialmente em longas rotas de entrega longas. A energia el\u00e9trica restante \u00e9 armazenada na bateria da bicicleta para ser usada posteriormente. Deste modo, o Free Drive pode oferecer uma pot\u00eancia total de 250 watts.<\/p>\n<p>Uma das vantagens principais deste sistema h\u00edbrido na s\u00e9rie para bicicletas consiste em n\u00e3o ter corrente, correia, pratos, pinh\u00f5es ou outros componentes dos sistemas de transmiss\u00e3o mec\u00e2nicos, pelo que \u00e9 muito menos propenso ao desgaste mec\u00e2nico do que as bicicletas el\u00e9tricas convencionais. \u201cCom Free Drive, a substitui\u00e7\u00e3o das correntes desgastadas \u00e9 uma coisa do passado\u201d afirmou o Dr. Jochen Schr\u00f6der, respons\u00e1vel da unidade de neg\u00f3cio E-Mobility da Schaeffler.<\/p>\n<p>Esta execu\u00e7\u00e3o robusta reduz o tempo de manuten\u00e7\u00e3o, o que representa uma vantagem consider\u00e1vel para os operadores de frotas de bicicletas de carga, uma vez que os seus ativos passar\u00e3o mais tempo na estrada e menos tempo na oficina.<\/p>\n<p>Al\u00e9m disso, os ciclistas v\u00e3o apreciar n\u00e3o terem de se preocupar com a sujidade nas roupas dos lubrificantes da correntes.<\/p>\n<p><strong>Maior liberdade de design gra\u00e7as \u00e0 transmiss\u00e3o de pot\u00eancia el\u00e9trica<br \/>\n<\/strong>Enquanto que a arquitetura dos motores das bicicletas el\u00e9tricas convencionais \u00e9 ditada em grande medida pela necessidade de uma liga\u00e7\u00e3o mec\u00e2nica entre os pedais e o motor, a Free Drive &#8211; como o pr\u00f3prio nome sugere &#8211; oferece uma liberdade de design consider\u00e1vel. \u201cO sistema de transmiss\u00e3o sem corrente abre possibilidades totalmente novas na arquitetura da bicicleta e a configura\u00e7\u00e3o dos pedais, como execu\u00e7\u00f5es com dois, tr\u00eas ou quatro rodas, com ou sem teto\u201d, explicou Jochen Schr\u00f6der. O conceito \u201cbike-by-wire\u201d digital tamb\u00e9m significa que as altera\u00e7\u00f5es de marcha e entre modos de funcionamento se executam mediante o software. Para que assim seja, todos os componentes do sistema que a Heinzmann comercializa comunicam entre si atrav\u00e9s de uma liga\u00e7\u00e3o CAN.<\/p>\n<p><strong>mocci aposta na Free Drive<br \/>\n<\/strong>Os mocci Smart Pedal Vehicles constituem uma solu\u00e7\u00e3o inovadora e sustent\u00e1vel para as empresas que pretendem que as suas opera\u00e7\u00f5es urbanas sejam flex\u00edveis, r\u00e1pidas e que respeitem o meio ambiente. Gra\u00e7as ao sistema Free Drive, tamb\u00e9m oferecem uma experi\u00eancia ciclista totalmente nova que \u00e9 segura, est\u00e1 totalmente ligada e pode adaptar-se ao cliente. Outra caracter\u00edstica inovadora consiste em que os componentes estruturais da mocci, ou seja, os quadros, rodas e forquilhas sejam fabricados com pl\u00e1sticos recicl\u00e1veis de alto rendimento, em vez de a\u00e7o ou de alum\u00ednio. Em compara\u00e7\u00e3o com a cl\u00e1ssica roda com raios, tanto a roda dianteira como a roda traseira constituem um \u00fanico componente estrutural e s\u00e3o, por isso, menos vulner\u00e1veis. O quadro \u00e9 fabricado utilizando um processo de moldagem por inje\u00e7\u00e3o escal\u00e1vel que emite aproximadamente 68 por cento menos CO 2 do que os processos aplicados para produzir os quadros convencionais de alum\u00ednio. \u201cEm 2023 forneceremos ve\u00edculos a uma grande variedade de clientes B2B (business to business), o que significa que teremos uma influ\u00eancia decisiva na forma da mobilidade urbana\u201d, referiu o cofundador da CIP, Dimitrios Bachadakis.<\/p>\n","protected":false},"excerpt":{"rendered":"<p>\u00a0A Schaeffler forneceu aos clientes as&#8230;<\/p>\n","protected":false},"author":15,"featured_media":62696,"comment_status":"closed","ping_status":"closed","sticky":false,"template":"","format":"standard","meta":{"footnotes":""},"categories":[29],"tags":[4375,4371,4372,751,1840,4373],"class_list":["post-62709","post","type-post","status-publish","format-standard","has-post-thumbnail","hentry","category-empresas","tag-bicicletas-eletricas","tag-bike-by-wire","tag-free-drive","tag-mobilidade-sustentavel","tag-schaeffler","tag-transmissao-sem-corrente"],"yoast_head":"<!-- This site is optimized with the Yoast SEO plugin v27.4 - https:\/\/yoast.com\/product\/yoast-seo-wordpress\/ -->\n<title>Schaeffler cada vez mais focada na mobilidade sustent\u00e1vel - Jornal das Oficinas<\/title>\n<meta name=\"description\" content=\"\u00a0A Schaeffler forneceu aos clientes as primeiras frotas com transmiss\u00e3o sem corrente para bicicletas el\u00e9tricas de carga\" \/>\n<meta name=\"robots\" content=\"index, follow, max-snippet:-1, max-image-preview:large, max-video-preview:-1\" \/>\n<link rel=\"canonical\" href=\"https:\/\/jornaldasoficinas.com\/pt\/schaeffler-cada-vez-mais-focada-na-mobilidade-sustentavel\/\" \/>\n<meta property=\"og:locale\" content=\"pt_PT\" \/>\n<meta property=\"og:type\" content=\"article\" \/>\n<meta property=\"og:title\" content=\"Schaeffler cada vez mais focada na mobilidade sustent\u00e1vel - Jornal das Oficinas\" \/>\n<meta property=\"og:description\" content=\"\u00a0A Schaeffler forneceu aos clientes as primeiras frotas com transmiss\u00e3o sem corrente para bicicletas el\u00e9tricas de carga\" \/>\n<meta property=\"og:url\" content=\"https:\/\/jornaldasoficinas.com\/pt\/schaeffler-cada-vez-mais-focada-na-mobilidade-sustentavel\/\" \/>\n<meta property=\"og:site_name\" content=\"Jornal das Oficinas\" \/>\n<meta property=\"article:publisher\" content=\"https:\/\/www.facebook.com\/jornaloficinas\" \/>\n<meta property=\"article:published_time\" content=\"2023-02-28T16:00:49+00:00\" \/>\n<meta property=\"og:image\" content=\"https:\/\/jornaldasoficinas.com\/pt\/wp-content\/uploads\/2023\/02\/Schaeffler-cada-vez-mais-focada-na-mobilidade-sustentavel.jpeg\" \/>\n\t<meta property=\"og:image:width\" content=\"1024\" \/>\n\t<meta property=\"og:image:height\" content=\"581\" \/>\n\t<meta property=\"og:image:type\" content=\"image\/jpeg\" \/>\n<meta name=\"author\" content=\"Reda\u00e7\u00e3o JO\" \/>\n<meta name=\"twitter:card\" content=\"summary_large_image\" \/>\n<meta name=\"twitter:creator\" content=\"@jornaloficinas\" \/>\n<meta name=\"twitter:site\" content=\"@jornaloficinas\" \/>\n<meta name=\"twitter:label1\" content=\"Escrito por\" \/>\n\t<meta name=\"twitter:data1\" content=\"Reda\u00e7\u00e3o JO\" \/>\n\t<meta name=\"twitter:label2\" content=\"Tempo estimado de leitura\" \/>\n\t<meta name=\"twitter:data2\" content=\"5 minutos\" \/>\n<script type=\"application\/ld+json\" class=\"yoast-schema-graph\">{\"@context\":\"https:\\\/\\\/schema.org\",\"@graph\":[{\"@type\":\"Article\",\"@id\":\"https:\\\/\\\/jornaldasoficinas.com\\\/pt\\\/schaeffler-cada-vez-mais-focada-na-mobilidade-sustentavel\\\/#article\",\"isPartOf\":{\"@id\":\"https:\\\/\\\/jornaldasoficinas.com\\\/pt\\\/schaeffler-cada-vez-mais-focada-na-mobilidade-sustentavel\\\/\"},\"author\":{\"name\":\"Reda\u00e7\u00e3o JO\",\"@id\":\"https:\\\/\\\/jornaldasoficinas.com\\\/pt\\\/#\\\/schema\\\/person\\\/a38eef5de2c41d9e7c9ac10141afddf3\"},\"headline\":\"Schaeffler cada vez mais focada na mobilidade sustent\u00e1vel\",\"datePublished\":\"2023-02-28T16:00:49+00:00\",\"mainEntityOfPage\":{\"@id\":\"https:\\\/\\\/jornaldasoficinas.com\\\/pt\\\/schaeffler-cada-vez-mais-focada-na-mobilidade-sustentavel\\\/\"},\"wordCount\":1088,\"publisher\":{\"@id\":\"https:\\\/\\\/jornaldasoficinas.com\\\/pt\\\/#organization\"},\"image\":{\"@id\":\"https:\\\/\\\/jornaldasoficinas.com\\\/pt\\\/schaeffler-cada-vez-mais-focada-na-mobilidade-sustentavel\\\/#primaryimage\"},\"thumbnailUrl\":\"https:\\\/\\\/jornaldasoficinas.com\\\/pt\\\/wp-content\\\/uploads\\\/2023\\\/02\\\/Schaeffler-cada-vez-mais-focada-na-mobilidade-sustentavel.jpeg\",\"keywords\":[\"Bicicletas el\u00e9tricas\",\"bike-by-wire\",\"Free Drive\",\"Mobilidade sustent\u00e1vel\",\"Schaeffler\",\"transmiss\u00e3o sem corrente\"],\"articleSection\":[\"Empresas\"],\"inLanguage\":\"pt-PT\"},{\"@type\":\"WebPage\",\"@id\":\"https:\\\/\\\/jornaldasoficinas.com\\\/pt\\\/schaeffler-cada-vez-mais-focada-na-mobilidade-sustentavel\\\/\",\"url\":\"https:\\\/\\\/jornaldasoficinas.com\\\/pt\\\/schaeffler-cada-vez-mais-focada-na-mobilidade-sustentavel\\\/\",\"name\":\"Schaeffler cada vez mais focada na mobilidade sustent\u00e1vel - Jornal das Oficinas\",\"isPartOf\":{\"@id\":\"https:\\\/\\\/jornaldasoficinas.com\\\/pt\\\/#website\"},\"primaryImageOfPage\":{\"@id\":\"https:\\\/\\\/jornaldasoficinas.com\\\/pt\\\/schaeffler-cada-vez-mais-focada-na-mobilidade-sustentavel\\\/#primaryimage\"},\"image\":{\"@id\":\"https:\\\/\\\/jornaldasoficinas.com\\\/pt\\\/schaeffler-cada-vez-mais-focada-na-mobilidade-sustentavel\\\/#primaryimage\"},\"thumbnailUrl\":\"https:\\\/\\\/jornaldasoficinas.com\\\/pt\\\/wp-content\\\/uploads\\\/2023\\\/02\\\/Schaeffler-cada-vez-mais-focada-na-mobilidade-sustentavel.jpeg\",\"datePublished\":\"2023-02-28T16:00:49+00:00\",\"description\":\"\u00a0A Schaeffler forneceu aos clientes as primeiras frotas com transmiss\u00e3o sem corrente para bicicletas el\u00e9tricas de carga\",\"breadcrumb\":{\"@id\":\"https:\\\/\\\/jornaldasoficinas.com\\\/pt\\\/schaeffler-cada-vez-mais-focada-na-mobilidade-sustentavel\\\/#breadcrumb\"},\"inLanguage\":\"pt-PT\",\"potentialAction\":[{\"@type\":\"ReadAction\",\"target\":[\"https:\\\/\\\/jornaldasoficinas.com\\\/pt\\\/schaeffler-cada-vez-mais-focada-na-mobilidade-sustentavel\\\/\"]}]},{\"@type\":\"ImageObject\",\"inLanguage\":\"pt-PT\",\"@id\":\"https:\\\/\\\/jornaldasoficinas.com\\\/pt\\\/schaeffler-cada-vez-mais-focada-na-mobilidade-sustentavel\\\/#primaryimage\",\"url\":\"https:\\\/\\\/jornaldasoficinas.com\\\/pt\\\/wp-content\\\/uploads\\\/2023\\\/02\\\/Schaeffler-cada-vez-mais-focada-na-mobilidade-sustentavel.jpeg\",\"contentUrl\":\"https:\\\/\\\/jornaldasoficinas.com\\\/pt\\\/wp-content\\\/uploads\\\/2023\\\/02\\\/Schaeffler-cada-vez-mais-focada-na-mobilidade-sustentavel.jpeg\",\"width\":1024,\"height\":581,\"caption\":\"02 - Schaeffler cada vez mais focada na mobilidade sustentavel\"},{\"@type\":\"BreadcrumbList\",\"@id\":\"https:\\\/\\\/jornaldasoficinas.com\\\/pt\\\/schaeffler-cada-vez-mais-focada-na-mobilidade-sustentavel\\\/#breadcrumb\",\"itemListElement\":[{\"@type\":\"ListItem\",\"position\":1,\"name\":\"In\u00edcio\",\"item\":\"https:\\\/\\\/jornaldasoficinas.com\\\/pt\\\/\"},{\"@type\":\"ListItem\",\"position\":2,\"name\":\"Schaeffler cada vez mais focada na mobilidade sustent\u00e1vel\"}]},{\"@type\":\"WebSite\",\"@id\":\"https:\\\/\\\/jornaldasoficinas.com\\\/pt\\\/#website\",\"url\":\"https:\\\/\\\/jornaldasoficinas.com\\\/pt\\\/\",\"name\":\"Jornal das Oficinas\",\"description\":\"Jornal independente do Aftermarket Autom\u00f3vel em Portugal\",\"publisher\":{\"@id\":\"https:\\\/\\\/jornaldasoficinas.com\\\/pt\\\/#organization\"},\"potentialAction\":[{\"@type\":\"SearchAction\",\"target\":{\"@type\":\"EntryPoint\",\"urlTemplate\":\"https:\\\/\\\/jornaldasoficinas.com\\\/pt\\\/?s={search_term_string}\"},\"query-input\":{\"@type\":\"PropertyValueSpecification\",\"valueRequired\":true,\"valueName\":\"search_term_string\"}}],\"inLanguage\":\"pt-PT\"},{\"@type\":\"Organization\",\"@id\":\"https:\\\/\\\/jornaldasoficinas.com\\\/pt\\\/#organization\",\"name\":\"Jornal das Oficinas\",\"url\":\"https:\\\/\\\/jornaldasoficinas.com\\\/pt\\\/\",\"logo\":{\"@type\":\"ImageObject\",\"inLanguage\":\"pt-PT\",\"@id\":\"https:\\\/\\\/jornaldasoficinas.com\\\/pt\\\/#\\\/schema\\\/logo\\\/image\\\/\",\"url\":\"https:\\\/\\\/jornaldasoficinas.com\\\/pt\\\/wp-content\\\/uploads\\\/logoJO-SEO.png\",\"contentUrl\":\"https:\\\/\\\/jornaldasoficinas.com\\\/pt\\\/wp-content\\\/uploads\\\/logoJO-SEO.png\",\"width\":285,\"height\":450,\"caption\":\"Jornal das Oficinas\"},\"image\":{\"@id\":\"https:\\\/\\\/jornaldasoficinas.com\\\/pt\\\/#\\\/schema\\\/logo\\\/image\\\/\"},\"sameAs\":[\"https:\\\/\\\/www.facebook.com\\\/jornaloficinas\",\"https:\\\/\\\/x.com\\\/jornaloficinas\",\"https:\\\/\\\/www.instagram.com\\\/jornal_oficinas\\\/\",\"https:\\\/\\\/www.linkedin.com\\\/company\\\/jornal-das-oficinas\\\/\",\"https:\\\/\\\/www.youtube.com\\\/channel\\\/UCbQZBqtcvV-oSQrr7RzINGg\"]},{\"@type\":\"Person\",\"@id\":\"https:\\\/\\\/jornaldasoficinas.com\\\/pt\\\/#\\\/schema\\\/person\\\/a38eef5de2c41d9e7c9ac10141afddf3\",\"name\":\"Reda\u00e7\u00e3o JO\",\"image\":{\"@type\":\"ImageObject\",\"inLanguage\":\"pt-PT\",\"@id\":\"https:\\\/\\\/secure.gravatar.com\\\/avatar\\\/71f2fa71737ad68a84fea94bc708ddac8ea5b0c4788dc2ad202f3ccb2887742f?s=96&d=wp_user_avatar&r=g\",\"url\":\"https:\\\/\\\/secure.gravatar.com\\\/avatar\\\/71f2fa71737ad68a84fea94bc708ddac8ea5b0c4788dc2ad202f3ccb2887742f?s=96&d=wp_user_avatar&r=g\",\"contentUrl\":\"https:\\\/\\\/secure.gravatar.com\\\/avatar\\\/71f2fa71737ad68a84fea94bc708ddac8ea5b0c4788dc2ad202f3ccb2887742f?s=96&d=wp_user_avatar&r=g\",\"caption\":\"Reda\u00e7\u00e3o JO\"},\"url\":\"https:\\\/\\\/jornaldasoficinas.com\\\/pt\\\/author\\\/joredacao\\\/\"}]}<\/script>\n<!-- \/ Yoast SEO plugin. -->","yoast_head_json":{"title":"Schaeffler cada vez mais focada na mobilidade sustent\u00e1vel - Jornal das Oficinas","description":"\u00a0A Schaeffler forneceu aos clientes as primeiras frotas com transmiss\u00e3o sem corrente para bicicletas el\u00e9tricas de carga","robots":{"index":"index","follow":"follow","max-snippet":"max-snippet:-1","max-image-preview":"max-image-preview:large","max-video-preview":"max-video-preview:-1"},"canonical":"https:\/\/jornaldasoficinas.com\/pt\/schaeffler-cada-vez-mais-focada-na-mobilidade-sustentavel\/","og_locale":"pt_PT","og_type":"article","og_title":"Schaeffler cada vez mais focada na mobilidade sustent\u00e1vel - Jornal das Oficinas","og_description":"\u00a0A Schaeffler forneceu aos clientes as primeiras frotas com transmiss\u00e3o sem corrente para bicicletas el\u00e9tricas de carga","og_url":"https:\/\/jornaldasoficinas.com\/pt\/schaeffler-cada-vez-mais-focada-na-mobilidade-sustentavel\/","og_site_name":"Jornal das Oficinas","article_publisher":"https:\/\/www.facebook.com\/jornaloficinas","article_published_time":"2023-02-28T16:00:49+00:00","og_image":[{"width":1024,"height":581,"url":"https:\/\/jornaldasoficinas.com\/pt\/wp-content\/uploads\/2023\/02\/Schaeffler-cada-vez-mais-focada-na-mobilidade-sustentavel.jpeg","type":"image\/jpeg"}],"author":"Reda\u00e7\u00e3o JO","twitter_card":"summary_large_image","twitter_creator":"@jornaloficinas","twitter_site":"@jornaloficinas","twitter_misc":{"Escrito por":"Reda\u00e7\u00e3o JO","Tempo estimado de leitura":"5 minutos"},"schema":{"@context":"https:\/\/schema.org","@graph":[{"@type":"Article","@id":"https:\/\/jornaldasoficinas.com\/pt\/schaeffler-cada-vez-mais-focada-na-mobilidade-sustentavel\/#article","isPartOf":{"@id":"https:\/\/jornaldasoficinas.com\/pt\/schaeffler-cada-vez-mais-focada-na-mobilidade-sustentavel\/"},"author":{"name":"Reda\u00e7\u00e3o JO","@id":"https:\/\/jornaldasoficinas.com\/pt\/#\/schema\/person\/a38eef5de2c41d9e7c9ac10141afddf3"},"headline":"Schaeffler cada vez mais focada na mobilidade sustent\u00e1vel","datePublished":"2023-02-28T16:00:49+00:00","mainEntityOfPage":{"@id":"https:\/\/jornaldasoficinas.com\/pt\/schaeffler-cada-vez-mais-focada-na-mobilidade-sustentavel\/"},"wordCount":1088,"publisher":{"@id":"https:\/\/jornaldasoficinas.com\/pt\/#organization"},"image":{"@id":"https:\/\/jornaldasoficinas.com\/pt\/schaeffler-cada-vez-mais-focada-na-mobilidade-sustentavel\/#primaryimage"},"thumbnailUrl":"https:\/\/jornaldasoficinas.com\/pt\/wp-content\/uploads\/2023\/02\/Schaeffler-cada-vez-mais-focada-na-mobilidade-sustentavel.jpeg","keywords":["Bicicletas el\u00e9tricas","bike-by-wire","Free Drive","Mobilidade sustent\u00e1vel","Schaeffler","transmiss\u00e3o sem corrente"],"articleSection":["Empresas"],"inLanguage":"pt-PT"},{"@type":"WebPage","@id":"https:\/\/jornaldasoficinas.com\/pt\/schaeffler-cada-vez-mais-focada-na-mobilidade-sustentavel\/","url":"https:\/\/jornaldasoficinas.com\/pt\/schaeffler-cada-vez-mais-focada-na-mobilidade-sustentavel\/","name":"Schaeffler cada vez mais focada na mobilidade sustent\u00e1vel - Jornal das Oficinas","isPartOf":{"@id":"https:\/\/jornaldasoficinas.com\/pt\/#website"},"primaryImageOfPage":{"@id":"https:\/\/jornaldasoficinas.com\/pt\/schaeffler-cada-vez-mais-focada-na-mobilidade-sustentavel\/#primaryimage"},"image":{"@id":"https:\/\/jornaldasoficinas.com\/pt\/schaeffler-cada-vez-mais-focada-na-mobilidade-sustentavel\/#primaryimage"},"thumbnailUrl":"https:\/\/jornaldasoficinas.com\/pt\/wp-content\/uploads\/2023\/02\/Schaeffler-cada-vez-mais-focada-na-mobilidade-sustentavel.jpeg","datePublished":"2023-02-28T16:00:49+00:00","description":"\u00a0A Schaeffler forneceu aos clientes as primeiras frotas com transmiss\u00e3o sem corrente para bicicletas el\u00e9tricas de carga","breadcrumb":{"@id":"https:\/\/jornaldasoficinas.com\/pt\/schaeffler-cada-vez-mais-focada-na-mobilidade-sustentavel\/#breadcrumb"},"inLanguage":"pt-PT","potentialAction":[{"@type":"ReadAction","target":["https:\/\/jornaldasoficinas.com\/pt\/schaeffler-cada-vez-mais-focada-na-mobilidade-sustentavel\/"]}]},{"@type":"ImageObject","inLanguage":"pt-PT","@id":"https:\/\/jornaldasoficinas.com\/pt\/schaeffler-cada-vez-mais-focada-na-mobilidade-sustentavel\/#primaryimage","url":"https:\/\/jornaldasoficinas.com\/pt\/wp-content\/uploads\/2023\/02\/Schaeffler-cada-vez-mais-focada-na-mobilidade-sustentavel.jpeg","contentUrl":"https:\/\/jornaldasoficinas.com\/pt\/wp-content\/uploads\/2023\/02\/Schaeffler-cada-vez-mais-focada-na-mobilidade-sustentavel.jpeg","width":1024,"height":581,"caption":"02 - Schaeffler cada vez mais focada na mobilidade sustentavel"},{"@type":"BreadcrumbList","@id":"https:\/\/jornaldasoficinas.com\/pt\/schaeffler-cada-vez-mais-focada-na-mobilidade-sustentavel\/#breadcrumb","itemListElement":[{"@type":"ListItem","position":1,"name":"In\u00edcio","item":"https:\/\/jornaldasoficinas.com\/pt\/"},{"@type":"ListItem","position":2,"name":"Schaeffler cada vez mais focada na mobilidade sustent\u00e1vel"}]},{"@type":"WebSite","@id":"https:\/\/jornaldasoficinas.com\/pt\/#website","url":"https:\/\/jornaldasoficinas.com\/pt\/","name":"Jornal das Oficinas","description":"Jornal independente do Aftermarket Autom\u00f3vel em Portugal","publisher":{"@id":"https:\/\/jornaldasoficinas.com\/pt\/#organization"},"potentialAction":[{"@type":"SearchAction","target":{"@type":"EntryPoint","urlTemplate":"https:\/\/jornaldasoficinas.com\/pt\/?s={search_term_string}"},"query-input":{"@type":"PropertyValueSpecification","valueRequired":true,"valueName":"search_term_string"}}],"inLanguage":"pt-PT"},{"@type":"Organization","@id":"https:\/\/jornaldasoficinas.com\/pt\/#organization","name":"Jornal das Oficinas","url":"https:\/\/jornaldasoficinas.com\/pt\/","logo":{"@type":"ImageObject","inLanguage":"pt-PT","@id":"https:\/\/jornaldasoficinas.com\/pt\/#\/schema\/logo\/image\/","url":"https:\/\/jornaldasoficinas.com\/pt\/wp-content\/uploads\/logoJO-SEO.png","contentUrl":"https:\/\/jornaldasoficinas.com\/pt\/wp-content\/uploads\/logoJO-SEO.png","width":285,"height":450,"caption":"Jornal das Oficinas"},"image":{"@id":"https:\/\/jornaldasoficinas.com\/pt\/#\/schema\/logo\/image\/"},"sameAs":["https:\/\/www.facebook.com\/jornaloficinas","https:\/\/x.com\/jornaloficinas","https:\/\/www.instagram.com\/jornal_oficinas\/","https:\/\/www.linkedin.com\/company\/jornal-das-oficinas\/","https:\/\/www.youtube.com\/channel\/UCbQZBqtcvV-oSQrr7RzINGg"]},{"@type":"Person","@id":"https:\/\/jornaldasoficinas.com\/pt\/#\/schema\/person\/a38eef5de2c41d9e7c9ac10141afddf3","name":"Reda\u00e7\u00e3o JO","image":{"@type":"ImageObject","inLanguage":"pt-PT","@id":"https:\/\/secure.gravatar.com\/avatar\/71f2fa71737ad68a84fea94bc708ddac8ea5b0c4788dc2ad202f3ccb2887742f?s=96&d=wp_user_avatar&r=g","url":"https:\/\/secure.gravatar.com\/avatar\/71f2fa71737ad68a84fea94bc708ddac8ea5b0c4788dc2ad202f3ccb2887742f?s=96&d=wp_user_avatar&r=g","contentUrl":"https:\/\/secure.gravatar.com\/avatar\/71f2fa71737ad68a84fea94bc708ddac8ea5b0c4788dc2ad202f3ccb2887742f?s=96&d=wp_user_avatar&r=g","caption":"Reda\u00e7\u00e3o JO"},"url":"https:\/\/jornaldasoficinas.com\/pt\/author\/joredacao\/"}]}},"_links":{"self":[{"href":"https:\/\/jornaldasoficinas.com\/pt\/wp-json\/wp\/v2\/posts\/62709","targetHints":{"allow":["GET"]}}],"collection":[{"href":"https:\/\/jornaldasoficinas.com\/pt\/wp-json\/wp\/v2\/posts"}],"about":[{"href":"https:\/\/jornaldasoficinas.com\/pt\/wp-json\/wp\/v2\/types\/post"}],"author":[{"embeddable":true,"href":"https:\/\/jornaldasoficinas.com\/pt\/wp-json\/wp\/v2\/users\/15"}],"replies":[{"embeddable":true,"href":"https:\/\/jornaldasoficinas.com\/pt\/wp-json\/wp\/v2\/comments?post=62709"}],"version-history":[{"count":0,"href":"https:\/\/jornaldasoficinas.com\/pt\/wp-json\/wp\/v2\/posts\/62709\/revisions"}],"wp:featuredmedia":[{"embeddable":true,"href":"https:\/\/jornaldasoficinas.com\/pt\/wp-json\/wp\/v2\/media\/62696"}],"wp:attachment":[{"href":"https:\/\/jornaldasoficinas.com\/pt\/wp-json\/wp\/v2\/media?parent=62709"}],"wp:term":[{"taxonomy":"category","embeddable":true,"href":"https:\/\/jornaldasoficinas.com\/pt\/wp-json\/wp\/v2\/categories?post=62709"},{"taxonomy":"post_tag","embeddable":true,"href":"https:\/\/jornaldasoficinas.com\/pt\/wp-json\/wp\/v2\/tags?post=62709"}],"curies":[{"name":"wp","href":"https:\/\/api.w.org\/{rel}","templated":true}]}}