{"id":62957,"date":"2023-03-05T18:00:38","date_gmt":"2023-03-05T18:00:38","guid":{"rendered":"https:\/\/jornaldasoficinas.com\/pt\/?p=62957"},"modified":"2023-03-07T23:07:33","modified_gmt":"2023-03-07T23:07:33","slug":"concentracao-da-distribuicao-de-pecas-auto","status":"publish","type":"post","link":"https:\/\/jornaldasoficinas.com\/pt\/concentracao-da-distribuicao-de-pecas-auto\/","title":{"rendered":"Concentra\u00e7\u00e3o da distribui\u00e7\u00e3o de pe\u00e7as auto"},"content":{"rendered":"<p><img loading=\"lazy\" decoding=\"async\" class=\"alignnone size-full wp-image-62934\" src=\"https:\/\/jornaldasoficinas.com\/pt\/wp-content\/uploads\/2023\/02\/Concentracaio_pecas.jpg\" alt=\"02 - Concentracaio_pecas\" width=\"1024\" height=\"581\" srcset=\"https:\/\/jornaldasoficinas.com\/pt\/wp-content\/uploads\/2023\/02\/Concentracaio_pecas.jpg 1024w, https:\/\/jornaldasoficinas.com\/pt\/wp-content\/uploads\/2023\/02\/Concentracaio_pecas-300x170.jpg 300w, https:\/\/jornaldasoficinas.com\/pt\/wp-content\/uploads\/2023\/02\/Concentracaio_pecas-150x85.jpg 150w, https:\/\/jornaldasoficinas.com\/pt\/wp-content\/uploads\/2023\/02\/Concentracaio_pecas-768x436.jpg 768w\" sizes=\"auto, (max-width: 1024px) 100vw, 1024px\" \/><\/p>\n<p><strong>A compra da <a href=\"http:\/\/www.soulima.pt\/\" target=\"_blank\" rel=\"noopener\">Soulima<\/a> pela <a href=\"https:\/\/www.lausan.es\/\" target=\"_blank\" rel=\"noopener\">Lausan<\/a> em 2019 iniciou um ciclo de aquisi\u00e7\u00f5es de empresas estrangeiras em Portugal, muito evidenciado em 2022, ano em que se concretizaram v\u00e1rias (e significativas) opera\u00e7\u00f5es de entrada no capital de alguns dos principais distribuidores de pe\u00e7as auto de empresas internacionais.<\/strong><\/p>\n<p>Depois da <a href=\"https:\/\/www.autodelta.pt\/\" target=\"_blank\" rel=\"noopener\">Autodelta<\/a> e <a href=\"http:\/\/www.fimag.pt\/\" target=\"_blank\" rel=\"noopener\">Fimag<\/a>, a <a href=\"https:\/\/www.alecarpecas.pt\/pt\/home\" target=\"_blank\" rel=\"noopener\">Alecarpe\u00e7as<\/a> foi a terceira empresa grossista de pe\u00e7as adquirida pelo fundo Crest II \u2013 FCR. O fundo de capital de risco \u201cCrest II\u201d dedica-se \u00e0 realiza\u00e7\u00e3o e gest\u00e3o de investimentos em empresas e disp\u00f5e, atualmente, em Portugal, de investimentos nos setores da produ\u00e7\u00e3o de mobili\u00e1rio de casa de banho; distribui\u00e7\u00e3o grossista de pe\u00e7as e assess\u00f3rios para autom\u00f3veis ligeiros, e produ\u00e7\u00e3o e com\u00e9rcio de acess\u00f3rios para a pr\u00e1tica de todo-o-terreno, caravanismo e autocaravanismo.<\/p>\n<p>Para ler todo o artigo clique <a href=\"https:\/\/www.yumpu.com\/pt\/document\/read\/67548622\/jornal-das-oficinas-206\/6\" target=\"_blank\" rel=\"noopener\">aqui<\/a>.<\/p>\n","protected":false},"excerpt":{"rendered":"<p>A compra da Soulima pela Lausan&#8230;<\/p>\n","protected":false},"author":15,"featured_media":62934,"comment_status":"closed","ping_status":"closed","sticky":false,"template":"","format":"standard","meta":{"footnotes":""},"categories":[29],"tags":[582,4151,2859,4482,4439,1879,1972,742],"class_list":["post-62957","post","type-post","status-publish","format-standard","has-post-thumbnail","hentry","category-empresas","tag-alecarpecas","tag-aquisicoes","tag-autodelta","tag-concentracao-pecas-automovel","tag-distribuidores-de-pecas","tag-fimag","tag-lausan","tag-soulima"],"yoast_head":"<!-- This site is optimized with the Yoast SEO plugin v27.4 - https:\/\/yoast.com\/product\/yoast-seo-wordpress\/ -->\n<title>Concentra\u00e7\u00e3o da distribui\u00e7\u00e3o de pe\u00e7as auto - Jornal das Oficinas<\/title>\n<meta name=\"description\" content=\"A compra da Soulima pela Lausan em 2019 iniciou um ciclo de aquisi\u00e7\u00f5es de empresas estrangeiras em Portugal, muito evidenciado em 2022\" \/>\n<meta name=\"robots\" content=\"index, follow, max-snippet:-1, max-image-preview:large, max-video-preview:-1\" \/>\n<link rel=\"canonical\" href=\"https:\/\/jornaldasoficinas.com\/pt\/concentracao-da-distribuicao-de-pecas-auto\/\" \/>\n<meta property=\"og:locale\" content=\"pt_PT\" \/>\n<meta property=\"og:type\" content=\"article\" \/>\n<meta property=\"og:title\" content=\"Concentra\u00e7\u00e3o da distribui\u00e7\u00e3o de pe\u00e7as auto - Jornal das Oficinas\" \/>\n<meta property=\"og:description\" content=\"A compra da Soulima pela Lausan em 2019 iniciou um ciclo de aquisi\u00e7\u00f5es de empresas estrangeiras em Portugal, muito evidenciado em 2022\" \/>\n<meta property=\"og:url\" content=\"https:\/\/jornaldasoficinas.com\/pt\/concentracao-da-distribuicao-de-pecas-auto\/\" \/>\n<meta property=\"og:site_name\" content=\"Jornal das Oficinas\" \/>\n<meta property=\"article:publisher\" content=\"https:\/\/www.facebook.com\/jornaloficinas\" \/>\n<meta property=\"article:published_time\" content=\"2023-03-05T18:00:38+00:00\" \/>\n<meta property=\"article:modified_time\" content=\"2023-03-07T23:07:33+00:00\" \/>\n<meta property=\"og:image\" content=\"https:\/\/jornaldasoficinas.com\/pt\/wp-content\/uploads\/2023\/02\/Concentracaio_pecas.jpg\" \/>\n\t<meta property=\"og:image:width\" content=\"1024\" \/>\n\t<meta property=\"og:image:height\" content=\"581\" \/>\n\t<meta property=\"og:image:type\" content=\"image\/jpeg\" \/>\n<meta name=\"author\" content=\"Reda\u00e7\u00e3o JO\" \/>\n<meta name=\"twitter:card\" content=\"summary_large_image\" \/>\n<meta name=\"twitter:creator\" content=\"@jornaloficinas\" \/>\n<meta name=\"twitter:site\" content=\"@jornaloficinas\" \/>\n<meta name=\"twitter:label1\" content=\"Escrito por\" \/>\n\t<meta name=\"twitter:data1\" content=\"Reda\u00e7\u00e3o JO\" \/>\n\t<meta name=\"twitter:label2\" content=\"Tempo estimado de leitura\" \/>\n\t<meta name=\"twitter:data2\" content=\"1 minuto\" \/>\n<script type=\"application\/ld+json\" class=\"yoast-schema-graph\">{\"@context\":\"https:\\\/\\\/schema.org\",\"@graph\":[{\"@type\":\"Article\",\"@id\":\"https:\\\/\\\/jornaldasoficinas.com\\\/pt\\\/concentracao-da-distribuicao-de-pecas-auto\\\/#article\",\"isPartOf\":{\"@id\":\"https:\\\/\\\/jornaldasoficinas.com\\\/pt\\\/concentracao-da-distribuicao-de-pecas-auto\\\/\"},\"author\":{\"name\":\"Reda\u00e7\u00e3o JO\",\"@id\":\"https:\\\/\\\/jornaldasoficinas.com\\\/pt\\\/#\\\/schema\\\/person\\\/a38eef5de2c41d9e7c9ac10141afddf3\"},\"headline\":\"Concentra\u00e7\u00e3o da distribui\u00e7\u00e3o de pe\u00e7as auto\",\"datePublished\":\"2023-03-05T18:00:38+00:00\",\"dateModified\":\"2023-03-07T23:07:33+00:00\",\"mainEntityOfPage\":{\"@id\":\"https:\\\/\\\/jornaldasoficinas.com\\\/pt\\\/concentracao-da-distribuicao-de-pecas-auto\\\/\"},\"wordCount\":155,\"publisher\":{\"@id\":\"https:\\\/\\\/jornaldasoficinas.com\\\/pt\\\/#organization\"},\"image\":{\"@id\":\"https:\\\/\\\/jornaldasoficinas.com\\\/pt\\\/concentracao-da-distribuicao-de-pecas-auto\\\/#primaryimage\"},\"thumbnailUrl\":\"https:\\\/\\\/jornaldasoficinas.com\\\/pt\\\/wp-content\\\/uploads\\\/2023\\\/02\\\/Concentracaio_pecas.jpg\",\"keywords\":[\"AleCarPe\u00e7as\",\"Aquisi\u00e7\u00f5es\",\"AutoDelta\",\"Concentra\u00e7\u00e3o pe\u00e7as autom\u00f3vel\",\"distribuidores de pe\u00e7as\",\"Fimag\",\"Lausan\",\"Soulima\"],\"articleSection\":[\"Empresas\"],\"inLanguage\":\"pt-PT\"},{\"@type\":\"WebPage\",\"@id\":\"https:\\\/\\\/jornaldasoficinas.com\\\/pt\\\/concentracao-da-distribuicao-de-pecas-auto\\\/\",\"url\":\"https:\\\/\\\/jornaldasoficinas.com\\\/pt\\\/concentracao-da-distribuicao-de-pecas-auto\\\/\",\"name\":\"Concentra\u00e7\u00e3o da distribui\u00e7\u00e3o de pe\u00e7as auto - Jornal das Oficinas\",\"isPartOf\":{\"@id\":\"https:\\\/\\\/jornaldasoficinas.com\\\/pt\\\/#website\"},\"primaryImageOfPage\":{\"@id\":\"https:\\\/\\\/jornaldasoficinas.com\\\/pt\\\/concentracao-da-distribuicao-de-pecas-auto\\\/#primaryimage\"},\"image\":{\"@id\":\"https:\\\/\\\/jornaldasoficinas.com\\\/pt\\\/concentracao-da-distribuicao-de-pecas-auto\\\/#primaryimage\"},\"thumbnailUrl\":\"https:\\\/\\\/jornaldasoficinas.com\\\/pt\\\/wp-content\\\/uploads\\\/2023\\\/02\\\/Concentracaio_pecas.jpg\",\"datePublished\":\"2023-03-05T18:00:38+00:00\",\"dateModified\":\"2023-03-07T23:07:33+00:00\",\"description\":\"A compra da Soulima pela Lausan em 2019 iniciou um ciclo de aquisi\u00e7\u00f5es de empresas estrangeiras em Portugal, muito evidenciado em 2022\",\"breadcrumb\":{\"@id\":\"https:\\\/\\\/jornaldasoficinas.com\\\/pt\\\/concentracao-da-distribuicao-de-pecas-auto\\\/#breadcrumb\"},\"inLanguage\":\"pt-PT\",\"potentialAction\":[{\"@type\":\"ReadAction\",\"target\":[\"https:\\\/\\\/jornaldasoficinas.com\\\/pt\\\/concentracao-da-distribuicao-de-pecas-auto\\\/\"]}]},{\"@type\":\"ImageObject\",\"inLanguage\":\"pt-PT\",\"@id\":\"https:\\\/\\\/jornaldasoficinas.com\\\/pt\\\/concentracao-da-distribuicao-de-pecas-auto\\\/#primaryimage\",\"url\":\"https:\\\/\\\/jornaldasoficinas.com\\\/pt\\\/wp-content\\\/uploads\\\/2023\\\/02\\\/Concentracaio_pecas.jpg\",\"contentUrl\":\"https:\\\/\\\/jornaldasoficinas.com\\\/pt\\\/wp-content\\\/uploads\\\/2023\\\/02\\\/Concentracaio_pecas.jpg\",\"width\":1024,\"height\":581,\"caption\":\"02 - Concentracaio_pecas\"},{\"@type\":\"BreadcrumbList\",\"@id\":\"https:\\\/\\\/jornaldasoficinas.com\\\/pt\\\/concentracao-da-distribuicao-de-pecas-auto\\\/#breadcrumb\",\"itemListElement\":[{\"@type\":\"ListItem\",\"position\":1,\"name\":\"In\u00edcio\",\"item\":\"https:\\\/\\\/jornaldasoficinas.com\\\/pt\\\/\"},{\"@type\":\"ListItem\",\"position\":2,\"name\":\"Concentra\u00e7\u00e3o da distribui\u00e7\u00e3o de pe\u00e7as auto\"}]},{\"@type\":\"WebSite\",\"@id\":\"https:\\\/\\\/jornaldasoficinas.com\\\/pt\\\/#website\",\"url\":\"https:\\\/\\\/jornaldasoficinas.com\\\/pt\\\/\",\"name\":\"Jornal das Oficinas\",\"description\":\"Jornal independente do Aftermarket Autom\u00f3vel em Portugal\",\"publisher\":{\"@id\":\"https:\\\/\\\/jornaldasoficinas.com\\\/pt\\\/#organization\"},\"potentialAction\":[{\"@type\":\"SearchAction\",\"target\":{\"@type\":\"EntryPoint\",\"urlTemplate\":\"https:\\\/\\\/jornaldasoficinas.com\\\/pt\\\/?s={search_term_string}\"},\"query-input\":{\"@type\":\"PropertyValueSpecification\",\"valueRequired\":true,\"valueName\":\"search_term_string\"}}],\"inLanguage\":\"pt-PT\"},{\"@type\":\"Organization\",\"@id\":\"https:\\\/\\\/jornaldasoficinas.com\\\/pt\\\/#organization\",\"name\":\"Jornal das Oficinas\",\"url\":\"https:\\\/\\\/jornaldasoficinas.com\\\/pt\\\/\",\"logo\":{\"@type\":\"ImageObject\",\"inLanguage\":\"pt-PT\",\"@id\":\"https:\\\/\\\/jornaldasoficinas.com\\\/pt\\\/#\\\/schema\\\/logo\\\/image\\\/\",\"url\":\"https:\\\/\\\/jornaldasoficinas.com\\\/pt\\\/wp-content\\\/uploads\\\/logoJO-SEO.png\",\"contentUrl\":\"https:\\\/\\\/jornaldasoficinas.com\\\/pt\\\/wp-content\\\/uploads\\\/logoJO-SEO.png\",\"width\":285,\"height\":450,\"caption\":\"Jornal das Oficinas\"},\"image\":{\"@id\":\"https:\\\/\\\/jornaldasoficinas.com\\\/pt\\\/#\\\/schema\\\/logo\\\/image\\\/\"},\"sameAs\":[\"https:\\\/\\\/www.facebook.com\\\/jornaloficinas\",\"https:\\\/\\\/x.com\\\/jornaloficinas\",\"https:\\\/\\\/www.instagram.com\\\/jornal_oficinas\\\/\",\"https:\\\/\\\/www.linkedin.com\\\/company\\\/jornal-das-oficinas\\\/\",\"https:\\\/\\\/www.youtube.com\\\/channel\\\/UCbQZBqtcvV-oSQrr7RzINGg\"]},{\"@type\":\"Person\",\"@id\":\"https:\\\/\\\/jornaldasoficinas.com\\\/pt\\\/#\\\/schema\\\/person\\\/a38eef5de2c41d9e7c9ac10141afddf3\",\"name\":\"Reda\u00e7\u00e3o JO\",\"image\":{\"@type\":\"ImageObject\",\"inLanguage\":\"pt-PT\",\"@id\":\"https:\\\/\\\/secure.gravatar.com\\\/avatar\\\/71f2fa71737ad68a84fea94bc708ddac8ea5b0c4788dc2ad202f3ccb2887742f?s=96&d=wp_user_avatar&r=g\",\"url\":\"https:\\\/\\\/secure.gravatar.com\\\/avatar\\\/71f2fa71737ad68a84fea94bc708ddac8ea5b0c4788dc2ad202f3ccb2887742f?s=96&d=wp_user_avatar&r=g\",\"contentUrl\":\"https:\\\/\\\/secure.gravatar.com\\\/avatar\\\/71f2fa71737ad68a84fea94bc708ddac8ea5b0c4788dc2ad202f3ccb2887742f?s=96&d=wp_user_avatar&r=g\",\"caption\":\"Reda\u00e7\u00e3o JO\"},\"url\":\"https:\\\/\\\/jornaldasoficinas.com\\\/pt\\\/author\\\/joredacao\\\/\"}]}<\/script>\n<!-- \/ Yoast SEO plugin. -->","yoast_head_json":{"title":"Concentra\u00e7\u00e3o da distribui\u00e7\u00e3o de pe\u00e7as auto - Jornal das Oficinas","description":"A compra da Soulima pela Lausan em 2019 iniciou um ciclo de aquisi\u00e7\u00f5es de empresas estrangeiras em Portugal, muito evidenciado em 2022","robots":{"index":"index","follow":"follow","max-snippet":"max-snippet:-1","max-image-preview":"max-image-preview:large","max-video-preview":"max-video-preview:-1"},"canonical":"https:\/\/jornaldasoficinas.com\/pt\/concentracao-da-distribuicao-de-pecas-auto\/","og_locale":"pt_PT","og_type":"article","og_title":"Concentra\u00e7\u00e3o da distribui\u00e7\u00e3o de pe\u00e7as auto - Jornal das Oficinas","og_description":"A compra da Soulima pela Lausan em 2019 iniciou um ciclo de aquisi\u00e7\u00f5es de empresas estrangeiras em Portugal, muito evidenciado em 2022","og_url":"https:\/\/jornaldasoficinas.com\/pt\/concentracao-da-distribuicao-de-pecas-auto\/","og_site_name":"Jornal das Oficinas","article_publisher":"https:\/\/www.facebook.com\/jornaloficinas","article_published_time":"2023-03-05T18:00:38+00:00","article_modified_time":"2023-03-07T23:07:33+00:00","og_image":[{"width":1024,"height":581,"url":"https:\/\/jornaldasoficinas.com\/pt\/wp-content\/uploads\/2023\/02\/Concentracaio_pecas.jpg","type":"image\/jpeg"}],"author":"Reda\u00e7\u00e3o JO","twitter_card":"summary_large_image","twitter_creator":"@jornaloficinas","twitter_site":"@jornaloficinas","twitter_misc":{"Escrito por":"Reda\u00e7\u00e3o JO","Tempo estimado de leitura":"1 minuto"},"schema":{"@context":"https:\/\/schema.org","@graph":[{"@type":"Article","@id":"https:\/\/jornaldasoficinas.com\/pt\/concentracao-da-distribuicao-de-pecas-auto\/#article","isPartOf":{"@id":"https:\/\/jornaldasoficinas.com\/pt\/concentracao-da-distribuicao-de-pecas-auto\/"},"author":{"name":"Reda\u00e7\u00e3o JO","@id":"https:\/\/jornaldasoficinas.com\/pt\/#\/schema\/person\/a38eef5de2c41d9e7c9ac10141afddf3"},"headline":"Concentra\u00e7\u00e3o da distribui\u00e7\u00e3o de pe\u00e7as auto","datePublished":"2023-03-05T18:00:38+00:00","dateModified":"2023-03-07T23:07:33+00:00","mainEntityOfPage":{"@id":"https:\/\/jornaldasoficinas.com\/pt\/concentracao-da-distribuicao-de-pecas-auto\/"},"wordCount":155,"publisher":{"@id":"https:\/\/jornaldasoficinas.com\/pt\/#organization"},"image":{"@id":"https:\/\/jornaldasoficinas.com\/pt\/concentracao-da-distribuicao-de-pecas-auto\/#primaryimage"},"thumbnailUrl":"https:\/\/jornaldasoficinas.com\/pt\/wp-content\/uploads\/2023\/02\/Concentracaio_pecas.jpg","keywords":["AleCarPe\u00e7as","Aquisi\u00e7\u00f5es","AutoDelta","Concentra\u00e7\u00e3o pe\u00e7as autom\u00f3vel","distribuidores de pe\u00e7as","Fimag","Lausan","Soulima"],"articleSection":["Empresas"],"inLanguage":"pt-PT"},{"@type":"WebPage","@id":"https:\/\/jornaldasoficinas.com\/pt\/concentracao-da-distribuicao-de-pecas-auto\/","url":"https:\/\/jornaldasoficinas.com\/pt\/concentracao-da-distribuicao-de-pecas-auto\/","name":"Concentra\u00e7\u00e3o da distribui\u00e7\u00e3o de pe\u00e7as auto - Jornal das Oficinas","isPartOf":{"@id":"https:\/\/jornaldasoficinas.com\/pt\/#website"},"primaryImageOfPage":{"@id":"https:\/\/jornaldasoficinas.com\/pt\/concentracao-da-distribuicao-de-pecas-auto\/#primaryimage"},"image":{"@id":"https:\/\/jornaldasoficinas.com\/pt\/concentracao-da-distribuicao-de-pecas-auto\/#primaryimage"},"thumbnailUrl":"https:\/\/jornaldasoficinas.com\/pt\/wp-content\/uploads\/2023\/02\/Concentracaio_pecas.jpg","datePublished":"2023-03-05T18:00:38+00:00","dateModified":"2023-03-07T23:07:33+00:00","description":"A compra da Soulima pela Lausan em 2019 iniciou um ciclo de aquisi\u00e7\u00f5es de empresas estrangeiras em Portugal, muito evidenciado em 2022","breadcrumb":{"@id":"https:\/\/jornaldasoficinas.com\/pt\/concentracao-da-distribuicao-de-pecas-auto\/#breadcrumb"},"inLanguage":"pt-PT","potentialAction":[{"@type":"ReadAction","target":["https:\/\/jornaldasoficinas.com\/pt\/concentracao-da-distribuicao-de-pecas-auto\/"]}]},{"@type":"ImageObject","inLanguage":"pt-PT","@id":"https:\/\/jornaldasoficinas.com\/pt\/concentracao-da-distribuicao-de-pecas-auto\/#primaryimage","url":"https:\/\/jornaldasoficinas.com\/pt\/wp-content\/uploads\/2023\/02\/Concentracaio_pecas.jpg","contentUrl":"https:\/\/jornaldasoficinas.com\/pt\/wp-content\/uploads\/2023\/02\/Concentracaio_pecas.jpg","width":1024,"height":581,"caption":"02 - Concentracaio_pecas"},{"@type":"BreadcrumbList","@id":"https:\/\/jornaldasoficinas.com\/pt\/concentracao-da-distribuicao-de-pecas-auto\/#breadcrumb","itemListElement":[{"@type":"ListItem","position":1,"name":"In\u00edcio","item":"https:\/\/jornaldasoficinas.com\/pt\/"},{"@type":"ListItem","position":2,"name":"Concentra\u00e7\u00e3o da distribui\u00e7\u00e3o de pe\u00e7as auto"}]},{"@type":"WebSite","@id":"https:\/\/jornaldasoficinas.com\/pt\/#website","url":"https:\/\/jornaldasoficinas.com\/pt\/","name":"Jornal das Oficinas","description":"Jornal independente do Aftermarket Autom\u00f3vel em Portugal","publisher":{"@id":"https:\/\/jornaldasoficinas.com\/pt\/#organization"},"potentialAction":[{"@type":"SearchAction","target":{"@type":"EntryPoint","urlTemplate":"https:\/\/jornaldasoficinas.com\/pt\/?s={search_term_string}"},"query-input":{"@type":"PropertyValueSpecification","valueRequired":true,"valueName":"search_term_string"}}],"inLanguage":"pt-PT"},{"@type":"Organization","@id":"https:\/\/jornaldasoficinas.com\/pt\/#organization","name":"Jornal das Oficinas","url":"https:\/\/jornaldasoficinas.com\/pt\/","logo":{"@type":"ImageObject","inLanguage":"pt-PT","@id":"https:\/\/jornaldasoficinas.com\/pt\/#\/schema\/logo\/image\/","url":"https:\/\/jornaldasoficinas.com\/pt\/wp-content\/uploads\/logoJO-SEO.png","contentUrl":"https:\/\/jornaldasoficinas.com\/pt\/wp-content\/uploads\/logoJO-SEO.png","width":285,"height":450,"caption":"Jornal das Oficinas"},"image":{"@id":"https:\/\/jornaldasoficinas.com\/pt\/#\/schema\/logo\/image\/"},"sameAs":["https:\/\/www.facebook.com\/jornaloficinas","https:\/\/x.com\/jornaloficinas","https:\/\/www.instagram.com\/jornal_oficinas\/","https:\/\/www.linkedin.com\/company\/jornal-das-oficinas\/","https:\/\/www.youtube.com\/channel\/UCbQZBqtcvV-oSQrr7RzINGg"]},{"@type":"Person","@id":"https:\/\/jornaldasoficinas.com\/pt\/#\/schema\/person\/a38eef5de2c41d9e7c9ac10141afddf3","name":"Reda\u00e7\u00e3o JO","image":{"@type":"ImageObject","inLanguage":"pt-PT","@id":"https:\/\/secure.gravatar.com\/avatar\/71f2fa71737ad68a84fea94bc708ddac8ea5b0c4788dc2ad202f3ccb2887742f?s=96&d=wp_user_avatar&r=g","url":"https:\/\/secure.gravatar.com\/avatar\/71f2fa71737ad68a84fea94bc708ddac8ea5b0c4788dc2ad202f3ccb2887742f?s=96&d=wp_user_avatar&r=g","contentUrl":"https:\/\/secure.gravatar.com\/avatar\/71f2fa71737ad68a84fea94bc708ddac8ea5b0c4788dc2ad202f3ccb2887742f?s=96&d=wp_user_avatar&r=g","caption":"Reda\u00e7\u00e3o JO"},"url":"https:\/\/jornaldasoficinas.com\/pt\/author\/joredacao\/"}]}},"_links":{"self":[{"href":"https:\/\/jornaldasoficinas.com\/pt\/wp-json\/wp\/v2\/posts\/62957","targetHints":{"allow":["GET"]}}],"collection":[{"href":"https:\/\/jornaldasoficinas.com\/pt\/wp-json\/wp\/v2\/posts"}],"about":[{"href":"https:\/\/jornaldasoficinas.com\/pt\/wp-json\/wp\/v2\/types\/post"}],"author":[{"embeddable":true,"href":"https:\/\/jornaldasoficinas.com\/pt\/wp-json\/wp\/v2\/users\/15"}],"replies":[{"embeddable":true,"href":"https:\/\/jornaldasoficinas.com\/pt\/wp-json\/wp\/v2\/comments?post=62957"}],"version-history":[{"count":0,"href":"https:\/\/jornaldasoficinas.com\/pt\/wp-json\/wp\/v2\/posts\/62957\/revisions"}],"wp:featuredmedia":[{"embeddable":true,"href":"https:\/\/jornaldasoficinas.com\/pt\/wp-json\/wp\/v2\/media\/62934"}],"wp:attachment":[{"href":"https:\/\/jornaldasoficinas.com\/pt\/wp-json\/wp\/v2\/media?parent=62957"}],"wp:term":[{"taxonomy":"category","embeddable":true,"href":"https:\/\/jornaldasoficinas.com\/pt\/wp-json\/wp\/v2\/categories?post=62957"},{"taxonomy":"post_tag","embeddable":true,"href":"https:\/\/jornaldasoficinas.com\/pt\/wp-json\/wp\/v2\/tags?post=62957"}],"curies":[{"name":"wp","href":"https:\/\/api.w.org\/{rel}","templated":true}]}}