{"id":6298,"date":"2019-11-06T12:22:03","date_gmt":"2019-11-06T12:22:03","guid":{"rendered":"https:\/\/jornaldasoficinas.com\/pt\/?p=6298"},"modified":"2019-11-06T12:56:22","modified_gmt":"2019-11-06T12:56:22","slug":"cromax-introduziu-aditivo-para-verniz-laranja-puro-am54","status":"publish","type":"post","link":"https:\/\/jornaldasoficinas.com\/pt\/cromax-introduziu-aditivo-para-verniz-laranja-puro-am54\/","title":{"rendered":"Cromax introduziu Aditivo para Verniz Laranja Puro AM54"},"content":{"rendered":"<p><img loading=\"lazy\" decoding=\"async\" class=\"alignnone wp-image-6297 \" src=\"https:\/\/jornaldasoficinas.com\/pt\/wp-content\/uploads\/2019\/11\/cromaxlaranja-1024x581.png\" alt=\"11 - cromaxlaranja\" width=\"919\" height=\"521\" srcset=\"https:\/\/jornaldasoficinas.com\/pt\/wp-content\/uploads\/2019\/11\/cromaxlaranja.png 1024w, https:\/\/jornaldasoficinas.com\/pt\/wp-content\/uploads\/2019\/11\/cromaxlaranja-150x85.png 150w, https:\/\/jornaldasoficinas.com\/pt\/wp-content\/uploads\/2019\/11\/cromaxlaranja-300x170.png 300w, https:\/\/jornaldasoficinas.com\/pt\/wp-content\/uploads\/2019\/11\/cromaxlaranja-768x436.png 768w\" sizes=\"auto, (max-width: 919px) 100vw, 919px\" \/><\/p>\n<p><strong>O cor-de-laranja pode ter um efeito de polariza\u00e7\u00e3o. Ou se ama ou se detesta. Mas a verdade \u00e9 que est\u00e1 muito em voga. Para permitir que as oficinas possam reparar, de forma precisa, esta nova cor, a Cromax introduziu o Aditivo para Verniz Laranja Puro AM54.<\/strong><\/p>\n<p>A julgar pelas tend\u00eancias atuais na moda, acess\u00f3rios e autom\u00f3veis, a opini\u00e3o dos consumidores sobre o cor-de-laranja est\u00e1 a mudar rapidamente para o lado positivo do espetro.<\/p>\n<p>O cor-de-laranja combina a energia do vermelho e a alegria do amarelo numa cor vibrante, que cria sentimentos de liberdade, otimismo e felicidade. Por isso, n\u00e3o \u00e9 de admirar que mais fabricantes de autom\u00f3veis estejam a introduzir esta cor nas respetivas op\u00e7\u00f5es de cores.<\/p>\n<p>Para permitir que as oficinas possam reparar, de forma precisa, esta nova cor, a Cromax, marca de repintura global da Axalta, um dos principais fornecedores mundiais de tintas l\u00edquidas e em p\u00f3, introduziu o Aditivo para Verniz Laranja Puro AM54. Esta cor para verniz tamb\u00e9m pode ser utilizada para reparar outros laranjas muito crom\u00e1ticos.<\/p>\n<p>As f\u00f3rmulas da Base Bicamada Cromax Pro, Cromax e Centari, que usam o Laranja Puro AM54, j\u00e1 se encontram dispon\u00edveis no ChromaWeb, o abrangente <em>software<\/em> de procura de cor baseado na <em>web <\/em>da Cromax.<\/p>\n<p>Para mais informa\u00e7\u00f5es sobre a Cromax, clique <a href=\"https:\/\/www.cromax.com\/pt\/pt_PT\/colours.html\" target=\"_blank\" rel=\"noopener noreferrer\">aqui<\/a>.<\/p>\n","protected":false},"excerpt":{"rendered":"<p>O cor-de-laranja pode ter um efeito&#8230;<\/p>\n","protected":false},"author":15,"featured_media":6297,"comment_status":"closed","ping_status":"closed","sticky":false,"template":"","format":"standard","meta":{"footnotes":""},"categories":[2],"tags":[67,66],"class_list":["post-6298","post","type-post","status-publish","format-standard","has-post-thumbnail","hentry","category-repintura","tag-axalta","tag-cromax"],"yoast_head":"<!-- This site is optimized with the Yoast SEO plugin v27.4 - https:\/\/yoast.com\/product\/yoast-seo-wordpress\/ -->\n<title>Cromax introduziu Aditivo para Verniz Laranja Puro AM54 - Jornal das Oficinas<\/title>\n<meta name=\"robots\" content=\"index, follow, max-snippet:-1, max-image-preview:large, max-video-preview:-1\" \/>\n<link rel=\"canonical\" href=\"https:\/\/jornaldasoficinas.com\/pt\/cromax-introduziu-aditivo-para-verniz-laranja-puro-am54\/\" \/>\n<meta property=\"og:locale\" content=\"pt_PT\" \/>\n<meta property=\"og:type\" content=\"article\" \/>\n<meta property=\"og:title\" content=\"Cromax introduziu Aditivo para Verniz Laranja Puro AM54 - Jornal das Oficinas\" \/>\n<meta property=\"og:description\" content=\"O cor-de-laranja pode ter um efeito...\" \/>\n<meta property=\"og:url\" content=\"https:\/\/jornaldasoficinas.com\/pt\/cromax-introduziu-aditivo-para-verniz-laranja-puro-am54\/\" \/>\n<meta property=\"og:site_name\" content=\"Jornal das Oficinas\" \/>\n<meta property=\"article:publisher\" content=\"https:\/\/www.facebook.com\/jornaloficinas\" \/>\n<meta property=\"article:published_time\" content=\"2019-11-06T12:22:03+00:00\" \/>\n<meta property=\"article:modified_time\" content=\"2019-11-06T12:56:22+00:00\" \/>\n<meta property=\"og:image\" content=\"https:\/\/jornaldasoficinas.com\/pt\/wp-content\/uploads\/2019\/11\/cromaxlaranja.png\" \/>\n\t<meta property=\"og:image:width\" content=\"1024\" \/>\n\t<meta property=\"og:image:height\" content=\"581\" \/>\n\t<meta property=\"og:image:type\" content=\"image\/png\" \/>\n<meta name=\"author\" content=\"Reda\u00e7\u00e3o JO\" \/>\n<meta name=\"twitter:card\" content=\"summary_large_image\" \/>\n<meta name=\"twitter:creator\" content=\"@jornaloficinas\" \/>\n<meta name=\"twitter:site\" content=\"@jornaloficinas\" \/>\n<meta name=\"twitter:label1\" content=\"Escrito por\" \/>\n\t<meta name=\"twitter:data1\" content=\"Reda\u00e7\u00e3o JO\" \/>\n\t<meta name=\"twitter:label2\" content=\"Tempo estimado de leitura\" \/>\n\t<meta name=\"twitter:data2\" content=\"1 minuto\" \/>\n<script type=\"application\/ld+json\" class=\"yoast-schema-graph\">{\"@context\":\"https:\\\/\\\/schema.org\",\"@graph\":[{\"@type\":\"Article\",\"@id\":\"https:\\\/\\\/jornaldasoficinas.com\\\/pt\\\/cromax-introduziu-aditivo-para-verniz-laranja-puro-am54\\\/#article\",\"isPartOf\":{\"@id\":\"https:\\\/\\\/jornaldasoficinas.com\\\/pt\\\/cromax-introduziu-aditivo-para-verniz-laranja-puro-am54\\\/\"},\"author\":{\"name\":\"Reda\u00e7\u00e3o JO\",\"@id\":\"https:\\\/\\\/jornaldasoficinas.com\\\/pt\\\/#\\\/schema\\\/person\\\/a38eef5de2c41d9e7c9ac10141afddf3\"},\"headline\":\"Cromax introduziu Aditivo para Verniz Laranja Puro AM54\",\"datePublished\":\"2019-11-06T12:22:03+00:00\",\"dateModified\":\"2019-11-06T12:56:22+00:00\",\"mainEntityOfPage\":{\"@id\":\"https:\\\/\\\/jornaldasoficinas.com\\\/pt\\\/cromax-introduziu-aditivo-para-verniz-laranja-puro-am54\\\/\"},\"wordCount\":233,\"publisher\":{\"@id\":\"https:\\\/\\\/jornaldasoficinas.com\\\/pt\\\/#organization\"},\"image\":{\"@id\":\"https:\\\/\\\/jornaldasoficinas.com\\\/pt\\\/cromax-introduziu-aditivo-para-verniz-laranja-puro-am54\\\/#primaryimage\"},\"thumbnailUrl\":\"https:\\\/\\\/jornaldasoficinas.com\\\/pt\\\/wp-content\\\/uploads\\\/2019\\\/11\\\/cromaxlaranja.png\",\"keywords\":[\"Axalta\",\"Cromax\"],\"articleSection\":[\"Repintura\"],\"inLanguage\":\"pt-PT\"},{\"@type\":\"WebPage\",\"@id\":\"https:\\\/\\\/jornaldasoficinas.com\\\/pt\\\/cromax-introduziu-aditivo-para-verniz-laranja-puro-am54\\\/\",\"url\":\"https:\\\/\\\/jornaldasoficinas.com\\\/pt\\\/cromax-introduziu-aditivo-para-verniz-laranja-puro-am54\\\/\",\"name\":\"Cromax introduziu Aditivo para Verniz Laranja Puro AM54 - Jornal das Oficinas\",\"isPartOf\":{\"@id\":\"https:\\\/\\\/jornaldasoficinas.com\\\/pt\\\/#website\"},\"primaryImageOfPage\":{\"@id\":\"https:\\\/\\\/jornaldasoficinas.com\\\/pt\\\/cromax-introduziu-aditivo-para-verniz-laranja-puro-am54\\\/#primaryimage\"},\"image\":{\"@id\":\"https:\\\/\\\/jornaldasoficinas.com\\\/pt\\\/cromax-introduziu-aditivo-para-verniz-laranja-puro-am54\\\/#primaryimage\"},\"thumbnailUrl\":\"https:\\\/\\\/jornaldasoficinas.com\\\/pt\\\/wp-content\\\/uploads\\\/2019\\\/11\\\/cromaxlaranja.png\",\"datePublished\":\"2019-11-06T12:22:03+00:00\",\"dateModified\":\"2019-11-06T12:56:22+00:00\",\"breadcrumb\":{\"@id\":\"https:\\\/\\\/jornaldasoficinas.com\\\/pt\\\/cromax-introduziu-aditivo-para-verniz-laranja-puro-am54\\\/#breadcrumb\"},\"inLanguage\":\"pt-PT\",\"potentialAction\":[{\"@type\":\"ReadAction\",\"target\":[\"https:\\\/\\\/jornaldasoficinas.com\\\/pt\\\/cromax-introduziu-aditivo-para-verniz-laranja-puro-am54\\\/\"]}]},{\"@type\":\"ImageObject\",\"inLanguage\":\"pt-PT\",\"@id\":\"https:\\\/\\\/jornaldasoficinas.com\\\/pt\\\/cromax-introduziu-aditivo-para-verniz-laranja-puro-am54\\\/#primaryimage\",\"url\":\"https:\\\/\\\/jornaldasoficinas.com\\\/pt\\\/wp-content\\\/uploads\\\/2019\\\/11\\\/cromaxlaranja.png\",\"contentUrl\":\"https:\\\/\\\/jornaldasoficinas.com\\\/pt\\\/wp-content\\\/uploads\\\/2019\\\/11\\\/cromaxlaranja.png\",\"width\":1024,\"height\":581,\"caption\":\"11 - cromaxlaranja\"},{\"@type\":\"BreadcrumbList\",\"@id\":\"https:\\\/\\\/jornaldasoficinas.com\\\/pt\\\/cromax-introduziu-aditivo-para-verniz-laranja-puro-am54\\\/#breadcrumb\",\"itemListElement\":[{\"@type\":\"ListItem\",\"position\":1,\"name\":\"In\u00edcio\",\"item\":\"https:\\\/\\\/jornaldasoficinas.com\\\/pt\\\/\"},{\"@type\":\"ListItem\",\"position\":2,\"name\":\"Cromax introduziu Aditivo para Verniz Laranja Puro AM54\"}]},{\"@type\":\"WebSite\",\"@id\":\"https:\\\/\\\/jornaldasoficinas.com\\\/pt\\\/#website\",\"url\":\"https:\\\/\\\/jornaldasoficinas.com\\\/pt\\\/\",\"name\":\"Jornal das Oficinas\",\"description\":\"Jornal independente do Aftermarket Autom\u00f3vel em Portugal\",\"publisher\":{\"@id\":\"https:\\\/\\\/jornaldasoficinas.com\\\/pt\\\/#organization\"},\"potentialAction\":[{\"@type\":\"SearchAction\",\"target\":{\"@type\":\"EntryPoint\",\"urlTemplate\":\"https:\\\/\\\/jornaldasoficinas.com\\\/pt\\\/?s={search_term_string}\"},\"query-input\":{\"@type\":\"PropertyValueSpecification\",\"valueRequired\":true,\"valueName\":\"search_term_string\"}}],\"inLanguage\":\"pt-PT\"},{\"@type\":\"Organization\",\"@id\":\"https:\\\/\\\/jornaldasoficinas.com\\\/pt\\\/#organization\",\"name\":\"Jornal das Oficinas\",\"url\":\"https:\\\/\\\/jornaldasoficinas.com\\\/pt\\\/\",\"logo\":{\"@type\":\"ImageObject\",\"inLanguage\":\"pt-PT\",\"@id\":\"https:\\\/\\\/jornaldasoficinas.com\\\/pt\\\/#\\\/schema\\\/logo\\\/image\\\/\",\"url\":\"https:\\\/\\\/jornaldasoficinas.com\\\/pt\\\/wp-content\\\/uploads\\\/logoJO-SEO.png\",\"contentUrl\":\"https:\\\/\\\/jornaldasoficinas.com\\\/pt\\\/wp-content\\\/uploads\\\/logoJO-SEO.png\",\"width\":285,\"height\":450,\"caption\":\"Jornal das Oficinas\"},\"image\":{\"@id\":\"https:\\\/\\\/jornaldasoficinas.com\\\/pt\\\/#\\\/schema\\\/logo\\\/image\\\/\"},\"sameAs\":[\"https:\\\/\\\/www.facebook.com\\\/jornaloficinas\",\"https:\\\/\\\/x.com\\\/jornaloficinas\",\"https:\\\/\\\/www.instagram.com\\\/jornal_oficinas\\\/\",\"https:\\\/\\\/www.linkedin.com\\\/company\\\/jornal-das-oficinas\\\/\",\"https:\\\/\\\/www.youtube.com\\\/channel\\\/UCbQZBqtcvV-oSQrr7RzINGg\"]},{\"@type\":\"Person\",\"@id\":\"https:\\\/\\\/jornaldasoficinas.com\\\/pt\\\/#\\\/schema\\\/person\\\/a38eef5de2c41d9e7c9ac10141afddf3\",\"name\":\"Reda\u00e7\u00e3o JO\",\"image\":{\"@type\":\"ImageObject\",\"inLanguage\":\"pt-PT\",\"@id\":\"https:\\\/\\\/secure.gravatar.com\\\/avatar\\\/71f2fa71737ad68a84fea94bc708ddac8ea5b0c4788dc2ad202f3ccb2887742f?s=96&d=wp_user_avatar&r=g\",\"url\":\"https:\\\/\\\/secure.gravatar.com\\\/avatar\\\/71f2fa71737ad68a84fea94bc708ddac8ea5b0c4788dc2ad202f3ccb2887742f?s=96&d=wp_user_avatar&r=g\",\"contentUrl\":\"https:\\\/\\\/secure.gravatar.com\\\/avatar\\\/71f2fa71737ad68a84fea94bc708ddac8ea5b0c4788dc2ad202f3ccb2887742f?s=96&d=wp_user_avatar&r=g\",\"caption\":\"Reda\u00e7\u00e3o JO\"},\"url\":\"https:\\\/\\\/jornaldasoficinas.com\\\/pt\\\/author\\\/joredacao\\\/\"}]}<\/script>\n<!-- \/ Yoast SEO plugin. -->","yoast_head_json":{"title":"Cromax introduziu Aditivo para Verniz Laranja Puro AM54 - Jornal das Oficinas","robots":{"index":"index","follow":"follow","max-snippet":"max-snippet:-1","max-image-preview":"max-image-preview:large","max-video-preview":"max-video-preview:-1"},"canonical":"https:\/\/jornaldasoficinas.com\/pt\/cromax-introduziu-aditivo-para-verniz-laranja-puro-am54\/","og_locale":"pt_PT","og_type":"article","og_title":"Cromax introduziu Aditivo para Verniz Laranja Puro AM54 - Jornal das Oficinas","og_description":"O cor-de-laranja pode ter um efeito...","og_url":"https:\/\/jornaldasoficinas.com\/pt\/cromax-introduziu-aditivo-para-verniz-laranja-puro-am54\/","og_site_name":"Jornal das Oficinas","article_publisher":"https:\/\/www.facebook.com\/jornaloficinas","article_published_time":"2019-11-06T12:22:03+00:00","article_modified_time":"2019-11-06T12:56:22+00:00","og_image":[{"width":1024,"height":581,"url":"https:\/\/jornaldasoficinas.com\/pt\/wp-content\/uploads\/2019\/11\/cromaxlaranja.png","type":"image\/png"}],"author":"Reda\u00e7\u00e3o JO","twitter_card":"summary_large_image","twitter_creator":"@jornaloficinas","twitter_site":"@jornaloficinas","twitter_misc":{"Escrito por":"Reda\u00e7\u00e3o JO","Tempo estimado de leitura":"1 minuto"},"schema":{"@context":"https:\/\/schema.org","@graph":[{"@type":"Article","@id":"https:\/\/jornaldasoficinas.com\/pt\/cromax-introduziu-aditivo-para-verniz-laranja-puro-am54\/#article","isPartOf":{"@id":"https:\/\/jornaldasoficinas.com\/pt\/cromax-introduziu-aditivo-para-verniz-laranja-puro-am54\/"},"author":{"name":"Reda\u00e7\u00e3o JO","@id":"https:\/\/jornaldasoficinas.com\/pt\/#\/schema\/person\/a38eef5de2c41d9e7c9ac10141afddf3"},"headline":"Cromax introduziu Aditivo para Verniz Laranja Puro AM54","datePublished":"2019-11-06T12:22:03+00:00","dateModified":"2019-11-06T12:56:22+00:00","mainEntityOfPage":{"@id":"https:\/\/jornaldasoficinas.com\/pt\/cromax-introduziu-aditivo-para-verniz-laranja-puro-am54\/"},"wordCount":233,"publisher":{"@id":"https:\/\/jornaldasoficinas.com\/pt\/#organization"},"image":{"@id":"https:\/\/jornaldasoficinas.com\/pt\/cromax-introduziu-aditivo-para-verniz-laranja-puro-am54\/#primaryimage"},"thumbnailUrl":"https:\/\/jornaldasoficinas.com\/pt\/wp-content\/uploads\/2019\/11\/cromaxlaranja.png","keywords":["Axalta","Cromax"],"articleSection":["Repintura"],"inLanguage":"pt-PT"},{"@type":"WebPage","@id":"https:\/\/jornaldasoficinas.com\/pt\/cromax-introduziu-aditivo-para-verniz-laranja-puro-am54\/","url":"https:\/\/jornaldasoficinas.com\/pt\/cromax-introduziu-aditivo-para-verniz-laranja-puro-am54\/","name":"Cromax introduziu Aditivo para Verniz Laranja Puro AM54 - Jornal das Oficinas","isPartOf":{"@id":"https:\/\/jornaldasoficinas.com\/pt\/#website"},"primaryImageOfPage":{"@id":"https:\/\/jornaldasoficinas.com\/pt\/cromax-introduziu-aditivo-para-verniz-laranja-puro-am54\/#primaryimage"},"image":{"@id":"https:\/\/jornaldasoficinas.com\/pt\/cromax-introduziu-aditivo-para-verniz-laranja-puro-am54\/#primaryimage"},"thumbnailUrl":"https:\/\/jornaldasoficinas.com\/pt\/wp-content\/uploads\/2019\/11\/cromaxlaranja.png","datePublished":"2019-11-06T12:22:03+00:00","dateModified":"2019-11-06T12:56:22+00:00","breadcrumb":{"@id":"https:\/\/jornaldasoficinas.com\/pt\/cromax-introduziu-aditivo-para-verniz-laranja-puro-am54\/#breadcrumb"},"inLanguage":"pt-PT","potentialAction":[{"@type":"ReadAction","target":["https:\/\/jornaldasoficinas.com\/pt\/cromax-introduziu-aditivo-para-verniz-laranja-puro-am54\/"]}]},{"@type":"ImageObject","inLanguage":"pt-PT","@id":"https:\/\/jornaldasoficinas.com\/pt\/cromax-introduziu-aditivo-para-verniz-laranja-puro-am54\/#primaryimage","url":"https:\/\/jornaldasoficinas.com\/pt\/wp-content\/uploads\/2019\/11\/cromaxlaranja.png","contentUrl":"https:\/\/jornaldasoficinas.com\/pt\/wp-content\/uploads\/2019\/11\/cromaxlaranja.png","width":1024,"height":581,"caption":"11 - cromaxlaranja"},{"@type":"BreadcrumbList","@id":"https:\/\/jornaldasoficinas.com\/pt\/cromax-introduziu-aditivo-para-verniz-laranja-puro-am54\/#breadcrumb","itemListElement":[{"@type":"ListItem","position":1,"name":"In\u00edcio","item":"https:\/\/jornaldasoficinas.com\/pt\/"},{"@type":"ListItem","position":2,"name":"Cromax introduziu Aditivo para Verniz Laranja Puro AM54"}]},{"@type":"WebSite","@id":"https:\/\/jornaldasoficinas.com\/pt\/#website","url":"https:\/\/jornaldasoficinas.com\/pt\/","name":"Jornal das Oficinas","description":"Jornal independente do Aftermarket Autom\u00f3vel em Portugal","publisher":{"@id":"https:\/\/jornaldasoficinas.com\/pt\/#organization"},"potentialAction":[{"@type":"SearchAction","target":{"@type":"EntryPoint","urlTemplate":"https:\/\/jornaldasoficinas.com\/pt\/?s={search_term_string}"},"query-input":{"@type":"PropertyValueSpecification","valueRequired":true,"valueName":"search_term_string"}}],"inLanguage":"pt-PT"},{"@type":"Organization","@id":"https:\/\/jornaldasoficinas.com\/pt\/#organization","name":"Jornal das Oficinas","url":"https:\/\/jornaldasoficinas.com\/pt\/","logo":{"@type":"ImageObject","inLanguage":"pt-PT","@id":"https:\/\/jornaldasoficinas.com\/pt\/#\/schema\/logo\/image\/","url":"https:\/\/jornaldasoficinas.com\/pt\/wp-content\/uploads\/logoJO-SEO.png","contentUrl":"https:\/\/jornaldasoficinas.com\/pt\/wp-content\/uploads\/logoJO-SEO.png","width":285,"height":450,"caption":"Jornal das Oficinas"},"image":{"@id":"https:\/\/jornaldasoficinas.com\/pt\/#\/schema\/logo\/image\/"},"sameAs":["https:\/\/www.facebook.com\/jornaloficinas","https:\/\/x.com\/jornaloficinas","https:\/\/www.instagram.com\/jornal_oficinas\/","https:\/\/www.linkedin.com\/company\/jornal-das-oficinas\/","https:\/\/www.youtube.com\/channel\/UCbQZBqtcvV-oSQrr7RzINGg"]},{"@type":"Person","@id":"https:\/\/jornaldasoficinas.com\/pt\/#\/schema\/person\/a38eef5de2c41d9e7c9ac10141afddf3","name":"Reda\u00e7\u00e3o JO","image":{"@type":"ImageObject","inLanguage":"pt-PT","@id":"https:\/\/secure.gravatar.com\/avatar\/71f2fa71737ad68a84fea94bc708ddac8ea5b0c4788dc2ad202f3ccb2887742f?s=96&d=wp_user_avatar&r=g","url":"https:\/\/secure.gravatar.com\/avatar\/71f2fa71737ad68a84fea94bc708ddac8ea5b0c4788dc2ad202f3ccb2887742f?s=96&d=wp_user_avatar&r=g","contentUrl":"https:\/\/secure.gravatar.com\/avatar\/71f2fa71737ad68a84fea94bc708ddac8ea5b0c4788dc2ad202f3ccb2887742f?s=96&d=wp_user_avatar&r=g","caption":"Reda\u00e7\u00e3o JO"},"url":"https:\/\/jornaldasoficinas.com\/pt\/author\/joredacao\/"}]}},"_links":{"self":[{"href":"https:\/\/jornaldasoficinas.com\/pt\/wp-json\/wp\/v2\/posts\/6298","targetHints":{"allow":["GET"]}}],"collection":[{"href":"https:\/\/jornaldasoficinas.com\/pt\/wp-json\/wp\/v2\/posts"}],"about":[{"href":"https:\/\/jornaldasoficinas.com\/pt\/wp-json\/wp\/v2\/types\/post"}],"author":[{"embeddable":true,"href":"https:\/\/jornaldasoficinas.com\/pt\/wp-json\/wp\/v2\/users\/15"}],"replies":[{"embeddable":true,"href":"https:\/\/jornaldasoficinas.com\/pt\/wp-json\/wp\/v2\/comments?post=6298"}],"version-history":[{"count":0,"href":"https:\/\/jornaldasoficinas.com\/pt\/wp-json\/wp\/v2\/posts\/6298\/revisions"}],"wp:featuredmedia":[{"embeddable":true,"href":"https:\/\/jornaldasoficinas.com\/pt\/wp-json\/wp\/v2\/media\/6297"}],"wp:attachment":[{"href":"https:\/\/jornaldasoficinas.com\/pt\/wp-json\/wp\/v2\/media?parent=6298"}],"wp:term":[{"taxonomy":"category","embeddable":true,"href":"https:\/\/jornaldasoficinas.com\/pt\/wp-json\/wp\/v2\/categories?post=6298"},{"taxonomy":"post_tag","embeddable":true,"href":"https:\/\/jornaldasoficinas.com\/pt\/wp-json\/wp\/v2\/tags?post=6298"}],"curies":[{"name":"wp","href":"https:\/\/api.w.org\/{rel}","templated":true}]}}