{"id":63252,"date":"2023-03-09T20:00:08","date_gmt":"2023-03-09T20:00:08","guid":{"rendered":"https:\/\/jornaldasoficinas.com\/pt\/?p=63252"},"modified":"2023-03-09T14:26:23","modified_gmt":"2023-03-09T14:26:23","slug":"portugueses-pensam-duas-vezes-antes-de-comprarem-carro-novo","status":"publish","type":"post","link":"https:\/\/jornaldasoficinas.com\/pt\/portugueses-pensam-duas-vezes-antes-de-comprarem-carro-novo\/","title":{"rendered":"Portugueses pensam duas vezes antes de comprarem carro novo"},"content":{"rendered":"<p><img loading=\"lazy\" decoding=\"async\" class=\"alignnone size-full wp-image-63196\" src=\"https:\/\/jornaldasoficinas.com\/pt\/wp-content\/uploads\/2023\/03\/Portugueses-pensam-duas-vezes-antes-de-comprarem-carro-novo-1.jpeg\" alt=\"03 - Portugueses pensam duas vezes antes de comprarem carro novo 1\" width=\"1024\" height=\"581\" srcset=\"https:\/\/jornaldasoficinas.com\/pt\/wp-content\/uploads\/2023\/03\/Portugueses-pensam-duas-vezes-antes-de-comprarem-carro-novo-1.jpeg 1024w, https:\/\/jornaldasoficinas.com\/pt\/wp-content\/uploads\/2023\/03\/Portugueses-pensam-duas-vezes-antes-de-comprarem-carro-novo-1-300x170.jpeg 300w, https:\/\/jornaldasoficinas.com\/pt\/wp-content\/uploads\/2023\/03\/Portugueses-pensam-duas-vezes-antes-de-comprarem-carro-novo-1-150x85.jpeg 150w, https:\/\/jornaldasoficinas.com\/pt\/wp-content\/uploads\/2023\/03\/Portugueses-pensam-duas-vezes-antes-de-comprarem-carro-novo-1-768x436.jpeg 768w\" sizes=\"auto, (max-width: 1024px) 100vw, 1024px\" \/><\/p>\n<p><strong>Os pre\u00e7os dos carros, tal como aconteceu com os restantes produtos e servi\u00e7os, n\u00e3o escaparam \u00e0 infla\u00e7\u00e3o. Segundo, o novo estudo<a href=\"https:\/\/www.cetelem.pt\/o-observador\" target=\"_blank\" rel=\"noopener\"> Observador Cetelem<\/a> Autom\u00f3vel 2023: \u201cTer carro, quanto custa?\u201d, constatou que, na maioria dos pa\u00edses onde se realizou o estudo (18 no total), se observou uma diminui\u00e7\u00e3o nos volumes de venda dos ve\u00edculos novos, ao mesmo tempo que o pre\u00e7o das viaturas novas aumentou num ritmo superior ao aumento dos rendimentos das popula\u00e7\u00f5es<\/strong><\/p>\n<p>Tendo em conta os dados do estudo, o pre\u00e7o m\u00e9dio pago pelos condutores portugueses entrevistados quando compraram a \u00faltima viatura foi de 16.110\u20ac, um valor pr\u00f3ximo da m\u00e9dia europeia (16.712\u20ac). A n\u00edvel europeu, a Pol\u00f3nia \u00e9 o pa\u00eds onde o pre\u00e7o m\u00e9dio dos ve\u00edculos adquiridos \u00e9 o mais baixo (7.964\u20ac). Por outro lado, a Noruega (20.169\u20ac) e a Alemanha (20.084\u20ac) apresentam os valores mais elevados. J\u00e1 a n\u00edvel mundial, o pre\u00e7o m\u00e9dio \u00e9 ligeiramente mais baixo (16.181\u20ac) do que a m\u00e9dia europeia.<\/p>\n<p>Esta evolu\u00e7\u00e3o constante do pre\u00e7o das viaturas, no entanto, n\u00e3o afetou o valor percecionado pelos consumidores em rela\u00e7\u00e3o ao pre\u00e7o de um ve\u00edculo, uma vez que 79% dos condutores consideraram que o pre\u00e7o de compra da sua \u00faltima viatura foi \u201crazo\u00e1vel\u201d.<\/p>\n<p>Por\u00e9m, quando analisamos mais detalhadamente estes resultados, os dados revelam a exist\u00eancia de uma divis\u00e3o acentuada entre os compradores de ve\u00edculos usados e os de novos. 77% dos que adquiriram ve\u00edculos usados demonstram maior satisfa\u00e7\u00e3o com a rela\u00e7\u00e3o entre o montante despendido e o valor que atribuem ao autom\u00f3vel, em compara\u00e7\u00e3o com apenas 57% dos compradores de ve\u00edculos novos. Uma clivagem significativa encontrada em todos os pa\u00edses do estudo.<\/p>\n<p><strong>Comprar carro, sim, mas a que custo?<\/strong><br \/>\nApesar desta avalia\u00e7\u00e3o entre o pre\u00e7o e valor percecionado se manter positiva para a maioria dos inquiridos, tal n\u00e3o significa que perspetivem facilidade na compra, considerando o aumento do custo de vida. De acordo com o Observador Cetelem Autom\u00f3vel 2023, 77% dos condutores portugueses consideraram que continua a ser poss\u00edvel comprar um carro, mas \u00e0 custa de mais esfor\u00e7os financeiros.<\/p>\n<p>\u00c9 importante igualmente sublinhar que entre os inquiridos para o estudo, encontramos um sentimento crescente de que o autom\u00f3vel se encontra reservado a apenas a algumas pessoas. Em Portugal, s\u00e3o j\u00e1 15% dos cidad\u00e3os a acreditar que comprar um ve\u00edculo se encontra reservado apenas a quem tem capacidade financeira. Importa, ainda, notar que este sentimento se acentua, em geral, entre aqueles que n\u00e3o s\u00e3o propriet\u00e1rios de ve\u00edculos, com 3 em cada 10 a partilh\u00e1-lo.<\/p>\n<p>A comprovar claramente esta perce\u00e7\u00e3o dos consumidores, o relat\u00f3rio realizado pela Statista \u2013 uma plataforma que consolida dados estat\u00edsticos a partir de milhares de fontes internacionais \u2013, que analisou o n\u00edvel da taxa de esfor\u00e7o medida pela rela\u00e7\u00e3o entre o pre\u00e7o de uma viatura e o rendimento m\u00e9dio anual, aponta que esta taxa parece estar pr\u00f3xima e acima de 100% em alguns pa\u00edses, o que significa que adquirir uma viatura custa um ano inteiro de rendimentos para alguns indiv\u00edduos. Em Portugal, a taxa de esfor\u00e7o de acordo com este relat\u00f3rio \u00e9 de 141%.<\/p>\n","protected":false},"excerpt":{"rendered":"<p>Os pre\u00e7os dos carros, tal como&#8230;<\/p>\n","protected":false},"author":15,"featured_media":63196,"comment_status":"closed","ping_status":"closed","sticky":false,"template":"","format":"standard","meta":{"footnotes":""},"categories":[37],"tags":[4523,3295,1192,4524],"class_list":["post-63252","post","type-post","status-publish","format-standard","has-post-thumbnail","hentry","category-mercado","tag-comprar-carro-novo","tag-inflacao","tag-observador-cetelem","tag-preco-das-carros"],"yoast_head":"<!-- This site is optimized with the Yoast SEO plugin v27.5 - https:\/\/yoast.com\/product\/yoast-seo-wordpress\/ -->\n<title>Portugueses pensam duas vezes antes de comprarem carro novo - Jornal das Oficinas<\/title>\n<meta name=\"description\" content=\"Os pre\u00e7os dos carros em Portugal, tal como aconteceu com os restantes produtos e servi\u00e7os, n\u00e3o escaparam \u00e0 infla\u00e7\u00e3o.\" \/>\n<meta name=\"robots\" content=\"index, follow, max-snippet:-1, max-image-preview:large, max-video-preview:-1\" \/>\n<link rel=\"canonical\" href=\"https:\/\/jornaldasoficinas.com\/pt\/portugueses-pensam-duas-vezes-antes-de-comprarem-carro-novo\/\" \/>\n<meta property=\"og:locale\" content=\"pt_PT\" \/>\n<meta property=\"og:type\" content=\"article\" \/>\n<meta property=\"og:title\" content=\"Portugueses pensam duas vezes antes de comprarem carro novo - Jornal das Oficinas\" \/>\n<meta property=\"og:description\" content=\"Os pre\u00e7os dos carros em Portugal, tal como aconteceu com os restantes produtos e servi\u00e7os, n\u00e3o escaparam \u00e0 infla\u00e7\u00e3o.\" \/>\n<meta property=\"og:url\" content=\"https:\/\/jornaldasoficinas.com\/pt\/portugueses-pensam-duas-vezes-antes-de-comprarem-carro-novo\/\" \/>\n<meta property=\"og:site_name\" content=\"Jornal das Oficinas\" \/>\n<meta property=\"article:publisher\" content=\"https:\/\/www.facebook.com\/jornaloficinas\" \/>\n<meta property=\"article:published_time\" content=\"2023-03-09T20:00:08+00:00\" \/>\n<meta property=\"og:image\" content=\"https:\/\/jornaldasoficinas.com\/pt\/wp-content\/uploads\/2023\/03\/Portugueses-pensam-duas-vezes-antes-de-comprarem-carro-novo-1.jpeg\" \/>\n\t<meta property=\"og:image:width\" content=\"1024\" \/>\n\t<meta property=\"og:image:height\" content=\"581\" \/>\n\t<meta property=\"og:image:type\" content=\"image\/jpeg\" \/>\n<meta name=\"author\" content=\"Reda\u00e7\u00e3o JO\" \/>\n<meta name=\"twitter:card\" content=\"summary_large_image\" \/>\n<meta name=\"twitter:creator\" content=\"@jornaloficinas\" \/>\n<meta name=\"twitter:site\" content=\"@jornaloficinas\" \/>\n<meta name=\"twitter:label1\" content=\"Escrito por\" \/>\n\t<meta name=\"twitter:data1\" content=\"Reda\u00e7\u00e3o JO\" \/>\n\t<meta name=\"twitter:label2\" content=\"Tempo estimado de leitura\" \/>\n\t<meta name=\"twitter:data2\" content=\"3 minutos\" \/>\n<script type=\"application\/ld+json\" class=\"yoast-schema-graph\">{\"@context\":\"https:\\\/\\\/schema.org\",\"@graph\":[{\"@type\":\"Article\",\"@id\":\"https:\\\/\\\/jornaldasoficinas.com\\\/pt\\\/portugueses-pensam-duas-vezes-antes-de-comprarem-carro-novo\\\/#article\",\"isPartOf\":{\"@id\":\"https:\\\/\\\/jornaldasoficinas.com\\\/pt\\\/portugueses-pensam-duas-vezes-antes-de-comprarem-carro-novo\\\/\"},\"author\":{\"name\":\"Reda\u00e7\u00e3o JO\",\"@id\":\"https:\\\/\\\/jornaldasoficinas.com\\\/pt\\\/#\\\/schema\\\/person\\\/a38eef5de2c41d9e7c9ac10141afddf3\"},\"headline\":\"Portugueses pensam duas vezes antes de comprarem carro novo\",\"datePublished\":\"2023-03-09T20:00:08+00:00\",\"mainEntityOfPage\":{\"@id\":\"https:\\\/\\\/jornaldasoficinas.com\\\/pt\\\/portugueses-pensam-duas-vezes-antes-de-comprarem-carro-novo\\\/\"},\"wordCount\":552,\"publisher\":{\"@id\":\"https:\\\/\\\/jornaldasoficinas.com\\\/pt\\\/#organization\"},\"image\":{\"@id\":\"https:\\\/\\\/jornaldasoficinas.com\\\/pt\\\/portugueses-pensam-duas-vezes-antes-de-comprarem-carro-novo\\\/#primaryimage\"},\"thumbnailUrl\":\"https:\\\/\\\/jornaldasoficinas.com\\\/pt\\\/wp-content\\\/uploads\\\/2023\\\/03\\\/Portugueses-pensam-duas-vezes-antes-de-comprarem-carro-novo-1.jpeg\",\"keywords\":[\"Comprar carro novo\",\"Infla\u00e7\u00e3o\",\"Observador Cetelem\",\"Pre\u00e7o das carros\"],\"articleSection\":[\"Mercado\"],\"inLanguage\":\"pt-PT\"},{\"@type\":\"WebPage\",\"@id\":\"https:\\\/\\\/jornaldasoficinas.com\\\/pt\\\/portugueses-pensam-duas-vezes-antes-de-comprarem-carro-novo\\\/\",\"url\":\"https:\\\/\\\/jornaldasoficinas.com\\\/pt\\\/portugueses-pensam-duas-vezes-antes-de-comprarem-carro-novo\\\/\",\"name\":\"Portugueses pensam duas vezes antes de comprarem carro novo - Jornal das Oficinas\",\"isPartOf\":{\"@id\":\"https:\\\/\\\/jornaldasoficinas.com\\\/pt\\\/#website\"},\"primaryImageOfPage\":{\"@id\":\"https:\\\/\\\/jornaldasoficinas.com\\\/pt\\\/portugueses-pensam-duas-vezes-antes-de-comprarem-carro-novo\\\/#primaryimage\"},\"image\":{\"@id\":\"https:\\\/\\\/jornaldasoficinas.com\\\/pt\\\/portugueses-pensam-duas-vezes-antes-de-comprarem-carro-novo\\\/#primaryimage\"},\"thumbnailUrl\":\"https:\\\/\\\/jornaldasoficinas.com\\\/pt\\\/wp-content\\\/uploads\\\/2023\\\/03\\\/Portugueses-pensam-duas-vezes-antes-de-comprarem-carro-novo-1.jpeg\",\"datePublished\":\"2023-03-09T20:00:08+00:00\",\"description\":\"Os pre\u00e7os dos carros em Portugal, tal como aconteceu com os restantes produtos e servi\u00e7os, n\u00e3o escaparam \u00e0 infla\u00e7\u00e3o.\",\"breadcrumb\":{\"@id\":\"https:\\\/\\\/jornaldasoficinas.com\\\/pt\\\/portugueses-pensam-duas-vezes-antes-de-comprarem-carro-novo\\\/#breadcrumb\"},\"inLanguage\":\"pt-PT\",\"potentialAction\":[{\"@type\":\"ReadAction\",\"target\":[\"https:\\\/\\\/jornaldasoficinas.com\\\/pt\\\/portugueses-pensam-duas-vezes-antes-de-comprarem-carro-novo\\\/\"]}]},{\"@type\":\"ImageObject\",\"inLanguage\":\"pt-PT\",\"@id\":\"https:\\\/\\\/jornaldasoficinas.com\\\/pt\\\/portugueses-pensam-duas-vezes-antes-de-comprarem-carro-novo\\\/#primaryimage\",\"url\":\"https:\\\/\\\/jornaldasoficinas.com\\\/pt\\\/wp-content\\\/uploads\\\/2023\\\/03\\\/Portugueses-pensam-duas-vezes-antes-de-comprarem-carro-novo-1.jpeg\",\"contentUrl\":\"https:\\\/\\\/jornaldasoficinas.com\\\/pt\\\/wp-content\\\/uploads\\\/2023\\\/03\\\/Portugueses-pensam-duas-vezes-antes-de-comprarem-carro-novo-1.jpeg\",\"width\":1024,\"height\":581,\"caption\":\"03 - Portugueses pensam duas vezes antes de comprarem carro novo 1\"},{\"@type\":\"BreadcrumbList\",\"@id\":\"https:\\\/\\\/jornaldasoficinas.com\\\/pt\\\/portugueses-pensam-duas-vezes-antes-de-comprarem-carro-novo\\\/#breadcrumb\",\"itemListElement\":[{\"@type\":\"ListItem\",\"position\":1,\"name\":\"In\u00edcio\",\"item\":\"https:\\\/\\\/jornaldasoficinas.com\\\/pt\\\/\"},{\"@type\":\"ListItem\",\"position\":2,\"name\":\"Portugueses pensam duas vezes antes de comprarem carro novo\"}]},{\"@type\":\"WebSite\",\"@id\":\"https:\\\/\\\/jornaldasoficinas.com\\\/pt\\\/#website\",\"url\":\"https:\\\/\\\/jornaldasoficinas.com\\\/pt\\\/\",\"name\":\"Jornal das Oficinas\",\"description\":\"Jornal independente do Aftermarket Autom\u00f3vel em Portugal\",\"publisher\":{\"@id\":\"https:\\\/\\\/jornaldasoficinas.com\\\/pt\\\/#organization\"},\"potentialAction\":[{\"@type\":\"SearchAction\",\"target\":{\"@type\":\"EntryPoint\",\"urlTemplate\":\"https:\\\/\\\/jornaldasoficinas.com\\\/pt\\\/?s={search_term_string}\"},\"query-input\":{\"@type\":\"PropertyValueSpecification\",\"valueRequired\":true,\"valueName\":\"search_term_string\"}}],\"inLanguage\":\"pt-PT\"},{\"@type\":\"Organization\",\"@id\":\"https:\\\/\\\/jornaldasoficinas.com\\\/pt\\\/#organization\",\"name\":\"Jornal das Oficinas\",\"url\":\"https:\\\/\\\/jornaldasoficinas.com\\\/pt\\\/\",\"logo\":{\"@type\":\"ImageObject\",\"inLanguage\":\"pt-PT\",\"@id\":\"https:\\\/\\\/jornaldasoficinas.com\\\/pt\\\/#\\\/schema\\\/logo\\\/image\\\/\",\"url\":\"https:\\\/\\\/jornaldasoficinas.com\\\/pt\\\/wp-content\\\/uploads\\\/logoJO-SEO.png\",\"contentUrl\":\"https:\\\/\\\/jornaldasoficinas.com\\\/pt\\\/wp-content\\\/uploads\\\/logoJO-SEO.png\",\"width\":285,\"height\":450,\"caption\":\"Jornal das Oficinas\"},\"image\":{\"@id\":\"https:\\\/\\\/jornaldasoficinas.com\\\/pt\\\/#\\\/schema\\\/logo\\\/image\\\/\"},\"sameAs\":[\"https:\\\/\\\/www.facebook.com\\\/jornaloficinas\",\"https:\\\/\\\/x.com\\\/jornaloficinas\",\"https:\\\/\\\/www.instagram.com\\\/jornal_oficinas\\\/\",\"https:\\\/\\\/www.linkedin.com\\\/company\\\/jornal-das-oficinas\\\/\",\"https:\\\/\\\/www.youtube.com\\\/channel\\\/UCbQZBqtcvV-oSQrr7RzINGg\"]},{\"@type\":\"Person\",\"@id\":\"https:\\\/\\\/jornaldasoficinas.com\\\/pt\\\/#\\\/schema\\\/person\\\/a38eef5de2c41d9e7c9ac10141afddf3\",\"name\":\"Reda\u00e7\u00e3o JO\",\"image\":{\"@type\":\"ImageObject\",\"inLanguage\":\"pt-PT\",\"@id\":\"https:\\\/\\\/secure.gravatar.com\\\/avatar\\\/71f2fa71737ad68a84fea94bc708ddac8ea5b0c4788dc2ad202f3ccb2887742f?s=96&d=wp_user_avatar&r=g\",\"url\":\"https:\\\/\\\/secure.gravatar.com\\\/avatar\\\/71f2fa71737ad68a84fea94bc708ddac8ea5b0c4788dc2ad202f3ccb2887742f?s=96&d=wp_user_avatar&r=g\",\"contentUrl\":\"https:\\\/\\\/secure.gravatar.com\\\/avatar\\\/71f2fa71737ad68a84fea94bc708ddac8ea5b0c4788dc2ad202f3ccb2887742f?s=96&d=wp_user_avatar&r=g\",\"caption\":\"Reda\u00e7\u00e3o JO\"},\"url\":\"https:\\\/\\\/jornaldasoficinas.com\\\/pt\\\/author\\\/joredacao\\\/\"}]}<\/script>\n<!-- \/ Yoast SEO plugin. -->","yoast_head_json":{"title":"Portugueses pensam duas vezes antes de comprarem carro novo - Jornal das Oficinas","description":"Os pre\u00e7os dos carros em Portugal, tal como aconteceu com os restantes produtos e servi\u00e7os, n\u00e3o escaparam \u00e0 infla\u00e7\u00e3o.","robots":{"index":"index","follow":"follow","max-snippet":"max-snippet:-1","max-image-preview":"max-image-preview:large","max-video-preview":"max-video-preview:-1"},"canonical":"https:\/\/jornaldasoficinas.com\/pt\/portugueses-pensam-duas-vezes-antes-de-comprarem-carro-novo\/","og_locale":"pt_PT","og_type":"article","og_title":"Portugueses pensam duas vezes antes de comprarem carro novo - Jornal das Oficinas","og_description":"Os pre\u00e7os dos carros em Portugal, tal como aconteceu com os restantes produtos e servi\u00e7os, n\u00e3o escaparam \u00e0 infla\u00e7\u00e3o.","og_url":"https:\/\/jornaldasoficinas.com\/pt\/portugueses-pensam-duas-vezes-antes-de-comprarem-carro-novo\/","og_site_name":"Jornal das Oficinas","article_publisher":"https:\/\/www.facebook.com\/jornaloficinas","article_published_time":"2023-03-09T20:00:08+00:00","og_image":[{"width":1024,"height":581,"url":"https:\/\/jornaldasoficinas.com\/pt\/wp-content\/uploads\/2023\/03\/Portugueses-pensam-duas-vezes-antes-de-comprarem-carro-novo-1.jpeg","type":"image\/jpeg"}],"author":"Reda\u00e7\u00e3o JO","twitter_card":"summary_large_image","twitter_creator":"@jornaloficinas","twitter_site":"@jornaloficinas","twitter_misc":{"Escrito por":"Reda\u00e7\u00e3o JO","Tempo estimado de leitura":"3 minutos"},"schema":{"@context":"https:\/\/schema.org","@graph":[{"@type":"Article","@id":"https:\/\/jornaldasoficinas.com\/pt\/portugueses-pensam-duas-vezes-antes-de-comprarem-carro-novo\/#article","isPartOf":{"@id":"https:\/\/jornaldasoficinas.com\/pt\/portugueses-pensam-duas-vezes-antes-de-comprarem-carro-novo\/"},"author":{"name":"Reda\u00e7\u00e3o JO","@id":"https:\/\/jornaldasoficinas.com\/pt\/#\/schema\/person\/a38eef5de2c41d9e7c9ac10141afddf3"},"headline":"Portugueses pensam duas vezes antes de comprarem carro novo","datePublished":"2023-03-09T20:00:08+00:00","mainEntityOfPage":{"@id":"https:\/\/jornaldasoficinas.com\/pt\/portugueses-pensam-duas-vezes-antes-de-comprarem-carro-novo\/"},"wordCount":552,"publisher":{"@id":"https:\/\/jornaldasoficinas.com\/pt\/#organization"},"image":{"@id":"https:\/\/jornaldasoficinas.com\/pt\/portugueses-pensam-duas-vezes-antes-de-comprarem-carro-novo\/#primaryimage"},"thumbnailUrl":"https:\/\/jornaldasoficinas.com\/pt\/wp-content\/uploads\/2023\/03\/Portugueses-pensam-duas-vezes-antes-de-comprarem-carro-novo-1.jpeg","keywords":["Comprar carro novo","Infla\u00e7\u00e3o","Observador Cetelem","Pre\u00e7o das carros"],"articleSection":["Mercado"],"inLanguage":"pt-PT"},{"@type":"WebPage","@id":"https:\/\/jornaldasoficinas.com\/pt\/portugueses-pensam-duas-vezes-antes-de-comprarem-carro-novo\/","url":"https:\/\/jornaldasoficinas.com\/pt\/portugueses-pensam-duas-vezes-antes-de-comprarem-carro-novo\/","name":"Portugueses pensam duas vezes antes de comprarem carro novo - Jornal das Oficinas","isPartOf":{"@id":"https:\/\/jornaldasoficinas.com\/pt\/#website"},"primaryImageOfPage":{"@id":"https:\/\/jornaldasoficinas.com\/pt\/portugueses-pensam-duas-vezes-antes-de-comprarem-carro-novo\/#primaryimage"},"image":{"@id":"https:\/\/jornaldasoficinas.com\/pt\/portugueses-pensam-duas-vezes-antes-de-comprarem-carro-novo\/#primaryimage"},"thumbnailUrl":"https:\/\/jornaldasoficinas.com\/pt\/wp-content\/uploads\/2023\/03\/Portugueses-pensam-duas-vezes-antes-de-comprarem-carro-novo-1.jpeg","datePublished":"2023-03-09T20:00:08+00:00","description":"Os pre\u00e7os dos carros em Portugal, tal como aconteceu com os restantes produtos e servi\u00e7os, n\u00e3o escaparam \u00e0 infla\u00e7\u00e3o.","breadcrumb":{"@id":"https:\/\/jornaldasoficinas.com\/pt\/portugueses-pensam-duas-vezes-antes-de-comprarem-carro-novo\/#breadcrumb"},"inLanguage":"pt-PT","potentialAction":[{"@type":"ReadAction","target":["https:\/\/jornaldasoficinas.com\/pt\/portugueses-pensam-duas-vezes-antes-de-comprarem-carro-novo\/"]}]},{"@type":"ImageObject","inLanguage":"pt-PT","@id":"https:\/\/jornaldasoficinas.com\/pt\/portugueses-pensam-duas-vezes-antes-de-comprarem-carro-novo\/#primaryimage","url":"https:\/\/jornaldasoficinas.com\/pt\/wp-content\/uploads\/2023\/03\/Portugueses-pensam-duas-vezes-antes-de-comprarem-carro-novo-1.jpeg","contentUrl":"https:\/\/jornaldasoficinas.com\/pt\/wp-content\/uploads\/2023\/03\/Portugueses-pensam-duas-vezes-antes-de-comprarem-carro-novo-1.jpeg","width":1024,"height":581,"caption":"03 - Portugueses pensam duas vezes antes de comprarem carro novo 1"},{"@type":"BreadcrumbList","@id":"https:\/\/jornaldasoficinas.com\/pt\/portugueses-pensam-duas-vezes-antes-de-comprarem-carro-novo\/#breadcrumb","itemListElement":[{"@type":"ListItem","position":1,"name":"In\u00edcio","item":"https:\/\/jornaldasoficinas.com\/pt\/"},{"@type":"ListItem","position":2,"name":"Portugueses pensam duas vezes antes de comprarem carro novo"}]},{"@type":"WebSite","@id":"https:\/\/jornaldasoficinas.com\/pt\/#website","url":"https:\/\/jornaldasoficinas.com\/pt\/","name":"Jornal das Oficinas","description":"Jornal independente do Aftermarket Autom\u00f3vel em Portugal","publisher":{"@id":"https:\/\/jornaldasoficinas.com\/pt\/#organization"},"potentialAction":[{"@type":"SearchAction","target":{"@type":"EntryPoint","urlTemplate":"https:\/\/jornaldasoficinas.com\/pt\/?s={search_term_string}"},"query-input":{"@type":"PropertyValueSpecification","valueRequired":true,"valueName":"search_term_string"}}],"inLanguage":"pt-PT"},{"@type":"Organization","@id":"https:\/\/jornaldasoficinas.com\/pt\/#organization","name":"Jornal das Oficinas","url":"https:\/\/jornaldasoficinas.com\/pt\/","logo":{"@type":"ImageObject","inLanguage":"pt-PT","@id":"https:\/\/jornaldasoficinas.com\/pt\/#\/schema\/logo\/image\/","url":"https:\/\/jornaldasoficinas.com\/pt\/wp-content\/uploads\/logoJO-SEO.png","contentUrl":"https:\/\/jornaldasoficinas.com\/pt\/wp-content\/uploads\/logoJO-SEO.png","width":285,"height":450,"caption":"Jornal das Oficinas"},"image":{"@id":"https:\/\/jornaldasoficinas.com\/pt\/#\/schema\/logo\/image\/"},"sameAs":["https:\/\/www.facebook.com\/jornaloficinas","https:\/\/x.com\/jornaloficinas","https:\/\/www.instagram.com\/jornal_oficinas\/","https:\/\/www.linkedin.com\/company\/jornal-das-oficinas\/","https:\/\/www.youtube.com\/channel\/UCbQZBqtcvV-oSQrr7RzINGg"]},{"@type":"Person","@id":"https:\/\/jornaldasoficinas.com\/pt\/#\/schema\/person\/a38eef5de2c41d9e7c9ac10141afddf3","name":"Reda\u00e7\u00e3o JO","image":{"@type":"ImageObject","inLanguage":"pt-PT","@id":"https:\/\/secure.gravatar.com\/avatar\/71f2fa71737ad68a84fea94bc708ddac8ea5b0c4788dc2ad202f3ccb2887742f?s=96&d=wp_user_avatar&r=g","url":"https:\/\/secure.gravatar.com\/avatar\/71f2fa71737ad68a84fea94bc708ddac8ea5b0c4788dc2ad202f3ccb2887742f?s=96&d=wp_user_avatar&r=g","contentUrl":"https:\/\/secure.gravatar.com\/avatar\/71f2fa71737ad68a84fea94bc708ddac8ea5b0c4788dc2ad202f3ccb2887742f?s=96&d=wp_user_avatar&r=g","caption":"Reda\u00e7\u00e3o JO"},"url":"https:\/\/jornaldasoficinas.com\/pt\/author\/joredacao\/"}]}},"_links":{"self":[{"href":"https:\/\/jornaldasoficinas.com\/pt\/wp-json\/wp\/v2\/posts\/63252","targetHints":{"allow":["GET"]}}],"collection":[{"href":"https:\/\/jornaldasoficinas.com\/pt\/wp-json\/wp\/v2\/posts"}],"about":[{"href":"https:\/\/jornaldasoficinas.com\/pt\/wp-json\/wp\/v2\/types\/post"}],"author":[{"embeddable":true,"href":"https:\/\/jornaldasoficinas.com\/pt\/wp-json\/wp\/v2\/users\/15"}],"replies":[{"embeddable":true,"href":"https:\/\/jornaldasoficinas.com\/pt\/wp-json\/wp\/v2\/comments?post=63252"}],"version-history":[{"count":0,"href":"https:\/\/jornaldasoficinas.com\/pt\/wp-json\/wp\/v2\/posts\/63252\/revisions"}],"wp:featuredmedia":[{"embeddable":true,"href":"https:\/\/jornaldasoficinas.com\/pt\/wp-json\/wp\/v2\/media\/63196"}],"wp:attachment":[{"href":"https:\/\/jornaldasoficinas.com\/pt\/wp-json\/wp\/v2\/media?parent=63252"}],"wp:term":[{"taxonomy":"category","embeddable":true,"href":"https:\/\/jornaldasoficinas.com\/pt\/wp-json\/wp\/v2\/categories?post=63252"},{"taxonomy":"post_tag","embeddable":true,"href":"https:\/\/jornaldasoficinas.com\/pt\/wp-json\/wp\/v2\/tags?post=63252"}],"curies":[{"name":"wp","href":"https:\/\/api.w.org\/{rel}","templated":true}]}}