{"id":63420,"date":"2023-03-13T18:00:56","date_gmt":"2023-03-13T18:00:56","guid":{"rendered":"https:\/\/jornaldasoficinas.com\/pt\/?p=63420"},"modified":"2023-03-15T00:09:52","modified_gmt":"2023-03-15T00:09:52","slug":"ter-carro-e-um-luxo-ou-uma-necessidade","status":"publish","type":"post","link":"https:\/\/jornaldasoficinas.com\/pt\/ter-carro-e-um-luxo-ou-uma-necessidade\/","title":{"rendered":"Ter carro \u00e9 um luxo ou uma necessidade?"},"content":{"rendered":"<p><img loading=\"lazy\" decoding=\"async\" class=\"alignnone size-full wp-image-63391\" src=\"https:\/\/jornaldasoficinas.com\/pt\/wp-content\/uploads\/2023\/03\/Ter-carro-e-um-luxo-ou-uma-necessidade-.jpeg\" alt=\"03 - Ter carro e um luxo ou uma necessidade \" width=\"1024\" height=\"581\" srcset=\"https:\/\/jornaldasoficinas.com\/pt\/wp-content\/uploads\/2023\/03\/Ter-carro-e-um-luxo-ou-uma-necessidade-.jpeg 1024w, https:\/\/jornaldasoficinas.com\/pt\/wp-content\/uploads\/2023\/03\/Ter-carro-e-um-luxo-ou-uma-necessidade--300x170.jpeg 300w, https:\/\/jornaldasoficinas.com\/pt\/wp-content\/uploads\/2023\/03\/Ter-carro-e-um-luxo-ou-uma-necessidade--150x85.jpeg 150w, https:\/\/jornaldasoficinas.com\/pt\/wp-content\/uploads\/2023\/03\/Ter-carro-e-um-luxo-ou-uma-necessidade--768x436.jpeg 768w\" sizes=\"auto, (max-width: 1024px) 100vw, 1024px\" \/><\/p>\n<p><strong>De acordo com o novo estudo do\u00a0<a href=\"https:\/\/www.cetelem.pt\/o-observador\" target=\"_blank\" rel=\"noopener\">Observador Cetelem<\/a> Autom\u00f3vel 2023,\u00a0para a maioria dos condutores portugueses (52%) o custo de utiliza\u00e7\u00e3o dos ve\u00edculos \u00e9 elevado, sendo que, no que respeita aos custos anuais de utiliza\u00e7\u00e3o, os portugueses que s\u00e3o propriet\u00e1rios de pelo menos um carro, gastam em m\u00e9dia 2.258 euros por ano, o que equivale a 188 euros por m\u00eas<\/strong><\/p>\n<p>Na hora de comprar um carro, n\u00e3o basta apenas ter disponibilidade financeira para tal, \u00e9 necess\u00e1rio ter tamb\u00e9m em conta outras despesas que adv\u00eam da utiliza\u00e7\u00e3o do ve\u00edculo. Tudo somado, pode sair muito caro aos portugueses. E enquanto uns podem abdicar da sua compra, ou diminuir a sua utiliza\u00e7\u00e3o di\u00e1ria, outros n\u00e3o t\u00eam outra op\u00e7\u00e3o a n\u00e3o ser a sua utiliza\u00e7\u00e3o di\u00e1ria. Mas como \u00e9 que estes aumentos est\u00e3o a ser encarados pelos propriet\u00e1rios? E quais as alternativas que estes encontram para fazer face a esta situa\u00e7\u00e3o?\u00a0Ter carro est\u00e1 a tornar-se um luxo?<\/p>\n<p>Quase todas as semanas os pre\u00e7os dos combust\u00edveis sofrem oscila\u00e7\u00f5es. No entanto, h\u00e1 uma opini\u00e3o que se mant\u00e9m fixa: os pre\u00e7os dos combust\u00edveis s\u00e3o elevados. A afirma\u00e7\u00e3o \u00e9 clara: segundo os dados do Observador Cetelem,\u00a0em Portugal,\u00a073% consideram os pre\u00e7os dos combust\u00edveis elevados, sendo que, por m\u00eas, \u00e0 data do inqu\u00e9rito, os\u00a0portugueses gastavam em m\u00e9dia 121 euros\u00a0\u2013 menos 20 euros face \u00e0 m\u00e9dia europeia e menos 12 euros face \u00e0 m\u00e9dia global. Na europa, s\u00f3 os polacos pagam menos mensalmente, cerca de 112 euros. Por outro lado, os belgas (165 euros) s\u00e3o os que pagam mais.<\/p>\n<p><strong>Seguros e manuten\u00e7\u00e3o ainda considerados razo\u00e1veis<br \/>\n<\/strong>No que respeita aos seguros, neste estudo,\u00a0os pre\u00e7os s\u00e3o considerados elevados por 4 em cada 10 portugueses,\u00a0gastando estes em m\u00e9dia cerca de 337 euros por ano com o seguro, menos do que os 572 euros em m\u00e9dia gastos a n\u00edvel europeu e global. Na europa 1 em cada 2 condutores partilha da mesma opini\u00e3o, existindo v\u00e1rios pa\u00edses europeus onde as opini\u00f5es negativas representam a maioria. Este \u00e9 particularmente o caso na B\u00e9lgica e na Noruega.<\/p>\n<p>Em rela\u00e7\u00e3o \u00e0 manuten\u00e7\u00e3o e repara\u00e7\u00e3o, as opini\u00f5es dos condutores s\u00e3o semelhantes, com\u00a04 em cada 10 dos portugueses (43%) e dos inquiridos em geral a consideram estes custos demasiado elevados. Na europa, os espanh\u00f3is (48%) s\u00e3o os mais cr\u00edticos relativamente a estes custos, assim como os belgas (46%) e franceses (45%). Segue-se Portugal, It\u00e1lia e Pol\u00f3nia com 43% dos inquiridos a concordarem com essa afirma\u00e7\u00e3o.<\/p>\n<p><strong>\u00c9 priorit\u00e1rio reduzir custos, a todo o custo<br \/>\n<\/strong>Perante esta situa\u00e7\u00e3o de aumento de custos, os condutores n\u00e3o deixaram de reagir, com\u00a06 em cada 10 portugueses a tomar medidas para limitar os custos de utiliza\u00e7\u00e3o dos seus ve\u00edculos.\u00a0A vontade de limitar os custos observa-se mais fortemente em 4 pa\u00edses com economias mais fr\u00e1geis \u2013 Turquia (78%), \u00c1frica do Sul, Brasil e M\u00e9xico (74% respetivamente).<\/p>\n<p>Relativamente \u00e0s\u00a0medidas tomadas pelos portugueses, os dados do Observador Cetelem Auto revelam que\u00a0a prioridade \u00e9 mesmo reduzir as despesas do combust\u00edvel (61%),\u00a0seguindo-se as\u00a0despesas relacionadas com as portagens (28%), com a\u00a0assist\u00eancia e manuten\u00e7\u00e3o (27%), com\u00a0estacionamentos (24%)\u00a0e, por fim, com o\u00a0seguro (20%). A n\u00edvel global, as prioridades t\u00eam uma ligeira varia\u00e7\u00e3o:\u00a0para 65% dos entrevistados, a primeira coisa a fazer \u00e9 reduzir o or\u00e7amento do combust\u00edvel, mas depois segue-se a vontade de atuar ao n\u00edvel da manuten\u00e7\u00e3o e dos seguros dos ve\u00edculos.<\/p>\n<p><strong>Quais as solu\u00e7\u00f5es encontradas para reduzir custos de combust\u00edvel, manuten\u00e7\u00e3o e seguro?<br \/>\n<\/strong>Para diminuir os custos com os combust\u00edveis, a primeira solu\u00e7\u00e3o encontrada pelos portugueses \u00e9 dr\u00e1stica: circular menos. Neste sentido,\u00a07 em cada 10 portugueses afirmam que j\u00e1 abdicaram de andar de carro\u00a0\u2013 um valor superior ao registado a n\u00edvel mundial (6 em cada 10). Ainda assim, em pa\u00edses com economias mais fr\u00e1geis, tais como a Turquia ou a \u00c1frica do Sul, esta propor\u00e7\u00e3o atinge quase 8 em cada 10 pessoas. Por outro lado,\u00a051% dos portugueses est\u00e3o a otimizar a sua condu\u00e7\u00e3o\u00a0(44% a m\u00e9dia global) e\u00a050% optam por comparar os pre\u00e7os dos combust\u00edveis e encontrar a esta\u00e7\u00e3o de servi\u00e7os mais barata\u00a0&#8211; 46% a n\u00edvel global.<\/p>\n<p>Ao cumprir o objetivo de eliminar custos com a manuten\u00e7\u00e3o, as redes de marcas de autom\u00f3veis s\u00e3o as primeiras a ser penalizadas:\u00a049% dos portugueses passaram a confiar a manuten\u00e7\u00e3o e repara\u00e7\u00e3o a independentes\u00a0\u2013 40% a m\u00e9dia global. E\u00a025% dos portugueses optaram por reparem eles pr\u00f3prios o seu ve\u00edculo\u00a0\u2013 30% m\u00e9dia global. J\u00e1\u00a021% dos portugueses escolheram mesmo limitar a manuten\u00e7\u00e3o\u00a0\u2013 25% m\u00e9dia global.<\/p>\n<p>Ao n\u00edvel da redu\u00e7\u00e3o de custos dos seguros, a principal solu\u00e7\u00e3o escolhida pelos\u00a0portugueses consiste em comparar ofertas (37% vs 32% a m\u00e9dia global)\u00a0e a segunda op\u00e7\u00e3o, seguida por\u00a034% dos portugueses \u00e9 renegociar o pre\u00e7o do seguro regularmente\u00a0\u2013 20% a n\u00edvel global. J\u00e1\u00a025% dos portugueses est\u00e3o a optar por limitar a prote\u00e7\u00e3o, escolhendo uma ap\u00f3lice contra terceiros\u00a0&#8211; 17% n\u00edvel global.<\/p>\n<p><strong>Comprar carro tamb\u00e9m est\u00e1 mais caro<br \/>\n<\/strong>Os portugueses somam ainda a estas despesas a atualiza\u00e7\u00e3o do Imposto Sobre Ve\u00edculos (ISV) e do Imposto \u00danico de Circula\u00e7\u00e3o (IUC) que, tal como anunciado, ser\u00e3o atualizados \u00e0 taxa da infla\u00e7\u00e3o, em 2023 \u2013 aumentando n\u00e3o s\u00f3 os custos de utiliza\u00e7\u00e3o, mas fazendo-se notar tamb\u00e9m, de acordo com a opini\u00e3o de\u00a086% dos portugueses, no aumento de pre\u00e7os das viaturas. Uma opini\u00e3o a par com a dos austr\u00edacos e italianos. Os polacos s\u00e3o, no entanto, os que mais concordam com a ideia (89%). J\u00e1 os holandeses (23%) e os noruegueses (20%) s\u00e3o os inquiridos que mais consideram que os pre\u00e7os estabilizaram.<\/p>\n","protected":false},"excerpt":{"rendered":"<p>De acordo com o novo estudo&#8230;<\/p>\n","protected":false},"author":15,"featured_media":63391,"comment_status":"closed","ping_status":"closed","sticky":false,"template":"","format":"standard","meta":{"footnotes":""},"categories":[37],"tags":[4562,4598,4595,4597,4564,1192,4596],"class_list":["post-63420","post","type-post","status-publish","format-standard","has-post-thumbnail","hentry","category-mercado","tag-custo-de-utilizacao","tag-custos-anuais","tag-custos-manutencao","tag-custos-mensais","tag-luxo-ou-necessidade","tag-observador-cetelem","tag-veiculos"],"yoast_head":"<!-- This site is optimized with the Yoast SEO plugin v27.4 - https:\/\/yoast.com\/product\/yoast-seo-wordpress\/ -->\n<title>Ter carro \u00e9 um luxo ou uma necessidade? - Jornal das Oficinas<\/title>\n<meta name=\"description\" content=\"Condutores portugueses gastam em m\u00e9dia 2.258 euros por ano, o que equivale a 188 euros por m\u00eas, com os custos anuais da sua viatura\" \/>\n<meta name=\"robots\" content=\"index, follow, max-snippet:-1, max-image-preview:large, max-video-preview:-1\" \/>\n<link rel=\"canonical\" href=\"https:\/\/jornaldasoficinas.com\/pt\/ter-carro-e-um-luxo-ou-uma-necessidade\/\" \/>\n<meta property=\"og:locale\" content=\"pt_PT\" \/>\n<meta property=\"og:type\" content=\"article\" \/>\n<meta property=\"og:title\" content=\"Ter carro \u00e9 um luxo ou uma necessidade? - Jornal das Oficinas\" \/>\n<meta property=\"og:description\" content=\"Condutores portugueses gastam em m\u00e9dia 2.258 euros por ano, o que equivale a 188 euros por m\u00eas, com os custos anuais da sua viatura\" \/>\n<meta property=\"og:url\" content=\"https:\/\/jornaldasoficinas.com\/pt\/ter-carro-e-um-luxo-ou-uma-necessidade\/\" \/>\n<meta property=\"og:site_name\" content=\"Jornal das Oficinas\" \/>\n<meta property=\"article:publisher\" content=\"https:\/\/www.facebook.com\/jornaloficinas\" \/>\n<meta property=\"article:published_time\" content=\"2023-03-13T18:00:56+00:00\" \/>\n<meta property=\"article:modified_time\" content=\"2023-03-15T00:09:52+00:00\" \/>\n<meta property=\"og:image\" content=\"https:\/\/jornaldasoficinas.com\/pt\/wp-content\/uploads\/2023\/03\/Ter-carro-e-um-luxo-ou-uma-necessidade-.jpeg\" \/>\n\t<meta property=\"og:image:width\" content=\"1024\" \/>\n\t<meta property=\"og:image:height\" content=\"581\" \/>\n\t<meta property=\"og:image:type\" content=\"image\/jpeg\" \/>\n<meta name=\"author\" content=\"Reda\u00e7\u00e3o JO\" \/>\n<meta name=\"twitter:card\" content=\"summary_large_image\" \/>\n<meta name=\"twitter:creator\" content=\"@jornaloficinas\" \/>\n<meta name=\"twitter:site\" content=\"@jornaloficinas\" \/>\n<meta name=\"twitter:label1\" content=\"Escrito por\" \/>\n\t<meta name=\"twitter:data1\" content=\"Reda\u00e7\u00e3o JO\" \/>\n\t<meta name=\"twitter:label2\" content=\"Tempo estimado de leitura\" \/>\n\t<meta name=\"twitter:data2\" content=\"5 minutos\" \/>\n<script type=\"application\/ld+json\" class=\"yoast-schema-graph\">{\"@context\":\"https:\\\/\\\/schema.org\",\"@graph\":[{\"@type\":\"Article\",\"@id\":\"https:\\\/\\\/jornaldasoficinas.com\\\/pt\\\/ter-carro-e-um-luxo-ou-uma-necessidade\\\/#article\",\"isPartOf\":{\"@id\":\"https:\\\/\\\/jornaldasoficinas.com\\\/pt\\\/ter-carro-e-um-luxo-ou-uma-necessidade\\\/\"},\"author\":{\"name\":\"Reda\u00e7\u00e3o JO\",\"@id\":\"https:\\\/\\\/jornaldasoficinas.com\\\/pt\\\/#\\\/schema\\\/person\\\/a38eef5de2c41d9e7c9ac10141afddf3\"},\"headline\":\"Ter carro \u00e9 um luxo ou uma necessidade?\",\"datePublished\":\"2023-03-13T18:00:56+00:00\",\"dateModified\":\"2023-03-15T00:09:52+00:00\",\"mainEntityOfPage\":{\"@id\":\"https:\\\/\\\/jornaldasoficinas.com\\\/pt\\\/ter-carro-e-um-luxo-ou-uma-necessidade\\\/\"},\"wordCount\":981,\"publisher\":{\"@id\":\"https:\\\/\\\/jornaldasoficinas.com\\\/pt\\\/#organization\"},\"image\":{\"@id\":\"https:\\\/\\\/jornaldasoficinas.com\\\/pt\\\/ter-carro-e-um-luxo-ou-uma-necessidade\\\/#primaryimage\"},\"thumbnailUrl\":\"https:\\\/\\\/jornaldasoficinas.com\\\/pt\\\/wp-content\\\/uploads\\\/2023\\\/03\\\/Ter-carro-e-um-luxo-ou-uma-necessidade-.jpeg\",\"keywords\":[\"custo de utiliza\u00e7\u00e3o\",\"custos anuais\",\"custos manuten\u00e7\u00e3o\",\"custos mensais\",\"luxo ou necessidade\",\"Observador Cetelem\",\"veiculos\"],\"articleSection\":[\"Mercado\"],\"inLanguage\":\"pt-PT\"},{\"@type\":\"WebPage\",\"@id\":\"https:\\\/\\\/jornaldasoficinas.com\\\/pt\\\/ter-carro-e-um-luxo-ou-uma-necessidade\\\/\",\"url\":\"https:\\\/\\\/jornaldasoficinas.com\\\/pt\\\/ter-carro-e-um-luxo-ou-uma-necessidade\\\/\",\"name\":\"Ter carro \u00e9 um luxo ou uma necessidade? - Jornal das Oficinas\",\"isPartOf\":{\"@id\":\"https:\\\/\\\/jornaldasoficinas.com\\\/pt\\\/#website\"},\"primaryImageOfPage\":{\"@id\":\"https:\\\/\\\/jornaldasoficinas.com\\\/pt\\\/ter-carro-e-um-luxo-ou-uma-necessidade\\\/#primaryimage\"},\"image\":{\"@id\":\"https:\\\/\\\/jornaldasoficinas.com\\\/pt\\\/ter-carro-e-um-luxo-ou-uma-necessidade\\\/#primaryimage\"},\"thumbnailUrl\":\"https:\\\/\\\/jornaldasoficinas.com\\\/pt\\\/wp-content\\\/uploads\\\/2023\\\/03\\\/Ter-carro-e-um-luxo-ou-uma-necessidade-.jpeg\",\"datePublished\":\"2023-03-13T18:00:56+00:00\",\"dateModified\":\"2023-03-15T00:09:52+00:00\",\"description\":\"Condutores portugueses gastam em m\u00e9dia 2.258 euros por ano, o que equivale a 188 euros por m\u00eas, com os custos anuais da sua viatura\",\"breadcrumb\":{\"@id\":\"https:\\\/\\\/jornaldasoficinas.com\\\/pt\\\/ter-carro-e-um-luxo-ou-uma-necessidade\\\/#breadcrumb\"},\"inLanguage\":\"pt-PT\",\"potentialAction\":[{\"@type\":\"ReadAction\",\"target\":[\"https:\\\/\\\/jornaldasoficinas.com\\\/pt\\\/ter-carro-e-um-luxo-ou-uma-necessidade\\\/\"]}]},{\"@type\":\"ImageObject\",\"inLanguage\":\"pt-PT\",\"@id\":\"https:\\\/\\\/jornaldasoficinas.com\\\/pt\\\/ter-carro-e-um-luxo-ou-uma-necessidade\\\/#primaryimage\",\"url\":\"https:\\\/\\\/jornaldasoficinas.com\\\/pt\\\/wp-content\\\/uploads\\\/2023\\\/03\\\/Ter-carro-e-um-luxo-ou-uma-necessidade-.jpeg\",\"contentUrl\":\"https:\\\/\\\/jornaldasoficinas.com\\\/pt\\\/wp-content\\\/uploads\\\/2023\\\/03\\\/Ter-carro-e-um-luxo-ou-uma-necessidade-.jpeg\",\"width\":1024,\"height\":581,\"caption\":\"03 - Ter carro e um luxo ou uma necessidade\"},{\"@type\":\"BreadcrumbList\",\"@id\":\"https:\\\/\\\/jornaldasoficinas.com\\\/pt\\\/ter-carro-e-um-luxo-ou-uma-necessidade\\\/#breadcrumb\",\"itemListElement\":[{\"@type\":\"ListItem\",\"position\":1,\"name\":\"In\u00edcio\",\"item\":\"https:\\\/\\\/jornaldasoficinas.com\\\/pt\\\/\"},{\"@type\":\"ListItem\",\"position\":2,\"name\":\"Ter carro \u00e9 um luxo ou uma necessidade?\"}]},{\"@type\":\"WebSite\",\"@id\":\"https:\\\/\\\/jornaldasoficinas.com\\\/pt\\\/#website\",\"url\":\"https:\\\/\\\/jornaldasoficinas.com\\\/pt\\\/\",\"name\":\"Jornal das Oficinas\",\"description\":\"Jornal independente do Aftermarket Autom\u00f3vel em Portugal\",\"publisher\":{\"@id\":\"https:\\\/\\\/jornaldasoficinas.com\\\/pt\\\/#organization\"},\"potentialAction\":[{\"@type\":\"SearchAction\",\"target\":{\"@type\":\"EntryPoint\",\"urlTemplate\":\"https:\\\/\\\/jornaldasoficinas.com\\\/pt\\\/?s={search_term_string}\"},\"query-input\":{\"@type\":\"PropertyValueSpecification\",\"valueRequired\":true,\"valueName\":\"search_term_string\"}}],\"inLanguage\":\"pt-PT\"},{\"@type\":\"Organization\",\"@id\":\"https:\\\/\\\/jornaldasoficinas.com\\\/pt\\\/#organization\",\"name\":\"Jornal das Oficinas\",\"url\":\"https:\\\/\\\/jornaldasoficinas.com\\\/pt\\\/\",\"logo\":{\"@type\":\"ImageObject\",\"inLanguage\":\"pt-PT\",\"@id\":\"https:\\\/\\\/jornaldasoficinas.com\\\/pt\\\/#\\\/schema\\\/logo\\\/image\\\/\",\"url\":\"https:\\\/\\\/jornaldasoficinas.com\\\/pt\\\/wp-content\\\/uploads\\\/logoJO-SEO.png\",\"contentUrl\":\"https:\\\/\\\/jornaldasoficinas.com\\\/pt\\\/wp-content\\\/uploads\\\/logoJO-SEO.png\",\"width\":285,\"height\":450,\"caption\":\"Jornal das Oficinas\"},\"image\":{\"@id\":\"https:\\\/\\\/jornaldasoficinas.com\\\/pt\\\/#\\\/schema\\\/logo\\\/image\\\/\"},\"sameAs\":[\"https:\\\/\\\/www.facebook.com\\\/jornaloficinas\",\"https:\\\/\\\/x.com\\\/jornaloficinas\",\"https:\\\/\\\/www.instagram.com\\\/jornal_oficinas\\\/\",\"https:\\\/\\\/www.linkedin.com\\\/company\\\/jornal-das-oficinas\\\/\",\"https:\\\/\\\/www.youtube.com\\\/channel\\\/UCbQZBqtcvV-oSQrr7RzINGg\"]},{\"@type\":\"Person\",\"@id\":\"https:\\\/\\\/jornaldasoficinas.com\\\/pt\\\/#\\\/schema\\\/person\\\/a38eef5de2c41d9e7c9ac10141afddf3\",\"name\":\"Reda\u00e7\u00e3o JO\",\"image\":{\"@type\":\"ImageObject\",\"inLanguage\":\"pt-PT\",\"@id\":\"https:\\\/\\\/secure.gravatar.com\\\/avatar\\\/71f2fa71737ad68a84fea94bc708ddac8ea5b0c4788dc2ad202f3ccb2887742f?s=96&d=wp_user_avatar&r=g\",\"url\":\"https:\\\/\\\/secure.gravatar.com\\\/avatar\\\/71f2fa71737ad68a84fea94bc708ddac8ea5b0c4788dc2ad202f3ccb2887742f?s=96&d=wp_user_avatar&r=g\",\"contentUrl\":\"https:\\\/\\\/secure.gravatar.com\\\/avatar\\\/71f2fa71737ad68a84fea94bc708ddac8ea5b0c4788dc2ad202f3ccb2887742f?s=96&d=wp_user_avatar&r=g\",\"caption\":\"Reda\u00e7\u00e3o JO\"},\"url\":\"https:\\\/\\\/jornaldasoficinas.com\\\/pt\\\/author\\\/joredacao\\\/\"}]}<\/script>\n<!-- \/ Yoast SEO plugin. -->","yoast_head_json":{"title":"Ter carro \u00e9 um luxo ou uma necessidade? - Jornal das Oficinas","description":"Condutores portugueses gastam em m\u00e9dia 2.258 euros por ano, o que equivale a 188 euros por m\u00eas, com os custos anuais da sua viatura","robots":{"index":"index","follow":"follow","max-snippet":"max-snippet:-1","max-image-preview":"max-image-preview:large","max-video-preview":"max-video-preview:-1"},"canonical":"https:\/\/jornaldasoficinas.com\/pt\/ter-carro-e-um-luxo-ou-uma-necessidade\/","og_locale":"pt_PT","og_type":"article","og_title":"Ter carro \u00e9 um luxo ou uma necessidade? - Jornal das Oficinas","og_description":"Condutores portugueses gastam em m\u00e9dia 2.258 euros por ano, o que equivale a 188 euros por m\u00eas, com os custos anuais da sua viatura","og_url":"https:\/\/jornaldasoficinas.com\/pt\/ter-carro-e-um-luxo-ou-uma-necessidade\/","og_site_name":"Jornal das Oficinas","article_publisher":"https:\/\/www.facebook.com\/jornaloficinas","article_published_time":"2023-03-13T18:00:56+00:00","article_modified_time":"2023-03-15T00:09:52+00:00","og_image":[{"width":1024,"height":581,"url":"https:\/\/jornaldasoficinas.com\/pt\/wp-content\/uploads\/2023\/03\/Ter-carro-e-um-luxo-ou-uma-necessidade-.jpeg","type":"image\/jpeg"}],"author":"Reda\u00e7\u00e3o JO","twitter_card":"summary_large_image","twitter_creator":"@jornaloficinas","twitter_site":"@jornaloficinas","twitter_misc":{"Escrito por":"Reda\u00e7\u00e3o JO","Tempo estimado de leitura":"5 minutos"},"schema":{"@context":"https:\/\/schema.org","@graph":[{"@type":"Article","@id":"https:\/\/jornaldasoficinas.com\/pt\/ter-carro-e-um-luxo-ou-uma-necessidade\/#article","isPartOf":{"@id":"https:\/\/jornaldasoficinas.com\/pt\/ter-carro-e-um-luxo-ou-uma-necessidade\/"},"author":{"name":"Reda\u00e7\u00e3o JO","@id":"https:\/\/jornaldasoficinas.com\/pt\/#\/schema\/person\/a38eef5de2c41d9e7c9ac10141afddf3"},"headline":"Ter carro \u00e9 um luxo ou uma necessidade?","datePublished":"2023-03-13T18:00:56+00:00","dateModified":"2023-03-15T00:09:52+00:00","mainEntityOfPage":{"@id":"https:\/\/jornaldasoficinas.com\/pt\/ter-carro-e-um-luxo-ou-uma-necessidade\/"},"wordCount":981,"publisher":{"@id":"https:\/\/jornaldasoficinas.com\/pt\/#organization"},"image":{"@id":"https:\/\/jornaldasoficinas.com\/pt\/ter-carro-e-um-luxo-ou-uma-necessidade\/#primaryimage"},"thumbnailUrl":"https:\/\/jornaldasoficinas.com\/pt\/wp-content\/uploads\/2023\/03\/Ter-carro-e-um-luxo-ou-uma-necessidade-.jpeg","keywords":["custo de utiliza\u00e7\u00e3o","custos anuais","custos manuten\u00e7\u00e3o","custos mensais","luxo ou necessidade","Observador Cetelem","veiculos"],"articleSection":["Mercado"],"inLanguage":"pt-PT"},{"@type":"WebPage","@id":"https:\/\/jornaldasoficinas.com\/pt\/ter-carro-e-um-luxo-ou-uma-necessidade\/","url":"https:\/\/jornaldasoficinas.com\/pt\/ter-carro-e-um-luxo-ou-uma-necessidade\/","name":"Ter carro \u00e9 um luxo ou uma necessidade? - Jornal das Oficinas","isPartOf":{"@id":"https:\/\/jornaldasoficinas.com\/pt\/#website"},"primaryImageOfPage":{"@id":"https:\/\/jornaldasoficinas.com\/pt\/ter-carro-e-um-luxo-ou-uma-necessidade\/#primaryimage"},"image":{"@id":"https:\/\/jornaldasoficinas.com\/pt\/ter-carro-e-um-luxo-ou-uma-necessidade\/#primaryimage"},"thumbnailUrl":"https:\/\/jornaldasoficinas.com\/pt\/wp-content\/uploads\/2023\/03\/Ter-carro-e-um-luxo-ou-uma-necessidade-.jpeg","datePublished":"2023-03-13T18:00:56+00:00","dateModified":"2023-03-15T00:09:52+00:00","description":"Condutores portugueses gastam em m\u00e9dia 2.258 euros por ano, o que equivale a 188 euros por m\u00eas, com os custos anuais da sua viatura","breadcrumb":{"@id":"https:\/\/jornaldasoficinas.com\/pt\/ter-carro-e-um-luxo-ou-uma-necessidade\/#breadcrumb"},"inLanguage":"pt-PT","potentialAction":[{"@type":"ReadAction","target":["https:\/\/jornaldasoficinas.com\/pt\/ter-carro-e-um-luxo-ou-uma-necessidade\/"]}]},{"@type":"ImageObject","inLanguage":"pt-PT","@id":"https:\/\/jornaldasoficinas.com\/pt\/ter-carro-e-um-luxo-ou-uma-necessidade\/#primaryimage","url":"https:\/\/jornaldasoficinas.com\/pt\/wp-content\/uploads\/2023\/03\/Ter-carro-e-um-luxo-ou-uma-necessidade-.jpeg","contentUrl":"https:\/\/jornaldasoficinas.com\/pt\/wp-content\/uploads\/2023\/03\/Ter-carro-e-um-luxo-ou-uma-necessidade-.jpeg","width":1024,"height":581,"caption":"03 - Ter carro e um luxo ou uma necessidade"},{"@type":"BreadcrumbList","@id":"https:\/\/jornaldasoficinas.com\/pt\/ter-carro-e-um-luxo-ou-uma-necessidade\/#breadcrumb","itemListElement":[{"@type":"ListItem","position":1,"name":"In\u00edcio","item":"https:\/\/jornaldasoficinas.com\/pt\/"},{"@type":"ListItem","position":2,"name":"Ter carro \u00e9 um luxo ou uma necessidade?"}]},{"@type":"WebSite","@id":"https:\/\/jornaldasoficinas.com\/pt\/#website","url":"https:\/\/jornaldasoficinas.com\/pt\/","name":"Jornal das Oficinas","description":"Jornal independente do Aftermarket Autom\u00f3vel em Portugal","publisher":{"@id":"https:\/\/jornaldasoficinas.com\/pt\/#organization"},"potentialAction":[{"@type":"SearchAction","target":{"@type":"EntryPoint","urlTemplate":"https:\/\/jornaldasoficinas.com\/pt\/?s={search_term_string}"},"query-input":{"@type":"PropertyValueSpecification","valueRequired":true,"valueName":"search_term_string"}}],"inLanguage":"pt-PT"},{"@type":"Organization","@id":"https:\/\/jornaldasoficinas.com\/pt\/#organization","name":"Jornal das Oficinas","url":"https:\/\/jornaldasoficinas.com\/pt\/","logo":{"@type":"ImageObject","inLanguage":"pt-PT","@id":"https:\/\/jornaldasoficinas.com\/pt\/#\/schema\/logo\/image\/","url":"https:\/\/jornaldasoficinas.com\/pt\/wp-content\/uploads\/logoJO-SEO.png","contentUrl":"https:\/\/jornaldasoficinas.com\/pt\/wp-content\/uploads\/logoJO-SEO.png","width":285,"height":450,"caption":"Jornal das Oficinas"},"image":{"@id":"https:\/\/jornaldasoficinas.com\/pt\/#\/schema\/logo\/image\/"},"sameAs":["https:\/\/www.facebook.com\/jornaloficinas","https:\/\/x.com\/jornaloficinas","https:\/\/www.instagram.com\/jornal_oficinas\/","https:\/\/www.linkedin.com\/company\/jornal-das-oficinas\/","https:\/\/www.youtube.com\/channel\/UCbQZBqtcvV-oSQrr7RzINGg"]},{"@type":"Person","@id":"https:\/\/jornaldasoficinas.com\/pt\/#\/schema\/person\/a38eef5de2c41d9e7c9ac10141afddf3","name":"Reda\u00e7\u00e3o JO","image":{"@type":"ImageObject","inLanguage":"pt-PT","@id":"https:\/\/secure.gravatar.com\/avatar\/71f2fa71737ad68a84fea94bc708ddac8ea5b0c4788dc2ad202f3ccb2887742f?s=96&d=wp_user_avatar&r=g","url":"https:\/\/secure.gravatar.com\/avatar\/71f2fa71737ad68a84fea94bc708ddac8ea5b0c4788dc2ad202f3ccb2887742f?s=96&d=wp_user_avatar&r=g","contentUrl":"https:\/\/secure.gravatar.com\/avatar\/71f2fa71737ad68a84fea94bc708ddac8ea5b0c4788dc2ad202f3ccb2887742f?s=96&d=wp_user_avatar&r=g","caption":"Reda\u00e7\u00e3o JO"},"url":"https:\/\/jornaldasoficinas.com\/pt\/author\/joredacao\/"}]}},"_links":{"self":[{"href":"https:\/\/jornaldasoficinas.com\/pt\/wp-json\/wp\/v2\/posts\/63420","targetHints":{"allow":["GET"]}}],"collection":[{"href":"https:\/\/jornaldasoficinas.com\/pt\/wp-json\/wp\/v2\/posts"}],"about":[{"href":"https:\/\/jornaldasoficinas.com\/pt\/wp-json\/wp\/v2\/types\/post"}],"author":[{"embeddable":true,"href":"https:\/\/jornaldasoficinas.com\/pt\/wp-json\/wp\/v2\/users\/15"}],"replies":[{"embeddable":true,"href":"https:\/\/jornaldasoficinas.com\/pt\/wp-json\/wp\/v2\/comments?post=63420"}],"version-history":[{"count":0,"href":"https:\/\/jornaldasoficinas.com\/pt\/wp-json\/wp\/v2\/posts\/63420\/revisions"}],"wp:featuredmedia":[{"embeddable":true,"href":"https:\/\/jornaldasoficinas.com\/pt\/wp-json\/wp\/v2\/media\/63391"}],"wp:attachment":[{"href":"https:\/\/jornaldasoficinas.com\/pt\/wp-json\/wp\/v2\/media?parent=63420"}],"wp:term":[{"taxonomy":"category","embeddable":true,"href":"https:\/\/jornaldasoficinas.com\/pt\/wp-json\/wp\/v2\/categories?post=63420"},{"taxonomy":"post_tag","embeddable":true,"href":"https:\/\/jornaldasoficinas.com\/pt\/wp-json\/wp\/v2\/tags?post=63420"}],"curies":[{"name":"wp","href":"https:\/\/api.w.org\/{rel}","templated":true}]}}