{"id":63440,"date":"2023-03-14T08:00:29","date_gmt":"2023-03-14T08:00:29","guid":{"rendered":"https:\/\/jornaldasoficinas.com\/pt\/?p=63440"},"modified":"2023-03-13T14:23:49","modified_gmt":"2023-03-13T14:23:49","slug":"sgs-e-portuspark-dinamizam-webinar-automovel","status":"publish","type":"post","link":"https:\/\/jornaldasoficinas.com\/pt\/sgs-e-portuspark-dinamizam-webinar-automovel\/","title":{"rendered":"SGS e PortusPark dinamizam Webinar Autom\u00f3vel"},"content":{"rendered":"<p><img loading=\"lazy\" decoding=\"async\" class=\"alignnone size-full wp-image-63432\" src=\"https:\/\/jornaldasoficinas.com\/pt\/wp-content\/uploads\/2023\/03\/SGS-e-PortusPark-dinamizam-Webinar-Automovel.jpeg\" alt=\"03 - SGS e PortusPark dinamizam Webinar Automovel\" width=\"1024\" height=\"581\" srcset=\"https:\/\/jornaldasoficinas.com\/pt\/wp-content\/uploads\/2023\/03\/SGS-e-PortusPark-dinamizam-Webinar-Automovel.jpeg 1024w, https:\/\/jornaldasoficinas.com\/pt\/wp-content\/uploads\/2023\/03\/SGS-e-PortusPark-dinamizam-Webinar-Automovel-300x170.jpeg 300w, https:\/\/jornaldasoficinas.com\/pt\/wp-content\/uploads\/2023\/03\/SGS-e-PortusPark-dinamizam-Webinar-Automovel-150x85.jpeg 150w, https:\/\/jornaldasoficinas.com\/pt\/wp-content\/uploads\/2023\/03\/SGS-e-PortusPark-dinamizam-Webinar-Automovel-768x436.jpeg 768w\" sizes=\"auto, (max-width: 1024px) 100vw, 1024px\" \/><strong>\u00a0<\/strong><\/p>\n<p><strong>A\u00a0<\/strong><a href=\"https:\/\/www.linkedin.com\/company\/sgs\/\" target=\"_blank\" rel=\"noopener\"><strong>SGS<\/strong><\/a><strong>, em conjunto com a\u00a0<\/strong><a href=\"https:\/\/www.linkedin.com\/company\/portuspark\/\" target=\"_blank\" rel=\"noopener\"><strong>PortusPark<\/strong><\/a><strong> e no \u00e2mbito do projeto Transtech, dinamizar\u00e1 nos pr\u00f3ximos dias 14 e 15 de mar\u00e7o, o Webinar Autom\u00f3vel &#8211; Tend\u00eancias, Desafios e Oportunidades<br \/>\n<\/strong><\/p>\n<p>Direcionado a toda as empresas do setor autom\u00f3vel, desde \u00e0s OEM \u00e0s TIER, neste webinar ser\u00e3o abordados temas emergentes como a ciberseguran\u00e7a, certifica\u00e7\u00f5es e ensaios da ind\u00fastria autom\u00f3vel, efici\u00eancia energ\u00e9tica e o futuro da mobilidade \u2013 ve\u00edculos aut\u00f3nomos, el\u00e9tricos e movidos a hidrog\u00e9nio, bem como os desafios e tend\u00eancias da industria autom\u00f3vel em Portugal.<\/p>\n<p>O workshop \u00e9 assegurado pela SGS. A SGS \u00e9 l\u00edder mundial em inspe\u00e7\u00e3o, verifica\u00e7\u00e3o, forma\u00e7\u00e3o, testes e certifica\u00e7\u00e3o. Com mais de 97.000 funcion\u00e1rios, opera numa rede com mais de 2.650 escrit\u00f3rios e laborat\u00f3rios em todo o mundo. As \u00e1reas de foco da SGS est\u00e3o estrategicamente alinhadas com as tend\u00eancias globais que afetam a sociedade atual.<\/p>\n<p><strong>Programa Completo:<\/strong><\/p>\n<p><strong>14 de Mar\u00e7o<\/strong><br \/>\n09:30 \u2013 Abertura Webinar (Portuspark)<br \/>\n09:45 &#8211;\u00a0<strong>Ind\u00fastria Autom\u00f3vel em PT \u2013 Para onde caminhamos?<\/strong>\u00a0(Fernando Machado, Diretor Geral &#8211;\u00a0<a href=\"https:\/\/www.linkedin.com\/company\/mobinov-cluster-autom%C3%B3vel-portugal\/\" target=\"_blank\" rel=\"noopener\">Mobinov &#8211; Cluster Autom\u00f3vel Portugal<\/a>)<br \/>\n11:00 \u2013\u00a0<strong>Electrificaci\u00f3n e Ensayos de veh\u00edculos h\u00edbridos y el\u00e9ctricos. Veh\u00edculos aut\u00f3nomos. Perspectivas<\/strong>\u00a0(Javier Chicharro Rodriguez\u00a0Director T\u00e9cnico &#8211;\u00a0<a href=\"https:\/\/www.linkedin.com\/company\/sgs\/\">SGS<\/a>\u00a0TECNOS). Servicios de certificaci\u00f3n de aeronaves. (SGS TECNOS)<br \/>\n12:00 \u2013\u00a0<strong>A Mobilidade e o Hidrog\u00e9nio<\/strong>\u00a0(Tiago Manuel Silva Ramos, New Plataforms e.Mobility Manager &#8211;\u00a0<a href=\"https:\/\/www.linkedin.com\/company\/caetanobus\/\" target=\"_blank\" rel=\"noopener\">CaetanoBus<\/a>)<\/p>\n<p><strong>15 de Mar\u00e7o<\/strong><br \/>\n09:30 \u2013 Abertura Webinar (Portuspark)<br \/>\n09:45 &#8211;\u00a0<strong>Efici\u00eancia Energ\u00e9tica e Lean Manufacturing<\/strong>\u00a0\u2013\u00a0<strong>Novas Tend\u00eancias que marcam a ind\u00fastria autom\u00f3vel<\/strong>\u00a0(Rui Ferreira, Diretor \u2013\u00a0<a href=\"https:\/\/www.linkedin.com\/company\/leansis-productividad\/\" target=\"_blank\" rel=\"noopener\">SGS Productivity by Leansis<\/a>)<br \/>\n11:00 &#8211;\u00a0<strong>Desafios da Transforma\u00e7\u00e3o Digital na Industria Autom\u00f3vel \u2013 Ciberseguran\u00e7a, Selos Maturidade Digital e TISAX<\/strong>\u00a0(S\u00e9rgio Ferreira, Digital Trust Services Coordinator \u2013\u00a0<a href=\"https:\/\/www.linkedin.com\/company\/sgs\/\" target=\"_blank\" rel=\"noopener\">SGS<\/a>)<br \/>\n12:00 &#8211;\u00a0<strong>A metrologia no setor Autom\u00f3vel<\/strong>\u00a0(Luis Gon\u00e7alves, Diretor Metrologia \u2013\u00a0<a href=\"https:\/\/www.linkedin.com\/company\/sgs\/\" target=\"_blank\" rel=\"noopener\">SGS<\/a>)<\/p>\n<p>\ud835\ude1e\ud835\ude26\ud835\ude23\ud835\ude2a\ud835\ude2f\ud835\ude22\ud835\ude33 \ud835\ude28\ud835\ude33\ud835\ude22\ud835\ude35\ud835\ude36\ud835\ude2a\ud835\ude35\ud835\ude30, mas de inscri\u00e7\u00e3o obrigat\u00f3ria em <a href=\"https:\/\/lnkd.in\/dpc_bhak\" target=\"_blank\" rel=\"noopener\">aqui<\/a>.<\/p>\n","protected":false},"excerpt":{"rendered":"<p>\u00a0 A\u00a0SGS, em conjunto com a\u00a0PortusPark&#8230;<\/p>\n","protected":false},"author":15,"featured_media":63432,"comment_status":"closed","ping_status":"closed","sticky":false,"template":"","format":"standard","meta":{"footnotes":""},"categories":[29],"tags":[4570,4491,111,4568,4569,2948,4571],"class_list":["post-63440","post","type-post","status-publish","format-standard","has-post-thumbnail","hentry","category-empresas","tag-14-e-15-de-marco","tag-caetanobus","tag-mobinov","tag-portuspark","tag-projeto-transtech","tag-sgs","tag-webinar-automovel"],"yoast_head":"<!-- This site is optimized with the Yoast SEO plugin v27.4 - https:\/\/yoast.com\/product\/yoast-seo-wordpress\/ -->\n<title>SGS e PortusPark dinamizam Webinar Autom\u00f3vel - Jornal das Oficinas<\/title>\n<meta name=\"description\" content=\"A\u00a0SGS, em conjunto com a\u00a0PortusPark e no \u00e2mbito do projeto Transtech, dinamizar\u00e1 nos pr\u00f3ximos dias 14 e 15 de mar\u00e7o, um Webinar Autom\u00f3vel\" \/>\n<meta name=\"robots\" content=\"index, follow, max-snippet:-1, max-image-preview:large, max-video-preview:-1\" \/>\n<link rel=\"canonical\" href=\"https:\/\/jornaldasoficinas.com\/pt\/sgs-e-portuspark-dinamizam-webinar-automovel\/\" \/>\n<meta property=\"og:locale\" content=\"pt_PT\" \/>\n<meta property=\"og:type\" content=\"article\" \/>\n<meta property=\"og:title\" content=\"SGS e PortusPark dinamizam Webinar Autom\u00f3vel - Jornal das Oficinas\" \/>\n<meta property=\"og:description\" content=\"A\u00a0SGS, em conjunto com a\u00a0PortusPark e no \u00e2mbito do projeto Transtech, dinamizar\u00e1 nos pr\u00f3ximos dias 14 e 15 de mar\u00e7o, um Webinar Autom\u00f3vel\" \/>\n<meta property=\"og:url\" content=\"https:\/\/jornaldasoficinas.com\/pt\/sgs-e-portuspark-dinamizam-webinar-automovel\/\" \/>\n<meta property=\"og:site_name\" content=\"Jornal das Oficinas\" \/>\n<meta property=\"article:publisher\" content=\"https:\/\/www.facebook.com\/jornaloficinas\" \/>\n<meta property=\"article:published_time\" content=\"2023-03-14T08:00:29+00:00\" \/>\n<meta property=\"og:image\" content=\"https:\/\/jornaldasoficinas.com\/pt\/wp-content\/uploads\/2023\/03\/SGS-e-PortusPark-dinamizam-Webinar-Automovel.jpeg\" \/>\n\t<meta property=\"og:image:width\" content=\"1024\" \/>\n\t<meta property=\"og:image:height\" content=\"581\" \/>\n\t<meta property=\"og:image:type\" content=\"image\/jpeg\" \/>\n<meta name=\"author\" content=\"Reda\u00e7\u00e3o JO\" \/>\n<meta name=\"twitter:card\" content=\"summary_large_image\" \/>\n<meta name=\"twitter:creator\" content=\"@jornaloficinas\" \/>\n<meta name=\"twitter:site\" content=\"@jornaloficinas\" \/>\n<meta name=\"twitter:label1\" content=\"Escrito por\" \/>\n\t<meta name=\"twitter:data1\" content=\"Reda\u00e7\u00e3o JO\" \/>\n\t<meta name=\"twitter:label2\" content=\"Tempo estimado de leitura\" \/>\n\t<meta name=\"twitter:data2\" content=\"2 minutos\" \/>\n<script type=\"application\/ld+json\" class=\"yoast-schema-graph\">{\"@context\":\"https:\\\/\\\/schema.org\",\"@graph\":[{\"@type\":\"Article\",\"@id\":\"https:\\\/\\\/jornaldasoficinas.com\\\/pt\\\/sgs-e-portuspark-dinamizam-webinar-automovel\\\/#article\",\"isPartOf\":{\"@id\":\"https:\\\/\\\/jornaldasoficinas.com\\\/pt\\\/sgs-e-portuspark-dinamizam-webinar-automovel\\\/\"},\"author\":{\"name\":\"Reda\u00e7\u00e3o JO\",\"@id\":\"https:\\\/\\\/jornaldasoficinas.com\\\/pt\\\/#\\\/schema\\\/person\\\/a38eef5de2c41d9e7c9ac10141afddf3\"},\"headline\":\"SGS e PortusPark dinamizam Webinar Autom\u00f3vel\",\"datePublished\":\"2023-03-14T08:00:29+00:00\",\"mainEntityOfPage\":{\"@id\":\"https:\\\/\\\/jornaldasoficinas.com\\\/pt\\\/sgs-e-portuspark-dinamizam-webinar-automovel\\\/\"},\"wordCount\":324,\"publisher\":{\"@id\":\"https:\\\/\\\/jornaldasoficinas.com\\\/pt\\\/#organization\"},\"image\":{\"@id\":\"https:\\\/\\\/jornaldasoficinas.com\\\/pt\\\/sgs-e-portuspark-dinamizam-webinar-automovel\\\/#primaryimage\"},\"thumbnailUrl\":\"https:\\\/\\\/jornaldasoficinas.com\\\/pt\\\/wp-content\\\/uploads\\\/2023\\\/03\\\/SGS-e-PortusPark-dinamizam-Webinar-Automovel.jpeg\",\"keywords\":[\"14 e 15 de mar\u00e7o\",\"CaetanoBus\",\"Mobinov\",\"PortusPark\",\"projeto Transtech\",\"SGS\",\"Webinar Autom\u00f3vel\"],\"articleSection\":[\"Empresas\"],\"inLanguage\":\"pt-PT\"},{\"@type\":\"WebPage\",\"@id\":\"https:\\\/\\\/jornaldasoficinas.com\\\/pt\\\/sgs-e-portuspark-dinamizam-webinar-automovel\\\/\",\"url\":\"https:\\\/\\\/jornaldasoficinas.com\\\/pt\\\/sgs-e-portuspark-dinamizam-webinar-automovel\\\/\",\"name\":\"SGS e PortusPark dinamizam Webinar Autom\u00f3vel - Jornal das Oficinas\",\"isPartOf\":{\"@id\":\"https:\\\/\\\/jornaldasoficinas.com\\\/pt\\\/#website\"},\"primaryImageOfPage\":{\"@id\":\"https:\\\/\\\/jornaldasoficinas.com\\\/pt\\\/sgs-e-portuspark-dinamizam-webinar-automovel\\\/#primaryimage\"},\"image\":{\"@id\":\"https:\\\/\\\/jornaldasoficinas.com\\\/pt\\\/sgs-e-portuspark-dinamizam-webinar-automovel\\\/#primaryimage\"},\"thumbnailUrl\":\"https:\\\/\\\/jornaldasoficinas.com\\\/pt\\\/wp-content\\\/uploads\\\/2023\\\/03\\\/SGS-e-PortusPark-dinamizam-Webinar-Automovel.jpeg\",\"datePublished\":\"2023-03-14T08:00:29+00:00\",\"description\":\"A\u00a0SGS, em conjunto com a\u00a0PortusPark e no \u00e2mbito do projeto Transtech, dinamizar\u00e1 nos pr\u00f3ximos dias 14 e 15 de mar\u00e7o, um Webinar Autom\u00f3vel\",\"breadcrumb\":{\"@id\":\"https:\\\/\\\/jornaldasoficinas.com\\\/pt\\\/sgs-e-portuspark-dinamizam-webinar-automovel\\\/#breadcrumb\"},\"inLanguage\":\"pt-PT\",\"potentialAction\":[{\"@type\":\"ReadAction\",\"target\":[\"https:\\\/\\\/jornaldasoficinas.com\\\/pt\\\/sgs-e-portuspark-dinamizam-webinar-automovel\\\/\"]}]},{\"@type\":\"ImageObject\",\"inLanguage\":\"pt-PT\",\"@id\":\"https:\\\/\\\/jornaldasoficinas.com\\\/pt\\\/sgs-e-portuspark-dinamizam-webinar-automovel\\\/#primaryimage\",\"url\":\"https:\\\/\\\/jornaldasoficinas.com\\\/pt\\\/wp-content\\\/uploads\\\/2023\\\/03\\\/SGS-e-PortusPark-dinamizam-Webinar-Automovel.jpeg\",\"contentUrl\":\"https:\\\/\\\/jornaldasoficinas.com\\\/pt\\\/wp-content\\\/uploads\\\/2023\\\/03\\\/SGS-e-PortusPark-dinamizam-Webinar-Automovel.jpeg\",\"width\":1024,\"height\":581,\"caption\":\"03 - SGS e PortusPark dinamizam Webinar Automovel\"},{\"@type\":\"BreadcrumbList\",\"@id\":\"https:\\\/\\\/jornaldasoficinas.com\\\/pt\\\/sgs-e-portuspark-dinamizam-webinar-automovel\\\/#breadcrumb\",\"itemListElement\":[{\"@type\":\"ListItem\",\"position\":1,\"name\":\"In\u00edcio\",\"item\":\"https:\\\/\\\/jornaldasoficinas.com\\\/pt\\\/\"},{\"@type\":\"ListItem\",\"position\":2,\"name\":\"SGS e PortusPark dinamizam Webinar Autom\u00f3vel\"}]},{\"@type\":\"WebSite\",\"@id\":\"https:\\\/\\\/jornaldasoficinas.com\\\/pt\\\/#website\",\"url\":\"https:\\\/\\\/jornaldasoficinas.com\\\/pt\\\/\",\"name\":\"Jornal das Oficinas\",\"description\":\"Jornal independente do Aftermarket Autom\u00f3vel em Portugal\",\"publisher\":{\"@id\":\"https:\\\/\\\/jornaldasoficinas.com\\\/pt\\\/#organization\"},\"potentialAction\":[{\"@type\":\"SearchAction\",\"target\":{\"@type\":\"EntryPoint\",\"urlTemplate\":\"https:\\\/\\\/jornaldasoficinas.com\\\/pt\\\/?s={search_term_string}\"},\"query-input\":{\"@type\":\"PropertyValueSpecification\",\"valueRequired\":true,\"valueName\":\"search_term_string\"}}],\"inLanguage\":\"pt-PT\"},{\"@type\":\"Organization\",\"@id\":\"https:\\\/\\\/jornaldasoficinas.com\\\/pt\\\/#organization\",\"name\":\"Jornal das Oficinas\",\"url\":\"https:\\\/\\\/jornaldasoficinas.com\\\/pt\\\/\",\"logo\":{\"@type\":\"ImageObject\",\"inLanguage\":\"pt-PT\",\"@id\":\"https:\\\/\\\/jornaldasoficinas.com\\\/pt\\\/#\\\/schema\\\/logo\\\/image\\\/\",\"url\":\"https:\\\/\\\/jornaldasoficinas.com\\\/pt\\\/wp-content\\\/uploads\\\/logoJO-SEO.png\",\"contentUrl\":\"https:\\\/\\\/jornaldasoficinas.com\\\/pt\\\/wp-content\\\/uploads\\\/logoJO-SEO.png\",\"width\":285,\"height\":450,\"caption\":\"Jornal das Oficinas\"},\"image\":{\"@id\":\"https:\\\/\\\/jornaldasoficinas.com\\\/pt\\\/#\\\/schema\\\/logo\\\/image\\\/\"},\"sameAs\":[\"https:\\\/\\\/www.facebook.com\\\/jornaloficinas\",\"https:\\\/\\\/x.com\\\/jornaloficinas\",\"https:\\\/\\\/www.instagram.com\\\/jornal_oficinas\\\/\",\"https:\\\/\\\/www.linkedin.com\\\/company\\\/jornal-das-oficinas\\\/\",\"https:\\\/\\\/www.youtube.com\\\/channel\\\/UCbQZBqtcvV-oSQrr7RzINGg\"]},{\"@type\":\"Person\",\"@id\":\"https:\\\/\\\/jornaldasoficinas.com\\\/pt\\\/#\\\/schema\\\/person\\\/a38eef5de2c41d9e7c9ac10141afddf3\",\"name\":\"Reda\u00e7\u00e3o JO\",\"image\":{\"@type\":\"ImageObject\",\"inLanguage\":\"pt-PT\",\"@id\":\"https:\\\/\\\/secure.gravatar.com\\\/avatar\\\/71f2fa71737ad68a84fea94bc708ddac8ea5b0c4788dc2ad202f3ccb2887742f?s=96&d=wp_user_avatar&r=g\",\"url\":\"https:\\\/\\\/secure.gravatar.com\\\/avatar\\\/71f2fa71737ad68a84fea94bc708ddac8ea5b0c4788dc2ad202f3ccb2887742f?s=96&d=wp_user_avatar&r=g\",\"contentUrl\":\"https:\\\/\\\/secure.gravatar.com\\\/avatar\\\/71f2fa71737ad68a84fea94bc708ddac8ea5b0c4788dc2ad202f3ccb2887742f?s=96&d=wp_user_avatar&r=g\",\"caption\":\"Reda\u00e7\u00e3o JO\"},\"url\":\"https:\\\/\\\/jornaldasoficinas.com\\\/pt\\\/author\\\/joredacao\\\/\"}]}<\/script>\n<!-- \/ Yoast SEO plugin. -->","yoast_head_json":{"title":"SGS e PortusPark dinamizam Webinar Autom\u00f3vel - Jornal das Oficinas","description":"A\u00a0SGS, em conjunto com a\u00a0PortusPark e no \u00e2mbito do projeto Transtech, dinamizar\u00e1 nos pr\u00f3ximos dias 14 e 15 de mar\u00e7o, um Webinar Autom\u00f3vel","robots":{"index":"index","follow":"follow","max-snippet":"max-snippet:-1","max-image-preview":"max-image-preview:large","max-video-preview":"max-video-preview:-1"},"canonical":"https:\/\/jornaldasoficinas.com\/pt\/sgs-e-portuspark-dinamizam-webinar-automovel\/","og_locale":"pt_PT","og_type":"article","og_title":"SGS e PortusPark dinamizam Webinar Autom\u00f3vel - Jornal das Oficinas","og_description":"A\u00a0SGS, em conjunto com a\u00a0PortusPark e no \u00e2mbito do projeto Transtech, dinamizar\u00e1 nos pr\u00f3ximos dias 14 e 15 de mar\u00e7o, um Webinar Autom\u00f3vel","og_url":"https:\/\/jornaldasoficinas.com\/pt\/sgs-e-portuspark-dinamizam-webinar-automovel\/","og_site_name":"Jornal das Oficinas","article_publisher":"https:\/\/www.facebook.com\/jornaloficinas","article_published_time":"2023-03-14T08:00:29+00:00","og_image":[{"width":1024,"height":581,"url":"https:\/\/jornaldasoficinas.com\/pt\/wp-content\/uploads\/2023\/03\/SGS-e-PortusPark-dinamizam-Webinar-Automovel.jpeg","type":"image\/jpeg"}],"author":"Reda\u00e7\u00e3o JO","twitter_card":"summary_large_image","twitter_creator":"@jornaloficinas","twitter_site":"@jornaloficinas","twitter_misc":{"Escrito por":"Reda\u00e7\u00e3o JO","Tempo estimado de leitura":"2 minutos"},"schema":{"@context":"https:\/\/schema.org","@graph":[{"@type":"Article","@id":"https:\/\/jornaldasoficinas.com\/pt\/sgs-e-portuspark-dinamizam-webinar-automovel\/#article","isPartOf":{"@id":"https:\/\/jornaldasoficinas.com\/pt\/sgs-e-portuspark-dinamizam-webinar-automovel\/"},"author":{"name":"Reda\u00e7\u00e3o JO","@id":"https:\/\/jornaldasoficinas.com\/pt\/#\/schema\/person\/a38eef5de2c41d9e7c9ac10141afddf3"},"headline":"SGS e PortusPark dinamizam Webinar Autom\u00f3vel","datePublished":"2023-03-14T08:00:29+00:00","mainEntityOfPage":{"@id":"https:\/\/jornaldasoficinas.com\/pt\/sgs-e-portuspark-dinamizam-webinar-automovel\/"},"wordCount":324,"publisher":{"@id":"https:\/\/jornaldasoficinas.com\/pt\/#organization"},"image":{"@id":"https:\/\/jornaldasoficinas.com\/pt\/sgs-e-portuspark-dinamizam-webinar-automovel\/#primaryimage"},"thumbnailUrl":"https:\/\/jornaldasoficinas.com\/pt\/wp-content\/uploads\/2023\/03\/SGS-e-PortusPark-dinamizam-Webinar-Automovel.jpeg","keywords":["14 e 15 de mar\u00e7o","CaetanoBus","Mobinov","PortusPark","projeto Transtech","SGS","Webinar Autom\u00f3vel"],"articleSection":["Empresas"],"inLanguage":"pt-PT"},{"@type":"WebPage","@id":"https:\/\/jornaldasoficinas.com\/pt\/sgs-e-portuspark-dinamizam-webinar-automovel\/","url":"https:\/\/jornaldasoficinas.com\/pt\/sgs-e-portuspark-dinamizam-webinar-automovel\/","name":"SGS e PortusPark dinamizam Webinar Autom\u00f3vel - Jornal das Oficinas","isPartOf":{"@id":"https:\/\/jornaldasoficinas.com\/pt\/#website"},"primaryImageOfPage":{"@id":"https:\/\/jornaldasoficinas.com\/pt\/sgs-e-portuspark-dinamizam-webinar-automovel\/#primaryimage"},"image":{"@id":"https:\/\/jornaldasoficinas.com\/pt\/sgs-e-portuspark-dinamizam-webinar-automovel\/#primaryimage"},"thumbnailUrl":"https:\/\/jornaldasoficinas.com\/pt\/wp-content\/uploads\/2023\/03\/SGS-e-PortusPark-dinamizam-Webinar-Automovel.jpeg","datePublished":"2023-03-14T08:00:29+00:00","description":"A\u00a0SGS, em conjunto com a\u00a0PortusPark e no \u00e2mbito do projeto Transtech, dinamizar\u00e1 nos pr\u00f3ximos dias 14 e 15 de mar\u00e7o, um Webinar Autom\u00f3vel","breadcrumb":{"@id":"https:\/\/jornaldasoficinas.com\/pt\/sgs-e-portuspark-dinamizam-webinar-automovel\/#breadcrumb"},"inLanguage":"pt-PT","potentialAction":[{"@type":"ReadAction","target":["https:\/\/jornaldasoficinas.com\/pt\/sgs-e-portuspark-dinamizam-webinar-automovel\/"]}]},{"@type":"ImageObject","inLanguage":"pt-PT","@id":"https:\/\/jornaldasoficinas.com\/pt\/sgs-e-portuspark-dinamizam-webinar-automovel\/#primaryimage","url":"https:\/\/jornaldasoficinas.com\/pt\/wp-content\/uploads\/2023\/03\/SGS-e-PortusPark-dinamizam-Webinar-Automovel.jpeg","contentUrl":"https:\/\/jornaldasoficinas.com\/pt\/wp-content\/uploads\/2023\/03\/SGS-e-PortusPark-dinamizam-Webinar-Automovel.jpeg","width":1024,"height":581,"caption":"03 - SGS e PortusPark dinamizam Webinar Automovel"},{"@type":"BreadcrumbList","@id":"https:\/\/jornaldasoficinas.com\/pt\/sgs-e-portuspark-dinamizam-webinar-automovel\/#breadcrumb","itemListElement":[{"@type":"ListItem","position":1,"name":"In\u00edcio","item":"https:\/\/jornaldasoficinas.com\/pt\/"},{"@type":"ListItem","position":2,"name":"SGS e PortusPark dinamizam Webinar Autom\u00f3vel"}]},{"@type":"WebSite","@id":"https:\/\/jornaldasoficinas.com\/pt\/#website","url":"https:\/\/jornaldasoficinas.com\/pt\/","name":"Jornal das Oficinas","description":"Jornal independente do Aftermarket Autom\u00f3vel em Portugal","publisher":{"@id":"https:\/\/jornaldasoficinas.com\/pt\/#organization"},"potentialAction":[{"@type":"SearchAction","target":{"@type":"EntryPoint","urlTemplate":"https:\/\/jornaldasoficinas.com\/pt\/?s={search_term_string}"},"query-input":{"@type":"PropertyValueSpecification","valueRequired":true,"valueName":"search_term_string"}}],"inLanguage":"pt-PT"},{"@type":"Organization","@id":"https:\/\/jornaldasoficinas.com\/pt\/#organization","name":"Jornal das Oficinas","url":"https:\/\/jornaldasoficinas.com\/pt\/","logo":{"@type":"ImageObject","inLanguage":"pt-PT","@id":"https:\/\/jornaldasoficinas.com\/pt\/#\/schema\/logo\/image\/","url":"https:\/\/jornaldasoficinas.com\/pt\/wp-content\/uploads\/logoJO-SEO.png","contentUrl":"https:\/\/jornaldasoficinas.com\/pt\/wp-content\/uploads\/logoJO-SEO.png","width":285,"height":450,"caption":"Jornal das Oficinas"},"image":{"@id":"https:\/\/jornaldasoficinas.com\/pt\/#\/schema\/logo\/image\/"},"sameAs":["https:\/\/www.facebook.com\/jornaloficinas","https:\/\/x.com\/jornaloficinas","https:\/\/www.instagram.com\/jornal_oficinas\/","https:\/\/www.linkedin.com\/company\/jornal-das-oficinas\/","https:\/\/www.youtube.com\/channel\/UCbQZBqtcvV-oSQrr7RzINGg"]},{"@type":"Person","@id":"https:\/\/jornaldasoficinas.com\/pt\/#\/schema\/person\/a38eef5de2c41d9e7c9ac10141afddf3","name":"Reda\u00e7\u00e3o JO","image":{"@type":"ImageObject","inLanguage":"pt-PT","@id":"https:\/\/secure.gravatar.com\/avatar\/71f2fa71737ad68a84fea94bc708ddac8ea5b0c4788dc2ad202f3ccb2887742f?s=96&d=wp_user_avatar&r=g","url":"https:\/\/secure.gravatar.com\/avatar\/71f2fa71737ad68a84fea94bc708ddac8ea5b0c4788dc2ad202f3ccb2887742f?s=96&d=wp_user_avatar&r=g","contentUrl":"https:\/\/secure.gravatar.com\/avatar\/71f2fa71737ad68a84fea94bc708ddac8ea5b0c4788dc2ad202f3ccb2887742f?s=96&d=wp_user_avatar&r=g","caption":"Reda\u00e7\u00e3o JO"},"url":"https:\/\/jornaldasoficinas.com\/pt\/author\/joredacao\/"}]}},"_links":{"self":[{"href":"https:\/\/jornaldasoficinas.com\/pt\/wp-json\/wp\/v2\/posts\/63440","targetHints":{"allow":["GET"]}}],"collection":[{"href":"https:\/\/jornaldasoficinas.com\/pt\/wp-json\/wp\/v2\/posts"}],"about":[{"href":"https:\/\/jornaldasoficinas.com\/pt\/wp-json\/wp\/v2\/types\/post"}],"author":[{"embeddable":true,"href":"https:\/\/jornaldasoficinas.com\/pt\/wp-json\/wp\/v2\/users\/15"}],"replies":[{"embeddable":true,"href":"https:\/\/jornaldasoficinas.com\/pt\/wp-json\/wp\/v2\/comments?post=63440"}],"version-history":[{"count":0,"href":"https:\/\/jornaldasoficinas.com\/pt\/wp-json\/wp\/v2\/posts\/63440\/revisions"}],"wp:featuredmedia":[{"embeddable":true,"href":"https:\/\/jornaldasoficinas.com\/pt\/wp-json\/wp\/v2\/media\/63432"}],"wp:attachment":[{"href":"https:\/\/jornaldasoficinas.com\/pt\/wp-json\/wp\/v2\/media?parent=63440"}],"wp:term":[{"taxonomy":"category","embeddable":true,"href":"https:\/\/jornaldasoficinas.com\/pt\/wp-json\/wp\/v2\/categories?post=63440"},{"taxonomy":"post_tag","embeddable":true,"href":"https:\/\/jornaldasoficinas.com\/pt\/wp-json\/wp\/v2\/tags?post=63440"}],"curies":[{"name":"wp","href":"https:\/\/api.w.org\/{rel}","templated":true}]}}