{"id":63820,"date":"2023-03-20T10:00:25","date_gmt":"2023-03-20T10:00:25","guid":{"rendered":"https:\/\/jornaldasoficinas.com\/pt\/?p=63820"},"modified":"2023-07-19T15:42:32","modified_gmt":"2023-07-19T14:42:32","slug":"futurmotive-expo-talks-apresentado-ao-publico","status":"publish","type":"post","link":"https:\/\/jornaldasoficinas.com\/pt\/futurmotive-expo-talks-apresentado-ao-publico\/","title":{"rendered":"Futurmotive &#8211; Expo &#038; Talks apresentado ao p\u00fablico"},"content":{"rendered":"<p><img loading=\"lazy\" decoding=\"async\" class=\"alignnone size-full wp-image-63713\" src=\"https:\/\/jornaldasoficinas.com\/pt\/wp-content\/uploads\/2023\/03\/Futurmotive-Expo-Talks-apresentado-ao-publico.png\" alt=\"03 - Futurmotive Expo Talks apresentado ao publico\" width=\"1024\" height=\"581\" srcset=\"https:\/\/jornaldasoficinas.com\/pt\/wp-content\/uploads\/2023\/03\/Futurmotive-Expo-Talks-apresentado-ao-publico.png 1024w, https:\/\/jornaldasoficinas.com\/pt\/wp-content\/uploads\/2023\/03\/Futurmotive-Expo-Talks-apresentado-ao-publico-300x170.png 300w, https:\/\/jornaldasoficinas.com\/pt\/wp-content\/uploads\/2023\/03\/Futurmotive-Expo-Talks-apresentado-ao-publico-150x85.png 150w, https:\/\/jornaldasoficinas.com\/pt\/wp-content\/uploads\/2023\/03\/Futurmotive-Expo-Talks-apresentado-ao-publico-768x436.png 768w\" sizes=\"auto, (max-width: 1024px) 100vw, 1024px\" \/><\/p>\n<p><strong>Um encontro internacional envolvendo alguns dos principais representantes das associa\u00e7\u00f5es comerciais europeias foi a ocasi\u00e3o para apresentar o evento e abordar alguns dos temas quentes da ind\u00fastria autom\u00f3vel p\u00f3s-venda de hoje<\/strong><\/p>\n<p><a href=\"https:\/\/rle-futuremotiv.com\/\" target=\"_blank\" rel=\"noopener\">Futurmotive &#8211; Expo &amp; Talks<\/a> foi apresentado ao p\u00fablico internacional atrav\u00e9s de um encontro digital dedicado \u00e0 imprensa internacional, associa\u00e7\u00f5es comerciais e partes interessadas e centrado nos atuais desafios que todo o sector da mobilidade est\u00e1 a enfrentar.<\/p>\n<p>Num momento em que \u00e9 essencial encontrar uma media\u00e7\u00e3o entre a decis\u00e3o final do Parlamento Europeu de proibir as vendas de autom\u00f3veis novos a gasolina e diesel na Europa a partir de 2035, e a salvaguarda da competitividade e emprego da ind\u00fastria autom\u00f3vel europeia, os representantes das principais associa\u00e7\u00f5es comerciais europeias decidiram partilhar ideias e vis\u00f5es enquanto falavam sobre Futurmotive, o evento que ter\u00e1 lugar de 16 a 18 de Novembro de 2023 em Bolonha, It\u00e1lia.<\/p>\n<p>O webinar envolveu Benjamin Krieger, Secret\u00e1rio-Geral da <a href=\"https:\/\/clepa.eu\/\" target=\"_blank\" rel=\"noopener\">CLEPA<\/a>, Associa\u00e7\u00e3o Europeia de Fornecedores Autom\u00f3veis, Gianmarco Giorda, Director Geral da <a href=\"https:\/\/www.anfia.it\/it\/\" target=\"_blank\" rel=\"noopener\">ANFIA<\/a>, Associa\u00e7\u00e3o Italiana da Ind\u00fastria Autom\u00f3vel, Frank Beaujean, Presidente da <a href=\"https:\/\/www.egea-association.eu\/\" target=\"_blank\" rel=\"noopener\">EGEA<\/a>, Associa\u00e7\u00e3o Europeia de Equipamentos de Garagem, e Renzo Servadei, Director Geral da <a href=\"https:\/\/www.autopromotec.com\/en\/\" target=\"_blank\" rel=\"noopener\">Autopromotec<\/a>; a discuss\u00e3o foi moderada por Emanuele Vicentini, respons\u00e1vel pelo desenvolvimento internacional da Autopromotec.<\/p>\n<p>Ap\u00f3s uma breve introdu\u00e7\u00e3o, Gianmarco Giorda apresentou Benjamin Krieger, Secret\u00e1rio-Geral do CLEPA, que afirmou: &#8220;O sector autom\u00f3vel, incluindo o aftermarket e a repara\u00e7\u00e3o, ver\u00e1 muitas mudan\u00e7as nos pr\u00f3ximos 10-15 anos, impulsionado pela transi\u00e7\u00e3o para uma mobilidade sustent\u00e1vel e interligada. Esta transi\u00e7\u00e3o n\u00e3o pode ser dominada por intervenientes individuais, requer um esfor\u00e7o concertado, em que a ind\u00fastria e os decisores pol\u00edticos assegurem conjuntamente o progresso e atenuem os riscos. Os fornecedores do sector autom\u00f3vel apoiam a mobilidade neutra para o clima, mas necessitam de infra-estruturas de carregamento e reabastecimento. A digitaliza\u00e7\u00e3o exige urgentemente regras atualizadas para assegurar mercados pr\u00f3speros e competitivos para novos servi\u00e7os e produtos de mobilidade baseados em dados&#8221;.<\/p>\n<p>Foi ent\u00e3o a vez de Frank Beaujean que, em nome da EGEA, declarou: &#8220;Estou muito grato aos organizadores do &#8220;Futurmotive&#8221; por oferecer uma plataforma internacional em Novembro deste ano para acompanhar os processos de transforma\u00e7\u00e3o dram\u00e1ticos e r\u00e1pidos na nossa ind\u00fastria. O acesso justo aos dados \u00e9 essencial para manter a nossa ind\u00fastria em curso. A &#8220;regulamenta\u00e7\u00e3o de dados espec\u00edficos do sector&#8221; \u00e9 dirigida para equilibrar o interesse de todos os interessados de uma forma justa &#8211; uma miss\u00e3o muito desafiante. Mas tamb\u00e9m a transforma\u00e7\u00e3o tecnol\u00f3gica para a electromobilidade ter\u00e1 impacto no mundo da oficina de hoje e de amanh\u00e3. Por exemplo, \u00e9 necess\u00e1rio adotar solu\u00e7\u00f5es de eleva\u00e7\u00e3o para permitir \u00e0s oficinas reparar e manter os ve\u00edculos de amanh\u00e3. Estou entusiasmado e ansioso pela Futurmotive &#8211; Expo &amp; Talks que \u00e9 uma excelente oportunidade para obter uma atualiza\u00e7\u00e3o sobre as \u00faltimas informa\u00e7\u00f5es, produtos e servi\u00e7os e fornecer orienta\u00e7\u00e3o para dominar os desafios&#8221;.<\/p>\n<p>Renzo Servadei, director-geral da Autopromotec, forneceu uma breve vis\u00e3o geral ao p\u00fablico: &#8220;Como todos sabemos, uma das palavras mais enfatizadas no nosso tempo \u00e9 &#8220;sustentabilidade&#8221; e a ind\u00fastria autom\u00f3vel \u00e9 colocada no centro desta discuss\u00e3o. Creio que \u00e9 necess\u00e1rio come\u00e7ar a pensar a sustentabilidade de uma forma mais ampla: \u00e9 um processo que deve certamente ser abordado em termos de ecologia, mas tamb\u00e9m em termos de economia e comunidade. Neste contexto, como organizadores de feiras comerciais, perguntamo-nos: o que devemos fazer? Como podemos abordar uma quest\u00e3o t\u00e3o complexa? Foi assim que concebemos Futurmotive &#8211; Expo &amp; Talks, a exposi\u00e7\u00e3o internacional para o futuro da mobilidade, para a transi\u00e7\u00e3o e inova\u00e7\u00e3o energ\u00e9tica e ecol\u00f3gica na ind\u00fastria autom\u00f3vel&#8221;.<\/p>\n<p>Emanuele Vicentini, Autopromotec International Development, descreveu em pormenor o evento que se aproxima e forneceu uma vis\u00e3o geral das atividades de coopera\u00e7\u00e3o internacional que ser\u00e3o levadas a cabo: &#8220;Para o desenvolvimento da Futurmotive &#8211; Expo &amp; Talks estamos a trabalhar lado a lado com muitas associa\u00e7\u00f5es e partes interessadas que representam antigos e novos segmentos do ecossistema autom\u00f3vel e de mobilidade; ao mesmo tempo, gra\u00e7as ao apoio do Minist\u00e9rio dos Neg\u00f3cios Estrangeiros e da Ag\u00eancia de Com\u00e9rcio Italiana acolheremos l\u00edderes da ind\u00fastria e compradores de mais de 15 pa\u00edses, vai ser um verdadeiro evento internacional&#8221;.<\/p>\n<p><strong>Exposi\u00e7\u00f5es e networking<br \/>\n<\/strong>Durante os tr\u00eas dias da feira, Futurmotive &#8211; Expo &amp; Talks reunir\u00e1 as empresas participantes num espa\u00e7o de exposi\u00e7\u00e3o de aproximadamente 25.000 metros quadrados nos Halls 14, 16 e 19 e nas 42 e 43 \u00e1reas externas, apresentando uma gama completa de inova\u00e7\u00f5es e solu\u00e7\u00f5es tecnol\u00f3gicas para enfrentar os desafios globais no mundo autom\u00f3vel, num formato concebido para promover uma intera\u00e7\u00e3o eficaz entre empresas, institui\u00e7\u00f5es e l\u00edderes de opini\u00e3o da ind\u00fastria. As principais \u00e1reas de interesse ser\u00e3o sistemas de combust\u00edvel alternativo, componentes, equipamento, pneus e novos materiais. Um amplo espa\u00e7o ser\u00e1 tamb\u00e9m dedicado ao tema da refabrica\u00e7\u00e3o e inova\u00e7\u00f5es relacionadas com o mundo da conectividade e redes de servi\u00e7os e repara\u00e7\u00f5es.<\/p>\n<p>Mas n\u00e3o apenas isso. De facto, dois outros eventos importantes ter\u00e3o lugar em conjunto com a Futurmotive &#8211; Expo &amp; Talks no Centro de Exposi\u00e7\u00f5es de Bolonha: <a href=\"https:\/\/e-charge.show\/\" target=\"_blank\" rel=\"noopener\">E-Charge<\/a>, a exposi\u00e7\u00e3o dedicada \u00e0 ind\u00fastria de carregamento de ve\u00edculos el\u00e9tricos, infra-estruturas e mobilidade el\u00e9trica organizada pela <a href=\"https:\/\/www.a151.eu\/\" target=\"_blank\" rel=\"noopener\">A151<\/a> e realizada a 16 e 17 de Novembro, e a <a href=\"https:\/\/www.autoaziendalimagazine.it\/fleetmanageracademy\/\" target=\"_blank\" rel=\"noopener\">Fleet Manager Academy<\/a>, o evento profissional dedicado \u00e0 frota e mobilidade empresarial organizado pela Econometrica, que ter\u00e1 lugar a 16 de Novembro.<\/p>\n<p><strong>As confer\u00eancias<br \/>\n<\/strong>Inovadores, tecn\u00f3logos e institui\u00e7\u00f5es alternar-se-\u00e3o na fase Futurmotive para delinear as novas rotas da sustentabilidade energ\u00e9tica: n\u00e3o s\u00f3 centrais el\u00e9tricas de nova gera\u00e7\u00e3o, combust\u00edveis alternativos e aquisi\u00e7\u00e3o de mat\u00e9rias-primas, mas tamb\u00e9m infra-estruturas e cidades inteligentes, interliga\u00e7\u00e3o homem-m\u00e1quina para manuten\u00e7\u00e3o de autom\u00f3veis informatizados, grande gest\u00e3o de dados, ciber-seguran\u00e7a, a transforma\u00e7\u00e3o de modelos de neg\u00f3cio e o mercado de trabalho.<\/p>\n","protected":false},"excerpt":{"rendered":"<p>Um encontro internacional envolvendo alguns dos&#8230;<\/p>\n","protected":false},"author":15,"featured_media":63713,"comment_status":"closed","ping_status":"closed","sticky":false,"template":"","format":"standard","meta":{"footnotes":""},"categories":[29],"tags":[3791,4686,1027,3792,1969,4689,2749,4687,4684,4688,4685,2769],"class_list":["post-63820","post","type-post","status-publish","format-standard","has-post-thumbnail","hentry","category-empresas","tag-16-a-18-de-novembro","tag-anfia","tag-autopromotec","tag-bolonha","tag-clepa","tag-conferencias","tag-egea","tag-feira","tag-futuremotive","tag-futurmotive-expo-talks","tag-italia","tag-webinar"],"yoast_head":"<!-- This site is optimized with the Yoast SEO plugin v27.4 - https:\/\/yoast.com\/product\/yoast-seo-wordpress\/ -->\n<title>Futurmotive - Expo &amp; Talks apresentado ao p\u00fablico - Jornal das Oficinas<\/title>\n<meta name=\"description\" content=\"O encontro, envolvendo alguns dos principais representantes das associa\u00e7\u00f5es comerciais europeias foi a ocasi\u00e3o para apresentar o evento\" \/>\n<meta name=\"robots\" content=\"index, follow, max-snippet:-1, max-image-preview:large, max-video-preview:-1\" \/>\n<link rel=\"canonical\" href=\"https:\/\/jornaldasoficinas.com\/pt\/futurmotive-expo-talks-apresentado-ao-publico\/\" \/>\n<meta property=\"og:locale\" content=\"pt_PT\" \/>\n<meta property=\"og:type\" content=\"article\" \/>\n<meta property=\"og:title\" content=\"Futurmotive - Expo &amp; Talks apresentado ao p\u00fablico - Jornal das Oficinas\" \/>\n<meta property=\"og:description\" content=\"O encontro, envolvendo alguns dos principais representantes das associa\u00e7\u00f5es comerciais europeias foi a ocasi\u00e3o para apresentar o evento\" \/>\n<meta property=\"og:url\" content=\"https:\/\/jornaldasoficinas.com\/pt\/futurmotive-expo-talks-apresentado-ao-publico\/\" \/>\n<meta property=\"og:site_name\" content=\"Jornal das Oficinas\" \/>\n<meta property=\"article:publisher\" content=\"https:\/\/www.facebook.com\/jornaloficinas\" \/>\n<meta property=\"article:published_time\" content=\"2023-03-20T10:00:25+00:00\" \/>\n<meta property=\"article:modified_time\" content=\"2023-07-19T14:42:32+00:00\" \/>\n<meta property=\"og:image\" content=\"https:\/\/jornaldasoficinas.com\/pt\/wp-content\/uploads\/2023\/03\/Futurmotive-Expo-Talks-apresentado-ao-publico.png\" \/>\n\t<meta property=\"og:image:width\" content=\"1024\" \/>\n\t<meta property=\"og:image:height\" content=\"581\" \/>\n\t<meta property=\"og:image:type\" content=\"image\/png\" \/>\n<meta name=\"author\" content=\"Reda\u00e7\u00e3o JO\" \/>\n<meta name=\"twitter:card\" content=\"summary_large_image\" \/>\n<meta name=\"twitter:creator\" content=\"@jornaloficinas\" \/>\n<meta name=\"twitter:site\" content=\"@jornaloficinas\" \/>\n<meta name=\"twitter:label1\" content=\"Escrito por\" \/>\n\t<meta name=\"twitter:data1\" content=\"Reda\u00e7\u00e3o JO\" \/>\n\t<meta name=\"twitter:label2\" content=\"Tempo estimado de leitura\" \/>\n\t<meta name=\"twitter:data2\" content=\"5 minutos\" \/>\n<script type=\"application\/ld+json\" class=\"yoast-schema-graph\">{\"@context\":\"https:\\\/\\\/schema.org\",\"@graph\":[{\"@type\":\"Article\",\"@id\":\"https:\\\/\\\/jornaldasoficinas.com\\\/pt\\\/futurmotive-expo-talks-apresentado-ao-publico\\\/#article\",\"isPartOf\":{\"@id\":\"https:\\\/\\\/jornaldasoficinas.com\\\/pt\\\/futurmotive-expo-talks-apresentado-ao-publico\\\/\"},\"author\":{\"name\":\"Reda\u00e7\u00e3o JO\",\"@id\":\"https:\\\/\\\/jornaldasoficinas.com\\\/pt\\\/#\\\/schema\\\/person\\\/a38eef5de2c41d9e7c9ac10141afddf3\"},\"headline\":\"Futurmotive &#8211; Expo &#038; Talks apresentado ao p\u00fablico\",\"datePublished\":\"2023-03-20T10:00:25+00:00\",\"dateModified\":\"2023-07-19T14:42:32+00:00\",\"mainEntityOfPage\":{\"@id\":\"https:\\\/\\\/jornaldasoficinas.com\\\/pt\\\/futurmotive-expo-talks-apresentado-ao-publico\\\/\"},\"wordCount\":1048,\"publisher\":{\"@id\":\"https:\\\/\\\/jornaldasoficinas.com\\\/pt\\\/#organization\"},\"image\":{\"@id\":\"https:\\\/\\\/jornaldasoficinas.com\\\/pt\\\/futurmotive-expo-talks-apresentado-ao-publico\\\/#primaryimage\"},\"thumbnailUrl\":\"https:\\\/\\\/jornaldasoficinas.com\\\/pt\\\/wp-content\\\/uploads\\\/2023\\\/03\\\/Futurmotive-Expo-Talks-apresentado-ao-publico.png\",\"keywords\":[\"16 a 18 de novembro\",\"ANFIA\",\"Autopromotec\",\"Bolonha\",\"CLEPA\",\"Confer\u00eancias\",\"EGEA\",\"Feira\",\"Futuremotive\",\"Futurmotive - Expo &amp; Talks\",\"It\u00e1lia\",\"Webinar\"],\"articleSection\":[\"Empresas\"],\"inLanguage\":\"pt-PT\"},{\"@type\":\"WebPage\",\"@id\":\"https:\\\/\\\/jornaldasoficinas.com\\\/pt\\\/futurmotive-expo-talks-apresentado-ao-publico\\\/\",\"url\":\"https:\\\/\\\/jornaldasoficinas.com\\\/pt\\\/futurmotive-expo-talks-apresentado-ao-publico\\\/\",\"name\":\"Futurmotive - Expo & Talks apresentado ao p\u00fablico - Jornal das Oficinas\",\"isPartOf\":{\"@id\":\"https:\\\/\\\/jornaldasoficinas.com\\\/pt\\\/#website\"},\"primaryImageOfPage\":{\"@id\":\"https:\\\/\\\/jornaldasoficinas.com\\\/pt\\\/futurmotive-expo-talks-apresentado-ao-publico\\\/#primaryimage\"},\"image\":{\"@id\":\"https:\\\/\\\/jornaldasoficinas.com\\\/pt\\\/futurmotive-expo-talks-apresentado-ao-publico\\\/#primaryimage\"},\"thumbnailUrl\":\"https:\\\/\\\/jornaldasoficinas.com\\\/pt\\\/wp-content\\\/uploads\\\/2023\\\/03\\\/Futurmotive-Expo-Talks-apresentado-ao-publico.png\",\"datePublished\":\"2023-03-20T10:00:25+00:00\",\"dateModified\":\"2023-07-19T14:42:32+00:00\",\"description\":\"O encontro, envolvendo alguns dos principais representantes das associa\u00e7\u00f5es comerciais europeias foi a ocasi\u00e3o para apresentar o evento\",\"breadcrumb\":{\"@id\":\"https:\\\/\\\/jornaldasoficinas.com\\\/pt\\\/futurmotive-expo-talks-apresentado-ao-publico\\\/#breadcrumb\"},\"inLanguage\":\"pt-PT\",\"potentialAction\":[{\"@type\":\"ReadAction\",\"target\":[\"https:\\\/\\\/jornaldasoficinas.com\\\/pt\\\/futurmotive-expo-talks-apresentado-ao-publico\\\/\"]}]},{\"@type\":\"ImageObject\",\"inLanguage\":\"pt-PT\",\"@id\":\"https:\\\/\\\/jornaldasoficinas.com\\\/pt\\\/futurmotive-expo-talks-apresentado-ao-publico\\\/#primaryimage\",\"url\":\"https:\\\/\\\/jornaldasoficinas.com\\\/pt\\\/wp-content\\\/uploads\\\/2023\\\/03\\\/Futurmotive-Expo-Talks-apresentado-ao-publico.png\",\"contentUrl\":\"https:\\\/\\\/jornaldasoficinas.com\\\/pt\\\/wp-content\\\/uploads\\\/2023\\\/03\\\/Futurmotive-Expo-Talks-apresentado-ao-publico.png\",\"width\":1024,\"height\":581,\"caption\":\"03 - Futurmotive Expo Talks apresentado ao publico\"},{\"@type\":\"BreadcrumbList\",\"@id\":\"https:\\\/\\\/jornaldasoficinas.com\\\/pt\\\/futurmotive-expo-talks-apresentado-ao-publico\\\/#breadcrumb\",\"itemListElement\":[{\"@type\":\"ListItem\",\"position\":1,\"name\":\"In\u00edcio\",\"item\":\"https:\\\/\\\/jornaldasoficinas.com\\\/pt\\\/\"},{\"@type\":\"ListItem\",\"position\":2,\"name\":\"Futurmotive &#8211; Expo &#038; Talks apresentado ao p\u00fablico\"}]},{\"@type\":\"WebSite\",\"@id\":\"https:\\\/\\\/jornaldasoficinas.com\\\/pt\\\/#website\",\"url\":\"https:\\\/\\\/jornaldasoficinas.com\\\/pt\\\/\",\"name\":\"Jornal das Oficinas\",\"description\":\"Jornal independente do Aftermarket Autom\u00f3vel em Portugal\",\"publisher\":{\"@id\":\"https:\\\/\\\/jornaldasoficinas.com\\\/pt\\\/#organization\"},\"potentialAction\":[{\"@type\":\"SearchAction\",\"target\":{\"@type\":\"EntryPoint\",\"urlTemplate\":\"https:\\\/\\\/jornaldasoficinas.com\\\/pt\\\/?s={search_term_string}\"},\"query-input\":{\"@type\":\"PropertyValueSpecification\",\"valueRequired\":true,\"valueName\":\"search_term_string\"}}],\"inLanguage\":\"pt-PT\"},{\"@type\":\"Organization\",\"@id\":\"https:\\\/\\\/jornaldasoficinas.com\\\/pt\\\/#organization\",\"name\":\"Jornal das Oficinas\",\"url\":\"https:\\\/\\\/jornaldasoficinas.com\\\/pt\\\/\",\"logo\":{\"@type\":\"ImageObject\",\"inLanguage\":\"pt-PT\",\"@id\":\"https:\\\/\\\/jornaldasoficinas.com\\\/pt\\\/#\\\/schema\\\/logo\\\/image\\\/\",\"url\":\"https:\\\/\\\/jornaldasoficinas.com\\\/pt\\\/wp-content\\\/uploads\\\/logoJO-SEO.png\",\"contentUrl\":\"https:\\\/\\\/jornaldasoficinas.com\\\/pt\\\/wp-content\\\/uploads\\\/logoJO-SEO.png\",\"width\":285,\"height\":450,\"caption\":\"Jornal das Oficinas\"},\"image\":{\"@id\":\"https:\\\/\\\/jornaldasoficinas.com\\\/pt\\\/#\\\/schema\\\/logo\\\/image\\\/\"},\"sameAs\":[\"https:\\\/\\\/www.facebook.com\\\/jornaloficinas\",\"https:\\\/\\\/x.com\\\/jornaloficinas\",\"https:\\\/\\\/www.instagram.com\\\/jornal_oficinas\\\/\",\"https:\\\/\\\/www.linkedin.com\\\/company\\\/jornal-das-oficinas\\\/\",\"https:\\\/\\\/www.youtube.com\\\/channel\\\/UCbQZBqtcvV-oSQrr7RzINGg\"]},{\"@type\":\"Person\",\"@id\":\"https:\\\/\\\/jornaldasoficinas.com\\\/pt\\\/#\\\/schema\\\/person\\\/a38eef5de2c41d9e7c9ac10141afddf3\",\"name\":\"Reda\u00e7\u00e3o JO\",\"image\":{\"@type\":\"ImageObject\",\"inLanguage\":\"pt-PT\",\"@id\":\"https:\\\/\\\/secure.gravatar.com\\\/avatar\\\/71f2fa71737ad68a84fea94bc708ddac8ea5b0c4788dc2ad202f3ccb2887742f?s=96&d=wp_user_avatar&r=g\",\"url\":\"https:\\\/\\\/secure.gravatar.com\\\/avatar\\\/71f2fa71737ad68a84fea94bc708ddac8ea5b0c4788dc2ad202f3ccb2887742f?s=96&d=wp_user_avatar&r=g\",\"contentUrl\":\"https:\\\/\\\/secure.gravatar.com\\\/avatar\\\/71f2fa71737ad68a84fea94bc708ddac8ea5b0c4788dc2ad202f3ccb2887742f?s=96&d=wp_user_avatar&r=g\",\"caption\":\"Reda\u00e7\u00e3o JO\"},\"url\":\"https:\\\/\\\/jornaldasoficinas.com\\\/pt\\\/author\\\/joredacao\\\/\"}]}<\/script>\n<!-- \/ Yoast SEO plugin. -->","yoast_head_json":{"title":"Futurmotive - Expo & Talks apresentado ao p\u00fablico - Jornal das Oficinas","description":"O encontro, envolvendo alguns dos principais representantes das associa\u00e7\u00f5es comerciais europeias foi a ocasi\u00e3o para apresentar o evento","robots":{"index":"index","follow":"follow","max-snippet":"max-snippet:-1","max-image-preview":"max-image-preview:large","max-video-preview":"max-video-preview:-1"},"canonical":"https:\/\/jornaldasoficinas.com\/pt\/futurmotive-expo-talks-apresentado-ao-publico\/","og_locale":"pt_PT","og_type":"article","og_title":"Futurmotive - Expo & Talks apresentado ao p\u00fablico - Jornal das Oficinas","og_description":"O encontro, envolvendo alguns dos principais representantes das associa\u00e7\u00f5es comerciais europeias foi a ocasi\u00e3o para apresentar o evento","og_url":"https:\/\/jornaldasoficinas.com\/pt\/futurmotive-expo-talks-apresentado-ao-publico\/","og_site_name":"Jornal das Oficinas","article_publisher":"https:\/\/www.facebook.com\/jornaloficinas","article_published_time":"2023-03-20T10:00:25+00:00","article_modified_time":"2023-07-19T14:42:32+00:00","og_image":[{"width":1024,"height":581,"url":"https:\/\/jornaldasoficinas.com\/pt\/wp-content\/uploads\/2023\/03\/Futurmotive-Expo-Talks-apresentado-ao-publico.png","type":"image\/png"}],"author":"Reda\u00e7\u00e3o JO","twitter_card":"summary_large_image","twitter_creator":"@jornaloficinas","twitter_site":"@jornaloficinas","twitter_misc":{"Escrito por":"Reda\u00e7\u00e3o JO","Tempo estimado de leitura":"5 minutos"},"schema":{"@context":"https:\/\/schema.org","@graph":[{"@type":"Article","@id":"https:\/\/jornaldasoficinas.com\/pt\/futurmotive-expo-talks-apresentado-ao-publico\/#article","isPartOf":{"@id":"https:\/\/jornaldasoficinas.com\/pt\/futurmotive-expo-talks-apresentado-ao-publico\/"},"author":{"name":"Reda\u00e7\u00e3o JO","@id":"https:\/\/jornaldasoficinas.com\/pt\/#\/schema\/person\/a38eef5de2c41d9e7c9ac10141afddf3"},"headline":"Futurmotive &#8211; Expo &#038; Talks apresentado ao p\u00fablico","datePublished":"2023-03-20T10:00:25+00:00","dateModified":"2023-07-19T14:42:32+00:00","mainEntityOfPage":{"@id":"https:\/\/jornaldasoficinas.com\/pt\/futurmotive-expo-talks-apresentado-ao-publico\/"},"wordCount":1048,"publisher":{"@id":"https:\/\/jornaldasoficinas.com\/pt\/#organization"},"image":{"@id":"https:\/\/jornaldasoficinas.com\/pt\/futurmotive-expo-talks-apresentado-ao-publico\/#primaryimage"},"thumbnailUrl":"https:\/\/jornaldasoficinas.com\/pt\/wp-content\/uploads\/2023\/03\/Futurmotive-Expo-Talks-apresentado-ao-publico.png","keywords":["16 a 18 de novembro","ANFIA","Autopromotec","Bolonha","CLEPA","Confer\u00eancias","EGEA","Feira","Futuremotive","Futurmotive - Expo &amp; Talks","It\u00e1lia","Webinar"],"articleSection":["Empresas"],"inLanguage":"pt-PT"},{"@type":"WebPage","@id":"https:\/\/jornaldasoficinas.com\/pt\/futurmotive-expo-talks-apresentado-ao-publico\/","url":"https:\/\/jornaldasoficinas.com\/pt\/futurmotive-expo-talks-apresentado-ao-publico\/","name":"Futurmotive - Expo & Talks apresentado ao p\u00fablico - Jornal das Oficinas","isPartOf":{"@id":"https:\/\/jornaldasoficinas.com\/pt\/#website"},"primaryImageOfPage":{"@id":"https:\/\/jornaldasoficinas.com\/pt\/futurmotive-expo-talks-apresentado-ao-publico\/#primaryimage"},"image":{"@id":"https:\/\/jornaldasoficinas.com\/pt\/futurmotive-expo-talks-apresentado-ao-publico\/#primaryimage"},"thumbnailUrl":"https:\/\/jornaldasoficinas.com\/pt\/wp-content\/uploads\/2023\/03\/Futurmotive-Expo-Talks-apresentado-ao-publico.png","datePublished":"2023-03-20T10:00:25+00:00","dateModified":"2023-07-19T14:42:32+00:00","description":"O encontro, envolvendo alguns dos principais representantes das associa\u00e7\u00f5es comerciais europeias foi a ocasi\u00e3o para apresentar o evento","breadcrumb":{"@id":"https:\/\/jornaldasoficinas.com\/pt\/futurmotive-expo-talks-apresentado-ao-publico\/#breadcrumb"},"inLanguage":"pt-PT","potentialAction":[{"@type":"ReadAction","target":["https:\/\/jornaldasoficinas.com\/pt\/futurmotive-expo-talks-apresentado-ao-publico\/"]}]},{"@type":"ImageObject","inLanguage":"pt-PT","@id":"https:\/\/jornaldasoficinas.com\/pt\/futurmotive-expo-talks-apresentado-ao-publico\/#primaryimage","url":"https:\/\/jornaldasoficinas.com\/pt\/wp-content\/uploads\/2023\/03\/Futurmotive-Expo-Talks-apresentado-ao-publico.png","contentUrl":"https:\/\/jornaldasoficinas.com\/pt\/wp-content\/uploads\/2023\/03\/Futurmotive-Expo-Talks-apresentado-ao-publico.png","width":1024,"height":581,"caption":"03 - Futurmotive Expo Talks apresentado ao publico"},{"@type":"BreadcrumbList","@id":"https:\/\/jornaldasoficinas.com\/pt\/futurmotive-expo-talks-apresentado-ao-publico\/#breadcrumb","itemListElement":[{"@type":"ListItem","position":1,"name":"In\u00edcio","item":"https:\/\/jornaldasoficinas.com\/pt\/"},{"@type":"ListItem","position":2,"name":"Futurmotive &#8211; Expo &#038; Talks apresentado ao p\u00fablico"}]},{"@type":"WebSite","@id":"https:\/\/jornaldasoficinas.com\/pt\/#website","url":"https:\/\/jornaldasoficinas.com\/pt\/","name":"Jornal das Oficinas","description":"Jornal independente do Aftermarket Autom\u00f3vel em Portugal","publisher":{"@id":"https:\/\/jornaldasoficinas.com\/pt\/#organization"},"potentialAction":[{"@type":"SearchAction","target":{"@type":"EntryPoint","urlTemplate":"https:\/\/jornaldasoficinas.com\/pt\/?s={search_term_string}"},"query-input":{"@type":"PropertyValueSpecification","valueRequired":true,"valueName":"search_term_string"}}],"inLanguage":"pt-PT"},{"@type":"Organization","@id":"https:\/\/jornaldasoficinas.com\/pt\/#organization","name":"Jornal das Oficinas","url":"https:\/\/jornaldasoficinas.com\/pt\/","logo":{"@type":"ImageObject","inLanguage":"pt-PT","@id":"https:\/\/jornaldasoficinas.com\/pt\/#\/schema\/logo\/image\/","url":"https:\/\/jornaldasoficinas.com\/pt\/wp-content\/uploads\/logoJO-SEO.png","contentUrl":"https:\/\/jornaldasoficinas.com\/pt\/wp-content\/uploads\/logoJO-SEO.png","width":285,"height":450,"caption":"Jornal das Oficinas"},"image":{"@id":"https:\/\/jornaldasoficinas.com\/pt\/#\/schema\/logo\/image\/"},"sameAs":["https:\/\/www.facebook.com\/jornaloficinas","https:\/\/x.com\/jornaloficinas","https:\/\/www.instagram.com\/jornal_oficinas\/","https:\/\/www.linkedin.com\/company\/jornal-das-oficinas\/","https:\/\/www.youtube.com\/channel\/UCbQZBqtcvV-oSQrr7RzINGg"]},{"@type":"Person","@id":"https:\/\/jornaldasoficinas.com\/pt\/#\/schema\/person\/a38eef5de2c41d9e7c9ac10141afddf3","name":"Reda\u00e7\u00e3o JO","image":{"@type":"ImageObject","inLanguage":"pt-PT","@id":"https:\/\/secure.gravatar.com\/avatar\/71f2fa71737ad68a84fea94bc708ddac8ea5b0c4788dc2ad202f3ccb2887742f?s=96&d=wp_user_avatar&r=g","url":"https:\/\/secure.gravatar.com\/avatar\/71f2fa71737ad68a84fea94bc708ddac8ea5b0c4788dc2ad202f3ccb2887742f?s=96&d=wp_user_avatar&r=g","contentUrl":"https:\/\/secure.gravatar.com\/avatar\/71f2fa71737ad68a84fea94bc708ddac8ea5b0c4788dc2ad202f3ccb2887742f?s=96&d=wp_user_avatar&r=g","caption":"Reda\u00e7\u00e3o JO"},"url":"https:\/\/jornaldasoficinas.com\/pt\/author\/joredacao\/"}]}},"_links":{"self":[{"href":"https:\/\/jornaldasoficinas.com\/pt\/wp-json\/wp\/v2\/posts\/63820","targetHints":{"allow":["GET"]}}],"collection":[{"href":"https:\/\/jornaldasoficinas.com\/pt\/wp-json\/wp\/v2\/posts"}],"about":[{"href":"https:\/\/jornaldasoficinas.com\/pt\/wp-json\/wp\/v2\/types\/post"}],"author":[{"embeddable":true,"href":"https:\/\/jornaldasoficinas.com\/pt\/wp-json\/wp\/v2\/users\/15"}],"replies":[{"embeddable":true,"href":"https:\/\/jornaldasoficinas.com\/pt\/wp-json\/wp\/v2\/comments?post=63820"}],"version-history":[{"count":0,"href":"https:\/\/jornaldasoficinas.com\/pt\/wp-json\/wp\/v2\/posts\/63820\/revisions"}],"wp:featuredmedia":[{"embeddable":true,"href":"https:\/\/jornaldasoficinas.com\/pt\/wp-json\/wp\/v2\/media\/63713"}],"wp:attachment":[{"href":"https:\/\/jornaldasoficinas.com\/pt\/wp-json\/wp\/v2\/media?parent=63820"}],"wp:term":[{"taxonomy":"category","embeddable":true,"href":"https:\/\/jornaldasoficinas.com\/pt\/wp-json\/wp\/v2\/categories?post=63820"},{"taxonomy":"post_tag","embeddable":true,"href":"https:\/\/jornaldasoficinas.com\/pt\/wp-json\/wp\/v2\/tags?post=63820"}],"curies":[{"name":"wp","href":"https:\/\/api.w.org\/{rel}","templated":true}]}}