{"id":63829,"date":"2023-03-20T14:00:17","date_gmt":"2023-03-20T14:00:17","guid":{"rendered":"https:\/\/jornaldasoficinas.com\/pt\/?p=63829"},"modified":"2023-03-20T09:17:28","modified_gmt":"2023-03-20T09:17:28","slug":"metalcaucho-colabora-com-escola-de-formacao-profissional","status":"publish","type":"post","link":"https:\/\/jornaldasoficinas.com\/pt\/metalcaucho-colabora-com-escola-de-formacao-profissional\/","title":{"rendered":"Metalcaucho colabora com Escola de Forma\u00e7\u00e3o Profissional"},"content":{"rendered":"<p><img loading=\"lazy\" decoding=\"async\" class=\"alignnone size-full wp-image-63715\" src=\"https:\/\/jornaldasoficinas.com\/pt\/wp-content\/uploads\/2023\/03\/Metalcaucho-colabora-com-Escola-de-Formacao-Profissional.jpg\" alt=\"03 - Metalcaucho colabora com Escola de Formacao Profissional\" width=\"1024\" height=\"581\" srcset=\"https:\/\/jornaldasoficinas.com\/pt\/wp-content\/uploads\/2023\/03\/Metalcaucho-colabora-com-Escola-de-Formacao-Profissional.jpg 1024w, https:\/\/jornaldasoficinas.com\/pt\/wp-content\/uploads\/2023\/03\/Metalcaucho-colabora-com-Escola-de-Formacao-Profissional-300x170.jpg 300w, https:\/\/jornaldasoficinas.com\/pt\/wp-content\/uploads\/2023\/03\/Metalcaucho-colabora-com-Escola-de-Formacao-Profissional-150x85.jpg 150w, https:\/\/jornaldasoficinas.com\/pt\/wp-content\/uploads\/2023\/03\/Metalcaucho-colabora-com-Escola-de-Formacao-Profissional-768x436.jpg 768w\" sizes=\"auto, (max-width: 1024px) 100vw, 1024px\" \/><\/p>\n<p><strong>A <a href=\"https:\/\/www.metalcaucho.com\/cabecera\/es\/\" target=\"_blank\" rel=\"noopener\">Metalcaucho<\/a>, o principal fornecedor europeu de pe\u00e7as sobressalentes de borracha e metal para o sector autom\u00f3vel, quer dar o seu contributo na forma\u00e7\u00e3o da mec\u00e2nica do futuro<\/strong><\/p>\n<p>Por este motivo, a 24 de Fevereiro, um dos principais membros do departamento de qualidade da empresa com sede em Barcelona, Juan M\u00e1rmol, visitou o Centre T\u00e8cnic del Vall\u00e8s (CTV) para dar uma palestra aos estudantes do Curso Superior de Automobilismo.<\/p>\n<p>Este evento realizou-se no \u00e2mbito da semana de orienta\u00e7\u00e3o profissional que a Escola prepara todos os anos, com o objetivo de proporcionar um ponto de vista externo, alargando a vis\u00e3o dos estudantes sobre as diferentes oportunidades de emprego. Na palestra dada pelo respons\u00e1vel da Metalcaucho, foi discutida a import\u00e2ncia da predisposi\u00e7\u00e3o de cada pessoa para enfrentar novos desafios e lutar pelos seus objetivos profissionais, e a participa\u00e7\u00e3o e as quest\u00f5es dos estudantes foram de grande import\u00e2ncia.<\/p>\n<p>De acordo com Juan M\u00e1rmol &#8220;falar com os estudantes foi uma grande experi\u00eancia&#8221;. Falei-lhes da minha carreira como mec\u00e2nico e em empresas do sector. Sublinhei que quase tudo \u00e9 uma quest\u00e3o de atitude e que eles n\u00e3o devem ter medo de bater \u00e0s portas apropriadas, e oferecer-se para colaborar a fim de aprender e crescer como profissionais&#8221;.<\/p>\n<p>Segundo Edgar Gir\u00f3n, professor da CTV, &#8220;os alunos ficaram muito satisfeitos com as explica\u00e7\u00f5es do orador e com a resolu\u00e7\u00e3o de d\u00favidas. Acreditamos que foi de grande interesse para eles, e acreditamos que este tipo de contribui\u00e7\u00e3o \u00e9 uma boa liga\u00e7\u00e3o entre a forma\u00e7\u00e3o e o campo profissional. Estamos muito gratos pela colabora\u00e7\u00e3o da Metalcaucho, \u00e9 importante que as empresas do sector se aproximem dos futuros profissionais do setor&#8221;.<\/p>\n<p>O CTV \u00e9 uma escola de forma\u00e7\u00e3o profissional autom\u00f3vel ligada ao grupo de centros da Escola T\u00e9cnica de Girona, especialistas em forma\u00e7\u00e3o profissional desde 1990. Juan M\u00e1rmol \u00e9 um mec\u00e2nico de renome com vasta experi\u00eancia em alta competi\u00e7\u00e3o, incluindo a participa\u00e7\u00e3o no rally de Dakar, ou a colabora\u00e7\u00e3o com fabricantes do sector autom\u00f3vel, como a Nissan e Seat, e que trabalha na Metalcaucho h\u00e1 6 anos, prestando apoio t\u00e9cnico na an\u00e1lise de produtos e contribuindo com os seus conhecimentos de mec\u00e2nica para os diferentes departamentos da empresa.<\/p>\n<p>Com esta primeira a\u00e7\u00e3o, a Metalcaucho e o Centre T\u00e8cnic del Vall\u00e8s iniciam uma liga\u00e7\u00e3o entre empresa e escola, na qual s\u00e3o estudadas v\u00e1rias f\u00f3rmulas de colabora\u00e7\u00e3o para um caminho comum, ben\u00e9fico para ambas as partes. Por um lado, a doa\u00e7\u00e3o de material pelo l\u00edder europeu em pe\u00e7as sobressalentes \u00e0 escola para proporcionar forma\u00e7\u00e3o t\u00e9cnica aos seus alunos, e assim facilitar a aprendizagem pr\u00e1tica gra\u00e7as \u00e0 possibilidade de contar com produtos reais. E, por outro lado, a apresenta\u00e7\u00e3o de candidatos no banco de empregos da empresa, e assim ajudar os estudantes na inser\u00e7\u00e3o no mercado de trabalho real, e especificamente numa empresa do sector autom\u00f3vel, sendo a especialidade que estudaram.<\/p>\n","protected":false},"excerpt":{"rendered":"<p>A Metalcaucho, o principal fornecedor europeu&#8230;<\/p>\n","protected":false},"author":15,"featured_media":63715,"comment_status":"closed","ping_status":"closed","sticky":false,"template":"","format":"standard","meta":{"footnotes":""},"categories":[29],"tags":[212,4691,207,3208,4345],"class_list":["post-63829","post","type-post","status-publish","format-standard","has-post-thumbnail","hentry","category-empresas","tag-formacao","tag-fornecedor-europeu","tag-metalcaucho","tag-pecas-sobressalentes","tag-sector-automovel"],"yoast_head":"<!-- This site is optimized with the Yoast SEO plugin v27.4 - https:\/\/yoast.com\/product\/yoast-seo-wordpress\/ -->\n<title>Metalcaucho colabora com Escola de Forma\u00e7\u00e3o Profissional - Jornal das Oficinas<\/title>\n<meta name=\"description\" content=\"A Metalcaucho, fornecedor europeu de pe\u00e7as sobressalentes de borracha e metal, quer dar o seu contributo na forma\u00e7\u00e3o da mec\u00e2nica do futuro\" \/>\n<meta name=\"robots\" content=\"index, follow, max-snippet:-1, max-image-preview:large, max-video-preview:-1\" \/>\n<link rel=\"canonical\" href=\"https:\/\/jornaldasoficinas.com\/pt\/metalcaucho-colabora-com-escola-de-formacao-profissional\/\" \/>\n<meta property=\"og:locale\" content=\"pt_PT\" \/>\n<meta property=\"og:type\" content=\"article\" \/>\n<meta property=\"og:title\" content=\"Metalcaucho colabora com Escola de Forma\u00e7\u00e3o Profissional - Jornal das Oficinas\" \/>\n<meta property=\"og:description\" content=\"A Metalcaucho, fornecedor europeu de pe\u00e7as sobressalentes de borracha e metal, quer dar o seu contributo na forma\u00e7\u00e3o da mec\u00e2nica do futuro\" \/>\n<meta property=\"og:url\" content=\"https:\/\/jornaldasoficinas.com\/pt\/metalcaucho-colabora-com-escola-de-formacao-profissional\/\" \/>\n<meta property=\"og:site_name\" content=\"Jornal das Oficinas\" \/>\n<meta property=\"article:publisher\" content=\"https:\/\/www.facebook.com\/jornaloficinas\" \/>\n<meta property=\"article:published_time\" content=\"2023-03-20T14:00:17+00:00\" \/>\n<meta property=\"og:image\" content=\"https:\/\/jornaldasoficinas.com\/pt\/wp-content\/uploads\/2023\/03\/Metalcaucho-colabora-com-Escola-de-Formacao-Profissional.jpg\" \/>\n\t<meta property=\"og:image:width\" content=\"1024\" \/>\n\t<meta property=\"og:image:height\" content=\"581\" \/>\n\t<meta property=\"og:image:type\" content=\"image\/jpeg\" \/>\n<meta name=\"author\" content=\"Reda\u00e7\u00e3o JO\" \/>\n<meta name=\"twitter:card\" content=\"summary_large_image\" \/>\n<meta name=\"twitter:creator\" content=\"@jornaloficinas\" \/>\n<meta name=\"twitter:site\" content=\"@jornaloficinas\" \/>\n<meta name=\"twitter:label1\" content=\"Escrito por\" \/>\n\t<meta name=\"twitter:data1\" content=\"Reda\u00e7\u00e3o JO\" \/>\n\t<meta name=\"twitter:label2\" content=\"Tempo estimado de leitura\" \/>\n\t<meta name=\"twitter:data2\" content=\"3 minutos\" \/>\n<script type=\"application\/ld+json\" class=\"yoast-schema-graph\">{\"@context\":\"https:\\\/\\\/schema.org\",\"@graph\":[{\"@type\":\"Article\",\"@id\":\"https:\\\/\\\/jornaldasoficinas.com\\\/pt\\\/metalcaucho-colabora-com-escola-de-formacao-profissional\\\/#article\",\"isPartOf\":{\"@id\":\"https:\\\/\\\/jornaldasoficinas.com\\\/pt\\\/metalcaucho-colabora-com-escola-de-formacao-profissional\\\/\"},\"author\":{\"name\":\"Reda\u00e7\u00e3o JO\",\"@id\":\"https:\\\/\\\/jornaldasoficinas.com\\\/pt\\\/#\\\/schema\\\/person\\\/a38eef5de2c41d9e7c9ac10141afddf3\"},\"headline\":\"Metalcaucho colabora com Escola de Forma\u00e7\u00e3o Profissional\",\"datePublished\":\"2023-03-20T14:00:17+00:00\",\"mainEntityOfPage\":{\"@id\":\"https:\\\/\\\/jornaldasoficinas.com\\\/pt\\\/metalcaucho-colabora-com-escola-de-formacao-profissional\\\/\"},\"wordCount\":527,\"publisher\":{\"@id\":\"https:\\\/\\\/jornaldasoficinas.com\\\/pt\\\/#organization\"},\"image\":{\"@id\":\"https:\\\/\\\/jornaldasoficinas.com\\\/pt\\\/metalcaucho-colabora-com-escola-de-formacao-profissional\\\/#primaryimage\"},\"thumbnailUrl\":\"https:\\\/\\\/jornaldasoficinas.com\\\/pt\\\/wp-content\\\/uploads\\\/2023\\\/03\\\/Metalcaucho-colabora-com-Escola-de-Formacao-Profissional.jpg\",\"keywords\":[\"Forma\u00e7\u00e3o\",\"fornecedor europeu\",\"Metalcaucho\",\"Pe\u00e7as sobressalentes\",\"sector autom\u00f3vel\"],\"articleSection\":[\"Empresas\"],\"inLanguage\":\"pt-PT\"},{\"@type\":\"WebPage\",\"@id\":\"https:\\\/\\\/jornaldasoficinas.com\\\/pt\\\/metalcaucho-colabora-com-escola-de-formacao-profissional\\\/\",\"url\":\"https:\\\/\\\/jornaldasoficinas.com\\\/pt\\\/metalcaucho-colabora-com-escola-de-formacao-profissional\\\/\",\"name\":\"Metalcaucho colabora com Escola de Forma\u00e7\u00e3o Profissional - Jornal das Oficinas\",\"isPartOf\":{\"@id\":\"https:\\\/\\\/jornaldasoficinas.com\\\/pt\\\/#website\"},\"primaryImageOfPage\":{\"@id\":\"https:\\\/\\\/jornaldasoficinas.com\\\/pt\\\/metalcaucho-colabora-com-escola-de-formacao-profissional\\\/#primaryimage\"},\"image\":{\"@id\":\"https:\\\/\\\/jornaldasoficinas.com\\\/pt\\\/metalcaucho-colabora-com-escola-de-formacao-profissional\\\/#primaryimage\"},\"thumbnailUrl\":\"https:\\\/\\\/jornaldasoficinas.com\\\/pt\\\/wp-content\\\/uploads\\\/2023\\\/03\\\/Metalcaucho-colabora-com-Escola-de-Formacao-Profissional.jpg\",\"datePublished\":\"2023-03-20T14:00:17+00:00\",\"description\":\"A Metalcaucho, fornecedor europeu de pe\u00e7as sobressalentes de borracha e metal, quer dar o seu contributo na forma\u00e7\u00e3o da mec\u00e2nica do futuro\",\"breadcrumb\":{\"@id\":\"https:\\\/\\\/jornaldasoficinas.com\\\/pt\\\/metalcaucho-colabora-com-escola-de-formacao-profissional\\\/#breadcrumb\"},\"inLanguage\":\"pt-PT\",\"potentialAction\":[{\"@type\":\"ReadAction\",\"target\":[\"https:\\\/\\\/jornaldasoficinas.com\\\/pt\\\/metalcaucho-colabora-com-escola-de-formacao-profissional\\\/\"]}]},{\"@type\":\"ImageObject\",\"inLanguage\":\"pt-PT\",\"@id\":\"https:\\\/\\\/jornaldasoficinas.com\\\/pt\\\/metalcaucho-colabora-com-escola-de-formacao-profissional\\\/#primaryimage\",\"url\":\"https:\\\/\\\/jornaldasoficinas.com\\\/pt\\\/wp-content\\\/uploads\\\/2023\\\/03\\\/Metalcaucho-colabora-com-Escola-de-Formacao-Profissional.jpg\",\"contentUrl\":\"https:\\\/\\\/jornaldasoficinas.com\\\/pt\\\/wp-content\\\/uploads\\\/2023\\\/03\\\/Metalcaucho-colabora-com-Escola-de-Formacao-Profissional.jpg\",\"width\":1024,\"height\":581,\"caption\":\"03 - Metalcaucho colabora com Escola de Formacao Profissional\"},{\"@type\":\"BreadcrumbList\",\"@id\":\"https:\\\/\\\/jornaldasoficinas.com\\\/pt\\\/metalcaucho-colabora-com-escola-de-formacao-profissional\\\/#breadcrumb\",\"itemListElement\":[{\"@type\":\"ListItem\",\"position\":1,\"name\":\"In\u00edcio\",\"item\":\"https:\\\/\\\/jornaldasoficinas.com\\\/pt\\\/\"},{\"@type\":\"ListItem\",\"position\":2,\"name\":\"Metalcaucho colabora com Escola de Forma\u00e7\u00e3o Profissional\"}]},{\"@type\":\"WebSite\",\"@id\":\"https:\\\/\\\/jornaldasoficinas.com\\\/pt\\\/#website\",\"url\":\"https:\\\/\\\/jornaldasoficinas.com\\\/pt\\\/\",\"name\":\"Jornal das Oficinas\",\"description\":\"Jornal independente do Aftermarket Autom\u00f3vel em Portugal\",\"publisher\":{\"@id\":\"https:\\\/\\\/jornaldasoficinas.com\\\/pt\\\/#organization\"},\"potentialAction\":[{\"@type\":\"SearchAction\",\"target\":{\"@type\":\"EntryPoint\",\"urlTemplate\":\"https:\\\/\\\/jornaldasoficinas.com\\\/pt\\\/?s={search_term_string}\"},\"query-input\":{\"@type\":\"PropertyValueSpecification\",\"valueRequired\":true,\"valueName\":\"search_term_string\"}}],\"inLanguage\":\"pt-PT\"},{\"@type\":\"Organization\",\"@id\":\"https:\\\/\\\/jornaldasoficinas.com\\\/pt\\\/#organization\",\"name\":\"Jornal das Oficinas\",\"url\":\"https:\\\/\\\/jornaldasoficinas.com\\\/pt\\\/\",\"logo\":{\"@type\":\"ImageObject\",\"inLanguage\":\"pt-PT\",\"@id\":\"https:\\\/\\\/jornaldasoficinas.com\\\/pt\\\/#\\\/schema\\\/logo\\\/image\\\/\",\"url\":\"https:\\\/\\\/jornaldasoficinas.com\\\/pt\\\/wp-content\\\/uploads\\\/logoJO-SEO.png\",\"contentUrl\":\"https:\\\/\\\/jornaldasoficinas.com\\\/pt\\\/wp-content\\\/uploads\\\/logoJO-SEO.png\",\"width\":285,\"height\":450,\"caption\":\"Jornal das Oficinas\"},\"image\":{\"@id\":\"https:\\\/\\\/jornaldasoficinas.com\\\/pt\\\/#\\\/schema\\\/logo\\\/image\\\/\"},\"sameAs\":[\"https:\\\/\\\/www.facebook.com\\\/jornaloficinas\",\"https:\\\/\\\/x.com\\\/jornaloficinas\",\"https:\\\/\\\/www.instagram.com\\\/jornal_oficinas\\\/\",\"https:\\\/\\\/www.linkedin.com\\\/company\\\/jornal-das-oficinas\\\/\",\"https:\\\/\\\/www.youtube.com\\\/channel\\\/UCbQZBqtcvV-oSQrr7RzINGg\"]},{\"@type\":\"Person\",\"@id\":\"https:\\\/\\\/jornaldasoficinas.com\\\/pt\\\/#\\\/schema\\\/person\\\/a38eef5de2c41d9e7c9ac10141afddf3\",\"name\":\"Reda\u00e7\u00e3o JO\",\"image\":{\"@type\":\"ImageObject\",\"inLanguage\":\"pt-PT\",\"@id\":\"https:\\\/\\\/secure.gravatar.com\\\/avatar\\\/71f2fa71737ad68a84fea94bc708ddac8ea5b0c4788dc2ad202f3ccb2887742f?s=96&d=wp_user_avatar&r=g\",\"url\":\"https:\\\/\\\/secure.gravatar.com\\\/avatar\\\/71f2fa71737ad68a84fea94bc708ddac8ea5b0c4788dc2ad202f3ccb2887742f?s=96&d=wp_user_avatar&r=g\",\"contentUrl\":\"https:\\\/\\\/secure.gravatar.com\\\/avatar\\\/71f2fa71737ad68a84fea94bc708ddac8ea5b0c4788dc2ad202f3ccb2887742f?s=96&d=wp_user_avatar&r=g\",\"caption\":\"Reda\u00e7\u00e3o JO\"},\"url\":\"https:\\\/\\\/jornaldasoficinas.com\\\/pt\\\/author\\\/joredacao\\\/\"}]}<\/script>\n<!-- \/ Yoast SEO plugin. -->","yoast_head_json":{"title":"Metalcaucho colabora com Escola de Forma\u00e7\u00e3o Profissional - Jornal das Oficinas","description":"A Metalcaucho, fornecedor europeu de pe\u00e7as sobressalentes de borracha e metal, quer dar o seu contributo na forma\u00e7\u00e3o da mec\u00e2nica do futuro","robots":{"index":"index","follow":"follow","max-snippet":"max-snippet:-1","max-image-preview":"max-image-preview:large","max-video-preview":"max-video-preview:-1"},"canonical":"https:\/\/jornaldasoficinas.com\/pt\/metalcaucho-colabora-com-escola-de-formacao-profissional\/","og_locale":"pt_PT","og_type":"article","og_title":"Metalcaucho colabora com Escola de Forma\u00e7\u00e3o Profissional - Jornal das Oficinas","og_description":"A Metalcaucho, fornecedor europeu de pe\u00e7as sobressalentes de borracha e metal, quer dar o seu contributo na forma\u00e7\u00e3o da mec\u00e2nica do futuro","og_url":"https:\/\/jornaldasoficinas.com\/pt\/metalcaucho-colabora-com-escola-de-formacao-profissional\/","og_site_name":"Jornal das Oficinas","article_publisher":"https:\/\/www.facebook.com\/jornaloficinas","article_published_time":"2023-03-20T14:00:17+00:00","og_image":[{"width":1024,"height":581,"url":"https:\/\/jornaldasoficinas.com\/pt\/wp-content\/uploads\/2023\/03\/Metalcaucho-colabora-com-Escola-de-Formacao-Profissional.jpg","type":"image\/jpeg"}],"author":"Reda\u00e7\u00e3o JO","twitter_card":"summary_large_image","twitter_creator":"@jornaloficinas","twitter_site":"@jornaloficinas","twitter_misc":{"Escrito por":"Reda\u00e7\u00e3o JO","Tempo estimado de leitura":"3 minutos"},"schema":{"@context":"https:\/\/schema.org","@graph":[{"@type":"Article","@id":"https:\/\/jornaldasoficinas.com\/pt\/metalcaucho-colabora-com-escola-de-formacao-profissional\/#article","isPartOf":{"@id":"https:\/\/jornaldasoficinas.com\/pt\/metalcaucho-colabora-com-escola-de-formacao-profissional\/"},"author":{"name":"Reda\u00e7\u00e3o JO","@id":"https:\/\/jornaldasoficinas.com\/pt\/#\/schema\/person\/a38eef5de2c41d9e7c9ac10141afddf3"},"headline":"Metalcaucho colabora com Escola de Forma\u00e7\u00e3o Profissional","datePublished":"2023-03-20T14:00:17+00:00","mainEntityOfPage":{"@id":"https:\/\/jornaldasoficinas.com\/pt\/metalcaucho-colabora-com-escola-de-formacao-profissional\/"},"wordCount":527,"publisher":{"@id":"https:\/\/jornaldasoficinas.com\/pt\/#organization"},"image":{"@id":"https:\/\/jornaldasoficinas.com\/pt\/metalcaucho-colabora-com-escola-de-formacao-profissional\/#primaryimage"},"thumbnailUrl":"https:\/\/jornaldasoficinas.com\/pt\/wp-content\/uploads\/2023\/03\/Metalcaucho-colabora-com-Escola-de-Formacao-Profissional.jpg","keywords":["Forma\u00e7\u00e3o","fornecedor europeu","Metalcaucho","Pe\u00e7as sobressalentes","sector autom\u00f3vel"],"articleSection":["Empresas"],"inLanguage":"pt-PT"},{"@type":"WebPage","@id":"https:\/\/jornaldasoficinas.com\/pt\/metalcaucho-colabora-com-escola-de-formacao-profissional\/","url":"https:\/\/jornaldasoficinas.com\/pt\/metalcaucho-colabora-com-escola-de-formacao-profissional\/","name":"Metalcaucho colabora com Escola de Forma\u00e7\u00e3o Profissional - Jornal das Oficinas","isPartOf":{"@id":"https:\/\/jornaldasoficinas.com\/pt\/#website"},"primaryImageOfPage":{"@id":"https:\/\/jornaldasoficinas.com\/pt\/metalcaucho-colabora-com-escola-de-formacao-profissional\/#primaryimage"},"image":{"@id":"https:\/\/jornaldasoficinas.com\/pt\/metalcaucho-colabora-com-escola-de-formacao-profissional\/#primaryimage"},"thumbnailUrl":"https:\/\/jornaldasoficinas.com\/pt\/wp-content\/uploads\/2023\/03\/Metalcaucho-colabora-com-Escola-de-Formacao-Profissional.jpg","datePublished":"2023-03-20T14:00:17+00:00","description":"A Metalcaucho, fornecedor europeu de pe\u00e7as sobressalentes de borracha e metal, quer dar o seu contributo na forma\u00e7\u00e3o da mec\u00e2nica do futuro","breadcrumb":{"@id":"https:\/\/jornaldasoficinas.com\/pt\/metalcaucho-colabora-com-escola-de-formacao-profissional\/#breadcrumb"},"inLanguage":"pt-PT","potentialAction":[{"@type":"ReadAction","target":["https:\/\/jornaldasoficinas.com\/pt\/metalcaucho-colabora-com-escola-de-formacao-profissional\/"]}]},{"@type":"ImageObject","inLanguage":"pt-PT","@id":"https:\/\/jornaldasoficinas.com\/pt\/metalcaucho-colabora-com-escola-de-formacao-profissional\/#primaryimage","url":"https:\/\/jornaldasoficinas.com\/pt\/wp-content\/uploads\/2023\/03\/Metalcaucho-colabora-com-Escola-de-Formacao-Profissional.jpg","contentUrl":"https:\/\/jornaldasoficinas.com\/pt\/wp-content\/uploads\/2023\/03\/Metalcaucho-colabora-com-Escola-de-Formacao-Profissional.jpg","width":1024,"height":581,"caption":"03 - Metalcaucho colabora com Escola de Formacao Profissional"},{"@type":"BreadcrumbList","@id":"https:\/\/jornaldasoficinas.com\/pt\/metalcaucho-colabora-com-escola-de-formacao-profissional\/#breadcrumb","itemListElement":[{"@type":"ListItem","position":1,"name":"In\u00edcio","item":"https:\/\/jornaldasoficinas.com\/pt\/"},{"@type":"ListItem","position":2,"name":"Metalcaucho colabora com Escola de Forma\u00e7\u00e3o Profissional"}]},{"@type":"WebSite","@id":"https:\/\/jornaldasoficinas.com\/pt\/#website","url":"https:\/\/jornaldasoficinas.com\/pt\/","name":"Jornal das Oficinas","description":"Jornal independente do Aftermarket Autom\u00f3vel em Portugal","publisher":{"@id":"https:\/\/jornaldasoficinas.com\/pt\/#organization"},"potentialAction":[{"@type":"SearchAction","target":{"@type":"EntryPoint","urlTemplate":"https:\/\/jornaldasoficinas.com\/pt\/?s={search_term_string}"},"query-input":{"@type":"PropertyValueSpecification","valueRequired":true,"valueName":"search_term_string"}}],"inLanguage":"pt-PT"},{"@type":"Organization","@id":"https:\/\/jornaldasoficinas.com\/pt\/#organization","name":"Jornal das Oficinas","url":"https:\/\/jornaldasoficinas.com\/pt\/","logo":{"@type":"ImageObject","inLanguage":"pt-PT","@id":"https:\/\/jornaldasoficinas.com\/pt\/#\/schema\/logo\/image\/","url":"https:\/\/jornaldasoficinas.com\/pt\/wp-content\/uploads\/logoJO-SEO.png","contentUrl":"https:\/\/jornaldasoficinas.com\/pt\/wp-content\/uploads\/logoJO-SEO.png","width":285,"height":450,"caption":"Jornal das Oficinas"},"image":{"@id":"https:\/\/jornaldasoficinas.com\/pt\/#\/schema\/logo\/image\/"},"sameAs":["https:\/\/www.facebook.com\/jornaloficinas","https:\/\/x.com\/jornaloficinas","https:\/\/www.instagram.com\/jornal_oficinas\/","https:\/\/www.linkedin.com\/company\/jornal-das-oficinas\/","https:\/\/www.youtube.com\/channel\/UCbQZBqtcvV-oSQrr7RzINGg"]},{"@type":"Person","@id":"https:\/\/jornaldasoficinas.com\/pt\/#\/schema\/person\/a38eef5de2c41d9e7c9ac10141afddf3","name":"Reda\u00e7\u00e3o JO","image":{"@type":"ImageObject","inLanguage":"pt-PT","@id":"https:\/\/secure.gravatar.com\/avatar\/71f2fa71737ad68a84fea94bc708ddac8ea5b0c4788dc2ad202f3ccb2887742f?s=96&d=wp_user_avatar&r=g","url":"https:\/\/secure.gravatar.com\/avatar\/71f2fa71737ad68a84fea94bc708ddac8ea5b0c4788dc2ad202f3ccb2887742f?s=96&d=wp_user_avatar&r=g","contentUrl":"https:\/\/secure.gravatar.com\/avatar\/71f2fa71737ad68a84fea94bc708ddac8ea5b0c4788dc2ad202f3ccb2887742f?s=96&d=wp_user_avatar&r=g","caption":"Reda\u00e7\u00e3o JO"},"url":"https:\/\/jornaldasoficinas.com\/pt\/author\/joredacao\/"}]}},"_links":{"self":[{"href":"https:\/\/jornaldasoficinas.com\/pt\/wp-json\/wp\/v2\/posts\/63829","targetHints":{"allow":["GET"]}}],"collection":[{"href":"https:\/\/jornaldasoficinas.com\/pt\/wp-json\/wp\/v2\/posts"}],"about":[{"href":"https:\/\/jornaldasoficinas.com\/pt\/wp-json\/wp\/v2\/types\/post"}],"author":[{"embeddable":true,"href":"https:\/\/jornaldasoficinas.com\/pt\/wp-json\/wp\/v2\/users\/15"}],"replies":[{"embeddable":true,"href":"https:\/\/jornaldasoficinas.com\/pt\/wp-json\/wp\/v2\/comments?post=63829"}],"version-history":[{"count":0,"href":"https:\/\/jornaldasoficinas.com\/pt\/wp-json\/wp\/v2\/posts\/63829\/revisions"}],"wp:featuredmedia":[{"embeddable":true,"href":"https:\/\/jornaldasoficinas.com\/pt\/wp-json\/wp\/v2\/media\/63715"}],"wp:attachment":[{"href":"https:\/\/jornaldasoficinas.com\/pt\/wp-json\/wp\/v2\/media?parent=63829"}],"wp:term":[{"taxonomy":"category","embeddable":true,"href":"https:\/\/jornaldasoficinas.com\/pt\/wp-json\/wp\/v2\/categories?post=63829"},{"taxonomy":"post_tag","embeddable":true,"href":"https:\/\/jornaldasoficinas.com\/pt\/wp-json\/wp\/v2\/tags?post=63829"}],"curies":[{"name":"wp","href":"https:\/\/api.w.org\/{rel}","templated":true}]}}