{"id":63845,"date":"2023-03-20T12:30:15","date_gmt":"2023-03-20T12:30:15","guid":{"rendered":"https:\/\/jornaldasoficinas.com\/pt\/?p=63845"},"modified":"2023-07-19T16:01:08","modified_gmt":"2023-07-19T15:01:08","slug":"alidata-e-fujitsu-unidas-pela-transformacao-digital-e-ciberseguranca","status":"publish","type":"post","link":"https:\/\/jornaldasoficinas.com\/pt\/alidata-e-fujitsu-unidas-pela-transformacao-digital-e-ciberseguranca\/","title":{"rendered":"Alidata e Fujitsu unidas pela \u2018Transforma\u00e7\u00e3o Digital e Ciberseguran\u00e7a\u2019"},"content":{"rendered":"<p><strong><img loading=\"lazy\" decoding=\"async\" class=\"alignnone size-full wp-image-63833\" src=\"https:\/\/jornaldasoficinas.com\/pt\/wp-content\/uploads\/2023\/03\/Alidata-e-Fujitsu-unidas-pela-\u2018Transformacao-Digital-e-Ciberseguranca.jpeg\" alt=\"03 - Alidata e Fujitsu unidas pela \u2018Transformacao Digital e Ciberseguranca\" width=\"1024\" height=\"581\" srcset=\"https:\/\/jornaldasoficinas.com\/pt\/wp-content\/uploads\/2023\/03\/Alidata-e-Fujitsu-unidas-pela-\u2018Transformacao-Digital-e-Ciberseguranca.jpeg 1024w, https:\/\/jornaldasoficinas.com\/pt\/wp-content\/uploads\/2023\/03\/Alidata-e-Fujitsu-unidas-pela-\u2018Transformacao-Digital-e-Ciberseguranca-300x170.jpeg 300w, https:\/\/jornaldasoficinas.com\/pt\/wp-content\/uploads\/2023\/03\/Alidata-e-Fujitsu-unidas-pela-\u2018Transformacao-Digital-e-Ciberseguranca-150x85.jpeg 150w, https:\/\/jornaldasoficinas.com\/pt\/wp-content\/uploads\/2023\/03\/Alidata-e-Fujitsu-unidas-pela-\u2018Transformacao-Digital-e-Ciberseguranca-768x436.jpeg 768w\" sizes=\"auto, (max-width: 1024px) 100vw, 1024px\" \/><\/strong><\/p>\n<p><strong>No pr\u00f3ximo dia 23 de mar\u00e7o, a <a href=\"https:\/\/www.alidata.pt\/\" target=\"_blank\" rel=\"noopener\">Alidata<\/a> e a <a href=\"http:\/\/Fujitsu\" target=\"_blank\" rel=\"noopener\">Fujitsu<\/a>, organizam uma confer\u00eancia aberta a gestores e empres\u00e1rios da regi\u00e3o, o tema \u2018Transforma\u00e7\u00e3o Digital e Ciberseguran\u00e7a: Desafios e Solu\u00e7\u00f5es\u2019. Este encontro, ter\u00e1 lugar na <a href=\"https:\/\/www.nerlei.pt\/\" target=\"_blank\" rel=\"noopener\">NERLEI<\/a> &#8211; Associa\u00e7\u00e3o Empresarial da Regi\u00e3o de Leiria, das 9h \u00e0s 13h<\/strong><\/p>\n<p>O evento pretende abordar, de forma pr\u00e1tica, os desafios e solu\u00e7\u00f5es de dois temas prementes na gest\u00e3o das organiza\u00e7\u00f5es e que est\u00e3o na agenda de gestores e empres\u00e1rios de todos os setores de atividade: a transforma\u00e7\u00e3o digital e a ciberseguran\u00e7a.<\/p>\n<p>Segundo Fernando Amaral, CEO Alidata, \u201ca transforma\u00e7\u00e3o digital \u00e9 um processo essencial para manter os neg\u00f3cios competitivos. S\u00f3 com uma infraestrutura tecnol\u00f3gica bem planeada e robusta, com v\u00e1rias camadas de seguran\u00e7a e com uma equipa consciente e informada dos riscos e das suas responsabilidades \u00e9 poss\u00edvel ter sucesso no contexto que vivemos\u201d.<\/p>\n<p>O gestor acrescentou: \u201csolu\u00e7\u00f5es tecnol\u00f3gicas diversas, softwares, infraestrutura, bem como outros servi\u00e7os, aumentam a agilidade das empresas e melhoram a experi\u00eancia do cliente. No entanto, tamb\u00e9m aumentam a exposi\u00e7\u00e3o das empresas e os riscos de ciberseguran\u00e7a. \u00c9 da procura desse equil\u00edbrio de seguran\u00e7a que vamos tratar\u201d.<\/p>\n<p>Abordar a transforma\u00e7\u00e3o digital com sucesso e seguran\u00e7a \u00e9 o objetivo da confer\u00eancia organizada pela Alidata, que contar\u00e1 com um painel de especialistas que v\u00e3o partilhar com os participantes a sua experi\u00eancia, know-how, solu\u00e7\u00f5es e tecnologias. De entre os nomes presentes estar\u00e3o Fernando Amaral &#8211; CEO da Alidata e Chairman o Sendys Group, Manfred Ferreira &#8211; Fujitsu Cyber Security Business Developer &amp; Innovation, Carla Costa &#8211; Consultora de software do Sendys Group (Alidata, Sendys e Masterway), Nuno Leonardo \u2013 Fujitsu Datacenter Business Development Manager e Jo\u00e3o Lopes \u2013 WatchGuard Business Developer Manager.<\/p>\n<p><strong>Programa:<\/strong><\/p>\n<p>09H30\u00a0&#8211; Abertura e contextualiza\u00e7\u00e3o |\u00a0Fernando Amaral &#8211; Alidata<\/p>\n<p>09H45\u00a0&#8211; Ciberseguran\u00e7a como estrat\u00e9gia &#8211;\u00a0Manfred Ferreira &#8211; Fujitsu<\/p>\n<p>10H15 &#8211; Desmaterializa\u00e7\u00e3o de processos para alavancar a poupan\u00e7a, efici\u00eancia e rapidez: Solu\u00e7\u00e3o de Gest\u00e3o Documental, Arquivo Digital e BPM |\u00a0Carla Costa &#8211; Alidata<\/p>\n<p>11H00\u00a0&#8211; Coffee-break<\/p>\n<p>11H15 &#8211; Infraestruturas de suporte ao Software Alidata | Nuno Leonardo &#8211; Fujitsu<\/p>\n<p>11H45 &#8211; Ferramentas para ciberseguran\u00e7a das PME | Jo\u00e3o Lopes &#8211; <a href=\"https:\/\/www.watchguard.com\/br\/wgrd-partners\/channel-partner-program?utm_medium=ppc&amp;utm_source=google&amp;utm_campaign=pt:pt:20220504:pt_search_partners_program_broad:any:bs_notdefined&amp;utm_content=search_ad&amp;gclid=CjwKCAjwiOCgBhAgEiwAjv5whBh4jXh6N6oQq789ZrkA9ibNdYhzIenkCnmck4LF5sMyLyhhdFvwwhoC9KIQAvD_BwE\" target=\"_blank\" rel=\"noopener\">WatchGuard<\/a><\/p>\n<p>12H30\u00a0&#8211; Encerramento &#8211;\u00a0Fernando Amaral &#8211; Alidata<\/p>\n<p>12H45\u00a0&#8211; Almo\u00e7o de networking<\/p>\n","protected":false},"excerpt":{"rendered":"<p>No pr\u00f3ximo dia 23 de mar\u00e7o,&#8230;<\/p>\n","protected":false},"author":15,"featured_media":63833,"comment_status":"closed","ping_status":"closed","sticky":false,"template":"","format":"standard","meta":{"footnotes":""},"categories":[29,1],"tags":[122,3196,1978,4692,3179],"class_list":["post-63845","post","type-post","status-publish","format-standard","has-post-thumbnail","hentry","category-empresas","category-uncategorized","tag-alidata","tag-ciberseguranca","tag-fujitsu","tag-nerlei","tag-watchguard"],"yoast_head":"<!-- This site is optimized with the Yoast SEO plugin v27.4 - https:\/\/yoast.com\/product\/yoast-seo-wordpress\/ -->\n<title>Alidata e Fujitsu unidas pela \u2018Transforma\u00e7\u00e3o Digital e Ciberseguran\u00e7a\u2019 - Jornal das Oficinas<\/title>\n<meta name=\"description\" content=\"No pr\u00f3ximo dia 23 de mar\u00e7o, a Alidata e a Fujitsu, organizam uma confer\u00eancia, aberta a gestores e empres\u00e1rios da regi\u00e3o, sobre ciberseguran\u00e7a\" \/>\n<meta name=\"robots\" content=\"index, follow, max-snippet:-1, max-image-preview:large, max-video-preview:-1\" \/>\n<link rel=\"canonical\" href=\"https:\/\/jornaldasoficinas.com\/pt\/alidata-e-fujitsu-unidas-pela-transformacao-digital-e-ciberseguranca\/\" \/>\n<meta property=\"og:locale\" content=\"pt_PT\" \/>\n<meta property=\"og:type\" content=\"article\" \/>\n<meta property=\"og:title\" content=\"Alidata e Fujitsu unidas pela \u2018Transforma\u00e7\u00e3o Digital e Ciberseguran\u00e7a\u2019 - Jornal das Oficinas\" \/>\n<meta property=\"og:description\" content=\"No pr\u00f3ximo dia 23 de mar\u00e7o, a Alidata e a Fujitsu, organizam uma confer\u00eancia, aberta a gestores e empres\u00e1rios da regi\u00e3o, sobre ciberseguran\u00e7a\" \/>\n<meta property=\"og:url\" content=\"https:\/\/jornaldasoficinas.com\/pt\/alidata-e-fujitsu-unidas-pela-transformacao-digital-e-ciberseguranca\/\" \/>\n<meta property=\"og:site_name\" content=\"Jornal das Oficinas\" \/>\n<meta property=\"article:publisher\" content=\"https:\/\/www.facebook.com\/jornaloficinas\" \/>\n<meta property=\"article:published_time\" content=\"2023-03-20T12:30:15+00:00\" \/>\n<meta property=\"article:modified_time\" content=\"2023-07-19T15:01:08+00:00\" \/>\n<meta property=\"og:image\" content=\"https:\/\/jornaldasoficinas.com\/pt\/wp-content\/uploads\/2023\/03\/Alidata-e-Fujitsu-unidas-pela-\u2018Transformacao-Digital-e-Ciberseguranca.jpeg\" \/>\n\t<meta property=\"og:image:width\" content=\"1024\" \/>\n\t<meta property=\"og:image:height\" content=\"581\" \/>\n\t<meta property=\"og:image:type\" content=\"image\/jpeg\" \/>\n<meta name=\"author\" content=\"Reda\u00e7\u00e3o JO\" \/>\n<meta name=\"twitter:card\" content=\"summary_large_image\" \/>\n<meta name=\"twitter:creator\" content=\"@jornaloficinas\" \/>\n<meta name=\"twitter:site\" content=\"@jornaloficinas\" \/>\n<meta name=\"twitter:label1\" content=\"Escrito por\" \/>\n\t<meta name=\"twitter:data1\" content=\"Reda\u00e7\u00e3o JO\" \/>\n\t<meta name=\"twitter:label2\" content=\"Tempo estimado de leitura\" \/>\n\t<meta name=\"twitter:data2\" content=\"2 minutos\" \/>\n<script type=\"application\/ld+json\" class=\"yoast-schema-graph\">{\"@context\":\"https:\\\/\\\/schema.org\",\"@graph\":[{\"@type\":\"Article\",\"@id\":\"https:\\\/\\\/jornaldasoficinas.com\\\/pt\\\/alidata-e-fujitsu-unidas-pela-transformacao-digital-e-ciberseguranca\\\/#article\",\"isPartOf\":{\"@id\":\"https:\\\/\\\/jornaldasoficinas.com\\\/pt\\\/alidata-e-fujitsu-unidas-pela-transformacao-digital-e-ciberseguranca\\\/\"},\"author\":{\"name\":\"Reda\u00e7\u00e3o JO\",\"@id\":\"https:\\\/\\\/jornaldasoficinas.com\\\/pt\\\/#\\\/schema\\\/person\\\/a38eef5de2c41d9e7c9ac10141afddf3\"},\"headline\":\"Alidata e Fujitsu unidas pela \u2018Transforma\u00e7\u00e3o Digital e Ciberseguran\u00e7a\u2019\",\"datePublished\":\"2023-03-20T12:30:15+00:00\",\"dateModified\":\"2023-07-19T15:01:08+00:00\",\"mainEntityOfPage\":{\"@id\":\"https:\\\/\\\/jornaldasoficinas.com\\\/pt\\\/alidata-e-fujitsu-unidas-pela-transformacao-digital-e-ciberseguranca\\\/\"},\"wordCount\":416,\"publisher\":{\"@id\":\"https:\\\/\\\/jornaldasoficinas.com\\\/pt\\\/#organization\"},\"image\":{\"@id\":\"https:\\\/\\\/jornaldasoficinas.com\\\/pt\\\/alidata-e-fujitsu-unidas-pela-transformacao-digital-e-ciberseguranca\\\/#primaryimage\"},\"thumbnailUrl\":\"https:\\\/\\\/jornaldasoficinas.com\\\/pt\\\/wp-content\\\/uploads\\\/2023\\\/03\\\/Alidata-e-Fujitsu-unidas-pela-\u2018Transformacao-Digital-e-Ciberseguranca.jpeg\",\"keywords\":[\"Alidata\",\"Ciberseguran\u00e7a\",\"Fujitsu\",\"NERLEI\",\"WatchGuard\"],\"articleSection\":[\"Empresas\",\"Uncategorized\"],\"inLanguage\":\"pt-PT\"},{\"@type\":\"WebPage\",\"@id\":\"https:\\\/\\\/jornaldasoficinas.com\\\/pt\\\/alidata-e-fujitsu-unidas-pela-transformacao-digital-e-ciberseguranca\\\/\",\"url\":\"https:\\\/\\\/jornaldasoficinas.com\\\/pt\\\/alidata-e-fujitsu-unidas-pela-transformacao-digital-e-ciberseguranca\\\/\",\"name\":\"Alidata e Fujitsu unidas pela \u2018Transforma\u00e7\u00e3o Digital e Ciberseguran\u00e7a\u2019 - Jornal das Oficinas\",\"isPartOf\":{\"@id\":\"https:\\\/\\\/jornaldasoficinas.com\\\/pt\\\/#website\"},\"primaryImageOfPage\":{\"@id\":\"https:\\\/\\\/jornaldasoficinas.com\\\/pt\\\/alidata-e-fujitsu-unidas-pela-transformacao-digital-e-ciberseguranca\\\/#primaryimage\"},\"image\":{\"@id\":\"https:\\\/\\\/jornaldasoficinas.com\\\/pt\\\/alidata-e-fujitsu-unidas-pela-transformacao-digital-e-ciberseguranca\\\/#primaryimage\"},\"thumbnailUrl\":\"https:\\\/\\\/jornaldasoficinas.com\\\/pt\\\/wp-content\\\/uploads\\\/2023\\\/03\\\/Alidata-e-Fujitsu-unidas-pela-\u2018Transformacao-Digital-e-Ciberseguranca.jpeg\",\"datePublished\":\"2023-03-20T12:30:15+00:00\",\"dateModified\":\"2023-07-19T15:01:08+00:00\",\"description\":\"No pr\u00f3ximo dia 23 de mar\u00e7o, a Alidata e a Fujitsu, organizam uma confer\u00eancia, aberta a gestores e empres\u00e1rios da regi\u00e3o, sobre ciberseguran\u00e7a\",\"breadcrumb\":{\"@id\":\"https:\\\/\\\/jornaldasoficinas.com\\\/pt\\\/alidata-e-fujitsu-unidas-pela-transformacao-digital-e-ciberseguranca\\\/#breadcrumb\"},\"inLanguage\":\"pt-PT\",\"potentialAction\":[{\"@type\":\"ReadAction\",\"target\":[\"https:\\\/\\\/jornaldasoficinas.com\\\/pt\\\/alidata-e-fujitsu-unidas-pela-transformacao-digital-e-ciberseguranca\\\/\"]}]},{\"@type\":\"ImageObject\",\"inLanguage\":\"pt-PT\",\"@id\":\"https:\\\/\\\/jornaldasoficinas.com\\\/pt\\\/alidata-e-fujitsu-unidas-pela-transformacao-digital-e-ciberseguranca\\\/#primaryimage\",\"url\":\"https:\\\/\\\/jornaldasoficinas.com\\\/pt\\\/wp-content\\\/uploads\\\/2023\\\/03\\\/Alidata-e-Fujitsu-unidas-pela-\u2018Transformacao-Digital-e-Ciberseguranca.jpeg\",\"contentUrl\":\"https:\\\/\\\/jornaldasoficinas.com\\\/pt\\\/wp-content\\\/uploads\\\/2023\\\/03\\\/Alidata-e-Fujitsu-unidas-pela-\u2018Transformacao-Digital-e-Ciberseguranca.jpeg\",\"width\":1024,\"height\":581,\"caption\":\"03 - Alidata e Fujitsu unidas pela \u2018Transformacao Digital e Ciberseguranca\"},{\"@type\":\"BreadcrumbList\",\"@id\":\"https:\\\/\\\/jornaldasoficinas.com\\\/pt\\\/alidata-e-fujitsu-unidas-pela-transformacao-digital-e-ciberseguranca\\\/#breadcrumb\",\"itemListElement\":[{\"@type\":\"ListItem\",\"position\":1,\"name\":\"In\u00edcio\",\"item\":\"https:\\\/\\\/jornaldasoficinas.com\\\/pt\\\/\"},{\"@type\":\"ListItem\",\"position\":2,\"name\":\"Alidata e Fujitsu unidas pela \u2018Transforma\u00e7\u00e3o Digital e Ciberseguran\u00e7a\u2019\"}]},{\"@type\":\"WebSite\",\"@id\":\"https:\\\/\\\/jornaldasoficinas.com\\\/pt\\\/#website\",\"url\":\"https:\\\/\\\/jornaldasoficinas.com\\\/pt\\\/\",\"name\":\"Jornal das Oficinas\",\"description\":\"Jornal independente do Aftermarket Autom\u00f3vel em Portugal\",\"publisher\":{\"@id\":\"https:\\\/\\\/jornaldasoficinas.com\\\/pt\\\/#organization\"},\"potentialAction\":[{\"@type\":\"SearchAction\",\"target\":{\"@type\":\"EntryPoint\",\"urlTemplate\":\"https:\\\/\\\/jornaldasoficinas.com\\\/pt\\\/?s={search_term_string}\"},\"query-input\":{\"@type\":\"PropertyValueSpecification\",\"valueRequired\":true,\"valueName\":\"search_term_string\"}}],\"inLanguage\":\"pt-PT\"},{\"@type\":\"Organization\",\"@id\":\"https:\\\/\\\/jornaldasoficinas.com\\\/pt\\\/#organization\",\"name\":\"Jornal das Oficinas\",\"url\":\"https:\\\/\\\/jornaldasoficinas.com\\\/pt\\\/\",\"logo\":{\"@type\":\"ImageObject\",\"inLanguage\":\"pt-PT\",\"@id\":\"https:\\\/\\\/jornaldasoficinas.com\\\/pt\\\/#\\\/schema\\\/logo\\\/image\\\/\",\"url\":\"https:\\\/\\\/jornaldasoficinas.com\\\/pt\\\/wp-content\\\/uploads\\\/logoJO-SEO.png\",\"contentUrl\":\"https:\\\/\\\/jornaldasoficinas.com\\\/pt\\\/wp-content\\\/uploads\\\/logoJO-SEO.png\",\"width\":285,\"height\":450,\"caption\":\"Jornal das Oficinas\"},\"image\":{\"@id\":\"https:\\\/\\\/jornaldasoficinas.com\\\/pt\\\/#\\\/schema\\\/logo\\\/image\\\/\"},\"sameAs\":[\"https:\\\/\\\/www.facebook.com\\\/jornaloficinas\",\"https:\\\/\\\/x.com\\\/jornaloficinas\",\"https:\\\/\\\/www.instagram.com\\\/jornal_oficinas\\\/\",\"https:\\\/\\\/www.linkedin.com\\\/company\\\/jornal-das-oficinas\\\/\",\"https:\\\/\\\/www.youtube.com\\\/channel\\\/UCbQZBqtcvV-oSQrr7RzINGg\"]},{\"@type\":\"Person\",\"@id\":\"https:\\\/\\\/jornaldasoficinas.com\\\/pt\\\/#\\\/schema\\\/person\\\/a38eef5de2c41d9e7c9ac10141afddf3\",\"name\":\"Reda\u00e7\u00e3o JO\",\"image\":{\"@type\":\"ImageObject\",\"inLanguage\":\"pt-PT\",\"@id\":\"https:\\\/\\\/secure.gravatar.com\\\/avatar\\\/71f2fa71737ad68a84fea94bc708ddac8ea5b0c4788dc2ad202f3ccb2887742f?s=96&d=wp_user_avatar&r=g\",\"url\":\"https:\\\/\\\/secure.gravatar.com\\\/avatar\\\/71f2fa71737ad68a84fea94bc708ddac8ea5b0c4788dc2ad202f3ccb2887742f?s=96&d=wp_user_avatar&r=g\",\"contentUrl\":\"https:\\\/\\\/secure.gravatar.com\\\/avatar\\\/71f2fa71737ad68a84fea94bc708ddac8ea5b0c4788dc2ad202f3ccb2887742f?s=96&d=wp_user_avatar&r=g\",\"caption\":\"Reda\u00e7\u00e3o JO\"},\"url\":\"https:\\\/\\\/jornaldasoficinas.com\\\/pt\\\/author\\\/joredacao\\\/\"}]}<\/script>\n<!-- \/ Yoast SEO plugin. -->","yoast_head_json":{"title":"Alidata e Fujitsu unidas pela \u2018Transforma\u00e7\u00e3o Digital e Ciberseguran\u00e7a\u2019 - Jornal das Oficinas","description":"No pr\u00f3ximo dia 23 de mar\u00e7o, a Alidata e a Fujitsu, organizam uma confer\u00eancia, aberta a gestores e empres\u00e1rios da regi\u00e3o, sobre ciberseguran\u00e7a","robots":{"index":"index","follow":"follow","max-snippet":"max-snippet:-1","max-image-preview":"max-image-preview:large","max-video-preview":"max-video-preview:-1"},"canonical":"https:\/\/jornaldasoficinas.com\/pt\/alidata-e-fujitsu-unidas-pela-transformacao-digital-e-ciberseguranca\/","og_locale":"pt_PT","og_type":"article","og_title":"Alidata e Fujitsu unidas pela \u2018Transforma\u00e7\u00e3o Digital e Ciberseguran\u00e7a\u2019 - Jornal das Oficinas","og_description":"No pr\u00f3ximo dia 23 de mar\u00e7o, a Alidata e a Fujitsu, organizam uma confer\u00eancia, aberta a gestores e empres\u00e1rios da regi\u00e3o, sobre ciberseguran\u00e7a","og_url":"https:\/\/jornaldasoficinas.com\/pt\/alidata-e-fujitsu-unidas-pela-transformacao-digital-e-ciberseguranca\/","og_site_name":"Jornal das Oficinas","article_publisher":"https:\/\/www.facebook.com\/jornaloficinas","article_published_time":"2023-03-20T12:30:15+00:00","article_modified_time":"2023-07-19T15:01:08+00:00","og_image":[{"width":1024,"height":581,"url":"https:\/\/jornaldasoficinas.com\/pt\/wp-content\/uploads\/2023\/03\/Alidata-e-Fujitsu-unidas-pela-\u2018Transformacao-Digital-e-Ciberseguranca.jpeg","type":"image\/jpeg"}],"author":"Reda\u00e7\u00e3o JO","twitter_card":"summary_large_image","twitter_creator":"@jornaloficinas","twitter_site":"@jornaloficinas","twitter_misc":{"Escrito por":"Reda\u00e7\u00e3o JO","Tempo estimado de leitura":"2 minutos"},"schema":{"@context":"https:\/\/schema.org","@graph":[{"@type":"Article","@id":"https:\/\/jornaldasoficinas.com\/pt\/alidata-e-fujitsu-unidas-pela-transformacao-digital-e-ciberseguranca\/#article","isPartOf":{"@id":"https:\/\/jornaldasoficinas.com\/pt\/alidata-e-fujitsu-unidas-pela-transformacao-digital-e-ciberseguranca\/"},"author":{"name":"Reda\u00e7\u00e3o JO","@id":"https:\/\/jornaldasoficinas.com\/pt\/#\/schema\/person\/a38eef5de2c41d9e7c9ac10141afddf3"},"headline":"Alidata e Fujitsu unidas pela \u2018Transforma\u00e7\u00e3o Digital e Ciberseguran\u00e7a\u2019","datePublished":"2023-03-20T12:30:15+00:00","dateModified":"2023-07-19T15:01:08+00:00","mainEntityOfPage":{"@id":"https:\/\/jornaldasoficinas.com\/pt\/alidata-e-fujitsu-unidas-pela-transformacao-digital-e-ciberseguranca\/"},"wordCount":416,"publisher":{"@id":"https:\/\/jornaldasoficinas.com\/pt\/#organization"},"image":{"@id":"https:\/\/jornaldasoficinas.com\/pt\/alidata-e-fujitsu-unidas-pela-transformacao-digital-e-ciberseguranca\/#primaryimage"},"thumbnailUrl":"https:\/\/jornaldasoficinas.com\/pt\/wp-content\/uploads\/2023\/03\/Alidata-e-Fujitsu-unidas-pela-\u2018Transformacao-Digital-e-Ciberseguranca.jpeg","keywords":["Alidata","Ciberseguran\u00e7a","Fujitsu","NERLEI","WatchGuard"],"articleSection":["Empresas","Uncategorized"],"inLanguage":"pt-PT"},{"@type":"WebPage","@id":"https:\/\/jornaldasoficinas.com\/pt\/alidata-e-fujitsu-unidas-pela-transformacao-digital-e-ciberseguranca\/","url":"https:\/\/jornaldasoficinas.com\/pt\/alidata-e-fujitsu-unidas-pela-transformacao-digital-e-ciberseguranca\/","name":"Alidata e Fujitsu unidas pela \u2018Transforma\u00e7\u00e3o Digital e Ciberseguran\u00e7a\u2019 - Jornal das Oficinas","isPartOf":{"@id":"https:\/\/jornaldasoficinas.com\/pt\/#website"},"primaryImageOfPage":{"@id":"https:\/\/jornaldasoficinas.com\/pt\/alidata-e-fujitsu-unidas-pela-transformacao-digital-e-ciberseguranca\/#primaryimage"},"image":{"@id":"https:\/\/jornaldasoficinas.com\/pt\/alidata-e-fujitsu-unidas-pela-transformacao-digital-e-ciberseguranca\/#primaryimage"},"thumbnailUrl":"https:\/\/jornaldasoficinas.com\/pt\/wp-content\/uploads\/2023\/03\/Alidata-e-Fujitsu-unidas-pela-\u2018Transformacao-Digital-e-Ciberseguranca.jpeg","datePublished":"2023-03-20T12:30:15+00:00","dateModified":"2023-07-19T15:01:08+00:00","description":"No pr\u00f3ximo dia 23 de mar\u00e7o, a Alidata e a Fujitsu, organizam uma confer\u00eancia, aberta a gestores e empres\u00e1rios da regi\u00e3o, sobre ciberseguran\u00e7a","breadcrumb":{"@id":"https:\/\/jornaldasoficinas.com\/pt\/alidata-e-fujitsu-unidas-pela-transformacao-digital-e-ciberseguranca\/#breadcrumb"},"inLanguage":"pt-PT","potentialAction":[{"@type":"ReadAction","target":["https:\/\/jornaldasoficinas.com\/pt\/alidata-e-fujitsu-unidas-pela-transformacao-digital-e-ciberseguranca\/"]}]},{"@type":"ImageObject","inLanguage":"pt-PT","@id":"https:\/\/jornaldasoficinas.com\/pt\/alidata-e-fujitsu-unidas-pela-transformacao-digital-e-ciberseguranca\/#primaryimage","url":"https:\/\/jornaldasoficinas.com\/pt\/wp-content\/uploads\/2023\/03\/Alidata-e-Fujitsu-unidas-pela-\u2018Transformacao-Digital-e-Ciberseguranca.jpeg","contentUrl":"https:\/\/jornaldasoficinas.com\/pt\/wp-content\/uploads\/2023\/03\/Alidata-e-Fujitsu-unidas-pela-\u2018Transformacao-Digital-e-Ciberseguranca.jpeg","width":1024,"height":581,"caption":"03 - Alidata e Fujitsu unidas pela \u2018Transformacao Digital e Ciberseguranca"},{"@type":"BreadcrumbList","@id":"https:\/\/jornaldasoficinas.com\/pt\/alidata-e-fujitsu-unidas-pela-transformacao-digital-e-ciberseguranca\/#breadcrumb","itemListElement":[{"@type":"ListItem","position":1,"name":"In\u00edcio","item":"https:\/\/jornaldasoficinas.com\/pt\/"},{"@type":"ListItem","position":2,"name":"Alidata e Fujitsu unidas pela \u2018Transforma\u00e7\u00e3o Digital e Ciberseguran\u00e7a\u2019"}]},{"@type":"WebSite","@id":"https:\/\/jornaldasoficinas.com\/pt\/#website","url":"https:\/\/jornaldasoficinas.com\/pt\/","name":"Jornal das Oficinas","description":"Jornal independente do Aftermarket Autom\u00f3vel em Portugal","publisher":{"@id":"https:\/\/jornaldasoficinas.com\/pt\/#organization"},"potentialAction":[{"@type":"SearchAction","target":{"@type":"EntryPoint","urlTemplate":"https:\/\/jornaldasoficinas.com\/pt\/?s={search_term_string}"},"query-input":{"@type":"PropertyValueSpecification","valueRequired":true,"valueName":"search_term_string"}}],"inLanguage":"pt-PT"},{"@type":"Organization","@id":"https:\/\/jornaldasoficinas.com\/pt\/#organization","name":"Jornal das Oficinas","url":"https:\/\/jornaldasoficinas.com\/pt\/","logo":{"@type":"ImageObject","inLanguage":"pt-PT","@id":"https:\/\/jornaldasoficinas.com\/pt\/#\/schema\/logo\/image\/","url":"https:\/\/jornaldasoficinas.com\/pt\/wp-content\/uploads\/logoJO-SEO.png","contentUrl":"https:\/\/jornaldasoficinas.com\/pt\/wp-content\/uploads\/logoJO-SEO.png","width":285,"height":450,"caption":"Jornal das Oficinas"},"image":{"@id":"https:\/\/jornaldasoficinas.com\/pt\/#\/schema\/logo\/image\/"},"sameAs":["https:\/\/www.facebook.com\/jornaloficinas","https:\/\/x.com\/jornaloficinas","https:\/\/www.instagram.com\/jornal_oficinas\/","https:\/\/www.linkedin.com\/company\/jornal-das-oficinas\/","https:\/\/www.youtube.com\/channel\/UCbQZBqtcvV-oSQrr7RzINGg"]},{"@type":"Person","@id":"https:\/\/jornaldasoficinas.com\/pt\/#\/schema\/person\/a38eef5de2c41d9e7c9ac10141afddf3","name":"Reda\u00e7\u00e3o JO","image":{"@type":"ImageObject","inLanguage":"pt-PT","@id":"https:\/\/secure.gravatar.com\/avatar\/71f2fa71737ad68a84fea94bc708ddac8ea5b0c4788dc2ad202f3ccb2887742f?s=96&d=wp_user_avatar&r=g","url":"https:\/\/secure.gravatar.com\/avatar\/71f2fa71737ad68a84fea94bc708ddac8ea5b0c4788dc2ad202f3ccb2887742f?s=96&d=wp_user_avatar&r=g","contentUrl":"https:\/\/secure.gravatar.com\/avatar\/71f2fa71737ad68a84fea94bc708ddac8ea5b0c4788dc2ad202f3ccb2887742f?s=96&d=wp_user_avatar&r=g","caption":"Reda\u00e7\u00e3o JO"},"url":"https:\/\/jornaldasoficinas.com\/pt\/author\/joredacao\/"}]}},"_links":{"self":[{"href":"https:\/\/jornaldasoficinas.com\/pt\/wp-json\/wp\/v2\/posts\/63845","targetHints":{"allow":["GET"]}}],"collection":[{"href":"https:\/\/jornaldasoficinas.com\/pt\/wp-json\/wp\/v2\/posts"}],"about":[{"href":"https:\/\/jornaldasoficinas.com\/pt\/wp-json\/wp\/v2\/types\/post"}],"author":[{"embeddable":true,"href":"https:\/\/jornaldasoficinas.com\/pt\/wp-json\/wp\/v2\/users\/15"}],"replies":[{"embeddable":true,"href":"https:\/\/jornaldasoficinas.com\/pt\/wp-json\/wp\/v2\/comments?post=63845"}],"version-history":[{"count":0,"href":"https:\/\/jornaldasoficinas.com\/pt\/wp-json\/wp\/v2\/posts\/63845\/revisions"}],"wp:featuredmedia":[{"embeddable":true,"href":"https:\/\/jornaldasoficinas.com\/pt\/wp-json\/wp\/v2\/media\/63833"}],"wp:attachment":[{"href":"https:\/\/jornaldasoficinas.com\/pt\/wp-json\/wp\/v2\/media?parent=63845"}],"wp:term":[{"taxonomy":"category","embeddable":true,"href":"https:\/\/jornaldasoficinas.com\/pt\/wp-json\/wp\/v2\/categories?post=63845"},{"taxonomy":"post_tag","embeddable":true,"href":"https:\/\/jornaldasoficinas.com\/pt\/wp-json\/wp\/v2\/tags?post=63845"}],"curies":[{"name":"wp","href":"https:\/\/api.w.org\/{rel}","templated":true}]}}