{"id":63898,"date":"2023-03-21T16:00:39","date_gmt":"2023-03-21T16:00:39","guid":{"rendered":"https:\/\/jornaldasoficinas.com\/pt\/?p=63898"},"modified":"2023-03-21T16:30:47","modified_gmt":"2023-03-21T16:30:47","slug":"producao-automovel-cresce-226-em-portugal","status":"publish","type":"post","link":"https:\/\/jornaldasoficinas.com\/pt\/producao-automovel-cresce-226-em-portugal\/","title":{"rendered":"Produ\u00e7\u00e3o Autom\u00f3vel cresce 22,6% em Portugal"},"content":{"rendered":"<p><img loading=\"lazy\" decoding=\"async\" class=\"alignnone size-full wp-image-63840\" src=\"https:\/\/jornaldasoficinas.com\/pt\/wp-content\/uploads\/2023\/03\/Producao-Automovel-cresce-226-em-Portugal.jpeg\" alt=\"03 - Producao Automovel cresce 226 em Portugal\" width=\"1024\" height=\"581\" srcset=\"https:\/\/jornaldasoficinas.com\/pt\/wp-content\/uploads\/2023\/03\/Producao-Automovel-cresce-226-em-Portugal.jpeg 1024w, https:\/\/jornaldasoficinas.com\/pt\/wp-content\/uploads\/2023\/03\/Producao-Automovel-cresce-226-em-Portugal-300x170.jpeg 300w, https:\/\/jornaldasoficinas.com\/pt\/wp-content\/uploads\/2023\/03\/Producao-Automovel-cresce-226-em-Portugal-150x85.jpeg 150w, https:\/\/jornaldasoficinas.com\/pt\/wp-content\/uploads\/2023\/03\/Producao-Automovel-cresce-226-em-Portugal-768x436.jpeg 768w\" sizes=\"auto, (max-width: 1024px) 100vw, 1024px\" \/><\/p>\n<p><strong>Em fevereiro de 2023 foram produzidos em Portugal 30.968 ve\u00edculos autom\u00f3veis o que representou um crescimento de 29,2 por cento face ao m\u00eas hom\u00f3logo de 2022. Em termos acumulados, nos dois meses de 2023, sa\u00edram das f\u00e1bricas instaladas em Portugal 51.515 ve\u00edculos, ou seja, mais 22,6 por cento do que em igual per\u00edodo do ano anterior<\/strong><\/p>\n<p>A informa\u00e7\u00e3o estat\u00edstica relativa aos dois meses do ano de 2023 confirma a import\u00e2ncia que as exporta\u00e7\u00f5es representam para o sector autom\u00f3vel j\u00e1 que 97,3 por cento dos ve\u00edculos fabricados em Portugal t\u00eam como destino o mercado externo, o que contribui de forma significativa para a balan\u00e7a comercial portuguesa.<\/p>\n<p>A Europa continua a ser o mercado l\u00edder nas exporta\u00e7\u00f5es dos ve\u00edculos fabricados em territ\u00f3rio nacional \u2013 com 87,3 por cento \u2013 com a Alemanha (19,6%), Fran\u00e7a (15,1%), It\u00e1lia (12,3%), Espanha (9,7%) e Reino Unido (8,2%) no topo do ranking.<\/p>\n<p><strong>Montagem de ve\u00edculos autom\u00f3veis pesados<br \/>\n<\/strong>Relativamente \u00e0 montagem de ve\u00edculos autom\u00f3veis em Portugal, em fevereiro de 2023 foram montados 20 ve\u00edculos pesados, tendo representado um aumento de 150,0 por cento face a igual m\u00eas do ano de 2022.<\/p>\n<p>Em termos acumulados, nos dois meses de 2023, a montagem de ve\u00edculos pesados apresentou um crescimento de 111,8 por cento face igual per\u00edodo do ano anterior, representando 36 ve\u00edculos montados em 2023.<\/p>\n<p>De janeiro a fevereiro de 2023 foram exportados 97,2 por cento dos ve\u00edculos montados em Portugal, representando 35 unidades. O Reino Unido (80,0%) e a Alemanha (20,0%) s\u00e3o os \u00fanicos destinos destas exporta\u00e7\u00f5es.<\/p>\n","protected":false},"excerpt":{"rendered":"<p>Em fevereiro de 2023 foram produzidos&#8230;<\/p>\n","protected":false},"author":15,"featured_media":63840,"comment_status":"closed","ping_status":"closed","sticky":false,"template":"","format":"standard","meta":{"footnotes":""},"categories":[37],"tags":[4711,4712,2258],"class_list":["post-63898","post","type-post","status-publish","format-standard","has-post-thumbnail","hentry","category-mercado","tag-cresce-22-6","tag-estatistica","tag-producao-automovel"],"yoast_head":"<!-- This site is optimized with the Yoast SEO plugin v27.4 - https:\/\/yoast.com\/product\/yoast-seo-wordpress\/ -->\n<title>Produ\u00e7\u00e3o Autom\u00f3vel cresce 22,6% em Portugal - Jornal das Oficinas<\/title>\n<meta name=\"description\" content=\"Em fevereiro de 2023 foram produzidos em Portugal 30.968 ve\u00edculos autom\u00f3veis. Um crescimento de 29,2 por cento face ao m\u00eas hom\u00f3logo de 2022\" \/>\n<meta name=\"robots\" content=\"index, follow, max-snippet:-1, max-image-preview:large, max-video-preview:-1\" \/>\n<link rel=\"canonical\" href=\"https:\/\/jornaldasoficinas.com\/pt\/producao-automovel-cresce-226-em-portugal\/\" \/>\n<meta property=\"og:locale\" content=\"pt_PT\" \/>\n<meta property=\"og:type\" content=\"article\" \/>\n<meta property=\"og:title\" content=\"Produ\u00e7\u00e3o Autom\u00f3vel cresce 22,6% em Portugal - Jornal das Oficinas\" \/>\n<meta property=\"og:description\" content=\"Em fevereiro de 2023 foram produzidos em Portugal 30.968 ve\u00edculos autom\u00f3veis. Um crescimento de 29,2 por cento face ao m\u00eas hom\u00f3logo de 2022\" \/>\n<meta property=\"og:url\" content=\"https:\/\/jornaldasoficinas.com\/pt\/producao-automovel-cresce-226-em-portugal\/\" \/>\n<meta property=\"og:site_name\" content=\"Jornal das Oficinas\" \/>\n<meta property=\"article:publisher\" content=\"https:\/\/www.facebook.com\/jornaloficinas\" \/>\n<meta property=\"article:published_time\" content=\"2023-03-21T16:00:39+00:00\" \/>\n<meta property=\"article:modified_time\" content=\"2023-03-21T16:30:47+00:00\" \/>\n<meta property=\"og:image\" content=\"https:\/\/jornaldasoficinas.com\/pt\/wp-content\/uploads\/2023\/03\/Producao-Automovel-cresce-226-em-Portugal.jpeg\" \/>\n\t<meta property=\"og:image:width\" content=\"1024\" \/>\n\t<meta property=\"og:image:height\" content=\"581\" \/>\n\t<meta property=\"og:image:type\" content=\"image\/jpeg\" \/>\n<meta name=\"author\" content=\"Reda\u00e7\u00e3o JO\" \/>\n<meta name=\"twitter:card\" content=\"summary_large_image\" \/>\n<meta name=\"twitter:creator\" content=\"@jornaloficinas\" \/>\n<meta name=\"twitter:site\" content=\"@jornaloficinas\" \/>\n<meta name=\"twitter:label1\" content=\"Escrito por\" \/>\n\t<meta name=\"twitter:data1\" content=\"Reda\u00e7\u00e3o JO\" \/>\n\t<meta name=\"twitter:label2\" content=\"Tempo estimado de leitura\" \/>\n\t<meta name=\"twitter:data2\" content=\"1 minuto\" \/>\n<script type=\"application\/ld+json\" class=\"yoast-schema-graph\">{\"@context\":\"https:\\\/\\\/schema.org\",\"@graph\":[{\"@type\":\"Article\",\"@id\":\"https:\\\/\\\/jornaldasoficinas.com\\\/pt\\\/producao-automovel-cresce-226-em-portugal\\\/#article\",\"isPartOf\":{\"@id\":\"https:\\\/\\\/jornaldasoficinas.com\\\/pt\\\/producao-automovel-cresce-226-em-portugal\\\/\"},\"author\":{\"name\":\"Reda\u00e7\u00e3o JO\",\"@id\":\"https:\\\/\\\/jornaldasoficinas.com\\\/pt\\\/#\\\/schema\\\/person\\\/a38eef5de2c41d9e7c9ac10141afddf3\"},\"headline\":\"Produ\u00e7\u00e3o Autom\u00f3vel cresce 22,6% em Portugal\",\"datePublished\":\"2023-03-21T16:00:39+00:00\",\"dateModified\":\"2023-03-21T16:30:47+00:00\",\"mainEntityOfPage\":{\"@id\":\"https:\\\/\\\/jornaldasoficinas.com\\\/pt\\\/producao-automovel-cresce-226-em-portugal\\\/\"},\"wordCount\":258,\"publisher\":{\"@id\":\"https:\\\/\\\/jornaldasoficinas.com\\\/pt\\\/#organization\"},\"image\":{\"@id\":\"https:\\\/\\\/jornaldasoficinas.com\\\/pt\\\/producao-automovel-cresce-226-em-portugal\\\/#primaryimage\"},\"thumbnailUrl\":\"https:\\\/\\\/jornaldasoficinas.com\\\/pt\\\/wp-content\\\/uploads\\\/2023\\\/03\\\/Producao-Automovel-cresce-226-em-Portugal.jpeg\",\"keywords\":[\"cresce 22.6%\",\"Estat\u00edstica\",\"Produ\u00e7\u00e3o autom\u00f3vel\"],\"articleSection\":[\"Mercado\"],\"inLanguage\":\"pt-PT\"},{\"@type\":\"WebPage\",\"@id\":\"https:\\\/\\\/jornaldasoficinas.com\\\/pt\\\/producao-automovel-cresce-226-em-portugal\\\/\",\"url\":\"https:\\\/\\\/jornaldasoficinas.com\\\/pt\\\/producao-automovel-cresce-226-em-portugal\\\/\",\"name\":\"Produ\u00e7\u00e3o Autom\u00f3vel cresce 22,6% em Portugal - Jornal das Oficinas\",\"isPartOf\":{\"@id\":\"https:\\\/\\\/jornaldasoficinas.com\\\/pt\\\/#website\"},\"primaryImageOfPage\":{\"@id\":\"https:\\\/\\\/jornaldasoficinas.com\\\/pt\\\/producao-automovel-cresce-226-em-portugal\\\/#primaryimage\"},\"image\":{\"@id\":\"https:\\\/\\\/jornaldasoficinas.com\\\/pt\\\/producao-automovel-cresce-226-em-portugal\\\/#primaryimage\"},\"thumbnailUrl\":\"https:\\\/\\\/jornaldasoficinas.com\\\/pt\\\/wp-content\\\/uploads\\\/2023\\\/03\\\/Producao-Automovel-cresce-226-em-Portugal.jpeg\",\"datePublished\":\"2023-03-21T16:00:39+00:00\",\"dateModified\":\"2023-03-21T16:30:47+00:00\",\"description\":\"Em fevereiro de 2023 foram produzidos em Portugal 30.968 ve\u00edculos autom\u00f3veis. Um crescimento de 29,2 por cento face ao m\u00eas hom\u00f3logo de 2022\",\"breadcrumb\":{\"@id\":\"https:\\\/\\\/jornaldasoficinas.com\\\/pt\\\/producao-automovel-cresce-226-em-portugal\\\/#breadcrumb\"},\"inLanguage\":\"pt-PT\",\"potentialAction\":[{\"@type\":\"ReadAction\",\"target\":[\"https:\\\/\\\/jornaldasoficinas.com\\\/pt\\\/producao-automovel-cresce-226-em-portugal\\\/\"]}]},{\"@type\":\"ImageObject\",\"inLanguage\":\"pt-PT\",\"@id\":\"https:\\\/\\\/jornaldasoficinas.com\\\/pt\\\/producao-automovel-cresce-226-em-portugal\\\/#primaryimage\",\"url\":\"https:\\\/\\\/jornaldasoficinas.com\\\/pt\\\/wp-content\\\/uploads\\\/2023\\\/03\\\/Producao-Automovel-cresce-226-em-Portugal.jpeg\",\"contentUrl\":\"https:\\\/\\\/jornaldasoficinas.com\\\/pt\\\/wp-content\\\/uploads\\\/2023\\\/03\\\/Producao-Automovel-cresce-226-em-Portugal.jpeg\",\"width\":1024,\"height\":581,\"caption\":\"03 - Producao Automovel cresce 226 em Portugal\"},{\"@type\":\"BreadcrumbList\",\"@id\":\"https:\\\/\\\/jornaldasoficinas.com\\\/pt\\\/producao-automovel-cresce-226-em-portugal\\\/#breadcrumb\",\"itemListElement\":[{\"@type\":\"ListItem\",\"position\":1,\"name\":\"In\u00edcio\",\"item\":\"https:\\\/\\\/jornaldasoficinas.com\\\/pt\\\/\"},{\"@type\":\"ListItem\",\"position\":2,\"name\":\"Produ\u00e7\u00e3o Autom\u00f3vel cresce 22,6% em Portugal\"}]},{\"@type\":\"WebSite\",\"@id\":\"https:\\\/\\\/jornaldasoficinas.com\\\/pt\\\/#website\",\"url\":\"https:\\\/\\\/jornaldasoficinas.com\\\/pt\\\/\",\"name\":\"Jornal das Oficinas\",\"description\":\"Jornal independente do Aftermarket Autom\u00f3vel em Portugal\",\"publisher\":{\"@id\":\"https:\\\/\\\/jornaldasoficinas.com\\\/pt\\\/#organization\"},\"potentialAction\":[{\"@type\":\"SearchAction\",\"target\":{\"@type\":\"EntryPoint\",\"urlTemplate\":\"https:\\\/\\\/jornaldasoficinas.com\\\/pt\\\/?s={search_term_string}\"},\"query-input\":{\"@type\":\"PropertyValueSpecification\",\"valueRequired\":true,\"valueName\":\"search_term_string\"}}],\"inLanguage\":\"pt-PT\"},{\"@type\":\"Organization\",\"@id\":\"https:\\\/\\\/jornaldasoficinas.com\\\/pt\\\/#organization\",\"name\":\"Jornal das Oficinas\",\"url\":\"https:\\\/\\\/jornaldasoficinas.com\\\/pt\\\/\",\"logo\":{\"@type\":\"ImageObject\",\"inLanguage\":\"pt-PT\",\"@id\":\"https:\\\/\\\/jornaldasoficinas.com\\\/pt\\\/#\\\/schema\\\/logo\\\/image\\\/\",\"url\":\"https:\\\/\\\/jornaldasoficinas.com\\\/pt\\\/wp-content\\\/uploads\\\/logoJO-SEO.png\",\"contentUrl\":\"https:\\\/\\\/jornaldasoficinas.com\\\/pt\\\/wp-content\\\/uploads\\\/logoJO-SEO.png\",\"width\":285,\"height\":450,\"caption\":\"Jornal das Oficinas\"},\"image\":{\"@id\":\"https:\\\/\\\/jornaldasoficinas.com\\\/pt\\\/#\\\/schema\\\/logo\\\/image\\\/\"},\"sameAs\":[\"https:\\\/\\\/www.facebook.com\\\/jornaloficinas\",\"https:\\\/\\\/x.com\\\/jornaloficinas\",\"https:\\\/\\\/www.instagram.com\\\/jornal_oficinas\\\/\",\"https:\\\/\\\/www.linkedin.com\\\/company\\\/jornal-das-oficinas\\\/\",\"https:\\\/\\\/www.youtube.com\\\/channel\\\/UCbQZBqtcvV-oSQrr7RzINGg\"]},{\"@type\":\"Person\",\"@id\":\"https:\\\/\\\/jornaldasoficinas.com\\\/pt\\\/#\\\/schema\\\/person\\\/a38eef5de2c41d9e7c9ac10141afddf3\",\"name\":\"Reda\u00e7\u00e3o JO\",\"image\":{\"@type\":\"ImageObject\",\"inLanguage\":\"pt-PT\",\"@id\":\"https:\\\/\\\/secure.gravatar.com\\\/avatar\\\/71f2fa71737ad68a84fea94bc708ddac8ea5b0c4788dc2ad202f3ccb2887742f?s=96&d=wp_user_avatar&r=g\",\"url\":\"https:\\\/\\\/secure.gravatar.com\\\/avatar\\\/71f2fa71737ad68a84fea94bc708ddac8ea5b0c4788dc2ad202f3ccb2887742f?s=96&d=wp_user_avatar&r=g\",\"contentUrl\":\"https:\\\/\\\/secure.gravatar.com\\\/avatar\\\/71f2fa71737ad68a84fea94bc708ddac8ea5b0c4788dc2ad202f3ccb2887742f?s=96&d=wp_user_avatar&r=g\",\"caption\":\"Reda\u00e7\u00e3o JO\"},\"url\":\"https:\\\/\\\/jornaldasoficinas.com\\\/pt\\\/author\\\/joredacao\\\/\"}]}<\/script>\n<!-- \/ Yoast SEO plugin. -->","yoast_head_json":{"title":"Produ\u00e7\u00e3o Autom\u00f3vel cresce 22,6% em Portugal - Jornal das Oficinas","description":"Em fevereiro de 2023 foram produzidos em Portugal 30.968 ve\u00edculos autom\u00f3veis. Um crescimento de 29,2 por cento face ao m\u00eas hom\u00f3logo de 2022","robots":{"index":"index","follow":"follow","max-snippet":"max-snippet:-1","max-image-preview":"max-image-preview:large","max-video-preview":"max-video-preview:-1"},"canonical":"https:\/\/jornaldasoficinas.com\/pt\/producao-automovel-cresce-226-em-portugal\/","og_locale":"pt_PT","og_type":"article","og_title":"Produ\u00e7\u00e3o Autom\u00f3vel cresce 22,6% em Portugal - Jornal das Oficinas","og_description":"Em fevereiro de 2023 foram produzidos em Portugal 30.968 ve\u00edculos autom\u00f3veis. Um crescimento de 29,2 por cento face ao m\u00eas hom\u00f3logo de 2022","og_url":"https:\/\/jornaldasoficinas.com\/pt\/producao-automovel-cresce-226-em-portugal\/","og_site_name":"Jornal das Oficinas","article_publisher":"https:\/\/www.facebook.com\/jornaloficinas","article_published_time":"2023-03-21T16:00:39+00:00","article_modified_time":"2023-03-21T16:30:47+00:00","og_image":[{"width":1024,"height":581,"url":"https:\/\/jornaldasoficinas.com\/pt\/wp-content\/uploads\/2023\/03\/Producao-Automovel-cresce-226-em-Portugal.jpeg","type":"image\/jpeg"}],"author":"Reda\u00e7\u00e3o JO","twitter_card":"summary_large_image","twitter_creator":"@jornaloficinas","twitter_site":"@jornaloficinas","twitter_misc":{"Escrito por":"Reda\u00e7\u00e3o JO","Tempo estimado de leitura":"1 minuto"},"schema":{"@context":"https:\/\/schema.org","@graph":[{"@type":"Article","@id":"https:\/\/jornaldasoficinas.com\/pt\/producao-automovel-cresce-226-em-portugal\/#article","isPartOf":{"@id":"https:\/\/jornaldasoficinas.com\/pt\/producao-automovel-cresce-226-em-portugal\/"},"author":{"name":"Reda\u00e7\u00e3o JO","@id":"https:\/\/jornaldasoficinas.com\/pt\/#\/schema\/person\/a38eef5de2c41d9e7c9ac10141afddf3"},"headline":"Produ\u00e7\u00e3o Autom\u00f3vel cresce 22,6% em Portugal","datePublished":"2023-03-21T16:00:39+00:00","dateModified":"2023-03-21T16:30:47+00:00","mainEntityOfPage":{"@id":"https:\/\/jornaldasoficinas.com\/pt\/producao-automovel-cresce-226-em-portugal\/"},"wordCount":258,"publisher":{"@id":"https:\/\/jornaldasoficinas.com\/pt\/#organization"},"image":{"@id":"https:\/\/jornaldasoficinas.com\/pt\/producao-automovel-cresce-226-em-portugal\/#primaryimage"},"thumbnailUrl":"https:\/\/jornaldasoficinas.com\/pt\/wp-content\/uploads\/2023\/03\/Producao-Automovel-cresce-226-em-Portugal.jpeg","keywords":["cresce 22.6%","Estat\u00edstica","Produ\u00e7\u00e3o autom\u00f3vel"],"articleSection":["Mercado"],"inLanguage":"pt-PT"},{"@type":"WebPage","@id":"https:\/\/jornaldasoficinas.com\/pt\/producao-automovel-cresce-226-em-portugal\/","url":"https:\/\/jornaldasoficinas.com\/pt\/producao-automovel-cresce-226-em-portugal\/","name":"Produ\u00e7\u00e3o Autom\u00f3vel cresce 22,6% em Portugal - Jornal das Oficinas","isPartOf":{"@id":"https:\/\/jornaldasoficinas.com\/pt\/#website"},"primaryImageOfPage":{"@id":"https:\/\/jornaldasoficinas.com\/pt\/producao-automovel-cresce-226-em-portugal\/#primaryimage"},"image":{"@id":"https:\/\/jornaldasoficinas.com\/pt\/producao-automovel-cresce-226-em-portugal\/#primaryimage"},"thumbnailUrl":"https:\/\/jornaldasoficinas.com\/pt\/wp-content\/uploads\/2023\/03\/Producao-Automovel-cresce-226-em-Portugal.jpeg","datePublished":"2023-03-21T16:00:39+00:00","dateModified":"2023-03-21T16:30:47+00:00","description":"Em fevereiro de 2023 foram produzidos em Portugal 30.968 ve\u00edculos autom\u00f3veis. Um crescimento de 29,2 por cento face ao m\u00eas hom\u00f3logo de 2022","breadcrumb":{"@id":"https:\/\/jornaldasoficinas.com\/pt\/producao-automovel-cresce-226-em-portugal\/#breadcrumb"},"inLanguage":"pt-PT","potentialAction":[{"@type":"ReadAction","target":["https:\/\/jornaldasoficinas.com\/pt\/producao-automovel-cresce-226-em-portugal\/"]}]},{"@type":"ImageObject","inLanguage":"pt-PT","@id":"https:\/\/jornaldasoficinas.com\/pt\/producao-automovel-cresce-226-em-portugal\/#primaryimage","url":"https:\/\/jornaldasoficinas.com\/pt\/wp-content\/uploads\/2023\/03\/Producao-Automovel-cresce-226-em-Portugal.jpeg","contentUrl":"https:\/\/jornaldasoficinas.com\/pt\/wp-content\/uploads\/2023\/03\/Producao-Automovel-cresce-226-em-Portugal.jpeg","width":1024,"height":581,"caption":"03 - Producao Automovel cresce 226 em Portugal"},{"@type":"BreadcrumbList","@id":"https:\/\/jornaldasoficinas.com\/pt\/producao-automovel-cresce-226-em-portugal\/#breadcrumb","itemListElement":[{"@type":"ListItem","position":1,"name":"In\u00edcio","item":"https:\/\/jornaldasoficinas.com\/pt\/"},{"@type":"ListItem","position":2,"name":"Produ\u00e7\u00e3o Autom\u00f3vel cresce 22,6% em Portugal"}]},{"@type":"WebSite","@id":"https:\/\/jornaldasoficinas.com\/pt\/#website","url":"https:\/\/jornaldasoficinas.com\/pt\/","name":"Jornal das Oficinas","description":"Jornal independente do Aftermarket Autom\u00f3vel em Portugal","publisher":{"@id":"https:\/\/jornaldasoficinas.com\/pt\/#organization"},"potentialAction":[{"@type":"SearchAction","target":{"@type":"EntryPoint","urlTemplate":"https:\/\/jornaldasoficinas.com\/pt\/?s={search_term_string}"},"query-input":{"@type":"PropertyValueSpecification","valueRequired":true,"valueName":"search_term_string"}}],"inLanguage":"pt-PT"},{"@type":"Organization","@id":"https:\/\/jornaldasoficinas.com\/pt\/#organization","name":"Jornal das Oficinas","url":"https:\/\/jornaldasoficinas.com\/pt\/","logo":{"@type":"ImageObject","inLanguage":"pt-PT","@id":"https:\/\/jornaldasoficinas.com\/pt\/#\/schema\/logo\/image\/","url":"https:\/\/jornaldasoficinas.com\/pt\/wp-content\/uploads\/logoJO-SEO.png","contentUrl":"https:\/\/jornaldasoficinas.com\/pt\/wp-content\/uploads\/logoJO-SEO.png","width":285,"height":450,"caption":"Jornal das Oficinas"},"image":{"@id":"https:\/\/jornaldasoficinas.com\/pt\/#\/schema\/logo\/image\/"},"sameAs":["https:\/\/www.facebook.com\/jornaloficinas","https:\/\/x.com\/jornaloficinas","https:\/\/www.instagram.com\/jornal_oficinas\/","https:\/\/www.linkedin.com\/company\/jornal-das-oficinas\/","https:\/\/www.youtube.com\/channel\/UCbQZBqtcvV-oSQrr7RzINGg"]},{"@type":"Person","@id":"https:\/\/jornaldasoficinas.com\/pt\/#\/schema\/person\/a38eef5de2c41d9e7c9ac10141afddf3","name":"Reda\u00e7\u00e3o JO","image":{"@type":"ImageObject","inLanguage":"pt-PT","@id":"https:\/\/secure.gravatar.com\/avatar\/71f2fa71737ad68a84fea94bc708ddac8ea5b0c4788dc2ad202f3ccb2887742f?s=96&d=wp_user_avatar&r=g","url":"https:\/\/secure.gravatar.com\/avatar\/71f2fa71737ad68a84fea94bc708ddac8ea5b0c4788dc2ad202f3ccb2887742f?s=96&d=wp_user_avatar&r=g","contentUrl":"https:\/\/secure.gravatar.com\/avatar\/71f2fa71737ad68a84fea94bc708ddac8ea5b0c4788dc2ad202f3ccb2887742f?s=96&d=wp_user_avatar&r=g","caption":"Reda\u00e7\u00e3o JO"},"url":"https:\/\/jornaldasoficinas.com\/pt\/author\/joredacao\/"}]}},"_links":{"self":[{"href":"https:\/\/jornaldasoficinas.com\/pt\/wp-json\/wp\/v2\/posts\/63898","targetHints":{"allow":["GET"]}}],"collection":[{"href":"https:\/\/jornaldasoficinas.com\/pt\/wp-json\/wp\/v2\/posts"}],"about":[{"href":"https:\/\/jornaldasoficinas.com\/pt\/wp-json\/wp\/v2\/types\/post"}],"author":[{"embeddable":true,"href":"https:\/\/jornaldasoficinas.com\/pt\/wp-json\/wp\/v2\/users\/15"}],"replies":[{"embeddable":true,"href":"https:\/\/jornaldasoficinas.com\/pt\/wp-json\/wp\/v2\/comments?post=63898"}],"version-history":[{"count":0,"href":"https:\/\/jornaldasoficinas.com\/pt\/wp-json\/wp\/v2\/posts\/63898\/revisions"}],"wp:featuredmedia":[{"embeddable":true,"href":"https:\/\/jornaldasoficinas.com\/pt\/wp-json\/wp\/v2\/media\/63840"}],"wp:attachment":[{"href":"https:\/\/jornaldasoficinas.com\/pt\/wp-json\/wp\/v2\/media?parent=63898"}],"wp:term":[{"taxonomy":"category","embeddable":true,"href":"https:\/\/jornaldasoficinas.com\/pt\/wp-json\/wp\/v2\/categories?post=63898"},{"taxonomy":"post_tag","embeddable":true,"href":"https:\/\/jornaldasoficinas.com\/pt\/wp-json\/wp\/v2\/tags?post=63898"}],"curies":[{"name":"wp","href":"https:\/\/api.w.org\/{rel}","templated":true}]}}