{"id":64124,"date":"2023-03-27T18:00:34","date_gmt":"2023-03-27T17:00:34","guid":{"rendered":"https:\/\/jornaldasoficinas.com\/pt\/?p=64124"},"modified":"2023-03-27T08:55:20","modified_gmt":"2023-03-27T07:55:20","slug":"topcar-continua-em-modo-expansao","status":"publish","type":"post","link":"https:\/\/jornaldasoficinas.com\/pt\/topcar-continua-em-modo-expansao\/","title":{"rendered":"TOPCAR continua em modo expans\u00e3o"},"content":{"rendered":"<p><strong><img loading=\"lazy\" decoding=\"async\" class=\"alignnone size-full wp-image-64119\" src=\"https:\/\/jornaldasoficinas.com\/pt\/wp-content\/uploads\/2023\/03\/TOPCAR-continua-em-modo-expansao.jpg\" alt=\"03 - TOPCAR continua em modo expansao\" width=\"1024\" height=\"581\" srcset=\"https:\/\/jornaldasoficinas.com\/pt\/wp-content\/uploads\/2023\/03\/TOPCAR-continua-em-modo-expansao.jpg 1024w, https:\/\/jornaldasoficinas.com\/pt\/wp-content\/uploads\/2023\/03\/TOPCAR-continua-em-modo-expansao-300x170.jpg 300w, https:\/\/jornaldasoficinas.com\/pt\/wp-content\/uploads\/2023\/03\/TOPCAR-continua-em-modo-expansao-150x85.jpg 150w, https:\/\/jornaldasoficinas.com\/pt\/wp-content\/uploads\/2023\/03\/TOPCAR-continua-em-modo-expansao-768x436.jpg 768w\" sizes=\"auto, (max-width: 1024px) 100vw, 1024px\" \/><\/strong><\/p>\n<p><strong>A <a href=\"https:\/\/www.topcar.com.pt\/\" target=\"_blank\" rel=\"noopener\">TOPCAR<\/a>, em modo expans\u00e3o, acaba de anuncia a abertura de quatro novas oficinas, em diferentes regi\u00f5es do pa\u00eds, para oferecer uma oferta vasta e dispersa no territ\u00f3rio nacional e ainda mais comodidade aos clientes<\/strong><\/p>\n<p>A TOPCAR comunicou recentemente a ades\u00e3o de quatro novas oficinas \u00e0 sua rede. Com essas novas ades\u00f5es, a TOPCAR passa a contar com um total de 102 oficinas em todo o pa\u00eds, oferecendo as melhores solu\u00e7\u00f5es de manuten\u00e7\u00e3o e repara\u00e7\u00e3o multimarca nas \u00e1reas de mec\u00e2nica, eletr\u00f3nica, diagn\u00f3stico, colis\u00e3o e lavagem.<\/p>\n<p>As novas oficinas que agora fazem parte da rede s\u00e3o: TOPCAR &#8211; STZ Auto, localizada em Benfica; TOPCAR \u2013 <a href=\"https:\/\/vendeiro.pt\/web\/\" target=\"_blank\" rel=\"noopener\">Vendeiro<\/a>, em Valongo; TOPCAR \u2013 <a href=\"https:\/\/alfamax-oficina-auto.negocio.site\/\" target=\"_blank\" rel=\"noopener\">Alfamax,<\/a> localizada no Casal do Marco e TOPCAR \u2013 Paulo &amp; Oliveira, em Alverca do Ribatejo.<\/p>\n<p>Com estes novos aderentes, a TOPCAR fortalece ainda mais sua presen\u00e7a no mercado de manuten\u00e7\u00e3o e repara\u00e7\u00e3o autom\u00f3vel em Portugal. As novas oficinas est\u00e3o equipadas com as mais modernas tecnologias e contam com profissionais altamente capacitados, que atuam de forma integrada e comprometida em oferecer um servi\u00e7o \u00e1gil e eficiente.<\/p>\n","protected":false},"excerpt":{"rendered":"<p>A TOPCAR, em modo expans\u00e3o, acaba&#8230;<\/p>\n","protected":false},"author":15,"featured_media":64119,"comment_status":"closed","ping_status":"closed","sticky":false,"template":"","format":"standard","meta":{"footnotes":""},"categories":[29],"tags":[4780,4777,3223,4775,4781,4776,4773,4778,332,4774,4779],"class_list":["post-64124","post","type-post","status-publish","format-standard","has-post-thumbnail","hentry","category-empresas","tag-alfamax","tag-alverca-do-ribatejo","tag-benfica","tag-casal-do-marco","tag-oferta-vasta","tag-paulo-oliveira","tag-quatro-novas-oficinas","tag-stz-auto","tag-topcar","tag-valongo","tag-vendeiro"],"yoast_head":"<!-- This site is optimized with the Yoast SEO plugin v27.4 - https:\/\/yoast.com\/product\/yoast-seo-wordpress\/ -->\n<title>TOPCAR continua em modo expans\u00e3o - Jornal das Oficinas<\/title>\n<meta name=\"description\" content=\"A TOPCAR, em modo de expans\u00e3o, anuncia a abertura de quatro novas oficinas, para oferecer uma oferta vasta e dispersa no territ\u00f3rio nacional\" \/>\n<meta name=\"robots\" content=\"index, follow, max-snippet:-1, max-image-preview:large, max-video-preview:-1\" \/>\n<link rel=\"canonical\" href=\"https:\/\/jornaldasoficinas.com\/pt\/topcar-continua-em-modo-expansao\/\" \/>\n<meta property=\"og:locale\" content=\"pt_PT\" \/>\n<meta property=\"og:type\" content=\"article\" \/>\n<meta property=\"og:title\" content=\"TOPCAR continua em modo expans\u00e3o - Jornal das Oficinas\" \/>\n<meta property=\"og:description\" content=\"A TOPCAR, em modo de expans\u00e3o, anuncia a abertura de quatro novas oficinas, para oferecer uma oferta vasta e dispersa no territ\u00f3rio nacional\" \/>\n<meta property=\"og:url\" content=\"https:\/\/jornaldasoficinas.com\/pt\/topcar-continua-em-modo-expansao\/\" \/>\n<meta property=\"og:site_name\" content=\"Jornal das Oficinas\" \/>\n<meta property=\"article:publisher\" content=\"https:\/\/www.facebook.com\/jornaloficinas\" \/>\n<meta property=\"article:published_time\" content=\"2023-03-27T17:00:34+00:00\" \/>\n<meta property=\"og:image\" content=\"https:\/\/jornaldasoficinas.com\/pt\/wp-content\/uploads\/2023\/03\/TOPCAR-continua-em-modo-expansao.jpg\" \/>\n\t<meta property=\"og:image:width\" content=\"1024\" \/>\n\t<meta property=\"og:image:height\" content=\"581\" \/>\n\t<meta property=\"og:image:type\" content=\"image\/jpeg\" \/>\n<meta name=\"author\" content=\"Reda\u00e7\u00e3o JO\" \/>\n<meta name=\"twitter:card\" content=\"summary_large_image\" \/>\n<meta name=\"twitter:creator\" content=\"@jornaloficinas\" \/>\n<meta name=\"twitter:site\" content=\"@jornaloficinas\" \/>\n<meta name=\"twitter:label1\" content=\"Escrito por\" \/>\n\t<meta name=\"twitter:data1\" content=\"Reda\u00e7\u00e3o JO\" \/>\n\t<meta name=\"twitter:label2\" content=\"Tempo estimado de leitura\" \/>\n\t<meta name=\"twitter:data2\" content=\"1 minuto\" \/>\n<script type=\"application\/ld+json\" class=\"yoast-schema-graph\">{\"@context\":\"https:\\\/\\\/schema.org\",\"@graph\":[{\"@type\":\"Article\",\"@id\":\"https:\\\/\\\/jornaldasoficinas.com\\\/pt\\\/topcar-continua-em-modo-expansao\\\/#article\",\"isPartOf\":{\"@id\":\"https:\\\/\\\/jornaldasoficinas.com\\\/pt\\\/topcar-continua-em-modo-expansao\\\/\"},\"author\":{\"name\":\"Reda\u00e7\u00e3o JO\",\"@id\":\"https:\\\/\\\/jornaldasoficinas.com\\\/pt\\\/#\\\/schema\\\/person\\\/a38eef5de2c41d9e7c9ac10141afddf3\"},\"headline\":\"TOPCAR continua em modo expans\u00e3o\",\"datePublished\":\"2023-03-27T17:00:34+00:00\",\"mainEntityOfPage\":{\"@id\":\"https:\\\/\\\/jornaldasoficinas.com\\\/pt\\\/topcar-continua-em-modo-expansao\\\/\"},\"wordCount\":197,\"publisher\":{\"@id\":\"https:\\\/\\\/jornaldasoficinas.com\\\/pt\\\/#organization\"},\"image\":{\"@id\":\"https:\\\/\\\/jornaldasoficinas.com\\\/pt\\\/topcar-continua-em-modo-expansao\\\/#primaryimage\"},\"thumbnailUrl\":\"https:\\\/\\\/jornaldasoficinas.com\\\/pt\\\/wp-content\\\/uploads\\\/2023\\\/03\\\/TOPCAR-continua-em-modo-expansao.jpg\",\"keywords\":[\"Alfamax\",\"Alverca do Ribatejo\",\"Benfica\",\"Casal do Marco\",\"Oferta vasta\",\"Paulo &amp; Oliveira\",\"quatro novas oficinas\",\"STZ Auto\",\"TOPCAR\",\"Valongo\",\"Vendeiro\"],\"articleSection\":[\"Empresas\"],\"inLanguage\":\"pt-PT\"},{\"@type\":\"WebPage\",\"@id\":\"https:\\\/\\\/jornaldasoficinas.com\\\/pt\\\/topcar-continua-em-modo-expansao\\\/\",\"url\":\"https:\\\/\\\/jornaldasoficinas.com\\\/pt\\\/topcar-continua-em-modo-expansao\\\/\",\"name\":\"TOPCAR continua em modo expans\u00e3o - Jornal das Oficinas\",\"isPartOf\":{\"@id\":\"https:\\\/\\\/jornaldasoficinas.com\\\/pt\\\/#website\"},\"primaryImageOfPage\":{\"@id\":\"https:\\\/\\\/jornaldasoficinas.com\\\/pt\\\/topcar-continua-em-modo-expansao\\\/#primaryimage\"},\"image\":{\"@id\":\"https:\\\/\\\/jornaldasoficinas.com\\\/pt\\\/topcar-continua-em-modo-expansao\\\/#primaryimage\"},\"thumbnailUrl\":\"https:\\\/\\\/jornaldasoficinas.com\\\/pt\\\/wp-content\\\/uploads\\\/2023\\\/03\\\/TOPCAR-continua-em-modo-expansao.jpg\",\"datePublished\":\"2023-03-27T17:00:34+00:00\",\"description\":\"A TOPCAR, em modo de expans\u00e3o, anuncia a abertura de quatro novas oficinas, para oferecer uma oferta vasta e dispersa no territ\u00f3rio nacional\",\"breadcrumb\":{\"@id\":\"https:\\\/\\\/jornaldasoficinas.com\\\/pt\\\/topcar-continua-em-modo-expansao\\\/#breadcrumb\"},\"inLanguage\":\"pt-PT\",\"potentialAction\":[{\"@type\":\"ReadAction\",\"target\":[\"https:\\\/\\\/jornaldasoficinas.com\\\/pt\\\/topcar-continua-em-modo-expansao\\\/\"]}]},{\"@type\":\"ImageObject\",\"inLanguage\":\"pt-PT\",\"@id\":\"https:\\\/\\\/jornaldasoficinas.com\\\/pt\\\/topcar-continua-em-modo-expansao\\\/#primaryimage\",\"url\":\"https:\\\/\\\/jornaldasoficinas.com\\\/pt\\\/wp-content\\\/uploads\\\/2023\\\/03\\\/TOPCAR-continua-em-modo-expansao.jpg\",\"contentUrl\":\"https:\\\/\\\/jornaldasoficinas.com\\\/pt\\\/wp-content\\\/uploads\\\/2023\\\/03\\\/TOPCAR-continua-em-modo-expansao.jpg\",\"width\":1024,\"height\":581,\"caption\":\"03 - TOPCAR continua em modo expansao\"},{\"@type\":\"BreadcrumbList\",\"@id\":\"https:\\\/\\\/jornaldasoficinas.com\\\/pt\\\/topcar-continua-em-modo-expansao\\\/#breadcrumb\",\"itemListElement\":[{\"@type\":\"ListItem\",\"position\":1,\"name\":\"In\u00edcio\",\"item\":\"https:\\\/\\\/jornaldasoficinas.com\\\/pt\\\/\"},{\"@type\":\"ListItem\",\"position\":2,\"name\":\"TOPCAR continua em modo expans\u00e3o\"}]},{\"@type\":\"WebSite\",\"@id\":\"https:\\\/\\\/jornaldasoficinas.com\\\/pt\\\/#website\",\"url\":\"https:\\\/\\\/jornaldasoficinas.com\\\/pt\\\/\",\"name\":\"Jornal das Oficinas\",\"description\":\"Jornal independente do Aftermarket Autom\u00f3vel em Portugal\",\"publisher\":{\"@id\":\"https:\\\/\\\/jornaldasoficinas.com\\\/pt\\\/#organization\"},\"potentialAction\":[{\"@type\":\"SearchAction\",\"target\":{\"@type\":\"EntryPoint\",\"urlTemplate\":\"https:\\\/\\\/jornaldasoficinas.com\\\/pt\\\/?s={search_term_string}\"},\"query-input\":{\"@type\":\"PropertyValueSpecification\",\"valueRequired\":true,\"valueName\":\"search_term_string\"}}],\"inLanguage\":\"pt-PT\"},{\"@type\":\"Organization\",\"@id\":\"https:\\\/\\\/jornaldasoficinas.com\\\/pt\\\/#organization\",\"name\":\"Jornal das Oficinas\",\"url\":\"https:\\\/\\\/jornaldasoficinas.com\\\/pt\\\/\",\"logo\":{\"@type\":\"ImageObject\",\"inLanguage\":\"pt-PT\",\"@id\":\"https:\\\/\\\/jornaldasoficinas.com\\\/pt\\\/#\\\/schema\\\/logo\\\/image\\\/\",\"url\":\"https:\\\/\\\/jornaldasoficinas.com\\\/pt\\\/wp-content\\\/uploads\\\/logoJO-SEO.png\",\"contentUrl\":\"https:\\\/\\\/jornaldasoficinas.com\\\/pt\\\/wp-content\\\/uploads\\\/logoJO-SEO.png\",\"width\":285,\"height\":450,\"caption\":\"Jornal das Oficinas\"},\"image\":{\"@id\":\"https:\\\/\\\/jornaldasoficinas.com\\\/pt\\\/#\\\/schema\\\/logo\\\/image\\\/\"},\"sameAs\":[\"https:\\\/\\\/www.facebook.com\\\/jornaloficinas\",\"https:\\\/\\\/x.com\\\/jornaloficinas\",\"https:\\\/\\\/www.instagram.com\\\/jornal_oficinas\\\/\",\"https:\\\/\\\/www.linkedin.com\\\/company\\\/jornal-das-oficinas\\\/\",\"https:\\\/\\\/www.youtube.com\\\/channel\\\/UCbQZBqtcvV-oSQrr7RzINGg\"]},{\"@type\":\"Person\",\"@id\":\"https:\\\/\\\/jornaldasoficinas.com\\\/pt\\\/#\\\/schema\\\/person\\\/a38eef5de2c41d9e7c9ac10141afddf3\",\"name\":\"Reda\u00e7\u00e3o JO\",\"image\":{\"@type\":\"ImageObject\",\"inLanguage\":\"pt-PT\",\"@id\":\"https:\\\/\\\/secure.gravatar.com\\\/avatar\\\/71f2fa71737ad68a84fea94bc708ddac8ea5b0c4788dc2ad202f3ccb2887742f?s=96&d=wp_user_avatar&r=g\",\"url\":\"https:\\\/\\\/secure.gravatar.com\\\/avatar\\\/71f2fa71737ad68a84fea94bc708ddac8ea5b0c4788dc2ad202f3ccb2887742f?s=96&d=wp_user_avatar&r=g\",\"contentUrl\":\"https:\\\/\\\/secure.gravatar.com\\\/avatar\\\/71f2fa71737ad68a84fea94bc708ddac8ea5b0c4788dc2ad202f3ccb2887742f?s=96&d=wp_user_avatar&r=g\",\"caption\":\"Reda\u00e7\u00e3o JO\"},\"url\":\"https:\\\/\\\/jornaldasoficinas.com\\\/pt\\\/author\\\/joredacao\\\/\"}]}<\/script>\n<!-- \/ Yoast SEO plugin. -->","yoast_head_json":{"title":"TOPCAR continua em modo expans\u00e3o - Jornal das Oficinas","description":"A TOPCAR, em modo de expans\u00e3o, anuncia a abertura de quatro novas oficinas, para oferecer uma oferta vasta e dispersa no territ\u00f3rio nacional","robots":{"index":"index","follow":"follow","max-snippet":"max-snippet:-1","max-image-preview":"max-image-preview:large","max-video-preview":"max-video-preview:-1"},"canonical":"https:\/\/jornaldasoficinas.com\/pt\/topcar-continua-em-modo-expansao\/","og_locale":"pt_PT","og_type":"article","og_title":"TOPCAR continua em modo expans\u00e3o - Jornal das Oficinas","og_description":"A TOPCAR, em modo de expans\u00e3o, anuncia a abertura de quatro novas oficinas, para oferecer uma oferta vasta e dispersa no territ\u00f3rio nacional","og_url":"https:\/\/jornaldasoficinas.com\/pt\/topcar-continua-em-modo-expansao\/","og_site_name":"Jornal das Oficinas","article_publisher":"https:\/\/www.facebook.com\/jornaloficinas","article_published_time":"2023-03-27T17:00:34+00:00","og_image":[{"width":1024,"height":581,"url":"https:\/\/jornaldasoficinas.com\/pt\/wp-content\/uploads\/2023\/03\/TOPCAR-continua-em-modo-expansao.jpg","type":"image\/jpeg"}],"author":"Reda\u00e7\u00e3o JO","twitter_card":"summary_large_image","twitter_creator":"@jornaloficinas","twitter_site":"@jornaloficinas","twitter_misc":{"Escrito por":"Reda\u00e7\u00e3o JO","Tempo estimado de leitura":"1 minuto"},"schema":{"@context":"https:\/\/schema.org","@graph":[{"@type":"Article","@id":"https:\/\/jornaldasoficinas.com\/pt\/topcar-continua-em-modo-expansao\/#article","isPartOf":{"@id":"https:\/\/jornaldasoficinas.com\/pt\/topcar-continua-em-modo-expansao\/"},"author":{"name":"Reda\u00e7\u00e3o JO","@id":"https:\/\/jornaldasoficinas.com\/pt\/#\/schema\/person\/a38eef5de2c41d9e7c9ac10141afddf3"},"headline":"TOPCAR continua em modo expans\u00e3o","datePublished":"2023-03-27T17:00:34+00:00","mainEntityOfPage":{"@id":"https:\/\/jornaldasoficinas.com\/pt\/topcar-continua-em-modo-expansao\/"},"wordCount":197,"publisher":{"@id":"https:\/\/jornaldasoficinas.com\/pt\/#organization"},"image":{"@id":"https:\/\/jornaldasoficinas.com\/pt\/topcar-continua-em-modo-expansao\/#primaryimage"},"thumbnailUrl":"https:\/\/jornaldasoficinas.com\/pt\/wp-content\/uploads\/2023\/03\/TOPCAR-continua-em-modo-expansao.jpg","keywords":["Alfamax","Alverca do Ribatejo","Benfica","Casal do Marco","Oferta vasta","Paulo &amp; Oliveira","quatro novas oficinas","STZ Auto","TOPCAR","Valongo","Vendeiro"],"articleSection":["Empresas"],"inLanguage":"pt-PT"},{"@type":"WebPage","@id":"https:\/\/jornaldasoficinas.com\/pt\/topcar-continua-em-modo-expansao\/","url":"https:\/\/jornaldasoficinas.com\/pt\/topcar-continua-em-modo-expansao\/","name":"TOPCAR continua em modo expans\u00e3o - Jornal das Oficinas","isPartOf":{"@id":"https:\/\/jornaldasoficinas.com\/pt\/#website"},"primaryImageOfPage":{"@id":"https:\/\/jornaldasoficinas.com\/pt\/topcar-continua-em-modo-expansao\/#primaryimage"},"image":{"@id":"https:\/\/jornaldasoficinas.com\/pt\/topcar-continua-em-modo-expansao\/#primaryimage"},"thumbnailUrl":"https:\/\/jornaldasoficinas.com\/pt\/wp-content\/uploads\/2023\/03\/TOPCAR-continua-em-modo-expansao.jpg","datePublished":"2023-03-27T17:00:34+00:00","description":"A TOPCAR, em modo de expans\u00e3o, anuncia a abertura de quatro novas oficinas, para oferecer uma oferta vasta e dispersa no territ\u00f3rio nacional","breadcrumb":{"@id":"https:\/\/jornaldasoficinas.com\/pt\/topcar-continua-em-modo-expansao\/#breadcrumb"},"inLanguage":"pt-PT","potentialAction":[{"@type":"ReadAction","target":["https:\/\/jornaldasoficinas.com\/pt\/topcar-continua-em-modo-expansao\/"]}]},{"@type":"ImageObject","inLanguage":"pt-PT","@id":"https:\/\/jornaldasoficinas.com\/pt\/topcar-continua-em-modo-expansao\/#primaryimage","url":"https:\/\/jornaldasoficinas.com\/pt\/wp-content\/uploads\/2023\/03\/TOPCAR-continua-em-modo-expansao.jpg","contentUrl":"https:\/\/jornaldasoficinas.com\/pt\/wp-content\/uploads\/2023\/03\/TOPCAR-continua-em-modo-expansao.jpg","width":1024,"height":581,"caption":"03 - TOPCAR continua em modo expansao"},{"@type":"BreadcrumbList","@id":"https:\/\/jornaldasoficinas.com\/pt\/topcar-continua-em-modo-expansao\/#breadcrumb","itemListElement":[{"@type":"ListItem","position":1,"name":"In\u00edcio","item":"https:\/\/jornaldasoficinas.com\/pt\/"},{"@type":"ListItem","position":2,"name":"TOPCAR continua em modo expans\u00e3o"}]},{"@type":"WebSite","@id":"https:\/\/jornaldasoficinas.com\/pt\/#website","url":"https:\/\/jornaldasoficinas.com\/pt\/","name":"Jornal das Oficinas","description":"Jornal independente do Aftermarket Autom\u00f3vel em Portugal","publisher":{"@id":"https:\/\/jornaldasoficinas.com\/pt\/#organization"},"potentialAction":[{"@type":"SearchAction","target":{"@type":"EntryPoint","urlTemplate":"https:\/\/jornaldasoficinas.com\/pt\/?s={search_term_string}"},"query-input":{"@type":"PropertyValueSpecification","valueRequired":true,"valueName":"search_term_string"}}],"inLanguage":"pt-PT"},{"@type":"Organization","@id":"https:\/\/jornaldasoficinas.com\/pt\/#organization","name":"Jornal das Oficinas","url":"https:\/\/jornaldasoficinas.com\/pt\/","logo":{"@type":"ImageObject","inLanguage":"pt-PT","@id":"https:\/\/jornaldasoficinas.com\/pt\/#\/schema\/logo\/image\/","url":"https:\/\/jornaldasoficinas.com\/pt\/wp-content\/uploads\/logoJO-SEO.png","contentUrl":"https:\/\/jornaldasoficinas.com\/pt\/wp-content\/uploads\/logoJO-SEO.png","width":285,"height":450,"caption":"Jornal das Oficinas"},"image":{"@id":"https:\/\/jornaldasoficinas.com\/pt\/#\/schema\/logo\/image\/"},"sameAs":["https:\/\/www.facebook.com\/jornaloficinas","https:\/\/x.com\/jornaloficinas","https:\/\/www.instagram.com\/jornal_oficinas\/","https:\/\/www.linkedin.com\/company\/jornal-das-oficinas\/","https:\/\/www.youtube.com\/channel\/UCbQZBqtcvV-oSQrr7RzINGg"]},{"@type":"Person","@id":"https:\/\/jornaldasoficinas.com\/pt\/#\/schema\/person\/a38eef5de2c41d9e7c9ac10141afddf3","name":"Reda\u00e7\u00e3o JO","image":{"@type":"ImageObject","inLanguage":"pt-PT","@id":"https:\/\/secure.gravatar.com\/avatar\/71f2fa71737ad68a84fea94bc708ddac8ea5b0c4788dc2ad202f3ccb2887742f?s=96&d=wp_user_avatar&r=g","url":"https:\/\/secure.gravatar.com\/avatar\/71f2fa71737ad68a84fea94bc708ddac8ea5b0c4788dc2ad202f3ccb2887742f?s=96&d=wp_user_avatar&r=g","contentUrl":"https:\/\/secure.gravatar.com\/avatar\/71f2fa71737ad68a84fea94bc708ddac8ea5b0c4788dc2ad202f3ccb2887742f?s=96&d=wp_user_avatar&r=g","caption":"Reda\u00e7\u00e3o JO"},"url":"https:\/\/jornaldasoficinas.com\/pt\/author\/joredacao\/"}]}},"_links":{"self":[{"href":"https:\/\/jornaldasoficinas.com\/pt\/wp-json\/wp\/v2\/posts\/64124","targetHints":{"allow":["GET"]}}],"collection":[{"href":"https:\/\/jornaldasoficinas.com\/pt\/wp-json\/wp\/v2\/posts"}],"about":[{"href":"https:\/\/jornaldasoficinas.com\/pt\/wp-json\/wp\/v2\/types\/post"}],"author":[{"embeddable":true,"href":"https:\/\/jornaldasoficinas.com\/pt\/wp-json\/wp\/v2\/users\/15"}],"replies":[{"embeddable":true,"href":"https:\/\/jornaldasoficinas.com\/pt\/wp-json\/wp\/v2\/comments?post=64124"}],"version-history":[{"count":0,"href":"https:\/\/jornaldasoficinas.com\/pt\/wp-json\/wp\/v2\/posts\/64124\/revisions"}],"wp:featuredmedia":[{"embeddable":true,"href":"https:\/\/jornaldasoficinas.com\/pt\/wp-json\/wp\/v2\/media\/64119"}],"wp:attachment":[{"href":"https:\/\/jornaldasoficinas.com\/pt\/wp-json\/wp\/v2\/media?parent=64124"}],"wp:term":[{"taxonomy":"category","embeddable":true,"href":"https:\/\/jornaldasoficinas.com\/pt\/wp-json\/wp\/v2\/categories?post=64124"},{"taxonomy":"post_tag","embeddable":true,"href":"https:\/\/jornaldasoficinas.com\/pt\/wp-json\/wp\/v2\/tags?post=64124"}],"curies":[{"name":"wp","href":"https:\/\/api.w.org\/{rel}","templated":true}]}}