{"id":64130,"date":"2023-03-27T20:00:34","date_gmt":"2023-03-27T19:00:34","guid":{"rendered":"https:\/\/jornaldasoficinas.com\/pt\/?p=64130"},"modified":"2023-07-19T15:40:38","modified_gmt":"2023-07-19T14:40:38","slug":"4a-convencao-apdca-analisa-tendencias-e-desafios-do-setor-automovel","status":"publish","type":"post","link":"https:\/\/jornaldasoficinas.com\/pt\/4a-convencao-apdca-analisa-tendencias-e-desafios-do-setor-automovel\/","title":{"rendered":"4\u00aa Conven\u00e7\u00e3o APDCA analisa tend\u00eancias e desafios do setor autom\u00f3vel"},"content":{"rendered":"<p><strong><img loading=\"lazy\" decoding=\"async\" class=\"alignnone size-full wp-image-64114\" src=\"https:\/\/jornaldasoficinas.com\/pt\/wp-content\/uploads\/2023\/03\/4a-Convencao-APDCA-analisa-tendencias-e-desafios-do-setor-automovel.jpg\" alt=\"03 - 4a Convencao APDCA analisa tendencias e desafios do setor automovel\" width=\"1024\" height=\"581\" srcset=\"https:\/\/jornaldasoficinas.com\/pt\/wp-content\/uploads\/2023\/03\/4a-Convencao-APDCA-analisa-tendencias-e-desafios-do-setor-automovel.jpg 1024w, https:\/\/jornaldasoficinas.com\/pt\/wp-content\/uploads\/2023\/03\/4a-Convencao-APDCA-analisa-tendencias-e-desafios-do-setor-automovel-300x170.jpg 300w, https:\/\/jornaldasoficinas.com\/pt\/wp-content\/uploads\/2023\/03\/4a-Convencao-APDCA-analisa-tendencias-e-desafios-do-setor-automovel-150x85.jpg 150w, https:\/\/jornaldasoficinas.com\/pt\/wp-content\/uploads\/2023\/03\/4a-Convencao-APDCA-analisa-tendencias-e-desafios-do-setor-automovel-768x436.jpg 768w\" sizes=\"auto, (max-width: 1024px) 100vw, 1024px\" \/><\/strong><\/p>\n<p><strong>Foram cerca de duas centenas os participantes que marcaram presen\u00e7a na 4\u00aa Conven\u00e7\u00e3o da Associa\u00e7\u00e3o Portuguesa do Com\u00e9rcio Autom\u00f3vel (<a href=\"https:\/\/apdca.pt\/agenda\/eventos\/4a-convencao-apdca\/\" target=\"_blank\" rel=\"noopener\">APDCA<\/a>). Os empres\u00e1rios do setor, parceiros, entidades p\u00fablicas e demais associa\u00e7\u00f5es cong\u00e9neres, tiveram a oportunidade de discutir e analisar as tend\u00eancias que se avizinham e, em conjunto, procurar solu\u00e7\u00f5es para os desafios atuais e futuros<\/strong><\/p>\n<p><strong>\u00a0<\/strong>Como fez quest\u00e3o de frisar na sua interven\u00e7\u00e3o de abertura,\u00a0Nuno Silva, presidente da APDCA\u00a0\u2013 Associa\u00e7\u00e3o Portuguesa do Com\u00e9rcio Autom\u00f3vel, relembrou que \u201ca \u00faltima Conven\u00e7\u00e3o, em 2020, decorreu dias antes de entrarmos numa crise sem precedentes e que mergulhou as empresas do setor na incerteza. Mas, mais uma vez, os empres\u00e1rios mostraram a sua resili\u00eancia e capacidade de adapta\u00e7\u00e3o. Hoje, as incertezas que vivemos t\u00eam outra causa e os desafios s\u00e3o outros, mas h\u00e1 quest\u00f5es de fundo que, apesar dos esfor\u00e7os da APDCA, continuam por resolver. Nomeadamente a quest\u00e3o da carteira profissional, a luta contra a concorr\u00eancia desleal do mercado paralelo e, mais recentemente, a pol\u00e9mica em torno da lei das garantias.\u201c<\/p>\n<p>O Presidente da Dire\u00e7\u00e3o da APDCA agradeceu ainda a presen\u00e7a dos representantes da <a href=\"https:\/\/aran.pt\/pt\/\" target=\"_blank\" rel=\"noopener\">ARAN<\/a>, na figura da sua Secret\u00e1ria-Geral a Dra. Nely Valkanova, e da <a href=\"https:\/\/www.acap.pt\/pt\/home\" target=\"_blank\" rel=\"noopener\">ACAP<\/a>, representada pelo seu Secret\u00e1rio-Geral Dr. H\u00e9lder Pedro, destacando a import\u00e2ncia de criar pontes e de unir esfor\u00e7os nos temas comuns. \u201cH\u00e1 muito que temos na ARAN, mais do que um interlocutor, um verdadeiro parceiro. A uni\u00e3o de esfor\u00e7os entre a ARAN e a APDCA j\u00e1 deu frutos no passado e, esperemos, volte a dar em breve. Em rela\u00e7\u00e3o \u00e0 ACAP, fic\u00e1mos muito satisfeitos de terem aceite o convite e j\u00e1 tivemos oportunidade de trocar ideias e de agendar, para breve, uma reuni\u00e3o, sendo evidente para ambas as Associa\u00e7\u00f5es que uma uni\u00e3o de esfor\u00e7os face aos desafios que nos s\u00e3o comuns seria muito produtiva\u201d.<\/p>\n<p>O discurso de abertura da Conven\u00e7\u00e3o coube \u00e0\u00a0Diretora-Geral das Atividades Econ\u00f3micas, Dra. Fernanda Ferreira Dias,\u00a0que apelou ao esp\u00edrito de uni\u00e3o dos empres\u00e1rios do setor em torno da APDCA e desta com as associa\u00e7\u00f5es cong\u00e9neres. Para a Dra. Fernanda Ferreira Dias, \u201co associativismo \u00e9 fundamental na articula\u00e7\u00e3o com as institui\u00e7\u00f5es p\u00fablicas e com o pr\u00f3prio governo. S\u00f3 assim, os empres\u00e1rios do setor, de forma coesa e organizada, nos podem fazer chegar as suas preocupa\u00e7\u00f5es e sugest\u00f5es para os desafios que enfrentam, contribuindo ativamente para a defini\u00e7\u00e3o de pol\u00edticas p\u00fablicas\u201d.\u00a0A Diretora-Geral das Atividades Econ\u00f3micas apelou ainda \u00e0\u00a0\u201ccombina\u00e7\u00e3o de esfor\u00e7os, \u00e0 coopera\u00e7\u00e3o e parceria, entre as associa\u00e7\u00f5es cong\u00e9neres. Ganhando m\u00fasculo, propondo medidas em conjunto e saindo refor\u00e7adas nas suas pretens\u00f5es\u201d.<\/p>\n<p><strong>Lei das Garantias, cada cabe\u00e7a a sua senten\u00e7a<br \/>\n<\/strong>Com vista ao eventual esclarecimento de d\u00favidas, a uma salutar troca de ideias e uma avalia\u00e7\u00e3o conjunta deste ano passado desde a entrada em vigor do Decreto-Lei\u00a084\/2021, vulgarmente conhecido pela Lei das Garantias, a APDCA convidou um painel de especialistas ligados \u00e0s empresas de garantias. Para Miguel Le Coroller, da SNG, \u201cmais do que a dilata\u00e7\u00e3o dos prazos de garantias dos usados para os 3 anos (18 meses por comum acordo), o grande problema desta lei \u00e9 a sua ambiguidade e o car\u00e1ter geral de muitas medidas. Parece-nos que, aqui, o legislador precisa urgentemente de esclarecer os pontos que mais d\u00favidas colocam, j\u00e1 que nem os empres\u00e1rios conseguem perceber qual \u00e9, realmente, o \u00e2mbito das suas obriga\u00e7\u00f5es, nem os consumidores ficam cientes dos seus direitos e deveres\u201d.<\/p>\n<p>Sofia Cruz, da NSA, complementou esta conclus\u00e3o com a leitura da cl\u00e1usula que prev\u00ea a dilata\u00e7\u00e3o do prazo por mais seis meses no caso de uma repara\u00e7\u00e3o. \u201cA lei diz que o prolongamento se aplica ao bem. \u00c0 pe\u00e7a reparada ou ao bem na totalidade? A quest\u00e3o \u00e9 que um autom\u00f3vel usado n\u00e3o \u00e9 uma torradeira, \u00e9 uma m\u00e1quina complexa e com muitos componentes. A nossa preocupa\u00e7\u00e3o \u00e9 sempre para com os consumidores, mas esta lei, da maneira como est\u00e1 feita, torna a sua interpreta\u00e7\u00e3o pouco clara\u201d. Francesco Aqcuadro \u2013 RPM Garantie \u2013 com uma ampla experi\u00eancia internacional, destaca que o \u201clegislador portugu\u00eas foi muito al\u00e9m da diretiva comunit\u00e1ria nos prazos previstos, que n\u00e3o tem parelelo em nenhum pa\u00eds europeu com exce\u00e7\u00e3o de Espanha, mas, mesmo a\u00ed, o prazo m\u00ednimo pode ser reduzido at\u00e9 aos 12 meses\u201d. Francesco tamb\u00e9m v\u00ea como \u201cinevit\u00e1veis o aumento de conflitos entre vendedores e clientes, destacando a import\u00e2ncia de uma ficha de conformidade para proteger ambas as partes. Neste ponto, o\u00a0<a href=\"https:\/\/apdca.pt\/viatura-certificada-apdca\/\" target=\"_blank\" rel=\"noopener\">Programa Usado Certificado<\/a>\u00a0como o que a APDCA oferece \u00e9 uma mais valia ineg\u00e1vel, atestando a conformidade do bem e promovendo a transpar\u00eancia que todos pretendemos para esta atividade\u201d.<\/p>\n<p><strong>Re-renting e solu\u00e7\u00f5es \u00e0 medida<br \/>\n<\/strong>Na mesa redonda promovida com as empresas financeiras para avaliar um mercado em ineg\u00e1vel muta\u00e7\u00e3o e as solu\u00e7\u00f5es de financiamento que s\u00e3o previstas e que podem vir a surgir num futuro a breve trecho, Henrique Henriques \u2013 <a href=\"https:\/\/www.credibom.pt\/\" target=\"_blank\" rel=\"noopener\">Credibom<\/a>, Pedro Nuno Ferreira \u2013 <a href=\"https:\/\/www.cetelem.pt\/\" target=\"_blank\" rel=\"noopener\">Cetelem<\/a> e Carla Silva do <a href=\"https:\/\/www.santanderconsumer.pt\/\" target=\"_blank\" rel=\"noopener\">Santander Consumer<\/a> Finance, explicaram aos presentes conceitos como o re-renting, uma forma de dar nova vida aos autom\u00f3veis ap\u00f3s o fim do per\u00edodo do contrato. Mas tamb\u00e9m da forma como o renting de usados continua a crescer e a ser uma ferramenta interessante \u201cespecialmente para as empresas\u201d, explica Pedro Nuno Ferreira.<\/p>\n<p>J\u00e1 para Henrique Henriques, \u201ca preocupa\u00e7\u00e3o das empresas financeiras \u00e9 a de propor alternativas de financiamento que simplifiquem a vida aos clientes. Os clientes, hoje em dia, j\u00e1 querem tratar de tudo online, de forma r\u00e1pida, simples e eficaz e \u00e9 a\u00ed que temos de focar os nossos esfor\u00e7os\u201d. Pedro Nuno Ferreira refor\u00e7ou ainda a necessidade de harmoniza\u00e7\u00e3o no tratamento entre os diferentes canais de comercializa\u00e7\u00e3o. \u201cUm cliente que vai a um espa\u00e7o f\u00edsico n\u00e3o quer ser tratado de forma diferente de um cliente do canal digital. N\u00e3o h\u00e1 clientes de primeira e de segunda\u201d.<\/p>\n","protected":false},"excerpt":{"rendered":"<p>Foram cerca de duas centenas os&#8230;<\/p>\n","protected":false},"author":15,"featured_media":64114,"comment_status":"closed","ping_status":"closed","sticky":false,"template":"","format":"standard","meta":{"footnotes":""},"categories":[29],"tags":[4782,157,1499,136,2628,4785,4783,4784,4786],"class_list":["post-64130","post","type-post","status-publish","format-standard","has-post-thumbnail","hentry","category-empresas","tag-4a-convencao","tag-acap","tag-apdca","tag-aran","tag-cetelem","tag-credibom","tag-lei-das-garantias","tag-re-renting","tag-santander-consumer"],"yoast_head":"<!-- This site is optimized with the Yoast SEO plugin v27.4 - https:\/\/yoast.com\/product\/yoast-seo-wordpress\/ -->\n<title>4\u00aa Conven\u00e7\u00e3o APDCA analisa tend\u00eancias e desafios do setor autom\u00f3vel - Jornal das Oficinas<\/title>\n<meta name=\"description\" content=\"Foram cerca de duas centenas os participantes que marcaram presen\u00e7a na 4\u00aa Conven\u00e7\u00e3o da Associa\u00e7\u00e3o Portuguesa do Com\u00e9rcio Autom\u00f3vel (APDCA)\" \/>\n<meta name=\"robots\" content=\"index, follow, max-snippet:-1, max-image-preview:large, max-video-preview:-1\" \/>\n<link rel=\"canonical\" href=\"https:\/\/jornaldasoficinas.com\/pt\/4a-convencao-apdca-analisa-tendencias-e-desafios-do-setor-automovel\/\" \/>\n<meta property=\"og:locale\" content=\"pt_PT\" \/>\n<meta property=\"og:type\" content=\"article\" \/>\n<meta property=\"og:title\" content=\"4\u00aa Conven\u00e7\u00e3o APDCA analisa tend\u00eancias e desafios do setor autom\u00f3vel - Jornal das Oficinas\" \/>\n<meta property=\"og:description\" content=\"Foram cerca de duas centenas os participantes que marcaram presen\u00e7a na 4\u00aa Conven\u00e7\u00e3o da Associa\u00e7\u00e3o Portuguesa do Com\u00e9rcio Autom\u00f3vel (APDCA)\" \/>\n<meta property=\"og:url\" content=\"https:\/\/jornaldasoficinas.com\/pt\/4a-convencao-apdca-analisa-tendencias-e-desafios-do-setor-automovel\/\" \/>\n<meta property=\"og:site_name\" content=\"Jornal das Oficinas\" \/>\n<meta property=\"article:publisher\" content=\"https:\/\/www.facebook.com\/jornaloficinas\" \/>\n<meta property=\"article:published_time\" content=\"2023-03-27T19:00:34+00:00\" \/>\n<meta property=\"article:modified_time\" content=\"2023-07-19T14:40:38+00:00\" \/>\n<meta property=\"og:image\" content=\"https:\/\/jornaldasoficinas.com\/pt\/wp-content\/uploads\/2023\/03\/4a-Convencao-APDCA-analisa-tendencias-e-desafios-do-setor-automovel.jpg\" \/>\n\t<meta property=\"og:image:width\" content=\"1024\" \/>\n\t<meta property=\"og:image:height\" content=\"581\" \/>\n\t<meta property=\"og:image:type\" content=\"image\/jpeg\" \/>\n<meta name=\"author\" content=\"Reda\u00e7\u00e3o JO\" \/>\n<meta name=\"twitter:card\" content=\"summary_large_image\" \/>\n<meta name=\"twitter:creator\" content=\"@jornaloficinas\" \/>\n<meta name=\"twitter:site\" content=\"@jornaloficinas\" \/>\n<meta name=\"twitter:label1\" content=\"Escrito por\" \/>\n\t<meta name=\"twitter:data1\" content=\"Reda\u00e7\u00e3o JO\" \/>\n\t<meta name=\"twitter:label2\" content=\"Tempo estimado de leitura\" \/>\n\t<meta name=\"twitter:data2\" content=\"5 minutos\" \/>\n<script type=\"application\/ld+json\" class=\"yoast-schema-graph\">{\"@context\":\"https:\\\/\\\/schema.org\",\"@graph\":[{\"@type\":\"Article\",\"@id\":\"https:\\\/\\\/jornaldasoficinas.com\\\/pt\\\/4a-convencao-apdca-analisa-tendencias-e-desafios-do-setor-automovel\\\/#article\",\"isPartOf\":{\"@id\":\"https:\\\/\\\/jornaldasoficinas.com\\\/pt\\\/4a-convencao-apdca-analisa-tendencias-e-desafios-do-setor-automovel\\\/\"},\"author\":{\"name\":\"Reda\u00e7\u00e3o JO\",\"@id\":\"https:\\\/\\\/jornaldasoficinas.com\\\/pt\\\/#\\\/schema\\\/person\\\/a38eef5de2c41d9e7c9ac10141afddf3\"},\"headline\":\"4\u00aa Conven\u00e7\u00e3o APDCA analisa tend\u00eancias e desafios do setor autom\u00f3vel\",\"datePublished\":\"2023-03-27T19:00:34+00:00\",\"dateModified\":\"2023-07-19T14:40:38+00:00\",\"mainEntityOfPage\":{\"@id\":\"https:\\\/\\\/jornaldasoficinas.com\\\/pt\\\/4a-convencao-apdca-analisa-tendencias-e-desafios-do-setor-automovel\\\/\"},\"wordCount\":1052,\"publisher\":{\"@id\":\"https:\\\/\\\/jornaldasoficinas.com\\\/pt\\\/#organization\"},\"image\":{\"@id\":\"https:\\\/\\\/jornaldasoficinas.com\\\/pt\\\/4a-convencao-apdca-analisa-tendencias-e-desafios-do-setor-automovel\\\/#primaryimage\"},\"thumbnailUrl\":\"https:\\\/\\\/jornaldasoficinas.com\\\/pt\\\/wp-content\\\/uploads\\\/2023\\\/03\\\/4a-Convencao-APDCA-analisa-tendencias-e-desafios-do-setor-automovel.jpg\",\"keywords\":[\"4\u00aa Conven\u00e7\u00e3o\",\"ACAP\",\"APDCA\",\"ARAN\",\"Cetelem\",\"Credibom\",\"Lei das Garantias\",\"Re-renting\",\"Santander Consumer\"],\"articleSection\":[\"Empresas\"],\"inLanguage\":\"pt-PT\"},{\"@type\":\"WebPage\",\"@id\":\"https:\\\/\\\/jornaldasoficinas.com\\\/pt\\\/4a-convencao-apdca-analisa-tendencias-e-desafios-do-setor-automovel\\\/\",\"url\":\"https:\\\/\\\/jornaldasoficinas.com\\\/pt\\\/4a-convencao-apdca-analisa-tendencias-e-desafios-do-setor-automovel\\\/\",\"name\":\"4\u00aa Conven\u00e7\u00e3o APDCA analisa tend\u00eancias e desafios do setor autom\u00f3vel - Jornal das Oficinas\",\"isPartOf\":{\"@id\":\"https:\\\/\\\/jornaldasoficinas.com\\\/pt\\\/#website\"},\"primaryImageOfPage\":{\"@id\":\"https:\\\/\\\/jornaldasoficinas.com\\\/pt\\\/4a-convencao-apdca-analisa-tendencias-e-desafios-do-setor-automovel\\\/#primaryimage\"},\"image\":{\"@id\":\"https:\\\/\\\/jornaldasoficinas.com\\\/pt\\\/4a-convencao-apdca-analisa-tendencias-e-desafios-do-setor-automovel\\\/#primaryimage\"},\"thumbnailUrl\":\"https:\\\/\\\/jornaldasoficinas.com\\\/pt\\\/wp-content\\\/uploads\\\/2023\\\/03\\\/4a-Convencao-APDCA-analisa-tendencias-e-desafios-do-setor-automovel.jpg\",\"datePublished\":\"2023-03-27T19:00:34+00:00\",\"dateModified\":\"2023-07-19T14:40:38+00:00\",\"description\":\"Foram cerca de duas centenas os participantes que marcaram presen\u00e7a na 4\u00aa Conven\u00e7\u00e3o da Associa\u00e7\u00e3o Portuguesa do Com\u00e9rcio Autom\u00f3vel (APDCA)\",\"breadcrumb\":{\"@id\":\"https:\\\/\\\/jornaldasoficinas.com\\\/pt\\\/4a-convencao-apdca-analisa-tendencias-e-desafios-do-setor-automovel\\\/#breadcrumb\"},\"inLanguage\":\"pt-PT\",\"potentialAction\":[{\"@type\":\"ReadAction\",\"target\":[\"https:\\\/\\\/jornaldasoficinas.com\\\/pt\\\/4a-convencao-apdca-analisa-tendencias-e-desafios-do-setor-automovel\\\/\"]}]},{\"@type\":\"ImageObject\",\"inLanguage\":\"pt-PT\",\"@id\":\"https:\\\/\\\/jornaldasoficinas.com\\\/pt\\\/4a-convencao-apdca-analisa-tendencias-e-desafios-do-setor-automovel\\\/#primaryimage\",\"url\":\"https:\\\/\\\/jornaldasoficinas.com\\\/pt\\\/wp-content\\\/uploads\\\/2023\\\/03\\\/4a-Convencao-APDCA-analisa-tendencias-e-desafios-do-setor-automovel.jpg\",\"contentUrl\":\"https:\\\/\\\/jornaldasoficinas.com\\\/pt\\\/wp-content\\\/uploads\\\/2023\\\/03\\\/4a-Convencao-APDCA-analisa-tendencias-e-desafios-do-setor-automovel.jpg\",\"width\":1024,\"height\":581,\"caption\":\"03 - 4a Convencao APDCA analisa tendencias e desafios do setor automovel\"},{\"@type\":\"BreadcrumbList\",\"@id\":\"https:\\\/\\\/jornaldasoficinas.com\\\/pt\\\/4a-convencao-apdca-analisa-tendencias-e-desafios-do-setor-automovel\\\/#breadcrumb\",\"itemListElement\":[{\"@type\":\"ListItem\",\"position\":1,\"name\":\"In\u00edcio\",\"item\":\"https:\\\/\\\/jornaldasoficinas.com\\\/pt\\\/\"},{\"@type\":\"ListItem\",\"position\":2,\"name\":\"4\u00aa Conven\u00e7\u00e3o APDCA analisa tend\u00eancias e desafios do setor autom\u00f3vel\"}]},{\"@type\":\"WebSite\",\"@id\":\"https:\\\/\\\/jornaldasoficinas.com\\\/pt\\\/#website\",\"url\":\"https:\\\/\\\/jornaldasoficinas.com\\\/pt\\\/\",\"name\":\"Jornal das Oficinas\",\"description\":\"Jornal independente do Aftermarket Autom\u00f3vel em Portugal\",\"publisher\":{\"@id\":\"https:\\\/\\\/jornaldasoficinas.com\\\/pt\\\/#organization\"},\"potentialAction\":[{\"@type\":\"SearchAction\",\"target\":{\"@type\":\"EntryPoint\",\"urlTemplate\":\"https:\\\/\\\/jornaldasoficinas.com\\\/pt\\\/?s={search_term_string}\"},\"query-input\":{\"@type\":\"PropertyValueSpecification\",\"valueRequired\":true,\"valueName\":\"search_term_string\"}}],\"inLanguage\":\"pt-PT\"},{\"@type\":\"Organization\",\"@id\":\"https:\\\/\\\/jornaldasoficinas.com\\\/pt\\\/#organization\",\"name\":\"Jornal das Oficinas\",\"url\":\"https:\\\/\\\/jornaldasoficinas.com\\\/pt\\\/\",\"logo\":{\"@type\":\"ImageObject\",\"inLanguage\":\"pt-PT\",\"@id\":\"https:\\\/\\\/jornaldasoficinas.com\\\/pt\\\/#\\\/schema\\\/logo\\\/image\\\/\",\"url\":\"https:\\\/\\\/jornaldasoficinas.com\\\/pt\\\/wp-content\\\/uploads\\\/logoJO-SEO.png\",\"contentUrl\":\"https:\\\/\\\/jornaldasoficinas.com\\\/pt\\\/wp-content\\\/uploads\\\/logoJO-SEO.png\",\"width\":285,\"height\":450,\"caption\":\"Jornal das Oficinas\"},\"image\":{\"@id\":\"https:\\\/\\\/jornaldasoficinas.com\\\/pt\\\/#\\\/schema\\\/logo\\\/image\\\/\"},\"sameAs\":[\"https:\\\/\\\/www.facebook.com\\\/jornaloficinas\",\"https:\\\/\\\/x.com\\\/jornaloficinas\",\"https:\\\/\\\/www.instagram.com\\\/jornal_oficinas\\\/\",\"https:\\\/\\\/www.linkedin.com\\\/company\\\/jornal-das-oficinas\\\/\",\"https:\\\/\\\/www.youtube.com\\\/channel\\\/UCbQZBqtcvV-oSQrr7RzINGg\"]},{\"@type\":\"Person\",\"@id\":\"https:\\\/\\\/jornaldasoficinas.com\\\/pt\\\/#\\\/schema\\\/person\\\/a38eef5de2c41d9e7c9ac10141afddf3\",\"name\":\"Reda\u00e7\u00e3o JO\",\"image\":{\"@type\":\"ImageObject\",\"inLanguage\":\"pt-PT\",\"@id\":\"https:\\\/\\\/secure.gravatar.com\\\/avatar\\\/71f2fa71737ad68a84fea94bc708ddac8ea5b0c4788dc2ad202f3ccb2887742f?s=96&d=wp_user_avatar&r=g\",\"url\":\"https:\\\/\\\/secure.gravatar.com\\\/avatar\\\/71f2fa71737ad68a84fea94bc708ddac8ea5b0c4788dc2ad202f3ccb2887742f?s=96&d=wp_user_avatar&r=g\",\"contentUrl\":\"https:\\\/\\\/secure.gravatar.com\\\/avatar\\\/71f2fa71737ad68a84fea94bc708ddac8ea5b0c4788dc2ad202f3ccb2887742f?s=96&d=wp_user_avatar&r=g\",\"caption\":\"Reda\u00e7\u00e3o JO\"},\"url\":\"https:\\\/\\\/jornaldasoficinas.com\\\/pt\\\/author\\\/joredacao\\\/\"}]}<\/script>\n<!-- \/ Yoast SEO plugin. -->","yoast_head_json":{"title":"4\u00aa Conven\u00e7\u00e3o APDCA analisa tend\u00eancias e desafios do setor autom\u00f3vel - Jornal das Oficinas","description":"Foram cerca de duas centenas os participantes que marcaram presen\u00e7a na 4\u00aa Conven\u00e7\u00e3o da Associa\u00e7\u00e3o Portuguesa do Com\u00e9rcio Autom\u00f3vel (APDCA)","robots":{"index":"index","follow":"follow","max-snippet":"max-snippet:-1","max-image-preview":"max-image-preview:large","max-video-preview":"max-video-preview:-1"},"canonical":"https:\/\/jornaldasoficinas.com\/pt\/4a-convencao-apdca-analisa-tendencias-e-desafios-do-setor-automovel\/","og_locale":"pt_PT","og_type":"article","og_title":"4\u00aa Conven\u00e7\u00e3o APDCA analisa tend\u00eancias e desafios do setor autom\u00f3vel - Jornal das Oficinas","og_description":"Foram cerca de duas centenas os participantes que marcaram presen\u00e7a na 4\u00aa Conven\u00e7\u00e3o da Associa\u00e7\u00e3o Portuguesa do Com\u00e9rcio Autom\u00f3vel (APDCA)","og_url":"https:\/\/jornaldasoficinas.com\/pt\/4a-convencao-apdca-analisa-tendencias-e-desafios-do-setor-automovel\/","og_site_name":"Jornal das Oficinas","article_publisher":"https:\/\/www.facebook.com\/jornaloficinas","article_published_time":"2023-03-27T19:00:34+00:00","article_modified_time":"2023-07-19T14:40:38+00:00","og_image":[{"width":1024,"height":581,"url":"https:\/\/jornaldasoficinas.com\/pt\/wp-content\/uploads\/2023\/03\/4a-Convencao-APDCA-analisa-tendencias-e-desafios-do-setor-automovel.jpg","type":"image\/jpeg"}],"author":"Reda\u00e7\u00e3o JO","twitter_card":"summary_large_image","twitter_creator":"@jornaloficinas","twitter_site":"@jornaloficinas","twitter_misc":{"Escrito por":"Reda\u00e7\u00e3o JO","Tempo estimado de leitura":"5 minutos"},"schema":{"@context":"https:\/\/schema.org","@graph":[{"@type":"Article","@id":"https:\/\/jornaldasoficinas.com\/pt\/4a-convencao-apdca-analisa-tendencias-e-desafios-do-setor-automovel\/#article","isPartOf":{"@id":"https:\/\/jornaldasoficinas.com\/pt\/4a-convencao-apdca-analisa-tendencias-e-desafios-do-setor-automovel\/"},"author":{"name":"Reda\u00e7\u00e3o JO","@id":"https:\/\/jornaldasoficinas.com\/pt\/#\/schema\/person\/a38eef5de2c41d9e7c9ac10141afddf3"},"headline":"4\u00aa Conven\u00e7\u00e3o APDCA analisa tend\u00eancias e desafios do setor autom\u00f3vel","datePublished":"2023-03-27T19:00:34+00:00","dateModified":"2023-07-19T14:40:38+00:00","mainEntityOfPage":{"@id":"https:\/\/jornaldasoficinas.com\/pt\/4a-convencao-apdca-analisa-tendencias-e-desafios-do-setor-automovel\/"},"wordCount":1052,"publisher":{"@id":"https:\/\/jornaldasoficinas.com\/pt\/#organization"},"image":{"@id":"https:\/\/jornaldasoficinas.com\/pt\/4a-convencao-apdca-analisa-tendencias-e-desafios-do-setor-automovel\/#primaryimage"},"thumbnailUrl":"https:\/\/jornaldasoficinas.com\/pt\/wp-content\/uploads\/2023\/03\/4a-Convencao-APDCA-analisa-tendencias-e-desafios-do-setor-automovel.jpg","keywords":["4\u00aa Conven\u00e7\u00e3o","ACAP","APDCA","ARAN","Cetelem","Credibom","Lei das Garantias","Re-renting","Santander Consumer"],"articleSection":["Empresas"],"inLanguage":"pt-PT"},{"@type":"WebPage","@id":"https:\/\/jornaldasoficinas.com\/pt\/4a-convencao-apdca-analisa-tendencias-e-desafios-do-setor-automovel\/","url":"https:\/\/jornaldasoficinas.com\/pt\/4a-convencao-apdca-analisa-tendencias-e-desafios-do-setor-automovel\/","name":"4\u00aa Conven\u00e7\u00e3o APDCA analisa tend\u00eancias e desafios do setor autom\u00f3vel - Jornal das Oficinas","isPartOf":{"@id":"https:\/\/jornaldasoficinas.com\/pt\/#website"},"primaryImageOfPage":{"@id":"https:\/\/jornaldasoficinas.com\/pt\/4a-convencao-apdca-analisa-tendencias-e-desafios-do-setor-automovel\/#primaryimage"},"image":{"@id":"https:\/\/jornaldasoficinas.com\/pt\/4a-convencao-apdca-analisa-tendencias-e-desafios-do-setor-automovel\/#primaryimage"},"thumbnailUrl":"https:\/\/jornaldasoficinas.com\/pt\/wp-content\/uploads\/2023\/03\/4a-Convencao-APDCA-analisa-tendencias-e-desafios-do-setor-automovel.jpg","datePublished":"2023-03-27T19:00:34+00:00","dateModified":"2023-07-19T14:40:38+00:00","description":"Foram cerca de duas centenas os participantes que marcaram presen\u00e7a na 4\u00aa Conven\u00e7\u00e3o da Associa\u00e7\u00e3o Portuguesa do Com\u00e9rcio Autom\u00f3vel (APDCA)","breadcrumb":{"@id":"https:\/\/jornaldasoficinas.com\/pt\/4a-convencao-apdca-analisa-tendencias-e-desafios-do-setor-automovel\/#breadcrumb"},"inLanguage":"pt-PT","potentialAction":[{"@type":"ReadAction","target":["https:\/\/jornaldasoficinas.com\/pt\/4a-convencao-apdca-analisa-tendencias-e-desafios-do-setor-automovel\/"]}]},{"@type":"ImageObject","inLanguage":"pt-PT","@id":"https:\/\/jornaldasoficinas.com\/pt\/4a-convencao-apdca-analisa-tendencias-e-desafios-do-setor-automovel\/#primaryimage","url":"https:\/\/jornaldasoficinas.com\/pt\/wp-content\/uploads\/2023\/03\/4a-Convencao-APDCA-analisa-tendencias-e-desafios-do-setor-automovel.jpg","contentUrl":"https:\/\/jornaldasoficinas.com\/pt\/wp-content\/uploads\/2023\/03\/4a-Convencao-APDCA-analisa-tendencias-e-desafios-do-setor-automovel.jpg","width":1024,"height":581,"caption":"03 - 4a Convencao APDCA analisa tendencias e desafios do setor automovel"},{"@type":"BreadcrumbList","@id":"https:\/\/jornaldasoficinas.com\/pt\/4a-convencao-apdca-analisa-tendencias-e-desafios-do-setor-automovel\/#breadcrumb","itemListElement":[{"@type":"ListItem","position":1,"name":"In\u00edcio","item":"https:\/\/jornaldasoficinas.com\/pt\/"},{"@type":"ListItem","position":2,"name":"4\u00aa Conven\u00e7\u00e3o APDCA analisa tend\u00eancias e desafios do setor autom\u00f3vel"}]},{"@type":"WebSite","@id":"https:\/\/jornaldasoficinas.com\/pt\/#website","url":"https:\/\/jornaldasoficinas.com\/pt\/","name":"Jornal das Oficinas","description":"Jornal independente do Aftermarket Autom\u00f3vel em Portugal","publisher":{"@id":"https:\/\/jornaldasoficinas.com\/pt\/#organization"},"potentialAction":[{"@type":"SearchAction","target":{"@type":"EntryPoint","urlTemplate":"https:\/\/jornaldasoficinas.com\/pt\/?s={search_term_string}"},"query-input":{"@type":"PropertyValueSpecification","valueRequired":true,"valueName":"search_term_string"}}],"inLanguage":"pt-PT"},{"@type":"Organization","@id":"https:\/\/jornaldasoficinas.com\/pt\/#organization","name":"Jornal das Oficinas","url":"https:\/\/jornaldasoficinas.com\/pt\/","logo":{"@type":"ImageObject","inLanguage":"pt-PT","@id":"https:\/\/jornaldasoficinas.com\/pt\/#\/schema\/logo\/image\/","url":"https:\/\/jornaldasoficinas.com\/pt\/wp-content\/uploads\/logoJO-SEO.png","contentUrl":"https:\/\/jornaldasoficinas.com\/pt\/wp-content\/uploads\/logoJO-SEO.png","width":285,"height":450,"caption":"Jornal das Oficinas"},"image":{"@id":"https:\/\/jornaldasoficinas.com\/pt\/#\/schema\/logo\/image\/"},"sameAs":["https:\/\/www.facebook.com\/jornaloficinas","https:\/\/x.com\/jornaloficinas","https:\/\/www.instagram.com\/jornal_oficinas\/","https:\/\/www.linkedin.com\/company\/jornal-das-oficinas\/","https:\/\/www.youtube.com\/channel\/UCbQZBqtcvV-oSQrr7RzINGg"]},{"@type":"Person","@id":"https:\/\/jornaldasoficinas.com\/pt\/#\/schema\/person\/a38eef5de2c41d9e7c9ac10141afddf3","name":"Reda\u00e7\u00e3o JO","image":{"@type":"ImageObject","inLanguage":"pt-PT","@id":"https:\/\/secure.gravatar.com\/avatar\/71f2fa71737ad68a84fea94bc708ddac8ea5b0c4788dc2ad202f3ccb2887742f?s=96&d=wp_user_avatar&r=g","url":"https:\/\/secure.gravatar.com\/avatar\/71f2fa71737ad68a84fea94bc708ddac8ea5b0c4788dc2ad202f3ccb2887742f?s=96&d=wp_user_avatar&r=g","contentUrl":"https:\/\/secure.gravatar.com\/avatar\/71f2fa71737ad68a84fea94bc708ddac8ea5b0c4788dc2ad202f3ccb2887742f?s=96&d=wp_user_avatar&r=g","caption":"Reda\u00e7\u00e3o JO"},"url":"https:\/\/jornaldasoficinas.com\/pt\/author\/joredacao\/"}]}},"_links":{"self":[{"href":"https:\/\/jornaldasoficinas.com\/pt\/wp-json\/wp\/v2\/posts\/64130","targetHints":{"allow":["GET"]}}],"collection":[{"href":"https:\/\/jornaldasoficinas.com\/pt\/wp-json\/wp\/v2\/posts"}],"about":[{"href":"https:\/\/jornaldasoficinas.com\/pt\/wp-json\/wp\/v2\/types\/post"}],"author":[{"embeddable":true,"href":"https:\/\/jornaldasoficinas.com\/pt\/wp-json\/wp\/v2\/users\/15"}],"replies":[{"embeddable":true,"href":"https:\/\/jornaldasoficinas.com\/pt\/wp-json\/wp\/v2\/comments?post=64130"}],"version-history":[{"count":0,"href":"https:\/\/jornaldasoficinas.com\/pt\/wp-json\/wp\/v2\/posts\/64130\/revisions"}],"wp:featuredmedia":[{"embeddable":true,"href":"https:\/\/jornaldasoficinas.com\/pt\/wp-json\/wp\/v2\/media\/64114"}],"wp:attachment":[{"href":"https:\/\/jornaldasoficinas.com\/pt\/wp-json\/wp\/v2\/media?parent=64130"}],"wp:term":[{"taxonomy":"category","embeddable":true,"href":"https:\/\/jornaldasoficinas.com\/pt\/wp-json\/wp\/v2\/categories?post=64130"},{"taxonomy":"post_tag","embeddable":true,"href":"https:\/\/jornaldasoficinas.com\/pt\/wp-json\/wp\/v2\/tags?post=64130"}],"curies":[{"name":"wp","href":"https:\/\/api.w.org\/{rel}","templated":true}]}}