{"id":64156,"date":"2023-03-28T08:00:55","date_gmt":"2023-03-28T07:00:55","guid":{"rendered":"https:\/\/jornaldasoficinas.com\/pt\/?p=64156"},"modified":"2023-03-28T10:41:47","modified_gmt":"2023-03-28T09:41:47","slug":"myitg-chega-ao-mercado-do-pos-venda-automovel","status":"publish","type":"post","link":"https:\/\/jornaldasoficinas.com\/pt\/myitg-chega-ao-mercado-do-pos-venda-automovel\/","title":{"rendered":"myITG chega ao mercado do p\u00f3s venda autom\u00f3vel"},"content":{"rendered":"<p><strong><img loading=\"lazy\" decoding=\"async\" class=\"alignnone size-full wp-image-64117\" src=\"https:\/\/jornaldasoficinas.com\/pt\/wp-content\/uploads\/2023\/03\/myITG-chega-ao-mercado-do-pos-venda-automovel.png\" alt=\"03 - myITG chega ao mercado do pos venda automovel\" width=\"1024\" height=\"581\" srcset=\"https:\/\/jornaldasoficinas.com\/pt\/wp-content\/uploads\/2023\/03\/myITG-chega-ao-mercado-do-pos-venda-automovel.png 1024w, https:\/\/jornaldasoficinas.com\/pt\/wp-content\/uploads\/2023\/03\/myITG-chega-ao-mercado-do-pos-venda-automovel-300x170.png 300w, https:\/\/jornaldasoficinas.com\/pt\/wp-content\/uploads\/2023\/03\/myITG-chega-ao-mercado-do-pos-venda-automovel-150x85.png 150w, https:\/\/jornaldasoficinas.com\/pt\/wp-content\/uploads\/2023\/03\/myITG-chega-ao-mercado-do-pos-venda-automovel-768x436.png 768w\" sizes=\"auto, (max-width: 1024px) 100vw, 1024px\" \/><\/strong><\/p>\n<p><strong>Para os fabricantes de pe\u00e7as no mercado do p\u00f3s venda autom\u00f3vel, a apresenta\u00e7\u00e3o anual de valores de vendas aos grupos internacionais de compras (ITGs,\u00a0<em>International Trading Groups<\/em>) \u00e9 um processo fastidioso e lento. Os seis grupos de compras utilizam sistemas diferentes, obrigando \u00e0 elabora\u00e7\u00e3o de diversos tipos de documentos. Para simplificar e normalizar este processo, a <a href=\"https:\/\/www.tecalliance.net\/\" target=\"_blank\" rel=\"noopener\">TecAlliance<\/a> desenvolveu uma estrutura de relat\u00f3rio padronizada como funcionalidade adicional da solu\u00e7\u00e3o myITG<\/strong><\/p>\n<p>A nova myITG Reporting Structure foi desenvolvida como um padr\u00e3o comum, numa estreita colabora\u00e7\u00e3o com a <a href=\"https:\/\/www.ad-europe.com\/en\" target=\"_blank\" rel=\"noopener\">Autodistribution International<\/a>, a <a href=\"https:\/\/www.atrinternational.com\/\" target=\"_blank\" rel=\"noopener\">ATR International<\/a>, a <a href=\"https:\/\/global-one.com\/\" target=\"_blank\" rel=\"noopener\">Global One Automotive<\/a>, a <a href=\"https:\/\/www.groupauto.com\/\" target=\"_blank\" rel=\"noopener\">GROUPAUTO<\/a> International, a <a href=\"https:\/\/www.nexusautomotiveinternational.eu\/\" target=\"_blank\" rel=\"noopener\">NEXUS Automotive International<\/a> e a <a href=\"https:\/\/www.temot.com\/\" target=\"_blank\" rel=\"noopener\">TEMOT International<\/a>. Permite o envio de relat\u00f3rios de valores de vendas a todos os ITGs num s\u00f3 formato, o que simplifica enormemente o processo. \u201cCom a nova myITG Reporting Structure, alcan\u00e7amos uma especificidade nos relat\u00f3rios que permite uma transpar\u00eancia sem precedentes\u201d, referiu Marco Monsees, Vice President Business Development da TecAlliance.<\/p>\n<p>\u201cNa Global One Automotive, consideramos que uma estrutura de relat\u00f3rio uniforme torna mais f\u00e1cil a comunica\u00e7\u00e3o entre todas as partes envolvidas. Com a nova myITG Reporting Structure, estamos em melhores condi\u00e7\u00f5es de mapear, normalizar e automatizar os nossos processos internos. Convidamos todos os nossos parceiros a implementarem estas estruturas\u201d, afirmou Kai Ballsieper, Supplier Management Director da Global One Automotive.<\/p>\n<p>Sete dos principais fabricantes de pe\u00e7as colaboraram no desenvolvimento do modelo de estrutura de relat\u00f3rios, a fim de garantir que as necessidades do setor eram contempladas. Kai Guijo M\u00fcller, Vice President Global Accounts &#8211; Trading Groups na <a href=\"https:\/\/aftermarket.schaeffler.com\/en\/catalog\" target=\"_blank\" rel=\"noopener\">Schaeffler Automotive Aftermarket<\/a>, est\u00e1 muito satisfeito com o resultado. \u201cA myITG Reporting Structure \u00e9 crucial para a gest\u00e3o atual dos neg\u00f3cios dos ITGs. Permite-nos garantir que est\u00e1 implementado o enquadramento adequado e facilitada a aloca\u00e7\u00e3o das estruturas dos membros dos ITGs aos clientes da Schaeffler. Al\u00e9m do mais, uma myITG Reporting Structure precisa \u00e9 essencial para gerar relat\u00f3rios de volumes de neg\u00f3cios fi\u00e1veis nos ITGs e para uma regulariza\u00e7\u00e3o precisa dos b\u00f3nus. Por fim, mas n\u00e3o menos importante, a possibilidade de visualizar a estrutura de membros de todos os seis ITGs existentes torna a myITG um instrumento de vendas muito atrativo para as nossas equipas.\u201d<\/p>\n<p><strong>Transpar\u00eancia sem precedentes com base numa estrutura estabelecida<br \/>\n<\/strong>A myITG Reporting Structure baseia-se nas descri\u00e7\u00f5es de produto padronizadas TecDoc (Artigos Gen\u00e9ricos). Os cerca de 9900 Artigos Gen\u00e9ricos s\u00e3o categorizados especificamente para este fim em 32 grupos de produtos principais e 160 subcategorias. Foi utilizada esta estrutura porque os Fornecedores de Dados TecDoc j\u00e1 a usam para associar os seus produtos no <a href=\"https:\/\/web.tecalliance.net\/tecdocsw\/pt\/login\" target=\"_blank\" rel=\"noopener\">Cat\u00e1logo TecDoc<\/a>. Deste modo, o ambiente de TI dos fornecedores de pe\u00e7as j\u00e1 suporta a utiliza\u00e7\u00e3o da myITG Reporting Structure \u2013 sem necessidade de uma implementa\u00e7\u00e3o adicional de grande envergadura. Poupa-se assim tempo e esfor\u00e7o. Para garantir que o processo \u00e9 o mais fluido poss\u00edvel, durante o processo de instala\u00e7\u00e3o inicial a TecAlliance d\u00e1 forma\u00e7\u00e3o aos utilizadores da myITG, e d\u00e1 resposta a todas as d\u00favidas.<\/p>\n<p>\u201cUma vez que a nossa base de dados de clientes foi conciliada com a estrutura de membros da myITG, a diversidade e a especificidade dos relat\u00f3rios alcan\u00e7aram um novo patamar. Pode usar-se a myITG para gerir todos os tipos de atividades de neg\u00f3cio com os ITGs. Ao mesmo tempo, as empresas podem melhorar a precis\u00e3o dos relat\u00f3rios at\u00e9 limites excecionais. Os relat\u00f3rios\u00a0<em>ad-hoc<\/em>\u00a0s\u00e3o agora o novo normal com a myITG Reporting Structure\u201d, confirmou M\u00fcller.<\/p>\n<p>O modelo \u00e9 processado\u00a0<em>offline<\/em>. Em seguida, os fabricantes de pe\u00e7as enviam os relat\u00f3rios de vendas preenchidos aos ITGs, atrav\u00e9s dos canais de comunica\u00e7\u00e3o dispon\u00edveis. Desta forma, a TecAlliance n\u00e3o tem acesso aos dados ou aos sistemas dos utilizadores. Garante-se assim a seguran\u00e7a dos dados, dando aos fabricantes de pe\u00e7as o controlo sobre a sua informa\u00e7\u00e3o exclusiva. O modelo de relat\u00f3rio est\u00e1 inclu\u00eddo no m\u00f3dulo myITG Pro.<\/p>\n","protected":false},"excerpt":{"rendered":"<p>Para os fabricantes de pe\u00e7as no&#8230;<\/p>\n","protected":false},"author":15,"featured_media":64117,"comment_status":"closed","ping_status":"closed","sticky":false,"template":"","format":"standard","meta":{"footnotes":""},"categories":[37],"tags":[1235,4790,3233,4789,4791,4788,4787,3798,1979,1569,4792],"class_list":["post-64156","post","type-post","status-publish","format-standard","has-post-thumbnail","hentry","category-mercado","tag-atr-international","tag-autodistribution-international","tag-catalogo-tecdoc","tag-global-one-automotive","tag-groupauto","tag-itgs","tag-myitg","tag-nexus","tag-software","tag-tecalliance","tag-valores-de-vendas"],"yoast_head":"<!-- This site is optimized with the Yoast SEO plugin v27.4 - https:\/\/yoast.com\/product\/yoast-seo-wordpress\/ -->\n<title>myITG chega ao mercado do p\u00f3s venda autom\u00f3vel - Jornal das Oficinas<\/title>\n<meta name=\"description\" content=\"A TecAlliance desenvolveu uma estrutura de relat\u00f3rio padronizada como funcionalidade adicional da solu\u00e7\u00e3o myITG\" \/>\n<meta name=\"robots\" content=\"index, follow, max-snippet:-1, max-image-preview:large, max-video-preview:-1\" \/>\n<link rel=\"canonical\" href=\"https:\/\/jornaldasoficinas.com\/pt\/myitg-chega-ao-mercado-do-pos-venda-automovel\/\" \/>\n<meta property=\"og:locale\" content=\"pt_PT\" \/>\n<meta property=\"og:type\" content=\"article\" \/>\n<meta property=\"og:title\" content=\"myITG chega ao mercado do p\u00f3s venda autom\u00f3vel - Jornal das Oficinas\" \/>\n<meta property=\"og:description\" content=\"A TecAlliance desenvolveu uma estrutura de relat\u00f3rio padronizada como funcionalidade adicional da solu\u00e7\u00e3o myITG\" \/>\n<meta property=\"og:url\" content=\"https:\/\/jornaldasoficinas.com\/pt\/myitg-chega-ao-mercado-do-pos-venda-automovel\/\" \/>\n<meta property=\"og:site_name\" content=\"Jornal das Oficinas\" \/>\n<meta property=\"article:publisher\" content=\"https:\/\/www.facebook.com\/jornaloficinas\" \/>\n<meta property=\"article:published_time\" content=\"2023-03-28T07:00:55+00:00\" \/>\n<meta property=\"article:modified_time\" content=\"2023-03-28T09:41:47+00:00\" \/>\n<meta property=\"og:image\" content=\"https:\/\/jornaldasoficinas.com\/pt\/wp-content\/uploads\/2023\/03\/myITG-chega-ao-mercado-do-pos-venda-automovel.png\" \/>\n\t<meta property=\"og:image:width\" content=\"1024\" \/>\n\t<meta property=\"og:image:height\" content=\"581\" \/>\n\t<meta property=\"og:image:type\" content=\"image\/png\" \/>\n<meta name=\"author\" content=\"Reda\u00e7\u00e3o JO\" \/>\n<meta name=\"twitter:card\" content=\"summary_large_image\" \/>\n<meta name=\"twitter:creator\" content=\"@jornaloficinas\" \/>\n<meta name=\"twitter:site\" content=\"@jornaloficinas\" \/>\n<meta name=\"twitter:label1\" content=\"Escrito por\" \/>\n\t<meta name=\"twitter:data1\" content=\"Reda\u00e7\u00e3o JO\" \/>\n\t<meta name=\"twitter:label2\" content=\"Tempo estimado de leitura\" \/>\n\t<meta name=\"twitter:data2\" content=\"3 minutos\" \/>\n<script type=\"application\/ld+json\" class=\"yoast-schema-graph\">{\"@context\":\"https:\\\/\\\/schema.org\",\"@graph\":[{\"@type\":\"Article\",\"@id\":\"https:\\\/\\\/jornaldasoficinas.com\\\/pt\\\/myitg-chega-ao-mercado-do-pos-venda-automovel\\\/#article\",\"isPartOf\":{\"@id\":\"https:\\\/\\\/jornaldasoficinas.com\\\/pt\\\/myitg-chega-ao-mercado-do-pos-venda-automovel\\\/\"},\"author\":{\"name\":\"Reda\u00e7\u00e3o JO\",\"@id\":\"https:\\\/\\\/jornaldasoficinas.com\\\/pt\\\/#\\\/schema\\\/person\\\/a38eef5de2c41d9e7c9ac10141afddf3\"},\"headline\":\"myITG chega ao mercado do p\u00f3s venda autom\u00f3vel\",\"datePublished\":\"2023-03-28T07:00:55+00:00\",\"dateModified\":\"2023-03-28T09:41:47+00:00\",\"mainEntityOfPage\":{\"@id\":\"https:\\\/\\\/jornaldasoficinas.com\\\/pt\\\/myitg-chega-ao-mercado-do-pos-venda-automovel\\\/\"},\"wordCount\":687,\"publisher\":{\"@id\":\"https:\\\/\\\/jornaldasoficinas.com\\\/pt\\\/#organization\"},\"image\":{\"@id\":\"https:\\\/\\\/jornaldasoficinas.com\\\/pt\\\/myitg-chega-ao-mercado-do-pos-venda-automovel\\\/#primaryimage\"},\"thumbnailUrl\":\"https:\\\/\\\/jornaldasoficinas.com\\\/pt\\\/wp-content\\\/uploads\\\/2023\\\/03\\\/myITG-chega-ao-mercado-do-pos-venda-automovel.png\",\"keywords\":[\"ATR International\",\"Autodistribution International\",\"Cat\u00e1logo TecDoc\",\"Global One Automotive\",\"GROUPAUTO\",\"ITGs\",\"myITG\",\"Nexus\",\"Software\",\"TecAlliance\",\"valores de vendas\"],\"articleSection\":[\"Mercado\"],\"inLanguage\":\"pt-PT\"},{\"@type\":\"WebPage\",\"@id\":\"https:\\\/\\\/jornaldasoficinas.com\\\/pt\\\/myitg-chega-ao-mercado-do-pos-venda-automovel\\\/\",\"url\":\"https:\\\/\\\/jornaldasoficinas.com\\\/pt\\\/myitg-chega-ao-mercado-do-pos-venda-automovel\\\/\",\"name\":\"myITG chega ao mercado do p\u00f3s venda autom\u00f3vel - Jornal das Oficinas\",\"isPartOf\":{\"@id\":\"https:\\\/\\\/jornaldasoficinas.com\\\/pt\\\/#website\"},\"primaryImageOfPage\":{\"@id\":\"https:\\\/\\\/jornaldasoficinas.com\\\/pt\\\/myitg-chega-ao-mercado-do-pos-venda-automovel\\\/#primaryimage\"},\"image\":{\"@id\":\"https:\\\/\\\/jornaldasoficinas.com\\\/pt\\\/myitg-chega-ao-mercado-do-pos-venda-automovel\\\/#primaryimage\"},\"thumbnailUrl\":\"https:\\\/\\\/jornaldasoficinas.com\\\/pt\\\/wp-content\\\/uploads\\\/2023\\\/03\\\/myITG-chega-ao-mercado-do-pos-venda-automovel.png\",\"datePublished\":\"2023-03-28T07:00:55+00:00\",\"dateModified\":\"2023-03-28T09:41:47+00:00\",\"description\":\"A TecAlliance desenvolveu uma estrutura de relat\u00f3rio padronizada como funcionalidade adicional da solu\u00e7\u00e3o myITG\",\"breadcrumb\":{\"@id\":\"https:\\\/\\\/jornaldasoficinas.com\\\/pt\\\/myitg-chega-ao-mercado-do-pos-venda-automovel\\\/#breadcrumb\"},\"inLanguage\":\"pt-PT\",\"potentialAction\":[{\"@type\":\"ReadAction\",\"target\":[\"https:\\\/\\\/jornaldasoficinas.com\\\/pt\\\/myitg-chega-ao-mercado-do-pos-venda-automovel\\\/\"]}]},{\"@type\":\"ImageObject\",\"inLanguage\":\"pt-PT\",\"@id\":\"https:\\\/\\\/jornaldasoficinas.com\\\/pt\\\/myitg-chega-ao-mercado-do-pos-venda-automovel\\\/#primaryimage\",\"url\":\"https:\\\/\\\/jornaldasoficinas.com\\\/pt\\\/wp-content\\\/uploads\\\/2023\\\/03\\\/myITG-chega-ao-mercado-do-pos-venda-automovel.png\",\"contentUrl\":\"https:\\\/\\\/jornaldasoficinas.com\\\/pt\\\/wp-content\\\/uploads\\\/2023\\\/03\\\/myITG-chega-ao-mercado-do-pos-venda-automovel.png\",\"width\":1024,\"height\":581,\"caption\":\"03 - myITG chega ao mercado do pos venda automovel\"},{\"@type\":\"BreadcrumbList\",\"@id\":\"https:\\\/\\\/jornaldasoficinas.com\\\/pt\\\/myitg-chega-ao-mercado-do-pos-venda-automovel\\\/#breadcrumb\",\"itemListElement\":[{\"@type\":\"ListItem\",\"position\":1,\"name\":\"In\u00edcio\",\"item\":\"https:\\\/\\\/jornaldasoficinas.com\\\/pt\\\/\"},{\"@type\":\"ListItem\",\"position\":2,\"name\":\"myITG chega ao mercado do p\u00f3s venda autom\u00f3vel\"}]},{\"@type\":\"WebSite\",\"@id\":\"https:\\\/\\\/jornaldasoficinas.com\\\/pt\\\/#website\",\"url\":\"https:\\\/\\\/jornaldasoficinas.com\\\/pt\\\/\",\"name\":\"Jornal das Oficinas\",\"description\":\"Jornal independente do Aftermarket Autom\u00f3vel em Portugal\",\"publisher\":{\"@id\":\"https:\\\/\\\/jornaldasoficinas.com\\\/pt\\\/#organization\"},\"potentialAction\":[{\"@type\":\"SearchAction\",\"target\":{\"@type\":\"EntryPoint\",\"urlTemplate\":\"https:\\\/\\\/jornaldasoficinas.com\\\/pt\\\/?s={search_term_string}\"},\"query-input\":{\"@type\":\"PropertyValueSpecification\",\"valueRequired\":true,\"valueName\":\"search_term_string\"}}],\"inLanguage\":\"pt-PT\"},{\"@type\":\"Organization\",\"@id\":\"https:\\\/\\\/jornaldasoficinas.com\\\/pt\\\/#organization\",\"name\":\"Jornal das Oficinas\",\"url\":\"https:\\\/\\\/jornaldasoficinas.com\\\/pt\\\/\",\"logo\":{\"@type\":\"ImageObject\",\"inLanguage\":\"pt-PT\",\"@id\":\"https:\\\/\\\/jornaldasoficinas.com\\\/pt\\\/#\\\/schema\\\/logo\\\/image\\\/\",\"url\":\"https:\\\/\\\/jornaldasoficinas.com\\\/pt\\\/wp-content\\\/uploads\\\/logoJO-SEO.png\",\"contentUrl\":\"https:\\\/\\\/jornaldasoficinas.com\\\/pt\\\/wp-content\\\/uploads\\\/logoJO-SEO.png\",\"width\":285,\"height\":450,\"caption\":\"Jornal das Oficinas\"},\"image\":{\"@id\":\"https:\\\/\\\/jornaldasoficinas.com\\\/pt\\\/#\\\/schema\\\/logo\\\/image\\\/\"},\"sameAs\":[\"https:\\\/\\\/www.facebook.com\\\/jornaloficinas\",\"https:\\\/\\\/x.com\\\/jornaloficinas\",\"https:\\\/\\\/www.instagram.com\\\/jornal_oficinas\\\/\",\"https:\\\/\\\/www.linkedin.com\\\/company\\\/jornal-das-oficinas\\\/\",\"https:\\\/\\\/www.youtube.com\\\/channel\\\/UCbQZBqtcvV-oSQrr7RzINGg\"]},{\"@type\":\"Person\",\"@id\":\"https:\\\/\\\/jornaldasoficinas.com\\\/pt\\\/#\\\/schema\\\/person\\\/a38eef5de2c41d9e7c9ac10141afddf3\",\"name\":\"Reda\u00e7\u00e3o JO\",\"image\":{\"@type\":\"ImageObject\",\"inLanguage\":\"pt-PT\",\"@id\":\"https:\\\/\\\/secure.gravatar.com\\\/avatar\\\/71f2fa71737ad68a84fea94bc708ddac8ea5b0c4788dc2ad202f3ccb2887742f?s=96&d=wp_user_avatar&r=g\",\"url\":\"https:\\\/\\\/secure.gravatar.com\\\/avatar\\\/71f2fa71737ad68a84fea94bc708ddac8ea5b0c4788dc2ad202f3ccb2887742f?s=96&d=wp_user_avatar&r=g\",\"contentUrl\":\"https:\\\/\\\/secure.gravatar.com\\\/avatar\\\/71f2fa71737ad68a84fea94bc708ddac8ea5b0c4788dc2ad202f3ccb2887742f?s=96&d=wp_user_avatar&r=g\",\"caption\":\"Reda\u00e7\u00e3o JO\"},\"url\":\"https:\\\/\\\/jornaldasoficinas.com\\\/pt\\\/author\\\/joredacao\\\/\"}]}<\/script>\n<!-- \/ Yoast SEO plugin. -->","yoast_head_json":{"title":"myITG chega ao mercado do p\u00f3s venda autom\u00f3vel - Jornal das Oficinas","description":"A TecAlliance desenvolveu uma estrutura de relat\u00f3rio padronizada como funcionalidade adicional da solu\u00e7\u00e3o myITG","robots":{"index":"index","follow":"follow","max-snippet":"max-snippet:-1","max-image-preview":"max-image-preview:large","max-video-preview":"max-video-preview:-1"},"canonical":"https:\/\/jornaldasoficinas.com\/pt\/myitg-chega-ao-mercado-do-pos-venda-automovel\/","og_locale":"pt_PT","og_type":"article","og_title":"myITG chega ao mercado do p\u00f3s venda autom\u00f3vel - Jornal das Oficinas","og_description":"A TecAlliance desenvolveu uma estrutura de relat\u00f3rio padronizada como funcionalidade adicional da solu\u00e7\u00e3o myITG","og_url":"https:\/\/jornaldasoficinas.com\/pt\/myitg-chega-ao-mercado-do-pos-venda-automovel\/","og_site_name":"Jornal das Oficinas","article_publisher":"https:\/\/www.facebook.com\/jornaloficinas","article_published_time":"2023-03-28T07:00:55+00:00","article_modified_time":"2023-03-28T09:41:47+00:00","og_image":[{"width":1024,"height":581,"url":"https:\/\/jornaldasoficinas.com\/pt\/wp-content\/uploads\/2023\/03\/myITG-chega-ao-mercado-do-pos-venda-automovel.png","type":"image\/png"}],"author":"Reda\u00e7\u00e3o JO","twitter_card":"summary_large_image","twitter_creator":"@jornaloficinas","twitter_site":"@jornaloficinas","twitter_misc":{"Escrito por":"Reda\u00e7\u00e3o JO","Tempo estimado de leitura":"3 minutos"},"schema":{"@context":"https:\/\/schema.org","@graph":[{"@type":"Article","@id":"https:\/\/jornaldasoficinas.com\/pt\/myitg-chega-ao-mercado-do-pos-venda-automovel\/#article","isPartOf":{"@id":"https:\/\/jornaldasoficinas.com\/pt\/myitg-chega-ao-mercado-do-pos-venda-automovel\/"},"author":{"name":"Reda\u00e7\u00e3o JO","@id":"https:\/\/jornaldasoficinas.com\/pt\/#\/schema\/person\/a38eef5de2c41d9e7c9ac10141afddf3"},"headline":"myITG chega ao mercado do p\u00f3s venda autom\u00f3vel","datePublished":"2023-03-28T07:00:55+00:00","dateModified":"2023-03-28T09:41:47+00:00","mainEntityOfPage":{"@id":"https:\/\/jornaldasoficinas.com\/pt\/myitg-chega-ao-mercado-do-pos-venda-automovel\/"},"wordCount":687,"publisher":{"@id":"https:\/\/jornaldasoficinas.com\/pt\/#organization"},"image":{"@id":"https:\/\/jornaldasoficinas.com\/pt\/myitg-chega-ao-mercado-do-pos-venda-automovel\/#primaryimage"},"thumbnailUrl":"https:\/\/jornaldasoficinas.com\/pt\/wp-content\/uploads\/2023\/03\/myITG-chega-ao-mercado-do-pos-venda-automovel.png","keywords":["ATR International","Autodistribution International","Cat\u00e1logo TecDoc","Global One Automotive","GROUPAUTO","ITGs","myITG","Nexus","Software","TecAlliance","valores de vendas"],"articleSection":["Mercado"],"inLanguage":"pt-PT"},{"@type":"WebPage","@id":"https:\/\/jornaldasoficinas.com\/pt\/myitg-chega-ao-mercado-do-pos-venda-automovel\/","url":"https:\/\/jornaldasoficinas.com\/pt\/myitg-chega-ao-mercado-do-pos-venda-automovel\/","name":"myITG chega ao mercado do p\u00f3s venda autom\u00f3vel - Jornal das Oficinas","isPartOf":{"@id":"https:\/\/jornaldasoficinas.com\/pt\/#website"},"primaryImageOfPage":{"@id":"https:\/\/jornaldasoficinas.com\/pt\/myitg-chega-ao-mercado-do-pos-venda-automovel\/#primaryimage"},"image":{"@id":"https:\/\/jornaldasoficinas.com\/pt\/myitg-chega-ao-mercado-do-pos-venda-automovel\/#primaryimage"},"thumbnailUrl":"https:\/\/jornaldasoficinas.com\/pt\/wp-content\/uploads\/2023\/03\/myITG-chega-ao-mercado-do-pos-venda-automovel.png","datePublished":"2023-03-28T07:00:55+00:00","dateModified":"2023-03-28T09:41:47+00:00","description":"A TecAlliance desenvolveu uma estrutura de relat\u00f3rio padronizada como funcionalidade adicional da solu\u00e7\u00e3o myITG","breadcrumb":{"@id":"https:\/\/jornaldasoficinas.com\/pt\/myitg-chega-ao-mercado-do-pos-venda-automovel\/#breadcrumb"},"inLanguage":"pt-PT","potentialAction":[{"@type":"ReadAction","target":["https:\/\/jornaldasoficinas.com\/pt\/myitg-chega-ao-mercado-do-pos-venda-automovel\/"]}]},{"@type":"ImageObject","inLanguage":"pt-PT","@id":"https:\/\/jornaldasoficinas.com\/pt\/myitg-chega-ao-mercado-do-pos-venda-automovel\/#primaryimage","url":"https:\/\/jornaldasoficinas.com\/pt\/wp-content\/uploads\/2023\/03\/myITG-chega-ao-mercado-do-pos-venda-automovel.png","contentUrl":"https:\/\/jornaldasoficinas.com\/pt\/wp-content\/uploads\/2023\/03\/myITG-chega-ao-mercado-do-pos-venda-automovel.png","width":1024,"height":581,"caption":"03 - myITG chega ao mercado do pos venda automovel"},{"@type":"BreadcrumbList","@id":"https:\/\/jornaldasoficinas.com\/pt\/myitg-chega-ao-mercado-do-pos-venda-automovel\/#breadcrumb","itemListElement":[{"@type":"ListItem","position":1,"name":"In\u00edcio","item":"https:\/\/jornaldasoficinas.com\/pt\/"},{"@type":"ListItem","position":2,"name":"myITG chega ao mercado do p\u00f3s venda autom\u00f3vel"}]},{"@type":"WebSite","@id":"https:\/\/jornaldasoficinas.com\/pt\/#website","url":"https:\/\/jornaldasoficinas.com\/pt\/","name":"Jornal das Oficinas","description":"Jornal independente do Aftermarket Autom\u00f3vel em Portugal","publisher":{"@id":"https:\/\/jornaldasoficinas.com\/pt\/#organization"},"potentialAction":[{"@type":"SearchAction","target":{"@type":"EntryPoint","urlTemplate":"https:\/\/jornaldasoficinas.com\/pt\/?s={search_term_string}"},"query-input":{"@type":"PropertyValueSpecification","valueRequired":true,"valueName":"search_term_string"}}],"inLanguage":"pt-PT"},{"@type":"Organization","@id":"https:\/\/jornaldasoficinas.com\/pt\/#organization","name":"Jornal das Oficinas","url":"https:\/\/jornaldasoficinas.com\/pt\/","logo":{"@type":"ImageObject","inLanguage":"pt-PT","@id":"https:\/\/jornaldasoficinas.com\/pt\/#\/schema\/logo\/image\/","url":"https:\/\/jornaldasoficinas.com\/pt\/wp-content\/uploads\/logoJO-SEO.png","contentUrl":"https:\/\/jornaldasoficinas.com\/pt\/wp-content\/uploads\/logoJO-SEO.png","width":285,"height":450,"caption":"Jornal das Oficinas"},"image":{"@id":"https:\/\/jornaldasoficinas.com\/pt\/#\/schema\/logo\/image\/"},"sameAs":["https:\/\/www.facebook.com\/jornaloficinas","https:\/\/x.com\/jornaloficinas","https:\/\/www.instagram.com\/jornal_oficinas\/","https:\/\/www.linkedin.com\/company\/jornal-das-oficinas\/","https:\/\/www.youtube.com\/channel\/UCbQZBqtcvV-oSQrr7RzINGg"]},{"@type":"Person","@id":"https:\/\/jornaldasoficinas.com\/pt\/#\/schema\/person\/a38eef5de2c41d9e7c9ac10141afddf3","name":"Reda\u00e7\u00e3o JO","image":{"@type":"ImageObject","inLanguage":"pt-PT","@id":"https:\/\/secure.gravatar.com\/avatar\/71f2fa71737ad68a84fea94bc708ddac8ea5b0c4788dc2ad202f3ccb2887742f?s=96&d=wp_user_avatar&r=g","url":"https:\/\/secure.gravatar.com\/avatar\/71f2fa71737ad68a84fea94bc708ddac8ea5b0c4788dc2ad202f3ccb2887742f?s=96&d=wp_user_avatar&r=g","contentUrl":"https:\/\/secure.gravatar.com\/avatar\/71f2fa71737ad68a84fea94bc708ddac8ea5b0c4788dc2ad202f3ccb2887742f?s=96&d=wp_user_avatar&r=g","caption":"Reda\u00e7\u00e3o JO"},"url":"https:\/\/jornaldasoficinas.com\/pt\/author\/joredacao\/"}]}},"_links":{"self":[{"href":"https:\/\/jornaldasoficinas.com\/pt\/wp-json\/wp\/v2\/posts\/64156","targetHints":{"allow":["GET"]}}],"collection":[{"href":"https:\/\/jornaldasoficinas.com\/pt\/wp-json\/wp\/v2\/posts"}],"about":[{"href":"https:\/\/jornaldasoficinas.com\/pt\/wp-json\/wp\/v2\/types\/post"}],"author":[{"embeddable":true,"href":"https:\/\/jornaldasoficinas.com\/pt\/wp-json\/wp\/v2\/users\/15"}],"replies":[{"embeddable":true,"href":"https:\/\/jornaldasoficinas.com\/pt\/wp-json\/wp\/v2\/comments?post=64156"}],"version-history":[{"count":0,"href":"https:\/\/jornaldasoficinas.com\/pt\/wp-json\/wp\/v2\/posts\/64156\/revisions"}],"wp:featuredmedia":[{"embeddable":true,"href":"https:\/\/jornaldasoficinas.com\/pt\/wp-json\/wp\/v2\/media\/64117"}],"wp:attachment":[{"href":"https:\/\/jornaldasoficinas.com\/pt\/wp-json\/wp\/v2\/media?parent=64156"}],"wp:term":[{"taxonomy":"category","embeddable":true,"href":"https:\/\/jornaldasoficinas.com\/pt\/wp-json\/wp\/v2\/categories?post=64156"},{"taxonomy":"post_tag","embeddable":true,"href":"https:\/\/jornaldasoficinas.com\/pt\/wp-json\/wp\/v2\/tags?post=64156"}],"curies":[{"name":"wp","href":"https:\/\/api.w.org\/{rel}","templated":true}]}}