{"id":64486,"date":"2023-04-04T12:30:20","date_gmt":"2023-04-04T11:30:20","guid":{"rendered":"https:\/\/jornaldasoficinas.com\/pt\/?p=64486"},"modified":"2023-07-19T15:40:36","modified_gmt":"2023-07-19T14:40:36","slug":"bilstein-group-foi-patrocinador-platina-da-39a-corrida-dos-sinos","status":"publish","type":"post","link":"https:\/\/jornaldasoficinas.com\/pt\/bilstein-group-foi-patrocinador-platina-da-39a-corrida-dos-sinos\/","title":{"rendered":"bilstein group foi Patrocinador Platina da 39\u00aa Corrida dos Sinos"},"content":{"rendered":"<p><strong><img loading=\"lazy\" decoding=\"async\" class=\"alignnone size-full wp-image-64466\" src=\"https:\/\/jornaldasoficinas.com\/pt\/wp-content\/uploads\/2023\/04\/bilstein-group-foi-Patrocinador-Platina-da-39a-Corrida-dos-Sinos.jpg\" alt=\"04 - bilstein group foi Patrocinador Platina da 39a Corrida dos Sinos\" width=\"1024\" height=\"581\" srcset=\"https:\/\/jornaldasoficinas.com\/pt\/wp-content\/uploads\/2023\/04\/bilstein-group-foi-Patrocinador-Platina-da-39a-Corrida-dos-Sinos.jpg 1024w, https:\/\/jornaldasoficinas.com\/pt\/wp-content\/uploads\/2023\/04\/bilstein-group-foi-Patrocinador-Platina-da-39a-Corrida-dos-Sinos-300x170.jpg 300w, https:\/\/jornaldasoficinas.com\/pt\/wp-content\/uploads\/2023\/04\/bilstein-group-foi-Patrocinador-Platina-da-39a-Corrida-dos-Sinos-150x85.jpg 150w, https:\/\/jornaldasoficinas.com\/pt\/wp-content\/uploads\/2023\/04\/bilstein-group-foi-Patrocinador-Platina-da-39a-Corrida-dos-Sinos-768x436.jpg 768w\" sizes=\"auto, (max-width: 1024px) 100vw, 1024px\" \/><\/strong><\/p>\n<p><strong>A <a href=\"https:\/\/aamafra.com\/corrida_dos_sinos\/\" target=\"_blank\" rel=\"noopener\">Corrida dos Sinos em Mafra<\/a>, organizada pela associa\u00e7\u00e3o dos Amigos do Atletismo de Mafra, organizou no passado dia 26 de mar\u00e7o a sua 39\u00aa Edi\u00e7\u00e3o e o <a href=\"https:\/\/www.bilsteingroup.com\/pt\/\" target=\"_blank\" rel=\"noopener\">bilstein group<\/a> decidiu renovar o seu apoio como Patrocinador Platina. A Corrida dos Sinos decorre desde 1983, na zona de Mafra e tem vindo a assistir ao aumento do n\u00famero de <\/strong><strong>participantes todos os anos<\/strong><\/p>\n<p><strong>\u00a0<\/strong>A 39\u00aa Edi\u00e7\u00e3o decorreu no passado dia 26 de mar\u00e7o e contou com sol e bom tempo para \u00e2nimo de todos os que participaram, seja na corrida ou na caminhada. \u00c0 semelhan\u00e7a do ano passado, a corrida conta com um percurso de 15 km, uma dist\u00e2ncia que n\u00e3o costuma ser usual neste tipo de provas, mas que representa um desafio para os mais corajosos, uma vez que se encontra entre as corridas mais curtas de 10 quil\u00f3metros e as meias-maratonas. J\u00e1 no caso da caminhada, os participantes este ano foram brindados com um caminho diferente das edi\u00e7\u00f5es anteriores, atravessando pelo interior da Tapada Nacional de Mafra.<\/p>\n<p>Comum \u00e0s duas provas foi a volta ao Real Edif\u00edcio de Mafra e ao quartel, proporcionando uma vista maravilhosa sobre um dos mais bonitos monumentos do pa\u00eds. Neste tro\u00e7o, e \u00e0 semelhan\u00e7a do ano anterior, os participantes usufru\u00edram dos acordes do carrilh\u00e3o (instrumento musical de percuss\u00e3o; \u00e9 formado por um teclado e por um conjunto de sinos de tamanhos variados, controlados pelo teclado. Os carrilh\u00f5es s\u00e3o normalmente alojados em torres de igrejas ou conventos e s\u00e3o um dos maiores instrumentos do mundo). Tal como j\u00e1 \u00e9 tradi\u00e7\u00e3o, cada participante recebeu um sino em vidro de forma a recordar a sua participa\u00e7\u00e3o, mas tamb\u00e9m um kit com v\u00e1rios itens.<\/p>\n<p>\u201cO facto de esta prova apostar na divulga\u00e7\u00e3o do concelho de Mafra e por estar profundamente associada \u00e0 promo\u00e7\u00e3o de uma vida ativa e saud\u00e1vel, o bilstein group decidiu renovar o seu apoio, associando-se novamente \u00e0 Corrida dos Sinos. Este ano, o bilstein group assumiu o papel de Patrocinador Platina, um dos mais relevantes. A aproxima\u00e7\u00e3o ao consumidor final continua tamb\u00e9m a fazer parte da nossa estrat\u00e9gia e o apoio a este tipo de iniciativas traduz-se num relevante eixo estrat\u00e9gico para o grupo e para as marcas\u201d, revelou o bilstein group.<\/p>\n","protected":false},"excerpt":{"rendered":"<p>A Corrida dos Sinos em Mafra,&#8230;<\/p>\n","protected":false},"author":15,"featured_media":64466,"comment_status":"closed","ping_status":"closed","sticky":false,"template":"","format":"standard","meta":{"footnotes":""},"categories":[29],"tags":[4875,627,4876,4877,4878],"class_list":["post-64486","post","type-post","status-publish","format-standard","has-post-thumbnail","hentry","category-empresas","tag-39a-edicao","tag-bilstein-group","tag-corrida-dos-sinos","tag-mafra","tag-patrocinador-platina"],"yoast_head":"<!-- This site is optimized with the Yoast SEO plugin v27.4 - https:\/\/yoast.com\/product\/yoast-seo-wordpress\/ -->\n<title>bilstein group foi Patrocinador Platina da 39\u00aa Corrida dos Sinos - Jornal das Oficinas<\/title>\n<meta name=\"description\" content=\"A Corrida dos Sinos em Mafra, organizada pela associa\u00e7\u00e3o dos Amigos do Atletismo de Mafra, organizou, dia 26 de mar\u00e7o, a sua 39\u00aa Edi\u00e7\u00e3o\" \/>\n<meta name=\"robots\" content=\"index, follow, max-snippet:-1, max-image-preview:large, max-video-preview:-1\" \/>\n<link rel=\"canonical\" href=\"https:\/\/jornaldasoficinas.com\/pt\/bilstein-group-foi-patrocinador-platina-da-39a-corrida-dos-sinos\/\" \/>\n<meta property=\"og:locale\" content=\"pt_PT\" \/>\n<meta property=\"og:type\" content=\"article\" \/>\n<meta property=\"og:title\" content=\"bilstein group foi Patrocinador Platina da 39\u00aa Corrida dos Sinos - Jornal das Oficinas\" \/>\n<meta property=\"og:description\" content=\"A Corrida dos Sinos em Mafra, organizada pela associa\u00e7\u00e3o dos Amigos do Atletismo de Mafra, organizou, dia 26 de mar\u00e7o, a sua 39\u00aa Edi\u00e7\u00e3o\" \/>\n<meta property=\"og:url\" content=\"https:\/\/jornaldasoficinas.com\/pt\/bilstein-group-foi-patrocinador-platina-da-39a-corrida-dos-sinos\/\" \/>\n<meta property=\"og:site_name\" content=\"Jornal das Oficinas\" \/>\n<meta property=\"article:publisher\" content=\"https:\/\/www.facebook.com\/jornaloficinas\" \/>\n<meta property=\"article:published_time\" content=\"2023-04-04T11:30:20+00:00\" \/>\n<meta property=\"article:modified_time\" content=\"2023-07-19T14:40:36+00:00\" \/>\n<meta property=\"og:image\" content=\"https:\/\/jornaldasoficinas.com\/pt\/wp-content\/uploads\/2023\/04\/bilstein-group-foi-Patrocinador-Platina-da-39a-Corrida-dos-Sinos.jpg\" \/>\n\t<meta property=\"og:image:width\" content=\"1024\" \/>\n\t<meta property=\"og:image:height\" content=\"581\" \/>\n\t<meta property=\"og:image:type\" content=\"image\/jpeg\" \/>\n<meta name=\"author\" content=\"Reda\u00e7\u00e3o JO\" \/>\n<meta name=\"twitter:card\" content=\"summary_large_image\" \/>\n<meta name=\"twitter:creator\" content=\"@jornaloficinas\" \/>\n<meta name=\"twitter:site\" content=\"@jornaloficinas\" \/>\n<meta name=\"twitter:label1\" content=\"Escrito por\" \/>\n\t<meta name=\"twitter:data1\" content=\"Reda\u00e7\u00e3o JO\" \/>\n\t<meta name=\"twitter:label2\" content=\"Tempo estimado de leitura\" \/>\n\t<meta name=\"twitter:data2\" content=\"2 minutos\" \/>\n<script type=\"application\/ld+json\" class=\"yoast-schema-graph\">{\"@context\":\"https:\\\/\\\/schema.org\",\"@graph\":[{\"@type\":\"Article\",\"@id\":\"https:\\\/\\\/jornaldasoficinas.com\\\/pt\\\/bilstein-group-foi-patrocinador-platina-da-39a-corrida-dos-sinos\\\/#article\",\"isPartOf\":{\"@id\":\"https:\\\/\\\/jornaldasoficinas.com\\\/pt\\\/bilstein-group-foi-patrocinador-platina-da-39a-corrida-dos-sinos\\\/\"},\"author\":{\"name\":\"Reda\u00e7\u00e3o JO\",\"@id\":\"https:\\\/\\\/jornaldasoficinas.com\\\/pt\\\/#\\\/schema\\\/person\\\/a38eef5de2c41d9e7c9ac10141afddf3\"},\"headline\":\"bilstein group foi Patrocinador Platina da 39\u00aa Corrida dos Sinos\",\"datePublished\":\"2023-04-04T11:30:20+00:00\",\"dateModified\":\"2023-07-19T14:40:36+00:00\",\"mainEntityOfPage\":{\"@id\":\"https:\\\/\\\/jornaldasoficinas.com\\\/pt\\\/bilstein-group-foi-patrocinador-platina-da-39a-corrida-dos-sinos\\\/\"},\"wordCount\":396,\"publisher\":{\"@id\":\"https:\\\/\\\/jornaldasoficinas.com\\\/pt\\\/#organization\"},\"image\":{\"@id\":\"https:\\\/\\\/jornaldasoficinas.com\\\/pt\\\/bilstein-group-foi-patrocinador-platina-da-39a-corrida-dos-sinos\\\/#primaryimage\"},\"thumbnailUrl\":\"https:\\\/\\\/jornaldasoficinas.com\\\/pt\\\/wp-content\\\/uploads\\\/2023\\\/04\\\/bilstein-group-foi-Patrocinador-Platina-da-39a-Corrida-dos-Sinos.jpg\",\"keywords\":[\"39\u00aa Edi\u00e7\u00e3o\",\"bilstein group\",\"Corrida dos Sinos\",\"Mafra\",\"Patrocinador Platina\"],\"articleSection\":[\"Empresas\"],\"inLanguage\":\"pt-PT\"},{\"@type\":\"WebPage\",\"@id\":\"https:\\\/\\\/jornaldasoficinas.com\\\/pt\\\/bilstein-group-foi-patrocinador-platina-da-39a-corrida-dos-sinos\\\/\",\"url\":\"https:\\\/\\\/jornaldasoficinas.com\\\/pt\\\/bilstein-group-foi-patrocinador-platina-da-39a-corrida-dos-sinos\\\/\",\"name\":\"bilstein group foi Patrocinador Platina da 39\u00aa Corrida dos Sinos - Jornal das Oficinas\",\"isPartOf\":{\"@id\":\"https:\\\/\\\/jornaldasoficinas.com\\\/pt\\\/#website\"},\"primaryImageOfPage\":{\"@id\":\"https:\\\/\\\/jornaldasoficinas.com\\\/pt\\\/bilstein-group-foi-patrocinador-platina-da-39a-corrida-dos-sinos\\\/#primaryimage\"},\"image\":{\"@id\":\"https:\\\/\\\/jornaldasoficinas.com\\\/pt\\\/bilstein-group-foi-patrocinador-platina-da-39a-corrida-dos-sinos\\\/#primaryimage\"},\"thumbnailUrl\":\"https:\\\/\\\/jornaldasoficinas.com\\\/pt\\\/wp-content\\\/uploads\\\/2023\\\/04\\\/bilstein-group-foi-Patrocinador-Platina-da-39a-Corrida-dos-Sinos.jpg\",\"datePublished\":\"2023-04-04T11:30:20+00:00\",\"dateModified\":\"2023-07-19T14:40:36+00:00\",\"description\":\"A Corrida dos Sinos em Mafra, organizada pela associa\u00e7\u00e3o dos Amigos do Atletismo de Mafra, organizou, dia 26 de mar\u00e7o, a sua 39\u00aa Edi\u00e7\u00e3o\",\"breadcrumb\":{\"@id\":\"https:\\\/\\\/jornaldasoficinas.com\\\/pt\\\/bilstein-group-foi-patrocinador-platina-da-39a-corrida-dos-sinos\\\/#breadcrumb\"},\"inLanguage\":\"pt-PT\",\"potentialAction\":[{\"@type\":\"ReadAction\",\"target\":[\"https:\\\/\\\/jornaldasoficinas.com\\\/pt\\\/bilstein-group-foi-patrocinador-platina-da-39a-corrida-dos-sinos\\\/\"]}]},{\"@type\":\"ImageObject\",\"inLanguage\":\"pt-PT\",\"@id\":\"https:\\\/\\\/jornaldasoficinas.com\\\/pt\\\/bilstein-group-foi-patrocinador-platina-da-39a-corrida-dos-sinos\\\/#primaryimage\",\"url\":\"https:\\\/\\\/jornaldasoficinas.com\\\/pt\\\/wp-content\\\/uploads\\\/2023\\\/04\\\/bilstein-group-foi-Patrocinador-Platina-da-39a-Corrida-dos-Sinos.jpg\",\"contentUrl\":\"https:\\\/\\\/jornaldasoficinas.com\\\/pt\\\/wp-content\\\/uploads\\\/2023\\\/04\\\/bilstein-group-foi-Patrocinador-Platina-da-39a-Corrida-dos-Sinos.jpg\",\"width\":1024,\"height\":581,\"caption\":\"04 - bilstein group foi Patrocinador Platina da 39a Corrida dos Sinos\"},{\"@type\":\"BreadcrumbList\",\"@id\":\"https:\\\/\\\/jornaldasoficinas.com\\\/pt\\\/bilstein-group-foi-patrocinador-platina-da-39a-corrida-dos-sinos\\\/#breadcrumb\",\"itemListElement\":[{\"@type\":\"ListItem\",\"position\":1,\"name\":\"In\u00edcio\",\"item\":\"https:\\\/\\\/jornaldasoficinas.com\\\/pt\\\/\"},{\"@type\":\"ListItem\",\"position\":2,\"name\":\"bilstein group foi Patrocinador Platina da 39\u00aa Corrida dos Sinos\"}]},{\"@type\":\"WebSite\",\"@id\":\"https:\\\/\\\/jornaldasoficinas.com\\\/pt\\\/#website\",\"url\":\"https:\\\/\\\/jornaldasoficinas.com\\\/pt\\\/\",\"name\":\"Jornal das Oficinas\",\"description\":\"Jornal independente do Aftermarket Autom\u00f3vel em Portugal\",\"publisher\":{\"@id\":\"https:\\\/\\\/jornaldasoficinas.com\\\/pt\\\/#organization\"},\"potentialAction\":[{\"@type\":\"SearchAction\",\"target\":{\"@type\":\"EntryPoint\",\"urlTemplate\":\"https:\\\/\\\/jornaldasoficinas.com\\\/pt\\\/?s={search_term_string}\"},\"query-input\":{\"@type\":\"PropertyValueSpecification\",\"valueRequired\":true,\"valueName\":\"search_term_string\"}}],\"inLanguage\":\"pt-PT\"},{\"@type\":\"Organization\",\"@id\":\"https:\\\/\\\/jornaldasoficinas.com\\\/pt\\\/#organization\",\"name\":\"Jornal das Oficinas\",\"url\":\"https:\\\/\\\/jornaldasoficinas.com\\\/pt\\\/\",\"logo\":{\"@type\":\"ImageObject\",\"inLanguage\":\"pt-PT\",\"@id\":\"https:\\\/\\\/jornaldasoficinas.com\\\/pt\\\/#\\\/schema\\\/logo\\\/image\\\/\",\"url\":\"https:\\\/\\\/jornaldasoficinas.com\\\/pt\\\/wp-content\\\/uploads\\\/logoJO-SEO.png\",\"contentUrl\":\"https:\\\/\\\/jornaldasoficinas.com\\\/pt\\\/wp-content\\\/uploads\\\/logoJO-SEO.png\",\"width\":285,\"height\":450,\"caption\":\"Jornal das Oficinas\"},\"image\":{\"@id\":\"https:\\\/\\\/jornaldasoficinas.com\\\/pt\\\/#\\\/schema\\\/logo\\\/image\\\/\"},\"sameAs\":[\"https:\\\/\\\/www.facebook.com\\\/jornaloficinas\",\"https:\\\/\\\/x.com\\\/jornaloficinas\",\"https:\\\/\\\/www.instagram.com\\\/jornal_oficinas\\\/\",\"https:\\\/\\\/www.linkedin.com\\\/company\\\/jornal-das-oficinas\\\/\",\"https:\\\/\\\/www.youtube.com\\\/channel\\\/UCbQZBqtcvV-oSQrr7RzINGg\"]},{\"@type\":\"Person\",\"@id\":\"https:\\\/\\\/jornaldasoficinas.com\\\/pt\\\/#\\\/schema\\\/person\\\/a38eef5de2c41d9e7c9ac10141afddf3\",\"name\":\"Reda\u00e7\u00e3o JO\",\"image\":{\"@type\":\"ImageObject\",\"inLanguage\":\"pt-PT\",\"@id\":\"https:\\\/\\\/secure.gravatar.com\\\/avatar\\\/71f2fa71737ad68a84fea94bc708ddac8ea5b0c4788dc2ad202f3ccb2887742f?s=96&d=wp_user_avatar&r=g\",\"url\":\"https:\\\/\\\/secure.gravatar.com\\\/avatar\\\/71f2fa71737ad68a84fea94bc708ddac8ea5b0c4788dc2ad202f3ccb2887742f?s=96&d=wp_user_avatar&r=g\",\"contentUrl\":\"https:\\\/\\\/secure.gravatar.com\\\/avatar\\\/71f2fa71737ad68a84fea94bc708ddac8ea5b0c4788dc2ad202f3ccb2887742f?s=96&d=wp_user_avatar&r=g\",\"caption\":\"Reda\u00e7\u00e3o JO\"},\"url\":\"https:\\\/\\\/jornaldasoficinas.com\\\/pt\\\/author\\\/joredacao\\\/\"}]}<\/script>\n<!-- \/ Yoast SEO plugin. -->","yoast_head_json":{"title":"bilstein group foi Patrocinador Platina da 39\u00aa Corrida dos Sinos - Jornal das Oficinas","description":"A Corrida dos Sinos em Mafra, organizada pela associa\u00e7\u00e3o dos Amigos do Atletismo de Mafra, organizou, dia 26 de mar\u00e7o, a sua 39\u00aa Edi\u00e7\u00e3o","robots":{"index":"index","follow":"follow","max-snippet":"max-snippet:-1","max-image-preview":"max-image-preview:large","max-video-preview":"max-video-preview:-1"},"canonical":"https:\/\/jornaldasoficinas.com\/pt\/bilstein-group-foi-patrocinador-platina-da-39a-corrida-dos-sinos\/","og_locale":"pt_PT","og_type":"article","og_title":"bilstein group foi Patrocinador Platina da 39\u00aa Corrida dos Sinos - Jornal das Oficinas","og_description":"A Corrida dos Sinos em Mafra, organizada pela associa\u00e7\u00e3o dos Amigos do Atletismo de Mafra, organizou, dia 26 de mar\u00e7o, a sua 39\u00aa Edi\u00e7\u00e3o","og_url":"https:\/\/jornaldasoficinas.com\/pt\/bilstein-group-foi-patrocinador-platina-da-39a-corrida-dos-sinos\/","og_site_name":"Jornal das Oficinas","article_publisher":"https:\/\/www.facebook.com\/jornaloficinas","article_published_time":"2023-04-04T11:30:20+00:00","article_modified_time":"2023-07-19T14:40:36+00:00","og_image":[{"width":1024,"height":581,"url":"https:\/\/jornaldasoficinas.com\/pt\/wp-content\/uploads\/2023\/04\/bilstein-group-foi-Patrocinador-Platina-da-39a-Corrida-dos-Sinos.jpg","type":"image\/jpeg"}],"author":"Reda\u00e7\u00e3o JO","twitter_card":"summary_large_image","twitter_creator":"@jornaloficinas","twitter_site":"@jornaloficinas","twitter_misc":{"Escrito por":"Reda\u00e7\u00e3o JO","Tempo estimado de leitura":"2 minutos"},"schema":{"@context":"https:\/\/schema.org","@graph":[{"@type":"Article","@id":"https:\/\/jornaldasoficinas.com\/pt\/bilstein-group-foi-patrocinador-platina-da-39a-corrida-dos-sinos\/#article","isPartOf":{"@id":"https:\/\/jornaldasoficinas.com\/pt\/bilstein-group-foi-patrocinador-platina-da-39a-corrida-dos-sinos\/"},"author":{"name":"Reda\u00e7\u00e3o JO","@id":"https:\/\/jornaldasoficinas.com\/pt\/#\/schema\/person\/a38eef5de2c41d9e7c9ac10141afddf3"},"headline":"bilstein group foi Patrocinador Platina da 39\u00aa Corrida dos Sinos","datePublished":"2023-04-04T11:30:20+00:00","dateModified":"2023-07-19T14:40:36+00:00","mainEntityOfPage":{"@id":"https:\/\/jornaldasoficinas.com\/pt\/bilstein-group-foi-patrocinador-platina-da-39a-corrida-dos-sinos\/"},"wordCount":396,"publisher":{"@id":"https:\/\/jornaldasoficinas.com\/pt\/#organization"},"image":{"@id":"https:\/\/jornaldasoficinas.com\/pt\/bilstein-group-foi-patrocinador-platina-da-39a-corrida-dos-sinos\/#primaryimage"},"thumbnailUrl":"https:\/\/jornaldasoficinas.com\/pt\/wp-content\/uploads\/2023\/04\/bilstein-group-foi-Patrocinador-Platina-da-39a-Corrida-dos-Sinos.jpg","keywords":["39\u00aa Edi\u00e7\u00e3o","bilstein group","Corrida dos Sinos","Mafra","Patrocinador Platina"],"articleSection":["Empresas"],"inLanguage":"pt-PT"},{"@type":"WebPage","@id":"https:\/\/jornaldasoficinas.com\/pt\/bilstein-group-foi-patrocinador-platina-da-39a-corrida-dos-sinos\/","url":"https:\/\/jornaldasoficinas.com\/pt\/bilstein-group-foi-patrocinador-platina-da-39a-corrida-dos-sinos\/","name":"bilstein group foi Patrocinador Platina da 39\u00aa Corrida dos Sinos - Jornal das Oficinas","isPartOf":{"@id":"https:\/\/jornaldasoficinas.com\/pt\/#website"},"primaryImageOfPage":{"@id":"https:\/\/jornaldasoficinas.com\/pt\/bilstein-group-foi-patrocinador-platina-da-39a-corrida-dos-sinos\/#primaryimage"},"image":{"@id":"https:\/\/jornaldasoficinas.com\/pt\/bilstein-group-foi-patrocinador-platina-da-39a-corrida-dos-sinos\/#primaryimage"},"thumbnailUrl":"https:\/\/jornaldasoficinas.com\/pt\/wp-content\/uploads\/2023\/04\/bilstein-group-foi-Patrocinador-Platina-da-39a-Corrida-dos-Sinos.jpg","datePublished":"2023-04-04T11:30:20+00:00","dateModified":"2023-07-19T14:40:36+00:00","description":"A Corrida dos Sinos em Mafra, organizada pela associa\u00e7\u00e3o dos Amigos do Atletismo de Mafra, organizou, dia 26 de mar\u00e7o, a sua 39\u00aa Edi\u00e7\u00e3o","breadcrumb":{"@id":"https:\/\/jornaldasoficinas.com\/pt\/bilstein-group-foi-patrocinador-platina-da-39a-corrida-dos-sinos\/#breadcrumb"},"inLanguage":"pt-PT","potentialAction":[{"@type":"ReadAction","target":["https:\/\/jornaldasoficinas.com\/pt\/bilstein-group-foi-patrocinador-platina-da-39a-corrida-dos-sinos\/"]}]},{"@type":"ImageObject","inLanguage":"pt-PT","@id":"https:\/\/jornaldasoficinas.com\/pt\/bilstein-group-foi-patrocinador-platina-da-39a-corrida-dos-sinos\/#primaryimage","url":"https:\/\/jornaldasoficinas.com\/pt\/wp-content\/uploads\/2023\/04\/bilstein-group-foi-Patrocinador-Platina-da-39a-Corrida-dos-Sinos.jpg","contentUrl":"https:\/\/jornaldasoficinas.com\/pt\/wp-content\/uploads\/2023\/04\/bilstein-group-foi-Patrocinador-Platina-da-39a-Corrida-dos-Sinos.jpg","width":1024,"height":581,"caption":"04 - bilstein group foi Patrocinador Platina da 39a Corrida dos Sinos"},{"@type":"BreadcrumbList","@id":"https:\/\/jornaldasoficinas.com\/pt\/bilstein-group-foi-patrocinador-platina-da-39a-corrida-dos-sinos\/#breadcrumb","itemListElement":[{"@type":"ListItem","position":1,"name":"In\u00edcio","item":"https:\/\/jornaldasoficinas.com\/pt\/"},{"@type":"ListItem","position":2,"name":"bilstein group foi Patrocinador Platina da 39\u00aa Corrida dos Sinos"}]},{"@type":"WebSite","@id":"https:\/\/jornaldasoficinas.com\/pt\/#website","url":"https:\/\/jornaldasoficinas.com\/pt\/","name":"Jornal das Oficinas","description":"Jornal independente do Aftermarket Autom\u00f3vel em Portugal","publisher":{"@id":"https:\/\/jornaldasoficinas.com\/pt\/#organization"},"potentialAction":[{"@type":"SearchAction","target":{"@type":"EntryPoint","urlTemplate":"https:\/\/jornaldasoficinas.com\/pt\/?s={search_term_string}"},"query-input":{"@type":"PropertyValueSpecification","valueRequired":true,"valueName":"search_term_string"}}],"inLanguage":"pt-PT"},{"@type":"Organization","@id":"https:\/\/jornaldasoficinas.com\/pt\/#organization","name":"Jornal das Oficinas","url":"https:\/\/jornaldasoficinas.com\/pt\/","logo":{"@type":"ImageObject","inLanguage":"pt-PT","@id":"https:\/\/jornaldasoficinas.com\/pt\/#\/schema\/logo\/image\/","url":"https:\/\/jornaldasoficinas.com\/pt\/wp-content\/uploads\/logoJO-SEO.png","contentUrl":"https:\/\/jornaldasoficinas.com\/pt\/wp-content\/uploads\/logoJO-SEO.png","width":285,"height":450,"caption":"Jornal das Oficinas"},"image":{"@id":"https:\/\/jornaldasoficinas.com\/pt\/#\/schema\/logo\/image\/"},"sameAs":["https:\/\/www.facebook.com\/jornaloficinas","https:\/\/x.com\/jornaloficinas","https:\/\/www.instagram.com\/jornal_oficinas\/","https:\/\/www.linkedin.com\/company\/jornal-das-oficinas\/","https:\/\/www.youtube.com\/channel\/UCbQZBqtcvV-oSQrr7RzINGg"]},{"@type":"Person","@id":"https:\/\/jornaldasoficinas.com\/pt\/#\/schema\/person\/a38eef5de2c41d9e7c9ac10141afddf3","name":"Reda\u00e7\u00e3o JO","image":{"@type":"ImageObject","inLanguage":"pt-PT","@id":"https:\/\/secure.gravatar.com\/avatar\/71f2fa71737ad68a84fea94bc708ddac8ea5b0c4788dc2ad202f3ccb2887742f?s=96&d=wp_user_avatar&r=g","url":"https:\/\/secure.gravatar.com\/avatar\/71f2fa71737ad68a84fea94bc708ddac8ea5b0c4788dc2ad202f3ccb2887742f?s=96&d=wp_user_avatar&r=g","contentUrl":"https:\/\/secure.gravatar.com\/avatar\/71f2fa71737ad68a84fea94bc708ddac8ea5b0c4788dc2ad202f3ccb2887742f?s=96&d=wp_user_avatar&r=g","caption":"Reda\u00e7\u00e3o JO"},"url":"https:\/\/jornaldasoficinas.com\/pt\/author\/joredacao\/"}]}},"_links":{"self":[{"href":"https:\/\/jornaldasoficinas.com\/pt\/wp-json\/wp\/v2\/posts\/64486","targetHints":{"allow":["GET"]}}],"collection":[{"href":"https:\/\/jornaldasoficinas.com\/pt\/wp-json\/wp\/v2\/posts"}],"about":[{"href":"https:\/\/jornaldasoficinas.com\/pt\/wp-json\/wp\/v2\/types\/post"}],"author":[{"embeddable":true,"href":"https:\/\/jornaldasoficinas.com\/pt\/wp-json\/wp\/v2\/users\/15"}],"replies":[{"embeddable":true,"href":"https:\/\/jornaldasoficinas.com\/pt\/wp-json\/wp\/v2\/comments?post=64486"}],"version-history":[{"count":0,"href":"https:\/\/jornaldasoficinas.com\/pt\/wp-json\/wp\/v2\/posts\/64486\/revisions"}],"wp:featuredmedia":[{"embeddable":true,"href":"https:\/\/jornaldasoficinas.com\/pt\/wp-json\/wp\/v2\/media\/64466"}],"wp:attachment":[{"href":"https:\/\/jornaldasoficinas.com\/pt\/wp-json\/wp\/v2\/media?parent=64486"}],"wp:term":[{"taxonomy":"category","embeddable":true,"href":"https:\/\/jornaldasoficinas.com\/pt\/wp-json\/wp\/v2\/categories?post=64486"},{"taxonomy":"post_tag","embeddable":true,"href":"https:\/\/jornaldasoficinas.com\/pt\/wp-json\/wp\/v2\/tags?post=64486"}],"curies":[{"name":"wp","href":"https:\/\/api.w.org\/{rel}","templated":true}]}}