{"id":64592,"date":"2023-04-06T12:30:45","date_gmt":"2023-04-06T11:30:45","guid":{"rendered":"https:\/\/jornaldasoficinas.com\/pt\/?p=64592"},"modified":"2023-07-19T15:40:35","modified_gmt":"2023-07-19T14:40:35","slug":"anecra-promove-16o-encontro-nacional-da-reparacao-automovel","status":"publish","type":"post","link":"https:\/\/jornaldasoficinas.com\/pt\/anecra-promove-16o-encontro-nacional-da-reparacao-automovel\/","title":{"rendered":"ANECRA promove 16\u00ba Encontro Nacional da Repara\u00e7\u00e3o Autom\u00f3vel"},"content":{"rendered":"<p><img loading=\"lazy\" decoding=\"async\" class=\"alignnone size-full wp-image-64562\" src=\"https:\/\/jornaldasoficinas.com\/pt\/wp-content\/uploads\/2023\/04\/ANECRA-promove-16o-Encontro-Nacional-da-Reparacao-Automovel.jpg\" alt=\"04 - ANECRA promove 16o Encontro Nacional da Reparacao Automovel\" width=\"1024\" height=\"581\" srcset=\"https:\/\/jornaldasoficinas.com\/pt\/wp-content\/uploads\/2023\/04\/ANECRA-promove-16o-Encontro-Nacional-da-Reparacao-Automovel.jpg 1024w, https:\/\/jornaldasoficinas.com\/pt\/wp-content\/uploads\/2023\/04\/ANECRA-promove-16o-Encontro-Nacional-da-Reparacao-Automovel-300x170.jpg 300w, https:\/\/jornaldasoficinas.com\/pt\/wp-content\/uploads\/2023\/04\/ANECRA-promove-16o-Encontro-Nacional-da-Reparacao-Automovel-150x85.jpg 150w, https:\/\/jornaldasoficinas.com\/pt\/wp-content\/uploads\/2023\/04\/ANECRA-promove-16o-Encontro-Nacional-da-Reparacao-Automovel-768x436.jpg 768w\" sizes=\"auto, (max-width: 1024px) 100vw, 1024px\" \/><\/p>\n<p><strong>A <a href=\"https:\/\/www.anecra.pt\/\" target=\"_blank\" rel=\"noopener\">ANECRA<\/a> ir\u00e1 promover, s\u00e1bado, dia 15 de abril, o <a href=\"https:\/\/www.anecra.pt\/AL\/EventosAnecra16ENCONTRODAREPARACAOAUTOMOVEL.aspx\" target=\"_blank\" rel=\"noopener\">16\u00ba Encontro Nacional da Repara\u00e7\u00e3o Autom\u00f3vel<\/a>, subordinado ao tema Sector Autom\u00f3vel &#8211; Um Admir\u00e1vel Mundo Novo, em Matosinhos, no Audit\u00f3rio do Edif\u00edcio Sede da AEP \u2013 Associa\u00e7\u00e3o Empresarial de Portugal, na <a href=\"http:\/\/expomecanica.pt\/pt\/\" target=\"_blank\" rel=\"noopener\">ExpoMEC\u00c2NICA<\/a> Porto 2023<\/strong><\/p>\n<p>O encontro que inicia \u00e0s 9h45, contar\u00e1 com a presen\u00e7a de profissionais de diferentes \u00e1reas: a partir das 10h00 ser\u00e1 poss\u00edvel aprofundar o tema A Evolu\u00e7\u00e3o dos Pre\u00e7os dos Componentes e dos Materiais de Pintura e qual o efeito dos Sistemas de apoio ao Condutor na Repara\u00e7\u00e3o de Sinistros, por Tim\u00f3teo Xavier, da Audatex\/Solera. Ser\u00e1 poss\u00edvel saber como Combater a Concorr\u00eancia Desleal na Repara\u00e7\u00e3o Autom\u00f3vel, com Ricardo Silva, Inspetor da ASAE e aprofundar o tema da Repara\u00e7\u00e3o e Manuten\u00e7\u00e3o de Ve\u00edculos El\u00e9ctricos e H\u00edbridos, com Carlos Jesus, CEO da EVolution.<\/p>\n<p>Do evento consta, ainda, um debate sobre Os Desafios Imediatos da Atividade no Ap\u00f3s Venda, onde se ir\u00e3o aprofundar temas como o impacto das altera\u00e7\u00f5es legislativas a n\u00edvel europeu; Concorr\u00eancia, Informa\u00e7\u00e3o T\u00e9cnica, Acesso aos Dados e Ciberseguran\u00e7a; O fim anunciado dos motores t\u00e9rmicos e a nova mobilidade; Forma\u00e7\u00e3o e Qualifica\u00e7\u00e3o T\u00e9cnica, entre outros temas. Pelas 12h40, Alfredo Amaral, CEO da OKIS360, far\u00e1 um enquadramento \u00e0 atualidade do Sector Autom\u00f3vel, sob o mote Um Admir\u00e1vel Mundo Novo. Neste evento o tradicional discurso de Boas-vindas estar\u00e1 a cargo de Alexandre Ferreira, Presidente da Dire\u00e7\u00e3o da ANECRA, e um Enquadramento ao Sector, An\u00e1lise de Mercado e Proje\u00e7\u00f5es Futuras ficar\u00e1 sob a responsabilidade de Roberto Gaspar, Secret\u00e1rio-Geral da ANECRA.<\/p>\n<p>\u201cO objetivo deste encontro \u00e9 debater as quest\u00f5es mais pertinentes da atualidade, com os empres\u00e1rios deste Segmento de actividade t\u00e3o importante para ANECRA como \u00e9 o caso da Repara\u00e7\u00e3o e Manuten\u00e7\u00e3o, procurando responder aos in\u00fameros desafios com que estes s\u00e3o confrontados todos os dias enfrentam\u201d, afirma Roberto Gaspar, Secret\u00e1rio-Geral da ANECRA. Por esta raz\u00e3o, a Associa\u00e7\u00e3o marca, tamb\u00e9m, presen\u00e7a na ExpoMEC\u00c2NICA Porto 2023, Stand \u2013 2C 16, Pavilh\u00e3o 2, onde uma equipa de consultores especializados ANECRA estar\u00e1 em contacto com os visitantes, respondendo \u00e0s quest\u00f5es que estes pretendam ver esclarecidas nas \u00e1reas de Gest\u00e3o Ambiental e Apoio T\u00e9cnico \u00e0 Oficina, Apoios Financeiros e Comunit\u00e1rios, Redu\u00e7\u00e3o de Custos Energ\u00e9ticos, Certificados Digitais &#8211; Com\u00e9rcio de Usados, Rentabilidade Garantida Sec\u00e7\u00e3o de Pintura e ainda Informa\u00e7\u00f5es sobre Seguros Obrigat\u00f3rios, Solu\u00e7\u00f5es Flex\u00edveis de Pagamentos e Rede de Oficinas Independentes, entre outras.<\/p>\n<p>Ainda h\u00e1 a referir que o 16\u00ba Encontro Nacional da Repara\u00e7\u00e3o Autom\u00f3vel conta com o apoio da Solera, MDS Auto, Impoeste, Universo Flex, Mobil (Moove), Cepra e GVB, Gest\u00e3o e Valoriza\u00e7\u00e3o de Baterias, Lda, sendo as inscri\u00e7\u00f5es no evento obrigat\u00f3rias atrav\u00e9s do e-mail: lisboa@anecra.pt, via CTT, por fax n\u00ba: 213978504 ou via website <a href=\"http:\/\/www.anecra.pt\">www.anecra.pt<\/a>.<\/p>\n","protected":false},"excerpt":{"rendered":"<p>A ANECRA ir\u00e1 promover, s\u00e1bado, dia&#8230;<\/p>\n","protected":false},"author":15,"featured_media":64562,"comment_status":"closed","ping_status":"closed","sticky":false,"template":"","format":"standard","meta":{"footnotes":""},"categories":[29],"tags":[4909,137,4908,78,1300],"class_list":["post-64592","post","type-post","status-publish","format-standard","has-post-thumbnail","hentry","category-empresas","tag-16o-encontro-nacional-da-reparacao-automovel","tag-anecra","tag-dia-15-de-abril","tag-expomecanica","tag-matosinhos"],"yoast_head":"<!-- This site is optimized with the Yoast SEO plugin v27.5 - https:\/\/yoast.com\/product\/yoast-seo-wordpress\/ -->\n<title>ANECRA promove 16\u00ba Encontro Nacional da Repara\u00e7\u00e3o Autom\u00f3vel - Jornal das Oficinas<\/title>\n<meta name=\"description\" content=\"A ANECRA ir\u00e1 promover, s\u00e1bado, dia 15 de abril, o 16\u00ba Encontro Nacional da Repara\u00e7\u00e3o Autom\u00f3vel, na ExpoMEC\u00c2NICA Porto 2023\" \/>\n<meta name=\"robots\" content=\"index, follow, max-snippet:-1, max-image-preview:large, max-video-preview:-1\" \/>\n<link rel=\"canonical\" href=\"https:\/\/jornaldasoficinas.com\/pt\/anecra-promove-16o-encontro-nacional-da-reparacao-automovel\/\" \/>\n<meta property=\"og:locale\" content=\"pt_PT\" \/>\n<meta property=\"og:type\" content=\"article\" \/>\n<meta property=\"og:title\" content=\"ANECRA promove 16\u00ba Encontro Nacional da Repara\u00e7\u00e3o Autom\u00f3vel - Jornal das Oficinas\" \/>\n<meta property=\"og:description\" content=\"A ANECRA ir\u00e1 promover, s\u00e1bado, dia 15 de abril, o 16\u00ba Encontro Nacional da Repara\u00e7\u00e3o Autom\u00f3vel, na ExpoMEC\u00c2NICA Porto 2023\" \/>\n<meta property=\"og:url\" content=\"https:\/\/jornaldasoficinas.com\/pt\/anecra-promove-16o-encontro-nacional-da-reparacao-automovel\/\" \/>\n<meta property=\"og:site_name\" content=\"Jornal das Oficinas\" \/>\n<meta property=\"article:publisher\" content=\"https:\/\/www.facebook.com\/jornaloficinas\" \/>\n<meta property=\"article:published_time\" content=\"2023-04-06T11:30:45+00:00\" \/>\n<meta property=\"article:modified_time\" content=\"2023-07-19T14:40:35+00:00\" \/>\n<meta property=\"og:image\" content=\"https:\/\/jornaldasoficinas.com\/pt\/wp-content\/uploads\/2023\/04\/ANECRA-promove-16o-Encontro-Nacional-da-Reparacao-Automovel.jpg\" \/>\n\t<meta property=\"og:image:width\" content=\"1024\" \/>\n\t<meta property=\"og:image:height\" content=\"581\" \/>\n\t<meta property=\"og:image:type\" content=\"image\/jpeg\" \/>\n<meta name=\"author\" content=\"Reda\u00e7\u00e3o JO\" \/>\n<meta name=\"twitter:card\" content=\"summary_large_image\" \/>\n<meta name=\"twitter:creator\" content=\"@jornaloficinas\" \/>\n<meta name=\"twitter:site\" content=\"@jornaloficinas\" \/>\n<meta name=\"twitter:label1\" content=\"Escrito por\" \/>\n\t<meta name=\"twitter:data1\" content=\"Reda\u00e7\u00e3o JO\" \/>\n\t<meta name=\"twitter:label2\" content=\"Tempo estimado de leitura\" \/>\n\t<meta name=\"twitter:data2\" content=\"3 minutos\" \/>\n<script type=\"application\/ld+json\" class=\"yoast-schema-graph\">{\"@context\":\"https:\\\/\\\/schema.org\",\"@graph\":[{\"@type\":\"Article\",\"@id\":\"https:\\\/\\\/jornaldasoficinas.com\\\/pt\\\/anecra-promove-16o-encontro-nacional-da-reparacao-automovel\\\/#article\",\"isPartOf\":{\"@id\":\"https:\\\/\\\/jornaldasoficinas.com\\\/pt\\\/anecra-promove-16o-encontro-nacional-da-reparacao-automovel\\\/\"},\"author\":{\"name\":\"Reda\u00e7\u00e3o JO\",\"@id\":\"https:\\\/\\\/jornaldasoficinas.com\\\/pt\\\/#\\\/schema\\\/person\\\/a38eef5de2c41d9e7c9ac10141afddf3\"},\"headline\":\"ANECRA promove 16\u00ba Encontro Nacional da Repara\u00e7\u00e3o Autom\u00f3vel\",\"datePublished\":\"2023-04-06T11:30:45+00:00\",\"dateModified\":\"2023-07-19T14:40:35+00:00\",\"mainEntityOfPage\":{\"@id\":\"https:\\\/\\\/jornaldasoficinas.com\\\/pt\\\/anecra-promove-16o-encontro-nacional-da-reparacao-automovel\\\/\"},\"wordCount\":514,\"publisher\":{\"@id\":\"https:\\\/\\\/jornaldasoficinas.com\\\/pt\\\/#organization\"},\"image\":{\"@id\":\"https:\\\/\\\/jornaldasoficinas.com\\\/pt\\\/anecra-promove-16o-encontro-nacional-da-reparacao-automovel\\\/#primaryimage\"},\"thumbnailUrl\":\"https:\\\/\\\/jornaldasoficinas.com\\\/pt\\\/wp-content\\\/uploads\\\/2023\\\/04\\\/ANECRA-promove-16o-Encontro-Nacional-da-Reparacao-Automovel.jpg\",\"keywords\":[\"16\u00ba Encontro Nacional da Repara\u00e7\u00e3o Autom\u00f3vel\",\"ANECRA\",\"dia 15 de abril\",\"expoMEC\u00c2NICA\",\"Matosinhos\"],\"articleSection\":[\"Empresas\"],\"inLanguage\":\"pt-PT\"},{\"@type\":\"WebPage\",\"@id\":\"https:\\\/\\\/jornaldasoficinas.com\\\/pt\\\/anecra-promove-16o-encontro-nacional-da-reparacao-automovel\\\/\",\"url\":\"https:\\\/\\\/jornaldasoficinas.com\\\/pt\\\/anecra-promove-16o-encontro-nacional-da-reparacao-automovel\\\/\",\"name\":\"ANECRA promove 16\u00ba Encontro Nacional da Repara\u00e7\u00e3o Autom\u00f3vel - Jornal das Oficinas\",\"isPartOf\":{\"@id\":\"https:\\\/\\\/jornaldasoficinas.com\\\/pt\\\/#website\"},\"primaryImageOfPage\":{\"@id\":\"https:\\\/\\\/jornaldasoficinas.com\\\/pt\\\/anecra-promove-16o-encontro-nacional-da-reparacao-automovel\\\/#primaryimage\"},\"image\":{\"@id\":\"https:\\\/\\\/jornaldasoficinas.com\\\/pt\\\/anecra-promove-16o-encontro-nacional-da-reparacao-automovel\\\/#primaryimage\"},\"thumbnailUrl\":\"https:\\\/\\\/jornaldasoficinas.com\\\/pt\\\/wp-content\\\/uploads\\\/2023\\\/04\\\/ANECRA-promove-16o-Encontro-Nacional-da-Reparacao-Automovel.jpg\",\"datePublished\":\"2023-04-06T11:30:45+00:00\",\"dateModified\":\"2023-07-19T14:40:35+00:00\",\"description\":\"A ANECRA ir\u00e1 promover, s\u00e1bado, dia 15 de abril, o 16\u00ba Encontro Nacional da Repara\u00e7\u00e3o Autom\u00f3vel, na ExpoMEC\u00c2NICA Porto 2023\",\"breadcrumb\":{\"@id\":\"https:\\\/\\\/jornaldasoficinas.com\\\/pt\\\/anecra-promove-16o-encontro-nacional-da-reparacao-automovel\\\/#breadcrumb\"},\"inLanguage\":\"pt-PT\",\"potentialAction\":[{\"@type\":\"ReadAction\",\"target\":[\"https:\\\/\\\/jornaldasoficinas.com\\\/pt\\\/anecra-promove-16o-encontro-nacional-da-reparacao-automovel\\\/\"]}]},{\"@type\":\"ImageObject\",\"inLanguage\":\"pt-PT\",\"@id\":\"https:\\\/\\\/jornaldasoficinas.com\\\/pt\\\/anecra-promove-16o-encontro-nacional-da-reparacao-automovel\\\/#primaryimage\",\"url\":\"https:\\\/\\\/jornaldasoficinas.com\\\/pt\\\/wp-content\\\/uploads\\\/2023\\\/04\\\/ANECRA-promove-16o-Encontro-Nacional-da-Reparacao-Automovel.jpg\",\"contentUrl\":\"https:\\\/\\\/jornaldasoficinas.com\\\/pt\\\/wp-content\\\/uploads\\\/2023\\\/04\\\/ANECRA-promove-16o-Encontro-Nacional-da-Reparacao-Automovel.jpg\",\"width\":1024,\"height\":581,\"caption\":\"04 - ANECRA promove 16o Encontro Nacional da Reparacao Automovel\"},{\"@type\":\"BreadcrumbList\",\"@id\":\"https:\\\/\\\/jornaldasoficinas.com\\\/pt\\\/anecra-promove-16o-encontro-nacional-da-reparacao-automovel\\\/#breadcrumb\",\"itemListElement\":[{\"@type\":\"ListItem\",\"position\":1,\"name\":\"In\u00edcio\",\"item\":\"https:\\\/\\\/jornaldasoficinas.com\\\/pt\\\/\"},{\"@type\":\"ListItem\",\"position\":2,\"name\":\"ANECRA promove 16\u00ba Encontro Nacional da Repara\u00e7\u00e3o Autom\u00f3vel\"}]},{\"@type\":\"WebSite\",\"@id\":\"https:\\\/\\\/jornaldasoficinas.com\\\/pt\\\/#website\",\"url\":\"https:\\\/\\\/jornaldasoficinas.com\\\/pt\\\/\",\"name\":\"Jornal das Oficinas\",\"description\":\"Jornal independente do Aftermarket Autom\u00f3vel em Portugal\",\"publisher\":{\"@id\":\"https:\\\/\\\/jornaldasoficinas.com\\\/pt\\\/#organization\"},\"potentialAction\":[{\"@type\":\"SearchAction\",\"target\":{\"@type\":\"EntryPoint\",\"urlTemplate\":\"https:\\\/\\\/jornaldasoficinas.com\\\/pt\\\/?s={search_term_string}\"},\"query-input\":{\"@type\":\"PropertyValueSpecification\",\"valueRequired\":true,\"valueName\":\"search_term_string\"}}],\"inLanguage\":\"pt-PT\"},{\"@type\":\"Organization\",\"@id\":\"https:\\\/\\\/jornaldasoficinas.com\\\/pt\\\/#organization\",\"name\":\"Jornal das Oficinas\",\"url\":\"https:\\\/\\\/jornaldasoficinas.com\\\/pt\\\/\",\"logo\":{\"@type\":\"ImageObject\",\"inLanguage\":\"pt-PT\",\"@id\":\"https:\\\/\\\/jornaldasoficinas.com\\\/pt\\\/#\\\/schema\\\/logo\\\/image\\\/\",\"url\":\"https:\\\/\\\/jornaldasoficinas.com\\\/pt\\\/wp-content\\\/uploads\\\/logoJO-SEO.png\",\"contentUrl\":\"https:\\\/\\\/jornaldasoficinas.com\\\/pt\\\/wp-content\\\/uploads\\\/logoJO-SEO.png\",\"width\":285,\"height\":450,\"caption\":\"Jornal das Oficinas\"},\"image\":{\"@id\":\"https:\\\/\\\/jornaldasoficinas.com\\\/pt\\\/#\\\/schema\\\/logo\\\/image\\\/\"},\"sameAs\":[\"https:\\\/\\\/www.facebook.com\\\/jornaloficinas\",\"https:\\\/\\\/x.com\\\/jornaloficinas\",\"https:\\\/\\\/www.instagram.com\\\/jornal_oficinas\\\/\",\"https:\\\/\\\/www.linkedin.com\\\/company\\\/jornal-das-oficinas\\\/\",\"https:\\\/\\\/www.youtube.com\\\/channel\\\/UCbQZBqtcvV-oSQrr7RzINGg\"]},{\"@type\":\"Person\",\"@id\":\"https:\\\/\\\/jornaldasoficinas.com\\\/pt\\\/#\\\/schema\\\/person\\\/a38eef5de2c41d9e7c9ac10141afddf3\",\"name\":\"Reda\u00e7\u00e3o JO\",\"image\":{\"@type\":\"ImageObject\",\"inLanguage\":\"pt-PT\",\"@id\":\"https:\\\/\\\/secure.gravatar.com\\\/avatar\\\/71f2fa71737ad68a84fea94bc708ddac8ea5b0c4788dc2ad202f3ccb2887742f?s=96&d=wp_user_avatar&r=g\",\"url\":\"https:\\\/\\\/secure.gravatar.com\\\/avatar\\\/71f2fa71737ad68a84fea94bc708ddac8ea5b0c4788dc2ad202f3ccb2887742f?s=96&d=wp_user_avatar&r=g\",\"contentUrl\":\"https:\\\/\\\/secure.gravatar.com\\\/avatar\\\/71f2fa71737ad68a84fea94bc708ddac8ea5b0c4788dc2ad202f3ccb2887742f?s=96&d=wp_user_avatar&r=g\",\"caption\":\"Reda\u00e7\u00e3o JO\"},\"url\":\"https:\\\/\\\/jornaldasoficinas.com\\\/pt\\\/author\\\/joredacao\\\/\"}]}<\/script>\n<!-- \/ Yoast SEO plugin. -->","yoast_head_json":{"title":"ANECRA promove 16\u00ba Encontro Nacional da Repara\u00e7\u00e3o Autom\u00f3vel - Jornal das Oficinas","description":"A ANECRA ir\u00e1 promover, s\u00e1bado, dia 15 de abril, o 16\u00ba Encontro Nacional da Repara\u00e7\u00e3o Autom\u00f3vel, na ExpoMEC\u00c2NICA Porto 2023","robots":{"index":"index","follow":"follow","max-snippet":"max-snippet:-1","max-image-preview":"max-image-preview:large","max-video-preview":"max-video-preview:-1"},"canonical":"https:\/\/jornaldasoficinas.com\/pt\/anecra-promove-16o-encontro-nacional-da-reparacao-automovel\/","og_locale":"pt_PT","og_type":"article","og_title":"ANECRA promove 16\u00ba Encontro Nacional da Repara\u00e7\u00e3o Autom\u00f3vel - Jornal das Oficinas","og_description":"A ANECRA ir\u00e1 promover, s\u00e1bado, dia 15 de abril, o 16\u00ba Encontro Nacional da Repara\u00e7\u00e3o Autom\u00f3vel, na ExpoMEC\u00c2NICA Porto 2023","og_url":"https:\/\/jornaldasoficinas.com\/pt\/anecra-promove-16o-encontro-nacional-da-reparacao-automovel\/","og_site_name":"Jornal das Oficinas","article_publisher":"https:\/\/www.facebook.com\/jornaloficinas","article_published_time":"2023-04-06T11:30:45+00:00","article_modified_time":"2023-07-19T14:40:35+00:00","og_image":[{"width":1024,"height":581,"url":"https:\/\/jornaldasoficinas.com\/pt\/wp-content\/uploads\/2023\/04\/ANECRA-promove-16o-Encontro-Nacional-da-Reparacao-Automovel.jpg","type":"image\/jpeg"}],"author":"Reda\u00e7\u00e3o JO","twitter_card":"summary_large_image","twitter_creator":"@jornaloficinas","twitter_site":"@jornaloficinas","twitter_misc":{"Escrito por":"Reda\u00e7\u00e3o JO","Tempo estimado de leitura":"3 minutos"},"schema":{"@context":"https:\/\/schema.org","@graph":[{"@type":"Article","@id":"https:\/\/jornaldasoficinas.com\/pt\/anecra-promove-16o-encontro-nacional-da-reparacao-automovel\/#article","isPartOf":{"@id":"https:\/\/jornaldasoficinas.com\/pt\/anecra-promove-16o-encontro-nacional-da-reparacao-automovel\/"},"author":{"name":"Reda\u00e7\u00e3o JO","@id":"https:\/\/jornaldasoficinas.com\/pt\/#\/schema\/person\/a38eef5de2c41d9e7c9ac10141afddf3"},"headline":"ANECRA promove 16\u00ba Encontro Nacional da Repara\u00e7\u00e3o Autom\u00f3vel","datePublished":"2023-04-06T11:30:45+00:00","dateModified":"2023-07-19T14:40:35+00:00","mainEntityOfPage":{"@id":"https:\/\/jornaldasoficinas.com\/pt\/anecra-promove-16o-encontro-nacional-da-reparacao-automovel\/"},"wordCount":514,"publisher":{"@id":"https:\/\/jornaldasoficinas.com\/pt\/#organization"},"image":{"@id":"https:\/\/jornaldasoficinas.com\/pt\/anecra-promove-16o-encontro-nacional-da-reparacao-automovel\/#primaryimage"},"thumbnailUrl":"https:\/\/jornaldasoficinas.com\/pt\/wp-content\/uploads\/2023\/04\/ANECRA-promove-16o-Encontro-Nacional-da-Reparacao-Automovel.jpg","keywords":["16\u00ba Encontro Nacional da Repara\u00e7\u00e3o Autom\u00f3vel","ANECRA","dia 15 de abril","expoMEC\u00c2NICA","Matosinhos"],"articleSection":["Empresas"],"inLanguage":"pt-PT"},{"@type":"WebPage","@id":"https:\/\/jornaldasoficinas.com\/pt\/anecra-promove-16o-encontro-nacional-da-reparacao-automovel\/","url":"https:\/\/jornaldasoficinas.com\/pt\/anecra-promove-16o-encontro-nacional-da-reparacao-automovel\/","name":"ANECRA promove 16\u00ba Encontro Nacional da Repara\u00e7\u00e3o Autom\u00f3vel - Jornal das Oficinas","isPartOf":{"@id":"https:\/\/jornaldasoficinas.com\/pt\/#website"},"primaryImageOfPage":{"@id":"https:\/\/jornaldasoficinas.com\/pt\/anecra-promove-16o-encontro-nacional-da-reparacao-automovel\/#primaryimage"},"image":{"@id":"https:\/\/jornaldasoficinas.com\/pt\/anecra-promove-16o-encontro-nacional-da-reparacao-automovel\/#primaryimage"},"thumbnailUrl":"https:\/\/jornaldasoficinas.com\/pt\/wp-content\/uploads\/2023\/04\/ANECRA-promove-16o-Encontro-Nacional-da-Reparacao-Automovel.jpg","datePublished":"2023-04-06T11:30:45+00:00","dateModified":"2023-07-19T14:40:35+00:00","description":"A ANECRA ir\u00e1 promover, s\u00e1bado, dia 15 de abril, o 16\u00ba Encontro Nacional da Repara\u00e7\u00e3o Autom\u00f3vel, na ExpoMEC\u00c2NICA Porto 2023","breadcrumb":{"@id":"https:\/\/jornaldasoficinas.com\/pt\/anecra-promove-16o-encontro-nacional-da-reparacao-automovel\/#breadcrumb"},"inLanguage":"pt-PT","potentialAction":[{"@type":"ReadAction","target":["https:\/\/jornaldasoficinas.com\/pt\/anecra-promove-16o-encontro-nacional-da-reparacao-automovel\/"]}]},{"@type":"ImageObject","inLanguage":"pt-PT","@id":"https:\/\/jornaldasoficinas.com\/pt\/anecra-promove-16o-encontro-nacional-da-reparacao-automovel\/#primaryimage","url":"https:\/\/jornaldasoficinas.com\/pt\/wp-content\/uploads\/2023\/04\/ANECRA-promove-16o-Encontro-Nacional-da-Reparacao-Automovel.jpg","contentUrl":"https:\/\/jornaldasoficinas.com\/pt\/wp-content\/uploads\/2023\/04\/ANECRA-promove-16o-Encontro-Nacional-da-Reparacao-Automovel.jpg","width":1024,"height":581,"caption":"04 - ANECRA promove 16o Encontro Nacional da Reparacao Automovel"},{"@type":"BreadcrumbList","@id":"https:\/\/jornaldasoficinas.com\/pt\/anecra-promove-16o-encontro-nacional-da-reparacao-automovel\/#breadcrumb","itemListElement":[{"@type":"ListItem","position":1,"name":"In\u00edcio","item":"https:\/\/jornaldasoficinas.com\/pt\/"},{"@type":"ListItem","position":2,"name":"ANECRA promove 16\u00ba Encontro Nacional da Repara\u00e7\u00e3o Autom\u00f3vel"}]},{"@type":"WebSite","@id":"https:\/\/jornaldasoficinas.com\/pt\/#website","url":"https:\/\/jornaldasoficinas.com\/pt\/","name":"Jornal das Oficinas","description":"Jornal independente do Aftermarket Autom\u00f3vel em Portugal","publisher":{"@id":"https:\/\/jornaldasoficinas.com\/pt\/#organization"},"potentialAction":[{"@type":"SearchAction","target":{"@type":"EntryPoint","urlTemplate":"https:\/\/jornaldasoficinas.com\/pt\/?s={search_term_string}"},"query-input":{"@type":"PropertyValueSpecification","valueRequired":true,"valueName":"search_term_string"}}],"inLanguage":"pt-PT"},{"@type":"Organization","@id":"https:\/\/jornaldasoficinas.com\/pt\/#organization","name":"Jornal das Oficinas","url":"https:\/\/jornaldasoficinas.com\/pt\/","logo":{"@type":"ImageObject","inLanguage":"pt-PT","@id":"https:\/\/jornaldasoficinas.com\/pt\/#\/schema\/logo\/image\/","url":"https:\/\/jornaldasoficinas.com\/pt\/wp-content\/uploads\/logoJO-SEO.png","contentUrl":"https:\/\/jornaldasoficinas.com\/pt\/wp-content\/uploads\/logoJO-SEO.png","width":285,"height":450,"caption":"Jornal das Oficinas"},"image":{"@id":"https:\/\/jornaldasoficinas.com\/pt\/#\/schema\/logo\/image\/"},"sameAs":["https:\/\/www.facebook.com\/jornaloficinas","https:\/\/x.com\/jornaloficinas","https:\/\/www.instagram.com\/jornal_oficinas\/","https:\/\/www.linkedin.com\/company\/jornal-das-oficinas\/","https:\/\/www.youtube.com\/channel\/UCbQZBqtcvV-oSQrr7RzINGg"]},{"@type":"Person","@id":"https:\/\/jornaldasoficinas.com\/pt\/#\/schema\/person\/a38eef5de2c41d9e7c9ac10141afddf3","name":"Reda\u00e7\u00e3o JO","image":{"@type":"ImageObject","inLanguage":"pt-PT","@id":"https:\/\/secure.gravatar.com\/avatar\/71f2fa71737ad68a84fea94bc708ddac8ea5b0c4788dc2ad202f3ccb2887742f?s=96&d=wp_user_avatar&r=g","url":"https:\/\/secure.gravatar.com\/avatar\/71f2fa71737ad68a84fea94bc708ddac8ea5b0c4788dc2ad202f3ccb2887742f?s=96&d=wp_user_avatar&r=g","contentUrl":"https:\/\/secure.gravatar.com\/avatar\/71f2fa71737ad68a84fea94bc708ddac8ea5b0c4788dc2ad202f3ccb2887742f?s=96&d=wp_user_avatar&r=g","caption":"Reda\u00e7\u00e3o JO"},"url":"https:\/\/jornaldasoficinas.com\/pt\/author\/joredacao\/"}]}},"_links":{"self":[{"href":"https:\/\/jornaldasoficinas.com\/pt\/wp-json\/wp\/v2\/posts\/64592","targetHints":{"allow":["GET"]}}],"collection":[{"href":"https:\/\/jornaldasoficinas.com\/pt\/wp-json\/wp\/v2\/posts"}],"about":[{"href":"https:\/\/jornaldasoficinas.com\/pt\/wp-json\/wp\/v2\/types\/post"}],"author":[{"embeddable":true,"href":"https:\/\/jornaldasoficinas.com\/pt\/wp-json\/wp\/v2\/users\/15"}],"replies":[{"embeddable":true,"href":"https:\/\/jornaldasoficinas.com\/pt\/wp-json\/wp\/v2\/comments?post=64592"}],"version-history":[{"count":0,"href":"https:\/\/jornaldasoficinas.com\/pt\/wp-json\/wp\/v2\/posts\/64592\/revisions"}],"wp:featuredmedia":[{"embeddable":true,"href":"https:\/\/jornaldasoficinas.com\/pt\/wp-json\/wp\/v2\/media\/64562"}],"wp:attachment":[{"href":"https:\/\/jornaldasoficinas.com\/pt\/wp-json\/wp\/v2\/media?parent=64592"}],"wp:term":[{"taxonomy":"category","embeddable":true,"href":"https:\/\/jornaldasoficinas.com\/pt\/wp-json\/wp\/v2\/categories?post=64592"},{"taxonomy":"post_tag","embeddable":true,"href":"https:\/\/jornaldasoficinas.com\/pt\/wp-json\/wp\/v2\/tags?post=64592"}],"curies":[{"name":"wp","href":"https:\/\/api.w.org\/{rel}","templated":true}]}}