{"id":64657,"date":"2023-04-09T18:00:14","date_gmt":"2023-04-09T17:00:14","guid":{"rendered":"https:\/\/jornaldasoficinas.com\/pt\/?p=64657"},"modified":"2023-07-19T15:39:59","modified_gmt":"2023-07-19T14:39:59","slug":"todos-a-expomecanica","status":"publish","type":"post","link":"https:\/\/jornaldasoficinas.com\/pt\/todos-a-expomecanica\/","title":{"rendered":"Todos \u00e0 expoMEC\u00c2NICA!"},"content":{"rendered":"<p><img loading=\"lazy\" decoding=\"async\" class=\"alignnone size-full wp-image-64659\" src=\"https:\/\/jornaldasoficinas.com\/pt\/wp-content\/uploads\/2023\/04\/expomecanica-04.jpg\" alt=\"04 - expomecanica 04\" width=\"1024\" height=\"581\" srcset=\"https:\/\/jornaldasoficinas.com\/pt\/wp-content\/uploads\/2023\/04\/expomecanica-04.jpg 1024w, https:\/\/jornaldasoficinas.com\/pt\/wp-content\/uploads\/2023\/04\/expomecanica-04-300x170.jpg 300w, https:\/\/jornaldasoficinas.com\/pt\/wp-content\/uploads\/2023\/04\/expomecanica-04-150x85.jpg 150w, https:\/\/jornaldasoficinas.com\/pt\/wp-content\/uploads\/2023\/04\/expomecanica-04-768x436.jpg 768w\" sizes=\"auto, (max-width: 1024px) 100vw, 1024px\" \/><\/p>\n<p><strong>A <a href=\"http:\/\/expomecanica.pt\/pt\/\" target=\"_blank\" rel=\"noopener\">expoMEC\u00c2NICA<\/a> tornou-se no novo destino do aftermarket e o evento onde o setor faz neg\u00f3cios. \u00c9 a mais completa montra de tecnologia e novos modelos de neg\u00f3cio para o aftermarket a n\u00edvel nacional. Durante tr\u00eas dias, os profissionais do setor v\u00e3o poder visitar cerca de 300 expositores, com muitas novidades para os setores da distribui\u00e7\u00e3o e repara\u00e7\u00e3o autom\u00f3vel.<\/strong><\/p>\n<p>A 8.\u00aa edi\u00e7\u00e3o do Sal\u00e3o de Equipamentos, Servi\u00e7os e Pe\u00e7as Auto, que ocupar\u00e1 de 14 a 16 de abril a totalidade de quatro naves do recinto de eventos da Exponor garantiu a participa\u00e7\u00e3o de 79 operadores internacionais, oriundos de 11 pa\u00edses. Dos expositores presentes, mais de 30% dizem respeito a empresas e entidades internacionais. \u201cEstamos a dar resposta a um mercado mais amplo, sobretudo o espanhol, fruto da altera\u00e7\u00e3o da periocidade da feira e da amplia\u00e7\u00e3o do espa\u00e7o para mais um pavilh\u00e3o\u201d, refere Jos\u00e9 Manuel Costa, diretor-geral da Kikai Eventos, organizador do certame. Este respons\u00e1vel est\u00e1 confiante que tem n\u00e3o s\u00f3 a edi\u00e7\u00e3o mais internacional de sempre como o momento mais representativo do vigor do p\u00f3s-venda autom\u00f3vel no nosso pa\u00eds. A feira dura tr\u00eas dias, mas, na realidade, os seus efeitos podem durar o ano todo, em muitas empresas.<\/p>\n<p>S\u00e3o muitos os agentes que t\u00eam acompanhado a expoMEC\u00c2NICA desde a 1.\u00aa edi\u00e7\u00e3o em 2014, mas a mostra, que \u00e9 agora bienal, tem conseguido renovar-se a cada etapa (a edi\u00e7\u00e3o 8 tem 15% de novos expositores). Circunst\u00e2ncia que tamb\u00e9m tem trazido novos p\u00fablicos (profissionais do setor) ao certame. A feira voltou a crescer este ano, para mais um pavilh\u00e3o (mais oito mil metros quadrados, num total de 24.000 m2). E porque, proporcionalmente, \u00e9 previs\u00edvel um elevado n\u00famero de visitantes, a KiKai Eventos abrir\u00e1 n\u00e3o s\u00f3 um segundo check-in como est\u00e1 a aconselhar a credencia\u00e7\u00e3o online pr\u00e9via. Tudo para maior conforto e uma melhor experi\u00eancia dos profissionais que visitam a exposi\u00e7\u00e3o em busca das \u00faltimas novidades.<\/p>\n<p>Para ler todo o artigo clique <a href=\"https:\/\/www.yumpu.com\/pt\/document\/read\/67756179\/jornal-das-oficinas-207\/6\" target=\"_blank\" rel=\"noopener\">aqui<\/a>.<\/p>\n<div data-mode=\"normal\" data-oembed=\"1\" data-provider=\"youtube\" id=\"arve-youtube-ctfhyiqak5s\" style=\"max-width:800px;\" class=\"arve\">\n<div class=\"arve-inner\">\n<div class=\"arve-embed arve-embed--has-aspect-ratio\">\n<div class=\"arve-ar\" style=\"padding-top:56.250000%\"><\/div>\n<p>\t\t\t<iframe allow=\"accelerometer &apos;none&apos;;autoplay &apos;none&apos;;bluetooth &apos;none&apos;;browsing-topics &apos;none&apos;;camera &apos;none&apos;;clipboard-read &apos;none&apos;;clipboard-write;display-capture &apos;none&apos;;encrypted-media &apos;none&apos;;gamepad &apos;none&apos;;geolocation &apos;none&apos;;gyroscope &apos;none&apos;;hid &apos;none&apos;;identity-credentials-get &apos;none&apos;;idle-detection &apos;none&apos;;keyboard-map &apos;none&apos;;local-fonts;magnetometer &apos;none&apos;;microphone &apos;none&apos;;midi &apos;none&apos;;otp-credentials &apos;none&apos;;payment &apos;none&apos;;picture-in-picture;publickey-credentials-create &apos;none&apos;;publickey-credentials-get &apos;none&apos;;screen-wake-lock &apos;none&apos;;serial &apos;none&apos;;summarizer &apos;none&apos;;sync-xhr;usb &apos;none&apos;;web-share;window-management &apos;none&apos;;xr-spatial-tracking &apos;none&apos;;\" allowfullscreen=\"\" class=\"arve-iframe fitvidsignore\" credentialless data-arve=\"arve-youtube-ctfhyiqak5s\" data-lenis-prevent=\"\" data-src-no-ap=\"https:\/\/www.youtube-nocookie.com\/embed\/ctFHyIqAk5s?start=209&amp;feature=oembed&amp;iv_load_policy=3&amp;modestbranding=1&amp;rel=0&amp;autohide=1&amp;playsinline=0&amp;autoplay=0\" frameborder=\"0\" height=\"450\" loading=\"lazy\" name=\"\" referrerpolicy=\"strict-origin-when-cross-origin\" sandbox=\"allow-scripts allow-same-origin allow-presentation allow-popups allow-popups-to-escape-sandbox\" scrolling=\"no\" src=\"https:\/\/www.youtube-nocookie.com\/embed\/ctFHyIqAk5s?start=209&#038;feature=oembed&#038;iv_load_policy=3&#038;modestbranding=1&#038;rel=0&#038;autohide=1&#038;playsinline=0&#038;autoplay=0\" title=\"\" width=\"800\"><\/iframe><\/p><\/div>\n<\/p><\/div>\n<p>\t<script type=\"application\/ld+json\">{\"@context\":\"http:\\\/\\\/schema.org\\\/\",\"@id\":\"https:\\\/\\\/jornaldasoficinas.com\\\/pt\\\/todos-a-expomecanica\\\/#arve-youtube-ctfhyiqak5s\",\"type\":\"VideoObject\",\"embedURL\":\"https:\\\/\\\/www.youtube-nocookie.com\\\/embed\\\/ctFHyIqAk5s?start=209&feature=oembed&iv_load_policy=3&modestbranding=1&rel=0&autohide=1&playsinline=0&autoplay=0\"}<\/script><\/p>\n<\/div>\n","protected":false},"excerpt":{"rendered":"<p>A expoMEC\u00c2NICA tornou-se no novo destino&#8230;<\/p>\n","protected":false},"author":15,"featured_media":64659,"comment_status":"closed","ping_status":"closed","sticky":false,"template":"","format":"standard","meta":{"footnotes":""},"categories":[29,4632],"tags":[4929,693,3172,78],"class_list":["post-64657","post","type-post","status-publish","format-standard","has-post-thumbnail","hentry","category-empresas","category-expomecanica","tag-300-expositores","tag-atec","tag-competicao-melhor-mecatronico","tag-expomecanica"],"yoast_head":"<!-- This site is optimized with the Yoast SEO plugin v27.5 - https:\/\/yoast.com\/product\/yoast-seo-wordpress\/ -->\n<title>Todos \u00e0 expoMEC\u00c2NICA! - Jornal das Oficinas<\/title>\n<meta name=\"description\" content=\"O expoMEC\u00c2NICA tornou-se no novo destino do aftermarket onde os profissionais do setor v\u00e3o poder visitar cerca de 300 expositores\" \/>\n<meta name=\"robots\" content=\"index, follow, max-snippet:-1, max-image-preview:large, max-video-preview:-1\" \/>\n<link rel=\"canonical\" href=\"https:\/\/jornaldasoficinas.com\/pt\/todos-a-expomecanica\/\" \/>\n<meta property=\"og:locale\" content=\"pt_PT\" \/>\n<meta property=\"og:type\" content=\"article\" \/>\n<meta property=\"og:title\" content=\"Todos \u00e0 expoMEC\u00c2NICA! - Jornal das Oficinas\" \/>\n<meta property=\"og:description\" content=\"O expoMEC\u00c2NICA tornou-se no novo destino do aftermarket onde os profissionais do setor v\u00e3o poder visitar cerca de 300 expositores\" \/>\n<meta property=\"og:url\" content=\"https:\/\/jornaldasoficinas.com\/pt\/todos-a-expomecanica\/\" \/>\n<meta property=\"og:site_name\" content=\"Jornal das Oficinas\" \/>\n<meta property=\"article:publisher\" content=\"https:\/\/www.facebook.com\/jornaloficinas\" \/>\n<meta property=\"article:published_time\" content=\"2023-04-09T17:00:14+00:00\" \/>\n<meta property=\"article:modified_time\" content=\"2023-07-19T14:39:59+00:00\" \/>\n<meta property=\"og:image\" content=\"https:\/\/jornaldasoficinas.com\/pt\/wp-content\/uploads\/2023\/04\/expomecanica-04.jpg\" \/>\n\t<meta property=\"og:image:width\" content=\"1024\" \/>\n\t<meta property=\"og:image:height\" content=\"581\" \/>\n\t<meta property=\"og:image:type\" content=\"image\/jpeg\" \/>\n<meta name=\"author\" content=\"Reda\u00e7\u00e3o JO\" \/>\n<meta name=\"twitter:card\" content=\"summary_large_image\" \/>\n<meta name=\"twitter:creator\" content=\"@jornaloficinas\" \/>\n<meta name=\"twitter:site\" content=\"@jornaloficinas\" \/>\n<meta name=\"twitter:label1\" content=\"Escrito por\" \/>\n\t<meta name=\"twitter:data1\" content=\"Reda\u00e7\u00e3o JO\" \/>\n\t<meta name=\"twitter:label2\" content=\"Tempo estimado de leitura\" \/>\n\t<meta name=\"twitter:data2\" content=\"2 minutos\" \/>\n<script type=\"application\/ld+json\" class=\"yoast-schema-graph\">{\"@context\":\"https:\\\/\\\/schema.org\",\"@graph\":[{\"@type\":\"Article\",\"@id\":\"https:\\\/\\\/jornaldasoficinas.com\\\/pt\\\/todos-a-expomecanica\\\/#article\",\"isPartOf\":{\"@id\":\"https:\\\/\\\/jornaldasoficinas.com\\\/pt\\\/todos-a-expomecanica\\\/\"},\"author\":{\"name\":\"Reda\u00e7\u00e3o JO\",\"@id\":\"https:\\\/\\\/jornaldasoficinas.com\\\/pt\\\/#\\\/schema\\\/person\\\/a38eef5de2c41d9e7c9ac10141afddf3\"},\"headline\":\"Todos \u00e0 expoMEC\u00c2NICA!\",\"datePublished\":\"2023-04-09T17:00:14+00:00\",\"dateModified\":\"2023-07-19T14:39:59+00:00\",\"mainEntityOfPage\":{\"@id\":\"https:\\\/\\\/jornaldasoficinas.com\\\/pt\\\/todos-a-expomecanica\\\/\"},\"wordCount\":361,\"publisher\":{\"@id\":\"https:\\\/\\\/jornaldasoficinas.com\\\/pt\\\/#organization\"},\"image\":{\"@id\":\"https:\\\/\\\/jornaldasoficinas.com\\\/pt\\\/todos-a-expomecanica\\\/#primaryimage\"},\"thumbnailUrl\":\"https:\\\/\\\/jornaldasoficinas.com\\\/pt\\\/wp-content\\\/uploads\\\/2023\\\/04\\\/expomecanica-04.jpg\",\"keywords\":[\"300 expositores\",\"ATEC\",\"Competi\u00e7\u00e3o Melhor Mecatr\u00f3nico\",\"expoMEC\u00c2NICA\"],\"articleSection\":[\"Empresas\",\"expoMEC\u00c2NICA\"],\"inLanguage\":\"pt-PT\"},{\"@type\":\"WebPage\",\"@id\":\"https:\\\/\\\/jornaldasoficinas.com\\\/pt\\\/todos-a-expomecanica\\\/\",\"url\":\"https:\\\/\\\/jornaldasoficinas.com\\\/pt\\\/todos-a-expomecanica\\\/\",\"name\":\"Todos \u00e0 expoMEC\u00c2NICA! - Jornal das Oficinas\",\"isPartOf\":{\"@id\":\"https:\\\/\\\/jornaldasoficinas.com\\\/pt\\\/#website\"},\"primaryImageOfPage\":{\"@id\":\"https:\\\/\\\/jornaldasoficinas.com\\\/pt\\\/todos-a-expomecanica\\\/#primaryimage\"},\"image\":{\"@id\":\"https:\\\/\\\/jornaldasoficinas.com\\\/pt\\\/todos-a-expomecanica\\\/#primaryimage\"},\"thumbnailUrl\":\"https:\\\/\\\/jornaldasoficinas.com\\\/pt\\\/wp-content\\\/uploads\\\/2023\\\/04\\\/expomecanica-04.jpg\",\"datePublished\":\"2023-04-09T17:00:14+00:00\",\"dateModified\":\"2023-07-19T14:39:59+00:00\",\"description\":\"O expoMEC\u00c2NICA tornou-se no novo destino do aftermarket onde os profissionais do setor v\u00e3o poder visitar cerca de 300 expositores\",\"breadcrumb\":{\"@id\":\"https:\\\/\\\/jornaldasoficinas.com\\\/pt\\\/todos-a-expomecanica\\\/#breadcrumb\"},\"inLanguage\":\"pt-PT\",\"potentialAction\":[{\"@type\":\"ReadAction\",\"target\":[\"https:\\\/\\\/jornaldasoficinas.com\\\/pt\\\/todos-a-expomecanica\\\/\"]}]},{\"@type\":\"ImageObject\",\"inLanguage\":\"pt-PT\",\"@id\":\"https:\\\/\\\/jornaldasoficinas.com\\\/pt\\\/todos-a-expomecanica\\\/#primaryimage\",\"url\":\"https:\\\/\\\/jornaldasoficinas.com\\\/pt\\\/wp-content\\\/uploads\\\/2023\\\/04\\\/expomecanica-04.jpg\",\"contentUrl\":\"https:\\\/\\\/jornaldasoficinas.com\\\/pt\\\/wp-content\\\/uploads\\\/2023\\\/04\\\/expomecanica-04.jpg\",\"width\":1024,\"height\":581,\"caption\":\"04 - expomecanica 04\"},{\"@type\":\"BreadcrumbList\",\"@id\":\"https:\\\/\\\/jornaldasoficinas.com\\\/pt\\\/todos-a-expomecanica\\\/#breadcrumb\",\"itemListElement\":[{\"@type\":\"ListItem\",\"position\":1,\"name\":\"In\u00edcio\",\"item\":\"https:\\\/\\\/jornaldasoficinas.com\\\/pt\\\/\"},{\"@type\":\"ListItem\",\"position\":2,\"name\":\"Todos \u00e0 expoMEC\u00c2NICA!\"}]},{\"@type\":\"WebSite\",\"@id\":\"https:\\\/\\\/jornaldasoficinas.com\\\/pt\\\/#website\",\"url\":\"https:\\\/\\\/jornaldasoficinas.com\\\/pt\\\/\",\"name\":\"Jornal das Oficinas\",\"description\":\"Jornal independente do Aftermarket Autom\u00f3vel em Portugal\",\"publisher\":{\"@id\":\"https:\\\/\\\/jornaldasoficinas.com\\\/pt\\\/#organization\"},\"potentialAction\":[{\"@type\":\"SearchAction\",\"target\":{\"@type\":\"EntryPoint\",\"urlTemplate\":\"https:\\\/\\\/jornaldasoficinas.com\\\/pt\\\/?s={search_term_string}\"},\"query-input\":{\"@type\":\"PropertyValueSpecification\",\"valueRequired\":true,\"valueName\":\"search_term_string\"}}],\"inLanguage\":\"pt-PT\"},{\"@type\":\"Organization\",\"@id\":\"https:\\\/\\\/jornaldasoficinas.com\\\/pt\\\/#organization\",\"name\":\"Jornal das Oficinas\",\"url\":\"https:\\\/\\\/jornaldasoficinas.com\\\/pt\\\/\",\"logo\":{\"@type\":\"ImageObject\",\"inLanguage\":\"pt-PT\",\"@id\":\"https:\\\/\\\/jornaldasoficinas.com\\\/pt\\\/#\\\/schema\\\/logo\\\/image\\\/\",\"url\":\"https:\\\/\\\/jornaldasoficinas.com\\\/pt\\\/wp-content\\\/uploads\\\/logoJO-SEO.png\",\"contentUrl\":\"https:\\\/\\\/jornaldasoficinas.com\\\/pt\\\/wp-content\\\/uploads\\\/logoJO-SEO.png\",\"width\":285,\"height\":450,\"caption\":\"Jornal das Oficinas\"},\"image\":{\"@id\":\"https:\\\/\\\/jornaldasoficinas.com\\\/pt\\\/#\\\/schema\\\/logo\\\/image\\\/\"},\"sameAs\":[\"https:\\\/\\\/www.facebook.com\\\/jornaloficinas\",\"https:\\\/\\\/x.com\\\/jornaloficinas\",\"https:\\\/\\\/www.instagram.com\\\/jornal_oficinas\\\/\",\"https:\\\/\\\/www.linkedin.com\\\/company\\\/jornal-das-oficinas\\\/\",\"https:\\\/\\\/www.youtube.com\\\/channel\\\/UCbQZBqtcvV-oSQrr7RzINGg\"]},{\"@type\":\"Person\",\"@id\":\"https:\\\/\\\/jornaldasoficinas.com\\\/pt\\\/#\\\/schema\\\/person\\\/a38eef5de2c41d9e7c9ac10141afddf3\",\"name\":\"Reda\u00e7\u00e3o JO\",\"image\":{\"@type\":\"ImageObject\",\"inLanguage\":\"pt-PT\",\"@id\":\"https:\\\/\\\/secure.gravatar.com\\\/avatar\\\/71f2fa71737ad68a84fea94bc708ddac8ea5b0c4788dc2ad202f3ccb2887742f?s=96&d=wp_user_avatar&r=g\",\"url\":\"https:\\\/\\\/secure.gravatar.com\\\/avatar\\\/71f2fa71737ad68a84fea94bc708ddac8ea5b0c4788dc2ad202f3ccb2887742f?s=96&d=wp_user_avatar&r=g\",\"contentUrl\":\"https:\\\/\\\/secure.gravatar.com\\\/avatar\\\/71f2fa71737ad68a84fea94bc708ddac8ea5b0c4788dc2ad202f3ccb2887742f?s=96&d=wp_user_avatar&r=g\",\"caption\":\"Reda\u00e7\u00e3o JO\"},\"url\":\"https:\\\/\\\/jornaldasoficinas.com\\\/pt\\\/author\\\/joredacao\\\/\"}]}<\/script>\n<!-- \/ Yoast SEO plugin. -->","yoast_head_json":{"title":"Todos \u00e0 expoMEC\u00c2NICA! - Jornal das Oficinas","description":"O expoMEC\u00c2NICA tornou-se no novo destino do aftermarket onde os profissionais do setor v\u00e3o poder visitar cerca de 300 expositores","robots":{"index":"index","follow":"follow","max-snippet":"max-snippet:-1","max-image-preview":"max-image-preview:large","max-video-preview":"max-video-preview:-1"},"canonical":"https:\/\/jornaldasoficinas.com\/pt\/todos-a-expomecanica\/","og_locale":"pt_PT","og_type":"article","og_title":"Todos \u00e0 expoMEC\u00c2NICA! - Jornal das Oficinas","og_description":"O expoMEC\u00c2NICA tornou-se no novo destino do aftermarket onde os profissionais do setor v\u00e3o poder visitar cerca de 300 expositores","og_url":"https:\/\/jornaldasoficinas.com\/pt\/todos-a-expomecanica\/","og_site_name":"Jornal das Oficinas","article_publisher":"https:\/\/www.facebook.com\/jornaloficinas","article_published_time":"2023-04-09T17:00:14+00:00","article_modified_time":"2023-07-19T14:39:59+00:00","og_image":[{"width":1024,"height":581,"url":"https:\/\/jornaldasoficinas.com\/pt\/wp-content\/uploads\/2023\/04\/expomecanica-04.jpg","type":"image\/jpeg"}],"author":"Reda\u00e7\u00e3o JO","twitter_card":"summary_large_image","twitter_creator":"@jornaloficinas","twitter_site":"@jornaloficinas","twitter_misc":{"Escrito por":"Reda\u00e7\u00e3o JO","Tempo estimado de leitura":"2 minutos"},"schema":{"@context":"https:\/\/schema.org","@graph":[{"@type":"Article","@id":"https:\/\/jornaldasoficinas.com\/pt\/todos-a-expomecanica\/#article","isPartOf":{"@id":"https:\/\/jornaldasoficinas.com\/pt\/todos-a-expomecanica\/"},"author":{"name":"Reda\u00e7\u00e3o JO","@id":"https:\/\/jornaldasoficinas.com\/pt\/#\/schema\/person\/a38eef5de2c41d9e7c9ac10141afddf3"},"headline":"Todos \u00e0 expoMEC\u00c2NICA!","datePublished":"2023-04-09T17:00:14+00:00","dateModified":"2023-07-19T14:39:59+00:00","mainEntityOfPage":{"@id":"https:\/\/jornaldasoficinas.com\/pt\/todos-a-expomecanica\/"},"wordCount":361,"publisher":{"@id":"https:\/\/jornaldasoficinas.com\/pt\/#organization"},"image":{"@id":"https:\/\/jornaldasoficinas.com\/pt\/todos-a-expomecanica\/#primaryimage"},"thumbnailUrl":"https:\/\/jornaldasoficinas.com\/pt\/wp-content\/uploads\/2023\/04\/expomecanica-04.jpg","keywords":["300 expositores","ATEC","Competi\u00e7\u00e3o Melhor Mecatr\u00f3nico","expoMEC\u00c2NICA"],"articleSection":["Empresas","expoMEC\u00c2NICA"],"inLanguage":"pt-PT"},{"@type":"WebPage","@id":"https:\/\/jornaldasoficinas.com\/pt\/todos-a-expomecanica\/","url":"https:\/\/jornaldasoficinas.com\/pt\/todos-a-expomecanica\/","name":"Todos \u00e0 expoMEC\u00c2NICA! - Jornal das Oficinas","isPartOf":{"@id":"https:\/\/jornaldasoficinas.com\/pt\/#website"},"primaryImageOfPage":{"@id":"https:\/\/jornaldasoficinas.com\/pt\/todos-a-expomecanica\/#primaryimage"},"image":{"@id":"https:\/\/jornaldasoficinas.com\/pt\/todos-a-expomecanica\/#primaryimage"},"thumbnailUrl":"https:\/\/jornaldasoficinas.com\/pt\/wp-content\/uploads\/2023\/04\/expomecanica-04.jpg","datePublished":"2023-04-09T17:00:14+00:00","dateModified":"2023-07-19T14:39:59+00:00","description":"O expoMEC\u00c2NICA tornou-se no novo destino do aftermarket onde os profissionais do setor v\u00e3o poder visitar cerca de 300 expositores","breadcrumb":{"@id":"https:\/\/jornaldasoficinas.com\/pt\/todos-a-expomecanica\/#breadcrumb"},"inLanguage":"pt-PT","potentialAction":[{"@type":"ReadAction","target":["https:\/\/jornaldasoficinas.com\/pt\/todos-a-expomecanica\/"]}]},{"@type":"ImageObject","inLanguage":"pt-PT","@id":"https:\/\/jornaldasoficinas.com\/pt\/todos-a-expomecanica\/#primaryimage","url":"https:\/\/jornaldasoficinas.com\/pt\/wp-content\/uploads\/2023\/04\/expomecanica-04.jpg","contentUrl":"https:\/\/jornaldasoficinas.com\/pt\/wp-content\/uploads\/2023\/04\/expomecanica-04.jpg","width":1024,"height":581,"caption":"04 - expomecanica 04"},{"@type":"BreadcrumbList","@id":"https:\/\/jornaldasoficinas.com\/pt\/todos-a-expomecanica\/#breadcrumb","itemListElement":[{"@type":"ListItem","position":1,"name":"In\u00edcio","item":"https:\/\/jornaldasoficinas.com\/pt\/"},{"@type":"ListItem","position":2,"name":"Todos \u00e0 expoMEC\u00c2NICA!"}]},{"@type":"WebSite","@id":"https:\/\/jornaldasoficinas.com\/pt\/#website","url":"https:\/\/jornaldasoficinas.com\/pt\/","name":"Jornal das Oficinas","description":"Jornal independente do Aftermarket Autom\u00f3vel em Portugal","publisher":{"@id":"https:\/\/jornaldasoficinas.com\/pt\/#organization"},"potentialAction":[{"@type":"SearchAction","target":{"@type":"EntryPoint","urlTemplate":"https:\/\/jornaldasoficinas.com\/pt\/?s={search_term_string}"},"query-input":{"@type":"PropertyValueSpecification","valueRequired":true,"valueName":"search_term_string"}}],"inLanguage":"pt-PT"},{"@type":"Organization","@id":"https:\/\/jornaldasoficinas.com\/pt\/#organization","name":"Jornal das Oficinas","url":"https:\/\/jornaldasoficinas.com\/pt\/","logo":{"@type":"ImageObject","inLanguage":"pt-PT","@id":"https:\/\/jornaldasoficinas.com\/pt\/#\/schema\/logo\/image\/","url":"https:\/\/jornaldasoficinas.com\/pt\/wp-content\/uploads\/logoJO-SEO.png","contentUrl":"https:\/\/jornaldasoficinas.com\/pt\/wp-content\/uploads\/logoJO-SEO.png","width":285,"height":450,"caption":"Jornal das Oficinas"},"image":{"@id":"https:\/\/jornaldasoficinas.com\/pt\/#\/schema\/logo\/image\/"},"sameAs":["https:\/\/www.facebook.com\/jornaloficinas","https:\/\/x.com\/jornaloficinas","https:\/\/www.instagram.com\/jornal_oficinas\/","https:\/\/www.linkedin.com\/company\/jornal-das-oficinas\/","https:\/\/www.youtube.com\/channel\/UCbQZBqtcvV-oSQrr7RzINGg"]},{"@type":"Person","@id":"https:\/\/jornaldasoficinas.com\/pt\/#\/schema\/person\/a38eef5de2c41d9e7c9ac10141afddf3","name":"Reda\u00e7\u00e3o JO","image":{"@type":"ImageObject","inLanguage":"pt-PT","@id":"https:\/\/secure.gravatar.com\/avatar\/71f2fa71737ad68a84fea94bc708ddac8ea5b0c4788dc2ad202f3ccb2887742f?s=96&d=wp_user_avatar&r=g","url":"https:\/\/secure.gravatar.com\/avatar\/71f2fa71737ad68a84fea94bc708ddac8ea5b0c4788dc2ad202f3ccb2887742f?s=96&d=wp_user_avatar&r=g","contentUrl":"https:\/\/secure.gravatar.com\/avatar\/71f2fa71737ad68a84fea94bc708ddac8ea5b0c4788dc2ad202f3ccb2887742f?s=96&d=wp_user_avatar&r=g","caption":"Reda\u00e7\u00e3o JO"},"url":"https:\/\/jornaldasoficinas.com\/pt\/author\/joredacao\/"}]}},"_links":{"self":[{"href":"https:\/\/jornaldasoficinas.com\/pt\/wp-json\/wp\/v2\/posts\/64657","targetHints":{"allow":["GET"]}}],"collection":[{"href":"https:\/\/jornaldasoficinas.com\/pt\/wp-json\/wp\/v2\/posts"}],"about":[{"href":"https:\/\/jornaldasoficinas.com\/pt\/wp-json\/wp\/v2\/types\/post"}],"author":[{"embeddable":true,"href":"https:\/\/jornaldasoficinas.com\/pt\/wp-json\/wp\/v2\/users\/15"}],"replies":[{"embeddable":true,"href":"https:\/\/jornaldasoficinas.com\/pt\/wp-json\/wp\/v2\/comments?post=64657"}],"version-history":[{"count":0,"href":"https:\/\/jornaldasoficinas.com\/pt\/wp-json\/wp\/v2\/posts\/64657\/revisions"}],"wp:featuredmedia":[{"embeddable":true,"href":"https:\/\/jornaldasoficinas.com\/pt\/wp-json\/wp\/v2\/media\/64659"}],"wp:attachment":[{"href":"https:\/\/jornaldasoficinas.com\/pt\/wp-json\/wp\/v2\/media?parent=64657"}],"wp:term":[{"taxonomy":"category","embeddable":true,"href":"https:\/\/jornaldasoficinas.com\/pt\/wp-json\/wp\/v2\/categories?post=64657"},{"taxonomy":"post_tag","embeddable":true,"href":"https:\/\/jornaldasoficinas.com\/pt\/wp-json\/wp\/v2\/tags?post=64657"}],"curies":[{"name":"wp","href":"https:\/\/api.w.org\/{rel}","templated":true}]}}