{"id":64795,"date":"2023-04-11T10:00:51","date_gmt":"2023-04-11T09:00:51","guid":{"rendered":"https:\/\/jornaldasoficinas.com\/pt\/?p=64795"},"modified":"2023-04-11T10:19:07","modified_gmt":"2023-04-11T09:19:07","slug":"cts-adquire-60-autocarros-eletricos-a-hidrogenio-caetanobus","status":"publish","type":"post","link":"https:\/\/jornaldasoficinas.com\/pt\/cts-adquire-60-autocarros-eletricos-a-hidrogenio-caetanobus\/","title":{"rendered":"CTS adquire 60 autocarros el\u00e9tricos a hidrog\u00e9nio CaetanoBus"},"content":{"rendered":"<p><strong><img loading=\"lazy\" decoding=\"async\" class=\"alignnone size-full wp-image-64756\" src=\"https:\/\/jornaldasoficinas.com\/pt\/wp-content\/uploads\/2023\/04\/CTS-adquire-60-autocarros-eletricos-a-hidrogenio-CaetanoBus-2.jpg\" alt=\"04 - CTS adquire 60 autocarros eletricos a hidrogenio CaetanoBus 2\" width=\"1024\" height=\"581\" srcset=\"https:\/\/jornaldasoficinas.com\/pt\/wp-content\/uploads\/2023\/04\/CTS-adquire-60-autocarros-eletricos-a-hidrogenio-CaetanoBus-2.jpg 1024w, https:\/\/jornaldasoficinas.com\/pt\/wp-content\/uploads\/2023\/04\/CTS-adquire-60-autocarros-eletricos-a-hidrogenio-CaetanoBus-2-300x170.jpg 300w, https:\/\/jornaldasoficinas.com\/pt\/wp-content\/uploads\/2023\/04\/CTS-adquire-60-autocarros-eletricos-a-hidrogenio-CaetanoBus-2-150x85.jpg 150w, https:\/\/jornaldasoficinas.com\/pt\/wp-content\/uploads\/2023\/04\/CTS-adquire-60-autocarros-eletricos-a-hidrogenio-CaetanoBus-2-768x436.jpg 768w\" sizes=\"auto, (max-width: 1024px) 100vw, 1024px\" \/><\/strong><\/p>\n<p><strong>Na sequ\u00eancia de um exigente concurso internacional, o operador franc\u00eas de transportes p\u00fablicos, <a href=\"https:\/\/www.cts-strasbourg.eu\/fr\" target=\"_blank\" rel=\"noopener\">CTS<\/a> \u2013 Compagnie des Transports Strasbourgeois, elegeu a CaetanoBus para o fornecimento de at\u00e9 60 autocarros el\u00e9tricos a hidrog\u00e9nio, nos pr\u00f3ximos 5 anos<\/strong><\/p>\n<p><strong>\u00a0<\/strong>A cidade de Estrasburgo, sede do Parlamento Europeu, pretende investir na mobilidade a hidrog\u00e9nio nos pr\u00f3ximos anos, sendo que a CaetanoBus foi o primeiro fabricante a ser selecionado para fornecer autocarros el\u00e9tricos movidos a hidrog\u00e9nio. Este \u00e9 um marco importante para a CaetanoBus, uma vez que \u00e9 o maior acordo-quadro de sempre em Fran\u00e7a para autocarros el\u00e9tricos movidos a hidrog\u00e9nio.<\/p>\n<p>O H2.City Gold, co-branded entre a CaetanoBus e a Toyota, \u00e9 um autocarro standard de piso baixo, com carro\u00e7aria de alum\u00ednio e que a partir de 2024 ser\u00e1 equipado com a nova gera\u00e7\u00e3o da pilha de combust\u00edvel da Toyota com uma pot\u00eancia nominal de 70 kW. Estes autocarros ser\u00e3o tamb\u00e9m equipados com um conjunto de baterias de tecnologia LTO, com capacidade de 44 kWh e um motor el\u00e9trico com uma pot\u00eancia de pico de 180 kW. Esta \u00e9 a combina\u00e7\u00e3o perfeita para assegurar a maior efici\u00eancia do mercado. O H2.City Gold oferecer\u00e1 uma autonomia de mais de 500 km, sendo capaz de igualar a autonomia dos autocarros convencionais a diesel num \u00fanico abastecimento.<\/p>\n<p>O mercado franc\u00eas de autocarros a hidrog\u00e9nio est\u00e1 a ter um grande desenvolvimento nestes \u00faltimos tempos e est\u00e1 a tornar-se num dos mais relevantes da Europa. O H2.City Gold esta, atualmente, a ter sucesso em Fran\u00e7a, sendo que as suas primeiras unidades nesse pa\u00eds est\u00e3o em opera\u00e7\u00e3o em La Roche-Sur desde 2022 e a cidade de Les Sables d&#8217;Olonne vai receber as suas primeiras unidades ainda este ano. No final de 2022 o modelo foi tamb\u00e9m selecionado para fazer parte do cat\u00e1logo da CATP &#8211; Centrale d&#8217;Achat du Transport Public, igualmente um marco muito importante e de relev\u00e2ncia estrat\u00e9gica para a CaetanoBus. Al\u00e9m disso, um demonstrador deste modelo tem realizado v\u00e1rias a\u00e7\u00f5es de marketing e testes em condi\u00e7\u00f5es reais de opera\u00e7\u00e3o em mais de duas dezenas de cidades francesas e o feedback dos operadores, motoristas e passageiros tem sido extremamente positivo.<\/p>\n<p>O ano de 2023 est\u00e1 a ser muito positivo para a CaetanoBus, tendo assinado no m\u00eas passado o maior acordo-quadro de sempre na Europa para autocarros el\u00e9tricos movidos a hidrog\u00e9nio com o operador alem\u00e3o Deutsche Bahn. Al\u00e9m disso e mais recentemente, a EMT Madrid adjudicou \u00e0 CaetanoBus o contrato de fornecimento dos seus primeiros 10 autocarros el\u00e9tricos movidos a hidrog\u00e9nio, no \u00e2mbito do primeiro grande concurso de autocarros a hidrog\u00e9nio em Madrid.<\/p>\n<p>Atualmente, e tendo em considera\u00e7\u00e3o este contrato de Strasbourg a CaetanoBus tornou-se o fabricante de autocarros europeu com mais encomendas em carteira no segmento a hidrog\u00e9nio.<\/p>\n<p>&#8220;Estamos muito entusiasmados pelo reconhecimento internacional da CaetanoBus e orgulhosos do nosso papel no processo de transi\u00e7\u00e3o das frotas de autocarros para a tecnologia a hidrog\u00e9nio na Europa, essencial para atingir as metas da descarboniza\u00e7\u00e3o, important\u00edssimo para melhorar a qualidade de vida das gera\u00e7\u00f5es futuras. A mobilidade a hidrog\u00e9nio \u00e9 crucial para a descarboniza\u00e7\u00e3o dos transportes p\u00fablicos e estamos muito empenhados em fornecer esta tecnologia agora para a cidade de Strasbourg e no futuro para mais cidades francesas&#8221; destacou Nuno Lago de Carvalho, Chief Commercial Officer da CaetanoBus.<\/p>\n","protected":false},"excerpt":{"rendered":"<p>Na sequ\u00eancia de um exigente concurso&#8230;<\/p>\n","protected":false},"author":15,"featured_media":64756,"comment_status":"closed","ping_status":"closed","sticky":false,"template":"","format":"standard","meta":{"footnotes":""},"categories":[29],"tags":[679,4491,4949,4490,3070],"class_list":["post-64795","post","type-post","status-publish","format-standard","has-post-thumbnail","hentry","category-empresas","tag-autocarros-eletricos","tag-caetanobus","tag-cts","tag-deutsche-bahn","tag-h2-city-gold"],"yoast_head":"<!-- This site is optimized with the Yoast SEO plugin v27.4 - https:\/\/yoast.com\/product\/yoast-seo-wordpress\/ -->\n<title>CTS adquire 60 autocarros el\u00e9tricos a hidrog\u00e9nio CaetanoBus - Jornal das Oficinas<\/title>\n<meta name=\"description\" content=\"O operador franc\u00eas de transportes p\u00fablicos, CTS elegeu a CaetanoBus para o fornecimento de at\u00e9 60 autocarros el\u00e9tricos a hidrog\u00e9nio\" \/>\n<meta name=\"robots\" content=\"index, follow, max-snippet:-1, max-image-preview:large, max-video-preview:-1\" \/>\n<link rel=\"canonical\" href=\"https:\/\/jornaldasoficinas.com\/pt\/cts-adquire-60-autocarros-eletricos-a-hidrogenio-caetanobus\/\" \/>\n<meta property=\"og:locale\" content=\"pt_PT\" \/>\n<meta property=\"og:type\" content=\"article\" \/>\n<meta property=\"og:title\" content=\"CTS adquire 60 autocarros el\u00e9tricos a hidrog\u00e9nio CaetanoBus - Jornal das Oficinas\" \/>\n<meta property=\"og:description\" content=\"O operador franc\u00eas de transportes p\u00fablicos, CTS elegeu a CaetanoBus para o fornecimento de at\u00e9 60 autocarros el\u00e9tricos a hidrog\u00e9nio\" \/>\n<meta property=\"og:url\" content=\"https:\/\/jornaldasoficinas.com\/pt\/cts-adquire-60-autocarros-eletricos-a-hidrogenio-caetanobus\/\" \/>\n<meta property=\"og:site_name\" content=\"Jornal das Oficinas\" \/>\n<meta property=\"article:publisher\" content=\"https:\/\/www.facebook.com\/jornaloficinas\" \/>\n<meta property=\"article:published_time\" content=\"2023-04-11T09:00:51+00:00\" \/>\n<meta property=\"article:modified_time\" content=\"2023-04-11T09:19:07+00:00\" \/>\n<meta property=\"og:image\" content=\"https:\/\/jornaldasoficinas.com\/pt\/wp-content\/uploads\/2023\/04\/CTS-adquire-60-autocarros-eletricos-a-hidrogenio-CaetanoBus-2.jpg\" \/>\n\t<meta property=\"og:image:width\" content=\"1024\" \/>\n\t<meta property=\"og:image:height\" content=\"581\" \/>\n\t<meta property=\"og:image:type\" content=\"image\/jpeg\" \/>\n<meta name=\"author\" content=\"Reda\u00e7\u00e3o JO\" \/>\n<meta name=\"twitter:card\" content=\"summary_large_image\" \/>\n<meta name=\"twitter:creator\" content=\"@jornaloficinas\" \/>\n<meta name=\"twitter:site\" content=\"@jornaloficinas\" \/>\n<meta name=\"twitter:label1\" content=\"Escrito por\" \/>\n\t<meta name=\"twitter:data1\" content=\"Reda\u00e7\u00e3o JO\" \/>\n\t<meta name=\"twitter:label2\" content=\"Tempo estimado de leitura\" \/>\n\t<meta name=\"twitter:data2\" content=\"3 minutos\" \/>\n<script type=\"application\/ld+json\" class=\"yoast-schema-graph\">{\"@context\":\"https:\\\/\\\/schema.org\",\"@graph\":[{\"@type\":\"Article\",\"@id\":\"https:\\\/\\\/jornaldasoficinas.com\\\/pt\\\/cts-adquire-60-autocarros-eletricos-a-hidrogenio-caetanobus\\\/#article\",\"isPartOf\":{\"@id\":\"https:\\\/\\\/jornaldasoficinas.com\\\/pt\\\/cts-adquire-60-autocarros-eletricos-a-hidrogenio-caetanobus\\\/\"},\"author\":{\"name\":\"Reda\u00e7\u00e3o JO\",\"@id\":\"https:\\\/\\\/jornaldasoficinas.com\\\/pt\\\/#\\\/schema\\\/person\\\/a38eef5de2c41d9e7c9ac10141afddf3\"},\"headline\":\"CTS adquire 60 autocarros el\u00e9tricos a hidrog\u00e9nio CaetanoBus\",\"datePublished\":\"2023-04-11T09:00:51+00:00\",\"dateModified\":\"2023-04-11T09:19:07+00:00\",\"mainEntityOfPage\":{\"@id\":\"https:\\\/\\\/jornaldasoficinas.com\\\/pt\\\/cts-adquire-60-autocarros-eletricos-a-hidrogenio-caetanobus\\\/\"},\"wordCount\":589,\"publisher\":{\"@id\":\"https:\\\/\\\/jornaldasoficinas.com\\\/pt\\\/#organization\"},\"image\":{\"@id\":\"https:\\\/\\\/jornaldasoficinas.com\\\/pt\\\/cts-adquire-60-autocarros-eletricos-a-hidrogenio-caetanobus\\\/#primaryimage\"},\"thumbnailUrl\":\"https:\\\/\\\/jornaldasoficinas.com\\\/pt\\\/wp-content\\\/uploads\\\/2023\\\/04\\\/CTS-adquire-60-autocarros-eletricos-a-hidrogenio-CaetanoBus-2.jpg\",\"keywords\":[\"autocarros el\u00e9tricos\",\"CaetanoBus\",\"CTS\",\"Deutsche Bahn\",\"H2.city Gold\"],\"articleSection\":[\"Empresas\"],\"inLanguage\":\"pt-PT\"},{\"@type\":\"WebPage\",\"@id\":\"https:\\\/\\\/jornaldasoficinas.com\\\/pt\\\/cts-adquire-60-autocarros-eletricos-a-hidrogenio-caetanobus\\\/\",\"url\":\"https:\\\/\\\/jornaldasoficinas.com\\\/pt\\\/cts-adquire-60-autocarros-eletricos-a-hidrogenio-caetanobus\\\/\",\"name\":\"CTS adquire 60 autocarros el\u00e9tricos a hidrog\u00e9nio CaetanoBus - Jornal das Oficinas\",\"isPartOf\":{\"@id\":\"https:\\\/\\\/jornaldasoficinas.com\\\/pt\\\/#website\"},\"primaryImageOfPage\":{\"@id\":\"https:\\\/\\\/jornaldasoficinas.com\\\/pt\\\/cts-adquire-60-autocarros-eletricos-a-hidrogenio-caetanobus\\\/#primaryimage\"},\"image\":{\"@id\":\"https:\\\/\\\/jornaldasoficinas.com\\\/pt\\\/cts-adquire-60-autocarros-eletricos-a-hidrogenio-caetanobus\\\/#primaryimage\"},\"thumbnailUrl\":\"https:\\\/\\\/jornaldasoficinas.com\\\/pt\\\/wp-content\\\/uploads\\\/2023\\\/04\\\/CTS-adquire-60-autocarros-eletricos-a-hidrogenio-CaetanoBus-2.jpg\",\"datePublished\":\"2023-04-11T09:00:51+00:00\",\"dateModified\":\"2023-04-11T09:19:07+00:00\",\"description\":\"O operador franc\u00eas de transportes p\u00fablicos, CTS elegeu a CaetanoBus para o fornecimento de at\u00e9 60 autocarros el\u00e9tricos a hidrog\u00e9nio\",\"breadcrumb\":{\"@id\":\"https:\\\/\\\/jornaldasoficinas.com\\\/pt\\\/cts-adquire-60-autocarros-eletricos-a-hidrogenio-caetanobus\\\/#breadcrumb\"},\"inLanguage\":\"pt-PT\",\"potentialAction\":[{\"@type\":\"ReadAction\",\"target\":[\"https:\\\/\\\/jornaldasoficinas.com\\\/pt\\\/cts-adquire-60-autocarros-eletricos-a-hidrogenio-caetanobus\\\/\"]}]},{\"@type\":\"ImageObject\",\"inLanguage\":\"pt-PT\",\"@id\":\"https:\\\/\\\/jornaldasoficinas.com\\\/pt\\\/cts-adquire-60-autocarros-eletricos-a-hidrogenio-caetanobus\\\/#primaryimage\",\"url\":\"https:\\\/\\\/jornaldasoficinas.com\\\/pt\\\/wp-content\\\/uploads\\\/2023\\\/04\\\/CTS-adquire-60-autocarros-eletricos-a-hidrogenio-CaetanoBus-2.jpg\",\"contentUrl\":\"https:\\\/\\\/jornaldasoficinas.com\\\/pt\\\/wp-content\\\/uploads\\\/2023\\\/04\\\/CTS-adquire-60-autocarros-eletricos-a-hidrogenio-CaetanoBus-2.jpg\",\"width\":1024,\"height\":581,\"caption\":\"04 - CTS adquire 60 autocarros eletricos a hidrogenio CaetanoBus 2\"},{\"@type\":\"BreadcrumbList\",\"@id\":\"https:\\\/\\\/jornaldasoficinas.com\\\/pt\\\/cts-adquire-60-autocarros-eletricos-a-hidrogenio-caetanobus\\\/#breadcrumb\",\"itemListElement\":[{\"@type\":\"ListItem\",\"position\":1,\"name\":\"In\u00edcio\",\"item\":\"https:\\\/\\\/jornaldasoficinas.com\\\/pt\\\/\"},{\"@type\":\"ListItem\",\"position\":2,\"name\":\"CTS adquire 60 autocarros el\u00e9tricos a hidrog\u00e9nio CaetanoBus\"}]},{\"@type\":\"WebSite\",\"@id\":\"https:\\\/\\\/jornaldasoficinas.com\\\/pt\\\/#website\",\"url\":\"https:\\\/\\\/jornaldasoficinas.com\\\/pt\\\/\",\"name\":\"Jornal das Oficinas\",\"description\":\"Jornal independente do Aftermarket Autom\u00f3vel em Portugal\",\"publisher\":{\"@id\":\"https:\\\/\\\/jornaldasoficinas.com\\\/pt\\\/#organization\"},\"potentialAction\":[{\"@type\":\"SearchAction\",\"target\":{\"@type\":\"EntryPoint\",\"urlTemplate\":\"https:\\\/\\\/jornaldasoficinas.com\\\/pt\\\/?s={search_term_string}\"},\"query-input\":{\"@type\":\"PropertyValueSpecification\",\"valueRequired\":true,\"valueName\":\"search_term_string\"}}],\"inLanguage\":\"pt-PT\"},{\"@type\":\"Organization\",\"@id\":\"https:\\\/\\\/jornaldasoficinas.com\\\/pt\\\/#organization\",\"name\":\"Jornal das Oficinas\",\"url\":\"https:\\\/\\\/jornaldasoficinas.com\\\/pt\\\/\",\"logo\":{\"@type\":\"ImageObject\",\"inLanguage\":\"pt-PT\",\"@id\":\"https:\\\/\\\/jornaldasoficinas.com\\\/pt\\\/#\\\/schema\\\/logo\\\/image\\\/\",\"url\":\"https:\\\/\\\/jornaldasoficinas.com\\\/pt\\\/wp-content\\\/uploads\\\/logoJO-SEO.png\",\"contentUrl\":\"https:\\\/\\\/jornaldasoficinas.com\\\/pt\\\/wp-content\\\/uploads\\\/logoJO-SEO.png\",\"width\":285,\"height\":450,\"caption\":\"Jornal das Oficinas\"},\"image\":{\"@id\":\"https:\\\/\\\/jornaldasoficinas.com\\\/pt\\\/#\\\/schema\\\/logo\\\/image\\\/\"},\"sameAs\":[\"https:\\\/\\\/www.facebook.com\\\/jornaloficinas\",\"https:\\\/\\\/x.com\\\/jornaloficinas\",\"https:\\\/\\\/www.instagram.com\\\/jornal_oficinas\\\/\",\"https:\\\/\\\/www.linkedin.com\\\/company\\\/jornal-das-oficinas\\\/\",\"https:\\\/\\\/www.youtube.com\\\/channel\\\/UCbQZBqtcvV-oSQrr7RzINGg\"]},{\"@type\":\"Person\",\"@id\":\"https:\\\/\\\/jornaldasoficinas.com\\\/pt\\\/#\\\/schema\\\/person\\\/a38eef5de2c41d9e7c9ac10141afddf3\",\"name\":\"Reda\u00e7\u00e3o JO\",\"image\":{\"@type\":\"ImageObject\",\"inLanguage\":\"pt-PT\",\"@id\":\"https:\\\/\\\/secure.gravatar.com\\\/avatar\\\/71f2fa71737ad68a84fea94bc708ddac8ea5b0c4788dc2ad202f3ccb2887742f?s=96&d=wp_user_avatar&r=g\",\"url\":\"https:\\\/\\\/secure.gravatar.com\\\/avatar\\\/71f2fa71737ad68a84fea94bc708ddac8ea5b0c4788dc2ad202f3ccb2887742f?s=96&d=wp_user_avatar&r=g\",\"contentUrl\":\"https:\\\/\\\/secure.gravatar.com\\\/avatar\\\/71f2fa71737ad68a84fea94bc708ddac8ea5b0c4788dc2ad202f3ccb2887742f?s=96&d=wp_user_avatar&r=g\",\"caption\":\"Reda\u00e7\u00e3o JO\"},\"url\":\"https:\\\/\\\/jornaldasoficinas.com\\\/pt\\\/author\\\/joredacao\\\/\"}]}<\/script>\n<!-- \/ Yoast SEO plugin. -->","yoast_head_json":{"title":"CTS adquire 60 autocarros el\u00e9tricos a hidrog\u00e9nio CaetanoBus - Jornal das Oficinas","description":"O operador franc\u00eas de transportes p\u00fablicos, CTS elegeu a CaetanoBus para o fornecimento de at\u00e9 60 autocarros el\u00e9tricos a hidrog\u00e9nio","robots":{"index":"index","follow":"follow","max-snippet":"max-snippet:-1","max-image-preview":"max-image-preview:large","max-video-preview":"max-video-preview:-1"},"canonical":"https:\/\/jornaldasoficinas.com\/pt\/cts-adquire-60-autocarros-eletricos-a-hidrogenio-caetanobus\/","og_locale":"pt_PT","og_type":"article","og_title":"CTS adquire 60 autocarros el\u00e9tricos a hidrog\u00e9nio CaetanoBus - Jornal das Oficinas","og_description":"O operador franc\u00eas de transportes p\u00fablicos, CTS elegeu a CaetanoBus para o fornecimento de at\u00e9 60 autocarros el\u00e9tricos a hidrog\u00e9nio","og_url":"https:\/\/jornaldasoficinas.com\/pt\/cts-adquire-60-autocarros-eletricos-a-hidrogenio-caetanobus\/","og_site_name":"Jornal das Oficinas","article_publisher":"https:\/\/www.facebook.com\/jornaloficinas","article_published_time":"2023-04-11T09:00:51+00:00","article_modified_time":"2023-04-11T09:19:07+00:00","og_image":[{"width":1024,"height":581,"url":"https:\/\/jornaldasoficinas.com\/pt\/wp-content\/uploads\/2023\/04\/CTS-adquire-60-autocarros-eletricos-a-hidrogenio-CaetanoBus-2.jpg","type":"image\/jpeg"}],"author":"Reda\u00e7\u00e3o JO","twitter_card":"summary_large_image","twitter_creator":"@jornaloficinas","twitter_site":"@jornaloficinas","twitter_misc":{"Escrito por":"Reda\u00e7\u00e3o JO","Tempo estimado de leitura":"3 minutos"},"schema":{"@context":"https:\/\/schema.org","@graph":[{"@type":"Article","@id":"https:\/\/jornaldasoficinas.com\/pt\/cts-adquire-60-autocarros-eletricos-a-hidrogenio-caetanobus\/#article","isPartOf":{"@id":"https:\/\/jornaldasoficinas.com\/pt\/cts-adquire-60-autocarros-eletricos-a-hidrogenio-caetanobus\/"},"author":{"name":"Reda\u00e7\u00e3o JO","@id":"https:\/\/jornaldasoficinas.com\/pt\/#\/schema\/person\/a38eef5de2c41d9e7c9ac10141afddf3"},"headline":"CTS adquire 60 autocarros el\u00e9tricos a hidrog\u00e9nio CaetanoBus","datePublished":"2023-04-11T09:00:51+00:00","dateModified":"2023-04-11T09:19:07+00:00","mainEntityOfPage":{"@id":"https:\/\/jornaldasoficinas.com\/pt\/cts-adquire-60-autocarros-eletricos-a-hidrogenio-caetanobus\/"},"wordCount":589,"publisher":{"@id":"https:\/\/jornaldasoficinas.com\/pt\/#organization"},"image":{"@id":"https:\/\/jornaldasoficinas.com\/pt\/cts-adquire-60-autocarros-eletricos-a-hidrogenio-caetanobus\/#primaryimage"},"thumbnailUrl":"https:\/\/jornaldasoficinas.com\/pt\/wp-content\/uploads\/2023\/04\/CTS-adquire-60-autocarros-eletricos-a-hidrogenio-CaetanoBus-2.jpg","keywords":["autocarros el\u00e9tricos","CaetanoBus","CTS","Deutsche Bahn","H2.city Gold"],"articleSection":["Empresas"],"inLanguage":"pt-PT"},{"@type":"WebPage","@id":"https:\/\/jornaldasoficinas.com\/pt\/cts-adquire-60-autocarros-eletricos-a-hidrogenio-caetanobus\/","url":"https:\/\/jornaldasoficinas.com\/pt\/cts-adquire-60-autocarros-eletricos-a-hidrogenio-caetanobus\/","name":"CTS adquire 60 autocarros el\u00e9tricos a hidrog\u00e9nio CaetanoBus - Jornal das Oficinas","isPartOf":{"@id":"https:\/\/jornaldasoficinas.com\/pt\/#website"},"primaryImageOfPage":{"@id":"https:\/\/jornaldasoficinas.com\/pt\/cts-adquire-60-autocarros-eletricos-a-hidrogenio-caetanobus\/#primaryimage"},"image":{"@id":"https:\/\/jornaldasoficinas.com\/pt\/cts-adquire-60-autocarros-eletricos-a-hidrogenio-caetanobus\/#primaryimage"},"thumbnailUrl":"https:\/\/jornaldasoficinas.com\/pt\/wp-content\/uploads\/2023\/04\/CTS-adquire-60-autocarros-eletricos-a-hidrogenio-CaetanoBus-2.jpg","datePublished":"2023-04-11T09:00:51+00:00","dateModified":"2023-04-11T09:19:07+00:00","description":"O operador franc\u00eas de transportes p\u00fablicos, CTS elegeu a CaetanoBus para o fornecimento de at\u00e9 60 autocarros el\u00e9tricos a hidrog\u00e9nio","breadcrumb":{"@id":"https:\/\/jornaldasoficinas.com\/pt\/cts-adquire-60-autocarros-eletricos-a-hidrogenio-caetanobus\/#breadcrumb"},"inLanguage":"pt-PT","potentialAction":[{"@type":"ReadAction","target":["https:\/\/jornaldasoficinas.com\/pt\/cts-adquire-60-autocarros-eletricos-a-hidrogenio-caetanobus\/"]}]},{"@type":"ImageObject","inLanguage":"pt-PT","@id":"https:\/\/jornaldasoficinas.com\/pt\/cts-adquire-60-autocarros-eletricos-a-hidrogenio-caetanobus\/#primaryimage","url":"https:\/\/jornaldasoficinas.com\/pt\/wp-content\/uploads\/2023\/04\/CTS-adquire-60-autocarros-eletricos-a-hidrogenio-CaetanoBus-2.jpg","contentUrl":"https:\/\/jornaldasoficinas.com\/pt\/wp-content\/uploads\/2023\/04\/CTS-adquire-60-autocarros-eletricos-a-hidrogenio-CaetanoBus-2.jpg","width":1024,"height":581,"caption":"04 - CTS adquire 60 autocarros eletricos a hidrogenio CaetanoBus 2"},{"@type":"BreadcrumbList","@id":"https:\/\/jornaldasoficinas.com\/pt\/cts-adquire-60-autocarros-eletricos-a-hidrogenio-caetanobus\/#breadcrumb","itemListElement":[{"@type":"ListItem","position":1,"name":"In\u00edcio","item":"https:\/\/jornaldasoficinas.com\/pt\/"},{"@type":"ListItem","position":2,"name":"CTS adquire 60 autocarros el\u00e9tricos a hidrog\u00e9nio CaetanoBus"}]},{"@type":"WebSite","@id":"https:\/\/jornaldasoficinas.com\/pt\/#website","url":"https:\/\/jornaldasoficinas.com\/pt\/","name":"Jornal das Oficinas","description":"Jornal independente do Aftermarket Autom\u00f3vel em Portugal","publisher":{"@id":"https:\/\/jornaldasoficinas.com\/pt\/#organization"},"potentialAction":[{"@type":"SearchAction","target":{"@type":"EntryPoint","urlTemplate":"https:\/\/jornaldasoficinas.com\/pt\/?s={search_term_string}"},"query-input":{"@type":"PropertyValueSpecification","valueRequired":true,"valueName":"search_term_string"}}],"inLanguage":"pt-PT"},{"@type":"Organization","@id":"https:\/\/jornaldasoficinas.com\/pt\/#organization","name":"Jornal das Oficinas","url":"https:\/\/jornaldasoficinas.com\/pt\/","logo":{"@type":"ImageObject","inLanguage":"pt-PT","@id":"https:\/\/jornaldasoficinas.com\/pt\/#\/schema\/logo\/image\/","url":"https:\/\/jornaldasoficinas.com\/pt\/wp-content\/uploads\/logoJO-SEO.png","contentUrl":"https:\/\/jornaldasoficinas.com\/pt\/wp-content\/uploads\/logoJO-SEO.png","width":285,"height":450,"caption":"Jornal das Oficinas"},"image":{"@id":"https:\/\/jornaldasoficinas.com\/pt\/#\/schema\/logo\/image\/"},"sameAs":["https:\/\/www.facebook.com\/jornaloficinas","https:\/\/x.com\/jornaloficinas","https:\/\/www.instagram.com\/jornal_oficinas\/","https:\/\/www.linkedin.com\/company\/jornal-das-oficinas\/","https:\/\/www.youtube.com\/channel\/UCbQZBqtcvV-oSQrr7RzINGg"]},{"@type":"Person","@id":"https:\/\/jornaldasoficinas.com\/pt\/#\/schema\/person\/a38eef5de2c41d9e7c9ac10141afddf3","name":"Reda\u00e7\u00e3o JO","image":{"@type":"ImageObject","inLanguage":"pt-PT","@id":"https:\/\/secure.gravatar.com\/avatar\/71f2fa71737ad68a84fea94bc708ddac8ea5b0c4788dc2ad202f3ccb2887742f?s=96&d=wp_user_avatar&r=g","url":"https:\/\/secure.gravatar.com\/avatar\/71f2fa71737ad68a84fea94bc708ddac8ea5b0c4788dc2ad202f3ccb2887742f?s=96&d=wp_user_avatar&r=g","contentUrl":"https:\/\/secure.gravatar.com\/avatar\/71f2fa71737ad68a84fea94bc708ddac8ea5b0c4788dc2ad202f3ccb2887742f?s=96&d=wp_user_avatar&r=g","caption":"Reda\u00e7\u00e3o JO"},"url":"https:\/\/jornaldasoficinas.com\/pt\/author\/joredacao\/"}]}},"_links":{"self":[{"href":"https:\/\/jornaldasoficinas.com\/pt\/wp-json\/wp\/v2\/posts\/64795","targetHints":{"allow":["GET"]}}],"collection":[{"href":"https:\/\/jornaldasoficinas.com\/pt\/wp-json\/wp\/v2\/posts"}],"about":[{"href":"https:\/\/jornaldasoficinas.com\/pt\/wp-json\/wp\/v2\/types\/post"}],"author":[{"embeddable":true,"href":"https:\/\/jornaldasoficinas.com\/pt\/wp-json\/wp\/v2\/users\/15"}],"replies":[{"embeddable":true,"href":"https:\/\/jornaldasoficinas.com\/pt\/wp-json\/wp\/v2\/comments?post=64795"}],"version-history":[{"count":0,"href":"https:\/\/jornaldasoficinas.com\/pt\/wp-json\/wp\/v2\/posts\/64795\/revisions"}],"wp:featuredmedia":[{"embeddable":true,"href":"https:\/\/jornaldasoficinas.com\/pt\/wp-json\/wp\/v2\/media\/64756"}],"wp:attachment":[{"href":"https:\/\/jornaldasoficinas.com\/pt\/wp-json\/wp\/v2\/media?parent=64795"}],"wp:term":[{"taxonomy":"category","embeddable":true,"href":"https:\/\/jornaldasoficinas.com\/pt\/wp-json\/wp\/v2\/categories?post=64795"},{"taxonomy":"post_tag","embeddable":true,"href":"https:\/\/jornaldasoficinas.com\/pt\/wp-json\/wp\/v2\/tags?post=64795"}],"curies":[{"name":"wp","href":"https:\/\/api.w.org\/{rel}","templated":true}]}}