{"id":64847,"date":"2023-04-12T08:00:57","date_gmt":"2023-04-12T07:00:57","guid":{"rendered":"https:\/\/jornaldasoficinas.com\/pt\/?p=64847"},"modified":"2023-04-11T19:44:21","modified_gmt":"2023-04-11T18:44:21","slug":"aser-presenca-assidua-na-expomecanica-2023","status":"publish","type":"post","link":"https:\/\/jornaldasoficinas.com\/pt\/aser-presenca-assidua-na-expomecanica-2023\/","title":{"rendered":"ASER presen\u00e7a ass\u00eddua na expoMEC\u00c2NICA 2023"},"content":{"rendered":"<p><img loading=\"lazy\" decoding=\"async\" class=\"alignnone size-full wp-image-64848\" src=\"https:\/\/jornaldasoficinas.com\/pt\/wp-content\/uploads\/2023\/04\/ASER-presenca-assidua-na-expoMECANICA-2023.jpg\" alt=\"04 - ASER presenca assidua na expoMECANICA 2023\" width=\"1024\" height=\"581\" srcset=\"https:\/\/jornaldasoficinas.com\/pt\/wp-content\/uploads\/2023\/04\/ASER-presenca-assidua-na-expoMECANICA-2023.jpg 1024w, https:\/\/jornaldasoficinas.com\/pt\/wp-content\/uploads\/2023\/04\/ASER-presenca-assidua-na-expoMECANICA-2023-300x170.jpg 300w, https:\/\/jornaldasoficinas.com\/pt\/wp-content\/uploads\/2023\/04\/ASER-presenca-assidua-na-expoMECANICA-2023-150x85.jpg 150w, https:\/\/jornaldasoficinas.com\/pt\/wp-content\/uploads\/2023\/04\/ASER-presenca-assidua-na-expoMECANICA-2023-768x436.jpg 768w\" sizes=\"auto, (max-width: 1024px) 100vw, 1024px\" \/><\/p>\n<p><strong>A <a href=\"https:\/\/aserautomotive.com\/\" target=\"_blank\" rel=\"noopener\">ASER<\/a> marcou presen\u00e7a pela primeira vez na <a href=\"http:\/\/expomecanica.pt\/pt\/\" target=\"_blank\" rel=\"noopener\">expoMEC\u00c2NICA<\/a> em 2021, o sucesso foi tal, que este ano, est\u00e3o de regresso \u00e0 Exponor j\u00e1 nos pr\u00f3ximos dias 14 a 16 de abril<\/strong><\/p>\n<p>Com um stand com mais de 120 m2, situado no Pavilh\u00e3o 2, a ASER combinar\u00e1 a\u00e7\u00f5es de forma\u00e7\u00e3o, apresenta\u00e7\u00f5es de produtos, reuni\u00f5es de trabalho e outras atividades profissionais, como jogos e pr\u00e9mios para todos participantes. Este ano, a ASER e os seus parceiros sortear\u00e3o v\u00e1rios carrinhos de ferramentas para as oficinas que passarem pelo seu stand.<\/p>\n<p>Atualmente, a ASER tem em Portugal nove associadas, seis j\u00e1 estiveram presentes na edi\u00e7\u00e3o de 2021, <a href=\"https:\/\/www.atm.com.pt\/\" target=\"_blank\" rel=\"noopener\">ATM Pe\u00e7as<\/a>, Celparts, <a href=\"https:\/\/humberpecas.pt\/pt\/\" target=\"_blank\" rel=\"noopener\">Humberpe\u00e7as<\/a>, Mpe\u00e7as, <a href=\"http:\/\/www.npecas.com.pt\/\" target=\"_blank\" rel=\"noopener\">NPe\u00e7as<\/a> e <a href=\"https:\/\/samiparts.pt\/\" target=\"_blank\" rel=\"noopener\">Samiparts<\/a>, este ano, v\u00e3o juntar-se as tr\u00eas \u00faltimas incorpora\u00e7\u00f5es: <a href=\"http:\/\/www.formigosa.com\/\" target=\"_blank\" rel=\"noopener\">Auto Formigosa<\/a>, <a href=\"https:\/\/primopecas.pt\/\" target=\"_blank\" rel=\"noopener\">Primope\u00e7as<\/a> e <a href=\"http:\/\/silvapecas.pt\/\" target=\"_blank\" rel=\"noopener\">Silvaspe\u00e7as<\/a>.<\/p>\n<p>\u201cA expoMEC\u00c2NICA \u00e9 uma Feira em que queremos estar presentes para promover e divulgar o nosso projeto em Portugal, bem como os nossos valores, e os dos nossos parceiros. Queremos tamb\u00e9m mostrar o nosso projeto a outras pessoas, distribuidores e mostrar ainda os servi\u00e7os e produtos que dispomos.<\/p>\n<p>Entre esses projetos est\u00e1 a rede de oficinas aserAuto, uma rede com conceito workshop \u201cpremium\u201d, que foi apresentado na edi\u00e7\u00e3o expoMEC\u00c2NICA 2021 e que atualmente conta com mais de vinte oficinas afiliadas\u201d, referiu a ASER.<\/p>\n<p>Ao longo dos tr\u00eas dias, ser\u00e3o tamb\u00e9m apresentados produtos da marca ASER, uma marca que continua a crescer, ano ap\u00f3s ano com novas linhas de produtos incorporadas.<\/p>\n","protected":false},"excerpt":{"rendered":"<p>A ASER marcou presen\u00e7a pela primeira&#8230;<\/p>\n","protected":false},"author":15,"featured_media":64848,"comment_status":"closed","ping_status":"closed","sticky":false,"template":"","format":"standard","meta":{"footnotes":""},"categories":[29,4632],"tags":[3606,255,4954,4957,4955,78,473,256,4956,2811,1746,417,4958],"class_list":["post-64847","post","type-post","status-publish","format-standard","has-post-thumbnail","hentry","category-empresas","category-expomecanica","tag-14-a-16-de-abril","tag-aser","tag-atm-pecas","tag-auto-formigosa","tag-celparts","tag-expomecanica","tag-exponor","tag-humberpecas","tag-mpecas","tag-npecas","tag-primopecas","tag-samiparts","tag-silvaspecas"],"yoast_head":"<!-- This site is optimized with the Yoast SEO plugin v27.5 - https:\/\/yoast.com\/product\/yoast-seo-wordpress\/ -->\n<title>ASER presen\u00e7a ass\u00eddua na expoMEC\u00c2NICA 2023 - Jornal das Oficinas<\/title>\n<meta name=\"description\" content=\"A ASER marcou presen\u00e7a pela primeira vez na expoMEC\u00c2NICA em 2021, o sucesso foi tal, que este ano, est\u00e3o de regresso \u00e0 Exponor\" \/>\n<meta name=\"robots\" content=\"index, follow, max-snippet:-1, max-image-preview:large, max-video-preview:-1\" \/>\n<link rel=\"canonical\" href=\"https:\/\/jornaldasoficinas.com\/pt\/aser-presenca-assidua-na-expomecanica-2023\/\" \/>\n<meta property=\"og:locale\" content=\"pt_PT\" \/>\n<meta property=\"og:type\" content=\"article\" \/>\n<meta property=\"og:title\" content=\"ASER presen\u00e7a ass\u00eddua na expoMEC\u00c2NICA 2023 - Jornal das Oficinas\" \/>\n<meta property=\"og:description\" content=\"A ASER marcou presen\u00e7a pela primeira vez na expoMEC\u00c2NICA em 2021, o sucesso foi tal, que este ano, est\u00e3o de regresso \u00e0 Exponor\" \/>\n<meta property=\"og:url\" content=\"https:\/\/jornaldasoficinas.com\/pt\/aser-presenca-assidua-na-expomecanica-2023\/\" \/>\n<meta property=\"og:site_name\" content=\"Jornal das Oficinas\" \/>\n<meta property=\"article:publisher\" content=\"https:\/\/www.facebook.com\/jornaloficinas\" \/>\n<meta property=\"article:published_time\" content=\"2023-04-12T07:00:57+00:00\" \/>\n<meta property=\"og:image\" content=\"https:\/\/jornaldasoficinas.com\/pt\/wp-content\/uploads\/2023\/04\/ASER-presenca-assidua-na-expoMECANICA-2023.jpg\" \/>\n\t<meta property=\"og:image:width\" content=\"1024\" \/>\n\t<meta property=\"og:image:height\" content=\"581\" \/>\n\t<meta property=\"og:image:type\" content=\"image\/jpeg\" \/>\n<meta name=\"author\" content=\"Reda\u00e7\u00e3o JO\" \/>\n<meta name=\"twitter:card\" content=\"summary_large_image\" \/>\n<meta name=\"twitter:creator\" content=\"@jornaloficinas\" \/>\n<meta name=\"twitter:site\" content=\"@jornaloficinas\" \/>\n<meta name=\"twitter:label1\" content=\"Escrito por\" \/>\n\t<meta name=\"twitter:data1\" content=\"Reda\u00e7\u00e3o JO\" \/>\n\t<meta name=\"twitter:label2\" content=\"Tempo estimado de leitura\" \/>\n\t<meta name=\"twitter:data2\" content=\"1 minuto\" \/>\n<script type=\"application\/ld+json\" class=\"yoast-schema-graph\">{\"@context\":\"https:\\\/\\\/schema.org\",\"@graph\":[{\"@type\":\"Article\",\"@id\":\"https:\\\/\\\/jornaldasoficinas.com\\\/pt\\\/aser-presenca-assidua-na-expomecanica-2023\\\/#article\",\"isPartOf\":{\"@id\":\"https:\\\/\\\/jornaldasoficinas.com\\\/pt\\\/aser-presenca-assidua-na-expomecanica-2023\\\/\"},\"author\":{\"name\":\"Reda\u00e7\u00e3o JO\",\"@id\":\"https:\\\/\\\/jornaldasoficinas.com\\\/pt\\\/#\\\/schema\\\/person\\\/a38eef5de2c41d9e7c9ac10141afddf3\"},\"headline\":\"ASER presen\u00e7a ass\u00eddua na expoMEC\u00c2NICA 2023\",\"datePublished\":\"2023-04-12T07:00:57+00:00\",\"mainEntityOfPage\":{\"@id\":\"https:\\\/\\\/jornaldasoficinas.com\\\/pt\\\/aser-presenca-assidua-na-expomecanica-2023\\\/\"},\"wordCount\":265,\"publisher\":{\"@id\":\"https:\\\/\\\/jornaldasoficinas.com\\\/pt\\\/#organization\"},\"image\":{\"@id\":\"https:\\\/\\\/jornaldasoficinas.com\\\/pt\\\/aser-presenca-assidua-na-expomecanica-2023\\\/#primaryimage\"},\"thumbnailUrl\":\"https:\\\/\\\/jornaldasoficinas.com\\\/pt\\\/wp-content\\\/uploads\\\/2023\\\/04\\\/ASER-presenca-assidua-na-expoMECANICA-2023.jpg\",\"keywords\":[\"14 a 16 de abril\",\"ASER\",\"ATM Pe\u00e7as\",\"Auto Formigosa\",\"Celparts\",\"expoMEC\u00c2NICA\",\"Exponor\",\"HUMBERPE\u00c7AS\",\"Mpe\u00e7as\",\"NPe\u00e7as\",\"Primope\u00e7as\",\"Samiparts\",\"Silvaspe\u00e7as\"],\"articleSection\":[\"Empresas\",\"expoMEC\u00c2NICA\"],\"inLanguage\":\"pt-PT\"},{\"@type\":\"WebPage\",\"@id\":\"https:\\\/\\\/jornaldasoficinas.com\\\/pt\\\/aser-presenca-assidua-na-expomecanica-2023\\\/\",\"url\":\"https:\\\/\\\/jornaldasoficinas.com\\\/pt\\\/aser-presenca-assidua-na-expomecanica-2023\\\/\",\"name\":\"ASER presen\u00e7a ass\u00eddua na expoMEC\u00c2NICA 2023 - Jornal das Oficinas\",\"isPartOf\":{\"@id\":\"https:\\\/\\\/jornaldasoficinas.com\\\/pt\\\/#website\"},\"primaryImageOfPage\":{\"@id\":\"https:\\\/\\\/jornaldasoficinas.com\\\/pt\\\/aser-presenca-assidua-na-expomecanica-2023\\\/#primaryimage\"},\"image\":{\"@id\":\"https:\\\/\\\/jornaldasoficinas.com\\\/pt\\\/aser-presenca-assidua-na-expomecanica-2023\\\/#primaryimage\"},\"thumbnailUrl\":\"https:\\\/\\\/jornaldasoficinas.com\\\/pt\\\/wp-content\\\/uploads\\\/2023\\\/04\\\/ASER-presenca-assidua-na-expoMECANICA-2023.jpg\",\"datePublished\":\"2023-04-12T07:00:57+00:00\",\"description\":\"A ASER marcou presen\u00e7a pela primeira vez na expoMEC\u00c2NICA em 2021, o sucesso foi tal, que este ano, est\u00e3o de regresso \u00e0 Exponor\",\"breadcrumb\":{\"@id\":\"https:\\\/\\\/jornaldasoficinas.com\\\/pt\\\/aser-presenca-assidua-na-expomecanica-2023\\\/#breadcrumb\"},\"inLanguage\":\"pt-PT\",\"potentialAction\":[{\"@type\":\"ReadAction\",\"target\":[\"https:\\\/\\\/jornaldasoficinas.com\\\/pt\\\/aser-presenca-assidua-na-expomecanica-2023\\\/\"]}]},{\"@type\":\"ImageObject\",\"inLanguage\":\"pt-PT\",\"@id\":\"https:\\\/\\\/jornaldasoficinas.com\\\/pt\\\/aser-presenca-assidua-na-expomecanica-2023\\\/#primaryimage\",\"url\":\"https:\\\/\\\/jornaldasoficinas.com\\\/pt\\\/wp-content\\\/uploads\\\/2023\\\/04\\\/ASER-presenca-assidua-na-expoMECANICA-2023.jpg\",\"contentUrl\":\"https:\\\/\\\/jornaldasoficinas.com\\\/pt\\\/wp-content\\\/uploads\\\/2023\\\/04\\\/ASER-presenca-assidua-na-expoMECANICA-2023.jpg\",\"width\":1024,\"height\":581,\"caption\":\"04 - ASER presenca assidua na expoMECANICA 2023\"},{\"@type\":\"BreadcrumbList\",\"@id\":\"https:\\\/\\\/jornaldasoficinas.com\\\/pt\\\/aser-presenca-assidua-na-expomecanica-2023\\\/#breadcrumb\",\"itemListElement\":[{\"@type\":\"ListItem\",\"position\":1,\"name\":\"In\u00edcio\",\"item\":\"https:\\\/\\\/jornaldasoficinas.com\\\/pt\\\/\"},{\"@type\":\"ListItem\",\"position\":2,\"name\":\"ASER presen\u00e7a ass\u00eddua na expoMEC\u00c2NICA 2023\"}]},{\"@type\":\"WebSite\",\"@id\":\"https:\\\/\\\/jornaldasoficinas.com\\\/pt\\\/#website\",\"url\":\"https:\\\/\\\/jornaldasoficinas.com\\\/pt\\\/\",\"name\":\"Jornal das Oficinas\",\"description\":\"Jornal independente do Aftermarket Autom\u00f3vel em Portugal\",\"publisher\":{\"@id\":\"https:\\\/\\\/jornaldasoficinas.com\\\/pt\\\/#organization\"},\"potentialAction\":[{\"@type\":\"SearchAction\",\"target\":{\"@type\":\"EntryPoint\",\"urlTemplate\":\"https:\\\/\\\/jornaldasoficinas.com\\\/pt\\\/?s={search_term_string}\"},\"query-input\":{\"@type\":\"PropertyValueSpecification\",\"valueRequired\":true,\"valueName\":\"search_term_string\"}}],\"inLanguage\":\"pt-PT\"},{\"@type\":\"Organization\",\"@id\":\"https:\\\/\\\/jornaldasoficinas.com\\\/pt\\\/#organization\",\"name\":\"Jornal das Oficinas\",\"url\":\"https:\\\/\\\/jornaldasoficinas.com\\\/pt\\\/\",\"logo\":{\"@type\":\"ImageObject\",\"inLanguage\":\"pt-PT\",\"@id\":\"https:\\\/\\\/jornaldasoficinas.com\\\/pt\\\/#\\\/schema\\\/logo\\\/image\\\/\",\"url\":\"https:\\\/\\\/jornaldasoficinas.com\\\/pt\\\/wp-content\\\/uploads\\\/logoJO-SEO.png\",\"contentUrl\":\"https:\\\/\\\/jornaldasoficinas.com\\\/pt\\\/wp-content\\\/uploads\\\/logoJO-SEO.png\",\"width\":285,\"height\":450,\"caption\":\"Jornal das Oficinas\"},\"image\":{\"@id\":\"https:\\\/\\\/jornaldasoficinas.com\\\/pt\\\/#\\\/schema\\\/logo\\\/image\\\/\"},\"sameAs\":[\"https:\\\/\\\/www.facebook.com\\\/jornaloficinas\",\"https:\\\/\\\/x.com\\\/jornaloficinas\",\"https:\\\/\\\/www.instagram.com\\\/jornal_oficinas\\\/\",\"https:\\\/\\\/www.linkedin.com\\\/company\\\/jornal-das-oficinas\\\/\",\"https:\\\/\\\/www.youtube.com\\\/channel\\\/UCbQZBqtcvV-oSQrr7RzINGg\"]},{\"@type\":\"Person\",\"@id\":\"https:\\\/\\\/jornaldasoficinas.com\\\/pt\\\/#\\\/schema\\\/person\\\/a38eef5de2c41d9e7c9ac10141afddf3\",\"name\":\"Reda\u00e7\u00e3o JO\",\"image\":{\"@type\":\"ImageObject\",\"inLanguage\":\"pt-PT\",\"@id\":\"https:\\\/\\\/secure.gravatar.com\\\/avatar\\\/71f2fa71737ad68a84fea94bc708ddac8ea5b0c4788dc2ad202f3ccb2887742f?s=96&d=wp_user_avatar&r=g\",\"url\":\"https:\\\/\\\/secure.gravatar.com\\\/avatar\\\/71f2fa71737ad68a84fea94bc708ddac8ea5b0c4788dc2ad202f3ccb2887742f?s=96&d=wp_user_avatar&r=g\",\"contentUrl\":\"https:\\\/\\\/secure.gravatar.com\\\/avatar\\\/71f2fa71737ad68a84fea94bc708ddac8ea5b0c4788dc2ad202f3ccb2887742f?s=96&d=wp_user_avatar&r=g\",\"caption\":\"Reda\u00e7\u00e3o JO\"},\"url\":\"https:\\\/\\\/jornaldasoficinas.com\\\/pt\\\/author\\\/joredacao\\\/\"}]}<\/script>\n<!-- \/ Yoast SEO plugin. -->","yoast_head_json":{"title":"ASER presen\u00e7a ass\u00eddua na expoMEC\u00c2NICA 2023 - Jornal das Oficinas","description":"A ASER marcou presen\u00e7a pela primeira vez na expoMEC\u00c2NICA em 2021, o sucesso foi tal, que este ano, est\u00e3o de regresso \u00e0 Exponor","robots":{"index":"index","follow":"follow","max-snippet":"max-snippet:-1","max-image-preview":"max-image-preview:large","max-video-preview":"max-video-preview:-1"},"canonical":"https:\/\/jornaldasoficinas.com\/pt\/aser-presenca-assidua-na-expomecanica-2023\/","og_locale":"pt_PT","og_type":"article","og_title":"ASER presen\u00e7a ass\u00eddua na expoMEC\u00c2NICA 2023 - Jornal das Oficinas","og_description":"A ASER marcou presen\u00e7a pela primeira vez na expoMEC\u00c2NICA em 2021, o sucesso foi tal, que este ano, est\u00e3o de regresso \u00e0 Exponor","og_url":"https:\/\/jornaldasoficinas.com\/pt\/aser-presenca-assidua-na-expomecanica-2023\/","og_site_name":"Jornal das Oficinas","article_publisher":"https:\/\/www.facebook.com\/jornaloficinas","article_published_time":"2023-04-12T07:00:57+00:00","og_image":[{"width":1024,"height":581,"url":"https:\/\/jornaldasoficinas.com\/pt\/wp-content\/uploads\/2023\/04\/ASER-presenca-assidua-na-expoMECANICA-2023.jpg","type":"image\/jpeg"}],"author":"Reda\u00e7\u00e3o JO","twitter_card":"summary_large_image","twitter_creator":"@jornaloficinas","twitter_site":"@jornaloficinas","twitter_misc":{"Escrito por":"Reda\u00e7\u00e3o JO","Tempo estimado de leitura":"1 minuto"},"schema":{"@context":"https:\/\/schema.org","@graph":[{"@type":"Article","@id":"https:\/\/jornaldasoficinas.com\/pt\/aser-presenca-assidua-na-expomecanica-2023\/#article","isPartOf":{"@id":"https:\/\/jornaldasoficinas.com\/pt\/aser-presenca-assidua-na-expomecanica-2023\/"},"author":{"name":"Reda\u00e7\u00e3o JO","@id":"https:\/\/jornaldasoficinas.com\/pt\/#\/schema\/person\/a38eef5de2c41d9e7c9ac10141afddf3"},"headline":"ASER presen\u00e7a ass\u00eddua na expoMEC\u00c2NICA 2023","datePublished":"2023-04-12T07:00:57+00:00","mainEntityOfPage":{"@id":"https:\/\/jornaldasoficinas.com\/pt\/aser-presenca-assidua-na-expomecanica-2023\/"},"wordCount":265,"publisher":{"@id":"https:\/\/jornaldasoficinas.com\/pt\/#organization"},"image":{"@id":"https:\/\/jornaldasoficinas.com\/pt\/aser-presenca-assidua-na-expomecanica-2023\/#primaryimage"},"thumbnailUrl":"https:\/\/jornaldasoficinas.com\/pt\/wp-content\/uploads\/2023\/04\/ASER-presenca-assidua-na-expoMECANICA-2023.jpg","keywords":["14 a 16 de abril","ASER","ATM Pe\u00e7as","Auto Formigosa","Celparts","expoMEC\u00c2NICA","Exponor","HUMBERPE\u00c7AS","Mpe\u00e7as","NPe\u00e7as","Primope\u00e7as","Samiparts","Silvaspe\u00e7as"],"articleSection":["Empresas","expoMEC\u00c2NICA"],"inLanguage":"pt-PT"},{"@type":"WebPage","@id":"https:\/\/jornaldasoficinas.com\/pt\/aser-presenca-assidua-na-expomecanica-2023\/","url":"https:\/\/jornaldasoficinas.com\/pt\/aser-presenca-assidua-na-expomecanica-2023\/","name":"ASER presen\u00e7a ass\u00eddua na expoMEC\u00c2NICA 2023 - Jornal das Oficinas","isPartOf":{"@id":"https:\/\/jornaldasoficinas.com\/pt\/#website"},"primaryImageOfPage":{"@id":"https:\/\/jornaldasoficinas.com\/pt\/aser-presenca-assidua-na-expomecanica-2023\/#primaryimage"},"image":{"@id":"https:\/\/jornaldasoficinas.com\/pt\/aser-presenca-assidua-na-expomecanica-2023\/#primaryimage"},"thumbnailUrl":"https:\/\/jornaldasoficinas.com\/pt\/wp-content\/uploads\/2023\/04\/ASER-presenca-assidua-na-expoMECANICA-2023.jpg","datePublished":"2023-04-12T07:00:57+00:00","description":"A ASER marcou presen\u00e7a pela primeira vez na expoMEC\u00c2NICA em 2021, o sucesso foi tal, que este ano, est\u00e3o de regresso \u00e0 Exponor","breadcrumb":{"@id":"https:\/\/jornaldasoficinas.com\/pt\/aser-presenca-assidua-na-expomecanica-2023\/#breadcrumb"},"inLanguage":"pt-PT","potentialAction":[{"@type":"ReadAction","target":["https:\/\/jornaldasoficinas.com\/pt\/aser-presenca-assidua-na-expomecanica-2023\/"]}]},{"@type":"ImageObject","inLanguage":"pt-PT","@id":"https:\/\/jornaldasoficinas.com\/pt\/aser-presenca-assidua-na-expomecanica-2023\/#primaryimage","url":"https:\/\/jornaldasoficinas.com\/pt\/wp-content\/uploads\/2023\/04\/ASER-presenca-assidua-na-expoMECANICA-2023.jpg","contentUrl":"https:\/\/jornaldasoficinas.com\/pt\/wp-content\/uploads\/2023\/04\/ASER-presenca-assidua-na-expoMECANICA-2023.jpg","width":1024,"height":581,"caption":"04 - ASER presenca assidua na expoMECANICA 2023"},{"@type":"BreadcrumbList","@id":"https:\/\/jornaldasoficinas.com\/pt\/aser-presenca-assidua-na-expomecanica-2023\/#breadcrumb","itemListElement":[{"@type":"ListItem","position":1,"name":"In\u00edcio","item":"https:\/\/jornaldasoficinas.com\/pt\/"},{"@type":"ListItem","position":2,"name":"ASER presen\u00e7a ass\u00eddua na expoMEC\u00c2NICA 2023"}]},{"@type":"WebSite","@id":"https:\/\/jornaldasoficinas.com\/pt\/#website","url":"https:\/\/jornaldasoficinas.com\/pt\/","name":"Jornal das Oficinas","description":"Jornal independente do Aftermarket Autom\u00f3vel em Portugal","publisher":{"@id":"https:\/\/jornaldasoficinas.com\/pt\/#organization"},"potentialAction":[{"@type":"SearchAction","target":{"@type":"EntryPoint","urlTemplate":"https:\/\/jornaldasoficinas.com\/pt\/?s={search_term_string}"},"query-input":{"@type":"PropertyValueSpecification","valueRequired":true,"valueName":"search_term_string"}}],"inLanguage":"pt-PT"},{"@type":"Organization","@id":"https:\/\/jornaldasoficinas.com\/pt\/#organization","name":"Jornal das Oficinas","url":"https:\/\/jornaldasoficinas.com\/pt\/","logo":{"@type":"ImageObject","inLanguage":"pt-PT","@id":"https:\/\/jornaldasoficinas.com\/pt\/#\/schema\/logo\/image\/","url":"https:\/\/jornaldasoficinas.com\/pt\/wp-content\/uploads\/logoJO-SEO.png","contentUrl":"https:\/\/jornaldasoficinas.com\/pt\/wp-content\/uploads\/logoJO-SEO.png","width":285,"height":450,"caption":"Jornal das Oficinas"},"image":{"@id":"https:\/\/jornaldasoficinas.com\/pt\/#\/schema\/logo\/image\/"},"sameAs":["https:\/\/www.facebook.com\/jornaloficinas","https:\/\/x.com\/jornaloficinas","https:\/\/www.instagram.com\/jornal_oficinas\/","https:\/\/www.linkedin.com\/company\/jornal-das-oficinas\/","https:\/\/www.youtube.com\/channel\/UCbQZBqtcvV-oSQrr7RzINGg"]},{"@type":"Person","@id":"https:\/\/jornaldasoficinas.com\/pt\/#\/schema\/person\/a38eef5de2c41d9e7c9ac10141afddf3","name":"Reda\u00e7\u00e3o JO","image":{"@type":"ImageObject","inLanguage":"pt-PT","@id":"https:\/\/secure.gravatar.com\/avatar\/71f2fa71737ad68a84fea94bc708ddac8ea5b0c4788dc2ad202f3ccb2887742f?s=96&d=wp_user_avatar&r=g","url":"https:\/\/secure.gravatar.com\/avatar\/71f2fa71737ad68a84fea94bc708ddac8ea5b0c4788dc2ad202f3ccb2887742f?s=96&d=wp_user_avatar&r=g","contentUrl":"https:\/\/secure.gravatar.com\/avatar\/71f2fa71737ad68a84fea94bc708ddac8ea5b0c4788dc2ad202f3ccb2887742f?s=96&d=wp_user_avatar&r=g","caption":"Reda\u00e7\u00e3o JO"},"url":"https:\/\/jornaldasoficinas.com\/pt\/author\/joredacao\/"}]}},"_links":{"self":[{"href":"https:\/\/jornaldasoficinas.com\/pt\/wp-json\/wp\/v2\/posts\/64847","targetHints":{"allow":["GET"]}}],"collection":[{"href":"https:\/\/jornaldasoficinas.com\/pt\/wp-json\/wp\/v2\/posts"}],"about":[{"href":"https:\/\/jornaldasoficinas.com\/pt\/wp-json\/wp\/v2\/types\/post"}],"author":[{"embeddable":true,"href":"https:\/\/jornaldasoficinas.com\/pt\/wp-json\/wp\/v2\/users\/15"}],"replies":[{"embeddable":true,"href":"https:\/\/jornaldasoficinas.com\/pt\/wp-json\/wp\/v2\/comments?post=64847"}],"version-history":[{"count":0,"href":"https:\/\/jornaldasoficinas.com\/pt\/wp-json\/wp\/v2\/posts\/64847\/revisions"}],"wp:featuredmedia":[{"embeddable":true,"href":"https:\/\/jornaldasoficinas.com\/pt\/wp-json\/wp\/v2\/media\/64848"}],"wp:attachment":[{"href":"https:\/\/jornaldasoficinas.com\/pt\/wp-json\/wp\/v2\/media?parent=64847"}],"wp:term":[{"taxonomy":"category","embeddable":true,"href":"https:\/\/jornaldasoficinas.com\/pt\/wp-json\/wp\/v2\/categories?post=64847"},{"taxonomy":"post_tag","embeddable":true,"href":"https:\/\/jornaldasoficinas.com\/pt\/wp-json\/wp\/v2\/tags?post=64847"}],"curies":[{"name":"wp","href":"https:\/\/api.w.org\/{rel}","templated":true}]}}