{"id":64868,"date":"2023-04-12T12:30:35","date_gmt":"2023-04-12T11:30:35","guid":{"rendered":"https:\/\/jornaldasoficinas.com\/pt\/?p=64868"},"modified":"2023-04-12T10:31:43","modified_gmt":"2023-04-12T09:31:43","slug":"turbo-tec-estreia-se-na-expomecanica","status":"publish","type":"post","link":"https:\/\/jornaldasoficinas.com\/pt\/turbo-tec-estreia-se-na-expomecanica\/","title":{"rendered":"TURBO-TEC estreia-se na expoMEC\u00c2NICA"},"content":{"rendered":"<p><strong><img loading=\"lazy\" decoding=\"async\" class=\"alignnone size-full wp-image-64869\" src=\"https:\/\/jornaldasoficinas.com\/pt\/wp-content\/uploads\/2023\/04\/TURBO-TEC-estreia-se-na-expoMECANICA0.png\" alt=\"04 - TURBO TEC estreia se na expoMECANICA0\" width=\"1024\" height=\"581\" srcset=\"https:\/\/jornaldasoficinas.com\/pt\/wp-content\/uploads\/2023\/04\/TURBO-TEC-estreia-se-na-expoMECANICA0.png 1024w, https:\/\/jornaldasoficinas.com\/pt\/wp-content\/uploads\/2023\/04\/TURBO-TEC-estreia-se-na-expoMECANICA0-300x170.png 300w, https:\/\/jornaldasoficinas.com\/pt\/wp-content\/uploads\/2023\/04\/TURBO-TEC-estreia-se-na-expoMECANICA0-150x85.png 150w, https:\/\/jornaldasoficinas.com\/pt\/wp-content\/uploads\/2023\/04\/TURBO-TEC-estreia-se-na-expoMECANICA0-768x436.png 768w\" sizes=\"auto, (max-width: 1024px) 100vw, 1024px\" \/><\/strong><\/p>\n<p><strong>Pela primeira vez a <a href=\"https:\/\/turbotec.pt\/\" target=\"_blank\" rel=\"noopener\">TURBO-TEC<\/a> estar\u00e1 presente na <a href=\"http:\/\/expomecanica.pt\/pt\/\" target=\"_blank\" rel=\"noopener\">expoMEC\u00c2NICA 23<\/a>, no Pavilh\u00e3o 5, D09 para continuar a expandir o seu neg\u00f3cio na europa de pe\u00e7as regeneradas. A empresa, dedica-se \u00e0 regenera\u00e7\u00e3o profissional de sistemas de caixas autom\u00e1ticas e conversores de bin\u00e1rio, dire\u00e7\u00e3o assistida hidr\u00e1ulica e eletr\u00f3nica, sistemas de inje\u00e7\u00e3o diesel, turbocompressores e a sua \u00faltima incorpora\u00e7\u00e3o os dep\u00f3sitos de AD Blue, novidade na empresa <\/strong><\/p>\n<p>O que significa regenera\u00e7\u00e3o em f\u00e1brica? \u00c9 o resultado da combina\u00e7\u00e3o de pe\u00e7as genu\u00ednas, ferramentas e colaboradores qualificados e a implementa\u00e7\u00e3o de um avan\u00e7ado procedimento de controlo de qualidade o qual permite obter um produto final com qualidade e n\u00edvel t\u00e9cnico id\u00eanticos a um componente original.<\/p>\n<p>Durante o processo de regenera\u00e7\u00e3o, todos os componentes s\u00e3o minuciosamente verificados quanto a danos mec\u00e2nicos, el\u00e9tricos\/eletr\u00f3nicos. Todos os componentes defeituosos s\u00e3o substitu\u00eddos por novos e o restante \u00e9 cuidadosamente limpo. A caixa de velocidades completa \u00e9 testada dinamicamente ap\u00f3s o processo de regenera\u00e7\u00e3o em uma bancada de teste especializada, permitindo um teste funcional completo da transmiss\u00e3o antes de ser entregue ao cliente e instalada no ve\u00edculo. Regeneram transmiss\u00f5es autom\u00e1ticas dos fabricantes mais populares, tais como: ZF, Jatco, Getrag, Aisin, General Motors (Hydramatic), Mercedes, Renault, Allison.<\/p>\n<p><strong>Sistemas AdBlue<br \/>\n<\/strong>Os sistemas que reduzem a quantidade de \u00f3xidos de nitrog\u00e9nio nos gases<\/p>\n<p>de escape tornaram-se um elemento indispens\u00e1vel das solu\u00e7\u00f5es modernas de motores a diesel. O sistema SCR pode avariar uma vez que \u00e9 sens\u00edvel \u00e0 qualidade do agente AdBlue, \u00e0 presen\u00e7a mesmo em uma pequena quantidade de outro fluido (por exemplo, diesel) no sistema e a baixas temperaturas.<\/p>\n<p>A Turbo-TEC trata da regenera\u00e7\u00e3o profissional de m\u00f3dulos de AdBlue em ve\u00edculos de passageiros, comerciais ligeiros e viaturas pesadas. A lista de refer\u00eancias cobertas est\u00e1 em constante crescimento.<\/p>\n<p><strong>Dire\u00e7\u00e3o Hidr\u00e1ulica, Electro-hidr\u00e1ulica (EHPS\/EPHS) e Electrica (EPS)<br \/>\n<\/strong>A regenera\u00e7\u00e3o de caixas de dire\u00e7\u00e3o e bombas de dire\u00e7\u00e3o hidr\u00e1ulica abrangem as solu\u00e7\u00f5es mais comuns na Europa. Lidam com a regenera\u00e7\u00e3o de cremalheiras de dire\u00e7\u00e3o e bombas de dire\u00e7\u00e3o eletro-hidr\u00e1ulica de fabricantes como: ZF, TRW, KOYO\/JTEKT, SMI, VISTEON, NEXTEER, NSK, HITACHI.<\/p>\n<p><strong>A oferta da TURBO-TEC \u00e9 composta por:<\/strong><\/p>\n<ul>\n<li>cremalheira sem dire\u00e7\u00e3o hidr\u00e1ulica,<\/li>\n<li>cremalheiras com dire\u00e7\u00e3o hidr\u00e1ulica,<\/li>\n<li>cremalheiras e colunas com dire\u00e7\u00e3o el\u00e9trica<\/li>\n<li>bombas de dire\u00e7\u00e3o eletro-hidr\u00e1ulica (EHPS \/ EPHS).<\/li>\n<\/ul>\n<p>Todos os componentes da dire\u00e7\u00e3o passam por testes rigorosos antes do envio para garantir que o produto esteja operativo e, acima de tudo, seguro.<\/p>\n<p><strong>Sistemas de inje\u00e7\u00e3o de diesel<br \/>\n<\/strong>Possuem um servi\u00e7o autorizado de inje\u00e7\u00e3o Diesel Delphi e VDO\/Continental Tamb\u00e9m possuem o mais alto n\u00edvel de autoriza\u00e7\u00e3o da Bosch &#8211; Bosch Diesel Center.<\/p>\n<p><strong>Oferecem, entre outros:<\/strong><\/p>\n<ul>\n<li>Bombas injetoras distribuidoras Bosch VP29 \/ 30 e VP44,<\/li>\n<li>Bombas injetoras distribuidoras Delphi DP200 \/ DP300,<\/li>\n<li>Unidades injetoras Bosch (PD \/ UIS) e Delphi (EUI)<\/li>\n<li>Bombas de alta press\u00e3o Bosch, Delphi, Siemens VDO \/ Continental e Denso Common Rail,<\/li>\n<li>Injetores Bosch, Delphi, Siemens VDO \/ Continental e Denso Common Rail,<\/li>\n<li>Bombas de se\u00e7\u00e3o \u00fanica Bosch (PLD \/ UPS) e Delphi (EUP) e injetores Delphi SMART<\/li>\n<\/ul>\n<p><strong>Turbo-compressores<br \/>\n<\/strong>A oferta de turbocompressores regenerados \u00e9 composta por todas as marcas l\u00edderes, incluindo. Garrett, BorgWarner Turbo Systems (KKK e Schwitzer), Mitsubishi, IHI, Continental, Bosch Mahle Turbo Systems, Holset.<\/p>\n<p>A regenera\u00e7\u00e3o \u00e9 conclu\u00edda com a equilibragem do sistema girat\u00f3rio e a calibra\u00e7\u00e3o Wastgate ou VNT, de modo que o produto possua par\u00e2metros similares ao produto OE.<\/p>\n","protected":false},"excerpt":{"rendered":"<p>Pela primeira vez a TURBO-TEC estar\u00e1&#8230;<\/p>\n","protected":false},"author":15,"featured_media":64869,"comment_status":"closed","ping_status":"closed","sticky":false,"template":"","format":"standard","meta":{"footnotes":""},"categories":[29,4632],"tags":[4961,4734,4960,4566,4962,4959],"class_list":["post-64868","post","type-post","status-publish","format-standard","has-post-thumbnail","hentry","category-empresas","category-expomecanica","tag-ad-blue","tag-d09","tag-expomecanica-23","tag-pavilhao-5","tag-pecas-regeneradas","tag-turbo-tec"],"yoast_head":"<!-- This site is optimized with the Yoast SEO plugin v27.4 - https:\/\/yoast.com\/product\/yoast-seo-wordpress\/ -->\n<title>TURBO-TEC estreia-se na expoMEC\u00c2NICA - Jornal das Oficinas<\/title>\n<meta name=\"description\" content=\"Pela primeira vez a TURBO-TEC estar\u00e1 presente na expoMEC\u00c2NICA 23, Pavilh\u00e3o 5, D09 para continuar a expandir o seu neg\u00f3cio na europa\" \/>\n<meta name=\"robots\" content=\"index, follow, max-snippet:-1, max-image-preview:large, max-video-preview:-1\" \/>\n<link rel=\"canonical\" href=\"https:\/\/jornaldasoficinas.com\/pt\/turbo-tec-estreia-se-na-expomecanica\/\" \/>\n<meta property=\"og:locale\" content=\"pt_PT\" \/>\n<meta property=\"og:type\" content=\"article\" \/>\n<meta property=\"og:title\" content=\"TURBO-TEC estreia-se na expoMEC\u00c2NICA - Jornal das Oficinas\" \/>\n<meta property=\"og:description\" content=\"Pela primeira vez a TURBO-TEC estar\u00e1 presente na expoMEC\u00c2NICA 23, Pavilh\u00e3o 5, D09 para continuar a expandir o seu neg\u00f3cio na europa\" \/>\n<meta property=\"og:url\" content=\"https:\/\/jornaldasoficinas.com\/pt\/turbo-tec-estreia-se-na-expomecanica\/\" \/>\n<meta property=\"og:site_name\" content=\"Jornal das Oficinas\" \/>\n<meta property=\"article:publisher\" content=\"https:\/\/www.facebook.com\/jornaloficinas\" \/>\n<meta property=\"article:published_time\" content=\"2023-04-12T11:30:35+00:00\" \/>\n<meta property=\"og:image\" content=\"https:\/\/jornaldasoficinas.com\/pt\/wp-content\/uploads\/2023\/04\/TURBO-TEC-estreia-se-na-expoMECANICA0.png\" \/>\n\t<meta property=\"og:image:width\" content=\"1024\" \/>\n\t<meta property=\"og:image:height\" content=\"581\" \/>\n\t<meta property=\"og:image:type\" content=\"image\/png\" \/>\n<meta name=\"author\" content=\"Reda\u00e7\u00e3o JO\" \/>\n<meta name=\"twitter:card\" content=\"summary_large_image\" \/>\n<meta name=\"twitter:creator\" content=\"@jornaloficinas\" \/>\n<meta name=\"twitter:site\" content=\"@jornaloficinas\" \/>\n<meta name=\"twitter:label1\" content=\"Escrito por\" \/>\n\t<meta name=\"twitter:data1\" content=\"Reda\u00e7\u00e3o JO\" \/>\n\t<meta name=\"twitter:label2\" content=\"Tempo estimado de leitura\" \/>\n\t<meta name=\"twitter:data2\" content=\"3 minutos\" \/>\n<script type=\"application\/ld+json\" class=\"yoast-schema-graph\">{\"@context\":\"https:\\\/\\\/schema.org\",\"@graph\":[{\"@type\":\"Article\",\"@id\":\"https:\\\/\\\/jornaldasoficinas.com\\\/pt\\\/turbo-tec-estreia-se-na-expomecanica\\\/#article\",\"isPartOf\":{\"@id\":\"https:\\\/\\\/jornaldasoficinas.com\\\/pt\\\/turbo-tec-estreia-se-na-expomecanica\\\/\"},\"author\":{\"name\":\"Reda\u00e7\u00e3o JO\",\"@id\":\"https:\\\/\\\/jornaldasoficinas.com\\\/pt\\\/#\\\/schema\\\/person\\\/a38eef5de2c41d9e7c9ac10141afddf3\"},\"headline\":\"TURBO-TEC estreia-se na expoMEC\u00c2NICA\",\"datePublished\":\"2023-04-12T11:30:35+00:00\",\"mainEntityOfPage\":{\"@id\":\"https:\\\/\\\/jornaldasoficinas.com\\\/pt\\\/turbo-tec-estreia-se-na-expomecanica\\\/\"},\"wordCount\":607,\"publisher\":{\"@id\":\"https:\\\/\\\/jornaldasoficinas.com\\\/pt\\\/#organization\"},\"image\":{\"@id\":\"https:\\\/\\\/jornaldasoficinas.com\\\/pt\\\/turbo-tec-estreia-se-na-expomecanica\\\/#primaryimage\"},\"thumbnailUrl\":\"https:\\\/\\\/jornaldasoficinas.com\\\/pt\\\/wp-content\\\/uploads\\\/2023\\\/04\\\/TURBO-TEC-estreia-se-na-expoMECANICA0.png\",\"keywords\":[\"AD Blue\",\"D09\",\"expoMEC\u00c2NICA 23\",\"pavilh\u00e3o 5\",\"pe\u00e7as regeneradas\",\"TURBO-TEC\"],\"articleSection\":[\"Empresas\",\"expoMEC\u00c2NICA\"],\"inLanguage\":\"pt-PT\"},{\"@type\":\"WebPage\",\"@id\":\"https:\\\/\\\/jornaldasoficinas.com\\\/pt\\\/turbo-tec-estreia-se-na-expomecanica\\\/\",\"url\":\"https:\\\/\\\/jornaldasoficinas.com\\\/pt\\\/turbo-tec-estreia-se-na-expomecanica\\\/\",\"name\":\"TURBO-TEC estreia-se na expoMEC\u00c2NICA - Jornal das Oficinas\",\"isPartOf\":{\"@id\":\"https:\\\/\\\/jornaldasoficinas.com\\\/pt\\\/#website\"},\"primaryImageOfPage\":{\"@id\":\"https:\\\/\\\/jornaldasoficinas.com\\\/pt\\\/turbo-tec-estreia-se-na-expomecanica\\\/#primaryimage\"},\"image\":{\"@id\":\"https:\\\/\\\/jornaldasoficinas.com\\\/pt\\\/turbo-tec-estreia-se-na-expomecanica\\\/#primaryimage\"},\"thumbnailUrl\":\"https:\\\/\\\/jornaldasoficinas.com\\\/pt\\\/wp-content\\\/uploads\\\/2023\\\/04\\\/TURBO-TEC-estreia-se-na-expoMECANICA0.png\",\"datePublished\":\"2023-04-12T11:30:35+00:00\",\"description\":\"Pela primeira vez a TURBO-TEC estar\u00e1 presente na expoMEC\u00c2NICA 23, Pavilh\u00e3o 5, D09 para continuar a expandir o seu neg\u00f3cio na europa\",\"breadcrumb\":{\"@id\":\"https:\\\/\\\/jornaldasoficinas.com\\\/pt\\\/turbo-tec-estreia-se-na-expomecanica\\\/#breadcrumb\"},\"inLanguage\":\"pt-PT\",\"potentialAction\":[{\"@type\":\"ReadAction\",\"target\":[\"https:\\\/\\\/jornaldasoficinas.com\\\/pt\\\/turbo-tec-estreia-se-na-expomecanica\\\/\"]}]},{\"@type\":\"ImageObject\",\"inLanguage\":\"pt-PT\",\"@id\":\"https:\\\/\\\/jornaldasoficinas.com\\\/pt\\\/turbo-tec-estreia-se-na-expomecanica\\\/#primaryimage\",\"url\":\"https:\\\/\\\/jornaldasoficinas.com\\\/pt\\\/wp-content\\\/uploads\\\/2023\\\/04\\\/TURBO-TEC-estreia-se-na-expoMECANICA0.png\",\"contentUrl\":\"https:\\\/\\\/jornaldasoficinas.com\\\/pt\\\/wp-content\\\/uploads\\\/2023\\\/04\\\/TURBO-TEC-estreia-se-na-expoMECANICA0.png\",\"width\":1024,\"height\":581,\"caption\":\"04 - TURBO TEC estreia se na expoMECANICA0\"},{\"@type\":\"BreadcrumbList\",\"@id\":\"https:\\\/\\\/jornaldasoficinas.com\\\/pt\\\/turbo-tec-estreia-se-na-expomecanica\\\/#breadcrumb\",\"itemListElement\":[{\"@type\":\"ListItem\",\"position\":1,\"name\":\"In\u00edcio\",\"item\":\"https:\\\/\\\/jornaldasoficinas.com\\\/pt\\\/\"},{\"@type\":\"ListItem\",\"position\":2,\"name\":\"TURBO-TEC estreia-se na expoMEC\u00c2NICA\"}]},{\"@type\":\"WebSite\",\"@id\":\"https:\\\/\\\/jornaldasoficinas.com\\\/pt\\\/#website\",\"url\":\"https:\\\/\\\/jornaldasoficinas.com\\\/pt\\\/\",\"name\":\"Jornal das Oficinas\",\"description\":\"Jornal independente do Aftermarket Autom\u00f3vel em Portugal\",\"publisher\":{\"@id\":\"https:\\\/\\\/jornaldasoficinas.com\\\/pt\\\/#organization\"},\"potentialAction\":[{\"@type\":\"SearchAction\",\"target\":{\"@type\":\"EntryPoint\",\"urlTemplate\":\"https:\\\/\\\/jornaldasoficinas.com\\\/pt\\\/?s={search_term_string}\"},\"query-input\":{\"@type\":\"PropertyValueSpecification\",\"valueRequired\":true,\"valueName\":\"search_term_string\"}}],\"inLanguage\":\"pt-PT\"},{\"@type\":\"Organization\",\"@id\":\"https:\\\/\\\/jornaldasoficinas.com\\\/pt\\\/#organization\",\"name\":\"Jornal das Oficinas\",\"url\":\"https:\\\/\\\/jornaldasoficinas.com\\\/pt\\\/\",\"logo\":{\"@type\":\"ImageObject\",\"inLanguage\":\"pt-PT\",\"@id\":\"https:\\\/\\\/jornaldasoficinas.com\\\/pt\\\/#\\\/schema\\\/logo\\\/image\\\/\",\"url\":\"https:\\\/\\\/jornaldasoficinas.com\\\/pt\\\/wp-content\\\/uploads\\\/logoJO-SEO.png\",\"contentUrl\":\"https:\\\/\\\/jornaldasoficinas.com\\\/pt\\\/wp-content\\\/uploads\\\/logoJO-SEO.png\",\"width\":285,\"height\":450,\"caption\":\"Jornal das Oficinas\"},\"image\":{\"@id\":\"https:\\\/\\\/jornaldasoficinas.com\\\/pt\\\/#\\\/schema\\\/logo\\\/image\\\/\"},\"sameAs\":[\"https:\\\/\\\/www.facebook.com\\\/jornaloficinas\",\"https:\\\/\\\/x.com\\\/jornaloficinas\",\"https:\\\/\\\/www.instagram.com\\\/jornal_oficinas\\\/\",\"https:\\\/\\\/www.linkedin.com\\\/company\\\/jornal-das-oficinas\\\/\",\"https:\\\/\\\/www.youtube.com\\\/channel\\\/UCbQZBqtcvV-oSQrr7RzINGg\"]},{\"@type\":\"Person\",\"@id\":\"https:\\\/\\\/jornaldasoficinas.com\\\/pt\\\/#\\\/schema\\\/person\\\/a38eef5de2c41d9e7c9ac10141afddf3\",\"name\":\"Reda\u00e7\u00e3o JO\",\"image\":{\"@type\":\"ImageObject\",\"inLanguage\":\"pt-PT\",\"@id\":\"https:\\\/\\\/secure.gravatar.com\\\/avatar\\\/71f2fa71737ad68a84fea94bc708ddac8ea5b0c4788dc2ad202f3ccb2887742f?s=96&d=wp_user_avatar&r=g\",\"url\":\"https:\\\/\\\/secure.gravatar.com\\\/avatar\\\/71f2fa71737ad68a84fea94bc708ddac8ea5b0c4788dc2ad202f3ccb2887742f?s=96&d=wp_user_avatar&r=g\",\"contentUrl\":\"https:\\\/\\\/secure.gravatar.com\\\/avatar\\\/71f2fa71737ad68a84fea94bc708ddac8ea5b0c4788dc2ad202f3ccb2887742f?s=96&d=wp_user_avatar&r=g\",\"caption\":\"Reda\u00e7\u00e3o JO\"},\"url\":\"https:\\\/\\\/jornaldasoficinas.com\\\/pt\\\/author\\\/joredacao\\\/\"}]}<\/script>\n<!-- \/ Yoast SEO plugin. -->","yoast_head_json":{"title":"TURBO-TEC estreia-se na expoMEC\u00c2NICA - Jornal das Oficinas","description":"Pela primeira vez a TURBO-TEC estar\u00e1 presente na expoMEC\u00c2NICA 23, Pavilh\u00e3o 5, D09 para continuar a expandir o seu neg\u00f3cio na europa","robots":{"index":"index","follow":"follow","max-snippet":"max-snippet:-1","max-image-preview":"max-image-preview:large","max-video-preview":"max-video-preview:-1"},"canonical":"https:\/\/jornaldasoficinas.com\/pt\/turbo-tec-estreia-se-na-expomecanica\/","og_locale":"pt_PT","og_type":"article","og_title":"TURBO-TEC estreia-se na expoMEC\u00c2NICA - Jornal das Oficinas","og_description":"Pela primeira vez a TURBO-TEC estar\u00e1 presente na expoMEC\u00c2NICA 23, Pavilh\u00e3o 5, D09 para continuar a expandir o seu neg\u00f3cio na europa","og_url":"https:\/\/jornaldasoficinas.com\/pt\/turbo-tec-estreia-se-na-expomecanica\/","og_site_name":"Jornal das Oficinas","article_publisher":"https:\/\/www.facebook.com\/jornaloficinas","article_published_time":"2023-04-12T11:30:35+00:00","og_image":[{"width":1024,"height":581,"url":"https:\/\/jornaldasoficinas.com\/pt\/wp-content\/uploads\/2023\/04\/TURBO-TEC-estreia-se-na-expoMECANICA0.png","type":"image\/png"}],"author":"Reda\u00e7\u00e3o JO","twitter_card":"summary_large_image","twitter_creator":"@jornaloficinas","twitter_site":"@jornaloficinas","twitter_misc":{"Escrito por":"Reda\u00e7\u00e3o JO","Tempo estimado de leitura":"3 minutos"},"schema":{"@context":"https:\/\/schema.org","@graph":[{"@type":"Article","@id":"https:\/\/jornaldasoficinas.com\/pt\/turbo-tec-estreia-se-na-expomecanica\/#article","isPartOf":{"@id":"https:\/\/jornaldasoficinas.com\/pt\/turbo-tec-estreia-se-na-expomecanica\/"},"author":{"name":"Reda\u00e7\u00e3o JO","@id":"https:\/\/jornaldasoficinas.com\/pt\/#\/schema\/person\/a38eef5de2c41d9e7c9ac10141afddf3"},"headline":"TURBO-TEC estreia-se na expoMEC\u00c2NICA","datePublished":"2023-04-12T11:30:35+00:00","mainEntityOfPage":{"@id":"https:\/\/jornaldasoficinas.com\/pt\/turbo-tec-estreia-se-na-expomecanica\/"},"wordCount":607,"publisher":{"@id":"https:\/\/jornaldasoficinas.com\/pt\/#organization"},"image":{"@id":"https:\/\/jornaldasoficinas.com\/pt\/turbo-tec-estreia-se-na-expomecanica\/#primaryimage"},"thumbnailUrl":"https:\/\/jornaldasoficinas.com\/pt\/wp-content\/uploads\/2023\/04\/TURBO-TEC-estreia-se-na-expoMECANICA0.png","keywords":["AD Blue","D09","expoMEC\u00c2NICA 23","pavilh\u00e3o 5","pe\u00e7as regeneradas","TURBO-TEC"],"articleSection":["Empresas","expoMEC\u00c2NICA"],"inLanguage":"pt-PT"},{"@type":"WebPage","@id":"https:\/\/jornaldasoficinas.com\/pt\/turbo-tec-estreia-se-na-expomecanica\/","url":"https:\/\/jornaldasoficinas.com\/pt\/turbo-tec-estreia-se-na-expomecanica\/","name":"TURBO-TEC estreia-se na expoMEC\u00c2NICA - Jornal das Oficinas","isPartOf":{"@id":"https:\/\/jornaldasoficinas.com\/pt\/#website"},"primaryImageOfPage":{"@id":"https:\/\/jornaldasoficinas.com\/pt\/turbo-tec-estreia-se-na-expomecanica\/#primaryimage"},"image":{"@id":"https:\/\/jornaldasoficinas.com\/pt\/turbo-tec-estreia-se-na-expomecanica\/#primaryimage"},"thumbnailUrl":"https:\/\/jornaldasoficinas.com\/pt\/wp-content\/uploads\/2023\/04\/TURBO-TEC-estreia-se-na-expoMECANICA0.png","datePublished":"2023-04-12T11:30:35+00:00","description":"Pela primeira vez a TURBO-TEC estar\u00e1 presente na expoMEC\u00c2NICA 23, Pavilh\u00e3o 5, D09 para continuar a expandir o seu neg\u00f3cio na europa","breadcrumb":{"@id":"https:\/\/jornaldasoficinas.com\/pt\/turbo-tec-estreia-se-na-expomecanica\/#breadcrumb"},"inLanguage":"pt-PT","potentialAction":[{"@type":"ReadAction","target":["https:\/\/jornaldasoficinas.com\/pt\/turbo-tec-estreia-se-na-expomecanica\/"]}]},{"@type":"ImageObject","inLanguage":"pt-PT","@id":"https:\/\/jornaldasoficinas.com\/pt\/turbo-tec-estreia-se-na-expomecanica\/#primaryimage","url":"https:\/\/jornaldasoficinas.com\/pt\/wp-content\/uploads\/2023\/04\/TURBO-TEC-estreia-se-na-expoMECANICA0.png","contentUrl":"https:\/\/jornaldasoficinas.com\/pt\/wp-content\/uploads\/2023\/04\/TURBO-TEC-estreia-se-na-expoMECANICA0.png","width":1024,"height":581,"caption":"04 - TURBO TEC estreia se na expoMECANICA0"},{"@type":"BreadcrumbList","@id":"https:\/\/jornaldasoficinas.com\/pt\/turbo-tec-estreia-se-na-expomecanica\/#breadcrumb","itemListElement":[{"@type":"ListItem","position":1,"name":"In\u00edcio","item":"https:\/\/jornaldasoficinas.com\/pt\/"},{"@type":"ListItem","position":2,"name":"TURBO-TEC estreia-se na expoMEC\u00c2NICA"}]},{"@type":"WebSite","@id":"https:\/\/jornaldasoficinas.com\/pt\/#website","url":"https:\/\/jornaldasoficinas.com\/pt\/","name":"Jornal das Oficinas","description":"Jornal independente do Aftermarket Autom\u00f3vel em Portugal","publisher":{"@id":"https:\/\/jornaldasoficinas.com\/pt\/#organization"},"potentialAction":[{"@type":"SearchAction","target":{"@type":"EntryPoint","urlTemplate":"https:\/\/jornaldasoficinas.com\/pt\/?s={search_term_string}"},"query-input":{"@type":"PropertyValueSpecification","valueRequired":true,"valueName":"search_term_string"}}],"inLanguage":"pt-PT"},{"@type":"Organization","@id":"https:\/\/jornaldasoficinas.com\/pt\/#organization","name":"Jornal das Oficinas","url":"https:\/\/jornaldasoficinas.com\/pt\/","logo":{"@type":"ImageObject","inLanguage":"pt-PT","@id":"https:\/\/jornaldasoficinas.com\/pt\/#\/schema\/logo\/image\/","url":"https:\/\/jornaldasoficinas.com\/pt\/wp-content\/uploads\/logoJO-SEO.png","contentUrl":"https:\/\/jornaldasoficinas.com\/pt\/wp-content\/uploads\/logoJO-SEO.png","width":285,"height":450,"caption":"Jornal das Oficinas"},"image":{"@id":"https:\/\/jornaldasoficinas.com\/pt\/#\/schema\/logo\/image\/"},"sameAs":["https:\/\/www.facebook.com\/jornaloficinas","https:\/\/x.com\/jornaloficinas","https:\/\/www.instagram.com\/jornal_oficinas\/","https:\/\/www.linkedin.com\/company\/jornal-das-oficinas\/","https:\/\/www.youtube.com\/channel\/UCbQZBqtcvV-oSQrr7RzINGg"]},{"@type":"Person","@id":"https:\/\/jornaldasoficinas.com\/pt\/#\/schema\/person\/a38eef5de2c41d9e7c9ac10141afddf3","name":"Reda\u00e7\u00e3o JO","image":{"@type":"ImageObject","inLanguage":"pt-PT","@id":"https:\/\/secure.gravatar.com\/avatar\/71f2fa71737ad68a84fea94bc708ddac8ea5b0c4788dc2ad202f3ccb2887742f?s=96&d=wp_user_avatar&r=g","url":"https:\/\/secure.gravatar.com\/avatar\/71f2fa71737ad68a84fea94bc708ddac8ea5b0c4788dc2ad202f3ccb2887742f?s=96&d=wp_user_avatar&r=g","contentUrl":"https:\/\/secure.gravatar.com\/avatar\/71f2fa71737ad68a84fea94bc708ddac8ea5b0c4788dc2ad202f3ccb2887742f?s=96&d=wp_user_avatar&r=g","caption":"Reda\u00e7\u00e3o JO"},"url":"https:\/\/jornaldasoficinas.com\/pt\/author\/joredacao\/"}]}},"_links":{"self":[{"href":"https:\/\/jornaldasoficinas.com\/pt\/wp-json\/wp\/v2\/posts\/64868","targetHints":{"allow":["GET"]}}],"collection":[{"href":"https:\/\/jornaldasoficinas.com\/pt\/wp-json\/wp\/v2\/posts"}],"about":[{"href":"https:\/\/jornaldasoficinas.com\/pt\/wp-json\/wp\/v2\/types\/post"}],"author":[{"embeddable":true,"href":"https:\/\/jornaldasoficinas.com\/pt\/wp-json\/wp\/v2\/users\/15"}],"replies":[{"embeddable":true,"href":"https:\/\/jornaldasoficinas.com\/pt\/wp-json\/wp\/v2\/comments?post=64868"}],"version-history":[{"count":0,"href":"https:\/\/jornaldasoficinas.com\/pt\/wp-json\/wp\/v2\/posts\/64868\/revisions"}],"wp:featuredmedia":[{"embeddable":true,"href":"https:\/\/jornaldasoficinas.com\/pt\/wp-json\/wp\/v2\/media\/64869"}],"wp:attachment":[{"href":"https:\/\/jornaldasoficinas.com\/pt\/wp-json\/wp\/v2\/media?parent=64868"}],"wp:term":[{"taxonomy":"category","embeddable":true,"href":"https:\/\/jornaldasoficinas.com\/pt\/wp-json\/wp\/v2\/categories?post=64868"},{"taxonomy":"post_tag","embeddable":true,"href":"https:\/\/jornaldasoficinas.com\/pt\/wp-json\/wp\/v2\/tags?post=64868"}],"curies":[{"name":"wp","href":"https:\/\/api.w.org\/{rel}","templated":true}]}}