{"id":64921,"date":"2023-04-13T14:00:10","date_gmt":"2023-04-13T13:00:10","guid":{"rendered":"https:\/\/jornaldasoficinas.com\/pt\/?p=64921"},"modified":"2023-04-13T10:42:46","modified_gmt":"2023-04-13T09:42:46","slug":"fuchs-inova-na-expomecanica-com-stand-moving-your-world","status":"publish","type":"post","link":"https:\/\/jornaldasoficinas.com\/pt\/fuchs-inova-na-expomecanica-com-stand-moving-your-world\/","title":{"rendered":"FUCHS inova na expoMEC\u00c2NICA com stand \u201cMoving Your World\u201d"},"content":{"rendered":"<p><strong><img loading=\"lazy\" decoding=\"async\" class=\"alignnone size-full wp-image-64922\" src=\"https:\/\/jornaldasoficinas.com\/pt\/wp-content\/uploads\/2023\/04\/FUCHS-inova-na-expoMECANICA-com-stand-Moving-Your-World.jpg\" alt=\"04 - FUCHS inova na expoMECANICA com stand Moving Your World\" width=\"1024\" height=\"581\" srcset=\"https:\/\/jornaldasoficinas.com\/pt\/wp-content\/uploads\/2023\/04\/FUCHS-inova-na-expoMECANICA-com-stand-Moving-Your-World.jpg 1024w, https:\/\/jornaldasoficinas.com\/pt\/wp-content\/uploads\/2023\/04\/FUCHS-inova-na-expoMECANICA-com-stand-Moving-Your-World-300x170.jpg 300w, https:\/\/jornaldasoficinas.com\/pt\/wp-content\/uploads\/2023\/04\/FUCHS-inova-na-expoMECANICA-com-stand-Moving-Your-World-150x85.jpg 150w, https:\/\/jornaldasoficinas.com\/pt\/wp-content\/uploads\/2023\/04\/FUCHS-inova-na-expoMECANICA-com-stand-Moving-Your-World-768x436.jpg 768w\" sizes=\"auto, (max-width: 1024px) 100vw, 1024px\" \/><\/strong><\/p>\n<p><strong>A <a href=\"https:\/\/www.fuchs.com\/pt\/pt\/\" target=\"_blank\" rel=\"noopener\">FUCHS<\/a> vai marcar presen\u00e7a na expoMEC\u00c2NICA j\u00e1 nos pr\u00f3ximos dias 14 a 16 de abril com um\u00a0<em>stand<\/em>\u00a0completamente novo sob o tema \u201cMoving Your World\u201d. Aproveitar\u00e1 a feira, para apresentar a sua linha de produtos BlueEV, dois \u00f3leos de motor da nova gama FLEX em SAE 0W-30, TITAN GT1 FLEX C2 0W-30 e TITAN GT1 FLEX C3 0W-30, e para viaturas h\u00edbridas a gasolina o \u00f3leo de motor TITAN GT1 PRO GLV-1 0W-8<\/strong><\/p>\n<p>O diretor\u00a0<em>automotive<\/em>\u00a0da FUCHS, Andr\u00e9 Castro Pinheiro, que faz quest\u00e3o de estar presente durante os tr\u00eas dias do evento, explica que esta inova\u00e7\u00e3o na imagem \u201cdefine o posicionamento atual da marca a n\u00edvel mundial. O novo prop\u00f3sito \u201cMoving Your World\u201d foi criado no \u00e2mbito do\u00a0<em>rebranding<\/em>\u00a0que o nosso grupo realizou para se aproximar emocionalmente das pessoas. Dirige-se ao consumidor final e tem como objetivo transmitir os in\u00fameros contributos dos nossos lubrificantes para o bem-estar no dia a dia\u201d.<\/p>\n<p>Este ano, a FUCHS apresenta, em primeiro lugar, a linha de produtos BluEV. Em sintonia com as recentes e futuras exig\u00eancias que se colocam aos lubrificantes para as aplica\u00e7\u00f5es espec\u00edficas da mobilidade el\u00e9trica e tamb\u00e9m para as convencionais, a gama BluEV combina tecnologia eficiente e lubrifica\u00e7\u00e3o inteligente. O resultado: m\u00e1xima efici\u00eancia e m\u00e1xima sustentabilidade.<\/p>\n<p>Para al\u00e9m da linha BlueEV, a FUCHS traz uma s\u00e9rie novos produtos \u00e0 expoMEC\u00c2NICA: Para as viaturas ligeiras, apresenta dois \u00f3leos de motor da nova gama FLEX em SAE 0W-30, TITAN GT1 FLEX C2 0W-30 e TITAN GT1 FLEX C3 0W-30, e para viaturas h\u00edbridas a gasolina o \u00f3leo de motor TITAN GT1 PRO GLV-1 0W-8. Na gama de pesados, lan\u00e7a o TITAN CARGO PRO T 5W-20, especificamente desenvolvido para os ve\u00edculos das marcas MAN e SCANIA. Para caixas de velocidades autom\u00e1ticas, apresenta o TITAN ATF 8400 ULV, espec\u00edfico para viaturas japonesas.<\/p>\n<p>O principal objetivo da FUCHS com a participa\u00e7\u00e3o nesta feira de refer\u00eancia do\u00a0<em>Aftermarket<\/em>\u00a0em Portugal \u201c\u00e9 estarmos pr\u00f3ximos dos nossos parceiros e clientes e consolidar a imagem de qualidade quanto aos produtos e servi\u00e7os FUCHS\u201d, referiu\u00a0Andr\u00e9 Castro Pinheiro.<\/p>\n<p>Mais uma vez, a marca alem\u00e3 contribui para o bom ambiente da feira: Vai ter novamente expostos, nas zonas comuns da Exponor, uma d\u00fazia de carros de corrida FUCHS Racing.<\/p>\n","protected":false},"excerpt":{"rendered":"<p>A FUCHS vai marcar presen\u00e7a na&#8230;<\/p>\n","protected":false},"author":15,"featured_media":64922,"comment_status":"closed","ping_status":"closed","sticky":false,"template":"","format":"standard","meta":{"footnotes":""},"categories":[29,4632],"tags":[3606,4978,78,277,4981,4982,4983,155,4979,4980],"class_list":["post-64921","post","type-post","status-publish","format-standard","has-post-thumbnail","hentry","category-empresas","category-expomecanica","tag-14-a-16-de-abril","tag-blueev","tag-expomecanica","tag-fuchs","tag-gt1-flex-c2-0w-30","tag-gt1-flex-c3-0w-30","tag-gt1-pro-glv-1-0w-8","tag-lubrificantes","tag-nova-gama-flex","tag-sae-0w-30"],"yoast_head":"<!-- This site is optimized with the Yoast SEO plugin v27.4 - https:\/\/yoast.com\/product\/yoast-seo-wordpress\/ -->\n<title>FUCHS inova na expoMEC\u00c2NICA com stand \u201cMoving Your World\u201d - Jornal das Oficinas<\/title>\n<meta name=\"description\" content=\"A FUCHS vai marcar presen\u00e7a na expoMEC\u00c2NICA nos dias 14 a 16 de abril com um\u00a0stand\u00a0completamente novo sob o tema \u201cMoving Your World\u201d.\" \/>\n<meta name=\"robots\" content=\"index, follow, max-snippet:-1, max-image-preview:large, max-video-preview:-1\" \/>\n<link rel=\"canonical\" href=\"https:\/\/jornaldasoficinas.com\/pt\/fuchs-inova-na-expomecanica-com-stand-moving-your-world\/\" \/>\n<meta property=\"og:locale\" content=\"pt_PT\" \/>\n<meta property=\"og:type\" content=\"article\" \/>\n<meta property=\"og:title\" content=\"FUCHS inova na expoMEC\u00c2NICA com stand \u201cMoving Your World\u201d - Jornal das Oficinas\" \/>\n<meta property=\"og:description\" content=\"A FUCHS vai marcar presen\u00e7a na expoMEC\u00c2NICA nos dias 14 a 16 de abril com um\u00a0stand\u00a0completamente novo sob o tema \u201cMoving Your World\u201d.\" \/>\n<meta property=\"og:url\" content=\"https:\/\/jornaldasoficinas.com\/pt\/fuchs-inova-na-expomecanica-com-stand-moving-your-world\/\" \/>\n<meta property=\"og:site_name\" content=\"Jornal das Oficinas\" \/>\n<meta property=\"article:publisher\" content=\"https:\/\/www.facebook.com\/jornaloficinas\" \/>\n<meta property=\"article:published_time\" content=\"2023-04-13T13:00:10+00:00\" \/>\n<meta property=\"og:image\" content=\"https:\/\/jornaldasoficinas.com\/pt\/wp-content\/uploads\/2023\/04\/FUCHS-inova-na-expoMECANICA-com-stand-Moving-Your-World.jpg\" \/>\n\t<meta property=\"og:image:width\" content=\"1024\" \/>\n\t<meta property=\"og:image:height\" content=\"581\" \/>\n\t<meta property=\"og:image:type\" content=\"image\/jpeg\" \/>\n<meta name=\"author\" content=\"Reda\u00e7\u00e3o JO\" \/>\n<meta name=\"twitter:card\" content=\"summary_large_image\" \/>\n<meta name=\"twitter:creator\" content=\"@jornaloficinas\" \/>\n<meta name=\"twitter:site\" content=\"@jornaloficinas\" \/>\n<meta name=\"twitter:label1\" content=\"Escrito por\" \/>\n\t<meta name=\"twitter:data1\" content=\"Reda\u00e7\u00e3o JO\" \/>\n\t<meta name=\"twitter:label2\" content=\"Tempo estimado de leitura\" \/>\n\t<meta name=\"twitter:data2\" content=\"2 minutos\" \/>\n<script type=\"application\/ld+json\" class=\"yoast-schema-graph\">{\"@context\":\"https:\\\/\\\/schema.org\",\"@graph\":[{\"@type\":\"Article\",\"@id\":\"https:\\\/\\\/jornaldasoficinas.com\\\/pt\\\/fuchs-inova-na-expomecanica-com-stand-moving-your-world\\\/#article\",\"isPartOf\":{\"@id\":\"https:\\\/\\\/jornaldasoficinas.com\\\/pt\\\/fuchs-inova-na-expomecanica-com-stand-moving-your-world\\\/\"},\"author\":{\"name\":\"Reda\u00e7\u00e3o JO\",\"@id\":\"https:\\\/\\\/jornaldasoficinas.com\\\/pt\\\/#\\\/schema\\\/person\\\/a38eef5de2c41d9e7c9ac10141afddf3\"},\"headline\":\"FUCHS inova na expoMEC\u00c2NICA com stand \u201cMoving Your World\u201d\",\"datePublished\":\"2023-04-13T13:00:10+00:00\",\"mainEntityOfPage\":{\"@id\":\"https:\\\/\\\/jornaldasoficinas.com\\\/pt\\\/fuchs-inova-na-expomecanica-com-stand-moving-your-world\\\/\"},\"wordCount\":408,\"publisher\":{\"@id\":\"https:\\\/\\\/jornaldasoficinas.com\\\/pt\\\/#organization\"},\"image\":{\"@id\":\"https:\\\/\\\/jornaldasoficinas.com\\\/pt\\\/fuchs-inova-na-expomecanica-com-stand-moving-your-world\\\/#primaryimage\"},\"thumbnailUrl\":\"https:\\\/\\\/jornaldasoficinas.com\\\/pt\\\/wp-content\\\/uploads\\\/2023\\\/04\\\/FUCHS-inova-na-expoMECANICA-com-stand-Moving-Your-World.jpg\",\"keywords\":[\"14 a 16 de abril\",\"BlueEV\",\"expoMEC\u00c2NICA\",\"Fuchs\",\"GT1 FLEX C2 0W-30\",\"GT1 FLEX C3 0W-30\",\"GT1 PRO GLV-1 0W-8\",\"Lubrificantes\",\"nova gama FLEX\",\"SAE 0W-30\"],\"articleSection\":[\"Empresas\",\"expoMEC\u00c2NICA\"],\"inLanguage\":\"pt-PT\"},{\"@type\":\"WebPage\",\"@id\":\"https:\\\/\\\/jornaldasoficinas.com\\\/pt\\\/fuchs-inova-na-expomecanica-com-stand-moving-your-world\\\/\",\"url\":\"https:\\\/\\\/jornaldasoficinas.com\\\/pt\\\/fuchs-inova-na-expomecanica-com-stand-moving-your-world\\\/\",\"name\":\"FUCHS inova na expoMEC\u00c2NICA com stand \u201cMoving Your World\u201d - Jornal das Oficinas\",\"isPartOf\":{\"@id\":\"https:\\\/\\\/jornaldasoficinas.com\\\/pt\\\/#website\"},\"primaryImageOfPage\":{\"@id\":\"https:\\\/\\\/jornaldasoficinas.com\\\/pt\\\/fuchs-inova-na-expomecanica-com-stand-moving-your-world\\\/#primaryimage\"},\"image\":{\"@id\":\"https:\\\/\\\/jornaldasoficinas.com\\\/pt\\\/fuchs-inova-na-expomecanica-com-stand-moving-your-world\\\/#primaryimage\"},\"thumbnailUrl\":\"https:\\\/\\\/jornaldasoficinas.com\\\/pt\\\/wp-content\\\/uploads\\\/2023\\\/04\\\/FUCHS-inova-na-expoMECANICA-com-stand-Moving-Your-World.jpg\",\"datePublished\":\"2023-04-13T13:00:10+00:00\",\"description\":\"A FUCHS vai marcar presen\u00e7a na expoMEC\u00c2NICA nos dias 14 a 16 de abril com um\u00a0stand\u00a0completamente novo sob o tema \u201cMoving Your World\u201d.\",\"breadcrumb\":{\"@id\":\"https:\\\/\\\/jornaldasoficinas.com\\\/pt\\\/fuchs-inova-na-expomecanica-com-stand-moving-your-world\\\/#breadcrumb\"},\"inLanguage\":\"pt-PT\",\"potentialAction\":[{\"@type\":\"ReadAction\",\"target\":[\"https:\\\/\\\/jornaldasoficinas.com\\\/pt\\\/fuchs-inova-na-expomecanica-com-stand-moving-your-world\\\/\"]}]},{\"@type\":\"ImageObject\",\"inLanguage\":\"pt-PT\",\"@id\":\"https:\\\/\\\/jornaldasoficinas.com\\\/pt\\\/fuchs-inova-na-expomecanica-com-stand-moving-your-world\\\/#primaryimage\",\"url\":\"https:\\\/\\\/jornaldasoficinas.com\\\/pt\\\/wp-content\\\/uploads\\\/2023\\\/04\\\/FUCHS-inova-na-expoMECANICA-com-stand-Moving-Your-World.jpg\",\"contentUrl\":\"https:\\\/\\\/jornaldasoficinas.com\\\/pt\\\/wp-content\\\/uploads\\\/2023\\\/04\\\/FUCHS-inova-na-expoMECANICA-com-stand-Moving-Your-World.jpg\",\"width\":1024,\"height\":581,\"caption\":\"04 - FUCHS inova na expoMECANICA com stand Moving Your World\"},{\"@type\":\"BreadcrumbList\",\"@id\":\"https:\\\/\\\/jornaldasoficinas.com\\\/pt\\\/fuchs-inova-na-expomecanica-com-stand-moving-your-world\\\/#breadcrumb\",\"itemListElement\":[{\"@type\":\"ListItem\",\"position\":1,\"name\":\"In\u00edcio\",\"item\":\"https:\\\/\\\/jornaldasoficinas.com\\\/pt\\\/\"},{\"@type\":\"ListItem\",\"position\":2,\"name\":\"FUCHS inova na expoMEC\u00c2NICA com stand \u201cMoving Your World\u201d\"}]},{\"@type\":\"WebSite\",\"@id\":\"https:\\\/\\\/jornaldasoficinas.com\\\/pt\\\/#website\",\"url\":\"https:\\\/\\\/jornaldasoficinas.com\\\/pt\\\/\",\"name\":\"Jornal das Oficinas\",\"description\":\"Jornal independente do Aftermarket Autom\u00f3vel em Portugal\",\"publisher\":{\"@id\":\"https:\\\/\\\/jornaldasoficinas.com\\\/pt\\\/#organization\"},\"potentialAction\":[{\"@type\":\"SearchAction\",\"target\":{\"@type\":\"EntryPoint\",\"urlTemplate\":\"https:\\\/\\\/jornaldasoficinas.com\\\/pt\\\/?s={search_term_string}\"},\"query-input\":{\"@type\":\"PropertyValueSpecification\",\"valueRequired\":true,\"valueName\":\"search_term_string\"}}],\"inLanguage\":\"pt-PT\"},{\"@type\":\"Organization\",\"@id\":\"https:\\\/\\\/jornaldasoficinas.com\\\/pt\\\/#organization\",\"name\":\"Jornal das Oficinas\",\"url\":\"https:\\\/\\\/jornaldasoficinas.com\\\/pt\\\/\",\"logo\":{\"@type\":\"ImageObject\",\"inLanguage\":\"pt-PT\",\"@id\":\"https:\\\/\\\/jornaldasoficinas.com\\\/pt\\\/#\\\/schema\\\/logo\\\/image\\\/\",\"url\":\"https:\\\/\\\/jornaldasoficinas.com\\\/pt\\\/wp-content\\\/uploads\\\/logoJO-SEO.png\",\"contentUrl\":\"https:\\\/\\\/jornaldasoficinas.com\\\/pt\\\/wp-content\\\/uploads\\\/logoJO-SEO.png\",\"width\":285,\"height\":450,\"caption\":\"Jornal das Oficinas\"},\"image\":{\"@id\":\"https:\\\/\\\/jornaldasoficinas.com\\\/pt\\\/#\\\/schema\\\/logo\\\/image\\\/\"},\"sameAs\":[\"https:\\\/\\\/www.facebook.com\\\/jornaloficinas\",\"https:\\\/\\\/x.com\\\/jornaloficinas\",\"https:\\\/\\\/www.instagram.com\\\/jornal_oficinas\\\/\",\"https:\\\/\\\/www.linkedin.com\\\/company\\\/jornal-das-oficinas\\\/\",\"https:\\\/\\\/www.youtube.com\\\/channel\\\/UCbQZBqtcvV-oSQrr7RzINGg\"]},{\"@type\":\"Person\",\"@id\":\"https:\\\/\\\/jornaldasoficinas.com\\\/pt\\\/#\\\/schema\\\/person\\\/a38eef5de2c41d9e7c9ac10141afddf3\",\"name\":\"Reda\u00e7\u00e3o JO\",\"image\":{\"@type\":\"ImageObject\",\"inLanguage\":\"pt-PT\",\"@id\":\"https:\\\/\\\/secure.gravatar.com\\\/avatar\\\/71f2fa71737ad68a84fea94bc708ddac8ea5b0c4788dc2ad202f3ccb2887742f?s=96&d=wp_user_avatar&r=g\",\"url\":\"https:\\\/\\\/secure.gravatar.com\\\/avatar\\\/71f2fa71737ad68a84fea94bc708ddac8ea5b0c4788dc2ad202f3ccb2887742f?s=96&d=wp_user_avatar&r=g\",\"contentUrl\":\"https:\\\/\\\/secure.gravatar.com\\\/avatar\\\/71f2fa71737ad68a84fea94bc708ddac8ea5b0c4788dc2ad202f3ccb2887742f?s=96&d=wp_user_avatar&r=g\",\"caption\":\"Reda\u00e7\u00e3o JO\"},\"url\":\"https:\\\/\\\/jornaldasoficinas.com\\\/pt\\\/author\\\/joredacao\\\/\"}]}<\/script>\n<!-- \/ Yoast SEO plugin. -->","yoast_head_json":{"title":"FUCHS inova na expoMEC\u00c2NICA com stand \u201cMoving Your World\u201d - Jornal das Oficinas","description":"A FUCHS vai marcar presen\u00e7a na expoMEC\u00c2NICA nos dias 14 a 16 de abril com um\u00a0stand\u00a0completamente novo sob o tema \u201cMoving Your World\u201d.","robots":{"index":"index","follow":"follow","max-snippet":"max-snippet:-1","max-image-preview":"max-image-preview:large","max-video-preview":"max-video-preview:-1"},"canonical":"https:\/\/jornaldasoficinas.com\/pt\/fuchs-inova-na-expomecanica-com-stand-moving-your-world\/","og_locale":"pt_PT","og_type":"article","og_title":"FUCHS inova na expoMEC\u00c2NICA com stand \u201cMoving Your World\u201d - Jornal das Oficinas","og_description":"A FUCHS vai marcar presen\u00e7a na expoMEC\u00c2NICA nos dias 14 a 16 de abril com um\u00a0stand\u00a0completamente novo sob o tema \u201cMoving Your World\u201d.","og_url":"https:\/\/jornaldasoficinas.com\/pt\/fuchs-inova-na-expomecanica-com-stand-moving-your-world\/","og_site_name":"Jornal das Oficinas","article_publisher":"https:\/\/www.facebook.com\/jornaloficinas","article_published_time":"2023-04-13T13:00:10+00:00","og_image":[{"width":1024,"height":581,"url":"https:\/\/jornaldasoficinas.com\/pt\/wp-content\/uploads\/2023\/04\/FUCHS-inova-na-expoMECANICA-com-stand-Moving-Your-World.jpg","type":"image\/jpeg"}],"author":"Reda\u00e7\u00e3o JO","twitter_card":"summary_large_image","twitter_creator":"@jornaloficinas","twitter_site":"@jornaloficinas","twitter_misc":{"Escrito por":"Reda\u00e7\u00e3o JO","Tempo estimado de leitura":"2 minutos"},"schema":{"@context":"https:\/\/schema.org","@graph":[{"@type":"Article","@id":"https:\/\/jornaldasoficinas.com\/pt\/fuchs-inova-na-expomecanica-com-stand-moving-your-world\/#article","isPartOf":{"@id":"https:\/\/jornaldasoficinas.com\/pt\/fuchs-inova-na-expomecanica-com-stand-moving-your-world\/"},"author":{"name":"Reda\u00e7\u00e3o JO","@id":"https:\/\/jornaldasoficinas.com\/pt\/#\/schema\/person\/a38eef5de2c41d9e7c9ac10141afddf3"},"headline":"FUCHS inova na expoMEC\u00c2NICA com stand \u201cMoving Your World\u201d","datePublished":"2023-04-13T13:00:10+00:00","mainEntityOfPage":{"@id":"https:\/\/jornaldasoficinas.com\/pt\/fuchs-inova-na-expomecanica-com-stand-moving-your-world\/"},"wordCount":408,"publisher":{"@id":"https:\/\/jornaldasoficinas.com\/pt\/#organization"},"image":{"@id":"https:\/\/jornaldasoficinas.com\/pt\/fuchs-inova-na-expomecanica-com-stand-moving-your-world\/#primaryimage"},"thumbnailUrl":"https:\/\/jornaldasoficinas.com\/pt\/wp-content\/uploads\/2023\/04\/FUCHS-inova-na-expoMECANICA-com-stand-Moving-Your-World.jpg","keywords":["14 a 16 de abril","BlueEV","expoMEC\u00c2NICA","Fuchs","GT1 FLEX C2 0W-30","GT1 FLEX C3 0W-30","GT1 PRO GLV-1 0W-8","Lubrificantes","nova gama FLEX","SAE 0W-30"],"articleSection":["Empresas","expoMEC\u00c2NICA"],"inLanguage":"pt-PT"},{"@type":"WebPage","@id":"https:\/\/jornaldasoficinas.com\/pt\/fuchs-inova-na-expomecanica-com-stand-moving-your-world\/","url":"https:\/\/jornaldasoficinas.com\/pt\/fuchs-inova-na-expomecanica-com-stand-moving-your-world\/","name":"FUCHS inova na expoMEC\u00c2NICA com stand \u201cMoving Your World\u201d - Jornal das Oficinas","isPartOf":{"@id":"https:\/\/jornaldasoficinas.com\/pt\/#website"},"primaryImageOfPage":{"@id":"https:\/\/jornaldasoficinas.com\/pt\/fuchs-inova-na-expomecanica-com-stand-moving-your-world\/#primaryimage"},"image":{"@id":"https:\/\/jornaldasoficinas.com\/pt\/fuchs-inova-na-expomecanica-com-stand-moving-your-world\/#primaryimage"},"thumbnailUrl":"https:\/\/jornaldasoficinas.com\/pt\/wp-content\/uploads\/2023\/04\/FUCHS-inova-na-expoMECANICA-com-stand-Moving-Your-World.jpg","datePublished":"2023-04-13T13:00:10+00:00","description":"A FUCHS vai marcar presen\u00e7a na expoMEC\u00c2NICA nos dias 14 a 16 de abril com um\u00a0stand\u00a0completamente novo sob o tema \u201cMoving Your World\u201d.","breadcrumb":{"@id":"https:\/\/jornaldasoficinas.com\/pt\/fuchs-inova-na-expomecanica-com-stand-moving-your-world\/#breadcrumb"},"inLanguage":"pt-PT","potentialAction":[{"@type":"ReadAction","target":["https:\/\/jornaldasoficinas.com\/pt\/fuchs-inova-na-expomecanica-com-stand-moving-your-world\/"]}]},{"@type":"ImageObject","inLanguage":"pt-PT","@id":"https:\/\/jornaldasoficinas.com\/pt\/fuchs-inova-na-expomecanica-com-stand-moving-your-world\/#primaryimage","url":"https:\/\/jornaldasoficinas.com\/pt\/wp-content\/uploads\/2023\/04\/FUCHS-inova-na-expoMECANICA-com-stand-Moving-Your-World.jpg","contentUrl":"https:\/\/jornaldasoficinas.com\/pt\/wp-content\/uploads\/2023\/04\/FUCHS-inova-na-expoMECANICA-com-stand-Moving-Your-World.jpg","width":1024,"height":581,"caption":"04 - FUCHS inova na expoMECANICA com stand Moving Your World"},{"@type":"BreadcrumbList","@id":"https:\/\/jornaldasoficinas.com\/pt\/fuchs-inova-na-expomecanica-com-stand-moving-your-world\/#breadcrumb","itemListElement":[{"@type":"ListItem","position":1,"name":"In\u00edcio","item":"https:\/\/jornaldasoficinas.com\/pt\/"},{"@type":"ListItem","position":2,"name":"FUCHS inova na expoMEC\u00c2NICA com stand \u201cMoving Your World\u201d"}]},{"@type":"WebSite","@id":"https:\/\/jornaldasoficinas.com\/pt\/#website","url":"https:\/\/jornaldasoficinas.com\/pt\/","name":"Jornal das Oficinas","description":"Jornal independente do Aftermarket Autom\u00f3vel em Portugal","publisher":{"@id":"https:\/\/jornaldasoficinas.com\/pt\/#organization"},"potentialAction":[{"@type":"SearchAction","target":{"@type":"EntryPoint","urlTemplate":"https:\/\/jornaldasoficinas.com\/pt\/?s={search_term_string}"},"query-input":{"@type":"PropertyValueSpecification","valueRequired":true,"valueName":"search_term_string"}}],"inLanguage":"pt-PT"},{"@type":"Organization","@id":"https:\/\/jornaldasoficinas.com\/pt\/#organization","name":"Jornal das Oficinas","url":"https:\/\/jornaldasoficinas.com\/pt\/","logo":{"@type":"ImageObject","inLanguage":"pt-PT","@id":"https:\/\/jornaldasoficinas.com\/pt\/#\/schema\/logo\/image\/","url":"https:\/\/jornaldasoficinas.com\/pt\/wp-content\/uploads\/logoJO-SEO.png","contentUrl":"https:\/\/jornaldasoficinas.com\/pt\/wp-content\/uploads\/logoJO-SEO.png","width":285,"height":450,"caption":"Jornal das Oficinas"},"image":{"@id":"https:\/\/jornaldasoficinas.com\/pt\/#\/schema\/logo\/image\/"},"sameAs":["https:\/\/www.facebook.com\/jornaloficinas","https:\/\/x.com\/jornaloficinas","https:\/\/www.instagram.com\/jornal_oficinas\/","https:\/\/www.linkedin.com\/company\/jornal-das-oficinas\/","https:\/\/www.youtube.com\/channel\/UCbQZBqtcvV-oSQrr7RzINGg"]},{"@type":"Person","@id":"https:\/\/jornaldasoficinas.com\/pt\/#\/schema\/person\/a38eef5de2c41d9e7c9ac10141afddf3","name":"Reda\u00e7\u00e3o JO","image":{"@type":"ImageObject","inLanguage":"pt-PT","@id":"https:\/\/secure.gravatar.com\/avatar\/71f2fa71737ad68a84fea94bc708ddac8ea5b0c4788dc2ad202f3ccb2887742f?s=96&d=wp_user_avatar&r=g","url":"https:\/\/secure.gravatar.com\/avatar\/71f2fa71737ad68a84fea94bc708ddac8ea5b0c4788dc2ad202f3ccb2887742f?s=96&d=wp_user_avatar&r=g","contentUrl":"https:\/\/secure.gravatar.com\/avatar\/71f2fa71737ad68a84fea94bc708ddac8ea5b0c4788dc2ad202f3ccb2887742f?s=96&d=wp_user_avatar&r=g","caption":"Reda\u00e7\u00e3o JO"},"url":"https:\/\/jornaldasoficinas.com\/pt\/author\/joredacao\/"}]}},"_links":{"self":[{"href":"https:\/\/jornaldasoficinas.com\/pt\/wp-json\/wp\/v2\/posts\/64921","targetHints":{"allow":["GET"]}}],"collection":[{"href":"https:\/\/jornaldasoficinas.com\/pt\/wp-json\/wp\/v2\/posts"}],"about":[{"href":"https:\/\/jornaldasoficinas.com\/pt\/wp-json\/wp\/v2\/types\/post"}],"author":[{"embeddable":true,"href":"https:\/\/jornaldasoficinas.com\/pt\/wp-json\/wp\/v2\/users\/15"}],"replies":[{"embeddable":true,"href":"https:\/\/jornaldasoficinas.com\/pt\/wp-json\/wp\/v2\/comments?post=64921"}],"version-history":[{"count":0,"href":"https:\/\/jornaldasoficinas.com\/pt\/wp-json\/wp\/v2\/posts\/64921\/revisions"}],"wp:featuredmedia":[{"embeddable":true,"href":"https:\/\/jornaldasoficinas.com\/pt\/wp-json\/wp\/v2\/media\/64922"}],"wp:attachment":[{"href":"https:\/\/jornaldasoficinas.com\/pt\/wp-json\/wp\/v2\/media?parent=64921"}],"wp:term":[{"taxonomy":"category","embeddable":true,"href":"https:\/\/jornaldasoficinas.com\/pt\/wp-json\/wp\/v2\/categories?post=64921"},{"taxonomy":"post_tag","embeddable":true,"href":"https:\/\/jornaldasoficinas.com\/pt\/wp-json\/wp\/v2\/tags?post=64921"}],"curies":[{"name":"wp","href":"https:\/\/api.w.org\/{rel}","templated":true}]}}