{"id":6517,"date":"2019-11-11T10:31:03","date_gmt":"2019-11-11T10:31:03","guid":{"rendered":"https:\/\/jornaldasoficinas.com\/pt\/?p=6517"},"modified":"2023-07-19T15:58:17","modified_gmt":"2023-07-19T14:58:17","slug":"convencao-anecra-tradicao-com-30-anos-de-vida","status":"publish","type":"post","link":"https:\/\/jornaldasoficinas.com\/pt\/convencao-anecra-tradicao-com-30-anos-de-vida\/","title":{"rendered":"Conven\u00e7\u00e3o Anual ANECRA: tradi\u00e7\u00e3o com tr\u00eas d\u00e9cadas de exist\u00eancia"},"content":{"rendered":"<p><img loading=\"lazy\" decoding=\"async\" class=\"alignnone wp-image-6518 size-full\" src=\"https:\/\/jornaldasoficinas.com\/pt\/wp-content\/uploads\/entrada.jpg\" alt=\"\" width=\"1024\" height=\"581\" srcset=\"https:\/\/jornaldasoficinas.com\/pt\/wp-content\/uploads\/entrada.jpg 1024w, https:\/\/jornaldasoficinas.com\/pt\/wp-content\/uploads\/entrada-150x85.jpg 150w, https:\/\/jornaldasoficinas.com\/pt\/wp-content\/uploads\/entrada-300x170.jpg 300w, https:\/\/jornaldasoficinas.com\/pt\/wp-content\/uploads\/entrada-768x436.jpg 768w\" sizes=\"auto, (max-width: 1024px) 100vw, 1024px\" \/><\/p>\n<p><strong>H\u00e1 precisamente 30 anos que, de forma consecutiva, a ANECRA realiza a sua Conven\u00e7\u00e3o Anual. A 30.\u00aa edi\u00e7\u00e3o decorreu nos passados dias 8 e 9 de novembro, no Centro de Congressos de Lisboa, tendo como lema \u201cHorizonte 20\/30, Que Autom\u00f3vel? Que Neg\u00f3cio?\u201d.<\/strong><\/p>\n<p>No discurso de abertura da 30.\u00aa Conven\u00e7\u00e3o Anual da ANECRA, o presidente da dire\u00e7\u00e3o, Alexandre Ferreira, refor\u00e7ou a posi\u00e7\u00e3o da associa\u00e7\u00e3o relativamente \u00e0 economia paralela, um dos pilares da sua a\u00e7\u00e3o, juntamente com a reforma da fiscalidade autom\u00f3vel.<\/p>\n<p><strong>Foco nos autom\u00f3veis usados<br \/>\n<\/strong>O desafio da eletrifica\u00e7\u00e3o foi o denominador comum em todas as apresenta\u00e7\u00f5es, sendo que, este ano, o primeiro dia da Conven\u00e7\u00e3o come\u00e7ou com uma novidade paralela ao evento: o Encontro Especializado do Com\u00e9rcio de Usados.<\/p>\n<p>Para a <a href=\"https:\/\/www.anecra.pt\/\" target=\"_blank\" rel=\"noopener noreferrer\">ANECRA<\/a>, o segmento de autom\u00f3veis usados tem, atualmente, uma din\u00e2mica empresarial e de mercado que justificam, claramente, a inclus\u00e3o deste encontro no programa da Conven\u00e7\u00e3o Anual.<\/p>\n<p>V\u00e1rios especialistas deste setor de atividade debateram conte\u00fados totalmente vocacionados para\u00a0 assuntos relacionados com o com\u00e9rcio de autom\u00f3veis usados, mercado que tem assistido a uma grande volatilidade nos valores de venda de viaturas ao longo dos \u00faltimos quatro trimestres, apresentando uma queda acentuada no primeiro trimestre de 2019.<\/p>\n<p>No primeiro painel deste encontro, debateu-se a import\u00e2ncia dos <em>brokers<\/em> financeiros e o controlo sobre o cumprimento dos r\u00e1cios de solvabilidade\/taxas de esfor\u00e7o no cr\u00e9dito ao consumo, assim como a fiscaliza\u00e7\u00e3o e o controlo da atividade. O segundo painel foi dedicado aos grandes desafios do com\u00e9rcio de usados nos pr\u00f3ximos 10 anos.<\/p>\n<p><strong>Reflex\u00f5es sobre o futuro das oficinas<br \/>\n<\/strong>O segundo dia da conven\u00e7\u00e3o foi inteiramente dedicado ao futuro das oficinas e dos v\u00e1rios conceitos oficinais que v\u00e3o surgir, consequ\u00eancia das novas motoriza\u00e7\u00f5es (h\u00edbridos, h\u00edbridos <em>plug-in<\/em>, el\u00e9tricos) e da nova gera\u00e7\u00e3o de clientes com h\u00e1bitos muito diferentes das gera\u00e7\u00f5es passadas.<\/p>\n<p>O painel sobre \u201cSeguradoras, gestoras de frotas e oficinas\u201d abriu com uma interven\u00e7\u00e3o de Jos\u00e9 Maria Cancer, diretor-geral do CESVIMAP, que apresentou os servi\u00e7os que este centro disponibiliza para o setor do p\u00f3s-venda, onde se destacam os temp\u00e1rios utilizados pela maioria das oficinas de colis\u00e3o.<\/p>\n<p>Seguiu-se o debate moderado por Nuno Rold\u00e3o, vice-presidente da ANECRA, que contou com quatro oradores: Lu\u00eds Santos, administrador da Impoeste, Tiago Ribeiro, da Audatex, Jo\u00e3o Ferreira do Amaral, da Tranquilidade, e Carlos Carvalho, da Arval.<\/p>\n<p>O in\u00edcio do segundo painel, dedicado \u00e0 \u201cDigitaliza\u00e7\u00e3o do P\u00f3s-venda\u201d, foi protagonizado por Carlos L\u00f3pez, diretor de vendas da Launch Ib\u00e9rica, que fez uma apresenta\u00e7\u00e3o sobre o ADAS. Segundo o respons\u00e1vel, os servi\u00e7os de calibra\u00e7\u00e3o de ADAS v\u00e3o crescer exponencialmente, uma vez que, at\u00e9 2022, todos os ve\u00edculos v\u00e3o ter de estar equipados de f\u00e1brica com este sistema.<\/p>\n<p>O estudo que foi apresentado indica que o pre\u00e7o m\u00e9dio de calibra\u00e7\u00e3o \u00e9 de \u20ac225 por autom\u00f3vel. Sendo o custo do equipamento de calibra\u00e7\u00e3o cerca de \u20ac7.500, a oficina pode amortizar este investimento com apenas 33 calibra\u00e7\u00f5es. Trata-se, por isso, de uma oportunidade de neg\u00f3cio imperd\u00edvel para as oficinas que pretendem estar na linha da frente.<\/p>\n<p>Jos\u00e9 Carlos Valentim, respons\u00e1vel de forma\u00e7\u00e3o de p\u00f3s-venda da Toyota Caetano Portugal, chamou a aten\u00e7\u00e3o para as diferentes motoriza\u00e7\u00f5es que, hoje, equipam as viaturas e a necessidade da oficina estar preparada para dar assist\u00eancia a todas elas.<\/p>\n<p>\u201cA forma\u00e7\u00e3o dos t\u00e9cnicos n\u00e3o chega. \u00c9 preciso acompanhar as pessoas e h\u00e1 necessidade de DMS\u2019s mais robustos, monotoriza\u00e7\u00e3o dos indicadores de atividade, ferramentas de or\u00e7amenta\u00e7\u00e3o e saber comunicar com os clientes atrav\u00e9s nos novos canais\u201d, referiu Jos\u00e9 Valentim.<\/p>\n<p>Nuno Medeiros, coordenador de lojas da Soulima, abordou o tema da venda de pe\u00e7as <em>online<\/em>, alertando para o problema da especificidade da maioria dos componentes, que exige<em> know-how<\/em> para a sua montagem.<\/p>\n<p>No \u00faltimo painel do dia, moderado por D\u00e1rio Afonso, o tema principal foi sobre as redes oficinais. Manuel Pena, respons\u00e1vel da CGA, da Auto Delta, Artur Teixeira, s\u00f3cio-gerente da Yes Car, Joaquim Carvalho, administrador da Auto \u00cdndia, Jos\u00e9 Cid Proen\u00e7a, diretor-geral da Spinerg, e Dulce Semedo, membro co Conselho de Administra\u00e7\u00e3o da Roady, foram os oradores presentes.<\/p>\n<p>A sua opini\u00e3o relativamente \u00e0s vantagens de as oficinas pertencerem a uma rede foi un\u00e2nime, quer a n\u00edvel da forma\u00e7\u00e3o e consultoria t\u00e9cnica, financeira e <em>marketing<\/em>, quer como gerador de neg\u00f3cio, beneficiando de uma estrutura global.<\/p>\n<p><strong>Estabelecer pontes com os clientes<br \/>\n<\/strong>Seguiu-se a apresenta\u00e7\u00e3o de Ana Xavier, coordenadora de<em> business intelligence &amp; marketing<\/em> da Polivalor, sobre \u201cBridging the Gap \u2013 Comunica\u00e7\u00e3o eficaz com os clientes&#8221;. \u00c9 essencial estabelecer pontes de liga\u00e7\u00e3o com os clientes e, na atualidade, o <em>marketing<\/em> digital \u00e9 a melhor forma de faz\u00ea-lo. Mas a comunica\u00e7\u00e3o para ser eficaz tem de ser sistem\u00e1tica e o processo deve ser cont\u00ednuo.<\/p>\n<p>Antes no encerramento oficial da Conven\u00e7\u00e3o Anual, os participantes tiveram oportunidade de assistir a uma interessante apresenta\u00e7\u00e3o de Lu\u00eds Mira Amaral, presidente da Comiss\u00e3o Ind\u00fastria da CIP, sobre a atualidade e o futuro do com\u00e9rcio e repara\u00e7\u00e3o autom\u00f3vel. \u201cSe a tecnologia vai assegurar a neutralidade em CO2 e NOx entre Diesel e gasolina, deixem o mercado funcionar e os clientes escolher at\u00e9 chegarmos \u00e0 era el\u00e9trica\u201d, disse.<\/p>\n<p>Na Conven\u00e7\u00e3o Anual, foi ainda anunciada uma nova solu\u00e7\u00e3o tecnol\u00f3gica de apoio \u00e0s oficinas, designada por ANECRA CarData, que ser\u00e1 apresentada, oficialmente, na pr\u00f3xima edi\u00e7\u00e3o do Sal\u00e3o MEC\u00c2NICA, em Lisboa. Trata-se de uma plataforma <em>online<\/em> que permite o acesso a informa\u00e7\u00e3o t\u00e9cnica por parte de todas as oficinas.<\/p>\n<div class=\"wonderplugingallery-container\" id=\"wonderplugingallery-container-12\" style=\"max-width:960px;margin:0 auto;\"><div class=\"wonderplugingallery\" id=\"wonderplugingallery-12\" data-galleryid=\"12\" data-width=\"960\" data-height=\"540\" data-skin=\"gallery\" data-playsinline=\"false\" data-mutevideo=\"false\" data-random=\"false\" data-autoslide=\"false\" data-autoplayvideo=\"false\" data-schemamarkup=\"false\" data-stopallplaying=\"false\" data-reloadonvideoend=\"false\" data-donotuseposter=\"false\" data-enabletabindex=\"false\" data-loadnextonvideoend=\"false\" data-hidetitlewhenvideoisplaying=\"false\" data-disablehovereventontouch=\"false\" data-autoslideandplayafterfirstplayed=\"false\" data-html5player=\"true\" data-responsive=\"true\" data-fullwidth=\"false\" data-showtitle=\"false\" data-showdescription=\"false\" data-showplaybutton=\"true\" data-showfullscreenbutton=\"true\" data-showtimer=\"true\" data-showcarousel=\"true\" data-galleryshadow=\"false\" data-slideshadow=\"true\" data-thumbshowtitle=\"false\" data-thumbshadow=\"false\" data-lightboxshowtitle=\"true\" data-lightboxshowdescription=\"true\" data-specifyid=\"true\" data-donotinit=\"false\" data-addinitscript=\"false\" data-triggerresize=\"false\" data-thumbcolumnsresponsive=\"false\" data-showimgtitle=\"false\" data-titlesmallscreen=\"false\" data-initsocial=\"true\" data-showsocial=\"false\" data-showemail=\"false\" data-showfacebook=\"true\" data-showtwitter=\"true\" data-showpinterest=\"true\" data-socialrotateeffect=\"true\" data-doshortcodeontext=\"false\" data-loop=\"0\" data-duration=\"1500\" data-slideduration=\"1000\" data-slideshowinterval=\"6000\" data-googleanalyticsaccount=\"\" data-resizemode=\"fill\" data-imagetoolboxmode=\"mouseover\" data-effect=\"fade\" data-padding=\"12\" data-bgcolor=\"\" data-bgimage=\"\" data-thumbwidth=\"120\" data-thumbheight=\"60\" data-thumbgap=\"8\" data-thumbrowgap=\"16\" data-lightboxtextheight=\"72\" data-lightboxtitlecss=\"{color:#333333; font:bold 12px Arial,Helvetica,sans-serif; overflow:hidden; white-space:normal; line-height:18px;}\" data-lightboxdescriptioncss=\"{color:#333333; font:normal 12px Arial,Helvetica,sans-serif; overflow:hidden; white-space:normal; line-height:14px;}\" data-titlecss=\"{color:#ffffff; font-size:14px; font-family:Armata, sans-serif, Arial; overflow:hidden; text-align:left; padding:10px 0px 10px 10px; background:rgb(102, 102, 102) transparent; background:rgba(102, 102, 102, 0.6);}\" data-descriptioncss=\"{color:#ffffff; font-size:13px; font-family:Armata, sans-serif, Arial; overflow:hidden; text-align:left; padding:0px 0px 10px 10px; background:rgb(102, 102, 102) transparent; background:rgba(102, 102, 102, 0.6);}\" data-titleheight=\"72\" data-titlesmallscreenwidth=\"640\" data-titleheightsmallscreen=\"148\" data-socialmode=\"mouseover\" data-socialposition=\"position:absolute;top:8px;right:8px;\" data-socialpositionlightbox=\"position:absolute;top:8px;right:8px;\" data-socialdirection=\"horizontal\" data-socialbuttonsize=\"32\" data-socialbuttonfontsize=\"18\" data-defaultvideovolume=\"1\" data-thumbtitleheight=\"24\" data-thumbmediumtitleheight=\"48\" data-thumbsmalltitleheight=\"72\" data-triggerresizedelay=\"100\" data-thumbmediumsize=\"800\" data-thumbsmallsize=\"480\" data-thumbmediumwidth=\"64\" data-thumbmediumheight=\"64\" data-thumbsmallwidth=\"48\" data-thumbsmallheight=\"48\" data-imgtitle=\"title\" data-jsfolder=\"https:\/\/jornaldasoficinas.com\/pt\/wp-content\/plugins\/wonderplugin-gallery\/engine\/\" style=\"display:none;\" ><a class=\"html5galleryimglink\" href=\"https:\/\/jornaldasoficinas.com\/pt\/wp-content\/uploads\/2019\/11\/ConvencaoAnecra\/IMG_2594.jpg\" data-mediatype=1><img decoding=\"async\" class=\"html5galleryimg html5gallery-tn-image\" src=\"https:\/\/jornaldasoficinas.com\/pt\/wp-content\/uploads\/2019\/11\/ConvencaoAnecra\/IMG_2594-150x85.jpg\" alt=\"IMG_2594\"><\/a><div class=\"html5gallery-info\"><div class=\"html5gallery-title\">IMG_2594<\/div><\/div><a class=\"html5galleryimglink\" href=\"https:\/\/jornaldasoficinas.com\/pt\/wp-content\/uploads\/2019\/11\/ConvencaoAnecra\/IMG_2596.jpg\" data-mediatype=1><img decoding=\"async\" class=\"html5galleryimg html5gallery-tn-image\" src=\"https:\/\/jornaldasoficinas.com\/pt\/wp-content\/uploads\/2019\/11\/ConvencaoAnecra\/IMG_2596-150x85.jpg\" alt=\"IMG_2596\"><\/a><div class=\"html5gallery-info\"><div class=\"html5gallery-title\">IMG_2596<\/div><\/div><a class=\"html5galleryimglink\" href=\"https:\/\/jornaldasoficinas.com\/pt\/wp-content\/uploads\/2019\/11\/ConvencaoAnecra\/IMG_2598.jpg\" data-mediatype=1><img decoding=\"async\" class=\"html5galleryimg html5gallery-tn-image\" src=\"https:\/\/jornaldasoficinas.com\/pt\/wp-content\/uploads\/2019\/11\/ConvencaoAnecra\/IMG_2598-150x85.jpg\" alt=\"IMG_2598\"><\/a><div class=\"html5gallery-info\"><div class=\"html5gallery-title\">IMG_2598<\/div><\/div><a class=\"html5galleryimglink\" href=\"https:\/\/jornaldasoficinas.com\/pt\/wp-content\/uploads\/IMG_2601.jpg\" data-mediatype=1><img decoding=\"async\" class=\"html5galleryimg html5gallery-tn-image\" src=\"https:\/\/jornaldasoficinas.com\/pt\/wp-content\/uploads\/IMG_2601-150x85.jpg\" alt=\"IMG_2601\"><\/a><div class=\"html5gallery-info\"><div class=\"html5gallery-title\">IMG_2601<\/div><\/div><a class=\"html5galleryimglink\" href=\"https:\/\/jornaldasoficinas.com\/pt\/wp-content\/uploads\/IMG_2606.jpg\" data-mediatype=1><img decoding=\"async\" class=\"html5galleryimg html5gallery-tn-image\" src=\"https:\/\/jornaldasoficinas.com\/pt\/wp-content\/uploads\/IMG_2606-150x85.jpg\" alt=\"IMG_2606\"><\/a><div class=\"html5gallery-info\"><div class=\"html5gallery-title\">IMG_2606<\/div><\/div><a class=\"html5galleryimglink\" href=\"https:\/\/jornaldasoficinas.com\/pt\/wp-content\/uploads\/IMG_2609.jpg\" data-mediatype=1><img decoding=\"async\" class=\"html5galleryimg html5gallery-tn-image\" src=\"https:\/\/jornaldasoficinas.com\/pt\/wp-content\/uploads\/IMG_2609-150x85.jpg\" alt=\"IMG_2609\"><\/a><div class=\"html5gallery-info\"><div class=\"html5gallery-title\">IMG_2609<\/div><\/div><a class=\"html5galleryimglink\" href=\"https:\/\/jornaldasoficinas.com\/pt\/wp-content\/uploads\/IMG_2613.jpg\" data-mediatype=1><img decoding=\"async\" class=\"html5galleryimg html5gallery-tn-image\" src=\"https:\/\/jornaldasoficinas.com\/pt\/wp-content\/uploads\/IMG_2613-150x85.jpg\" alt=\"IMG_2613\"><\/a><div class=\"html5gallery-info\"><div class=\"html5gallery-title\">IMG_2613<\/div><\/div><a class=\"html5galleryimglink\" href=\"https:\/\/jornaldasoficinas.com\/pt\/wp-content\/uploads\/IMG_2636.jpg\" data-mediatype=1><img decoding=\"async\" class=\"html5galleryimg html5gallery-tn-image\" src=\"https:\/\/jornaldasoficinas.com\/pt\/wp-content\/uploads\/IMG_2636-150x85.jpg\" alt=\"IMG_2636\"><\/a><div class=\"html5gallery-info\"><div class=\"html5gallery-title\">IMG_2636<\/div><\/div><a class=\"html5galleryimglink\" href=\"https:\/\/jornaldasoficinas.com\/pt\/wp-content\/uploads\/IMG_2645.jpg\" data-mediatype=1><img decoding=\"async\" class=\"html5galleryimg html5gallery-tn-image\" src=\"https:\/\/jornaldasoficinas.com\/pt\/wp-content\/uploads\/IMG_2645-150x85.jpg\" alt=\"IMG_2645\"><\/a><div class=\"html5gallery-info\"><div class=\"html5gallery-title\">IMG_2645<\/div><\/div><a class=\"html5galleryimglink\" href=\"https:\/\/jornaldasoficinas.com\/pt\/wp-content\/uploads\/IMG_2648.jpg\" data-mediatype=1><img decoding=\"async\" class=\"html5galleryimg html5gallery-tn-image\" src=\"https:\/\/jornaldasoficinas.com\/pt\/wp-content\/uploads\/IMG_2648-150x85.jpg\" alt=\"IMG_2648\"><\/a><div class=\"html5gallery-info\"><div class=\"html5gallery-title\">IMG_2648<\/div><\/div><a class=\"html5galleryimglink\" href=\"https:\/\/jornaldasoficinas.com\/pt\/wp-content\/uploads\/IMG_2655.jpg\" data-mediatype=1><img decoding=\"async\" class=\"html5galleryimg html5gallery-tn-image\" src=\"https:\/\/jornaldasoficinas.com\/pt\/wp-content\/uploads\/IMG_2655-150x85.jpg\" alt=\"IMG_2655\"><\/a><div class=\"html5gallery-info\"><div class=\"html5gallery-title\">IMG_2655<\/div><\/div><a class=\"html5galleryimglink\" href=\"https:\/\/jornaldasoficinas.com\/pt\/wp-content\/uploads\/IMG_2658.jpg\" data-mediatype=1><img decoding=\"async\" class=\"html5galleryimg html5gallery-tn-image\" src=\"https:\/\/jornaldasoficinas.com\/pt\/wp-content\/uploads\/IMG_2658-150x85.jpg\" alt=\"IMG_2658\"><\/a><div class=\"html5gallery-info\"><div class=\"html5gallery-title\">IMG_2658<\/div><\/div><a class=\"html5galleryimglink\" href=\"https:\/\/jornaldasoficinas.com\/pt\/wp-content\/uploads\/IMG_2663.jpg\" data-mediatype=1><img decoding=\"async\" class=\"html5galleryimg html5gallery-tn-image\" src=\"https:\/\/jornaldasoficinas.com\/pt\/wp-content\/uploads\/IMG_2663-150x85.jpg\" alt=\"IMG_2663\"><\/a><div class=\"html5gallery-info\"><div class=\"html5gallery-title\">IMG_2663<\/div><\/div><a class=\"html5galleryimglink\" href=\"https:\/\/jornaldasoficinas.com\/pt\/wp-content\/uploads\/IMG_2665.jpg\" data-mediatype=1><img decoding=\"async\" class=\"html5galleryimg html5gallery-tn-image\" src=\"https:\/\/jornaldasoficinas.com\/pt\/wp-content\/uploads\/IMG_2665-150x85.jpg\" alt=\"IMG_2665\"><\/a><div class=\"html5gallery-info\"><div class=\"html5gallery-title\">IMG_2665<\/div><\/div><a class=\"html5galleryimglink\" href=\"https:\/\/jornaldasoficinas.com\/pt\/wp-content\/uploads\/IMG_2669.jpg\" data-mediatype=1><img decoding=\"async\" class=\"html5galleryimg html5gallery-tn-image\" src=\"https:\/\/jornaldasoficinas.com\/pt\/wp-content\/uploads\/IMG_2669-150x85.jpg\" alt=\"IMG_2669\"><\/a><div class=\"html5gallery-info\"><div class=\"html5gallery-title\">IMG_2669<\/div><\/div><a class=\"html5galleryimglink\" href=\"https:\/\/jornaldasoficinas.com\/pt\/wp-content\/uploads\/IMG_2673.jpg\" data-mediatype=1><img decoding=\"async\" class=\"html5galleryimg html5gallery-tn-image\" src=\"https:\/\/jornaldasoficinas.com\/pt\/wp-content\/uploads\/IMG_2673-150x85.jpg\" alt=\"IMG_2673\"><\/a><div class=\"html5gallery-info\"><div class=\"html5gallery-title\">IMG_2673<\/div><\/div><a class=\"html5galleryimglink\" href=\"https:\/\/jornaldasoficinas.com\/pt\/wp-content\/uploads\/IMG_2685.jpg\" data-mediatype=1><img decoding=\"async\" class=\"html5galleryimg html5gallery-tn-image\" src=\"https:\/\/jornaldasoficinas.com\/pt\/wp-content\/uploads\/IMG_2685-150x85.jpg\" alt=\"IMG_2685\"><\/a><div class=\"html5gallery-info\"><div class=\"html5gallery-title\">IMG_2685<\/div><\/div><a class=\"html5galleryimglink\" href=\"https:\/\/jornaldasoficinas.com\/pt\/wp-content\/uploads\/IMG_2696.jpg\" data-mediatype=1><img decoding=\"async\" class=\"html5galleryimg html5gallery-tn-image\" src=\"https:\/\/jornaldasoficinas.com\/pt\/wp-content\/uploads\/IMG_2696-150x85.jpg\" alt=\"IMG_2696\"><\/a><div class=\"html5gallery-info\"><div class=\"html5gallery-title\">IMG_2696<\/div><\/div><a class=\"html5galleryimglink\" href=\"https:\/\/jornaldasoficinas.com\/pt\/wp-content\/uploads\/IMG_2699.jpg\" data-mediatype=1><img decoding=\"async\" class=\"html5galleryimg html5gallery-tn-image\" src=\"https:\/\/jornaldasoficinas.com\/pt\/wp-content\/uploads\/IMG_2699-150x85.jpg\" alt=\"IMG_2699\"><\/a><div class=\"html5gallery-info\"><div class=\"html5gallery-title\">IMG_2699<\/div><\/div><a class=\"html5galleryimglink\" href=\"https:\/\/jornaldasoficinas.com\/pt\/wp-content\/uploads\/IMG_2711.jpg\" data-mediatype=1><img decoding=\"async\" class=\"html5galleryimg html5gallery-tn-image\" src=\"https:\/\/jornaldasoficinas.com\/pt\/wp-content\/uploads\/IMG_2711-150x85.jpg\" alt=\"IMG_2711\"><\/a><div class=\"html5gallery-info\"><div class=\"html5gallery-title\">IMG_2711<\/div><\/div><a class=\"html5galleryimglink\" href=\"https:\/\/jornaldasoficinas.com\/pt\/wp-content\/uploads\/IMG_2715.jpg\" data-mediatype=1><img decoding=\"async\" class=\"html5galleryimg html5gallery-tn-image\" src=\"https:\/\/jornaldasoficinas.com\/pt\/wp-content\/uploads\/IMG_2715-150x85.jpg\" alt=\"IMG_2715\"><\/a><div class=\"html5gallery-info\"><div class=\"html5gallery-title\">IMG_2715<\/div><\/div><a class=\"html5galleryimglink\" href=\"https:\/\/jornaldasoficinas.com\/pt\/wp-content\/uploads\/IMG_2717.jpg\" data-mediatype=1><img decoding=\"async\" class=\"html5galleryimg html5gallery-tn-image\" src=\"https:\/\/jornaldasoficinas.com\/pt\/wp-content\/uploads\/IMG_2717-150x85.jpg\" alt=\"IMG_2717\"><\/a><div class=\"html5gallery-info\"><div class=\"html5gallery-title\">IMG_2717<\/div><\/div><a class=\"html5galleryimglink\" href=\"https:\/\/jornaldasoficinas.com\/pt\/wp-content\/uploads\/IMG_2721.jpg\" data-mediatype=1><img decoding=\"async\" class=\"html5galleryimg html5gallery-tn-image\" src=\"https:\/\/jornaldasoficinas.com\/pt\/wp-content\/uploads\/IMG_2721-150x85.jpg\" alt=\"IMG_2721\"><\/a><div class=\"html5gallery-info\"><div class=\"html5gallery-title\">IMG_2721<\/div><\/div><a class=\"html5galleryimglink\" href=\"https:\/\/jornaldasoficinas.com\/pt\/wp-content\/uploads\/IMG_2726.jpg\" data-mediatype=1><img decoding=\"async\" class=\"html5galleryimg html5gallery-tn-image\" src=\"https:\/\/jornaldasoficinas.com\/pt\/wp-content\/uploads\/IMG_2726-150x85.jpg\" alt=\"IMG_2726\"><\/a><div class=\"html5gallery-info\"><div class=\"html5gallery-title\">IMG_2726<\/div><\/div><a class=\"html5galleryimglink\" href=\"https:\/\/jornaldasoficinas.com\/pt\/wp-content\/uploads\/IMG_2732.jpg\" data-mediatype=1><img decoding=\"async\" class=\"html5galleryimg html5gallery-tn-image\" src=\"https:\/\/jornaldasoficinas.com\/pt\/wp-content\/uploads\/IMG_2732-150x85.jpg\" alt=\"IMG_2732\"><\/a><div class=\"html5gallery-info\"><div class=\"html5gallery-title\">IMG_2732<\/div><\/div><a class=\"html5galleryimglink\" href=\"https:\/\/jornaldasoficinas.com\/pt\/wp-content\/uploads\/IMG_2739.jpg\" data-mediatype=1><img decoding=\"async\" class=\"html5galleryimg html5gallery-tn-image\" src=\"https:\/\/jornaldasoficinas.com\/pt\/wp-content\/uploads\/IMG_2739-150x85.jpg\" alt=\"IMG_2739\"><\/a><div class=\"html5gallery-info\"><div class=\"html5gallery-title\">IMG_2739<\/div><\/div><a class=\"html5galleryimglink\" href=\"https:\/\/jornaldasoficinas.com\/pt\/wp-content\/uploads\/IMG_2743.jpg\" data-mediatype=1><img decoding=\"async\" class=\"html5galleryimg html5gallery-tn-image\" src=\"https:\/\/jornaldasoficinas.com\/pt\/wp-content\/uploads\/IMG_2743-150x85.jpg\" alt=\"IMG_2743\"><\/a><div class=\"html5gallery-info\"><div class=\"html5gallery-title\">IMG_2743<\/div><\/div><a class=\"html5galleryimglink\" href=\"https:\/\/jornaldasoficinas.com\/pt\/wp-content\/uploads\/IMG_2757.jpg\" data-mediatype=1><img decoding=\"async\" class=\"html5galleryimg html5gallery-tn-image\" src=\"https:\/\/jornaldasoficinas.com\/pt\/wp-content\/uploads\/IMG_2757-150x85.jpg\" alt=\"IMG_2757\"><\/a><div class=\"html5gallery-info\"><div class=\"html5gallery-title\">IMG_2757<\/div><\/div><\/div><\/div>\n","protected":false},"excerpt":{"rendered":"<p>H\u00e1 precisamente 30 anos que, de&#8230;<\/p>\n","protected":false},"author":15,"featured_media":6518,"comment_status":"closed","ping_status":"closed","sticky":false,"template":"","format":"standard","meta":{"footnotes":""},"categories":[29],"tags":[137,364,737,745,738,188,747,739,736,490,744,742,746,743,740,741],"class_list":["post-6517","post","type-post","status-publish","format-standard","has-post-thumbnail","hentry","category-empresas","tag-anecra","tag-arval","tag-audatex","tag-auto-india","tag-cesvimap","tag-cga-car-service","tag-cip","tag-impoeste","tag-lauch-iberica","tag-polivalor","tag-roady","tag-soulima","tag-spinerg","tag-toyota-caetano-portugal","tag-tranquilidade","tag-yes-car"],"yoast_head":"<!-- This site is optimized with the Yoast SEO plugin v27.4 - https:\/\/yoast.com\/product\/yoast-seo-wordpress\/ -->\n<title>Conven\u00e7\u00e3o Anual ANECRA: tradi\u00e7\u00e3o com tr\u00eas d\u00e9cadas de exist\u00eancia - Jornal das Oficinas<\/title>\n<meta name=\"robots\" content=\"index, follow, max-snippet:-1, max-image-preview:large, max-video-preview:-1\" \/>\n<link rel=\"canonical\" href=\"https:\/\/jornaldasoficinas.com\/pt\/convencao-anecra-tradicao-com-30-anos-de-vida\/\" \/>\n<meta property=\"og:locale\" content=\"pt_PT\" \/>\n<meta property=\"og:type\" content=\"article\" \/>\n<meta property=\"og:title\" content=\"Conven\u00e7\u00e3o Anual ANECRA: tradi\u00e7\u00e3o com tr\u00eas d\u00e9cadas de exist\u00eancia - Jornal das Oficinas\" \/>\n<meta property=\"og:description\" content=\"H\u00e1 precisamente 30 anos que, de...\" \/>\n<meta property=\"og:url\" content=\"https:\/\/jornaldasoficinas.com\/pt\/convencao-anecra-tradicao-com-30-anos-de-vida\/\" \/>\n<meta property=\"og:site_name\" content=\"Jornal das Oficinas\" \/>\n<meta property=\"article:publisher\" content=\"https:\/\/www.facebook.com\/jornaloficinas\" \/>\n<meta property=\"article:published_time\" content=\"2019-11-11T10:31:03+00:00\" \/>\n<meta property=\"article:modified_time\" content=\"2023-07-19T14:58:17+00:00\" \/>\n<meta property=\"og:image\" content=\"https:\/\/jornaldasoficinas.com\/pt\/wp-content\/uploads\/entrada.jpg\" \/>\n\t<meta property=\"og:image:width\" content=\"1024\" \/>\n\t<meta property=\"og:image:height\" content=\"581\" \/>\n\t<meta property=\"og:image:type\" content=\"image\/jpeg\" \/>\n<meta name=\"author\" content=\"Reda\u00e7\u00e3o JO\" \/>\n<meta name=\"twitter:card\" content=\"summary_large_image\" \/>\n<meta name=\"twitter:creator\" content=\"@jornaloficinas\" \/>\n<meta name=\"twitter:site\" content=\"@jornaloficinas\" \/>\n<meta name=\"twitter:label1\" content=\"Escrito por\" \/>\n\t<meta name=\"twitter:data1\" content=\"Reda\u00e7\u00e3o JO\" \/>\n\t<meta name=\"twitter:label2\" content=\"Tempo estimado de leitura\" \/>\n\t<meta name=\"twitter:data2\" content=\"5 minutos\" \/>\n<script type=\"application\/ld+json\" class=\"yoast-schema-graph\">{\"@context\":\"https:\\\/\\\/schema.org\",\"@graph\":[{\"@type\":\"Article\",\"@id\":\"https:\\\/\\\/jornaldasoficinas.com\\\/pt\\\/convencao-anecra-tradicao-com-30-anos-de-vida\\\/#article\",\"isPartOf\":{\"@id\":\"https:\\\/\\\/jornaldasoficinas.com\\\/pt\\\/convencao-anecra-tradicao-com-30-anos-de-vida\\\/\"},\"author\":{\"name\":\"Reda\u00e7\u00e3o JO\",\"@id\":\"https:\\\/\\\/jornaldasoficinas.com\\\/pt\\\/#\\\/schema\\\/person\\\/a38eef5de2c41d9e7c9ac10141afddf3\"},\"headline\":\"Conven\u00e7\u00e3o Anual ANECRA: tradi\u00e7\u00e3o com tr\u00eas d\u00e9cadas de exist\u00eancia\",\"datePublished\":\"2019-11-11T10:31:03+00:00\",\"dateModified\":\"2023-07-19T14:58:17+00:00\",\"mainEntityOfPage\":{\"@id\":\"https:\\\/\\\/jornaldasoficinas.com\\\/pt\\\/convencao-anecra-tradicao-com-30-anos-de-vida\\\/\"},\"wordCount\":992,\"publisher\":{\"@id\":\"https:\\\/\\\/jornaldasoficinas.com\\\/pt\\\/#organization\"},\"image\":{\"@id\":\"https:\\\/\\\/jornaldasoficinas.com\\\/pt\\\/convencao-anecra-tradicao-com-30-anos-de-vida\\\/#primaryimage\"},\"thumbnailUrl\":\"https:\\\/\\\/jornaldasoficinas.com\\\/pt\\\/wp-content\\\/uploads\\\/entrada.jpg\",\"keywords\":[\"ANECRA\",\"Arval\",\"Audatex\",\"Auto \u00cdndia\",\"CESVIMAP\",\"CGA Car Service\",\"CIP\",\"Impoeste\",\"Lauch Ib\u00e9rica\",\"Polivalor\",\"Roady\",\"Soulima\",\"Spinerg\",\"Toyota Caetano Portugal\",\"Tranquilidade\",\"Yes Car\"],\"articleSection\":[\"Empresas\"],\"inLanguage\":\"pt-PT\"},{\"@type\":\"WebPage\",\"@id\":\"https:\\\/\\\/jornaldasoficinas.com\\\/pt\\\/convencao-anecra-tradicao-com-30-anos-de-vida\\\/\",\"url\":\"https:\\\/\\\/jornaldasoficinas.com\\\/pt\\\/convencao-anecra-tradicao-com-30-anos-de-vida\\\/\",\"name\":\"Conven\u00e7\u00e3o Anual ANECRA: tradi\u00e7\u00e3o com tr\u00eas d\u00e9cadas de exist\u00eancia - Jornal das Oficinas\",\"isPartOf\":{\"@id\":\"https:\\\/\\\/jornaldasoficinas.com\\\/pt\\\/#website\"},\"primaryImageOfPage\":{\"@id\":\"https:\\\/\\\/jornaldasoficinas.com\\\/pt\\\/convencao-anecra-tradicao-com-30-anos-de-vida\\\/#primaryimage\"},\"image\":{\"@id\":\"https:\\\/\\\/jornaldasoficinas.com\\\/pt\\\/convencao-anecra-tradicao-com-30-anos-de-vida\\\/#primaryimage\"},\"thumbnailUrl\":\"https:\\\/\\\/jornaldasoficinas.com\\\/pt\\\/wp-content\\\/uploads\\\/entrada.jpg\",\"datePublished\":\"2019-11-11T10:31:03+00:00\",\"dateModified\":\"2023-07-19T14:58:17+00:00\",\"breadcrumb\":{\"@id\":\"https:\\\/\\\/jornaldasoficinas.com\\\/pt\\\/convencao-anecra-tradicao-com-30-anos-de-vida\\\/#breadcrumb\"},\"inLanguage\":\"pt-PT\",\"potentialAction\":[{\"@type\":\"ReadAction\",\"target\":[\"https:\\\/\\\/jornaldasoficinas.com\\\/pt\\\/convencao-anecra-tradicao-com-30-anos-de-vida\\\/\"]}]},{\"@type\":\"ImageObject\",\"inLanguage\":\"pt-PT\",\"@id\":\"https:\\\/\\\/jornaldasoficinas.com\\\/pt\\\/convencao-anecra-tradicao-com-30-anos-de-vida\\\/#primaryimage\",\"url\":\"https:\\\/\\\/jornaldasoficinas.com\\\/pt\\\/wp-content\\\/uploads\\\/entrada.jpg\",\"contentUrl\":\"https:\\\/\\\/jornaldasoficinas.com\\\/pt\\\/wp-content\\\/uploads\\\/entrada.jpg\",\"width\":1024,\"height\":581},{\"@type\":\"BreadcrumbList\",\"@id\":\"https:\\\/\\\/jornaldasoficinas.com\\\/pt\\\/convencao-anecra-tradicao-com-30-anos-de-vida\\\/#breadcrumb\",\"itemListElement\":[{\"@type\":\"ListItem\",\"position\":1,\"name\":\"In\u00edcio\",\"item\":\"https:\\\/\\\/jornaldasoficinas.com\\\/pt\\\/\"},{\"@type\":\"ListItem\",\"position\":2,\"name\":\"Conven\u00e7\u00e3o Anual ANECRA: tradi\u00e7\u00e3o com tr\u00eas d\u00e9cadas de exist\u00eancia\"}]},{\"@type\":\"WebSite\",\"@id\":\"https:\\\/\\\/jornaldasoficinas.com\\\/pt\\\/#website\",\"url\":\"https:\\\/\\\/jornaldasoficinas.com\\\/pt\\\/\",\"name\":\"Jornal das Oficinas\",\"description\":\"Jornal independente do Aftermarket Autom\u00f3vel em Portugal\",\"publisher\":{\"@id\":\"https:\\\/\\\/jornaldasoficinas.com\\\/pt\\\/#organization\"},\"potentialAction\":[{\"@type\":\"SearchAction\",\"target\":{\"@type\":\"EntryPoint\",\"urlTemplate\":\"https:\\\/\\\/jornaldasoficinas.com\\\/pt\\\/?s={search_term_string}\"},\"query-input\":{\"@type\":\"PropertyValueSpecification\",\"valueRequired\":true,\"valueName\":\"search_term_string\"}}],\"inLanguage\":\"pt-PT\"},{\"@type\":\"Organization\",\"@id\":\"https:\\\/\\\/jornaldasoficinas.com\\\/pt\\\/#organization\",\"name\":\"Jornal das Oficinas\",\"url\":\"https:\\\/\\\/jornaldasoficinas.com\\\/pt\\\/\",\"logo\":{\"@type\":\"ImageObject\",\"inLanguage\":\"pt-PT\",\"@id\":\"https:\\\/\\\/jornaldasoficinas.com\\\/pt\\\/#\\\/schema\\\/logo\\\/image\\\/\",\"url\":\"https:\\\/\\\/jornaldasoficinas.com\\\/pt\\\/wp-content\\\/uploads\\\/logoJO-SEO.png\",\"contentUrl\":\"https:\\\/\\\/jornaldasoficinas.com\\\/pt\\\/wp-content\\\/uploads\\\/logoJO-SEO.png\",\"width\":285,\"height\":450,\"caption\":\"Jornal das Oficinas\"},\"image\":{\"@id\":\"https:\\\/\\\/jornaldasoficinas.com\\\/pt\\\/#\\\/schema\\\/logo\\\/image\\\/\"},\"sameAs\":[\"https:\\\/\\\/www.facebook.com\\\/jornaloficinas\",\"https:\\\/\\\/x.com\\\/jornaloficinas\",\"https:\\\/\\\/www.instagram.com\\\/jornal_oficinas\\\/\",\"https:\\\/\\\/www.linkedin.com\\\/company\\\/jornal-das-oficinas\\\/\",\"https:\\\/\\\/www.youtube.com\\\/channel\\\/UCbQZBqtcvV-oSQrr7RzINGg\"]},{\"@type\":\"Person\",\"@id\":\"https:\\\/\\\/jornaldasoficinas.com\\\/pt\\\/#\\\/schema\\\/person\\\/a38eef5de2c41d9e7c9ac10141afddf3\",\"name\":\"Reda\u00e7\u00e3o JO\",\"image\":{\"@type\":\"ImageObject\",\"inLanguage\":\"pt-PT\",\"@id\":\"https:\\\/\\\/secure.gravatar.com\\\/avatar\\\/71f2fa71737ad68a84fea94bc708ddac8ea5b0c4788dc2ad202f3ccb2887742f?s=96&d=wp_user_avatar&r=g\",\"url\":\"https:\\\/\\\/secure.gravatar.com\\\/avatar\\\/71f2fa71737ad68a84fea94bc708ddac8ea5b0c4788dc2ad202f3ccb2887742f?s=96&d=wp_user_avatar&r=g\",\"contentUrl\":\"https:\\\/\\\/secure.gravatar.com\\\/avatar\\\/71f2fa71737ad68a84fea94bc708ddac8ea5b0c4788dc2ad202f3ccb2887742f?s=96&d=wp_user_avatar&r=g\",\"caption\":\"Reda\u00e7\u00e3o JO\"},\"url\":\"https:\\\/\\\/jornaldasoficinas.com\\\/pt\\\/author\\\/joredacao\\\/\"}]}<\/script>\n<!-- \/ Yoast SEO plugin. -->","yoast_head_json":{"title":"Conven\u00e7\u00e3o Anual ANECRA: tradi\u00e7\u00e3o com tr\u00eas d\u00e9cadas de exist\u00eancia - Jornal das Oficinas","robots":{"index":"index","follow":"follow","max-snippet":"max-snippet:-1","max-image-preview":"max-image-preview:large","max-video-preview":"max-video-preview:-1"},"canonical":"https:\/\/jornaldasoficinas.com\/pt\/convencao-anecra-tradicao-com-30-anos-de-vida\/","og_locale":"pt_PT","og_type":"article","og_title":"Conven\u00e7\u00e3o Anual ANECRA: tradi\u00e7\u00e3o com tr\u00eas d\u00e9cadas de exist\u00eancia - Jornal das Oficinas","og_description":"H\u00e1 precisamente 30 anos que, de...","og_url":"https:\/\/jornaldasoficinas.com\/pt\/convencao-anecra-tradicao-com-30-anos-de-vida\/","og_site_name":"Jornal das Oficinas","article_publisher":"https:\/\/www.facebook.com\/jornaloficinas","article_published_time":"2019-11-11T10:31:03+00:00","article_modified_time":"2023-07-19T14:58:17+00:00","og_image":[{"width":1024,"height":581,"url":"https:\/\/jornaldasoficinas.com\/pt\/wp-content\/uploads\/entrada.jpg","type":"image\/jpeg"}],"author":"Reda\u00e7\u00e3o JO","twitter_card":"summary_large_image","twitter_creator":"@jornaloficinas","twitter_site":"@jornaloficinas","twitter_misc":{"Escrito por":"Reda\u00e7\u00e3o JO","Tempo estimado de leitura":"5 minutos"},"schema":{"@context":"https:\/\/schema.org","@graph":[{"@type":"Article","@id":"https:\/\/jornaldasoficinas.com\/pt\/convencao-anecra-tradicao-com-30-anos-de-vida\/#article","isPartOf":{"@id":"https:\/\/jornaldasoficinas.com\/pt\/convencao-anecra-tradicao-com-30-anos-de-vida\/"},"author":{"name":"Reda\u00e7\u00e3o JO","@id":"https:\/\/jornaldasoficinas.com\/pt\/#\/schema\/person\/a38eef5de2c41d9e7c9ac10141afddf3"},"headline":"Conven\u00e7\u00e3o Anual ANECRA: tradi\u00e7\u00e3o com tr\u00eas d\u00e9cadas de exist\u00eancia","datePublished":"2019-11-11T10:31:03+00:00","dateModified":"2023-07-19T14:58:17+00:00","mainEntityOfPage":{"@id":"https:\/\/jornaldasoficinas.com\/pt\/convencao-anecra-tradicao-com-30-anos-de-vida\/"},"wordCount":992,"publisher":{"@id":"https:\/\/jornaldasoficinas.com\/pt\/#organization"},"image":{"@id":"https:\/\/jornaldasoficinas.com\/pt\/convencao-anecra-tradicao-com-30-anos-de-vida\/#primaryimage"},"thumbnailUrl":"https:\/\/jornaldasoficinas.com\/pt\/wp-content\/uploads\/entrada.jpg","keywords":["ANECRA","Arval","Audatex","Auto \u00cdndia","CESVIMAP","CGA Car Service","CIP","Impoeste","Lauch Ib\u00e9rica","Polivalor","Roady","Soulima","Spinerg","Toyota Caetano Portugal","Tranquilidade","Yes Car"],"articleSection":["Empresas"],"inLanguage":"pt-PT"},{"@type":"WebPage","@id":"https:\/\/jornaldasoficinas.com\/pt\/convencao-anecra-tradicao-com-30-anos-de-vida\/","url":"https:\/\/jornaldasoficinas.com\/pt\/convencao-anecra-tradicao-com-30-anos-de-vida\/","name":"Conven\u00e7\u00e3o Anual ANECRA: tradi\u00e7\u00e3o com tr\u00eas d\u00e9cadas de exist\u00eancia - Jornal das Oficinas","isPartOf":{"@id":"https:\/\/jornaldasoficinas.com\/pt\/#website"},"primaryImageOfPage":{"@id":"https:\/\/jornaldasoficinas.com\/pt\/convencao-anecra-tradicao-com-30-anos-de-vida\/#primaryimage"},"image":{"@id":"https:\/\/jornaldasoficinas.com\/pt\/convencao-anecra-tradicao-com-30-anos-de-vida\/#primaryimage"},"thumbnailUrl":"https:\/\/jornaldasoficinas.com\/pt\/wp-content\/uploads\/entrada.jpg","datePublished":"2019-11-11T10:31:03+00:00","dateModified":"2023-07-19T14:58:17+00:00","breadcrumb":{"@id":"https:\/\/jornaldasoficinas.com\/pt\/convencao-anecra-tradicao-com-30-anos-de-vida\/#breadcrumb"},"inLanguage":"pt-PT","potentialAction":[{"@type":"ReadAction","target":["https:\/\/jornaldasoficinas.com\/pt\/convencao-anecra-tradicao-com-30-anos-de-vida\/"]}]},{"@type":"ImageObject","inLanguage":"pt-PT","@id":"https:\/\/jornaldasoficinas.com\/pt\/convencao-anecra-tradicao-com-30-anos-de-vida\/#primaryimage","url":"https:\/\/jornaldasoficinas.com\/pt\/wp-content\/uploads\/entrada.jpg","contentUrl":"https:\/\/jornaldasoficinas.com\/pt\/wp-content\/uploads\/entrada.jpg","width":1024,"height":581},{"@type":"BreadcrumbList","@id":"https:\/\/jornaldasoficinas.com\/pt\/convencao-anecra-tradicao-com-30-anos-de-vida\/#breadcrumb","itemListElement":[{"@type":"ListItem","position":1,"name":"In\u00edcio","item":"https:\/\/jornaldasoficinas.com\/pt\/"},{"@type":"ListItem","position":2,"name":"Conven\u00e7\u00e3o Anual ANECRA: tradi\u00e7\u00e3o com tr\u00eas d\u00e9cadas de exist\u00eancia"}]},{"@type":"WebSite","@id":"https:\/\/jornaldasoficinas.com\/pt\/#website","url":"https:\/\/jornaldasoficinas.com\/pt\/","name":"Jornal das Oficinas","description":"Jornal independente do Aftermarket Autom\u00f3vel em Portugal","publisher":{"@id":"https:\/\/jornaldasoficinas.com\/pt\/#organization"},"potentialAction":[{"@type":"SearchAction","target":{"@type":"EntryPoint","urlTemplate":"https:\/\/jornaldasoficinas.com\/pt\/?s={search_term_string}"},"query-input":{"@type":"PropertyValueSpecification","valueRequired":true,"valueName":"search_term_string"}}],"inLanguage":"pt-PT"},{"@type":"Organization","@id":"https:\/\/jornaldasoficinas.com\/pt\/#organization","name":"Jornal das Oficinas","url":"https:\/\/jornaldasoficinas.com\/pt\/","logo":{"@type":"ImageObject","inLanguage":"pt-PT","@id":"https:\/\/jornaldasoficinas.com\/pt\/#\/schema\/logo\/image\/","url":"https:\/\/jornaldasoficinas.com\/pt\/wp-content\/uploads\/logoJO-SEO.png","contentUrl":"https:\/\/jornaldasoficinas.com\/pt\/wp-content\/uploads\/logoJO-SEO.png","width":285,"height":450,"caption":"Jornal das Oficinas"},"image":{"@id":"https:\/\/jornaldasoficinas.com\/pt\/#\/schema\/logo\/image\/"},"sameAs":["https:\/\/www.facebook.com\/jornaloficinas","https:\/\/x.com\/jornaloficinas","https:\/\/www.instagram.com\/jornal_oficinas\/","https:\/\/www.linkedin.com\/company\/jornal-das-oficinas\/","https:\/\/www.youtube.com\/channel\/UCbQZBqtcvV-oSQrr7RzINGg"]},{"@type":"Person","@id":"https:\/\/jornaldasoficinas.com\/pt\/#\/schema\/person\/a38eef5de2c41d9e7c9ac10141afddf3","name":"Reda\u00e7\u00e3o JO","image":{"@type":"ImageObject","inLanguage":"pt-PT","@id":"https:\/\/secure.gravatar.com\/avatar\/71f2fa71737ad68a84fea94bc708ddac8ea5b0c4788dc2ad202f3ccb2887742f?s=96&d=wp_user_avatar&r=g","url":"https:\/\/secure.gravatar.com\/avatar\/71f2fa71737ad68a84fea94bc708ddac8ea5b0c4788dc2ad202f3ccb2887742f?s=96&d=wp_user_avatar&r=g","contentUrl":"https:\/\/secure.gravatar.com\/avatar\/71f2fa71737ad68a84fea94bc708ddac8ea5b0c4788dc2ad202f3ccb2887742f?s=96&d=wp_user_avatar&r=g","caption":"Reda\u00e7\u00e3o JO"},"url":"https:\/\/jornaldasoficinas.com\/pt\/author\/joredacao\/"}]}},"_links":{"self":[{"href":"https:\/\/jornaldasoficinas.com\/pt\/wp-json\/wp\/v2\/posts\/6517","targetHints":{"allow":["GET"]}}],"collection":[{"href":"https:\/\/jornaldasoficinas.com\/pt\/wp-json\/wp\/v2\/posts"}],"about":[{"href":"https:\/\/jornaldasoficinas.com\/pt\/wp-json\/wp\/v2\/types\/post"}],"author":[{"embeddable":true,"href":"https:\/\/jornaldasoficinas.com\/pt\/wp-json\/wp\/v2\/users\/15"}],"replies":[{"embeddable":true,"href":"https:\/\/jornaldasoficinas.com\/pt\/wp-json\/wp\/v2\/comments?post=6517"}],"version-history":[{"count":0,"href":"https:\/\/jornaldasoficinas.com\/pt\/wp-json\/wp\/v2\/posts\/6517\/revisions"}],"wp:featuredmedia":[{"embeddable":true,"href":"https:\/\/jornaldasoficinas.com\/pt\/wp-json\/wp\/v2\/media\/6518"}],"wp:attachment":[{"href":"https:\/\/jornaldasoficinas.com\/pt\/wp-json\/wp\/v2\/media?parent=6517"}],"wp:term":[{"taxonomy":"category","embeddable":true,"href":"https:\/\/jornaldasoficinas.com\/pt\/wp-json\/wp\/v2\/categories?post=6517"},{"taxonomy":"post_tag","embeddable":true,"href":"https:\/\/jornaldasoficinas.com\/pt\/wp-json\/wp\/v2\/tags?post=6517"}],"curies":[{"name":"wp","href":"https:\/\/api.w.org\/{rel}","templated":true}]}}