{"id":65433,"date":"2023-04-18T16:22:53","date_gmt":"2023-04-18T15:22:53","guid":{"rendered":"https:\/\/jornaldasoficinas.com\/pt\/?p=65433"},"modified":"2023-04-18T16:26:20","modified_gmt":"2023-04-18T15:26:20","slug":"akzonobel-esclarece-noticia-sobre-mudanca-de-instalacoes","status":"publish","type":"post","link":"https:\/\/jornaldasoficinas.com\/pt\/akzonobel-esclarece-noticia-sobre-mudanca-de-instalacoes\/","title":{"rendered":"AkzoNobel esclarece not\u00edcia sobre mudan\u00e7a de instala\u00e7\u00f5es"},"content":{"rendered":"<p><img loading=\"lazy\" decoding=\"async\" class=\"alignnone size-full wp-image-65434\" src=\"https:\/\/jornaldasoficinas.com\/pt\/wp-content\/uploads\/2023\/04\/AkzoNobel-esclarece-noticia.png\" alt=\"04 - AkzoNobel esclarece noticia\" width=\"1024\" height=\"581\" srcset=\"https:\/\/jornaldasoficinas.com\/pt\/wp-content\/uploads\/2023\/04\/AkzoNobel-esclarece-noticia.png 1024w, https:\/\/jornaldasoficinas.com\/pt\/wp-content\/uploads\/2023\/04\/AkzoNobel-esclarece-noticia-300x170.png 300w, https:\/\/jornaldasoficinas.com\/pt\/wp-content\/uploads\/2023\/04\/AkzoNobel-esclarece-noticia-150x85.png 150w, https:\/\/jornaldasoficinas.com\/pt\/wp-content\/uploads\/2023\/04\/AkzoNobel-esclarece-noticia-768x436.png 768w\" sizes=\"auto, (max-width: 1024px) 100vw, 1024px\" \/><\/p>\n<p><strong>No passado m\u00eas de mar\u00e7o foi publicada uma not\u00edcia sobre a mudan\u00e7a de instala\u00e7\u00f5es da AkzoNobel, cujo conte\u00fado n\u00e3o se aplica \u00e0 unidade de neg\u00f3cio da <a href=\"https:\/\/www.akzonobel.com\/\" target=\"_blank\" rel=\"noopener\">AkzoNobel<\/a> que se dedica \u00e0 Repintura Autom\u00f3vel em Portugal<\/strong><\/p>\n<p>A not\u00edcia est\u00e1 relacionada com outra unidade de neg\u00f3cio da AkzoNobel, neste caso concreto da unidade de neg\u00f3cio DECO da AkzoNobel em Portugal, que acabou de transferir as suas instala\u00e7\u00f5es para o centro empresarial Lionesa Business Hub, em Matosinhos.<\/p>\n<p>Esta mudan\u00e7a assinala uma nova fase da unidade de neg\u00f3cio DECO da AkzoNobel, que tem vindo a refor\u00e7ar a opera\u00e7\u00e3o no pa\u00eds, um processo iniciado com a aquisi\u00e7\u00e3o das Ind\u00fastrias Titan, em 2021.<\/p>\n<p>O portef\u00f3lio da AkzoNobel \u2013 onde se destacam as marcas Titanpro, Titan, Titanlux, Oxiron, Xylazel, Bruguer e Titantech \u2013 est\u00e1 dispon\u00edvel em 150 pontos de venda e em todas as principais ins\u00edgnias da Distribui\u00e7\u00e3o e do Retalho com marcas l\u00edder nas categorias Madeira e Metal.<\/p>\n","protected":false},"excerpt":{"rendered":"<p>No passado m\u00eas de mar\u00e7o foi&#8230;<\/p>\n","protected":false},"author":15,"featured_media":65434,"comment_status":"closed","ping_status":"closed","sticky":false,"template":"","format":"standard","meta":{"footnotes":""},"categories":[2],"tags":[115,5069,5064,5067,148,525,5066,5065,5070,5068],"class_list":["post-65433","post","type-post","status-publish","format-standard","has-post-thumbnail","hentry","category-repintura","tag-akzonobel","tag-bruguer","tag-mudanca-de-instalacoes","tag-oxiron","tag-repintura","tag-titan","tag-titanlux","tag-titanpro","tag-titantech","tag-xylazel"],"yoast_head":"<!-- This site is optimized with the Yoast SEO plugin v27.5 - https:\/\/yoast.com\/product\/yoast-seo-wordpress\/ -->\n<title>AkzoNobel esclarece not\u00edcia sobre mudan\u00e7a de instala\u00e7\u00f5es - Jornal das Oficinas<\/title>\n<meta name=\"description\" content=\"No m\u00eas de mar\u00e7o foi publicada uma not\u00edcia sobre mudan\u00e7a de instala\u00e7\u00f5es da AkzoNobel, cujo conte\u00fado n\u00e3o se aplica \u00e0 unidade de neg\u00f3cio da AkzoNobel\" \/>\n<meta name=\"robots\" content=\"index, follow, max-snippet:-1, max-image-preview:large, max-video-preview:-1\" \/>\n<link rel=\"canonical\" href=\"https:\/\/jornaldasoficinas.com\/pt\/akzonobel-esclarece-noticia-sobre-mudanca-de-instalacoes\/\" \/>\n<meta property=\"og:locale\" content=\"pt_PT\" \/>\n<meta property=\"og:type\" content=\"article\" \/>\n<meta property=\"og:title\" content=\"AkzoNobel esclarece not\u00edcia sobre mudan\u00e7a de instala\u00e7\u00f5es - Jornal das Oficinas\" \/>\n<meta property=\"og:description\" content=\"No m\u00eas de mar\u00e7o foi publicada uma not\u00edcia sobre mudan\u00e7a de instala\u00e7\u00f5es da AkzoNobel, cujo conte\u00fado n\u00e3o se aplica \u00e0 unidade de neg\u00f3cio da AkzoNobel\" \/>\n<meta property=\"og:url\" content=\"https:\/\/jornaldasoficinas.com\/pt\/akzonobel-esclarece-noticia-sobre-mudanca-de-instalacoes\/\" \/>\n<meta property=\"og:site_name\" content=\"Jornal das Oficinas\" \/>\n<meta property=\"article:publisher\" content=\"https:\/\/www.facebook.com\/jornaloficinas\" \/>\n<meta property=\"article:published_time\" content=\"2023-04-18T15:22:53+00:00\" \/>\n<meta property=\"article:modified_time\" content=\"2023-04-18T15:26:20+00:00\" \/>\n<meta property=\"og:image\" content=\"https:\/\/jornaldasoficinas.com\/pt\/wp-content\/uploads\/2023\/04\/AkzoNobel-esclarece-noticia.png\" \/>\n\t<meta property=\"og:image:width\" content=\"1024\" \/>\n\t<meta property=\"og:image:height\" content=\"581\" \/>\n\t<meta property=\"og:image:type\" content=\"image\/png\" \/>\n<meta name=\"author\" content=\"Reda\u00e7\u00e3o JO\" \/>\n<meta name=\"twitter:card\" content=\"summary_large_image\" \/>\n<meta name=\"twitter:creator\" content=\"@jornaloficinas\" \/>\n<meta name=\"twitter:site\" content=\"@jornaloficinas\" \/>\n<meta name=\"twitter:label1\" content=\"Escrito por\" \/>\n\t<meta name=\"twitter:data1\" content=\"Reda\u00e7\u00e3o JO\" \/>\n\t<meta name=\"twitter:label2\" content=\"Tempo estimado de leitura\" \/>\n\t<meta name=\"twitter:data2\" content=\"1 minuto\" \/>\n<script type=\"application\/ld+json\" class=\"yoast-schema-graph\">{\"@context\":\"https:\\\/\\\/schema.org\",\"@graph\":[{\"@type\":\"Article\",\"@id\":\"https:\\\/\\\/jornaldasoficinas.com\\\/pt\\\/akzonobel-esclarece-noticia-sobre-mudanca-de-instalacoes\\\/#article\",\"isPartOf\":{\"@id\":\"https:\\\/\\\/jornaldasoficinas.com\\\/pt\\\/akzonobel-esclarece-noticia-sobre-mudanca-de-instalacoes\\\/\"},\"author\":{\"name\":\"Reda\u00e7\u00e3o JO\",\"@id\":\"https:\\\/\\\/jornaldasoficinas.com\\\/pt\\\/#\\\/schema\\\/person\\\/a38eef5de2c41d9e7c9ac10141afddf3\"},\"headline\":\"AkzoNobel esclarece not\u00edcia sobre mudan\u00e7a de instala\u00e7\u00f5es\",\"datePublished\":\"2023-04-18T15:22:53+00:00\",\"dateModified\":\"2023-04-18T15:26:20+00:00\",\"mainEntityOfPage\":{\"@id\":\"https:\\\/\\\/jornaldasoficinas.com\\\/pt\\\/akzonobel-esclarece-noticia-sobre-mudanca-de-instalacoes\\\/\"},\"wordCount\":181,\"publisher\":{\"@id\":\"https:\\\/\\\/jornaldasoficinas.com\\\/pt\\\/#organization\"},\"image\":{\"@id\":\"https:\\\/\\\/jornaldasoficinas.com\\\/pt\\\/akzonobel-esclarece-noticia-sobre-mudanca-de-instalacoes\\\/#primaryimage\"},\"thumbnailUrl\":\"https:\\\/\\\/jornaldasoficinas.com\\\/pt\\\/wp-content\\\/uploads\\\/2023\\\/04\\\/AkzoNobel-esclarece-noticia.png\",\"keywords\":[\"AkzoNobel\",\"Bruguer\",\"Mudan\u00e7a de instala\u00e7\u00f5es\",\"Oxiron\",\"Repintura\",\"Titan\",\"Titanlux\",\"Titanpro\",\"Titantech\",\"Xylazel\"],\"articleSection\":[\"Repintura\"],\"inLanguage\":\"pt-PT\"},{\"@type\":\"WebPage\",\"@id\":\"https:\\\/\\\/jornaldasoficinas.com\\\/pt\\\/akzonobel-esclarece-noticia-sobre-mudanca-de-instalacoes\\\/\",\"url\":\"https:\\\/\\\/jornaldasoficinas.com\\\/pt\\\/akzonobel-esclarece-noticia-sobre-mudanca-de-instalacoes\\\/\",\"name\":\"AkzoNobel esclarece not\u00edcia sobre mudan\u00e7a de instala\u00e7\u00f5es - Jornal das Oficinas\",\"isPartOf\":{\"@id\":\"https:\\\/\\\/jornaldasoficinas.com\\\/pt\\\/#website\"},\"primaryImageOfPage\":{\"@id\":\"https:\\\/\\\/jornaldasoficinas.com\\\/pt\\\/akzonobel-esclarece-noticia-sobre-mudanca-de-instalacoes\\\/#primaryimage\"},\"image\":{\"@id\":\"https:\\\/\\\/jornaldasoficinas.com\\\/pt\\\/akzonobel-esclarece-noticia-sobre-mudanca-de-instalacoes\\\/#primaryimage\"},\"thumbnailUrl\":\"https:\\\/\\\/jornaldasoficinas.com\\\/pt\\\/wp-content\\\/uploads\\\/2023\\\/04\\\/AkzoNobel-esclarece-noticia.png\",\"datePublished\":\"2023-04-18T15:22:53+00:00\",\"dateModified\":\"2023-04-18T15:26:20+00:00\",\"description\":\"No m\u00eas de mar\u00e7o foi publicada uma not\u00edcia sobre mudan\u00e7a de instala\u00e7\u00f5es da AkzoNobel, cujo conte\u00fado n\u00e3o se aplica \u00e0 unidade de neg\u00f3cio da AkzoNobel\",\"breadcrumb\":{\"@id\":\"https:\\\/\\\/jornaldasoficinas.com\\\/pt\\\/akzonobel-esclarece-noticia-sobre-mudanca-de-instalacoes\\\/#breadcrumb\"},\"inLanguage\":\"pt-PT\",\"potentialAction\":[{\"@type\":\"ReadAction\",\"target\":[\"https:\\\/\\\/jornaldasoficinas.com\\\/pt\\\/akzonobel-esclarece-noticia-sobre-mudanca-de-instalacoes\\\/\"]}]},{\"@type\":\"ImageObject\",\"inLanguage\":\"pt-PT\",\"@id\":\"https:\\\/\\\/jornaldasoficinas.com\\\/pt\\\/akzonobel-esclarece-noticia-sobre-mudanca-de-instalacoes\\\/#primaryimage\",\"url\":\"https:\\\/\\\/jornaldasoficinas.com\\\/pt\\\/wp-content\\\/uploads\\\/2023\\\/04\\\/AkzoNobel-esclarece-noticia.png\",\"contentUrl\":\"https:\\\/\\\/jornaldasoficinas.com\\\/pt\\\/wp-content\\\/uploads\\\/2023\\\/04\\\/AkzoNobel-esclarece-noticia.png\",\"width\":1024,\"height\":581,\"caption\":\"04 - AkzoNobel esclarece noticia\"},{\"@type\":\"BreadcrumbList\",\"@id\":\"https:\\\/\\\/jornaldasoficinas.com\\\/pt\\\/akzonobel-esclarece-noticia-sobre-mudanca-de-instalacoes\\\/#breadcrumb\",\"itemListElement\":[{\"@type\":\"ListItem\",\"position\":1,\"name\":\"In\u00edcio\",\"item\":\"https:\\\/\\\/jornaldasoficinas.com\\\/pt\\\/\"},{\"@type\":\"ListItem\",\"position\":2,\"name\":\"AkzoNobel esclarece not\u00edcia sobre mudan\u00e7a de instala\u00e7\u00f5es\"}]},{\"@type\":\"WebSite\",\"@id\":\"https:\\\/\\\/jornaldasoficinas.com\\\/pt\\\/#website\",\"url\":\"https:\\\/\\\/jornaldasoficinas.com\\\/pt\\\/\",\"name\":\"Jornal das Oficinas\",\"description\":\"Jornal independente do Aftermarket Autom\u00f3vel em Portugal\",\"publisher\":{\"@id\":\"https:\\\/\\\/jornaldasoficinas.com\\\/pt\\\/#organization\"},\"potentialAction\":[{\"@type\":\"SearchAction\",\"target\":{\"@type\":\"EntryPoint\",\"urlTemplate\":\"https:\\\/\\\/jornaldasoficinas.com\\\/pt\\\/?s={search_term_string}\"},\"query-input\":{\"@type\":\"PropertyValueSpecification\",\"valueRequired\":true,\"valueName\":\"search_term_string\"}}],\"inLanguage\":\"pt-PT\"},{\"@type\":\"Organization\",\"@id\":\"https:\\\/\\\/jornaldasoficinas.com\\\/pt\\\/#organization\",\"name\":\"Jornal das Oficinas\",\"url\":\"https:\\\/\\\/jornaldasoficinas.com\\\/pt\\\/\",\"logo\":{\"@type\":\"ImageObject\",\"inLanguage\":\"pt-PT\",\"@id\":\"https:\\\/\\\/jornaldasoficinas.com\\\/pt\\\/#\\\/schema\\\/logo\\\/image\\\/\",\"url\":\"https:\\\/\\\/jornaldasoficinas.com\\\/pt\\\/wp-content\\\/uploads\\\/logoJO-SEO.png\",\"contentUrl\":\"https:\\\/\\\/jornaldasoficinas.com\\\/pt\\\/wp-content\\\/uploads\\\/logoJO-SEO.png\",\"width\":285,\"height\":450,\"caption\":\"Jornal das Oficinas\"},\"image\":{\"@id\":\"https:\\\/\\\/jornaldasoficinas.com\\\/pt\\\/#\\\/schema\\\/logo\\\/image\\\/\"},\"sameAs\":[\"https:\\\/\\\/www.facebook.com\\\/jornaloficinas\",\"https:\\\/\\\/x.com\\\/jornaloficinas\",\"https:\\\/\\\/www.instagram.com\\\/jornal_oficinas\\\/\",\"https:\\\/\\\/www.linkedin.com\\\/company\\\/jornal-das-oficinas\\\/\",\"https:\\\/\\\/www.youtube.com\\\/channel\\\/UCbQZBqtcvV-oSQrr7RzINGg\"]},{\"@type\":\"Person\",\"@id\":\"https:\\\/\\\/jornaldasoficinas.com\\\/pt\\\/#\\\/schema\\\/person\\\/a38eef5de2c41d9e7c9ac10141afddf3\",\"name\":\"Reda\u00e7\u00e3o JO\",\"image\":{\"@type\":\"ImageObject\",\"inLanguage\":\"pt-PT\",\"@id\":\"https:\\\/\\\/secure.gravatar.com\\\/avatar\\\/71f2fa71737ad68a84fea94bc708ddac8ea5b0c4788dc2ad202f3ccb2887742f?s=96&d=wp_user_avatar&r=g\",\"url\":\"https:\\\/\\\/secure.gravatar.com\\\/avatar\\\/71f2fa71737ad68a84fea94bc708ddac8ea5b0c4788dc2ad202f3ccb2887742f?s=96&d=wp_user_avatar&r=g\",\"contentUrl\":\"https:\\\/\\\/secure.gravatar.com\\\/avatar\\\/71f2fa71737ad68a84fea94bc708ddac8ea5b0c4788dc2ad202f3ccb2887742f?s=96&d=wp_user_avatar&r=g\",\"caption\":\"Reda\u00e7\u00e3o JO\"},\"url\":\"https:\\\/\\\/jornaldasoficinas.com\\\/pt\\\/author\\\/joredacao\\\/\"}]}<\/script>\n<!-- \/ Yoast SEO plugin. -->","yoast_head_json":{"title":"AkzoNobel esclarece not\u00edcia sobre mudan\u00e7a de instala\u00e7\u00f5es - Jornal das Oficinas","description":"No m\u00eas de mar\u00e7o foi publicada uma not\u00edcia sobre mudan\u00e7a de instala\u00e7\u00f5es da AkzoNobel, cujo conte\u00fado n\u00e3o se aplica \u00e0 unidade de neg\u00f3cio da AkzoNobel","robots":{"index":"index","follow":"follow","max-snippet":"max-snippet:-1","max-image-preview":"max-image-preview:large","max-video-preview":"max-video-preview:-1"},"canonical":"https:\/\/jornaldasoficinas.com\/pt\/akzonobel-esclarece-noticia-sobre-mudanca-de-instalacoes\/","og_locale":"pt_PT","og_type":"article","og_title":"AkzoNobel esclarece not\u00edcia sobre mudan\u00e7a de instala\u00e7\u00f5es - Jornal das Oficinas","og_description":"No m\u00eas de mar\u00e7o foi publicada uma not\u00edcia sobre mudan\u00e7a de instala\u00e7\u00f5es da AkzoNobel, cujo conte\u00fado n\u00e3o se aplica \u00e0 unidade de neg\u00f3cio da AkzoNobel","og_url":"https:\/\/jornaldasoficinas.com\/pt\/akzonobel-esclarece-noticia-sobre-mudanca-de-instalacoes\/","og_site_name":"Jornal das Oficinas","article_publisher":"https:\/\/www.facebook.com\/jornaloficinas","article_published_time":"2023-04-18T15:22:53+00:00","article_modified_time":"2023-04-18T15:26:20+00:00","og_image":[{"width":1024,"height":581,"url":"https:\/\/jornaldasoficinas.com\/pt\/wp-content\/uploads\/2023\/04\/AkzoNobel-esclarece-noticia.png","type":"image\/png"}],"author":"Reda\u00e7\u00e3o JO","twitter_card":"summary_large_image","twitter_creator":"@jornaloficinas","twitter_site":"@jornaloficinas","twitter_misc":{"Escrito por":"Reda\u00e7\u00e3o JO","Tempo estimado de leitura":"1 minuto"},"schema":{"@context":"https:\/\/schema.org","@graph":[{"@type":"Article","@id":"https:\/\/jornaldasoficinas.com\/pt\/akzonobel-esclarece-noticia-sobre-mudanca-de-instalacoes\/#article","isPartOf":{"@id":"https:\/\/jornaldasoficinas.com\/pt\/akzonobel-esclarece-noticia-sobre-mudanca-de-instalacoes\/"},"author":{"name":"Reda\u00e7\u00e3o JO","@id":"https:\/\/jornaldasoficinas.com\/pt\/#\/schema\/person\/a38eef5de2c41d9e7c9ac10141afddf3"},"headline":"AkzoNobel esclarece not\u00edcia sobre mudan\u00e7a de instala\u00e7\u00f5es","datePublished":"2023-04-18T15:22:53+00:00","dateModified":"2023-04-18T15:26:20+00:00","mainEntityOfPage":{"@id":"https:\/\/jornaldasoficinas.com\/pt\/akzonobel-esclarece-noticia-sobre-mudanca-de-instalacoes\/"},"wordCount":181,"publisher":{"@id":"https:\/\/jornaldasoficinas.com\/pt\/#organization"},"image":{"@id":"https:\/\/jornaldasoficinas.com\/pt\/akzonobel-esclarece-noticia-sobre-mudanca-de-instalacoes\/#primaryimage"},"thumbnailUrl":"https:\/\/jornaldasoficinas.com\/pt\/wp-content\/uploads\/2023\/04\/AkzoNobel-esclarece-noticia.png","keywords":["AkzoNobel","Bruguer","Mudan\u00e7a de instala\u00e7\u00f5es","Oxiron","Repintura","Titan","Titanlux","Titanpro","Titantech","Xylazel"],"articleSection":["Repintura"],"inLanguage":"pt-PT"},{"@type":"WebPage","@id":"https:\/\/jornaldasoficinas.com\/pt\/akzonobel-esclarece-noticia-sobre-mudanca-de-instalacoes\/","url":"https:\/\/jornaldasoficinas.com\/pt\/akzonobel-esclarece-noticia-sobre-mudanca-de-instalacoes\/","name":"AkzoNobel esclarece not\u00edcia sobre mudan\u00e7a de instala\u00e7\u00f5es - Jornal das Oficinas","isPartOf":{"@id":"https:\/\/jornaldasoficinas.com\/pt\/#website"},"primaryImageOfPage":{"@id":"https:\/\/jornaldasoficinas.com\/pt\/akzonobel-esclarece-noticia-sobre-mudanca-de-instalacoes\/#primaryimage"},"image":{"@id":"https:\/\/jornaldasoficinas.com\/pt\/akzonobel-esclarece-noticia-sobre-mudanca-de-instalacoes\/#primaryimage"},"thumbnailUrl":"https:\/\/jornaldasoficinas.com\/pt\/wp-content\/uploads\/2023\/04\/AkzoNobel-esclarece-noticia.png","datePublished":"2023-04-18T15:22:53+00:00","dateModified":"2023-04-18T15:26:20+00:00","description":"No m\u00eas de mar\u00e7o foi publicada uma not\u00edcia sobre mudan\u00e7a de instala\u00e7\u00f5es da AkzoNobel, cujo conte\u00fado n\u00e3o se aplica \u00e0 unidade de neg\u00f3cio da AkzoNobel","breadcrumb":{"@id":"https:\/\/jornaldasoficinas.com\/pt\/akzonobel-esclarece-noticia-sobre-mudanca-de-instalacoes\/#breadcrumb"},"inLanguage":"pt-PT","potentialAction":[{"@type":"ReadAction","target":["https:\/\/jornaldasoficinas.com\/pt\/akzonobel-esclarece-noticia-sobre-mudanca-de-instalacoes\/"]}]},{"@type":"ImageObject","inLanguage":"pt-PT","@id":"https:\/\/jornaldasoficinas.com\/pt\/akzonobel-esclarece-noticia-sobre-mudanca-de-instalacoes\/#primaryimage","url":"https:\/\/jornaldasoficinas.com\/pt\/wp-content\/uploads\/2023\/04\/AkzoNobel-esclarece-noticia.png","contentUrl":"https:\/\/jornaldasoficinas.com\/pt\/wp-content\/uploads\/2023\/04\/AkzoNobel-esclarece-noticia.png","width":1024,"height":581,"caption":"04 - AkzoNobel esclarece noticia"},{"@type":"BreadcrumbList","@id":"https:\/\/jornaldasoficinas.com\/pt\/akzonobel-esclarece-noticia-sobre-mudanca-de-instalacoes\/#breadcrumb","itemListElement":[{"@type":"ListItem","position":1,"name":"In\u00edcio","item":"https:\/\/jornaldasoficinas.com\/pt\/"},{"@type":"ListItem","position":2,"name":"AkzoNobel esclarece not\u00edcia sobre mudan\u00e7a de instala\u00e7\u00f5es"}]},{"@type":"WebSite","@id":"https:\/\/jornaldasoficinas.com\/pt\/#website","url":"https:\/\/jornaldasoficinas.com\/pt\/","name":"Jornal das Oficinas","description":"Jornal independente do Aftermarket Autom\u00f3vel em Portugal","publisher":{"@id":"https:\/\/jornaldasoficinas.com\/pt\/#organization"},"potentialAction":[{"@type":"SearchAction","target":{"@type":"EntryPoint","urlTemplate":"https:\/\/jornaldasoficinas.com\/pt\/?s={search_term_string}"},"query-input":{"@type":"PropertyValueSpecification","valueRequired":true,"valueName":"search_term_string"}}],"inLanguage":"pt-PT"},{"@type":"Organization","@id":"https:\/\/jornaldasoficinas.com\/pt\/#organization","name":"Jornal das Oficinas","url":"https:\/\/jornaldasoficinas.com\/pt\/","logo":{"@type":"ImageObject","inLanguage":"pt-PT","@id":"https:\/\/jornaldasoficinas.com\/pt\/#\/schema\/logo\/image\/","url":"https:\/\/jornaldasoficinas.com\/pt\/wp-content\/uploads\/logoJO-SEO.png","contentUrl":"https:\/\/jornaldasoficinas.com\/pt\/wp-content\/uploads\/logoJO-SEO.png","width":285,"height":450,"caption":"Jornal das Oficinas"},"image":{"@id":"https:\/\/jornaldasoficinas.com\/pt\/#\/schema\/logo\/image\/"},"sameAs":["https:\/\/www.facebook.com\/jornaloficinas","https:\/\/x.com\/jornaloficinas","https:\/\/www.instagram.com\/jornal_oficinas\/","https:\/\/www.linkedin.com\/company\/jornal-das-oficinas\/","https:\/\/www.youtube.com\/channel\/UCbQZBqtcvV-oSQrr7RzINGg"]},{"@type":"Person","@id":"https:\/\/jornaldasoficinas.com\/pt\/#\/schema\/person\/a38eef5de2c41d9e7c9ac10141afddf3","name":"Reda\u00e7\u00e3o JO","image":{"@type":"ImageObject","inLanguage":"pt-PT","@id":"https:\/\/secure.gravatar.com\/avatar\/71f2fa71737ad68a84fea94bc708ddac8ea5b0c4788dc2ad202f3ccb2887742f?s=96&d=wp_user_avatar&r=g","url":"https:\/\/secure.gravatar.com\/avatar\/71f2fa71737ad68a84fea94bc708ddac8ea5b0c4788dc2ad202f3ccb2887742f?s=96&d=wp_user_avatar&r=g","contentUrl":"https:\/\/secure.gravatar.com\/avatar\/71f2fa71737ad68a84fea94bc708ddac8ea5b0c4788dc2ad202f3ccb2887742f?s=96&d=wp_user_avatar&r=g","caption":"Reda\u00e7\u00e3o JO"},"url":"https:\/\/jornaldasoficinas.com\/pt\/author\/joredacao\/"}]}},"_links":{"self":[{"href":"https:\/\/jornaldasoficinas.com\/pt\/wp-json\/wp\/v2\/posts\/65433","targetHints":{"allow":["GET"]}}],"collection":[{"href":"https:\/\/jornaldasoficinas.com\/pt\/wp-json\/wp\/v2\/posts"}],"about":[{"href":"https:\/\/jornaldasoficinas.com\/pt\/wp-json\/wp\/v2\/types\/post"}],"author":[{"embeddable":true,"href":"https:\/\/jornaldasoficinas.com\/pt\/wp-json\/wp\/v2\/users\/15"}],"replies":[{"embeddable":true,"href":"https:\/\/jornaldasoficinas.com\/pt\/wp-json\/wp\/v2\/comments?post=65433"}],"version-history":[{"count":0,"href":"https:\/\/jornaldasoficinas.com\/pt\/wp-json\/wp\/v2\/posts\/65433\/revisions"}],"wp:featuredmedia":[{"embeddable":true,"href":"https:\/\/jornaldasoficinas.com\/pt\/wp-json\/wp\/v2\/media\/65434"}],"wp:attachment":[{"href":"https:\/\/jornaldasoficinas.com\/pt\/wp-json\/wp\/v2\/media?parent=65433"}],"wp:term":[{"taxonomy":"category","embeddable":true,"href":"https:\/\/jornaldasoficinas.com\/pt\/wp-json\/wp\/v2\/categories?post=65433"},{"taxonomy":"post_tag","embeddable":true,"href":"https:\/\/jornaldasoficinas.com\/pt\/wp-json\/wp\/v2\/tags?post=65433"}],"curies":[{"name":"wp","href":"https:\/\/api.w.org\/{rel}","templated":true}]}}