{"id":65518,"date":"2023-04-18T09:00:09","date_gmt":"2023-04-18T08:00:09","guid":{"rendered":"https:\/\/jornaldasoficinas.com\/pt\/?p=65518"},"modified":"2023-04-20T09:26:39","modified_gmt":"2023-04-20T08:26:39","slug":"expomecanica-bate-recordes-e-recebe-19-887-visitantes-em-tres-dias","status":"publish","type":"post","link":"https:\/\/jornaldasoficinas.com\/pt\/expomecanica-bate-recordes-e-recebe-19-887-visitantes-em-tres-dias\/","title":{"rendered":"expoMEC\u00c2NICA bate recordes e recebe 19.887 visitantes em tr\u00eas dias"},"content":{"rendered":"<p><strong><img loading=\"lazy\" decoding=\"async\" class=\"alignnone size-full wp-image-65516\" src=\"https:\/\/jornaldasoficinas.com\/pt\/wp-content\/uploads\/2023\/04\/expoMECANICA-bate-recordes-e-recebe-19.887-visitantes-em-tres-dias.jpg\" alt=\"04 - expoMECANICA bate recordes e recebe 19.887 visitantes em tres dias\" width=\"1024\" height=\"581\" srcset=\"https:\/\/jornaldasoficinas.com\/pt\/wp-content\/uploads\/2023\/04\/expoMECANICA-bate-recordes-e-recebe-19.887-visitantes-em-tres-dias.jpg 1024w, https:\/\/jornaldasoficinas.com\/pt\/wp-content\/uploads\/2023\/04\/expoMECANICA-bate-recordes-e-recebe-19.887-visitantes-em-tres-dias-300x170.jpg 300w, https:\/\/jornaldasoficinas.com\/pt\/wp-content\/uploads\/2023\/04\/expoMECANICA-bate-recordes-e-recebe-19.887-visitantes-em-tres-dias-150x85.jpg 150w, https:\/\/jornaldasoficinas.com\/pt\/wp-content\/uploads\/2023\/04\/expoMECANICA-bate-recordes-e-recebe-19.887-visitantes-em-tres-dias-768x436.jpg 768w\" sizes=\"auto, (max-width: 1024px) 100vw, 1024px\" \/><\/strong><\/p>\n<p><strong>Dezanove mil oitocentos e oitenta e sete visitantes profissionais mostraram durante tr\u00eas intensos dias a fibra que d\u00e1 subst\u00e2ncia ao setor do p\u00f3s-venda autom\u00f3vel portugu\u00eas, por ocasi\u00e3o da 8.\u00aa edi\u00e7\u00e3o do <a href=\"http:\/\/expomecanica.pt\/pt\/\">expoMEC\u00c2NICA<\/a> &#8211; Sal\u00e3o de Equipamentos, Servi\u00e7os e Pe\u00e7as Auto. A expoMEC\u00c2NICA \u00a0regressa em 2024, de 8 a 10 de novembro<\/strong><\/p>\n<p>\u00c0 oitava etapa do acontecimento cresce para 1.553 o n\u00famero total dos protagonistas que, com a ajuda dos 19.887 visitantes (e de todos os 94.259 das anteriores edi\u00e7\u00f5es) fazem do expoMEC\u00c2NICA o que \u00e9 hoje: a cimeira maior do aftermarket nacional. Que est\u00e1 inclusive a cativar cada vez mais empresas internacionais a marcar presen\u00e7a.<\/p>\n<p>Desta feita, foram 83 os expositores estrangeiros (oriundos de um total 11 pa\u00edses) \u2013 uma generosa fatia de 30 por cento dos players em mostra. Um n\u00famero recorde que se junta aos outros indicadores (mais de 32 por cento de massa expositiva e quase 31 por cento de visitas, face \u00e0 edi\u00e7\u00e3o de 2021) e que guindam o acontecimento ao seu momento maior.<\/p>\n<p>No balan\u00e7o do evento que \u2013 literalmente &#8211; faz girar Portugal sobre rodas, Jos\u00e9 Manuel Costa, diretor do expoMEC\u00c2NICA 2023, n\u00e3o podia mostrar-se mais realizado, com o \u201csentimento do dever cumprido\u201d e ao \u201cencontro das expetativas que a Organiza\u00e7\u00e3o e os expositores depositaram\u201d no Sal\u00e3o.<\/p>\n<p>\u201cFoi a feira com a maior \u00e1rea de sempre; com o maior n\u00famero de expositores e com o maior \u00edndice de visita\u00e7\u00e3o\u201d, sublinha o respons\u00e1vel organizativo, que enaltece o investimento do tecido empresarial e associativo e o apoio dos media partners na feira e o \u201cincremento not\u00f3rio na qualidade de participa\u00e7\u00e3o\u201d (stands mais vistosos e plenos de dinamismo). O crescimento da componente internacional \u2013 em termos de expositores e, igualmente, visitantes (19.887) &#8211; foi nota dominante e tal refletiu-se na opini\u00e3o dos empres\u00e1rios presentes.<\/p>\n<p>\u00abTivemos uma estreia not\u00e1vel, com muita participa\u00e7\u00e3o nacional e internacional. Houve muitos contactos de neg\u00f3cios, sobretudo fornecedores internacionais\u00bb, referiu Lu\u00eds Machado, da Distrigo e Stellantis &amp; You. Uma opini\u00e3o secundada por Pedro Ferreira, da MCoutinho Pe\u00e7as: \u00abFomos abordados por v\u00e1rios clientes internacionais (da Pol\u00f3nia, It\u00e1lia e Inglaterra), mas sobretudo por espanh\u00f3is\u00bb.<\/p>\n<p>A ideia \u00e9 ainda refor\u00e7ada por Pedro Costa, da PCC- Pinto da Costa &amp; Costa: \u00abEstamos perante uma aposta ganhadora. \u00c9 a feira com mais profissionais e nota-se a presen\u00e7a de fornecedores estrangeiros\u00bb.<\/p>\n<p>Na perspetiva da Cometil, estivemos perante a melhor edi\u00e7\u00e3o de todas. \u00abSexta-feira foi um dia muito forte, acima das outras feiras. \u00c9 a melhor edi\u00e7\u00e3o de todas\u00bb, diz Pedro Jesus. A mesma avalia\u00e7\u00e3o foi feita pela \u201cpioneira e totalista\u201d Cetrus, que acompanha o Sal\u00e3o desde 2014. \u00abEstamos perante a maior feira de sempre e ser\u00e1 tamb\u00e9m a melhor. Vamos continuar a ser totalistas\u00bb, afirmou Edmundo Costa, respons\u00e1vel pela empresa.<\/p>\n<p>Tamb\u00e9m a Caetano Parts constata o crescimento da feira e diz estar perante uma edi\u00e7\u00e3o recordista. A mesma observa\u00e7\u00e3o foi feita por Jos\u00e9 Maria, da Aguado Automoci\u00f3n, acrescentando ainda que o \u00abbalan\u00e7o \u00e9 extremamente positivo\u00bb.<\/p>\n<p>Uma presen\u00e7a muito notada foi a da AD. Este expositor ocupou praticamente o pavilh\u00e3o 3 na sua totalidade e foi muito concorrido. \u00abTivemos centenas de profissionais a visitar o nosso espa\u00e7o. \u00c9 o evento do aftermarket da Pen\u00ednsula Ib\u00e9rica\u00bb, evidenciou Fl\u00e1vio Menino, da AD em Portugal.<\/p>\n<p>Sempre muito concorrida, a espanhola Schaeffler constatou uma forte aposta de outras empresas na forma\u00e7\u00e3o, o que no entender de Paulo Pinto, comercial da Schaeffler, valoriza o que j\u00e1 se tem vindo a fazer a este n\u00edvel na feira. Notou ainda uma edi\u00e7\u00e3o mais participada, com grande aflu\u00eancia ao seu stand.<\/p>\n<p>\u00abTivemos lota\u00e7\u00e3o completa, mais de 500 participantes em dois dias\u00bb.<\/p>\n<p>Em ano de celebra\u00e7\u00e3o dos 25 anos no mercado portugu\u00eas, tamb\u00e9m a Domingos &amp; Morgado elogiou a evolu\u00e7\u00e3o e a qualidade do certame portugu\u00eas. \u00abA feira est\u00e1 compar\u00e1vel aos outros eventos l\u00e1 fora. Muito mais internacional, muito mais t\u00e9cnica, com visitas de extrema qualidade. S\u00f3 quero ter vida para muitas mais edi\u00e7\u00f5es\u00bb, referiu ainda Jos\u00e9 Morgado.<\/p>\n<p>A grande final da competi\u00e7\u00e3o \u201cO Melhor Mecatr\u00f3nico 2023\u201d, dinamizada pela ATEC, em parceria com o Jornal das Oficinas (JO), guindou\u00a0Bruno Teixeira ao p\u00f3dio.<\/p>\n","protected":false},"excerpt":{"rendered":"<p>Dezanove mil oitocentos e oitenta e&#8230;<\/p>\n","protected":false},"author":15,"featured_media":65516,"comment_status":"closed","ping_status":"closed","sticky":false,"template":"","format":"standard","meta":{"footnotes":""},"categories":[4632],"tags":[5095,5096,78],"class_list":["post-65518","post","type-post","status-publish","format-standard","has-post-thumbnail","hentry","category-expomecanica","tag-19-887-visitantes","tag-bate-recordes","tag-expomecanica"],"yoast_head":"<!-- This site is optimized with the Yoast SEO plugin v27.5 - https:\/\/yoast.com\/product\/yoast-seo-wordpress\/ -->\n<title>expoMEC\u00c2NICA bate recordes e recebe 19.887 visitantes em tr\u00eas dias - Jornal das Oficinas<\/title>\n<meta name=\"description\" content=\"Dezanove mil oitocentos e oitenta e sete visitantes profissionais mostraram durante tr\u00eas intensos dias a fibra que d\u00e1 subst\u00e2ncia ao p\u00f3s-venda autom\u00f3vel\" \/>\n<meta name=\"robots\" content=\"index, follow, max-snippet:-1, max-image-preview:large, max-video-preview:-1\" \/>\n<link rel=\"canonical\" href=\"https:\/\/jornaldasoficinas.com\/pt\/expomecanica-bate-recordes-e-recebe-19-887-visitantes-em-tres-dias\/\" \/>\n<meta property=\"og:locale\" content=\"pt_PT\" \/>\n<meta property=\"og:type\" content=\"article\" \/>\n<meta property=\"og:title\" content=\"expoMEC\u00c2NICA bate recordes e recebe 19.887 visitantes em tr\u00eas dias - Jornal das Oficinas\" \/>\n<meta property=\"og:description\" content=\"Dezanove mil oitocentos e oitenta e sete visitantes profissionais mostraram durante tr\u00eas intensos dias a fibra que d\u00e1 subst\u00e2ncia ao p\u00f3s-venda autom\u00f3vel\" \/>\n<meta property=\"og:url\" content=\"https:\/\/jornaldasoficinas.com\/pt\/expomecanica-bate-recordes-e-recebe-19-887-visitantes-em-tres-dias\/\" \/>\n<meta property=\"og:site_name\" content=\"Jornal das Oficinas\" \/>\n<meta property=\"article:publisher\" content=\"https:\/\/www.facebook.com\/jornaloficinas\" \/>\n<meta property=\"article:published_time\" content=\"2023-04-18T08:00:09+00:00\" \/>\n<meta property=\"article:modified_time\" content=\"2023-04-20T08:26:39+00:00\" \/>\n<meta property=\"og:image\" content=\"https:\/\/jornaldasoficinas.com\/pt\/wp-content\/uploads\/2023\/04\/expoMECANICA-bate-recordes-e-recebe-19.887-visitantes-em-tres-dias.jpg\" \/>\n\t<meta property=\"og:image:width\" content=\"1024\" \/>\n\t<meta property=\"og:image:height\" content=\"581\" \/>\n\t<meta property=\"og:image:type\" content=\"image\/jpeg\" \/>\n<meta name=\"author\" content=\"Reda\u00e7\u00e3o JO\" \/>\n<meta name=\"twitter:card\" content=\"summary_large_image\" \/>\n<meta name=\"twitter:creator\" content=\"@jornaloficinas\" \/>\n<meta name=\"twitter:site\" content=\"@jornaloficinas\" \/>\n<meta name=\"twitter:label1\" content=\"Escrito por\" \/>\n\t<meta name=\"twitter:data1\" content=\"Reda\u00e7\u00e3o JO\" \/>\n\t<meta name=\"twitter:label2\" content=\"Tempo estimado de leitura\" \/>\n\t<meta name=\"twitter:data2\" content=\"4 minutos\" \/>\n<script type=\"application\/ld+json\" class=\"yoast-schema-graph\">{\"@context\":\"https:\\\/\\\/schema.org\",\"@graph\":[{\"@type\":\"Article\",\"@id\":\"https:\\\/\\\/jornaldasoficinas.com\\\/pt\\\/expomecanica-bate-recordes-e-recebe-19-887-visitantes-em-tres-dias\\\/#article\",\"isPartOf\":{\"@id\":\"https:\\\/\\\/jornaldasoficinas.com\\\/pt\\\/expomecanica-bate-recordes-e-recebe-19-887-visitantes-em-tres-dias\\\/\"},\"author\":{\"name\":\"Reda\u00e7\u00e3o JO\",\"@id\":\"https:\\\/\\\/jornaldasoficinas.com\\\/pt\\\/#\\\/schema\\\/person\\\/a38eef5de2c41d9e7c9ac10141afddf3\"},\"headline\":\"expoMEC\u00c2NICA bate recordes e recebe 19.887 visitantes em tr\u00eas dias\",\"datePublished\":\"2023-04-18T08:00:09+00:00\",\"dateModified\":\"2023-04-20T08:26:39+00:00\",\"mainEntityOfPage\":{\"@id\":\"https:\\\/\\\/jornaldasoficinas.com\\\/pt\\\/expomecanica-bate-recordes-e-recebe-19-887-visitantes-em-tres-dias\\\/\"},\"wordCount\":729,\"publisher\":{\"@id\":\"https:\\\/\\\/jornaldasoficinas.com\\\/pt\\\/#organization\"},\"image\":{\"@id\":\"https:\\\/\\\/jornaldasoficinas.com\\\/pt\\\/expomecanica-bate-recordes-e-recebe-19-887-visitantes-em-tres-dias\\\/#primaryimage\"},\"thumbnailUrl\":\"https:\\\/\\\/jornaldasoficinas.com\\\/pt\\\/wp-content\\\/uploads\\\/2023\\\/04\\\/expoMECANICA-bate-recordes-e-recebe-19.887-visitantes-em-tres-dias.jpg\",\"keywords\":[\"19.887 visitantes\",\"bate recordes\",\"expoMEC\u00c2NICA\"],\"articleSection\":[\"expoMEC\u00c2NICA\"],\"inLanguage\":\"pt-PT\"},{\"@type\":\"WebPage\",\"@id\":\"https:\\\/\\\/jornaldasoficinas.com\\\/pt\\\/expomecanica-bate-recordes-e-recebe-19-887-visitantes-em-tres-dias\\\/\",\"url\":\"https:\\\/\\\/jornaldasoficinas.com\\\/pt\\\/expomecanica-bate-recordes-e-recebe-19-887-visitantes-em-tres-dias\\\/\",\"name\":\"expoMEC\u00c2NICA bate recordes e recebe 19.887 visitantes em tr\u00eas dias - Jornal das Oficinas\",\"isPartOf\":{\"@id\":\"https:\\\/\\\/jornaldasoficinas.com\\\/pt\\\/#website\"},\"primaryImageOfPage\":{\"@id\":\"https:\\\/\\\/jornaldasoficinas.com\\\/pt\\\/expomecanica-bate-recordes-e-recebe-19-887-visitantes-em-tres-dias\\\/#primaryimage\"},\"image\":{\"@id\":\"https:\\\/\\\/jornaldasoficinas.com\\\/pt\\\/expomecanica-bate-recordes-e-recebe-19-887-visitantes-em-tres-dias\\\/#primaryimage\"},\"thumbnailUrl\":\"https:\\\/\\\/jornaldasoficinas.com\\\/pt\\\/wp-content\\\/uploads\\\/2023\\\/04\\\/expoMECANICA-bate-recordes-e-recebe-19.887-visitantes-em-tres-dias.jpg\",\"datePublished\":\"2023-04-18T08:00:09+00:00\",\"dateModified\":\"2023-04-20T08:26:39+00:00\",\"description\":\"Dezanove mil oitocentos e oitenta e sete visitantes profissionais mostraram durante tr\u00eas intensos dias a fibra que d\u00e1 subst\u00e2ncia ao p\u00f3s-venda autom\u00f3vel\",\"breadcrumb\":{\"@id\":\"https:\\\/\\\/jornaldasoficinas.com\\\/pt\\\/expomecanica-bate-recordes-e-recebe-19-887-visitantes-em-tres-dias\\\/#breadcrumb\"},\"inLanguage\":\"pt-PT\",\"potentialAction\":[{\"@type\":\"ReadAction\",\"target\":[\"https:\\\/\\\/jornaldasoficinas.com\\\/pt\\\/expomecanica-bate-recordes-e-recebe-19-887-visitantes-em-tres-dias\\\/\"]}]},{\"@type\":\"ImageObject\",\"inLanguage\":\"pt-PT\",\"@id\":\"https:\\\/\\\/jornaldasoficinas.com\\\/pt\\\/expomecanica-bate-recordes-e-recebe-19-887-visitantes-em-tres-dias\\\/#primaryimage\",\"url\":\"https:\\\/\\\/jornaldasoficinas.com\\\/pt\\\/wp-content\\\/uploads\\\/2023\\\/04\\\/expoMECANICA-bate-recordes-e-recebe-19.887-visitantes-em-tres-dias.jpg\",\"contentUrl\":\"https:\\\/\\\/jornaldasoficinas.com\\\/pt\\\/wp-content\\\/uploads\\\/2023\\\/04\\\/expoMECANICA-bate-recordes-e-recebe-19.887-visitantes-em-tres-dias.jpg\",\"width\":1024,\"height\":581,\"caption\":\"04 - expoMECANICA bate recordes e recebe 19.887 visitantes em tres dias\"},{\"@type\":\"BreadcrumbList\",\"@id\":\"https:\\\/\\\/jornaldasoficinas.com\\\/pt\\\/expomecanica-bate-recordes-e-recebe-19-887-visitantes-em-tres-dias\\\/#breadcrumb\",\"itemListElement\":[{\"@type\":\"ListItem\",\"position\":1,\"name\":\"In\u00edcio\",\"item\":\"https:\\\/\\\/jornaldasoficinas.com\\\/pt\\\/\"},{\"@type\":\"ListItem\",\"position\":2,\"name\":\"expoMEC\u00c2NICA bate recordes e recebe 19.887 visitantes em tr\u00eas dias\"}]},{\"@type\":\"WebSite\",\"@id\":\"https:\\\/\\\/jornaldasoficinas.com\\\/pt\\\/#website\",\"url\":\"https:\\\/\\\/jornaldasoficinas.com\\\/pt\\\/\",\"name\":\"Jornal das Oficinas\",\"description\":\"Jornal independente do Aftermarket Autom\u00f3vel em Portugal\",\"publisher\":{\"@id\":\"https:\\\/\\\/jornaldasoficinas.com\\\/pt\\\/#organization\"},\"potentialAction\":[{\"@type\":\"SearchAction\",\"target\":{\"@type\":\"EntryPoint\",\"urlTemplate\":\"https:\\\/\\\/jornaldasoficinas.com\\\/pt\\\/?s={search_term_string}\"},\"query-input\":{\"@type\":\"PropertyValueSpecification\",\"valueRequired\":true,\"valueName\":\"search_term_string\"}}],\"inLanguage\":\"pt-PT\"},{\"@type\":\"Organization\",\"@id\":\"https:\\\/\\\/jornaldasoficinas.com\\\/pt\\\/#organization\",\"name\":\"Jornal das Oficinas\",\"url\":\"https:\\\/\\\/jornaldasoficinas.com\\\/pt\\\/\",\"logo\":{\"@type\":\"ImageObject\",\"inLanguage\":\"pt-PT\",\"@id\":\"https:\\\/\\\/jornaldasoficinas.com\\\/pt\\\/#\\\/schema\\\/logo\\\/image\\\/\",\"url\":\"https:\\\/\\\/jornaldasoficinas.com\\\/pt\\\/wp-content\\\/uploads\\\/logoJO-SEO.png\",\"contentUrl\":\"https:\\\/\\\/jornaldasoficinas.com\\\/pt\\\/wp-content\\\/uploads\\\/logoJO-SEO.png\",\"width\":285,\"height\":450,\"caption\":\"Jornal das Oficinas\"},\"image\":{\"@id\":\"https:\\\/\\\/jornaldasoficinas.com\\\/pt\\\/#\\\/schema\\\/logo\\\/image\\\/\"},\"sameAs\":[\"https:\\\/\\\/www.facebook.com\\\/jornaloficinas\",\"https:\\\/\\\/x.com\\\/jornaloficinas\",\"https:\\\/\\\/www.instagram.com\\\/jornal_oficinas\\\/\",\"https:\\\/\\\/www.linkedin.com\\\/company\\\/jornal-das-oficinas\\\/\",\"https:\\\/\\\/www.youtube.com\\\/channel\\\/UCbQZBqtcvV-oSQrr7RzINGg\"]},{\"@type\":\"Person\",\"@id\":\"https:\\\/\\\/jornaldasoficinas.com\\\/pt\\\/#\\\/schema\\\/person\\\/a38eef5de2c41d9e7c9ac10141afddf3\",\"name\":\"Reda\u00e7\u00e3o JO\",\"image\":{\"@type\":\"ImageObject\",\"inLanguage\":\"pt-PT\",\"@id\":\"https:\\\/\\\/secure.gravatar.com\\\/avatar\\\/71f2fa71737ad68a84fea94bc708ddac8ea5b0c4788dc2ad202f3ccb2887742f?s=96&d=wp_user_avatar&r=g\",\"url\":\"https:\\\/\\\/secure.gravatar.com\\\/avatar\\\/71f2fa71737ad68a84fea94bc708ddac8ea5b0c4788dc2ad202f3ccb2887742f?s=96&d=wp_user_avatar&r=g\",\"contentUrl\":\"https:\\\/\\\/secure.gravatar.com\\\/avatar\\\/71f2fa71737ad68a84fea94bc708ddac8ea5b0c4788dc2ad202f3ccb2887742f?s=96&d=wp_user_avatar&r=g\",\"caption\":\"Reda\u00e7\u00e3o JO\"},\"url\":\"https:\\\/\\\/jornaldasoficinas.com\\\/pt\\\/author\\\/joredacao\\\/\"}]}<\/script>\n<!-- \/ Yoast SEO plugin. -->","yoast_head_json":{"title":"expoMEC\u00c2NICA bate recordes e recebe 19.887 visitantes em tr\u00eas dias - Jornal das Oficinas","description":"Dezanove mil oitocentos e oitenta e sete visitantes profissionais mostraram durante tr\u00eas intensos dias a fibra que d\u00e1 subst\u00e2ncia ao p\u00f3s-venda autom\u00f3vel","robots":{"index":"index","follow":"follow","max-snippet":"max-snippet:-1","max-image-preview":"max-image-preview:large","max-video-preview":"max-video-preview:-1"},"canonical":"https:\/\/jornaldasoficinas.com\/pt\/expomecanica-bate-recordes-e-recebe-19-887-visitantes-em-tres-dias\/","og_locale":"pt_PT","og_type":"article","og_title":"expoMEC\u00c2NICA bate recordes e recebe 19.887 visitantes em tr\u00eas dias - Jornal das Oficinas","og_description":"Dezanove mil oitocentos e oitenta e sete visitantes profissionais mostraram durante tr\u00eas intensos dias a fibra que d\u00e1 subst\u00e2ncia ao p\u00f3s-venda autom\u00f3vel","og_url":"https:\/\/jornaldasoficinas.com\/pt\/expomecanica-bate-recordes-e-recebe-19-887-visitantes-em-tres-dias\/","og_site_name":"Jornal das Oficinas","article_publisher":"https:\/\/www.facebook.com\/jornaloficinas","article_published_time":"2023-04-18T08:00:09+00:00","article_modified_time":"2023-04-20T08:26:39+00:00","og_image":[{"width":1024,"height":581,"url":"https:\/\/jornaldasoficinas.com\/pt\/wp-content\/uploads\/2023\/04\/expoMECANICA-bate-recordes-e-recebe-19.887-visitantes-em-tres-dias.jpg","type":"image\/jpeg"}],"author":"Reda\u00e7\u00e3o JO","twitter_card":"summary_large_image","twitter_creator":"@jornaloficinas","twitter_site":"@jornaloficinas","twitter_misc":{"Escrito por":"Reda\u00e7\u00e3o JO","Tempo estimado de leitura":"4 minutos"},"schema":{"@context":"https:\/\/schema.org","@graph":[{"@type":"Article","@id":"https:\/\/jornaldasoficinas.com\/pt\/expomecanica-bate-recordes-e-recebe-19-887-visitantes-em-tres-dias\/#article","isPartOf":{"@id":"https:\/\/jornaldasoficinas.com\/pt\/expomecanica-bate-recordes-e-recebe-19-887-visitantes-em-tres-dias\/"},"author":{"name":"Reda\u00e7\u00e3o JO","@id":"https:\/\/jornaldasoficinas.com\/pt\/#\/schema\/person\/a38eef5de2c41d9e7c9ac10141afddf3"},"headline":"expoMEC\u00c2NICA bate recordes e recebe 19.887 visitantes em tr\u00eas dias","datePublished":"2023-04-18T08:00:09+00:00","dateModified":"2023-04-20T08:26:39+00:00","mainEntityOfPage":{"@id":"https:\/\/jornaldasoficinas.com\/pt\/expomecanica-bate-recordes-e-recebe-19-887-visitantes-em-tres-dias\/"},"wordCount":729,"publisher":{"@id":"https:\/\/jornaldasoficinas.com\/pt\/#organization"},"image":{"@id":"https:\/\/jornaldasoficinas.com\/pt\/expomecanica-bate-recordes-e-recebe-19-887-visitantes-em-tres-dias\/#primaryimage"},"thumbnailUrl":"https:\/\/jornaldasoficinas.com\/pt\/wp-content\/uploads\/2023\/04\/expoMECANICA-bate-recordes-e-recebe-19.887-visitantes-em-tres-dias.jpg","keywords":["19.887 visitantes","bate recordes","expoMEC\u00c2NICA"],"articleSection":["expoMEC\u00c2NICA"],"inLanguage":"pt-PT"},{"@type":"WebPage","@id":"https:\/\/jornaldasoficinas.com\/pt\/expomecanica-bate-recordes-e-recebe-19-887-visitantes-em-tres-dias\/","url":"https:\/\/jornaldasoficinas.com\/pt\/expomecanica-bate-recordes-e-recebe-19-887-visitantes-em-tres-dias\/","name":"expoMEC\u00c2NICA bate recordes e recebe 19.887 visitantes em tr\u00eas dias - Jornal das Oficinas","isPartOf":{"@id":"https:\/\/jornaldasoficinas.com\/pt\/#website"},"primaryImageOfPage":{"@id":"https:\/\/jornaldasoficinas.com\/pt\/expomecanica-bate-recordes-e-recebe-19-887-visitantes-em-tres-dias\/#primaryimage"},"image":{"@id":"https:\/\/jornaldasoficinas.com\/pt\/expomecanica-bate-recordes-e-recebe-19-887-visitantes-em-tres-dias\/#primaryimage"},"thumbnailUrl":"https:\/\/jornaldasoficinas.com\/pt\/wp-content\/uploads\/2023\/04\/expoMECANICA-bate-recordes-e-recebe-19.887-visitantes-em-tres-dias.jpg","datePublished":"2023-04-18T08:00:09+00:00","dateModified":"2023-04-20T08:26:39+00:00","description":"Dezanove mil oitocentos e oitenta e sete visitantes profissionais mostraram durante tr\u00eas intensos dias a fibra que d\u00e1 subst\u00e2ncia ao p\u00f3s-venda autom\u00f3vel","breadcrumb":{"@id":"https:\/\/jornaldasoficinas.com\/pt\/expomecanica-bate-recordes-e-recebe-19-887-visitantes-em-tres-dias\/#breadcrumb"},"inLanguage":"pt-PT","potentialAction":[{"@type":"ReadAction","target":["https:\/\/jornaldasoficinas.com\/pt\/expomecanica-bate-recordes-e-recebe-19-887-visitantes-em-tres-dias\/"]}]},{"@type":"ImageObject","inLanguage":"pt-PT","@id":"https:\/\/jornaldasoficinas.com\/pt\/expomecanica-bate-recordes-e-recebe-19-887-visitantes-em-tres-dias\/#primaryimage","url":"https:\/\/jornaldasoficinas.com\/pt\/wp-content\/uploads\/2023\/04\/expoMECANICA-bate-recordes-e-recebe-19.887-visitantes-em-tres-dias.jpg","contentUrl":"https:\/\/jornaldasoficinas.com\/pt\/wp-content\/uploads\/2023\/04\/expoMECANICA-bate-recordes-e-recebe-19.887-visitantes-em-tres-dias.jpg","width":1024,"height":581,"caption":"04 - expoMECANICA bate recordes e recebe 19.887 visitantes em tres dias"},{"@type":"BreadcrumbList","@id":"https:\/\/jornaldasoficinas.com\/pt\/expomecanica-bate-recordes-e-recebe-19-887-visitantes-em-tres-dias\/#breadcrumb","itemListElement":[{"@type":"ListItem","position":1,"name":"In\u00edcio","item":"https:\/\/jornaldasoficinas.com\/pt\/"},{"@type":"ListItem","position":2,"name":"expoMEC\u00c2NICA bate recordes e recebe 19.887 visitantes em tr\u00eas dias"}]},{"@type":"WebSite","@id":"https:\/\/jornaldasoficinas.com\/pt\/#website","url":"https:\/\/jornaldasoficinas.com\/pt\/","name":"Jornal das Oficinas","description":"Jornal independente do Aftermarket Autom\u00f3vel em Portugal","publisher":{"@id":"https:\/\/jornaldasoficinas.com\/pt\/#organization"},"potentialAction":[{"@type":"SearchAction","target":{"@type":"EntryPoint","urlTemplate":"https:\/\/jornaldasoficinas.com\/pt\/?s={search_term_string}"},"query-input":{"@type":"PropertyValueSpecification","valueRequired":true,"valueName":"search_term_string"}}],"inLanguage":"pt-PT"},{"@type":"Organization","@id":"https:\/\/jornaldasoficinas.com\/pt\/#organization","name":"Jornal das Oficinas","url":"https:\/\/jornaldasoficinas.com\/pt\/","logo":{"@type":"ImageObject","inLanguage":"pt-PT","@id":"https:\/\/jornaldasoficinas.com\/pt\/#\/schema\/logo\/image\/","url":"https:\/\/jornaldasoficinas.com\/pt\/wp-content\/uploads\/logoJO-SEO.png","contentUrl":"https:\/\/jornaldasoficinas.com\/pt\/wp-content\/uploads\/logoJO-SEO.png","width":285,"height":450,"caption":"Jornal das Oficinas"},"image":{"@id":"https:\/\/jornaldasoficinas.com\/pt\/#\/schema\/logo\/image\/"},"sameAs":["https:\/\/www.facebook.com\/jornaloficinas","https:\/\/x.com\/jornaloficinas","https:\/\/www.instagram.com\/jornal_oficinas\/","https:\/\/www.linkedin.com\/company\/jornal-das-oficinas\/","https:\/\/www.youtube.com\/channel\/UCbQZBqtcvV-oSQrr7RzINGg"]},{"@type":"Person","@id":"https:\/\/jornaldasoficinas.com\/pt\/#\/schema\/person\/a38eef5de2c41d9e7c9ac10141afddf3","name":"Reda\u00e7\u00e3o JO","image":{"@type":"ImageObject","inLanguage":"pt-PT","@id":"https:\/\/secure.gravatar.com\/avatar\/71f2fa71737ad68a84fea94bc708ddac8ea5b0c4788dc2ad202f3ccb2887742f?s=96&d=wp_user_avatar&r=g","url":"https:\/\/secure.gravatar.com\/avatar\/71f2fa71737ad68a84fea94bc708ddac8ea5b0c4788dc2ad202f3ccb2887742f?s=96&d=wp_user_avatar&r=g","contentUrl":"https:\/\/secure.gravatar.com\/avatar\/71f2fa71737ad68a84fea94bc708ddac8ea5b0c4788dc2ad202f3ccb2887742f?s=96&d=wp_user_avatar&r=g","caption":"Reda\u00e7\u00e3o JO"},"url":"https:\/\/jornaldasoficinas.com\/pt\/author\/joredacao\/"}]}},"_links":{"self":[{"href":"https:\/\/jornaldasoficinas.com\/pt\/wp-json\/wp\/v2\/posts\/65518","targetHints":{"allow":["GET"]}}],"collection":[{"href":"https:\/\/jornaldasoficinas.com\/pt\/wp-json\/wp\/v2\/posts"}],"about":[{"href":"https:\/\/jornaldasoficinas.com\/pt\/wp-json\/wp\/v2\/types\/post"}],"author":[{"embeddable":true,"href":"https:\/\/jornaldasoficinas.com\/pt\/wp-json\/wp\/v2\/users\/15"}],"replies":[{"embeddable":true,"href":"https:\/\/jornaldasoficinas.com\/pt\/wp-json\/wp\/v2\/comments?post=65518"}],"version-history":[{"count":0,"href":"https:\/\/jornaldasoficinas.com\/pt\/wp-json\/wp\/v2\/posts\/65518\/revisions"}],"wp:featuredmedia":[{"embeddable":true,"href":"https:\/\/jornaldasoficinas.com\/pt\/wp-json\/wp\/v2\/media\/65516"}],"wp:attachment":[{"href":"https:\/\/jornaldasoficinas.com\/pt\/wp-json\/wp\/v2\/media?parent=65518"}],"wp:term":[{"taxonomy":"category","embeddable":true,"href":"https:\/\/jornaldasoficinas.com\/pt\/wp-json\/wp\/v2\/categories?post=65518"},{"taxonomy":"post_tag","embeddable":true,"href":"https:\/\/jornaldasoficinas.com\/pt\/wp-json\/wp\/v2\/tags?post=65518"}],"curies":[{"name":"wp","href":"https:\/\/api.w.org\/{rel}","templated":true}]}}